{"id":39779,"date":"2020-11-15T08:56:54","date_gmt":"2020-11-15T11:56:54","guid":{"rendered":"https:\/\/regiaonews.net.br\/2022\/?p=39779"},"modified":"2020-11-15T10:54:04","modified_gmt":"2020-11-15T13:54:04","slug":"presidente-da-festa-do-peao-de-barretos-fala-sobre-desafios-e-renovacao-do-setor-de-eventos-no-v-congresso-brasileiro-dos-promotores-de-eventos","status":"publish","type":"post","link":"https:\/\/regiaonews.net.br\/2022\/2020\/11\/15\/presidente-da-festa-do-peao-de-barretos-fala-sobre-desafios-e-renovacao-do-setor-de-eventos-no-v-congresso-brasileiro-dos-promotores-de-eventos\/","title":{"rendered":"Presidente da Festa do Pe\u00e3o de Barretos fala sobre desafios e renova\u00e7\u00e3o do setor de eventos"},"content":{"rendered":"<p><a href=\"https:\/\/regiaonews.net.br\/2022\/wp-content\/uploads\/2019\/11\/jer\u00f4nimo-muzetti-reveillon.jpg\"><img loading=\"lazy\" decoding=\"async\" class=\"alignnone size-medium wp-image-24997\" src=\"https:\/\/regiaonews.net.br\/2022\/wp-content\/uploads\/2019\/11\/jer\u00f4nimo-muzetti-reveillon-300x200.jpg\" alt=\"\" width=\"300\" height=\"200\" \/><\/a><\/p>\n<p><em>Jeronimo Luiz Muzetti ser\u00e1 um dos participantes do painel &#8220;Grandes espet\u00e1culos e grandes desafios em meio a pandemia&#8221;, que acontecer\u00e1 na quarta-feira (18\/11), das 09h30 \u00e0s 11h00, no Audit\u00f3rio Ibirapuera &#8211; Oscar Niemeyer, em S\u00e3o Paulo<\/em><\/p>\n<p>O presidente de Os Independentes, Jeronimo Luiz Muzetti, ser\u00e1 um dos palestrantes do V Congresso Brasileiro dos Promotores de Eventos, promovido pela ABRAPE (Associa\u00e7\u00e3o Brasileira dos Promotores de Eventos), que acontecer\u00e1 entre os dias 17 e 18 de novembro, no Audit\u00f3rio Ibirapuera &#8211; Oscar Niemeyer, em S\u00e3o Paulo.<\/p>\n<p>O dirigente da associa\u00e7\u00e3o respons\u00e1vel pela organiza\u00e7\u00e3o da Festa do Pe\u00e3o de Boiadeiro de Barretos ir\u00e1 compor o painel &#8220;Grandes espet\u00e1culos e grandes desafios em meio a pandemia&#8221;, na quarta-feira, 18, das 09h30 \u00e0s 11h00. O objetivo \u00e9 debater o cen\u00e1rio de retomada do setor, impactado pela crise do novo coronav\u00edrus.<\/p>\n<p>O encontro reunir\u00e1 grandes nomes do show business para discutir diversos assuntos relacionados a toda a cadeia produtiva de eventos do Brasil.<\/p>\n<p>De acordo com a ABRAPE, o setor de cultura e entretenimento abrange cerca de 60 mil empresas no pa\u00eds, gera mais de 2 milh\u00f5es de empregos diretos e indiretos, mobilizando aproximadamente 4 milh\u00f5es de trabalhadores informais e representa 4,32% do PIB. Al\u00e9m disso, recolhe anualmente aproximadamente R$ 48 bilh\u00f5es em impostos.<\/p>\n<p>O presidente de Os Independentes, que realiza outros grandes eventos como o Barretos Motorcycles e o Insane Sound, afirma que o Congresso \u00e9 de suma importante para a retomada e fortalecimento do setor, que foi um dos mais impactados pelas restri\u00e7\u00f5es necess\u00e1rias em raz\u00e3o da pandemia.<\/p>\n<p>&#8220;Esse ano foi marcado por medidas excepcionais que tomamos ap\u00f3s uma minuciosa an\u00e1lise do cen\u00e1rio geral causado pela pandemia, principalmente, para manter a seguran\u00e7a total do p\u00fablico, profissionais, artistas e colaboradores. \u00c9 importante debater e planejar o setor para superar esse momento dif\u00edcil causado pela prolifera\u00e7\u00e3o do novo coronav\u00edrus&#8221;, afirma Muzetti. A Festa do Pe\u00e3o de Barretos movimenta, sozinha, mais de R\ufe69 900 milh\u00f5es, segundo estudo da Secretaria de Turismo do Estado de S\u00e3o Paulo.<\/p>\n<p><strong>Festa do Pe\u00e3o de Barretos<\/strong><\/p>\n<p>A 65\u00aa Festa do Pe\u00e3o de Barretos foi transferida para o per\u00edodo de 19 a 29 de agosto de 2021, em raz\u00e3o da situa\u00e7\u00e3o da pandemia. Em 2020, a organiza\u00e7\u00e3o, por medidas de seguran\u00e7a devido a pandemia da Covid-19, promoveu as lives #BarretosPraSEmpre com transmiss\u00e3o pelo Youtube, com shows do embaixador Gusttavo Lima e convidados, montarias em cavalo e touro.<\/p>\n<p>&nbsp;<\/p>\n","protected":false},"excerpt":{"rendered":"<p>Jeronimo Luiz Muzetti ser\u00e1 um dos participantes do painel &#8220;Grandes<\/p>\n","protected":false},"author":2,"featured_media":24997,"comment_status":"open","ping_status":"open","sticky":false,"template":"","format":"standard","meta":{"footnotes":""},"categories":[14,25,45],"tags":[],"class_list":["post-39779","post","type-post","status-publish","format-standard","has-post-thumbnail","hentry","category-barretos","category-cidades","category-festa-do-peao"],"yoast_head":"<!-- This site is optimized with the Yoast SEO plugin v27.4 - https:\/\/yoast.com\/product\/yoast-seo-wordpress\/ -->\n<title>Presidente da Festa do Pe\u00e3o de Barretos fala sobre desafios e renova\u00e7\u00e3o do setor de eventos - Regi\u00e3o News<\/title>\n<meta name=\"robots\" content=\"index, follow, max-snippet:-1, max-image-preview:large, max-video-preview:-1\" \/>\n<link rel=\"canonical\" href=\"https:\/\/regiaonews.net.br\/2022\/2020\/11\/15\/presidente-da-festa-do-peao-de-barretos-fala-sobre-desafios-e-renovacao-do-setor-de-eventos-no-v-congresso-brasileiro-dos-promotores-de-eventos\/\" \/>\n<meta property=\"og:locale\" content=\"pt_BR\" \/>\n<meta property=\"og:type\" content=\"article\" \/>\n<meta property=\"og:title\" content=\"Presidente da Festa do Pe\u00e3o de Barretos fala sobre desafios e renova\u00e7\u00e3o do setor de eventos - Regi\u00e3o News\" \/>\n<meta property=\"og:description\" content=\"Jeronimo Luiz Muzetti ser\u00e1 um dos participantes do painel &#8220;Grandes\" \/>\n<meta property=\"og:url\" content=\"https:\/\/regiaonews.net.br\/2022\/2020\/11\/15\/presidente-da-festa-do-peao-de-barretos-fala-sobre-desafios-e-renovacao-do-setor-de-eventos-no-v-congresso-brasileiro-dos-promotores-de-eventos\/\" \/>\n<meta property=\"og:site_name\" content=\"Regi\u00e3o News\" \/>\n<meta property=\"article:published_time\" content=\"2020-11-15T11:56:54+00:00\" \/>\n<meta property=\"article:modified_time\" content=\"2020-11-15T13:54:04+00:00\" \/>\n<meta property=\"og:image\" content=\"https:\/\/regiaonews.net.br\/2022\/wp-content\/uploads\/2019\/11\/jer\u00f4nimo-muzetti-reveillon.jpg\" \/>\n\t<meta property=\"og:image:width\" content=\"1280\" \/>\n\t<meta property=\"og:image:height\" content=\"853\" \/>\n\t<meta property=\"og:image:type\" content=\"image\/jpeg\" \/>\n<meta name=\"author\" content=\"Roberto\" \/>\n<meta name=\"twitter:card\" content=\"summary_large_image\" \/>\n<meta name=\"twitter:label1\" content=\"Escrito por\" \/>\n\t<meta name=\"twitter:data1\" content=\"Roberto\" \/>\n\t<meta name=\"twitter:label2\" content=\"Est. tempo de leitura\" \/>\n\t<meta name=\"twitter:data2\" content=\"2 minutos\" \/>\n<script type=\"application\/ld+json\" class=\"yoast-schema-graph\">{\"@context\":\"https:\\\/\\\/schema.org\",\"@graph\":[{\"@type\":\"Article\",\"@id\":\"https:\\\/\\\/regiaonews.net.br\\\/2022\\\/2020\\\/11\\\/15\\\/presidente-da-festa-do-peao-de-barretos-fala-sobre-desafios-e-renovacao-do-setor-de-eventos-no-v-congresso-brasileiro-dos-promotores-de-eventos\\\/#article\",\"isPartOf\":{\"@id\":\"https:\\\/\\\/regiaonews.net.br\\\/2022\\\/2020\\\/11\\\/15\\\/presidente-da-festa-do-peao-de-barretos-fala-sobre-desafios-e-renovacao-do-setor-de-eventos-no-v-congresso-brasileiro-dos-promotores-de-eventos\\\/\"},\"author\":{\"name\":\"Roberto\",\"@id\":\"https:\\\/\\\/regiaonews.net.br\\\/2022\\\/#\\\/schema\\\/person\\\/2d205a608a5aa97ac279d7a5e6d89ad8\"},\"headline\":\"Presidente da Festa do Pe\u00e3o de Barretos fala sobre desafios e renova\u00e7\u00e3o do setor de eventos\",\"datePublished\":\"2020-11-15T11:56:54+00:00\",\"dateModified\":\"2020-11-15T13:54:04+00:00\",\"mainEntityOfPage\":{\"@id\":\"https:\\\/\\\/regiaonews.net.br\\\/2022\\\/2020\\\/11\\\/15\\\/presidente-da-festa-do-peao-de-barretos-fala-sobre-desafios-e-renovacao-do-setor-de-eventos-no-v-congresso-brasileiro-dos-promotores-de-eventos\\\/\"},\"wordCount\":435,\"commentCount\":0,\"publisher\":{\"@id\":\"https:\\\/\\\/regiaonews.net.br\\\/2022\\\/#organization\"},\"image\":{\"@id\":\"https:\\\/\\\/regiaonews.net.br\\\/2022\\\/2020\\\/11\\\/15\\\/presidente-da-festa-do-peao-de-barretos-fala-sobre-desafios-e-renovacao-do-setor-de-eventos-no-v-congresso-brasileiro-dos-promotores-de-eventos\\\/#primaryimage\"},\"thumbnailUrl\":\"https:\\\/\\\/regiaonews.net.br\\\/2022\\\/wp-content\\\/uploads\\\/2019\\\/11\\\/jer\u00f4nimo-muzetti-reveillon.jpg\",\"articleSection\":[\"Barretos\",\"Cidades\",\"Festa do Pe\u00e3o\"],\"inLanguage\":\"pt-BR\",\"potentialAction\":[{\"@type\":\"CommentAction\",\"name\":\"Comment\",\"target\":[\"https:\\\/\\\/regiaonews.net.br\\\/2022\\\/2020\\\/11\\\/15\\\/presidente-da-festa-do-peao-de-barretos-fala-sobre-desafios-e-renovacao-do-setor-de-eventos-no-v-congresso-brasileiro-dos-promotores-de-eventos\\\/#respond\"]}]},{\"@type\":\"WebPage\",\"@id\":\"https:\\\/\\\/regiaonews.net.br\\\/2022\\\/2020\\\/11\\\/15\\\/presidente-da-festa-do-peao-de-barretos-fala-sobre-desafios-e-renovacao-do-setor-de-eventos-no-v-congresso-brasileiro-dos-promotores-de-eventos\\\/\",\"url\":\"https:\\\/\\\/regiaonews.net.br\\\/2022\\\/2020\\\/11\\\/15\\\/presidente-da-festa-do-peao-de-barretos-fala-sobre-desafios-e-renovacao-do-setor-de-eventos-no-v-congresso-brasileiro-dos-promotores-de-eventos\\\/\",\"name\":\"Presidente da Festa do Pe\u00e3o de Barretos fala sobre desafios e renova\u00e7\u00e3o do setor de eventos - Regi\u00e3o News\",\"isPartOf\":{\"@id\":\"https:\\\/\\\/regiaonews.net.br\\\/2022\\\/#website\"},\"primaryImageOfPage\":{\"@id\":\"https:\\\/\\\/regiaonews.net.br\\\/2022\\\/2020\\\/11\\\/15\\\/presidente-da-festa-do-peao-de-barretos-fala-sobre-desafios-e-renovacao-do-setor-de-eventos-no-v-congresso-brasileiro-dos-promotores-de-eventos\\\/#primaryimage\"},\"image\":{\"@id\":\"https:\\\/\\\/regiaonews.net.br\\\/2022\\\/2020\\\/11\\\/15\\\/presidente-da-festa-do-peao-de-barretos-fala-sobre-desafios-e-renovacao-do-setor-de-eventos-no-v-congresso-brasileiro-dos-promotores-de-eventos\\\/#primaryimage\"},\"thumbnailUrl\":\"https:\\\/\\\/regiaonews.net.br\\\/2022\\\/wp-content\\\/uploads\\\/2019\\\/11\\\/jer\u00f4nimo-muzetti-reveillon.jpg\",\"datePublished\":\"2020-11-15T11:56:54+00:00\",\"dateModified\":\"2020-11-15T13:54:04+00:00\",\"breadcrumb\":{\"@id\":\"https:\\\/\\\/regiaonews.net.br\\\/2022\\\/2020\\\/11\\\/15\\\/presidente-da-festa-do-peao-de-barretos-fala-sobre-desafios-e-renovacao-do-setor-de-eventos-no-v-congresso-brasileiro-dos-promotores-de-eventos\\\/#breadcrumb\"},\"inLanguage\":\"pt-BR\",\"potentialAction\":[{\"@type\":\"ReadAction\",\"target\":[\"https:\\\/\\\/regiaonews.net.br\\\/2022\\\/2020\\\/11\\\/15\\\/presidente-da-festa-do-peao-de-barretos-fala-sobre-desafios-e-renovacao-do-setor-de-eventos-no-v-congresso-brasileiro-dos-promotores-de-eventos\\\/\"]}]},{\"@type\":\"ImageObject\",\"inLanguage\":\"pt-BR\",\"@id\":\"https:\\\/\\\/regiaonews.net.br\\\/2022\\\/2020\\\/11\\\/15\\\/presidente-da-festa-do-peao-de-barretos-fala-sobre-desafios-e-renovacao-do-setor-de-eventos-no-v-congresso-brasileiro-dos-promotores-de-eventos\\\/#primaryimage\",\"url\":\"https:\\\/\\\/regiaonews.net.br\\\/2022\\\/wp-content\\\/uploads\\\/2019\\\/11\\\/jer\u00f4nimo-muzetti-reveillon.jpg\",\"contentUrl\":\"https:\\\/\\\/regiaonews.net.br\\\/2022\\\/wp-content\\\/uploads\\\/2019\\\/11\\\/jer\u00f4nimo-muzetti-reveillon.jpg\",\"width\":1280,\"height\":853},{\"@type\":\"BreadcrumbList\",\"@id\":\"https:\\\/\\\/regiaonews.net.br\\\/2022\\\/2020\\\/11\\\/15\\\/presidente-da-festa-do-peao-de-barretos-fala-sobre-desafios-e-renovacao-do-setor-de-eventos-no-v-congresso-brasileiro-dos-promotores-de-eventos\\\/#breadcrumb\",\"itemListElement\":[{\"@type\":\"ListItem\",\"position\":1,\"name\":\"In\u00edcio\",\"item\":\"https:\\\/\\\/regiaonews.net.br\\\/2022\\\/\"},{\"@type\":\"ListItem\",\"position\":2,\"name\":\"Presidente da Festa do Pe\u00e3o de Barretos fala sobre desafios e renova\u00e7\u00e3o do setor de eventos\"}]},{\"@type\":\"WebSite\",\"@id\":\"https:\\\/\\\/regiaonews.net.br\\\/2022\\\/#website\",\"url\":\"https:\\\/\\\/regiaonews.net.br\\\/2022\\\/\",\"name\":\"Regi\u00e3o News\",\"description\":\"Site de Not\u00edcias de Barretos e regi\u00e3o\",\"publisher\":{\"@id\":\"https:\\\/\\\/regiaonews.net.br\\\/2022\\\/#organization\"},\"potentialAction\":[{\"@type\":\"SearchAction\",\"target\":{\"@type\":\"EntryPoint\",\"urlTemplate\":\"https:\\\/\\\/regiaonews.net.br\\\/2022\\\/?s={search_term_string}\"},\"query-input\":{\"@type\":\"PropertyValueSpecification\",\"valueRequired\":true,\"valueName\":\"search_term_string\"}}],\"inLanguage\":\"pt-BR\"},{\"@type\":\"Organization\",\"@id\":\"https:\\\/\\\/regiaonews.net.br\\\/2022\\\/#organization\",\"name\":\"Regi\u00e3o News\",\"url\":\"https:\\\/\\\/regiaonews.net.br\\\/2022\\\/\",\"logo\":{\"@type\":\"ImageObject\",\"inLanguage\":\"pt-BR\",\"@id\":\"https:\\\/\\\/regiaonews.net.br\\\/2022\\\/#\\\/schema\\\/logo\\\/image\\\/\",\"url\":\"https:\\\/\\\/regiaonews.net.br\\\/2022\\\/wp-content\\\/uploads\\\/2026\\\/03\\\/regiao-13-anos-scaled.jpg\",\"contentUrl\":\"https:\\\/\\\/regiaonews.net.br\\\/2022\\\/wp-content\\\/uploads\\\/2026\\\/03\\\/regiao-13-anos-scaled.jpg\",\"width\":2560,\"height\":635,\"caption\":\"Regi\u00e3o News\"},\"image\":{\"@id\":\"https:\\\/\\\/regiaonews.net.br\\\/2022\\\/#\\\/schema\\\/logo\\\/image\\\/\"}},{\"@type\":\"Person\",\"@id\":\"https:\\\/\\\/regiaonews.net.br\\\/2022\\\/#\\\/schema\\\/person\\\/2d205a608a5aa97ac279d7a5e6d89ad8\",\"name\":\"Roberto\",\"image\":{\"@type\":\"ImageObject\",\"inLanguage\":\"pt-BR\",\"@id\":\"https:\\\/\\\/secure.gravatar.com\\\/avatar\\\/42749d8b712ff9d59ca93dc150494e5b55a44134482993f5baeb97e61b7ecc89?s=96&d=mm&r=g\",\"url\":\"https:\\\/\\\/secure.gravatar.com\\\/avatar\\\/42749d8b712ff9d59ca93dc150494e5b55a44134482993f5baeb97e61b7ecc89?s=96&d=mm&r=g\",\"contentUrl\":\"https:\\\/\\\/secure.gravatar.com\\\/avatar\\\/42749d8b712ff9d59ca93dc150494e5b55a44134482993f5baeb97e61b7ecc89?s=96&d=mm&r=g\",\"caption\":\"Roberto\"},\"url\":\"https:\\\/\\\/regiaonews.net.br\\\/2022\\\/author\\\/roberto\\\/\"}]}<\/script>\n<!-- \/ Yoast SEO plugin. -->","yoast_head_json":{"title":"Presidente da Festa do Pe\u00e3o de Barretos fala sobre desafios e renova\u00e7\u00e3o do setor de eventos - Regi\u00e3o News","robots":{"index":"index","follow":"follow","max-snippet":"max-snippet:-1","max-image-preview":"max-image-preview:large","max-video-preview":"max-video-preview:-1"},"canonical":"https:\/\/regiaonews.net.br\/2022\/2020\/11\/15\/presidente-da-festa-do-peao-de-barretos-fala-sobre-desafios-e-renovacao-do-setor-de-eventos-no-v-congresso-brasileiro-dos-promotores-de-eventos\/","og_locale":"pt_BR","og_type":"article","og_title":"Presidente da Festa do Pe\u00e3o de Barretos fala sobre desafios e renova\u00e7\u00e3o do setor de eventos - Regi\u00e3o News","og_description":"Jeronimo Luiz Muzetti ser\u00e1 um dos participantes do painel &#8220;Grandes","og_url":"https:\/\/regiaonews.net.br\/2022\/2020\/11\/15\/presidente-da-festa-do-peao-de-barretos-fala-sobre-desafios-e-renovacao-do-setor-de-eventos-no-v-congresso-brasileiro-dos-promotores-de-eventos\/","og_site_name":"Regi\u00e3o News","article_published_time":"2020-11-15T11:56:54+00:00","article_modified_time":"2020-11-15T13:54:04+00:00","og_image":[{"width":1280,"height":853,"url":"https:\/\/regiaonews.net.br\/2022\/wp-content\/uploads\/2019\/11\/jer\u00f4nimo-muzetti-reveillon.jpg","type":"image\/jpeg"}],"author":"Roberto","twitter_card":"summary_large_image","twitter_misc":{"Escrito por":"Roberto","Est. tempo de leitura":"2 minutos"},"schema":{"@context":"https:\/\/schema.org","@graph":[{"@type":"Article","@id":"https:\/\/regiaonews.net.br\/2022\/2020\/11\/15\/presidente-da-festa-do-peao-de-barretos-fala-sobre-desafios-e-renovacao-do-setor-de-eventos-no-v-congresso-brasileiro-dos-promotores-de-eventos\/#article","isPartOf":{"@id":"https:\/\/regiaonews.net.br\/2022\/2020\/11\/15\/presidente-da-festa-do-peao-de-barretos-fala-sobre-desafios-e-renovacao-do-setor-de-eventos-no-v-congresso-brasileiro-dos-promotores-de-eventos\/"},"author":{"name":"Roberto","@id":"https:\/\/regiaonews.net.br\/2022\/#\/schema\/person\/2d205a608a5aa97ac279d7a5e6d89ad8"},"headline":"Presidente da Festa do Pe\u00e3o de Barretos fala sobre desafios e renova\u00e7\u00e3o do setor de eventos","datePublished":"2020-11-15T11:56:54+00:00","dateModified":"2020-11-15T13:54:04+00:00","mainEntityOfPage":{"@id":"https:\/\/regiaonews.net.br\/2022\/2020\/11\/15\/presidente-da-festa-do-peao-de-barretos-fala-sobre-desafios-e-renovacao-do-setor-de-eventos-no-v-congresso-brasileiro-dos-promotores-de-eventos\/"},"wordCount":435,"commentCount":0,"publisher":{"@id":"https:\/\/regiaonews.net.br\/2022\/#organization"},"image":{"@id":"https:\/\/regiaonews.net.br\/2022\/2020\/11\/15\/presidente-da-festa-do-peao-de-barretos-fala-sobre-desafios-e-renovacao-do-setor-de-eventos-no-v-congresso-brasileiro-dos-promotores-de-eventos\/#primaryimage"},"thumbnailUrl":"https:\/\/regiaonews.net.br\/2022\/wp-content\/uploads\/2019\/11\/jer\u00f4nimo-muzetti-reveillon.jpg","articleSection":["Barretos","Cidades","Festa do Pe\u00e3o"],"inLanguage":"pt-BR","potentialAction":[{"@type":"CommentAction","name":"Comment","target":["https:\/\/regiaonews.net.br\/2022\/2020\/11\/15\/presidente-da-festa-do-peao-de-barretos-fala-sobre-desafios-e-renovacao-do-setor-de-eventos-no-v-congresso-brasileiro-dos-promotores-de-eventos\/#respond"]}]},{"@type":"WebPage","@id":"https:\/\/regiaonews.net.br\/2022\/2020\/11\/15\/presidente-da-festa-do-peao-de-barretos-fala-sobre-desafios-e-renovacao-do-setor-de-eventos-no-v-congresso-brasileiro-dos-promotores-de-eventos\/","url":"https:\/\/regiaonews.net.br\/2022\/2020\/11\/15\/presidente-da-festa-do-peao-de-barretos-fala-sobre-desafios-e-renovacao-do-setor-de-eventos-no-v-congresso-brasileiro-dos-promotores-de-eventos\/","name":"Presidente da Festa do Pe\u00e3o de Barretos fala sobre desafios e renova\u00e7\u00e3o do setor de eventos - Regi\u00e3o News","isPartOf":{"@id":"https:\/\/regiaonews.net.br\/2022\/#website"},"primaryImageOfPage":{"@id":"https:\/\/regiaonews.net.br\/2022\/2020\/11\/15\/presidente-da-festa-do-peao-de-barretos-fala-sobre-desafios-e-renovacao-do-setor-de-eventos-no-v-congresso-brasileiro-dos-promotores-de-eventos\/#primaryimage"},"image":{"@id":"https:\/\/regiaonews.net.br\/2022\/2020\/11\/15\/presidente-da-festa-do-peao-de-barretos-fala-sobre-desafios-e-renovacao-do-setor-de-eventos-no-v-congresso-brasileiro-dos-promotores-de-eventos\/#primaryimage"},"thumbnailUrl":"https:\/\/regiaonews.net.br\/2022\/wp-content\/uploads\/2019\/11\/jer\u00f4nimo-muzetti-reveillon.jpg","datePublished":"2020-11-15T11:56:54+00:00","dateModified":"2020-11-15T13:54:04+00:00","breadcrumb":{"@id":"https:\/\/regiaonews.net.br\/2022\/2020\/11\/15\/presidente-da-festa-do-peao-de-barretos-fala-sobre-desafios-e-renovacao-do-setor-de-eventos-no-v-congresso-brasileiro-dos-promotores-de-eventos\/#breadcrumb"},"inLanguage":"pt-BR","potentialAction":[{"@type":"ReadAction","target":["https:\/\/regiaonews.net.br\/2022\/2020\/11\/15\/presidente-da-festa-do-peao-de-barretos-fala-sobre-desafios-e-renovacao-do-setor-de-eventos-no-v-congresso-brasileiro-dos-promotores-de-eventos\/"]}]},{"@type":"ImageObject","inLanguage":"pt-BR","@id":"https:\/\/regiaonews.net.br\/2022\/2020\/11\/15\/presidente-da-festa-do-peao-de-barretos-fala-sobre-desafios-e-renovacao-do-setor-de-eventos-no-v-congresso-brasileiro-dos-promotores-de-eventos\/#primaryimage","url":"https:\/\/regiaonews.net.br\/2022\/wp-content\/uploads\/2019\/11\/jer\u00f4nimo-muzetti-reveillon.jpg","contentUrl":"https:\/\/regiaonews.net.br\/2022\/wp-content\/uploads\/2019\/11\/jer\u00f4nimo-muzetti-reveillon.jpg","width":1280,"height":853},{"@type":"BreadcrumbList","@id":"https:\/\/regiaonews.net.br\/2022\/2020\/11\/15\/presidente-da-festa-do-peao-de-barretos-fala-sobre-desafios-e-renovacao-do-setor-de-eventos-no-v-congresso-brasileiro-dos-promotores-de-eventos\/#breadcrumb","itemListElement":[{"@type":"ListItem","position":1,"name":"In\u00edcio","item":"https:\/\/regiaonews.net.br\/2022\/"},{"@type":"ListItem","position":2,"name":"Presidente da Festa do Pe\u00e3o de Barretos fala sobre desafios e renova\u00e7\u00e3o do setor de eventos"}]},{"@type":"WebSite","@id":"https:\/\/regiaonews.net.br\/2022\/#website","url":"https:\/\/regiaonews.net.br\/2022\/","name":"Regi\u00e3o News","description":"Site de Not\u00edcias de Barretos e regi\u00e3o","publisher":{"@id":"https:\/\/regiaonews.net.br\/2022\/#organization"},"potentialAction":[{"@type":"SearchAction","target":{"@type":"EntryPoint","urlTemplate":"https:\/\/regiaonews.net.br\/2022\/?s={search_term_string}"},"query-input":{"@type":"PropertyValueSpecification","valueRequired":true,"valueName":"search_term_string"}}],"inLanguage":"pt-BR"},{"@type":"Organization","@id":"https:\/\/regiaonews.net.br\/2022\/#organization","name":"Regi\u00e3o News","url":"https:\/\/regiaonews.net.br\/2022\/","logo":{"@type":"ImageObject","inLanguage":"pt-BR","@id":"https:\/\/regiaonews.net.br\/2022\/#\/schema\/logo\/image\/","url":"https:\/\/regiaonews.net.br\/2022\/wp-content\/uploads\/2026\/03\/regiao-13-anos-scaled.jpg","contentUrl":"https:\/\/regiaonews.net.br\/2022\/wp-content\/uploads\/2026\/03\/regiao-13-anos-scaled.jpg","width":2560,"height":635,"caption":"Regi\u00e3o News"},"image":{"@id":"https:\/\/regiaonews.net.br\/2022\/#\/schema\/logo\/image\/"}},{"@type":"Person","@id":"https:\/\/regiaonews.net.br\/2022\/#\/schema\/person\/2d205a608a5aa97ac279d7a5e6d89ad8","name":"Roberto","image":{"@type":"ImageObject","inLanguage":"pt-BR","@id":"https:\/\/secure.gravatar.com\/avatar\/42749d8b712ff9d59ca93dc150494e5b55a44134482993f5baeb97e61b7ecc89?s=96&d=mm&r=g","url":"https:\/\/secure.gravatar.com\/avatar\/42749d8b712ff9d59ca93dc150494e5b55a44134482993f5baeb97e61b7ecc89?s=96&d=mm&r=g","contentUrl":"https:\/\/secure.gravatar.com\/avatar\/42749d8b712ff9d59ca93dc150494e5b55a44134482993f5baeb97e61b7ecc89?s=96&d=mm&r=g","caption":"Roberto"},"url":"https:\/\/regiaonews.net.br\/2022\/author\/roberto\/"}]}},"publishpress_future_action":{"enabled":false,"date":"2026-05-03 09:33:27","action":"change-status","newStatus":"draft","terms":[],"taxonomy":"category","extraData":[]},"publishpress_future_workflow_manual_trigger":{"enabledWorkflows":[]},"_links":{"self":[{"href":"https:\/\/regiaonews.net.br\/2022\/wp-json\/wp\/v2\/posts\/39779","targetHints":{"allow":["GET"]}}],"collection":[{"href":"https:\/\/regiaonews.net.br\/2022\/wp-json\/wp\/v2\/posts"}],"about":[{"href":"https:\/\/regiaonews.net.br\/2022\/wp-json\/wp\/v2\/types\/post"}],"author":[{"embeddable":true,"href":"https:\/\/regiaonews.net.br\/2022\/wp-json\/wp\/v2\/users\/2"}],"replies":[{"embeddable":true,"href":"https:\/\/regiaonews.net.br\/2022\/wp-json\/wp\/v2\/comments?post=39779"}],"version-history":[{"count":0,"href":"https:\/\/regiaonews.net.br\/2022\/wp-json\/wp\/v2\/posts\/39779\/revisions"}],"wp:featuredmedia":[{"embeddable":true,"href":"https:\/\/regiaonews.net.br\/2022\/wp-json\/wp\/v2\/media\/24997"}],"wp:attachment":[{"href":"https:\/\/regiaonews.net.br\/2022\/wp-json\/wp\/v2\/media?parent=39779"}],"wp:term":[{"taxonomy":"category","embeddable":true,"href":"https:\/\/regiaonews.net.br\/2022\/wp-json\/wp\/v2\/categories?post=39779"},{"taxonomy":"post_tag","embeddable":true,"href":"https:\/\/regiaonews.net.br\/2022\/wp-json\/wp\/v2\/tags?post=39779"}],"curies":[{"name":"wp","href":"https:\/\/api.w.org\/{rel}","templated":true}]}}