{"id":39722,"date":"2020-11-13T15:31:08","date_gmt":"2020-11-13T18:31:08","guid":{"rendered":"https:\/\/regiaonews.net.br\/2022\/?p=39722"},"modified":"2020-11-13T15:40:30","modified_gmt":"2020-11-13T18:40:30","slug":"instituicao-aparecido-savegnago-apresenta-concerto-pedagogico-virtual","status":"publish","type":"post","link":"https:\/\/regiaonews.net.br\/2022\/2020\/11\/13\/instituicao-aparecido-savegnago-apresenta-concerto-pedagogico-virtual\/","title":{"rendered":"Institui\u00e7\u00e3o Aparecido Savegnago apresenta Concerto Pedag\u00f3gico Virtual"},"content":{"rendered":"<p align=\"center\"><a href=\"https:\/\/regiaonews.net.br\/2022\/wp-content\/uploads\/2020\/11\/unnamed.png\"><img loading=\"lazy\" decoding=\"async\" class=\"alignnone size-medium wp-image-39723\" src=\"https:\/\/regiaonews.net.br\/2022\/wp-content\/uploads\/2020\/11\/unnamed-300x125.png\" alt=\"\" width=\"300\" height=\"125\" \/><\/a><\/p>\n<p class=\"xmsonormal\" style=\"margin-bottom: 13.0pt; text-align: center; line-height: 150%;\" align=\"center\"><i><span style=\"font-size: 13.0pt; line-height: 150%; font-family: 'Arial',sans-serif; color: black; background: white;\">O evento, que ser\u00e1 transmitido pelo canal da institui\u00e7\u00e3o no Youtube, na ter\u00e7a-feira (17\/11), a partir das 19 horas, contar\u00e1 com 14 apresenta\u00e7\u00f5es de violino, viola, violoncelo, contrabaixo, viol\u00e3o, flauta, trompa, trompete e trombone <\/span><\/i><\/p>\n<p class=\"xmsonormal\" style=\"margin-bottom: 12.0pt; text-align: justify; line-height: 150%;\"><span style=\"font-size: 12.0pt; line-height: 150%; font-family: 'Arial',sans-serif; color: black; background: white;\">A Institui\u00e7\u00e3o Aparecido Savegnago promove a 3\u00aa edi\u00e7\u00e3o do Concerto Pedag\u00f3gico, na ter\u00e7a-feira (17\/11), a partir das 19 horas, com 14 apresenta\u00e7\u00f5es de violino, viola, violoncelo, contrabaixo, viol\u00e3o, flauta, trompa, trompete e trombone. Neste ano, devido ao quadro provocado pela Covid-19, o evento ser\u00e1 realizado no formato online com transmiss\u00e3o pelo canal da institui\u00e7\u00e3o no Youtube. <\/span><\/p>\n<p class=\"xmsonormal\" style=\"margin-bottom: 12.0pt; text-align: justify; line-height: 150%;\"><span style=\"font-size: 12.0pt; line-height: 150%; font-family: 'Arial',sans-serif; color: black; background: white;\">De acordo com a Dra. Sara Cec\u00edlia Cesca, respons\u00e1vel pela organiza\u00e7\u00e3o pedag\u00f3gica, os shows ser\u00e3o realizados pelos alunos atendidos pelos cursos de m\u00fasica da Institui\u00e7\u00e3o Aparecido Savegnago, que t\u00eam idade entre 8 e 17 anos.<\/span><\/p>\n<p class=\"xmsonormal\" style=\"margin-bottom: 12.0pt; text-align: justify; line-height: 150%;\"><span style=\"font-size: 12.0pt; line-height: 150%; font-family: 'Arial',sans-serif; color: black; background: white;\">&#8220;Ser\u00e3o cerca de 14 apresenta\u00e7\u00f5es que contemplam diferentes forma\u00e7\u00f5es como duetos, trios, quartetos e solos com acompanhamento de piano&#8221;, conta Sara.<\/span><\/p>\n<p class=\"xmsonormal\" style=\"margin-bottom: 12.0pt; text-align: justify; line-height: 150%;\"><span style=\"font-size: 12.0pt; line-height: 150%; font-family: 'Arial',sans-serif; color: black; background: white;\">A respons\u00e1vel pela organiza\u00e7\u00e3o pedag\u00f3gica revela ainda que o repert\u00f3rio ter\u00e1 como destaque m\u00fasicas cl\u00e1ssicas e brasileira, com a participa\u00e7\u00e3o dos professores Marco Antonio Abramo Papa, Jos\u00e9 M\u00e1rio Matsumoto e Paula Naime como correpetidores. <\/span><\/p>\n<p class=\"xmsonormal\" style=\"margin-bottom: 12.0pt; text-align: justify; line-height: 150%;\"><span style=\"font-size: 12.0pt; line-height: 150%; font-family: 'Arial',sans-serif; color: black; background: white;\">&#8220;O repert\u00f3rio traz como destaque obras do compositor Johann Sebastian Bach, al\u00e9m do repert\u00f3rio cl\u00e1ssico e pe\u00e7as folcl\u00f3ricas que consistem no programa pedag\u00f3gico das aulas de instrumento. Haver\u00e1 tamb\u00e9m a execu\u00e7\u00e3o de uma can\u00e7\u00e3o popular brasileira interpretada pelo aluno de viol\u00e3o Jo\u00e3o Pedro Tosi Gomes&#8221;, adianta.<\/span><\/p>\n<p class=\"xmsonormal\" style=\"margin-bottom: 12.0pt; text-align: justify; line-height: 150%;\"><span style=\"font-size: 12.0pt; line-height: 150%; font-family: 'Arial',sans-serif; color: black; background: white;\">A Institui\u00e7\u00e3o Aparecido Savegnago atende cerca 160 alunos, entre crian\u00e7as e adolescentes da cidade de Sert\u00e3ozinho e do distrito de Cruz das Posses, que participam de cursos de violino, violoncelo, viola, contrabaixo, clarinete, flauta, saxofone, trompa, trombone, trompete, viol\u00e3o, teoria da m\u00fasica, canto coral, teatro, dan\u00e7a (bal\u00e9 e jazz), \u00e9tica e cidadania e artes pl\u00e1sticas, al\u00e9m de sa\u00fade da crian\u00e7a, que \u00e9 realizado por uma psic\u00f3loga.<\/span><\/p>\n<p class=\"xmsonormal\" style=\"margin-bottom: 12.0pt; text-align: justify; line-height: 150%;\"><span style=\"font-size: 12.0pt; line-height: 150%; font-family: 'Arial',sans-serif; color: black; background: white;\">Em 2020, a Institui\u00e7\u00e3o Aparecido Savegnago est\u00e1 realizando o Projeto Beija-Flor &#8211; ano 3, que foi aprovado por meio do mecanismo de incentivo fiscal do Programa Nacional de Apoio \u00e0 Cultura, do Governo Federal, via Secretaria Especial da Cultura\/Minist\u00e9rio do Turismo, e que tamb\u00e9m conta com o patroc\u00ednio da Rede Savegnago de Supermercados e da empresa Triex.<\/span><\/p>\n<p class=\"xmsonormal\" style=\"margin-bottom: 12.0pt; text-align: justify; line-height: 150%;\"><b><span style=\"font-size: 12.0pt; line-height: 150%; font-family: 'Arial',sans-serif; color: black; background: white;\">Agenda<\/span><\/b><\/p>\n<p class=\"xmsonormal\" style=\"margin-bottom: 12.0pt; text-align: justify; line-height: 150%;\"><b><span style=\"font-size: 12.0pt; line-height: 150%; font-family: 'Arial',sans-serif; color: black; background: white;\">&#8220;3\u00aa Edi\u00e7\u00e3o do Concerto Pedag\u00f3gico (virtual) da Institui\u00e7\u00e3o Aparecido Savegnago<\/span><\/b><\/p>\n<p class=\"xmsonormal\" style=\"margin-bottom: 12.0pt; text-align: justify; line-height: 150%;\"><b><span style=\"font-size: 12.0pt; line-height: 150%; font-family: 'Arial',sans-serif; color: black; background: white;\">Dia: <\/span><\/b><span style=\"font-size: 12.0pt; line-height: 150%; font-family: 'Arial',sans-serif; color: black; background: white;\">ter\u00e7a-feira (17\/11), a partir das 19 horas<\/span><\/p>\n<p class=\"xmsonormal\" style=\"margin-bottom: 12.0pt; text-align: justify; line-height: 150%;\"><b><span style=\"font-size: 12.0pt; line-height: 150%; font-family: 'Arial',sans-serif; color: black; background: white;\">Atra\u00e7\u00e3o: <\/span><\/b><span style=\"font-size: 12.0pt; line-height: 150%; font-family: 'Arial',sans-serif; color: black; background: white;\">Apresenta\u00e7\u00e3o dos alunos dos cursos de violino, viola, violoncelo, contrabaixo, viol\u00e3o, flauta, trompa, trompete e trombone. <\/span><\/p>\n<p class=\"xmsonormal\" style=\"margin-bottom: 12.0pt; text-align: justify; line-height: 150%;\"><b><span style=\"font-size: 12.0pt; line-height: 150%; font-family: 'Arial',sans-serif; color: black; background: white;\">Local: <\/span><\/b><span style=\"font-size: 12.0pt; line-height: 150%; font-family: 'Arial',sans-serif; color: black; background: white;\">Apresenta\u00e7\u00e3o online pelo canal do Youtube da institui\u00e7\u00e3o no link &#8211; <\/span><u><span style=\"font-size: 12.0pt; line-height: 150%; font-family: 'Arial',sans-serif; color: blue; background: white;\"><a href=\"https:\/\/bit.ly\/326BmE6\" target=\"_blank\" rel=\"noopener noreferrer\">https:\/\/bit.ly\/326BmE6<\/a><\/span><\/u><\/p>\n","protected":false},"excerpt":{"rendered":"<p>O evento, que ser\u00e1 transmitido pelo canal da institui\u00e7\u00e3o no<\/p>\n","protected":false},"author":2,"featured_media":39727,"comment_status":"open","ping_status":"open","sticky":false,"template":"","format":"standard","meta":{"footnotes":""},"categories":[25,30,41],"tags":[],"class_list":["post-39722","post","type-post","status-publish","format-standard","has-post-thumbnail","hentry","category-cidades","category-regiao","category-social"],"yoast_head":"<!-- This site is optimized with the Yoast SEO plugin v27.4 - https:\/\/yoast.com\/product\/yoast-seo-wordpress\/ -->\n<title>Institui\u00e7\u00e3o Aparecido Savegnago apresenta Concerto Pedag\u00f3gico Virtual - Regi\u00e3o News<\/title>\n<meta name=\"robots\" content=\"index, follow, max-snippet:-1, max-image-preview:large, max-video-preview:-1\" \/>\n<link rel=\"canonical\" href=\"https:\/\/regiaonews.net.br\/2022\/2020\/11\/13\/instituicao-aparecido-savegnago-apresenta-concerto-pedagogico-virtual\/\" \/>\n<meta property=\"og:locale\" content=\"pt_BR\" \/>\n<meta property=\"og:type\" content=\"article\" \/>\n<meta property=\"og:title\" content=\"Institui\u00e7\u00e3o Aparecido Savegnago apresenta Concerto Pedag\u00f3gico Virtual - Regi\u00e3o News\" \/>\n<meta property=\"og:description\" content=\"O evento, que ser\u00e1 transmitido pelo canal da institui\u00e7\u00e3o no\" \/>\n<meta property=\"og:url\" content=\"https:\/\/regiaonews.net.br\/2022\/2020\/11\/13\/instituicao-aparecido-savegnago-apresenta-concerto-pedagogico-virtual\/\" \/>\n<meta property=\"og:site_name\" content=\"Regi\u00e3o News\" \/>\n<meta property=\"article:published_time\" content=\"2020-11-13T18:31:08+00:00\" \/>\n<meta property=\"article:modified_time\" content=\"2020-11-13T18:40:30+00:00\" \/>\n<meta property=\"og:image\" content=\"https:\/\/regiaonews.net.br\/2022\/wp-content\/uploads\/2020\/11\/cara-com-violao_1157-8500.jpg\" \/>\n\t<meta property=\"og:image:width\" content=\"626\" \/>\n\t<meta property=\"og:image:height\" content=\"417\" \/>\n\t<meta property=\"og:image:type\" content=\"image\/jpeg\" \/>\n<meta name=\"author\" content=\"Roberto\" \/>\n<meta name=\"twitter:card\" content=\"summary_large_image\" \/>\n<meta name=\"twitter:label1\" content=\"Escrito por\" \/>\n\t<meta name=\"twitter:data1\" content=\"Roberto\" \/>\n\t<meta name=\"twitter:label2\" content=\"Est. tempo de leitura\" \/>\n\t<meta name=\"twitter:data2\" content=\"2 minutos\" \/>\n<script type=\"application\/ld+json\" class=\"yoast-schema-graph\">{\"@context\":\"https:\\\/\\\/schema.org\",\"@graph\":[{\"@type\":\"Article\",\"@id\":\"https:\\\/\\\/regiaonews.net.br\\\/2022\\\/2020\\\/11\\\/13\\\/instituicao-aparecido-savegnago-apresenta-concerto-pedagogico-virtual\\\/#article\",\"isPartOf\":{\"@id\":\"https:\\\/\\\/regiaonews.net.br\\\/2022\\\/2020\\\/11\\\/13\\\/instituicao-aparecido-savegnago-apresenta-concerto-pedagogico-virtual\\\/\"},\"author\":{\"name\":\"Roberto\",\"@id\":\"https:\\\/\\\/regiaonews.net.br\\\/2022\\\/#\\\/schema\\\/person\\\/2d205a608a5aa97ac279d7a5e6d89ad8\"},\"headline\":\"Institui\u00e7\u00e3o Aparecido Savegnago apresenta Concerto Pedag\u00f3gico Virtual\",\"datePublished\":\"2020-11-13T18:31:08+00:00\",\"dateModified\":\"2020-11-13T18:40:30+00:00\",\"mainEntityOfPage\":{\"@id\":\"https:\\\/\\\/regiaonews.net.br\\\/2022\\\/2020\\\/11\\\/13\\\/instituicao-aparecido-savegnago-apresenta-concerto-pedagogico-virtual\\\/\"},\"wordCount\":460,\"commentCount\":0,\"publisher\":{\"@id\":\"https:\\\/\\\/regiaonews.net.br\\\/2022\\\/#organization\"},\"image\":{\"@id\":\"https:\\\/\\\/regiaonews.net.br\\\/2022\\\/2020\\\/11\\\/13\\\/instituicao-aparecido-savegnago-apresenta-concerto-pedagogico-virtual\\\/#primaryimage\"},\"thumbnailUrl\":\"https:\\\/\\\/regiaonews.net.br\\\/2022\\\/wp-content\\\/uploads\\\/2020\\\/11\\\/cara-com-violao_1157-8500.jpg\",\"articleSection\":[\"Cidades\",\"Regi\u00e3o\",\"Social\"],\"inLanguage\":\"pt-BR\",\"potentialAction\":[{\"@type\":\"CommentAction\",\"name\":\"Comment\",\"target\":[\"https:\\\/\\\/regiaonews.net.br\\\/2022\\\/2020\\\/11\\\/13\\\/instituicao-aparecido-savegnago-apresenta-concerto-pedagogico-virtual\\\/#respond\"]}]},{\"@type\":\"WebPage\",\"@id\":\"https:\\\/\\\/regiaonews.net.br\\\/2022\\\/2020\\\/11\\\/13\\\/instituicao-aparecido-savegnago-apresenta-concerto-pedagogico-virtual\\\/\",\"url\":\"https:\\\/\\\/regiaonews.net.br\\\/2022\\\/2020\\\/11\\\/13\\\/instituicao-aparecido-savegnago-apresenta-concerto-pedagogico-virtual\\\/\",\"name\":\"Institui\u00e7\u00e3o Aparecido Savegnago apresenta Concerto Pedag\u00f3gico Virtual - Regi\u00e3o News\",\"isPartOf\":{\"@id\":\"https:\\\/\\\/regiaonews.net.br\\\/2022\\\/#website\"},\"primaryImageOfPage\":{\"@id\":\"https:\\\/\\\/regiaonews.net.br\\\/2022\\\/2020\\\/11\\\/13\\\/instituicao-aparecido-savegnago-apresenta-concerto-pedagogico-virtual\\\/#primaryimage\"},\"image\":{\"@id\":\"https:\\\/\\\/regiaonews.net.br\\\/2022\\\/2020\\\/11\\\/13\\\/instituicao-aparecido-savegnago-apresenta-concerto-pedagogico-virtual\\\/#primaryimage\"},\"thumbnailUrl\":\"https:\\\/\\\/regiaonews.net.br\\\/2022\\\/wp-content\\\/uploads\\\/2020\\\/11\\\/cara-com-violao_1157-8500.jpg\",\"datePublished\":\"2020-11-13T18:31:08+00:00\",\"dateModified\":\"2020-11-13T18:40:30+00:00\",\"breadcrumb\":{\"@id\":\"https:\\\/\\\/regiaonews.net.br\\\/2022\\\/2020\\\/11\\\/13\\\/instituicao-aparecido-savegnago-apresenta-concerto-pedagogico-virtual\\\/#breadcrumb\"},\"inLanguage\":\"pt-BR\",\"potentialAction\":[{\"@type\":\"ReadAction\",\"target\":[\"https:\\\/\\\/regiaonews.net.br\\\/2022\\\/2020\\\/11\\\/13\\\/instituicao-aparecido-savegnago-apresenta-concerto-pedagogico-virtual\\\/\"]}]},{\"@type\":\"ImageObject\",\"inLanguage\":\"pt-BR\",\"@id\":\"https:\\\/\\\/regiaonews.net.br\\\/2022\\\/2020\\\/11\\\/13\\\/instituicao-aparecido-savegnago-apresenta-concerto-pedagogico-virtual\\\/#primaryimage\",\"url\":\"https:\\\/\\\/regiaonews.net.br\\\/2022\\\/wp-content\\\/uploads\\\/2020\\\/11\\\/cara-com-violao_1157-8500.jpg\",\"contentUrl\":\"https:\\\/\\\/regiaonews.net.br\\\/2022\\\/wp-content\\\/uploads\\\/2020\\\/11\\\/cara-com-violao_1157-8500.jpg\",\"width\":626,\"height\":417},{\"@type\":\"BreadcrumbList\",\"@id\":\"https:\\\/\\\/regiaonews.net.br\\\/2022\\\/2020\\\/11\\\/13\\\/instituicao-aparecido-savegnago-apresenta-concerto-pedagogico-virtual\\\/#breadcrumb\",\"itemListElement\":[{\"@type\":\"ListItem\",\"position\":1,\"name\":\"In\u00edcio\",\"item\":\"https:\\\/\\\/regiaonews.net.br\\\/2022\\\/\"},{\"@type\":\"ListItem\",\"position\":2,\"name\":\"Institui\u00e7\u00e3o Aparecido Savegnago apresenta Concerto Pedag\u00f3gico Virtual\"}]},{\"@type\":\"WebSite\",\"@id\":\"https:\\\/\\\/regiaonews.net.br\\\/2022\\\/#website\",\"url\":\"https:\\\/\\\/regiaonews.net.br\\\/2022\\\/\",\"name\":\"Regi\u00e3o News\",\"description\":\"Site de Not\u00edcias de Barretos e regi\u00e3o\",\"publisher\":{\"@id\":\"https:\\\/\\\/regiaonews.net.br\\\/2022\\\/#organization\"},\"potentialAction\":[{\"@type\":\"SearchAction\",\"target\":{\"@type\":\"EntryPoint\",\"urlTemplate\":\"https:\\\/\\\/regiaonews.net.br\\\/2022\\\/?s={search_term_string}\"},\"query-input\":{\"@type\":\"PropertyValueSpecification\",\"valueRequired\":true,\"valueName\":\"search_term_string\"}}],\"inLanguage\":\"pt-BR\"},{\"@type\":\"Organization\",\"@id\":\"https:\\\/\\\/regiaonews.net.br\\\/2022\\\/#organization\",\"name\":\"Regi\u00e3o News\",\"url\":\"https:\\\/\\\/regiaonews.net.br\\\/2022\\\/\",\"logo\":{\"@type\":\"ImageObject\",\"inLanguage\":\"pt-BR\",\"@id\":\"https:\\\/\\\/regiaonews.net.br\\\/2022\\\/#\\\/schema\\\/logo\\\/image\\\/\",\"url\":\"https:\\\/\\\/regiaonews.net.br\\\/2022\\\/wp-content\\\/uploads\\\/2026\\\/03\\\/regiao-13-anos-scaled.jpg\",\"contentUrl\":\"https:\\\/\\\/regiaonews.net.br\\\/2022\\\/wp-content\\\/uploads\\\/2026\\\/03\\\/regiao-13-anos-scaled.jpg\",\"width\":2560,\"height\":635,\"caption\":\"Regi\u00e3o News\"},\"image\":{\"@id\":\"https:\\\/\\\/regiaonews.net.br\\\/2022\\\/#\\\/schema\\\/logo\\\/image\\\/\"}},{\"@type\":\"Person\",\"@id\":\"https:\\\/\\\/regiaonews.net.br\\\/2022\\\/#\\\/schema\\\/person\\\/2d205a608a5aa97ac279d7a5e6d89ad8\",\"name\":\"Roberto\",\"image\":{\"@type\":\"ImageObject\",\"inLanguage\":\"pt-BR\",\"@id\":\"https:\\\/\\\/secure.gravatar.com\\\/avatar\\\/42749d8b712ff9d59ca93dc150494e5b55a44134482993f5baeb97e61b7ecc89?s=96&d=mm&r=g\",\"url\":\"https:\\\/\\\/secure.gravatar.com\\\/avatar\\\/42749d8b712ff9d59ca93dc150494e5b55a44134482993f5baeb97e61b7ecc89?s=96&d=mm&r=g\",\"contentUrl\":\"https:\\\/\\\/secure.gravatar.com\\\/avatar\\\/42749d8b712ff9d59ca93dc150494e5b55a44134482993f5baeb97e61b7ecc89?s=96&d=mm&r=g\",\"caption\":\"Roberto\"},\"url\":\"https:\\\/\\\/regiaonews.net.br\\\/2022\\\/author\\\/roberto\\\/\"}]}<\/script>\n<!-- \/ Yoast SEO plugin. -->","yoast_head_json":{"title":"Institui\u00e7\u00e3o Aparecido Savegnago apresenta Concerto Pedag\u00f3gico Virtual - Regi\u00e3o News","robots":{"index":"index","follow":"follow","max-snippet":"max-snippet:-1","max-image-preview":"max-image-preview:large","max-video-preview":"max-video-preview:-1"},"canonical":"https:\/\/regiaonews.net.br\/2022\/2020\/11\/13\/instituicao-aparecido-savegnago-apresenta-concerto-pedagogico-virtual\/","og_locale":"pt_BR","og_type":"article","og_title":"Institui\u00e7\u00e3o Aparecido Savegnago apresenta Concerto Pedag\u00f3gico Virtual - Regi\u00e3o News","og_description":"O evento, que ser\u00e1 transmitido pelo canal da institui\u00e7\u00e3o no","og_url":"https:\/\/regiaonews.net.br\/2022\/2020\/11\/13\/instituicao-aparecido-savegnago-apresenta-concerto-pedagogico-virtual\/","og_site_name":"Regi\u00e3o News","article_published_time":"2020-11-13T18:31:08+00:00","article_modified_time":"2020-11-13T18:40:30+00:00","og_image":[{"width":626,"height":417,"url":"https:\/\/regiaonews.net.br\/2022\/wp-content\/uploads\/2020\/11\/cara-com-violao_1157-8500.jpg","type":"image\/jpeg"}],"author":"Roberto","twitter_card":"summary_large_image","twitter_misc":{"Escrito por":"Roberto","Est. tempo de leitura":"2 minutos"},"schema":{"@context":"https:\/\/schema.org","@graph":[{"@type":"Article","@id":"https:\/\/regiaonews.net.br\/2022\/2020\/11\/13\/instituicao-aparecido-savegnago-apresenta-concerto-pedagogico-virtual\/#article","isPartOf":{"@id":"https:\/\/regiaonews.net.br\/2022\/2020\/11\/13\/instituicao-aparecido-savegnago-apresenta-concerto-pedagogico-virtual\/"},"author":{"name":"Roberto","@id":"https:\/\/regiaonews.net.br\/2022\/#\/schema\/person\/2d205a608a5aa97ac279d7a5e6d89ad8"},"headline":"Institui\u00e7\u00e3o Aparecido Savegnago apresenta Concerto Pedag\u00f3gico Virtual","datePublished":"2020-11-13T18:31:08+00:00","dateModified":"2020-11-13T18:40:30+00:00","mainEntityOfPage":{"@id":"https:\/\/regiaonews.net.br\/2022\/2020\/11\/13\/instituicao-aparecido-savegnago-apresenta-concerto-pedagogico-virtual\/"},"wordCount":460,"commentCount":0,"publisher":{"@id":"https:\/\/regiaonews.net.br\/2022\/#organization"},"image":{"@id":"https:\/\/regiaonews.net.br\/2022\/2020\/11\/13\/instituicao-aparecido-savegnago-apresenta-concerto-pedagogico-virtual\/#primaryimage"},"thumbnailUrl":"https:\/\/regiaonews.net.br\/2022\/wp-content\/uploads\/2020\/11\/cara-com-violao_1157-8500.jpg","articleSection":["Cidades","Regi\u00e3o","Social"],"inLanguage":"pt-BR","potentialAction":[{"@type":"CommentAction","name":"Comment","target":["https:\/\/regiaonews.net.br\/2022\/2020\/11\/13\/instituicao-aparecido-savegnago-apresenta-concerto-pedagogico-virtual\/#respond"]}]},{"@type":"WebPage","@id":"https:\/\/regiaonews.net.br\/2022\/2020\/11\/13\/instituicao-aparecido-savegnago-apresenta-concerto-pedagogico-virtual\/","url":"https:\/\/regiaonews.net.br\/2022\/2020\/11\/13\/instituicao-aparecido-savegnago-apresenta-concerto-pedagogico-virtual\/","name":"Institui\u00e7\u00e3o Aparecido Savegnago apresenta Concerto Pedag\u00f3gico Virtual - Regi\u00e3o News","isPartOf":{"@id":"https:\/\/regiaonews.net.br\/2022\/#website"},"primaryImageOfPage":{"@id":"https:\/\/regiaonews.net.br\/2022\/2020\/11\/13\/instituicao-aparecido-savegnago-apresenta-concerto-pedagogico-virtual\/#primaryimage"},"image":{"@id":"https:\/\/regiaonews.net.br\/2022\/2020\/11\/13\/instituicao-aparecido-savegnago-apresenta-concerto-pedagogico-virtual\/#primaryimage"},"thumbnailUrl":"https:\/\/regiaonews.net.br\/2022\/wp-content\/uploads\/2020\/11\/cara-com-violao_1157-8500.jpg","datePublished":"2020-11-13T18:31:08+00:00","dateModified":"2020-11-13T18:40:30+00:00","breadcrumb":{"@id":"https:\/\/regiaonews.net.br\/2022\/2020\/11\/13\/instituicao-aparecido-savegnago-apresenta-concerto-pedagogico-virtual\/#breadcrumb"},"inLanguage":"pt-BR","potentialAction":[{"@type":"ReadAction","target":["https:\/\/regiaonews.net.br\/2022\/2020\/11\/13\/instituicao-aparecido-savegnago-apresenta-concerto-pedagogico-virtual\/"]}]},{"@type":"ImageObject","inLanguage":"pt-BR","@id":"https:\/\/regiaonews.net.br\/2022\/2020\/11\/13\/instituicao-aparecido-savegnago-apresenta-concerto-pedagogico-virtual\/#primaryimage","url":"https:\/\/regiaonews.net.br\/2022\/wp-content\/uploads\/2020\/11\/cara-com-violao_1157-8500.jpg","contentUrl":"https:\/\/regiaonews.net.br\/2022\/wp-content\/uploads\/2020\/11\/cara-com-violao_1157-8500.jpg","width":626,"height":417},{"@type":"BreadcrumbList","@id":"https:\/\/regiaonews.net.br\/2022\/2020\/11\/13\/instituicao-aparecido-savegnago-apresenta-concerto-pedagogico-virtual\/#breadcrumb","itemListElement":[{"@type":"ListItem","position":1,"name":"In\u00edcio","item":"https:\/\/regiaonews.net.br\/2022\/"},{"@type":"ListItem","position":2,"name":"Institui\u00e7\u00e3o Aparecido Savegnago apresenta Concerto Pedag\u00f3gico Virtual"}]},{"@type":"WebSite","@id":"https:\/\/regiaonews.net.br\/2022\/#website","url":"https:\/\/regiaonews.net.br\/2022\/","name":"Regi\u00e3o News","description":"Site de Not\u00edcias de Barretos e regi\u00e3o","publisher":{"@id":"https:\/\/regiaonews.net.br\/2022\/#organization"},"potentialAction":[{"@type":"SearchAction","target":{"@type":"EntryPoint","urlTemplate":"https:\/\/regiaonews.net.br\/2022\/?s={search_term_string}"},"query-input":{"@type":"PropertyValueSpecification","valueRequired":true,"valueName":"search_term_string"}}],"inLanguage":"pt-BR"},{"@type":"Organization","@id":"https:\/\/regiaonews.net.br\/2022\/#organization","name":"Regi\u00e3o News","url":"https:\/\/regiaonews.net.br\/2022\/","logo":{"@type":"ImageObject","inLanguage":"pt-BR","@id":"https:\/\/regiaonews.net.br\/2022\/#\/schema\/logo\/image\/","url":"https:\/\/regiaonews.net.br\/2022\/wp-content\/uploads\/2026\/03\/regiao-13-anos-scaled.jpg","contentUrl":"https:\/\/regiaonews.net.br\/2022\/wp-content\/uploads\/2026\/03\/regiao-13-anos-scaled.jpg","width":2560,"height":635,"caption":"Regi\u00e3o News"},"image":{"@id":"https:\/\/regiaonews.net.br\/2022\/#\/schema\/logo\/image\/"}},{"@type":"Person","@id":"https:\/\/regiaonews.net.br\/2022\/#\/schema\/person\/2d205a608a5aa97ac279d7a5e6d89ad8","name":"Roberto","image":{"@type":"ImageObject","inLanguage":"pt-BR","@id":"https:\/\/secure.gravatar.com\/avatar\/42749d8b712ff9d59ca93dc150494e5b55a44134482993f5baeb97e61b7ecc89?s=96&d=mm&r=g","url":"https:\/\/secure.gravatar.com\/avatar\/42749d8b712ff9d59ca93dc150494e5b55a44134482993f5baeb97e61b7ecc89?s=96&d=mm&r=g","contentUrl":"https:\/\/secure.gravatar.com\/avatar\/42749d8b712ff9d59ca93dc150494e5b55a44134482993f5baeb97e61b7ecc89?s=96&d=mm&r=g","caption":"Roberto"},"url":"https:\/\/regiaonews.net.br\/2022\/author\/roberto\/"}]}},"publishpress_future_action":{"enabled":false,"date":"2026-05-02 02:43:23","action":"change-status","newStatus":"draft","terms":[],"taxonomy":"category","extraData":[]},"publishpress_future_workflow_manual_trigger":{"enabledWorkflows":[]},"_links":{"self":[{"href":"https:\/\/regiaonews.net.br\/2022\/wp-json\/wp\/v2\/posts\/39722","targetHints":{"allow":["GET"]}}],"collection":[{"href":"https:\/\/regiaonews.net.br\/2022\/wp-json\/wp\/v2\/posts"}],"about":[{"href":"https:\/\/regiaonews.net.br\/2022\/wp-json\/wp\/v2\/types\/post"}],"author":[{"embeddable":true,"href":"https:\/\/regiaonews.net.br\/2022\/wp-json\/wp\/v2\/users\/2"}],"replies":[{"embeddable":true,"href":"https:\/\/regiaonews.net.br\/2022\/wp-json\/wp\/v2\/comments?post=39722"}],"version-history":[{"count":0,"href":"https:\/\/regiaonews.net.br\/2022\/wp-json\/wp\/v2\/posts\/39722\/revisions"}],"wp:featuredmedia":[{"embeddable":true,"href":"https:\/\/regiaonews.net.br\/2022\/wp-json\/wp\/v2\/media\/39727"}],"wp:attachment":[{"href":"https:\/\/regiaonews.net.br\/2022\/wp-json\/wp\/v2\/media?parent=39722"}],"wp:term":[{"taxonomy":"category","embeddable":true,"href":"https:\/\/regiaonews.net.br\/2022\/wp-json\/wp\/v2\/categories?post=39722"},{"taxonomy":"post_tag","embeddable":true,"href":"https:\/\/regiaonews.net.br\/2022\/wp-json\/wp\/v2\/tags?post=39722"}],"curies":[{"name":"wp","href":"https:\/\/api.w.org\/{rel}","templated":true}]}}