{"id":39716,"date":"2020-11-13T10:17:31","date_gmt":"2020-11-13T13:17:31","guid":{"rendered":"https:\/\/regiaonews.net.br\/2022\/?p=39716"},"modified":"2020-11-13T10:17:31","modified_gmt":"2020-11-13T13:17:31","slug":"policias-de-sao-paulo-terao-esquema-especial-para-as-eleicoes-2020","status":"publish","type":"post","link":"https:\/\/regiaonews.net.br\/2022\/2020\/11\/13\/policias-de-sao-paulo-terao-esquema-especial-para-as-eleicoes-2020\/","title":{"rendered":"POL\u00cdCIAS DE S\u00c3O PAULO TER\u00c3O ESQUEMA ESPECIAL PARA AS ELEI\u00c7\u00d5ES 2020"},"content":{"rendered":"<div>\n<h2 class=\"titulopreto ng-binding\">Com o uso de drones e tropas especializadas, mais de 70 mil policiais civis e militares refor\u00e7ar\u00e3o o patrulhamento para garantir o voto e a tranquilidade dos eleitores em todo o Estado<\/h2>\n<p><center><\/p>\n<h2 class=\"titulopreto ng-binding\"><\/h2>\n<p><\/center><\/div>\n<div id=\"notCorpo\" class=\"ng-binding\">\n<div>As pol\u00edcias Civil e Militar de S\u00e3o Paulo deflagram, a partir deste s\u00e1bado (14), a Opera\u00e7\u00e3o Elei\u00e7\u00f5es 2020, um esquema especial de policiamento e atua\u00e7\u00e3o em delegacias para garantir a seguran\u00e7a da popula\u00e7\u00e3o e a legitimidade das elei\u00e7\u00f5es para a escolha de prefeitos e vereadores em todo o Estado.<\/div>\n<div><\/div>\n<div>J\u00e1 no primeiro dia da Opera\u00e7\u00e3o Elei\u00e7\u00f5es 2020, a PM intensificar\u00e1 o policiamento com 30.600 PMs. No domingo, ser\u00e3o cerca de 70 mil homens e mulheres empenhados, com a mobiliza\u00e7\u00e3o de tropas do Comando de Policiamento de Choque (CPChq) para atuar na Capital e Baixada Santista (Guaruj\u00e1 e S\u00e3o Vicente). O efetivo ter\u00e1 o apoio de 17.652 viaturas de quatro rodas e outras 1.158 de duas rodas, 146 cavalos, 24 aeronaves e 24 drones para garantir a seguran\u00e7a e tranquilidade dos eleitores em todos os locais de vota\u00e7\u00e3o, cart\u00f3rios e demais pontos relacionados \u00e0s elei\u00e7\u00f5es.<\/div>\n<div><\/div>\n<div>Nesta sexta-feira (13), os PMs j\u00e1 est\u00e3o trabalhando na seguran\u00e7a das urnas eletr\u00f4nicas e realizando a escolta desses equipamentos at\u00e9 os locais de vota\u00e7\u00e3o. Ap\u00f3s o t\u00e9rmino das elei\u00e7\u00f5es, esses profissionais continuar\u00e3o prestando apoio ao Tribunal Regional Eleitoral (TRE).<\/div>\n<div><\/div>\n<div>As unidades da Pol\u00edcia Civil em todo o Estado, incluindo os plant\u00f5es policiais, contar\u00e3o com refor\u00e7o de agentes durante o fim de semana das elei\u00e7\u00f5es. Em alguns casos, os trabalhos ser\u00e3o realizados em conjunto com a Pol\u00edcia Federal, como ocorrer\u00e1 em Ara\u00e7atuba. Na cidade, a Divis\u00e3o Especializada de Investiga\u00e7\u00f5es Criminais (Deic) e a PF ir\u00e3o realizar fiscaliza\u00e7\u00e3o da pr\u00e1tica de infra\u00e7\u00f5es eleitorais, inclusive com o uso de drones.<\/div>\n<div><b>\u00a0<\/b><\/div>\n<div><b>Lei Seca<\/b><\/div>\n<div><b>\u00a0<\/b><\/div>\n<div>O Estado de S\u00e3o Paulo n\u00e3o ter\u00e1 restri\u00e7\u00f5es ao consumo e \u00e0 comercializa\u00e7\u00e3o de bebidas alco\u00f3licas nos dias de pleito. Entretanto, a pol\u00edcia paulista continuar\u00e1 realizando pontos de bloqueio para a fiscaliza\u00e7\u00e3o da Lei Seca no tr\u00e2nsito, podendo autuar motoristas por consumo de \u00e1lcool, recusa ao teste do baf\u00f4metro ou por dirigir embriagado ou sob o efeito de \u00e1lcool.<\/div>\n<div><b>\u00a0<\/b><\/div>\n<div><b>Fique atento!<\/b><\/div>\n<div><b>\u00a0<\/b><\/div>\n<div>Na hora de votar \u00e9 preciso ter aten\u00e7\u00e3o ao protocolo sanit\u00e1rio estabelecido pelo Tribunal Regional Eleitoral (TRE), o qual torna obrigat\u00f3rio o uso de m\u00e1scaras de prote\u00e7\u00e3o para ingresso nas se\u00e7\u00f5es eleitorais. Outra recomenda\u00e7\u00e3o \u00e9 o cuidado de levar uma caneta pessoal para assinar o caderno de vota\u00e7\u00e3o e manter uma dist\u00e2ncia segura em rela\u00e7\u00e3o a outros eleitores ou pessoas presentes.<\/div>\n<div>\n<div class=\"col-lg-12 col-md-12 col-sm-12 col-xs-12 rightText espacovertical\"><span class=\"ng-binding\">Assessoria de Imprensa e Comunica\u00e7\u00e3o da Secretaria da Seguran\u00e7a P\u00fablica<\/span><\/div>\n<\/div>\n<\/div>\n<div><\/div>\n<div>\n<div class=\"col-lg-12 col-md-12 col-sm-12 col-xs-12 rightText espacovertical\"><span class=\"ng-binding\">Assessoria de Imprensa e Comunica\u00e7\u00e3o da Secretaria da Seguran\u00e7a P\u00fablica<\/span><\/div>\n<\/div>\n","protected":false},"excerpt":{"rendered":"<p>Com o uso de drones e tropas especializadas, mais de<\/p>\n","protected":false},"author":2,"featured_media":37718,"comment_status":"open","ping_status":"open","sticky":false,"template":"","format":"standard","meta":{"footnotes":""},"categories":[25,52,7],"tags":[],"class_list":["post-39716","post","type-post","status-publish","format-standard","has-post-thumbnail","hentry","category-cidades","category-eleicoes","category-estado-de-sao-paulo"],"yoast_head":"<!-- This site is optimized with the Yoast SEO plugin v27.4 - https:\/\/yoast.com\/product\/yoast-seo-wordpress\/ -->\n<title>POL\u00cdCIAS DE S\u00c3O PAULO TER\u00c3O ESQUEMA ESPECIAL PARA AS ELEI\u00c7\u00d5ES 2020 - Regi\u00e3o News<\/title>\n<meta name=\"robots\" content=\"index, follow, max-snippet:-1, max-image-preview:large, max-video-preview:-1\" \/>\n<link rel=\"canonical\" href=\"https:\/\/regiaonews.net.br\/2022\/2020\/11\/13\/policias-de-sao-paulo-terao-esquema-especial-para-as-eleicoes-2020\/\" \/>\n<meta property=\"og:locale\" content=\"pt_BR\" \/>\n<meta property=\"og:type\" content=\"article\" \/>\n<meta property=\"og:title\" content=\"POL\u00cdCIAS DE S\u00c3O PAULO TER\u00c3O ESQUEMA ESPECIAL PARA AS ELEI\u00c7\u00d5ES 2020 - Regi\u00e3o News\" \/>\n<meta property=\"og:description\" content=\"Com o uso de drones e tropas especializadas, mais de\" \/>\n<meta property=\"og:url\" content=\"https:\/\/regiaonews.net.br\/2022\/2020\/11\/13\/policias-de-sao-paulo-terao-esquema-especial-para-as-eleicoes-2020\/\" \/>\n<meta property=\"og:site_name\" content=\"Regi\u00e3o News\" \/>\n<meta property=\"article:published_time\" content=\"2020-11-13T13:17:31+00:00\" \/>\n<meta property=\"og:image\" content=\"https:\/\/regiaonews.net.br\/2022\/wp-content\/uploads\/2020\/09\/policia-militar-brasil-sao-paulo-bandeiras-de-mesa-panoplia-scaled.jpg\" \/>\n\t<meta property=\"og:image:width\" content=\"4096\" \/>\n\t<meta property=\"og:image:height\" content=\"3072\" \/>\n\t<meta property=\"og:image:type\" content=\"image\/jpeg\" \/>\n<meta name=\"author\" content=\"Roberto\" \/>\n<meta name=\"twitter:card\" content=\"summary_large_image\" \/>\n<meta name=\"twitter:label1\" content=\"Escrito por\" \/>\n\t<meta name=\"twitter:data1\" content=\"Roberto\" \/>\n\t<meta name=\"twitter:label2\" content=\"Est. tempo de leitura\" \/>\n\t<meta name=\"twitter:data2\" content=\"2 minutos\" \/>\n<script type=\"application\/ld+json\" class=\"yoast-schema-graph\">{\"@context\":\"https:\\\/\\\/schema.org\",\"@graph\":[{\"@type\":\"Article\",\"@id\":\"https:\\\/\\\/regiaonews.net.br\\\/2022\\\/2020\\\/11\\\/13\\\/policias-de-sao-paulo-terao-esquema-especial-para-as-eleicoes-2020\\\/#article\",\"isPartOf\":{\"@id\":\"https:\\\/\\\/regiaonews.net.br\\\/2022\\\/2020\\\/11\\\/13\\\/policias-de-sao-paulo-terao-esquema-especial-para-as-eleicoes-2020\\\/\"},\"author\":{\"name\":\"Roberto\",\"@id\":\"https:\\\/\\\/regiaonews.net.br\\\/2022\\\/#\\\/schema\\\/person\\\/2d205a608a5aa97ac279d7a5e6d89ad8\"},\"headline\":\"POL\u00cdCIAS DE S\u00c3O PAULO TER\u00c3O ESQUEMA ESPECIAL PARA AS ELEI\u00c7\u00d5ES 2020\",\"datePublished\":\"2020-11-13T13:17:31+00:00\",\"mainEntityOfPage\":{\"@id\":\"https:\\\/\\\/regiaonews.net.br\\\/2022\\\/2020\\\/11\\\/13\\\/policias-de-sao-paulo-terao-esquema-especial-para-as-eleicoes-2020\\\/\"},\"wordCount\":493,\"commentCount\":0,\"publisher\":{\"@id\":\"https:\\\/\\\/regiaonews.net.br\\\/2022\\\/#organization\"},\"image\":{\"@id\":\"https:\\\/\\\/regiaonews.net.br\\\/2022\\\/2020\\\/11\\\/13\\\/policias-de-sao-paulo-terao-esquema-especial-para-as-eleicoes-2020\\\/#primaryimage\"},\"thumbnailUrl\":\"https:\\\/\\\/regiaonews.net.br\\\/2022\\\/wp-content\\\/uploads\\\/2020\\\/09\\\/policia-militar-brasil-sao-paulo-bandeiras-de-mesa-panoplia-scaled.jpg\",\"articleSection\":[\"Cidades\",\"Elei\u00e7\u00f5es\",\"Estado de S\u00e3o Paulo\"],\"inLanguage\":\"pt-BR\",\"potentialAction\":[{\"@type\":\"CommentAction\",\"name\":\"Comment\",\"target\":[\"https:\\\/\\\/regiaonews.net.br\\\/2022\\\/2020\\\/11\\\/13\\\/policias-de-sao-paulo-terao-esquema-especial-para-as-eleicoes-2020\\\/#respond\"]}]},{\"@type\":\"WebPage\",\"@id\":\"https:\\\/\\\/regiaonews.net.br\\\/2022\\\/2020\\\/11\\\/13\\\/policias-de-sao-paulo-terao-esquema-especial-para-as-eleicoes-2020\\\/\",\"url\":\"https:\\\/\\\/regiaonews.net.br\\\/2022\\\/2020\\\/11\\\/13\\\/policias-de-sao-paulo-terao-esquema-especial-para-as-eleicoes-2020\\\/\",\"name\":\"POL\u00cdCIAS DE S\u00c3O PAULO TER\u00c3O ESQUEMA ESPECIAL PARA AS ELEI\u00c7\u00d5ES 2020 - Regi\u00e3o News\",\"isPartOf\":{\"@id\":\"https:\\\/\\\/regiaonews.net.br\\\/2022\\\/#website\"},\"primaryImageOfPage\":{\"@id\":\"https:\\\/\\\/regiaonews.net.br\\\/2022\\\/2020\\\/11\\\/13\\\/policias-de-sao-paulo-terao-esquema-especial-para-as-eleicoes-2020\\\/#primaryimage\"},\"image\":{\"@id\":\"https:\\\/\\\/regiaonews.net.br\\\/2022\\\/2020\\\/11\\\/13\\\/policias-de-sao-paulo-terao-esquema-especial-para-as-eleicoes-2020\\\/#primaryimage\"},\"thumbnailUrl\":\"https:\\\/\\\/regiaonews.net.br\\\/2022\\\/wp-content\\\/uploads\\\/2020\\\/09\\\/policia-militar-brasil-sao-paulo-bandeiras-de-mesa-panoplia-scaled.jpg\",\"datePublished\":\"2020-11-13T13:17:31+00:00\",\"breadcrumb\":{\"@id\":\"https:\\\/\\\/regiaonews.net.br\\\/2022\\\/2020\\\/11\\\/13\\\/policias-de-sao-paulo-terao-esquema-especial-para-as-eleicoes-2020\\\/#breadcrumb\"},\"inLanguage\":\"pt-BR\",\"potentialAction\":[{\"@type\":\"ReadAction\",\"target\":[\"https:\\\/\\\/regiaonews.net.br\\\/2022\\\/2020\\\/11\\\/13\\\/policias-de-sao-paulo-terao-esquema-especial-para-as-eleicoes-2020\\\/\"]}]},{\"@type\":\"ImageObject\",\"inLanguage\":\"pt-BR\",\"@id\":\"https:\\\/\\\/regiaonews.net.br\\\/2022\\\/2020\\\/11\\\/13\\\/policias-de-sao-paulo-terao-esquema-especial-para-as-eleicoes-2020\\\/#primaryimage\",\"url\":\"https:\\\/\\\/regiaonews.net.br\\\/2022\\\/wp-content\\\/uploads\\\/2020\\\/09\\\/policia-militar-brasil-sao-paulo-bandeiras-de-mesa-panoplia-scaled.jpg\",\"contentUrl\":\"https:\\\/\\\/regiaonews.net.br\\\/2022\\\/wp-content\\\/uploads\\\/2020\\\/09\\\/policia-militar-brasil-sao-paulo-bandeiras-de-mesa-panoplia-scaled.jpg\",\"width\":4096,\"height\":3072},{\"@type\":\"BreadcrumbList\",\"@id\":\"https:\\\/\\\/regiaonews.net.br\\\/2022\\\/2020\\\/11\\\/13\\\/policias-de-sao-paulo-terao-esquema-especial-para-as-eleicoes-2020\\\/#breadcrumb\",\"itemListElement\":[{\"@type\":\"ListItem\",\"position\":1,\"name\":\"In\u00edcio\",\"item\":\"https:\\\/\\\/regiaonews.net.br\\\/2022\\\/\"},{\"@type\":\"ListItem\",\"position\":2,\"name\":\"POL\u00cdCIAS DE S\u00c3O PAULO TER\u00c3O ESQUEMA ESPECIAL PARA AS ELEI\u00c7\u00d5ES 2020\"}]},{\"@type\":\"WebSite\",\"@id\":\"https:\\\/\\\/regiaonews.net.br\\\/2022\\\/#website\",\"url\":\"https:\\\/\\\/regiaonews.net.br\\\/2022\\\/\",\"name\":\"Regi\u00e3o News\",\"description\":\"Site de Not\u00edcias de Barretos e regi\u00e3o\",\"publisher\":{\"@id\":\"https:\\\/\\\/regiaonews.net.br\\\/2022\\\/#organization\"},\"potentialAction\":[{\"@type\":\"SearchAction\",\"target\":{\"@type\":\"EntryPoint\",\"urlTemplate\":\"https:\\\/\\\/regiaonews.net.br\\\/2022\\\/?s={search_term_string}\"},\"query-input\":{\"@type\":\"PropertyValueSpecification\",\"valueRequired\":true,\"valueName\":\"search_term_string\"}}],\"inLanguage\":\"pt-BR\"},{\"@type\":\"Organization\",\"@id\":\"https:\\\/\\\/regiaonews.net.br\\\/2022\\\/#organization\",\"name\":\"Regi\u00e3o News\",\"url\":\"https:\\\/\\\/regiaonews.net.br\\\/2022\\\/\",\"logo\":{\"@type\":\"ImageObject\",\"inLanguage\":\"pt-BR\",\"@id\":\"https:\\\/\\\/regiaonews.net.br\\\/2022\\\/#\\\/schema\\\/logo\\\/image\\\/\",\"url\":\"https:\\\/\\\/regiaonews.net.br\\\/2022\\\/wp-content\\\/uploads\\\/2026\\\/03\\\/regiao-13-anos-scaled.jpg\",\"contentUrl\":\"https:\\\/\\\/regiaonews.net.br\\\/2022\\\/wp-content\\\/uploads\\\/2026\\\/03\\\/regiao-13-anos-scaled.jpg\",\"width\":2560,\"height\":635,\"caption\":\"Regi\u00e3o News\"},\"image\":{\"@id\":\"https:\\\/\\\/regiaonews.net.br\\\/2022\\\/#\\\/schema\\\/logo\\\/image\\\/\"}},{\"@type\":\"Person\",\"@id\":\"https:\\\/\\\/regiaonews.net.br\\\/2022\\\/#\\\/schema\\\/person\\\/2d205a608a5aa97ac279d7a5e6d89ad8\",\"name\":\"Roberto\",\"image\":{\"@type\":\"ImageObject\",\"inLanguage\":\"pt-BR\",\"@id\":\"https:\\\/\\\/secure.gravatar.com\\\/avatar\\\/42749d8b712ff9d59ca93dc150494e5b55a44134482993f5baeb97e61b7ecc89?s=96&d=mm&r=g\",\"url\":\"https:\\\/\\\/secure.gravatar.com\\\/avatar\\\/42749d8b712ff9d59ca93dc150494e5b55a44134482993f5baeb97e61b7ecc89?s=96&d=mm&r=g\",\"contentUrl\":\"https:\\\/\\\/secure.gravatar.com\\\/avatar\\\/42749d8b712ff9d59ca93dc150494e5b55a44134482993f5baeb97e61b7ecc89?s=96&d=mm&r=g\",\"caption\":\"Roberto\"},\"url\":\"https:\\\/\\\/regiaonews.net.br\\\/2022\\\/author\\\/roberto\\\/\"}]}<\/script>\n<!-- \/ Yoast SEO plugin. -->","yoast_head_json":{"title":"POL\u00cdCIAS DE S\u00c3O PAULO TER\u00c3O ESQUEMA ESPECIAL PARA AS ELEI\u00c7\u00d5ES 2020 - Regi\u00e3o News","robots":{"index":"index","follow":"follow","max-snippet":"max-snippet:-1","max-image-preview":"max-image-preview:large","max-video-preview":"max-video-preview:-1"},"canonical":"https:\/\/regiaonews.net.br\/2022\/2020\/11\/13\/policias-de-sao-paulo-terao-esquema-especial-para-as-eleicoes-2020\/","og_locale":"pt_BR","og_type":"article","og_title":"POL\u00cdCIAS DE S\u00c3O PAULO TER\u00c3O ESQUEMA ESPECIAL PARA AS ELEI\u00c7\u00d5ES 2020 - Regi\u00e3o News","og_description":"Com o uso de drones e tropas especializadas, mais de","og_url":"https:\/\/regiaonews.net.br\/2022\/2020\/11\/13\/policias-de-sao-paulo-terao-esquema-especial-para-as-eleicoes-2020\/","og_site_name":"Regi\u00e3o News","article_published_time":"2020-11-13T13:17:31+00:00","og_image":[{"width":4096,"height":3072,"url":"https:\/\/regiaonews.net.br\/2022\/wp-content\/uploads\/2020\/09\/policia-militar-brasil-sao-paulo-bandeiras-de-mesa-panoplia-scaled.jpg","type":"image\/jpeg"}],"author":"Roberto","twitter_card":"summary_large_image","twitter_misc":{"Escrito por":"Roberto","Est. tempo de leitura":"2 minutos"},"schema":{"@context":"https:\/\/schema.org","@graph":[{"@type":"Article","@id":"https:\/\/regiaonews.net.br\/2022\/2020\/11\/13\/policias-de-sao-paulo-terao-esquema-especial-para-as-eleicoes-2020\/#article","isPartOf":{"@id":"https:\/\/regiaonews.net.br\/2022\/2020\/11\/13\/policias-de-sao-paulo-terao-esquema-especial-para-as-eleicoes-2020\/"},"author":{"name":"Roberto","@id":"https:\/\/regiaonews.net.br\/2022\/#\/schema\/person\/2d205a608a5aa97ac279d7a5e6d89ad8"},"headline":"POL\u00cdCIAS DE S\u00c3O PAULO TER\u00c3O ESQUEMA ESPECIAL PARA AS ELEI\u00c7\u00d5ES 2020","datePublished":"2020-11-13T13:17:31+00:00","mainEntityOfPage":{"@id":"https:\/\/regiaonews.net.br\/2022\/2020\/11\/13\/policias-de-sao-paulo-terao-esquema-especial-para-as-eleicoes-2020\/"},"wordCount":493,"commentCount":0,"publisher":{"@id":"https:\/\/regiaonews.net.br\/2022\/#organization"},"image":{"@id":"https:\/\/regiaonews.net.br\/2022\/2020\/11\/13\/policias-de-sao-paulo-terao-esquema-especial-para-as-eleicoes-2020\/#primaryimage"},"thumbnailUrl":"https:\/\/regiaonews.net.br\/2022\/wp-content\/uploads\/2020\/09\/policia-militar-brasil-sao-paulo-bandeiras-de-mesa-panoplia-scaled.jpg","articleSection":["Cidades","Elei\u00e7\u00f5es","Estado de S\u00e3o Paulo"],"inLanguage":"pt-BR","potentialAction":[{"@type":"CommentAction","name":"Comment","target":["https:\/\/regiaonews.net.br\/2022\/2020\/11\/13\/policias-de-sao-paulo-terao-esquema-especial-para-as-eleicoes-2020\/#respond"]}]},{"@type":"WebPage","@id":"https:\/\/regiaonews.net.br\/2022\/2020\/11\/13\/policias-de-sao-paulo-terao-esquema-especial-para-as-eleicoes-2020\/","url":"https:\/\/regiaonews.net.br\/2022\/2020\/11\/13\/policias-de-sao-paulo-terao-esquema-especial-para-as-eleicoes-2020\/","name":"POL\u00cdCIAS DE S\u00c3O PAULO TER\u00c3O ESQUEMA ESPECIAL PARA AS ELEI\u00c7\u00d5ES 2020 - Regi\u00e3o News","isPartOf":{"@id":"https:\/\/regiaonews.net.br\/2022\/#website"},"primaryImageOfPage":{"@id":"https:\/\/regiaonews.net.br\/2022\/2020\/11\/13\/policias-de-sao-paulo-terao-esquema-especial-para-as-eleicoes-2020\/#primaryimage"},"image":{"@id":"https:\/\/regiaonews.net.br\/2022\/2020\/11\/13\/policias-de-sao-paulo-terao-esquema-especial-para-as-eleicoes-2020\/#primaryimage"},"thumbnailUrl":"https:\/\/regiaonews.net.br\/2022\/wp-content\/uploads\/2020\/09\/policia-militar-brasil-sao-paulo-bandeiras-de-mesa-panoplia-scaled.jpg","datePublished":"2020-11-13T13:17:31+00:00","breadcrumb":{"@id":"https:\/\/regiaonews.net.br\/2022\/2020\/11\/13\/policias-de-sao-paulo-terao-esquema-especial-para-as-eleicoes-2020\/#breadcrumb"},"inLanguage":"pt-BR","potentialAction":[{"@type":"ReadAction","target":["https:\/\/regiaonews.net.br\/2022\/2020\/11\/13\/policias-de-sao-paulo-terao-esquema-especial-para-as-eleicoes-2020\/"]}]},{"@type":"ImageObject","inLanguage":"pt-BR","@id":"https:\/\/regiaonews.net.br\/2022\/2020\/11\/13\/policias-de-sao-paulo-terao-esquema-especial-para-as-eleicoes-2020\/#primaryimage","url":"https:\/\/regiaonews.net.br\/2022\/wp-content\/uploads\/2020\/09\/policia-militar-brasil-sao-paulo-bandeiras-de-mesa-panoplia-scaled.jpg","contentUrl":"https:\/\/regiaonews.net.br\/2022\/wp-content\/uploads\/2020\/09\/policia-militar-brasil-sao-paulo-bandeiras-de-mesa-panoplia-scaled.jpg","width":4096,"height":3072},{"@type":"BreadcrumbList","@id":"https:\/\/regiaonews.net.br\/2022\/2020\/11\/13\/policias-de-sao-paulo-terao-esquema-especial-para-as-eleicoes-2020\/#breadcrumb","itemListElement":[{"@type":"ListItem","position":1,"name":"In\u00edcio","item":"https:\/\/regiaonews.net.br\/2022\/"},{"@type":"ListItem","position":2,"name":"POL\u00cdCIAS DE S\u00c3O PAULO TER\u00c3O ESQUEMA ESPECIAL PARA AS ELEI\u00c7\u00d5ES 2020"}]},{"@type":"WebSite","@id":"https:\/\/regiaonews.net.br\/2022\/#website","url":"https:\/\/regiaonews.net.br\/2022\/","name":"Regi\u00e3o News","description":"Site de Not\u00edcias de Barretos e regi\u00e3o","publisher":{"@id":"https:\/\/regiaonews.net.br\/2022\/#organization"},"potentialAction":[{"@type":"SearchAction","target":{"@type":"EntryPoint","urlTemplate":"https:\/\/regiaonews.net.br\/2022\/?s={search_term_string}"},"query-input":{"@type":"PropertyValueSpecification","valueRequired":true,"valueName":"search_term_string"}}],"inLanguage":"pt-BR"},{"@type":"Organization","@id":"https:\/\/regiaonews.net.br\/2022\/#organization","name":"Regi\u00e3o News","url":"https:\/\/regiaonews.net.br\/2022\/","logo":{"@type":"ImageObject","inLanguage":"pt-BR","@id":"https:\/\/regiaonews.net.br\/2022\/#\/schema\/logo\/image\/","url":"https:\/\/regiaonews.net.br\/2022\/wp-content\/uploads\/2026\/03\/regiao-13-anos-scaled.jpg","contentUrl":"https:\/\/regiaonews.net.br\/2022\/wp-content\/uploads\/2026\/03\/regiao-13-anos-scaled.jpg","width":2560,"height":635,"caption":"Regi\u00e3o News"},"image":{"@id":"https:\/\/regiaonews.net.br\/2022\/#\/schema\/logo\/image\/"}},{"@type":"Person","@id":"https:\/\/regiaonews.net.br\/2022\/#\/schema\/person\/2d205a608a5aa97ac279d7a5e6d89ad8","name":"Roberto","image":{"@type":"ImageObject","inLanguage":"pt-BR","@id":"https:\/\/secure.gravatar.com\/avatar\/42749d8b712ff9d59ca93dc150494e5b55a44134482993f5baeb97e61b7ecc89?s=96&d=mm&r=g","url":"https:\/\/secure.gravatar.com\/avatar\/42749d8b712ff9d59ca93dc150494e5b55a44134482993f5baeb97e61b7ecc89?s=96&d=mm&r=g","contentUrl":"https:\/\/secure.gravatar.com\/avatar\/42749d8b712ff9d59ca93dc150494e5b55a44134482993f5baeb97e61b7ecc89?s=96&d=mm&r=g","caption":"Roberto"},"url":"https:\/\/regiaonews.net.br\/2022\/author\/roberto\/"}]}},"publishpress_future_action":{"enabled":false,"date":"2026-05-02 06:01:38","action":"change-status","newStatus":"draft","terms":[],"taxonomy":"category","extraData":[]},"publishpress_future_workflow_manual_trigger":{"enabledWorkflows":[]},"_links":{"self":[{"href":"https:\/\/regiaonews.net.br\/2022\/wp-json\/wp\/v2\/posts\/39716","targetHints":{"allow":["GET"]}}],"collection":[{"href":"https:\/\/regiaonews.net.br\/2022\/wp-json\/wp\/v2\/posts"}],"about":[{"href":"https:\/\/regiaonews.net.br\/2022\/wp-json\/wp\/v2\/types\/post"}],"author":[{"embeddable":true,"href":"https:\/\/regiaonews.net.br\/2022\/wp-json\/wp\/v2\/users\/2"}],"replies":[{"embeddable":true,"href":"https:\/\/regiaonews.net.br\/2022\/wp-json\/wp\/v2\/comments?post=39716"}],"version-history":[{"count":0,"href":"https:\/\/regiaonews.net.br\/2022\/wp-json\/wp\/v2\/posts\/39716\/revisions"}],"wp:featuredmedia":[{"embeddable":true,"href":"https:\/\/regiaonews.net.br\/2022\/wp-json\/wp\/v2\/media\/37718"}],"wp:attachment":[{"href":"https:\/\/regiaonews.net.br\/2022\/wp-json\/wp\/v2\/media?parent=39716"}],"wp:term":[{"taxonomy":"category","embeddable":true,"href":"https:\/\/regiaonews.net.br\/2022\/wp-json\/wp\/v2\/categories?post=39716"},{"taxonomy":"post_tag","embeddable":true,"href":"https:\/\/regiaonews.net.br\/2022\/wp-json\/wp\/v2\/tags?post=39716"}],"curies":[{"name":"wp","href":"https:\/\/api.w.org\/{rel}","templated":true}]}}