{"id":39539,"date":"2020-11-06T19:50:22","date_gmt":"2020-11-06T22:50:22","guid":{"rendered":"https:\/\/regiaonews.net.br\/2022\/?p=39539"},"modified":"2020-11-06T19:50:22","modified_gmt":"2020-11-06T22:50:22","slug":"deic-detem-homem-por-violacao-de-direito-autoral-durante-a-2a-fase-da-operacao-404","status":"publish","type":"post","link":"https:\/\/regiaonews.net.br\/2022\/2020\/11\/06\/deic-detem-homem-por-violacao-de-direito-autoral-durante-a-2a-fase-da-operacao-404\/","title":{"rendered":"Deic det\u00e9m homem por viola\u00e7\u00e3o de direito autoral durante a 2\u00aa fase da Opera\u00e7\u00e3o 404"},"content":{"rendered":"<p><a href=\"https:\/\/regiaonews.net.br\/2022\/wp-content\/uploads\/2020\/11\/00043016.jpeg\"><img loading=\"lazy\" decoding=\"async\" class=\"alignnone size-medium wp-image-39540\" src=\"https:\/\/regiaonews.net.br\/2022\/wp-content\/uploads\/2020\/11\/00043016-225x300.jpeg\" alt=\"\" width=\"225\" height=\"300\" \/><\/a><\/p>\n<p>A Pol\u00edcia Civil prendeu, ao longo desta quinta-feira (5), um homem acusado de disponibilizar na internet conte\u00fados audiovisuais extra\u00eddos de servi\u00e7os de streaming e programa\u00e7\u00e3o de TV por assinatura. Ele foi detido no bairro S\u00e3o Rafael, na zona sul da cidade de S\u00e3o Paulo.<\/p>\n<p>A a\u00e7\u00e3o foi deflagrada por agentes da 1\u00aa Delegacia da Divis\u00e3o de Investiga\u00e7\u00f5es Gerais (DIG), do Departamento Estadual de Investiga\u00e7\u00f5es Gerais (Deic), que realizavam dilig\u00eancias no \u00e2mbito da\u00a0<a href=\"http:\/\/www.ssp.sp.gov.br\/LeNoticia.aspx?ID=49799\">2\u00aa fase da Opera\u00e7\u00e3o 404<\/a>, realizada em todo o pa\u00eds para combater a pirataria de streaming<\/p>\n<p>Durante cumprimento de um mandado de busca em um im\u00f3vel na rua Ayrton Senna, no bairro S\u00e3o Rafael, na zona sul da capital, um homem foi preso em flagrante pelo crime de viola\u00e7\u00e3o de direito autoral \u2013 ele \u00e9 criador e gestor de um aplicativo capaz de extrair conte\u00fado audiovisual.<\/p>\n<p>Os conte\u00fados eram retirados de servi\u00e7os de streaming e programa\u00e7\u00e3o de TV por assinatura e, segundo apurado, oferecido e disponibilizado ao p\u00fablico atrav\u00e9s da internet, mediante o pagamento de uma mensalidade, com valores vari\u00e1veis a depender do plano escolhido pelo consumidor.<\/p>\n<p>Com apoio das Divis\u00f5es Especializadas de Investiga\u00e7\u00f5es Criminais (Deics) de Ribeir\u00e3o Preto e Ara\u00e7atuba, tamb\u00e9m foram cumpridas ordens judiciais em endere\u00e7os de Ribeir\u00e3o Preto e Pen\u00e1polis, respectivamente, onde foram apreendidos diversos objetos que auxiliaram nas pr\u00f3ximas etapas das apura\u00e7\u00f5es.<\/p>\n","protected":false},"excerpt":{"rendered":"<p>A Pol\u00edcia Civil prendeu, ao longo desta quinta-feira (5), um<\/p>\n","protected":false},"author":2,"featured_media":39540,"comment_status":"open","ping_status":"open","sticky":false,"template":"","format":"standard","meta":{"footnotes":""},"categories":[25,7,23],"tags":[],"class_list":["post-39539","post","type-post","status-publish","format-standard","has-post-thumbnail","hentry","category-cidades","category-estado-de-sao-paulo","category-policia"],"yoast_head":"<!-- This site is optimized with the Yoast SEO plugin v27.4 - https:\/\/yoast.com\/product\/yoast-seo-wordpress\/ -->\n<title>Deic det\u00e9m homem por viola\u00e7\u00e3o de direito autoral durante a 2\u00aa fase da Opera\u00e7\u00e3o 404 - Regi\u00e3o News<\/title>\n<meta name=\"robots\" content=\"index, follow, max-snippet:-1, max-image-preview:large, max-video-preview:-1\" \/>\n<link rel=\"canonical\" href=\"https:\/\/regiaonews.net.br\/2022\/2020\/11\/06\/deic-detem-homem-por-violacao-de-direito-autoral-durante-a-2a-fase-da-operacao-404\/\" \/>\n<meta property=\"og:locale\" content=\"pt_BR\" \/>\n<meta property=\"og:type\" content=\"article\" \/>\n<meta property=\"og:title\" content=\"Deic det\u00e9m homem por viola\u00e7\u00e3o de direito autoral durante a 2\u00aa fase da Opera\u00e7\u00e3o 404 - Regi\u00e3o News\" \/>\n<meta property=\"og:description\" content=\"A Pol\u00edcia Civil prendeu, ao longo desta quinta-feira (5), um\" \/>\n<meta property=\"og:url\" content=\"https:\/\/regiaonews.net.br\/2022\/2020\/11\/06\/deic-detem-homem-por-violacao-de-direito-autoral-durante-a-2a-fase-da-operacao-404\/\" \/>\n<meta property=\"og:site_name\" content=\"Regi\u00e3o News\" \/>\n<meta property=\"article:published_time\" content=\"2020-11-06T22:50:22+00:00\" \/>\n<meta property=\"og:image\" content=\"https:\/\/regiaonews.net.br\/2022\/wp-content\/uploads\/2020\/11\/00043016.jpeg\" \/>\n\t<meta property=\"og:image:width\" content=\"800\" \/>\n\t<meta property=\"og:image:height\" content=\"1066\" \/>\n\t<meta property=\"og:image:type\" content=\"image\/jpeg\" \/>\n<meta name=\"author\" content=\"Roberto\" \/>\n<meta name=\"twitter:card\" content=\"summary_large_image\" \/>\n<meta name=\"twitter:label1\" content=\"Escrito por\" \/>\n\t<meta name=\"twitter:data1\" content=\"Roberto\" \/>\n\t<meta name=\"twitter:label2\" content=\"Est. tempo de leitura\" \/>\n\t<meta name=\"twitter:data2\" content=\"1 minuto\" \/>\n<script type=\"application\/ld+json\" class=\"yoast-schema-graph\">{\"@context\":\"https:\\\/\\\/schema.org\",\"@graph\":[{\"@type\":\"Article\",\"@id\":\"https:\\\/\\\/regiaonews.net.br\\\/2022\\\/2020\\\/11\\\/06\\\/deic-detem-homem-por-violacao-de-direito-autoral-durante-a-2a-fase-da-operacao-404\\\/#article\",\"isPartOf\":{\"@id\":\"https:\\\/\\\/regiaonews.net.br\\\/2022\\\/2020\\\/11\\\/06\\\/deic-detem-homem-por-violacao-de-direito-autoral-durante-a-2a-fase-da-operacao-404\\\/\"},\"author\":{\"name\":\"Roberto\",\"@id\":\"https:\\\/\\\/regiaonews.net.br\\\/2022\\\/#\\\/schema\\\/person\\\/2d205a608a5aa97ac279d7a5e6d89ad8\"},\"headline\":\"Deic det\u00e9m homem por viola\u00e7\u00e3o de direito autoral durante a 2\u00aa fase da Opera\u00e7\u00e3o 404\",\"datePublished\":\"2020-11-06T22:50:22+00:00\",\"mainEntityOfPage\":{\"@id\":\"https:\\\/\\\/regiaonews.net.br\\\/2022\\\/2020\\\/11\\\/06\\\/deic-detem-homem-por-violacao-de-direito-autoral-durante-a-2a-fase-da-operacao-404\\\/\"},\"wordCount\":262,\"commentCount\":0,\"publisher\":{\"@id\":\"https:\\\/\\\/regiaonews.net.br\\\/2022\\\/#organization\"},\"image\":{\"@id\":\"https:\\\/\\\/regiaonews.net.br\\\/2022\\\/2020\\\/11\\\/06\\\/deic-detem-homem-por-violacao-de-direito-autoral-durante-a-2a-fase-da-operacao-404\\\/#primaryimage\"},\"thumbnailUrl\":\"https:\\\/\\\/regiaonews.net.br\\\/2022\\\/wp-content\\\/uploads\\\/2020\\\/11\\\/00043016.jpeg\",\"articleSection\":[\"Cidades\",\"Estado de S\u00e3o Paulo\",\"Policia\"],\"inLanguage\":\"pt-BR\",\"potentialAction\":[{\"@type\":\"CommentAction\",\"name\":\"Comment\",\"target\":[\"https:\\\/\\\/regiaonews.net.br\\\/2022\\\/2020\\\/11\\\/06\\\/deic-detem-homem-por-violacao-de-direito-autoral-durante-a-2a-fase-da-operacao-404\\\/#respond\"]}]},{\"@type\":\"WebPage\",\"@id\":\"https:\\\/\\\/regiaonews.net.br\\\/2022\\\/2020\\\/11\\\/06\\\/deic-detem-homem-por-violacao-de-direito-autoral-durante-a-2a-fase-da-operacao-404\\\/\",\"url\":\"https:\\\/\\\/regiaonews.net.br\\\/2022\\\/2020\\\/11\\\/06\\\/deic-detem-homem-por-violacao-de-direito-autoral-durante-a-2a-fase-da-operacao-404\\\/\",\"name\":\"Deic det\u00e9m homem por viola\u00e7\u00e3o de direito autoral durante a 2\u00aa fase da Opera\u00e7\u00e3o 404 - Regi\u00e3o News\",\"isPartOf\":{\"@id\":\"https:\\\/\\\/regiaonews.net.br\\\/2022\\\/#website\"},\"primaryImageOfPage\":{\"@id\":\"https:\\\/\\\/regiaonews.net.br\\\/2022\\\/2020\\\/11\\\/06\\\/deic-detem-homem-por-violacao-de-direito-autoral-durante-a-2a-fase-da-operacao-404\\\/#primaryimage\"},\"image\":{\"@id\":\"https:\\\/\\\/regiaonews.net.br\\\/2022\\\/2020\\\/11\\\/06\\\/deic-detem-homem-por-violacao-de-direito-autoral-durante-a-2a-fase-da-operacao-404\\\/#primaryimage\"},\"thumbnailUrl\":\"https:\\\/\\\/regiaonews.net.br\\\/2022\\\/wp-content\\\/uploads\\\/2020\\\/11\\\/00043016.jpeg\",\"datePublished\":\"2020-11-06T22:50:22+00:00\",\"breadcrumb\":{\"@id\":\"https:\\\/\\\/regiaonews.net.br\\\/2022\\\/2020\\\/11\\\/06\\\/deic-detem-homem-por-violacao-de-direito-autoral-durante-a-2a-fase-da-operacao-404\\\/#breadcrumb\"},\"inLanguage\":\"pt-BR\",\"potentialAction\":[{\"@type\":\"ReadAction\",\"target\":[\"https:\\\/\\\/regiaonews.net.br\\\/2022\\\/2020\\\/11\\\/06\\\/deic-detem-homem-por-violacao-de-direito-autoral-durante-a-2a-fase-da-operacao-404\\\/\"]}]},{\"@type\":\"ImageObject\",\"inLanguage\":\"pt-BR\",\"@id\":\"https:\\\/\\\/regiaonews.net.br\\\/2022\\\/2020\\\/11\\\/06\\\/deic-detem-homem-por-violacao-de-direito-autoral-durante-a-2a-fase-da-operacao-404\\\/#primaryimage\",\"url\":\"https:\\\/\\\/regiaonews.net.br\\\/2022\\\/wp-content\\\/uploads\\\/2020\\\/11\\\/00043016.jpeg\",\"contentUrl\":\"https:\\\/\\\/regiaonews.net.br\\\/2022\\\/wp-content\\\/uploads\\\/2020\\\/11\\\/00043016.jpeg\",\"width\":800,\"height\":1066},{\"@type\":\"BreadcrumbList\",\"@id\":\"https:\\\/\\\/regiaonews.net.br\\\/2022\\\/2020\\\/11\\\/06\\\/deic-detem-homem-por-violacao-de-direito-autoral-durante-a-2a-fase-da-operacao-404\\\/#breadcrumb\",\"itemListElement\":[{\"@type\":\"ListItem\",\"position\":1,\"name\":\"In\u00edcio\",\"item\":\"https:\\\/\\\/regiaonews.net.br\\\/2022\\\/\"},{\"@type\":\"ListItem\",\"position\":2,\"name\":\"Deic det\u00e9m homem por viola\u00e7\u00e3o de direito autoral durante a 2\u00aa fase da Opera\u00e7\u00e3o 404\"}]},{\"@type\":\"WebSite\",\"@id\":\"https:\\\/\\\/regiaonews.net.br\\\/2022\\\/#website\",\"url\":\"https:\\\/\\\/regiaonews.net.br\\\/2022\\\/\",\"name\":\"Regi\u00e3o News\",\"description\":\"Site de Not\u00edcias de Barretos e regi\u00e3o\",\"publisher\":{\"@id\":\"https:\\\/\\\/regiaonews.net.br\\\/2022\\\/#organization\"},\"potentialAction\":[{\"@type\":\"SearchAction\",\"target\":{\"@type\":\"EntryPoint\",\"urlTemplate\":\"https:\\\/\\\/regiaonews.net.br\\\/2022\\\/?s={search_term_string}\"},\"query-input\":{\"@type\":\"PropertyValueSpecification\",\"valueRequired\":true,\"valueName\":\"search_term_string\"}}],\"inLanguage\":\"pt-BR\"},{\"@type\":\"Organization\",\"@id\":\"https:\\\/\\\/regiaonews.net.br\\\/2022\\\/#organization\",\"name\":\"Regi\u00e3o News\",\"url\":\"https:\\\/\\\/regiaonews.net.br\\\/2022\\\/\",\"logo\":{\"@type\":\"ImageObject\",\"inLanguage\":\"pt-BR\",\"@id\":\"https:\\\/\\\/regiaonews.net.br\\\/2022\\\/#\\\/schema\\\/logo\\\/image\\\/\",\"url\":\"https:\\\/\\\/regiaonews.net.br\\\/2022\\\/wp-content\\\/uploads\\\/2026\\\/03\\\/regiao-13-anos-scaled.jpg\",\"contentUrl\":\"https:\\\/\\\/regiaonews.net.br\\\/2022\\\/wp-content\\\/uploads\\\/2026\\\/03\\\/regiao-13-anos-scaled.jpg\",\"width\":2560,\"height\":635,\"caption\":\"Regi\u00e3o News\"},\"image\":{\"@id\":\"https:\\\/\\\/regiaonews.net.br\\\/2022\\\/#\\\/schema\\\/logo\\\/image\\\/\"}},{\"@type\":\"Person\",\"@id\":\"https:\\\/\\\/regiaonews.net.br\\\/2022\\\/#\\\/schema\\\/person\\\/2d205a608a5aa97ac279d7a5e6d89ad8\",\"name\":\"Roberto\",\"image\":{\"@type\":\"ImageObject\",\"inLanguage\":\"pt-BR\",\"@id\":\"https:\\\/\\\/secure.gravatar.com\\\/avatar\\\/42749d8b712ff9d59ca93dc150494e5b55a44134482993f5baeb97e61b7ecc89?s=96&d=mm&r=g\",\"url\":\"https:\\\/\\\/secure.gravatar.com\\\/avatar\\\/42749d8b712ff9d59ca93dc150494e5b55a44134482993f5baeb97e61b7ecc89?s=96&d=mm&r=g\",\"contentUrl\":\"https:\\\/\\\/secure.gravatar.com\\\/avatar\\\/42749d8b712ff9d59ca93dc150494e5b55a44134482993f5baeb97e61b7ecc89?s=96&d=mm&r=g\",\"caption\":\"Roberto\"},\"url\":\"https:\\\/\\\/regiaonews.net.br\\\/2022\\\/author\\\/roberto\\\/\"}]}<\/script>\n<!-- \/ Yoast SEO plugin. -->","yoast_head_json":{"title":"Deic det\u00e9m homem por viola\u00e7\u00e3o de direito autoral durante a 2\u00aa fase da Opera\u00e7\u00e3o 404 - Regi\u00e3o News","robots":{"index":"index","follow":"follow","max-snippet":"max-snippet:-1","max-image-preview":"max-image-preview:large","max-video-preview":"max-video-preview:-1"},"canonical":"https:\/\/regiaonews.net.br\/2022\/2020\/11\/06\/deic-detem-homem-por-violacao-de-direito-autoral-durante-a-2a-fase-da-operacao-404\/","og_locale":"pt_BR","og_type":"article","og_title":"Deic det\u00e9m homem por viola\u00e7\u00e3o de direito autoral durante a 2\u00aa fase da Opera\u00e7\u00e3o 404 - Regi\u00e3o News","og_description":"A Pol\u00edcia Civil prendeu, ao longo desta quinta-feira (5), um","og_url":"https:\/\/regiaonews.net.br\/2022\/2020\/11\/06\/deic-detem-homem-por-violacao-de-direito-autoral-durante-a-2a-fase-da-operacao-404\/","og_site_name":"Regi\u00e3o News","article_published_time":"2020-11-06T22:50:22+00:00","og_image":[{"width":800,"height":1066,"url":"https:\/\/regiaonews.net.br\/2022\/wp-content\/uploads\/2020\/11\/00043016.jpeg","type":"image\/jpeg"}],"author":"Roberto","twitter_card":"summary_large_image","twitter_misc":{"Escrito por":"Roberto","Est. tempo de leitura":"1 minuto"},"schema":{"@context":"https:\/\/schema.org","@graph":[{"@type":"Article","@id":"https:\/\/regiaonews.net.br\/2022\/2020\/11\/06\/deic-detem-homem-por-violacao-de-direito-autoral-durante-a-2a-fase-da-operacao-404\/#article","isPartOf":{"@id":"https:\/\/regiaonews.net.br\/2022\/2020\/11\/06\/deic-detem-homem-por-violacao-de-direito-autoral-durante-a-2a-fase-da-operacao-404\/"},"author":{"name":"Roberto","@id":"https:\/\/regiaonews.net.br\/2022\/#\/schema\/person\/2d205a608a5aa97ac279d7a5e6d89ad8"},"headline":"Deic det\u00e9m homem por viola\u00e7\u00e3o de direito autoral durante a 2\u00aa fase da Opera\u00e7\u00e3o 404","datePublished":"2020-11-06T22:50:22+00:00","mainEntityOfPage":{"@id":"https:\/\/regiaonews.net.br\/2022\/2020\/11\/06\/deic-detem-homem-por-violacao-de-direito-autoral-durante-a-2a-fase-da-operacao-404\/"},"wordCount":262,"commentCount":0,"publisher":{"@id":"https:\/\/regiaonews.net.br\/2022\/#organization"},"image":{"@id":"https:\/\/regiaonews.net.br\/2022\/2020\/11\/06\/deic-detem-homem-por-violacao-de-direito-autoral-durante-a-2a-fase-da-operacao-404\/#primaryimage"},"thumbnailUrl":"https:\/\/regiaonews.net.br\/2022\/wp-content\/uploads\/2020\/11\/00043016.jpeg","articleSection":["Cidades","Estado de S\u00e3o Paulo","Policia"],"inLanguage":"pt-BR","potentialAction":[{"@type":"CommentAction","name":"Comment","target":["https:\/\/regiaonews.net.br\/2022\/2020\/11\/06\/deic-detem-homem-por-violacao-de-direito-autoral-durante-a-2a-fase-da-operacao-404\/#respond"]}]},{"@type":"WebPage","@id":"https:\/\/regiaonews.net.br\/2022\/2020\/11\/06\/deic-detem-homem-por-violacao-de-direito-autoral-durante-a-2a-fase-da-operacao-404\/","url":"https:\/\/regiaonews.net.br\/2022\/2020\/11\/06\/deic-detem-homem-por-violacao-de-direito-autoral-durante-a-2a-fase-da-operacao-404\/","name":"Deic det\u00e9m homem por viola\u00e7\u00e3o de direito autoral durante a 2\u00aa fase da Opera\u00e7\u00e3o 404 - Regi\u00e3o News","isPartOf":{"@id":"https:\/\/regiaonews.net.br\/2022\/#website"},"primaryImageOfPage":{"@id":"https:\/\/regiaonews.net.br\/2022\/2020\/11\/06\/deic-detem-homem-por-violacao-de-direito-autoral-durante-a-2a-fase-da-operacao-404\/#primaryimage"},"image":{"@id":"https:\/\/regiaonews.net.br\/2022\/2020\/11\/06\/deic-detem-homem-por-violacao-de-direito-autoral-durante-a-2a-fase-da-operacao-404\/#primaryimage"},"thumbnailUrl":"https:\/\/regiaonews.net.br\/2022\/wp-content\/uploads\/2020\/11\/00043016.jpeg","datePublished":"2020-11-06T22:50:22+00:00","breadcrumb":{"@id":"https:\/\/regiaonews.net.br\/2022\/2020\/11\/06\/deic-detem-homem-por-violacao-de-direito-autoral-durante-a-2a-fase-da-operacao-404\/#breadcrumb"},"inLanguage":"pt-BR","potentialAction":[{"@type":"ReadAction","target":["https:\/\/regiaonews.net.br\/2022\/2020\/11\/06\/deic-detem-homem-por-violacao-de-direito-autoral-durante-a-2a-fase-da-operacao-404\/"]}]},{"@type":"ImageObject","inLanguage":"pt-BR","@id":"https:\/\/regiaonews.net.br\/2022\/2020\/11\/06\/deic-detem-homem-por-violacao-de-direito-autoral-durante-a-2a-fase-da-operacao-404\/#primaryimage","url":"https:\/\/regiaonews.net.br\/2022\/wp-content\/uploads\/2020\/11\/00043016.jpeg","contentUrl":"https:\/\/regiaonews.net.br\/2022\/wp-content\/uploads\/2020\/11\/00043016.jpeg","width":800,"height":1066},{"@type":"BreadcrumbList","@id":"https:\/\/regiaonews.net.br\/2022\/2020\/11\/06\/deic-detem-homem-por-violacao-de-direito-autoral-durante-a-2a-fase-da-operacao-404\/#breadcrumb","itemListElement":[{"@type":"ListItem","position":1,"name":"In\u00edcio","item":"https:\/\/regiaonews.net.br\/2022\/"},{"@type":"ListItem","position":2,"name":"Deic det\u00e9m homem por viola\u00e7\u00e3o de direito autoral durante a 2\u00aa fase da Opera\u00e7\u00e3o 404"}]},{"@type":"WebSite","@id":"https:\/\/regiaonews.net.br\/2022\/#website","url":"https:\/\/regiaonews.net.br\/2022\/","name":"Regi\u00e3o News","description":"Site de Not\u00edcias de Barretos e regi\u00e3o","publisher":{"@id":"https:\/\/regiaonews.net.br\/2022\/#organization"},"potentialAction":[{"@type":"SearchAction","target":{"@type":"EntryPoint","urlTemplate":"https:\/\/regiaonews.net.br\/2022\/?s={search_term_string}"},"query-input":{"@type":"PropertyValueSpecification","valueRequired":true,"valueName":"search_term_string"}}],"inLanguage":"pt-BR"},{"@type":"Organization","@id":"https:\/\/regiaonews.net.br\/2022\/#organization","name":"Regi\u00e3o News","url":"https:\/\/regiaonews.net.br\/2022\/","logo":{"@type":"ImageObject","inLanguage":"pt-BR","@id":"https:\/\/regiaonews.net.br\/2022\/#\/schema\/logo\/image\/","url":"https:\/\/regiaonews.net.br\/2022\/wp-content\/uploads\/2026\/03\/regiao-13-anos-scaled.jpg","contentUrl":"https:\/\/regiaonews.net.br\/2022\/wp-content\/uploads\/2026\/03\/regiao-13-anos-scaled.jpg","width":2560,"height":635,"caption":"Regi\u00e3o News"},"image":{"@id":"https:\/\/regiaonews.net.br\/2022\/#\/schema\/logo\/image\/"}},{"@type":"Person","@id":"https:\/\/regiaonews.net.br\/2022\/#\/schema\/person\/2d205a608a5aa97ac279d7a5e6d89ad8","name":"Roberto","image":{"@type":"ImageObject","inLanguage":"pt-BR","@id":"https:\/\/secure.gravatar.com\/avatar\/42749d8b712ff9d59ca93dc150494e5b55a44134482993f5baeb97e61b7ecc89?s=96&d=mm&r=g","url":"https:\/\/secure.gravatar.com\/avatar\/42749d8b712ff9d59ca93dc150494e5b55a44134482993f5baeb97e61b7ecc89?s=96&d=mm&r=g","contentUrl":"https:\/\/secure.gravatar.com\/avatar\/42749d8b712ff9d59ca93dc150494e5b55a44134482993f5baeb97e61b7ecc89?s=96&d=mm&r=g","caption":"Roberto"},"url":"https:\/\/regiaonews.net.br\/2022\/author\/roberto\/"}]}},"publishpress_future_action":{"enabled":false,"date":"2026-05-03 03:04:30","action":"change-status","newStatus":"draft","terms":[],"taxonomy":"category","extraData":[]},"publishpress_future_workflow_manual_trigger":{"enabledWorkflows":[]},"_links":{"self":[{"href":"https:\/\/regiaonews.net.br\/2022\/wp-json\/wp\/v2\/posts\/39539","targetHints":{"allow":["GET"]}}],"collection":[{"href":"https:\/\/regiaonews.net.br\/2022\/wp-json\/wp\/v2\/posts"}],"about":[{"href":"https:\/\/regiaonews.net.br\/2022\/wp-json\/wp\/v2\/types\/post"}],"author":[{"embeddable":true,"href":"https:\/\/regiaonews.net.br\/2022\/wp-json\/wp\/v2\/users\/2"}],"replies":[{"embeddable":true,"href":"https:\/\/regiaonews.net.br\/2022\/wp-json\/wp\/v2\/comments?post=39539"}],"version-history":[{"count":0,"href":"https:\/\/regiaonews.net.br\/2022\/wp-json\/wp\/v2\/posts\/39539\/revisions"}],"wp:featuredmedia":[{"embeddable":true,"href":"https:\/\/regiaonews.net.br\/2022\/wp-json\/wp\/v2\/media\/39540"}],"wp:attachment":[{"href":"https:\/\/regiaonews.net.br\/2022\/wp-json\/wp\/v2\/media?parent=39539"}],"wp:term":[{"taxonomy":"category","embeddable":true,"href":"https:\/\/regiaonews.net.br\/2022\/wp-json\/wp\/v2\/categories?post=39539"},{"taxonomy":"post_tag","embeddable":true,"href":"https:\/\/regiaonews.net.br\/2022\/wp-json\/wp\/v2\/tags?post=39539"}],"curies":[{"name":"wp","href":"https:\/\/api.w.org\/{rel}","templated":true}]}}