{"id":39523,"date":"2020-11-06T16:49:19","date_gmt":"2020-11-06T19:49:19","guid":{"rendered":"https:\/\/regiaonews.net.br\/2022\/?p=39523"},"modified":"2020-11-06T16:49:19","modified_gmt":"2020-11-06T19:49:19","slug":"north-shopping-abre-oficialmente-a-temporada-de-natal-em-barretos-neste-domingo-08-de-novembro","status":"publish","type":"post","link":"https:\/\/regiaonews.net.br\/2022\/2020\/11\/06\/north-shopping-abre-oficialmente-a-temporada-de-natal-em-barretos-neste-domingo-08-de-novembro\/","title":{"rendered":"North Shopping abre  oficialmente a temporada de Natal em Barretos neste domingo, 08 de novembro"},"content":{"rendered":"<p><a href=\"https:\/\/regiaonews.net.br\/2022\/wp-content\/uploads\/2020\/11\/NSB-INAUGURA\u00c7\u00c3O-DECORA\u00c7\u00c3O-NATALINA.png\"><img loading=\"lazy\" decoding=\"async\" class=\"alignnone size-medium wp-image-39524\" src=\"https:\/\/regiaonews.net.br\/2022\/wp-content\/uploads\/2020\/11\/NSB-INAUGURA\u00c7\u00c3O-DECORA\u00c7\u00c3O-NATALINA-300x300.png\" alt=\"\" width=\"300\" height=\"300\" \/><\/a><\/p>\n<p style=\"margin-right: 27.0pt; text-align: justify;\"><span style=\"font-size: 10.0pt; font-family: 'Tahoma',sans-serif; color: #222222; letter-spacing: .15pt;\">O in\u00edcio de novembro anuncia que a temporada de prepara\u00e7\u00e3o para o Natal est\u00e1 aberta. Na regi\u00e3o de Barretos, h\u00e1 dez\u00a0 anos, a inaugura\u00e7\u00e3o da decora\u00e7\u00e3o natalina \u00a0no North Shopping \u00e9 aguardada por crian\u00e7as e adultos, como um renascimento da magia que cerca o clima nos \u00faltimos dias do ano. <\/span><\/p>\n<p>&nbsp;<\/p>\n<p style=\"margin-right: 27.0pt; text-align: justify;\"><span style=\"font-size: 10.0pt; font-family: 'Tahoma',sans-serif; color: #222222; letter-spacing: .15pt;\">Neste domingo, 08 de novembro o centro de compras abra oficialmente o seu Natal que tem como tema\u00a0 \u201cUma Noite Feliz\u201d.\u00a0 Devido a pandemia do novo coronav\u00edrus, esse ano n\u00e3o haver\u00e1 espet\u00e1culo art\u00edstico, bem como o Bom Velhinho Papai Noel n\u00e3o chegar\u00e1\u00a0 em seu trono como aconteceu ao longo da hist\u00f3ria do North Shopping.\u00a0\u00a0 A partir das 15h a Banda Quebra Nozes da Brav\u00edssimo Cultura &amp; Eventos\u00a0 percorrer\u00e1\u00a0 os corredores\u00a0 anunciando que a\u00a0 decora\u00e7\u00e3o natalina est\u00e1 inaugurada oficialmente. <\/span><\/p>\n<p>&nbsp;<\/p>\n<p style=\"margin-right: 27.0pt; text-align: justify;\">\n<p style=\"margin-right: 27.0pt; text-align: justify;\"><span style=\"font-size: 10.0pt; font-family: 'Tahoma',sans-serif; color: #222222; letter-spacing: .15pt;\">Toda decora\u00e7\u00e3o ser\u00e1 montada\u00a0 com a qualidade, carinho e cuidado nos detalhes, que \u00e9 padr\u00e3o nos eventos que levam a assinatura North Shopping Barretos.\u00a0na\u00a0 Um lindo trenzinho far\u00e1 parte do cen\u00e1rio central, tendo a assinatura do Goril\u00e3o Fam\u00edlia, ilhas espalhadas pelo shopping proporcionar\u00e1 \u00a0 espa\u00e7os para fotos em fam\u00edlia e at\u00e9 o trono do Bom Velhinho quisesse ano n\u00e3o receber\u00e1 seu dono ficar\u00e1 \u00e0\u00a0 disposi\u00e7\u00e3o dos clientes e frequentadores para registros. O pres\u00e9pio, maior s\u00edmbolo dessa festa \u00a0tamb\u00e9m n\u00e3o ficar\u00e1 de fora da decora\u00e7\u00e3o montada pela empresa Cen\u00e1rio \u00danico. Muitas luzes deixar\u00e3o o North Shopping Barretos ainda mais iluminado neste Natal que promete ser de muita Paz e Esperan\u00e7a para o mundo todo. \u00a0<\/span><\/p>\n<p>&nbsp;<\/p>\n","protected":false},"excerpt":{"rendered":"<p>O in\u00edcio de novembro anuncia que a temporada de prepara\u00e7\u00e3o<\/p>\n","protected":false},"author":2,"featured_media":39524,"comment_status":"open","ping_status":"open","sticky":false,"template":"","format":"standard","meta":{"footnotes":""},"categories":[14,25,48],"tags":[],"class_list":["post-39523","post","type-post","status-publish","format-standard","has-post-thumbnail","hentry","category-barretos","category-cidades","category-comercio"],"yoast_head":"<!-- This site is optimized with the Yoast SEO plugin v27.4 - https:\/\/yoast.com\/product\/yoast-seo-wordpress\/ -->\n<title>North Shopping abre oficialmente a temporada de Natal em Barretos neste domingo, 08 de novembro - Regi\u00e3o News<\/title>\n<meta name=\"robots\" content=\"index, follow, max-snippet:-1, max-image-preview:large, max-video-preview:-1\" \/>\n<link rel=\"canonical\" href=\"https:\/\/regiaonews.net.br\/2022\/2020\/11\/06\/north-shopping-abre-oficialmente-a-temporada-de-natal-em-barretos-neste-domingo-08-de-novembro\/\" \/>\n<meta property=\"og:locale\" content=\"pt_BR\" \/>\n<meta property=\"og:type\" content=\"article\" \/>\n<meta property=\"og:title\" content=\"North Shopping abre oficialmente a temporada de Natal em Barretos neste domingo, 08 de novembro - Regi\u00e3o News\" \/>\n<meta property=\"og:description\" content=\"O in\u00edcio de novembro anuncia que a temporada de prepara\u00e7\u00e3o\" \/>\n<meta property=\"og:url\" content=\"https:\/\/regiaonews.net.br\/2022\/2020\/11\/06\/north-shopping-abre-oficialmente-a-temporada-de-natal-em-barretos-neste-domingo-08-de-novembro\/\" \/>\n<meta property=\"og:site_name\" content=\"Regi\u00e3o News\" \/>\n<meta property=\"article:published_time\" content=\"2020-11-06T19:49:19+00:00\" \/>\n<meta property=\"og:image\" content=\"https:\/\/regiaonews.net.br\/2022\/wp-content\/uploads\/2020\/11\/NSB-INAUGURA\u00c7\u00c3O-DECORA\u00c7\u00c3O-NATALINA.png\" \/>\n\t<meta property=\"og:image:width\" content=\"1200\" \/>\n\t<meta property=\"og:image:height\" content=\"1200\" \/>\n\t<meta property=\"og:image:type\" content=\"image\/png\" \/>\n<meta name=\"author\" content=\"Roberto\" \/>\n<meta name=\"twitter:card\" content=\"summary_large_image\" \/>\n<meta name=\"twitter:label1\" content=\"Escrito por\" \/>\n\t<meta name=\"twitter:data1\" content=\"Roberto\" \/>\n\t<meta name=\"twitter:label2\" content=\"Est. tempo de leitura\" \/>\n\t<meta name=\"twitter:data2\" content=\"1 minuto\" \/>\n<script type=\"application\/ld+json\" class=\"yoast-schema-graph\">{\"@context\":\"https:\\\/\\\/schema.org\",\"@graph\":[{\"@type\":\"Article\",\"@id\":\"https:\\\/\\\/regiaonews.net.br\\\/2022\\\/2020\\\/11\\\/06\\\/north-shopping-abre-oficialmente-a-temporada-de-natal-em-barretos-neste-domingo-08-de-novembro\\\/#article\",\"isPartOf\":{\"@id\":\"https:\\\/\\\/regiaonews.net.br\\\/2022\\\/2020\\\/11\\\/06\\\/north-shopping-abre-oficialmente-a-temporada-de-natal-em-barretos-neste-domingo-08-de-novembro\\\/\"},\"author\":{\"name\":\"Roberto\",\"@id\":\"https:\\\/\\\/regiaonews.net.br\\\/2022\\\/#\\\/schema\\\/person\\\/2d205a608a5aa97ac279d7a5e6d89ad8\"},\"headline\":\"North Shopping abre oficialmente a temporada de Natal em Barretos neste domingo, 08 de novembro\",\"datePublished\":\"2020-11-06T19:49:19+00:00\",\"mainEntityOfPage\":{\"@id\":\"https:\\\/\\\/regiaonews.net.br\\\/2022\\\/2020\\\/11\\\/06\\\/north-shopping-abre-oficialmente-a-temporada-de-natal-em-barretos-neste-domingo-08-de-novembro\\\/\"},\"wordCount\":285,\"commentCount\":0,\"publisher\":{\"@id\":\"https:\\\/\\\/regiaonews.net.br\\\/2022\\\/#organization\"},\"image\":{\"@id\":\"https:\\\/\\\/regiaonews.net.br\\\/2022\\\/2020\\\/11\\\/06\\\/north-shopping-abre-oficialmente-a-temporada-de-natal-em-barretos-neste-domingo-08-de-novembro\\\/#primaryimage\"},\"thumbnailUrl\":\"https:\\\/\\\/regiaonews.net.br\\\/2022\\\/wp-content\\\/uploads\\\/2020\\\/11\\\/NSB-INAUGURA\u00c7\u00c3O-DECORA\u00c7\u00c3O-NATALINA.png\",\"articleSection\":[\"Barretos\",\"Cidades\",\"Com\u00e9rcio\"],\"inLanguage\":\"pt-BR\",\"potentialAction\":[{\"@type\":\"CommentAction\",\"name\":\"Comment\",\"target\":[\"https:\\\/\\\/regiaonews.net.br\\\/2022\\\/2020\\\/11\\\/06\\\/north-shopping-abre-oficialmente-a-temporada-de-natal-em-barretos-neste-domingo-08-de-novembro\\\/#respond\"]}]},{\"@type\":\"WebPage\",\"@id\":\"https:\\\/\\\/regiaonews.net.br\\\/2022\\\/2020\\\/11\\\/06\\\/north-shopping-abre-oficialmente-a-temporada-de-natal-em-barretos-neste-domingo-08-de-novembro\\\/\",\"url\":\"https:\\\/\\\/regiaonews.net.br\\\/2022\\\/2020\\\/11\\\/06\\\/north-shopping-abre-oficialmente-a-temporada-de-natal-em-barretos-neste-domingo-08-de-novembro\\\/\",\"name\":\"North Shopping abre oficialmente a temporada de Natal em Barretos neste domingo, 08 de novembro - Regi\u00e3o News\",\"isPartOf\":{\"@id\":\"https:\\\/\\\/regiaonews.net.br\\\/2022\\\/#website\"},\"primaryImageOfPage\":{\"@id\":\"https:\\\/\\\/regiaonews.net.br\\\/2022\\\/2020\\\/11\\\/06\\\/north-shopping-abre-oficialmente-a-temporada-de-natal-em-barretos-neste-domingo-08-de-novembro\\\/#primaryimage\"},\"image\":{\"@id\":\"https:\\\/\\\/regiaonews.net.br\\\/2022\\\/2020\\\/11\\\/06\\\/north-shopping-abre-oficialmente-a-temporada-de-natal-em-barretos-neste-domingo-08-de-novembro\\\/#primaryimage\"},\"thumbnailUrl\":\"https:\\\/\\\/regiaonews.net.br\\\/2022\\\/wp-content\\\/uploads\\\/2020\\\/11\\\/NSB-INAUGURA\u00c7\u00c3O-DECORA\u00c7\u00c3O-NATALINA.png\",\"datePublished\":\"2020-11-06T19:49:19+00:00\",\"breadcrumb\":{\"@id\":\"https:\\\/\\\/regiaonews.net.br\\\/2022\\\/2020\\\/11\\\/06\\\/north-shopping-abre-oficialmente-a-temporada-de-natal-em-barretos-neste-domingo-08-de-novembro\\\/#breadcrumb\"},\"inLanguage\":\"pt-BR\",\"potentialAction\":[{\"@type\":\"ReadAction\",\"target\":[\"https:\\\/\\\/regiaonews.net.br\\\/2022\\\/2020\\\/11\\\/06\\\/north-shopping-abre-oficialmente-a-temporada-de-natal-em-barretos-neste-domingo-08-de-novembro\\\/\"]}]},{\"@type\":\"ImageObject\",\"inLanguage\":\"pt-BR\",\"@id\":\"https:\\\/\\\/regiaonews.net.br\\\/2022\\\/2020\\\/11\\\/06\\\/north-shopping-abre-oficialmente-a-temporada-de-natal-em-barretos-neste-domingo-08-de-novembro\\\/#primaryimage\",\"url\":\"https:\\\/\\\/regiaonews.net.br\\\/2022\\\/wp-content\\\/uploads\\\/2020\\\/11\\\/NSB-INAUGURA\u00c7\u00c3O-DECORA\u00c7\u00c3O-NATALINA.png\",\"contentUrl\":\"https:\\\/\\\/regiaonews.net.br\\\/2022\\\/wp-content\\\/uploads\\\/2020\\\/11\\\/NSB-INAUGURA\u00c7\u00c3O-DECORA\u00c7\u00c3O-NATALINA.png\",\"width\":1200,\"height\":1200},{\"@type\":\"BreadcrumbList\",\"@id\":\"https:\\\/\\\/regiaonews.net.br\\\/2022\\\/2020\\\/11\\\/06\\\/north-shopping-abre-oficialmente-a-temporada-de-natal-em-barretos-neste-domingo-08-de-novembro\\\/#breadcrumb\",\"itemListElement\":[{\"@type\":\"ListItem\",\"position\":1,\"name\":\"In\u00edcio\",\"item\":\"https:\\\/\\\/regiaonews.net.br\\\/2022\\\/\"},{\"@type\":\"ListItem\",\"position\":2,\"name\":\"North Shopping abre oficialmente a temporada de Natal em Barretos neste domingo, 08 de novembro\"}]},{\"@type\":\"WebSite\",\"@id\":\"https:\\\/\\\/regiaonews.net.br\\\/2022\\\/#website\",\"url\":\"https:\\\/\\\/regiaonews.net.br\\\/2022\\\/\",\"name\":\"Regi\u00e3o News\",\"description\":\"Site de Not\u00edcias de Barretos e regi\u00e3o\",\"publisher\":{\"@id\":\"https:\\\/\\\/regiaonews.net.br\\\/2022\\\/#organization\"},\"potentialAction\":[{\"@type\":\"SearchAction\",\"target\":{\"@type\":\"EntryPoint\",\"urlTemplate\":\"https:\\\/\\\/regiaonews.net.br\\\/2022\\\/?s={search_term_string}\"},\"query-input\":{\"@type\":\"PropertyValueSpecification\",\"valueRequired\":true,\"valueName\":\"search_term_string\"}}],\"inLanguage\":\"pt-BR\"},{\"@type\":\"Organization\",\"@id\":\"https:\\\/\\\/regiaonews.net.br\\\/2022\\\/#organization\",\"name\":\"Regi\u00e3o News\",\"url\":\"https:\\\/\\\/regiaonews.net.br\\\/2022\\\/\",\"logo\":{\"@type\":\"ImageObject\",\"inLanguage\":\"pt-BR\",\"@id\":\"https:\\\/\\\/regiaonews.net.br\\\/2022\\\/#\\\/schema\\\/logo\\\/image\\\/\",\"url\":\"https:\\\/\\\/regiaonews.net.br\\\/2022\\\/wp-content\\\/uploads\\\/2026\\\/03\\\/regiao-13-anos-scaled.jpg\",\"contentUrl\":\"https:\\\/\\\/regiaonews.net.br\\\/2022\\\/wp-content\\\/uploads\\\/2026\\\/03\\\/regiao-13-anos-scaled.jpg\",\"width\":2560,\"height\":635,\"caption\":\"Regi\u00e3o News\"},\"image\":{\"@id\":\"https:\\\/\\\/regiaonews.net.br\\\/2022\\\/#\\\/schema\\\/logo\\\/image\\\/\"}},{\"@type\":\"Person\",\"@id\":\"https:\\\/\\\/regiaonews.net.br\\\/2022\\\/#\\\/schema\\\/person\\\/2d205a608a5aa97ac279d7a5e6d89ad8\",\"name\":\"Roberto\",\"image\":{\"@type\":\"ImageObject\",\"inLanguage\":\"pt-BR\",\"@id\":\"https:\\\/\\\/secure.gravatar.com\\\/avatar\\\/42749d8b712ff9d59ca93dc150494e5b55a44134482993f5baeb97e61b7ecc89?s=96&d=mm&r=g\",\"url\":\"https:\\\/\\\/secure.gravatar.com\\\/avatar\\\/42749d8b712ff9d59ca93dc150494e5b55a44134482993f5baeb97e61b7ecc89?s=96&d=mm&r=g\",\"contentUrl\":\"https:\\\/\\\/secure.gravatar.com\\\/avatar\\\/42749d8b712ff9d59ca93dc150494e5b55a44134482993f5baeb97e61b7ecc89?s=96&d=mm&r=g\",\"caption\":\"Roberto\"},\"url\":\"https:\\\/\\\/regiaonews.net.br\\\/2022\\\/author\\\/roberto\\\/\"}]}<\/script>\n<!-- \/ Yoast SEO plugin. -->","yoast_head_json":{"title":"North Shopping abre oficialmente a temporada de Natal em Barretos neste domingo, 08 de novembro - Regi\u00e3o News","robots":{"index":"index","follow":"follow","max-snippet":"max-snippet:-1","max-image-preview":"max-image-preview:large","max-video-preview":"max-video-preview:-1"},"canonical":"https:\/\/regiaonews.net.br\/2022\/2020\/11\/06\/north-shopping-abre-oficialmente-a-temporada-de-natal-em-barretos-neste-domingo-08-de-novembro\/","og_locale":"pt_BR","og_type":"article","og_title":"North Shopping abre oficialmente a temporada de Natal em Barretos neste domingo, 08 de novembro - Regi\u00e3o News","og_description":"O in\u00edcio de novembro anuncia que a temporada de prepara\u00e7\u00e3o","og_url":"https:\/\/regiaonews.net.br\/2022\/2020\/11\/06\/north-shopping-abre-oficialmente-a-temporada-de-natal-em-barretos-neste-domingo-08-de-novembro\/","og_site_name":"Regi\u00e3o News","article_published_time":"2020-11-06T19:49:19+00:00","og_image":[{"width":1200,"height":1200,"url":"https:\/\/regiaonews.net.br\/2022\/wp-content\/uploads\/2020\/11\/NSB-INAUGURA\u00c7\u00c3O-DECORA\u00c7\u00c3O-NATALINA.png","type":"image\/png"}],"author":"Roberto","twitter_card":"summary_large_image","twitter_misc":{"Escrito por":"Roberto","Est. tempo de leitura":"1 minuto"},"schema":{"@context":"https:\/\/schema.org","@graph":[{"@type":"Article","@id":"https:\/\/regiaonews.net.br\/2022\/2020\/11\/06\/north-shopping-abre-oficialmente-a-temporada-de-natal-em-barretos-neste-domingo-08-de-novembro\/#article","isPartOf":{"@id":"https:\/\/regiaonews.net.br\/2022\/2020\/11\/06\/north-shopping-abre-oficialmente-a-temporada-de-natal-em-barretos-neste-domingo-08-de-novembro\/"},"author":{"name":"Roberto","@id":"https:\/\/regiaonews.net.br\/2022\/#\/schema\/person\/2d205a608a5aa97ac279d7a5e6d89ad8"},"headline":"North Shopping abre oficialmente a temporada de Natal em Barretos neste domingo, 08 de novembro","datePublished":"2020-11-06T19:49:19+00:00","mainEntityOfPage":{"@id":"https:\/\/regiaonews.net.br\/2022\/2020\/11\/06\/north-shopping-abre-oficialmente-a-temporada-de-natal-em-barretos-neste-domingo-08-de-novembro\/"},"wordCount":285,"commentCount":0,"publisher":{"@id":"https:\/\/regiaonews.net.br\/2022\/#organization"},"image":{"@id":"https:\/\/regiaonews.net.br\/2022\/2020\/11\/06\/north-shopping-abre-oficialmente-a-temporada-de-natal-em-barretos-neste-domingo-08-de-novembro\/#primaryimage"},"thumbnailUrl":"https:\/\/regiaonews.net.br\/2022\/wp-content\/uploads\/2020\/11\/NSB-INAUGURA\u00c7\u00c3O-DECORA\u00c7\u00c3O-NATALINA.png","articleSection":["Barretos","Cidades","Com\u00e9rcio"],"inLanguage":"pt-BR","potentialAction":[{"@type":"CommentAction","name":"Comment","target":["https:\/\/regiaonews.net.br\/2022\/2020\/11\/06\/north-shopping-abre-oficialmente-a-temporada-de-natal-em-barretos-neste-domingo-08-de-novembro\/#respond"]}]},{"@type":"WebPage","@id":"https:\/\/regiaonews.net.br\/2022\/2020\/11\/06\/north-shopping-abre-oficialmente-a-temporada-de-natal-em-barretos-neste-domingo-08-de-novembro\/","url":"https:\/\/regiaonews.net.br\/2022\/2020\/11\/06\/north-shopping-abre-oficialmente-a-temporada-de-natal-em-barretos-neste-domingo-08-de-novembro\/","name":"North Shopping abre oficialmente a temporada de Natal em Barretos neste domingo, 08 de novembro - Regi\u00e3o News","isPartOf":{"@id":"https:\/\/regiaonews.net.br\/2022\/#website"},"primaryImageOfPage":{"@id":"https:\/\/regiaonews.net.br\/2022\/2020\/11\/06\/north-shopping-abre-oficialmente-a-temporada-de-natal-em-barretos-neste-domingo-08-de-novembro\/#primaryimage"},"image":{"@id":"https:\/\/regiaonews.net.br\/2022\/2020\/11\/06\/north-shopping-abre-oficialmente-a-temporada-de-natal-em-barretos-neste-domingo-08-de-novembro\/#primaryimage"},"thumbnailUrl":"https:\/\/regiaonews.net.br\/2022\/wp-content\/uploads\/2020\/11\/NSB-INAUGURA\u00c7\u00c3O-DECORA\u00c7\u00c3O-NATALINA.png","datePublished":"2020-11-06T19:49:19+00:00","breadcrumb":{"@id":"https:\/\/regiaonews.net.br\/2022\/2020\/11\/06\/north-shopping-abre-oficialmente-a-temporada-de-natal-em-barretos-neste-domingo-08-de-novembro\/#breadcrumb"},"inLanguage":"pt-BR","potentialAction":[{"@type":"ReadAction","target":["https:\/\/regiaonews.net.br\/2022\/2020\/11\/06\/north-shopping-abre-oficialmente-a-temporada-de-natal-em-barretos-neste-domingo-08-de-novembro\/"]}]},{"@type":"ImageObject","inLanguage":"pt-BR","@id":"https:\/\/regiaonews.net.br\/2022\/2020\/11\/06\/north-shopping-abre-oficialmente-a-temporada-de-natal-em-barretos-neste-domingo-08-de-novembro\/#primaryimage","url":"https:\/\/regiaonews.net.br\/2022\/wp-content\/uploads\/2020\/11\/NSB-INAUGURA\u00c7\u00c3O-DECORA\u00c7\u00c3O-NATALINA.png","contentUrl":"https:\/\/regiaonews.net.br\/2022\/wp-content\/uploads\/2020\/11\/NSB-INAUGURA\u00c7\u00c3O-DECORA\u00c7\u00c3O-NATALINA.png","width":1200,"height":1200},{"@type":"BreadcrumbList","@id":"https:\/\/regiaonews.net.br\/2022\/2020\/11\/06\/north-shopping-abre-oficialmente-a-temporada-de-natal-em-barretos-neste-domingo-08-de-novembro\/#breadcrumb","itemListElement":[{"@type":"ListItem","position":1,"name":"In\u00edcio","item":"https:\/\/regiaonews.net.br\/2022\/"},{"@type":"ListItem","position":2,"name":"North Shopping abre oficialmente a temporada de Natal em Barretos neste domingo, 08 de novembro"}]},{"@type":"WebSite","@id":"https:\/\/regiaonews.net.br\/2022\/#website","url":"https:\/\/regiaonews.net.br\/2022\/","name":"Regi\u00e3o News","description":"Site de Not\u00edcias de Barretos e regi\u00e3o","publisher":{"@id":"https:\/\/regiaonews.net.br\/2022\/#organization"},"potentialAction":[{"@type":"SearchAction","target":{"@type":"EntryPoint","urlTemplate":"https:\/\/regiaonews.net.br\/2022\/?s={search_term_string}"},"query-input":{"@type":"PropertyValueSpecification","valueRequired":true,"valueName":"search_term_string"}}],"inLanguage":"pt-BR"},{"@type":"Organization","@id":"https:\/\/regiaonews.net.br\/2022\/#organization","name":"Regi\u00e3o News","url":"https:\/\/regiaonews.net.br\/2022\/","logo":{"@type":"ImageObject","inLanguage":"pt-BR","@id":"https:\/\/regiaonews.net.br\/2022\/#\/schema\/logo\/image\/","url":"https:\/\/regiaonews.net.br\/2022\/wp-content\/uploads\/2026\/03\/regiao-13-anos-scaled.jpg","contentUrl":"https:\/\/regiaonews.net.br\/2022\/wp-content\/uploads\/2026\/03\/regiao-13-anos-scaled.jpg","width":2560,"height":635,"caption":"Regi\u00e3o News"},"image":{"@id":"https:\/\/regiaonews.net.br\/2022\/#\/schema\/logo\/image\/"}},{"@type":"Person","@id":"https:\/\/regiaonews.net.br\/2022\/#\/schema\/person\/2d205a608a5aa97ac279d7a5e6d89ad8","name":"Roberto","image":{"@type":"ImageObject","inLanguage":"pt-BR","@id":"https:\/\/secure.gravatar.com\/avatar\/42749d8b712ff9d59ca93dc150494e5b55a44134482993f5baeb97e61b7ecc89?s=96&d=mm&r=g","url":"https:\/\/secure.gravatar.com\/avatar\/42749d8b712ff9d59ca93dc150494e5b55a44134482993f5baeb97e61b7ecc89?s=96&d=mm&r=g","contentUrl":"https:\/\/secure.gravatar.com\/avatar\/42749d8b712ff9d59ca93dc150494e5b55a44134482993f5baeb97e61b7ecc89?s=96&d=mm&r=g","caption":"Roberto"},"url":"https:\/\/regiaonews.net.br\/2022\/author\/roberto\/"}]}},"publishpress_future_action":{"enabled":false,"date":"2026-05-03 09:22:32","action":"change-status","newStatus":"draft","terms":[],"taxonomy":"category","extraData":[]},"publishpress_future_workflow_manual_trigger":{"enabledWorkflows":[]},"_links":{"self":[{"href":"https:\/\/regiaonews.net.br\/2022\/wp-json\/wp\/v2\/posts\/39523","targetHints":{"allow":["GET"]}}],"collection":[{"href":"https:\/\/regiaonews.net.br\/2022\/wp-json\/wp\/v2\/posts"}],"about":[{"href":"https:\/\/regiaonews.net.br\/2022\/wp-json\/wp\/v2\/types\/post"}],"author":[{"embeddable":true,"href":"https:\/\/regiaonews.net.br\/2022\/wp-json\/wp\/v2\/users\/2"}],"replies":[{"embeddable":true,"href":"https:\/\/regiaonews.net.br\/2022\/wp-json\/wp\/v2\/comments?post=39523"}],"version-history":[{"count":0,"href":"https:\/\/regiaonews.net.br\/2022\/wp-json\/wp\/v2\/posts\/39523\/revisions"}],"wp:featuredmedia":[{"embeddable":true,"href":"https:\/\/regiaonews.net.br\/2022\/wp-json\/wp\/v2\/media\/39524"}],"wp:attachment":[{"href":"https:\/\/regiaonews.net.br\/2022\/wp-json\/wp\/v2\/media?parent=39523"}],"wp:term":[{"taxonomy":"category","embeddable":true,"href":"https:\/\/regiaonews.net.br\/2022\/wp-json\/wp\/v2\/categories?post=39523"},{"taxonomy":"post_tag","embeddable":true,"href":"https:\/\/regiaonews.net.br\/2022\/wp-json\/wp\/v2\/tags?post=39523"}],"curies":[{"name":"wp","href":"https:\/\/api.w.org\/{rel}","templated":true}]}}