{"id":39495,"date":"2020-11-05T12:39:40","date_gmt":"2020-11-05T15:39:40","guid":{"rendered":"https:\/\/regiaonews.net.br\/2022\/?p=39495"},"modified":"2020-11-05T12:39:40","modified_gmt":"2020-11-05T15:39:40","slug":"prefeitura-de-barretos-entrega-cci-luiza-monteiro-de-barros","status":"publish","type":"post","link":"https:\/\/regiaonews.net.br\/2022\/2020\/11\/05\/prefeitura-de-barretos-entrega-cci-luiza-monteiro-de-barros\/","title":{"rendered":"Prefeitura de Barretos entrega CCI \u201cLuiza Monteiro de Barros\u201d"},"content":{"rendered":"<p><a href=\"https:\/\/regiaonews.net.br\/2022\/wp-content\/uploads\/2020\/11\/MON4858.jpg\"><img loading=\"lazy\" decoding=\"async\" class=\"alignnone size-medium wp-image-39496\" src=\"https:\/\/regiaonews.net.br\/2022\/wp-content\/uploads\/2020\/11\/MON4858-300x200.jpg\" alt=\"\" width=\"300\" height=\"200\" \/><\/a> <a href=\"https:\/\/regiaonews.net.br\/2022\/wp-content\/uploads\/2020\/11\/8-_MON7795-1.jpg\"><img loading=\"lazy\" decoding=\"async\" class=\"alignnone size-medium wp-image-39497\" src=\"https:\/\/regiaonews.net.br\/2022\/wp-content\/uploads\/2020\/11\/8-_MON7795-1-300x200.jpg\" alt=\"\" width=\"300\" height=\"200\" \/><\/a><a href=\"https:\/\/regiaonews.net.br\/2022\/wp-content\/uploads\/2020\/11\/MON4960.jpg\"><img loading=\"lazy\" decoding=\"async\" class=\"alignnone size-medium wp-image-39498\" src=\"https:\/\/regiaonews.net.br\/2022\/wp-content\/uploads\/2020\/11\/MON4960-300x200.jpg\" alt=\"\" width=\"300\" height=\"200\" \/><\/a> <a href=\"https:\/\/regiaonews.net.br\/2022\/wp-content\/uploads\/2020\/11\/MON5139.jpg\"><img loading=\"lazy\" decoding=\"async\" class=\"alignnone size-medium wp-image-39499\" src=\"https:\/\/regiaonews.net.br\/2022\/wp-content\/uploads\/2020\/11\/MON5139-300x200.jpg\" alt=\"\" width=\"300\" height=\"200\" \/><\/a><\/p>\n<p><a href=\"https:\/\/regiaonews.net.br\/2022\/wp-content\/uploads\/2020\/11\/MON5085.jpg\"><img loading=\"lazy\" decoding=\"async\" class=\"alignnone size-medium wp-image-39501\" src=\"https:\/\/regiaonews.net.br\/2022\/wp-content\/uploads\/2020\/11\/MON5085-300x200.jpg\" alt=\"\" width=\"300\" height=\"200\" \/><\/a><\/p>\n<p class=\"xmsonormal\" style=\"text-align: justify; text-indent: 35.45pt; line-height: 17.0pt;\">Barretos tem um novo CCI (Centro de Conviv\u00eancia do Idoso), que foi entregue pela Prefeitura de Barretos na tarde de quarta-feira, 4 de outubro\/2020. Tendo como patrona \u201c<span style=\"font-size: 12.0pt; font-family: 'Arial',sans-serif;\">Luiza Monteiro de Barros\u201d, a unidade, localizada no Bairro Mar\u00edlia, \u00e9 dotada de um sal\u00e3o multiuso, sanit\u00e1rios masculino e feminino e adaptados, cozinha, sala de equipe t\u00e9cnica e uma \u00e1rea externa gramada para atividades. <\/span><\/p>\n<p class=\"xmsonormal\" style=\"text-align: justify; text-indent: 35.45pt; line-height: 17.0pt;\">No local ser\u00e3o desenvolvidas atividades de oficinas de artesanato, atividades esportivas, gin\u00e1stica, dan\u00e7a e reuni\u00f5es s\u00f3cio educativas. O ato de entrega reuniu autoridades e familiares da homenageada com o nome da unidade, a terceira implantada pela atual gest\u00e3o, que ainda vai ainda entregar a unidade do Bairro Fortaleza, o CCI \u201cIdalina Aparecida Anast\u00e1cio\u201d, que est\u00e1 localizado na \u00e1rea da antiga gare da Fepasa, num pr\u00e9dio que foi totalmente reformado, reestruturado e modernizado.<\/p>\n<p class=\"xmsonormal\" style=\"text-align: justify; text-indent: 35.45pt; line-height: 17.0pt;\">O CCI Luiza Monteiro de Barros foi constru\u00eddo com verba do Fundo Municipal do Idoso, fonte captadora de recursos, que \u00e9 gerido pelo Conselho Municipal do Idoso, que viu a necessidade de edificar esta unidade, deliberou e autorizou a Prefeitura a constru\u00ed-lo.<\/p>\n<p class=\"xmsonormal\" style=\"text-align: justify; text-indent: 35.45pt; line-height: 17.0pt;\">O empres\u00e1rio Marcelo Monteiro de Barros, presente no ato da entrega com a fam\u00edlia de Luiza Monteiro de Barros, sua av\u00f3, agradeceu a homenagem e ressaltou ser um motivo de muita gratid\u00e3o e reconhecimento. \u201c\u201dQuem conheceu Luiza Monteiro sabe que se trata de uma pessoa que teve um cora\u00e7\u00e3o acolhedor e homenage\u00e1-la com um equipamento para atendimento de idosos representa muito como foi sua forma de vida, de atender o pr\u00f3ximo e \u00e9 muito significativa n\u00e3o s\u00f3 para a fam\u00edlia, mas para toda comunidade barretense\u201d, observou.<\/p>\n<p class=\"xmsonormal\" style=\"text-align: justify; text-indent: 35.45pt; line-height: 17.0pt;\">O Prefeito Guilherme \u00c1vila destacou que a popula\u00e7\u00e3o tem a expectativa de vida aumentada e no in\u00edcio de 2013, Barretos que era dotada de apenas um deste tipo de equipamento chega agora neste final de 2020 com cinco unidades, com a entrega do CCI Luiza Monteiro de Barros e o CCI Idalina Anast\u00e1cio que ser\u00e1 entregue nos pr\u00f3ximos dias, no Bairro Fortaleza, para cuidar bem do idoso, oferecendo-lhe acolhimento, integra\u00e7\u00e3o e, qualidade de vida.<\/p>\n<p class=\"xmsonormal\" style=\"text-align: justify; line-height: 18.0pt; text-autospace: none;\">\u00a0\u00a0\u00a0\u00a0\u00a0\u00a0\u00a0\u00a0\u00a0\u00a0\u00a0\u00a0\u00a0\u00a0 <b>LUIZA MONTEIRO &#8211;<\/b> <span style=\"font-size: 12.0pt; font-family: 'Arial',sans-serif;\">Filha de Miguel Cardilo e Aparecida da Concei\u00e7\u00e3o, Luiza Monteiro de Barros nasceu no dia 8 de fevereiro de 1938, na cidade de Botelhos, regi\u00e3o de Po\u00e7os de Caldas, Minas Gerais. \u00c9 autora do livro Cozinhando com Amor. Faz parte dos fundadores da Televis\u00e3o Independente de S\u00e3o Jos\u00e9 do Rio Preto, a Rede Vida de Televis\u00e3o, junto ao seu esposo, o jornalista Jo\u00e3o Monteiro de Barros Filho. <\/span><\/p>\n<p class=\"xmsonormal\" style=\"text-align: justify; line-height: 18.0pt; text-autospace: none;\"><span style=\"font-size: 12.0pt; font-family: 'Arial',sans-serif;\">\u00a0\u00a0\u00a0\u00a0\u00a0\u00a0\u00a0\u00a0\u00a0\u00a0\u00a0\u00a0\u00a0\u00a0 \u00c9 m\u00e3e de Luiz Ant\u00f4nio Monteiro de Barros, casado com M\u00e1rcia Sandoval Monteiro de Barros; e Jo\u00e3o Monteiro de Barros Neto, casado com Eloisa Monteiro de Barros. S\u00e3o seus netos, Mariana, Lucas, Marcelo, Lara, Jo\u00e3o e Helena.<\/span><\/p>\n<p class=\"xmsonormal\" style=\"text-align: justify; line-height: 18.0pt; text-autospace: none;\"><span style=\"font-size: 12.0pt; font-family: 'Arial',sans-serif;\">\u00a0\u00a0\u00a0\u00a0\u00a0\u00a0\u00a0\u00a0\u00a0\u00a0\u00a0\u00a0\u00a0\u00a0 A hist\u00f3ria da vida de Luiza \u00e9 de uma pessoa simples, corajosa, lutadora e temente a Deus. De inf\u00e2ncia humilde na zona rural de Botelhos, teve sua forma\u00e7\u00e3o no Lar da fam\u00edlia Cardilo, em Po\u00e7os de Caldas, pois ainda crian\u00e7a perdeu seus pais. Na Juventude trabalhou em consult\u00f3rios m\u00e9dicos e ajudou na casa de seus tios Remo e Iolanda.<\/span><\/p>\n<p class=\"xmsonormal\" style=\"text-align: justify; line-height: 18.0pt; text-autospace: none;\"><span style=\"font-size: 12.0pt; font-family: 'Arial',sans-serif;\">\u00a0\u00a0\u00a0\u00a0\u00a0\u00a0\u00a0\u00a0\u00a0\u00a0\u00a0\u00a0\u00a0\u00a0 Estava em S\u00e3o Paulo, num encontro da fam\u00edlia Cardilo, em 29 de mar\u00e7o de 1957, quando sua prima, Maria Helena, a convidou para passar dias em Barretos.<\/span><\/p>\n<p class=\"xmsonormal\" style=\"text-align: justify; line-height: 18.0pt; text-autospace: none;\"><span style=\"font-size: 12.0pt; font-family: 'Arial',sans-serif;\">\u00a0\u00a0\u00a0\u00a0\u00a0\u00a0\u00a0\u00a0\u00a0\u00a0\u00a0\u00a0\u00a0\u00a0 Em 2 de setembro de 1959, casou-se com o jornalista Jo\u00e3o Monteiro de Barros Filho, que trabalhava na PRJ-8, a R\u00e1dio Barretos e foi morar com a sogra, senhora In\u00eas Monteiro de Barros.\u00a0\u00a0\u00a0\u00a0\u00a0\u00a0\u00a0\u00a0\u00a0 <\/span><\/p>\n<p class=\"xmsonormal\" style=\"text-align: justify; line-height: 18.0pt; text-autospace: none;\"><span style=\"font-size: 12.0pt; font-family: 'Arial',sans-serif;\">\u00a0\u00a0\u00a0\u00a0\u00a0\u00a0\u00a0\u00a0\u00a0\u00a0\u00a0\u00a0\u00a0\u00a0 Casada com o jornalista Jo\u00e3o Monteiro de Barros Filho, ap\u00f3s o nascimento dos filhos Luiz Ant\u00f4nio e Monteiro Neto, o m\u00e9dico barretense doutor Luiz Spina, orientou que procurasse o doutor Emil Sabaga, em S\u00e3o Paulo, pois tinha um problema renal grav\u00edssimo. Em 29 de junho de 1989, foi feito o transplante renal, cuja doa\u00e7\u00e3o foi feita pelo radialista Wollinsk Maruco, que cedeu um dos seus.<\/span><\/p>\n<p class=\"xmsonormal\" style=\"text-align: justify; line-height: 18.0pt; text-autospace: none;\"><span style=\"font-size: 12.0pt; font-family: 'Arial',sans-serif;\">\u00a0\u00a0\u00a0\u00a0\u00a0\u00a0\u00a0\u00a0\u00a0\u00a0\u00a0\u00a0\u00a0\u00a0 No dia 11 de junho de 2017, Luiza Monteiro de Barretos faleceu em Barretos, causando grande consterna\u00e7\u00e3o nos meios sociais da Cidade e grande tristeza em sua fam\u00edlia. Sua hist\u00f3ria de vida, por\u00e9m, os fortalece, pois foi uma mulher guerreira e am\u00e1vel, zelosa, educada, humilde e sempre prestativa para com as pessoas e seu nome hoje \u00e9 perpetuado neste Centro de Conviv\u00eancia do Idoso por iniciativa da C\u00e2mara Municipal de Barretos.<\/span><\/p>\n<p class=\"xmsonormal\" style=\"text-align: justify; line-height: 17.0pt;\">\n","protected":false},"excerpt":{"rendered":"<p>Barretos tem um novo CCI (Centro de Conviv\u00eancia do Idoso),<\/p>\n","protected":false},"author":2,"featured_media":39499,"comment_status":"open","ping_status":"open","sticky":false,"template":"","format":"standard","meta":{"footnotes":""},"categories":[14,25,41],"tags":[],"class_list":["post-39495","post","type-post","status-publish","format-standard","has-post-thumbnail","hentry","category-barretos","category-cidades","category-social"],"yoast_head":"<!-- This site is optimized with the Yoast SEO plugin v27.4 - https:\/\/yoast.com\/product\/yoast-seo-wordpress\/ -->\n<title>Prefeitura de Barretos entrega CCI \u201cLuiza Monteiro de Barros\u201d - Regi\u00e3o News<\/title>\n<meta name=\"robots\" content=\"index, follow, max-snippet:-1, max-image-preview:large, max-video-preview:-1\" \/>\n<link rel=\"canonical\" href=\"https:\/\/regiaonews.net.br\/2022\/2020\/11\/05\/prefeitura-de-barretos-entrega-cci-luiza-monteiro-de-barros\/\" \/>\n<meta property=\"og:locale\" content=\"pt_BR\" \/>\n<meta property=\"og:type\" content=\"article\" \/>\n<meta property=\"og:title\" content=\"Prefeitura de Barretos entrega CCI \u201cLuiza Monteiro de Barros\u201d - Regi\u00e3o News\" \/>\n<meta property=\"og:description\" content=\"Barretos tem um novo CCI (Centro de Conviv\u00eancia do Idoso),\" \/>\n<meta property=\"og:url\" content=\"https:\/\/regiaonews.net.br\/2022\/2020\/11\/05\/prefeitura-de-barretos-entrega-cci-luiza-monteiro-de-barros\/\" \/>\n<meta property=\"og:site_name\" content=\"Regi\u00e3o News\" \/>\n<meta property=\"article:published_time\" content=\"2020-11-05T15:39:40+00:00\" \/>\n<meta property=\"og:image\" content=\"https:\/\/regiaonews.net.br\/2022\/wp-content\/uploads\/2020\/11\/MON5139.jpg\" \/>\n\t<meta property=\"og:image:width\" content=\"2000\" \/>\n\t<meta property=\"og:image:height\" content=\"1335\" \/>\n\t<meta property=\"og:image:type\" content=\"image\/jpeg\" \/>\n<meta name=\"author\" content=\"Roberto\" \/>\n<meta name=\"twitter:card\" content=\"summary_large_image\" \/>\n<meta name=\"twitter:label1\" content=\"Escrito por\" \/>\n\t<meta name=\"twitter:data1\" content=\"Roberto\" \/>\n\t<meta name=\"twitter:label2\" content=\"Est. tempo de leitura\" \/>\n\t<meta name=\"twitter:data2\" content=\"4 minutos\" \/>\n<script type=\"application\/ld+json\" class=\"yoast-schema-graph\">{\"@context\":\"https:\\\/\\\/schema.org\",\"@graph\":[{\"@type\":\"Article\",\"@id\":\"https:\\\/\\\/regiaonews.net.br\\\/2022\\\/2020\\\/11\\\/05\\\/prefeitura-de-barretos-entrega-cci-luiza-monteiro-de-barros\\\/#article\",\"isPartOf\":{\"@id\":\"https:\\\/\\\/regiaonews.net.br\\\/2022\\\/2020\\\/11\\\/05\\\/prefeitura-de-barretos-entrega-cci-luiza-monteiro-de-barros\\\/\"},\"author\":{\"name\":\"Roberto\",\"@id\":\"https:\\\/\\\/regiaonews.net.br\\\/2022\\\/#\\\/schema\\\/person\\\/2d205a608a5aa97ac279d7a5e6d89ad8\"},\"headline\":\"Prefeitura de Barretos entrega CCI \u201cLuiza Monteiro de Barros\u201d\",\"datePublished\":\"2020-11-05T15:39:40+00:00\",\"mainEntityOfPage\":{\"@id\":\"https:\\\/\\\/regiaonews.net.br\\\/2022\\\/2020\\\/11\\\/05\\\/prefeitura-de-barretos-entrega-cci-luiza-monteiro-de-barros\\\/\"},\"wordCount\":755,\"commentCount\":0,\"publisher\":{\"@id\":\"https:\\\/\\\/regiaonews.net.br\\\/2022\\\/#organization\"},\"image\":{\"@id\":\"https:\\\/\\\/regiaonews.net.br\\\/2022\\\/2020\\\/11\\\/05\\\/prefeitura-de-barretos-entrega-cci-luiza-monteiro-de-barros\\\/#primaryimage\"},\"thumbnailUrl\":\"https:\\\/\\\/regiaonews.net.br\\\/2022\\\/wp-content\\\/uploads\\\/2020\\\/11\\\/MON5139.jpg\",\"articleSection\":[\"Barretos\",\"Cidades\",\"Social\"],\"inLanguage\":\"pt-BR\",\"potentialAction\":[{\"@type\":\"CommentAction\",\"name\":\"Comment\",\"target\":[\"https:\\\/\\\/regiaonews.net.br\\\/2022\\\/2020\\\/11\\\/05\\\/prefeitura-de-barretos-entrega-cci-luiza-monteiro-de-barros\\\/#respond\"]}]},{\"@type\":\"WebPage\",\"@id\":\"https:\\\/\\\/regiaonews.net.br\\\/2022\\\/2020\\\/11\\\/05\\\/prefeitura-de-barretos-entrega-cci-luiza-monteiro-de-barros\\\/\",\"url\":\"https:\\\/\\\/regiaonews.net.br\\\/2022\\\/2020\\\/11\\\/05\\\/prefeitura-de-barretos-entrega-cci-luiza-monteiro-de-barros\\\/\",\"name\":\"Prefeitura de Barretos entrega CCI \u201cLuiza Monteiro de Barros\u201d - Regi\u00e3o News\",\"isPartOf\":{\"@id\":\"https:\\\/\\\/regiaonews.net.br\\\/2022\\\/#website\"},\"primaryImageOfPage\":{\"@id\":\"https:\\\/\\\/regiaonews.net.br\\\/2022\\\/2020\\\/11\\\/05\\\/prefeitura-de-barretos-entrega-cci-luiza-monteiro-de-barros\\\/#primaryimage\"},\"image\":{\"@id\":\"https:\\\/\\\/regiaonews.net.br\\\/2022\\\/2020\\\/11\\\/05\\\/prefeitura-de-barretos-entrega-cci-luiza-monteiro-de-barros\\\/#primaryimage\"},\"thumbnailUrl\":\"https:\\\/\\\/regiaonews.net.br\\\/2022\\\/wp-content\\\/uploads\\\/2020\\\/11\\\/MON5139.jpg\",\"datePublished\":\"2020-11-05T15:39:40+00:00\",\"breadcrumb\":{\"@id\":\"https:\\\/\\\/regiaonews.net.br\\\/2022\\\/2020\\\/11\\\/05\\\/prefeitura-de-barretos-entrega-cci-luiza-monteiro-de-barros\\\/#breadcrumb\"},\"inLanguage\":\"pt-BR\",\"potentialAction\":[{\"@type\":\"ReadAction\",\"target\":[\"https:\\\/\\\/regiaonews.net.br\\\/2022\\\/2020\\\/11\\\/05\\\/prefeitura-de-barretos-entrega-cci-luiza-monteiro-de-barros\\\/\"]}]},{\"@type\":\"ImageObject\",\"inLanguage\":\"pt-BR\",\"@id\":\"https:\\\/\\\/regiaonews.net.br\\\/2022\\\/2020\\\/11\\\/05\\\/prefeitura-de-barretos-entrega-cci-luiza-monteiro-de-barros\\\/#primaryimage\",\"url\":\"https:\\\/\\\/regiaonews.net.br\\\/2022\\\/wp-content\\\/uploads\\\/2020\\\/11\\\/MON5139.jpg\",\"contentUrl\":\"https:\\\/\\\/regiaonews.net.br\\\/2022\\\/wp-content\\\/uploads\\\/2020\\\/11\\\/MON5139.jpg\",\"width\":2000,\"height\":1335},{\"@type\":\"BreadcrumbList\",\"@id\":\"https:\\\/\\\/regiaonews.net.br\\\/2022\\\/2020\\\/11\\\/05\\\/prefeitura-de-barretos-entrega-cci-luiza-monteiro-de-barros\\\/#breadcrumb\",\"itemListElement\":[{\"@type\":\"ListItem\",\"position\":1,\"name\":\"In\u00edcio\",\"item\":\"https:\\\/\\\/regiaonews.net.br\\\/2022\\\/\"},{\"@type\":\"ListItem\",\"position\":2,\"name\":\"Prefeitura de Barretos entrega CCI \u201cLuiza Monteiro de Barros\u201d\"}]},{\"@type\":\"WebSite\",\"@id\":\"https:\\\/\\\/regiaonews.net.br\\\/2022\\\/#website\",\"url\":\"https:\\\/\\\/regiaonews.net.br\\\/2022\\\/\",\"name\":\"Regi\u00e3o News\",\"description\":\"Site de Not\u00edcias de Barretos e regi\u00e3o\",\"publisher\":{\"@id\":\"https:\\\/\\\/regiaonews.net.br\\\/2022\\\/#organization\"},\"potentialAction\":[{\"@type\":\"SearchAction\",\"target\":{\"@type\":\"EntryPoint\",\"urlTemplate\":\"https:\\\/\\\/regiaonews.net.br\\\/2022\\\/?s={search_term_string}\"},\"query-input\":{\"@type\":\"PropertyValueSpecification\",\"valueRequired\":true,\"valueName\":\"search_term_string\"}}],\"inLanguage\":\"pt-BR\"},{\"@type\":\"Organization\",\"@id\":\"https:\\\/\\\/regiaonews.net.br\\\/2022\\\/#organization\",\"name\":\"Regi\u00e3o News\",\"url\":\"https:\\\/\\\/regiaonews.net.br\\\/2022\\\/\",\"logo\":{\"@type\":\"ImageObject\",\"inLanguage\":\"pt-BR\",\"@id\":\"https:\\\/\\\/regiaonews.net.br\\\/2022\\\/#\\\/schema\\\/logo\\\/image\\\/\",\"url\":\"https:\\\/\\\/regiaonews.net.br\\\/2022\\\/wp-content\\\/uploads\\\/2026\\\/03\\\/regiao-13-anos-scaled.jpg\",\"contentUrl\":\"https:\\\/\\\/regiaonews.net.br\\\/2022\\\/wp-content\\\/uploads\\\/2026\\\/03\\\/regiao-13-anos-scaled.jpg\",\"width\":2560,\"height\":635,\"caption\":\"Regi\u00e3o News\"},\"image\":{\"@id\":\"https:\\\/\\\/regiaonews.net.br\\\/2022\\\/#\\\/schema\\\/logo\\\/image\\\/\"}},{\"@type\":\"Person\",\"@id\":\"https:\\\/\\\/regiaonews.net.br\\\/2022\\\/#\\\/schema\\\/person\\\/2d205a608a5aa97ac279d7a5e6d89ad8\",\"name\":\"Roberto\",\"image\":{\"@type\":\"ImageObject\",\"inLanguage\":\"pt-BR\",\"@id\":\"https:\\\/\\\/secure.gravatar.com\\\/avatar\\\/42749d8b712ff9d59ca93dc150494e5b55a44134482993f5baeb97e61b7ecc89?s=96&d=mm&r=g\",\"url\":\"https:\\\/\\\/secure.gravatar.com\\\/avatar\\\/42749d8b712ff9d59ca93dc150494e5b55a44134482993f5baeb97e61b7ecc89?s=96&d=mm&r=g\",\"contentUrl\":\"https:\\\/\\\/secure.gravatar.com\\\/avatar\\\/42749d8b712ff9d59ca93dc150494e5b55a44134482993f5baeb97e61b7ecc89?s=96&d=mm&r=g\",\"caption\":\"Roberto\"},\"url\":\"https:\\\/\\\/regiaonews.net.br\\\/2022\\\/author\\\/roberto\\\/\"}]}<\/script>\n<!-- \/ Yoast SEO plugin. -->","yoast_head_json":{"title":"Prefeitura de Barretos entrega CCI \u201cLuiza Monteiro de Barros\u201d - Regi\u00e3o News","robots":{"index":"index","follow":"follow","max-snippet":"max-snippet:-1","max-image-preview":"max-image-preview:large","max-video-preview":"max-video-preview:-1"},"canonical":"https:\/\/regiaonews.net.br\/2022\/2020\/11\/05\/prefeitura-de-barretos-entrega-cci-luiza-monteiro-de-barros\/","og_locale":"pt_BR","og_type":"article","og_title":"Prefeitura de Barretos entrega CCI \u201cLuiza Monteiro de Barros\u201d - Regi\u00e3o News","og_description":"Barretos tem um novo CCI (Centro de Conviv\u00eancia do Idoso),","og_url":"https:\/\/regiaonews.net.br\/2022\/2020\/11\/05\/prefeitura-de-barretos-entrega-cci-luiza-monteiro-de-barros\/","og_site_name":"Regi\u00e3o News","article_published_time":"2020-11-05T15:39:40+00:00","og_image":[{"width":2000,"height":1335,"url":"https:\/\/regiaonews.net.br\/2022\/wp-content\/uploads\/2020\/11\/MON5139.jpg","type":"image\/jpeg"}],"author":"Roberto","twitter_card":"summary_large_image","twitter_misc":{"Escrito por":"Roberto","Est. tempo de leitura":"4 minutos"},"schema":{"@context":"https:\/\/schema.org","@graph":[{"@type":"Article","@id":"https:\/\/regiaonews.net.br\/2022\/2020\/11\/05\/prefeitura-de-barretos-entrega-cci-luiza-monteiro-de-barros\/#article","isPartOf":{"@id":"https:\/\/regiaonews.net.br\/2022\/2020\/11\/05\/prefeitura-de-barretos-entrega-cci-luiza-monteiro-de-barros\/"},"author":{"name":"Roberto","@id":"https:\/\/regiaonews.net.br\/2022\/#\/schema\/person\/2d205a608a5aa97ac279d7a5e6d89ad8"},"headline":"Prefeitura de Barretos entrega CCI \u201cLuiza Monteiro de Barros\u201d","datePublished":"2020-11-05T15:39:40+00:00","mainEntityOfPage":{"@id":"https:\/\/regiaonews.net.br\/2022\/2020\/11\/05\/prefeitura-de-barretos-entrega-cci-luiza-monteiro-de-barros\/"},"wordCount":755,"commentCount":0,"publisher":{"@id":"https:\/\/regiaonews.net.br\/2022\/#organization"},"image":{"@id":"https:\/\/regiaonews.net.br\/2022\/2020\/11\/05\/prefeitura-de-barretos-entrega-cci-luiza-monteiro-de-barros\/#primaryimage"},"thumbnailUrl":"https:\/\/regiaonews.net.br\/2022\/wp-content\/uploads\/2020\/11\/MON5139.jpg","articleSection":["Barretos","Cidades","Social"],"inLanguage":"pt-BR","potentialAction":[{"@type":"CommentAction","name":"Comment","target":["https:\/\/regiaonews.net.br\/2022\/2020\/11\/05\/prefeitura-de-barretos-entrega-cci-luiza-monteiro-de-barros\/#respond"]}]},{"@type":"WebPage","@id":"https:\/\/regiaonews.net.br\/2022\/2020\/11\/05\/prefeitura-de-barretos-entrega-cci-luiza-monteiro-de-barros\/","url":"https:\/\/regiaonews.net.br\/2022\/2020\/11\/05\/prefeitura-de-barretos-entrega-cci-luiza-monteiro-de-barros\/","name":"Prefeitura de Barretos entrega CCI \u201cLuiza Monteiro de Barros\u201d - Regi\u00e3o News","isPartOf":{"@id":"https:\/\/regiaonews.net.br\/2022\/#website"},"primaryImageOfPage":{"@id":"https:\/\/regiaonews.net.br\/2022\/2020\/11\/05\/prefeitura-de-barretos-entrega-cci-luiza-monteiro-de-barros\/#primaryimage"},"image":{"@id":"https:\/\/regiaonews.net.br\/2022\/2020\/11\/05\/prefeitura-de-barretos-entrega-cci-luiza-monteiro-de-barros\/#primaryimage"},"thumbnailUrl":"https:\/\/regiaonews.net.br\/2022\/wp-content\/uploads\/2020\/11\/MON5139.jpg","datePublished":"2020-11-05T15:39:40+00:00","breadcrumb":{"@id":"https:\/\/regiaonews.net.br\/2022\/2020\/11\/05\/prefeitura-de-barretos-entrega-cci-luiza-monteiro-de-barros\/#breadcrumb"},"inLanguage":"pt-BR","potentialAction":[{"@type":"ReadAction","target":["https:\/\/regiaonews.net.br\/2022\/2020\/11\/05\/prefeitura-de-barretos-entrega-cci-luiza-monteiro-de-barros\/"]}]},{"@type":"ImageObject","inLanguage":"pt-BR","@id":"https:\/\/regiaonews.net.br\/2022\/2020\/11\/05\/prefeitura-de-barretos-entrega-cci-luiza-monteiro-de-barros\/#primaryimage","url":"https:\/\/regiaonews.net.br\/2022\/wp-content\/uploads\/2020\/11\/MON5139.jpg","contentUrl":"https:\/\/regiaonews.net.br\/2022\/wp-content\/uploads\/2020\/11\/MON5139.jpg","width":2000,"height":1335},{"@type":"BreadcrumbList","@id":"https:\/\/regiaonews.net.br\/2022\/2020\/11\/05\/prefeitura-de-barretos-entrega-cci-luiza-monteiro-de-barros\/#breadcrumb","itemListElement":[{"@type":"ListItem","position":1,"name":"In\u00edcio","item":"https:\/\/regiaonews.net.br\/2022\/"},{"@type":"ListItem","position":2,"name":"Prefeitura de Barretos entrega CCI \u201cLuiza Monteiro de Barros\u201d"}]},{"@type":"WebSite","@id":"https:\/\/regiaonews.net.br\/2022\/#website","url":"https:\/\/regiaonews.net.br\/2022\/","name":"Regi\u00e3o News","description":"Site de Not\u00edcias de Barretos e regi\u00e3o","publisher":{"@id":"https:\/\/regiaonews.net.br\/2022\/#organization"},"potentialAction":[{"@type":"SearchAction","target":{"@type":"EntryPoint","urlTemplate":"https:\/\/regiaonews.net.br\/2022\/?s={search_term_string}"},"query-input":{"@type":"PropertyValueSpecification","valueRequired":true,"valueName":"search_term_string"}}],"inLanguage":"pt-BR"},{"@type":"Organization","@id":"https:\/\/regiaonews.net.br\/2022\/#organization","name":"Regi\u00e3o News","url":"https:\/\/regiaonews.net.br\/2022\/","logo":{"@type":"ImageObject","inLanguage":"pt-BR","@id":"https:\/\/regiaonews.net.br\/2022\/#\/schema\/logo\/image\/","url":"https:\/\/regiaonews.net.br\/2022\/wp-content\/uploads\/2026\/03\/regiao-13-anos-scaled.jpg","contentUrl":"https:\/\/regiaonews.net.br\/2022\/wp-content\/uploads\/2026\/03\/regiao-13-anos-scaled.jpg","width":2560,"height":635,"caption":"Regi\u00e3o News"},"image":{"@id":"https:\/\/regiaonews.net.br\/2022\/#\/schema\/logo\/image\/"}},{"@type":"Person","@id":"https:\/\/regiaonews.net.br\/2022\/#\/schema\/person\/2d205a608a5aa97ac279d7a5e6d89ad8","name":"Roberto","image":{"@type":"ImageObject","inLanguage":"pt-BR","@id":"https:\/\/secure.gravatar.com\/avatar\/42749d8b712ff9d59ca93dc150494e5b55a44134482993f5baeb97e61b7ecc89?s=96&d=mm&r=g","url":"https:\/\/secure.gravatar.com\/avatar\/42749d8b712ff9d59ca93dc150494e5b55a44134482993f5baeb97e61b7ecc89?s=96&d=mm&r=g","contentUrl":"https:\/\/secure.gravatar.com\/avatar\/42749d8b712ff9d59ca93dc150494e5b55a44134482993f5baeb97e61b7ecc89?s=96&d=mm&r=g","caption":"Roberto"},"url":"https:\/\/regiaonews.net.br\/2022\/author\/roberto\/"}]}},"publishpress_future_action":{"enabled":false,"date":"2026-05-03 04:35:10","action":"change-status","newStatus":"draft","terms":[],"taxonomy":"category","extraData":[]},"publishpress_future_workflow_manual_trigger":{"enabledWorkflows":[]},"_links":{"self":[{"href":"https:\/\/regiaonews.net.br\/2022\/wp-json\/wp\/v2\/posts\/39495","targetHints":{"allow":["GET"]}}],"collection":[{"href":"https:\/\/regiaonews.net.br\/2022\/wp-json\/wp\/v2\/posts"}],"about":[{"href":"https:\/\/regiaonews.net.br\/2022\/wp-json\/wp\/v2\/types\/post"}],"author":[{"embeddable":true,"href":"https:\/\/regiaonews.net.br\/2022\/wp-json\/wp\/v2\/users\/2"}],"replies":[{"embeddable":true,"href":"https:\/\/regiaonews.net.br\/2022\/wp-json\/wp\/v2\/comments?post=39495"}],"version-history":[{"count":0,"href":"https:\/\/regiaonews.net.br\/2022\/wp-json\/wp\/v2\/posts\/39495\/revisions"}],"wp:featuredmedia":[{"embeddable":true,"href":"https:\/\/regiaonews.net.br\/2022\/wp-json\/wp\/v2\/media\/39499"}],"wp:attachment":[{"href":"https:\/\/regiaonews.net.br\/2022\/wp-json\/wp\/v2\/media?parent=39495"}],"wp:term":[{"taxonomy":"category","embeddable":true,"href":"https:\/\/regiaonews.net.br\/2022\/wp-json\/wp\/v2\/categories?post=39495"},{"taxonomy":"post_tag","embeddable":true,"href":"https:\/\/regiaonews.net.br\/2022\/wp-json\/wp\/v2\/tags?post=39495"}],"curies":[{"name":"wp","href":"https:\/\/api.w.org\/{rel}","templated":true}]}}