{"id":39489,"date":"2020-11-05T09:26:20","date_gmt":"2020-11-05T12:26:20","guid":{"rendered":"https:\/\/regiaonews.net.br\/2022\/?p=39489"},"modified":"2020-11-11T00:08:30","modified_gmt":"2020-11-11T03:08:30","slug":"rio-das-pedras-elege-conselho-no-domingo-e-adota-medidas-de-isolamento","status":"publish","type":"post","link":"https:\/\/regiaonews.net.br\/2022\/2020\/11\/05\/rio-das-pedras-elege-conselho-no-domingo-e-adota-medidas-de-isolamento\/","title":{"rendered":"Rio das Pedras elege conselho no domingo e adota medidas de isolamento"},"content":{"rendered":"<p><a href=\"https:\/\/regiaonews.net.br\/2022\/wp-content\/uploads\/2020\/11\/85fa5057-f8c9-42ec-916c-bf4c17be72ee.jpg\"><img loading=\"lazy\" decoding=\"async\" class=\"alignnone size-medium wp-image-39490\" src=\"https:\/\/regiaonews.net.br\/2022\/wp-content\/uploads\/2020\/11\/85fa5057-f8c9-42ec-916c-bf4c17be72ee-300x169.jpg\" alt=\"\" width=\"300\" height=\"169\" \/><\/a><br \/>\nFoto \u2013 Sede central do Rio das Pedras Country Club na rua 16<\/p>\n<p>No pr\u00f3ximo domingo (8), das 08 \u00e0s 17h, os associados do Rio das Pedras Country Club, estar\u00e3o votando na sede central do clube, para renova\u00e7\u00e3o de 25 membros do Conselho de Administra\u00e7\u00e3o. Concorrem as essas vagas, 41 associados que se inscreveram para concorrer ao cargo de conselheiro.<br \/>\nSegundo informa\u00e7\u00f5es do presidente do Conselho de Administra\u00e7\u00e3o do Clube, Wander Coronato, est\u00e3o aptos a votar os s\u00f3cios titulares, maiores de 18 anos, com dois anos e 15 dias de associa\u00e7\u00e3o, em dia com as mensalidades, com o t\u00edtulo quitado e n\u00e3o possuindo d\u00e9bitos. Para que \u00e0s elei\u00e7\u00f5es transcorram dentro das medidas de preven\u00e7\u00e3o ao Covid-19, a diretoria do clube est\u00e1 orientando que \u00e9 obrigat\u00f3ria \u00e0 utiliza\u00e7\u00e3o de m\u00e1scaras de prote\u00e7\u00e3o que cubram a boca e o nariz, pelo s\u00f3cio e o pessoal que estiver trabalhando nas elei\u00e7\u00f5es. \u201cSer\u00e3o colocados dispensers de \u00e1lcool em gel em v\u00e1rios pontos e os candidatos dever\u00e3o seguir as regras de n\u00e3o ter aglomera\u00e7\u00f5es, mantendo a dist\u00e2ncia necess\u00e1ria\u201d, explicou Wander.<br \/>\nEm virtude das elei\u00e7\u00f5es, na rua 16 entre as avenidas 13 e 15, nenhum ve\u00edculo poder\u00e1 estar estacionado, sendo que o tr\u00e2nsito ser\u00e1 impedido neste trecho, sendo liberado apenas para os moradores e para as pessoas com dificuldades de locomo\u00e7\u00e3o que ir\u00e3o votar. Neste ano tamb\u00e9m est\u00e3o proibidas as barracas, guarda-sol, cadeiras e consumo de bebidas no local, al\u00e9m de n\u00e3o ser permitido abordar os associados que vierem votar.<br \/>\nAp\u00f3s o encerramento da vota\u00e7\u00e3o, ser\u00e1 realiza a apura\u00e7\u00e3o dos votos e apenas poder\u00e3o acompanhar a apura\u00e7\u00e3o, os candidatos participantes.<\/p>\n","protected":false},"excerpt":{"rendered":"<p>Foto \u2013 Sede central do Rio das Pedras Country Club<\/p>\n","protected":false},"author":2,"featured_media":39490,"comment_status":"open","ping_status":"open","sticky":false,"template":"","format":"standard","meta":{"footnotes":""},"categories":[14,25,41],"tags":[],"class_list":["post-39489","post","type-post","status-publish","format-standard","has-post-thumbnail","hentry","category-barretos","category-cidades","category-social"],"yoast_head":"<!-- This site is optimized with the Yoast SEO plugin v27.4 - https:\/\/yoast.com\/product\/yoast-seo-wordpress\/ -->\n<title>Rio das Pedras elege conselho no domingo e adota medidas de isolamento - Regi\u00e3o News<\/title>\n<meta name=\"robots\" content=\"index, follow, max-snippet:-1, max-image-preview:large, max-video-preview:-1\" \/>\n<link rel=\"canonical\" href=\"https:\/\/regiaonews.net.br\/2022\/2020\/11\/05\/rio-das-pedras-elege-conselho-no-domingo-e-adota-medidas-de-isolamento\/\" \/>\n<meta property=\"og:locale\" content=\"pt_BR\" \/>\n<meta property=\"og:type\" content=\"article\" \/>\n<meta property=\"og:title\" content=\"Rio das Pedras elege conselho no domingo e adota medidas de isolamento - Regi\u00e3o News\" \/>\n<meta property=\"og:description\" content=\"Foto \u2013 Sede central do Rio das Pedras Country Club\" \/>\n<meta property=\"og:url\" content=\"https:\/\/regiaonews.net.br\/2022\/2020\/11\/05\/rio-das-pedras-elege-conselho-no-domingo-e-adota-medidas-de-isolamento\/\" \/>\n<meta property=\"og:site_name\" content=\"Regi\u00e3o News\" \/>\n<meta property=\"article:published_time\" content=\"2020-11-05T12:26:20+00:00\" \/>\n<meta property=\"article:modified_time\" content=\"2020-11-11T03:08:30+00:00\" \/>\n<meta property=\"og:image\" content=\"https:\/\/regiaonews.net.br\/2022\/wp-content\/uploads\/2020\/11\/85fa5057-f8c9-42ec-916c-bf4c17be72ee.jpg\" \/>\n\t<meta property=\"og:image:width\" content=\"1032\" \/>\n\t<meta property=\"og:image:height\" content=\"581\" \/>\n\t<meta property=\"og:image:type\" content=\"image\/jpeg\" \/>\n<meta name=\"author\" content=\"Roberto\" \/>\n<meta name=\"twitter:card\" content=\"summary_large_image\" \/>\n<meta name=\"twitter:label1\" content=\"Escrito por\" \/>\n\t<meta name=\"twitter:data1\" content=\"Roberto\" \/>\n\t<meta name=\"twitter:label2\" content=\"Est. tempo de leitura\" \/>\n\t<meta name=\"twitter:data2\" content=\"1 minuto\" \/>\n<script type=\"application\/ld+json\" class=\"yoast-schema-graph\">{\"@context\":\"https:\\\/\\\/schema.org\",\"@graph\":[{\"@type\":\"Article\",\"@id\":\"https:\\\/\\\/regiaonews.net.br\\\/2022\\\/2020\\\/11\\\/05\\\/rio-das-pedras-elege-conselho-no-domingo-e-adota-medidas-de-isolamento\\\/#article\",\"isPartOf\":{\"@id\":\"https:\\\/\\\/regiaonews.net.br\\\/2022\\\/2020\\\/11\\\/05\\\/rio-das-pedras-elege-conselho-no-domingo-e-adota-medidas-de-isolamento\\\/\"},\"author\":{\"name\":\"Roberto\",\"@id\":\"https:\\\/\\\/regiaonews.net.br\\\/2022\\\/#\\\/schema\\\/person\\\/2d205a608a5aa97ac279d7a5e6d89ad8\"},\"headline\":\"Rio das Pedras elege conselho no domingo e adota medidas de isolamento\",\"datePublished\":\"2020-11-05T12:26:20+00:00\",\"dateModified\":\"2020-11-11T03:08:30+00:00\",\"mainEntityOfPage\":{\"@id\":\"https:\\\/\\\/regiaonews.net.br\\\/2022\\\/2020\\\/11\\\/05\\\/rio-das-pedras-elege-conselho-no-domingo-e-adota-medidas-de-isolamento\\\/\"},\"wordCount\":304,\"commentCount\":0,\"publisher\":{\"@id\":\"https:\\\/\\\/regiaonews.net.br\\\/2022\\\/#organization\"},\"image\":{\"@id\":\"https:\\\/\\\/regiaonews.net.br\\\/2022\\\/2020\\\/11\\\/05\\\/rio-das-pedras-elege-conselho-no-domingo-e-adota-medidas-de-isolamento\\\/#primaryimage\"},\"thumbnailUrl\":\"https:\\\/\\\/regiaonews.net.br\\\/2022\\\/wp-content\\\/uploads\\\/2020\\\/11\\\/85fa5057-f8c9-42ec-916c-bf4c17be72ee.jpg\",\"articleSection\":[\"Barretos\",\"Cidades\",\"Social\"],\"inLanguage\":\"pt-BR\",\"potentialAction\":[{\"@type\":\"CommentAction\",\"name\":\"Comment\",\"target\":[\"https:\\\/\\\/regiaonews.net.br\\\/2022\\\/2020\\\/11\\\/05\\\/rio-das-pedras-elege-conselho-no-domingo-e-adota-medidas-de-isolamento\\\/#respond\"]}]},{\"@type\":\"WebPage\",\"@id\":\"https:\\\/\\\/regiaonews.net.br\\\/2022\\\/2020\\\/11\\\/05\\\/rio-das-pedras-elege-conselho-no-domingo-e-adota-medidas-de-isolamento\\\/\",\"url\":\"https:\\\/\\\/regiaonews.net.br\\\/2022\\\/2020\\\/11\\\/05\\\/rio-das-pedras-elege-conselho-no-domingo-e-adota-medidas-de-isolamento\\\/\",\"name\":\"Rio das Pedras elege conselho no domingo e adota medidas de isolamento - Regi\u00e3o News\",\"isPartOf\":{\"@id\":\"https:\\\/\\\/regiaonews.net.br\\\/2022\\\/#website\"},\"primaryImageOfPage\":{\"@id\":\"https:\\\/\\\/regiaonews.net.br\\\/2022\\\/2020\\\/11\\\/05\\\/rio-das-pedras-elege-conselho-no-domingo-e-adota-medidas-de-isolamento\\\/#primaryimage\"},\"image\":{\"@id\":\"https:\\\/\\\/regiaonews.net.br\\\/2022\\\/2020\\\/11\\\/05\\\/rio-das-pedras-elege-conselho-no-domingo-e-adota-medidas-de-isolamento\\\/#primaryimage\"},\"thumbnailUrl\":\"https:\\\/\\\/regiaonews.net.br\\\/2022\\\/wp-content\\\/uploads\\\/2020\\\/11\\\/85fa5057-f8c9-42ec-916c-bf4c17be72ee.jpg\",\"datePublished\":\"2020-11-05T12:26:20+00:00\",\"dateModified\":\"2020-11-11T03:08:30+00:00\",\"breadcrumb\":{\"@id\":\"https:\\\/\\\/regiaonews.net.br\\\/2022\\\/2020\\\/11\\\/05\\\/rio-das-pedras-elege-conselho-no-domingo-e-adota-medidas-de-isolamento\\\/#breadcrumb\"},\"inLanguage\":\"pt-BR\",\"potentialAction\":[{\"@type\":\"ReadAction\",\"target\":[\"https:\\\/\\\/regiaonews.net.br\\\/2022\\\/2020\\\/11\\\/05\\\/rio-das-pedras-elege-conselho-no-domingo-e-adota-medidas-de-isolamento\\\/\"]}]},{\"@type\":\"ImageObject\",\"inLanguage\":\"pt-BR\",\"@id\":\"https:\\\/\\\/regiaonews.net.br\\\/2022\\\/2020\\\/11\\\/05\\\/rio-das-pedras-elege-conselho-no-domingo-e-adota-medidas-de-isolamento\\\/#primaryimage\",\"url\":\"https:\\\/\\\/regiaonews.net.br\\\/2022\\\/wp-content\\\/uploads\\\/2020\\\/11\\\/85fa5057-f8c9-42ec-916c-bf4c17be72ee.jpg\",\"contentUrl\":\"https:\\\/\\\/regiaonews.net.br\\\/2022\\\/wp-content\\\/uploads\\\/2020\\\/11\\\/85fa5057-f8c9-42ec-916c-bf4c17be72ee.jpg\",\"width\":1032,\"height\":581},{\"@type\":\"BreadcrumbList\",\"@id\":\"https:\\\/\\\/regiaonews.net.br\\\/2022\\\/2020\\\/11\\\/05\\\/rio-das-pedras-elege-conselho-no-domingo-e-adota-medidas-de-isolamento\\\/#breadcrumb\",\"itemListElement\":[{\"@type\":\"ListItem\",\"position\":1,\"name\":\"In\u00edcio\",\"item\":\"https:\\\/\\\/regiaonews.net.br\\\/2022\\\/\"},{\"@type\":\"ListItem\",\"position\":2,\"name\":\"Rio das Pedras elege conselho no domingo e adota medidas de isolamento\"}]},{\"@type\":\"WebSite\",\"@id\":\"https:\\\/\\\/regiaonews.net.br\\\/2022\\\/#website\",\"url\":\"https:\\\/\\\/regiaonews.net.br\\\/2022\\\/\",\"name\":\"Regi\u00e3o News\",\"description\":\"Site de Not\u00edcias de Barretos e regi\u00e3o\",\"publisher\":{\"@id\":\"https:\\\/\\\/regiaonews.net.br\\\/2022\\\/#organization\"},\"potentialAction\":[{\"@type\":\"SearchAction\",\"target\":{\"@type\":\"EntryPoint\",\"urlTemplate\":\"https:\\\/\\\/regiaonews.net.br\\\/2022\\\/?s={search_term_string}\"},\"query-input\":{\"@type\":\"PropertyValueSpecification\",\"valueRequired\":true,\"valueName\":\"search_term_string\"}}],\"inLanguage\":\"pt-BR\"},{\"@type\":\"Organization\",\"@id\":\"https:\\\/\\\/regiaonews.net.br\\\/2022\\\/#organization\",\"name\":\"Regi\u00e3o News\",\"url\":\"https:\\\/\\\/regiaonews.net.br\\\/2022\\\/\",\"logo\":{\"@type\":\"ImageObject\",\"inLanguage\":\"pt-BR\",\"@id\":\"https:\\\/\\\/regiaonews.net.br\\\/2022\\\/#\\\/schema\\\/logo\\\/image\\\/\",\"url\":\"https:\\\/\\\/regiaonews.net.br\\\/2022\\\/wp-content\\\/uploads\\\/2026\\\/03\\\/regiao-13-anos-scaled.jpg\",\"contentUrl\":\"https:\\\/\\\/regiaonews.net.br\\\/2022\\\/wp-content\\\/uploads\\\/2026\\\/03\\\/regiao-13-anos-scaled.jpg\",\"width\":2560,\"height\":635,\"caption\":\"Regi\u00e3o News\"},\"image\":{\"@id\":\"https:\\\/\\\/regiaonews.net.br\\\/2022\\\/#\\\/schema\\\/logo\\\/image\\\/\"}},{\"@type\":\"Person\",\"@id\":\"https:\\\/\\\/regiaonews.net.br\\\/2022\\\/#\\\/schema\\\/person\\\/2d205a608a5aa97ac279d7a5e6d89ad8\",\"name\":\"Roberto\",\"image\":{\"@type\":\"ImageObject\",\"inLanguage\":\"pt-BR\",\"@id\":\"https:\\\/\\\/secure.gravatar.com\\\/avatar\\\/42749d8b712ff9d59ca93dc150494e5b55a44134482993f5baeb97e61b7ecc89?s=96&d=mm&r=g\",\"url\":\"https:\\\/\\\/secure.gravatar.com\\\/avatar\\\/42749d8b712ff9d59ca93dc150494e5b55a44134482993f5baeb97e61b7ecc89?s=96&d=mm&r=g\",\"contentUrl\":\"https:\\\/\\\/secure.gravatar.com\\\/avatar\\\/42749d8b712ff9d59ca93dc150494e5b55a44134482993f5baeb97e61b7ecc89?s=96&d=mm&r=g\",\"caption\":\"Roberto\"},\"url\":\"https:\\\/\\\/regiaonews.net.br\\\/2022\\\/author\\\/roberto\\\/\"}]}<\/script>\n<!-- \/ Yoast SEO plugin. -->","yoast_head_json":{"title":"Rio das Pedras elege conselho no domingo e adota medidas de isolamento - Regi\u00e3o News","robots":{"index":"index","follow":"follow","max-snippet":"max-snippet:-1","max-image-preview":"max-image-preview:large","max-video-preview":"max-video-preview:-1"},"canonical":"https:\/\/regiaonews.net.br\/2022\/2020\/11\/05\/rio-das-pedras-elege-conselho-no-domingo-e-adota-medidas-de-isolamento\/","og_locale":"pt_BR","og_type":"article","og_title":"Rio das Pedras elege conselho no domingo e adota medidas de isolamento - Regi\u00e3o News","og_description":"Foto \u2013 Sede central do Rio das Pedras Country Club","og_url":"https:\/\/regiaonews.net.br\/2022\/2020\/11\/05\/rio-das-pedras-elege-conselho-no-domingo-e-adota-medidas-de-isolamento\/","og_site_name":"Regi\u00e3o News","article_published_time":"2020-11-05T12:26:20+00:00","article_modified_time":"2020-11-11T03:08:30+00:00","og_image":[{"width":1032,"height":581,"url":"https:\/\/regiaonews.net.br\/2022\/wp-content\/uploads\/2020\/11\/85fa5057-f8c9-42ec-916c-bf4c17be72ee.jpg","type":"image\/jpeg"}],"author":"Roberto","twitter_card":"summary_large_image","twitter_misc":{"Escrito por":"Roberto","Est. tempo de leitura":"1 minuto"},"schema":{"@context":"https:\/\/schema.org","@graph":[{"@type":"Article","@id":"https:\/\/regiaonews.net.br\/2022\/2020\/11\/05\/rio-das-pedras-elege-conselho-no-domingo-e-adota-medidas-de-isolamento\/#article","isPartOf":{"@id":"https:\/\/regiaonews.net.br\/2022\/2020\/11\/05\/rio-das-pedras-elege-conselho-no-domingo-e-adota-medidas-de-isolamento\/"},"author":{"name":"Roberto","@id":"https:\/\/regiaonews.net.br\/2022\/#\/schema\/person\/2d205a608a5aa97ac279d7a5e6d89ad8"},"headline":"Rio das Pedras elege conselho no domingo e adota medidas de isolamento","datePublished":"2020-11-05T12:26:20+00:00","dateModified":"2020-11-11T03:08:30+00:00","mainEntityOfPage":{"@id":"https:\/\/regiaonews.net.br\/2022\/2020\/11\/05\/rio-das-pedras-elege-conselho-no-domingo-e-adota-medidas-de-isolamento\/"},"wordCount":304,"commentCount":0,"publisher":{"@id":"https:\/\/regiaonews.net.br\/2022\/#organization"},"image":{"@id":"https:\/\/regiaonews.net.br\/2022\/2020\/11\/05\/rio-das-pedras-elege-conselho-no-domingo-e-adota-medidas-de-isolamento\/#primaryimage"},"thumbnailUrl":"https:\/\/regiaonews.net.br\/2022\/wp-content\/uploads\/2020\/11\/85fa5057-f8c9-42ec-916c-bf4c17be72ee.jpg","articleSection":["Barretos","Cidades","Social"],"inLanguage":"pt-BR","potentialAction":[{"@type":"CommentAction","name":"Comment","target":["https:\/\/regiaonews.net.br\/2022\/2020\/11\/05\/rio-das-pedras-elege-conselho-no-domingo-e-adota-medidas-de-isolamento\/#respond"]}]},{"@type":"WebPage","@id":"https:\/\/regiaonews.net.br\/2022\/2020\/11\/05\/rio-das-pedras-elege-conselho-no-domingo-e-adota-medidas-de-isolamento\/","url":"https:\/\/regiaonews.net.br\/2022\/2020\/11\/05\/rio-das-pedras-elege-conselho-no-domingo-e-adota-medidas-de-isolamento\/","name":"Rio das Pedras elege conselho no domingo e adota medidas de isolamento - Regi\u00e3o News","isPartOf":{"@id":"https:\/\/regiaonews.net.br\/2022\/#website"},"primaryImageOfPage":{"@id":"https:\/\/regiaonews.net.br\/2022\/2020\/11\/05\/rio-das-pedras-elege-conselho-no-domingo-e-adota-medidas-de-isolamento\/#primaryimage"},"image":{"@id":"https:\/\/regiaonews.net.br\/2022\/2020\/11\/05\/rio-das-pedras-elege-conselho-no-domingo-e-adota-medidas-de-isolamento\/#primaryimage"},"thumbnailUrl":"https:\/\/regiaonews.net.br\/2022\/wp-content\/uploads\/2020\/11\/85fa5057-f8c9-42ec-916c-bf4c17be72ee.jpg","datePublished":"2020-11-05T12:26:20+00:00","dateModified":"2020-11-11T03:08:30+00:00","breadcrumb":{"@id":"https:\/\/regiaonews.net.br\/2022\/2020\/11\/05\/rio-das-pedras-elege-conselho-no-domingo-e-adota-medidas-de-isolamento\/#breadcrumb"},"inLanguage":"pt-BR","potentialAction":[{"@type":"ReadAction","target":["https:\/\/regiaonews.net.br\/2022\/2020\/11\/05\/rio-das-pedras-elege-conselho-no-domingo-e-adota-medidas-de-isolamento\/"]}]},{"@type":"ImageObject","inLanguage":"pt-BR","@id":"https:\/\/regiaonews.net.br\/2022\/2020\/11\/05\/rio-das-pedras-elege-conselho-no-domingo-e-adota-medidas-de-isolamento\/#primaryimage","url":"https:\/\/regiaonews.net.br\/2022\/wp-content\/uploads\/2020\/11\/85fa5057-f8c9-42ec-916c-bf4c17be72ee.jpg","contentUrl":"https:\/\/regiaonews.net.br\/2022\/wp-content\/uploads\/2020\/11\/85fa5057-f8c9-42ec-916c-bf4c17be72ee.jpg","width":1032,"height":581},{"@type":"BreadcrumbList","@id":"https:\/\/regiaonews.net.br\/2022\/2020\/11\/05\/rio-das-pedras-elege-conselho-no-domingo-e-adota-medidas-de-isolamento\/#breadcrumb","itemListElement":[{"@type":"ListItem","position":1,"name":"In\u00edcio","item":"https:\/\/regiaonews.net.br\/2022\/"},{"@type":"ListItem","position":2,"name":"Rio das Pedras elege conselho no domingo e adota medidas de isolamento"}]},{"@type":"WebSite","@id":"https:\/\/regiaonews.net.br\/2022\/#website","url":"https:\/\/regiaonews.net.br\/2022\/","name":"Regi\u00e3o News","description":"Site de Not\u00edcias de Barretos e regi\u00e3o","publisher":{"@id":"https:\/\/regiaonews.net.br\/2022\/#organization"},"potentialAction":[{"@type":"SearchAction","target":{"@type":"EntryPoint","urlTemplate":"https:\/\/regiaonews.net.br\/2022\/?s={search_term_string}"},"query-input":{"@type":"PropertyValueSpecification","valueRequired":true,"valueName":"search_term_string"}}],"inLanguage":"pt-BR"},{"@type":"Organization","@id":"https:\/\/regiaonews.net.br\/2022\/#organization","name":"Regi\u00e3o News","url":"https:\/\/regiaonews.net.br\/2022\/","logo":{"@type":"ImageObject","inLanguage":"pt-BR","@id":"https:\/\/regiaonews.net.br\/2022\/#\/schema\/logo\/image\/","url":"https:\/\/regiaonews.net.br\/2022\/wp-content\/uploads\/2026\/03\/regiao-13-anos-scaled.jpg","contentUrl":"https:\/\/regiaonews.net.br\/2022\/wp-content\/uploads\/2026\/03\/regiao-13-anos-scaled.jpg","width":2560,"height":635,"caption":"Regi\u00e3o News"},"image":{"@id":"https:\/\/regiaonews.net.br\/2022\/#\/schema\/logo\/image\/"}},{"@type":"Person","@id":"https:\/\/regiaonews.net.br\/2022\/#\/schema\/person\/2d205a608a5aa97ac279d7a5e6d89ad8","name":"Roberto","image":{"@type":"ImageObject","inLanguage":"pt-BR","@id":"https:\/\/secure.gravatar.com\/avatar\/42749d8b712ff9d59ca93dc150494e5b55a44134482993f5baeb97e61b7ecc89?s=96&d=mm&r=g","url":"https:\/\/secure.gravatar.com\/avatar\/42749d8b712ff9d59ca93dc150494e5b55a44134482993f5baeb97e61b7ecc89?s=96&d=mm&r=g","contentUrl":"https:\/\/secure.gravatar.com\/avatar\/42749d8b712ff9d59ca93dc150494e5b55a44134482993f5baeb97e61b7ecc89?s=96&d=mm&r=g","caption":"Roberto"},"url":"https:\/\/regiaonews.net.br\/2022\/author\/roberto\/"}]}},"publishpress_future_action":{"enabled":false,"date":"2026-05-03 07:52:51","action":"change-status","newStatus":"draft","terms":[],"taxonomy":"category","extraData":[]},"publishpress_future_workflow_manual_trigger":{"enabledWorkflows":[]},"_links":{"self":[{"href":"https:\/\/regiaonews.net.br\/2022\/wp-json\/wp\/v2\/posts\/39489","targetHints":{"allow":["GET"]}}],"collection":[{"href":"https:\/\/regiaonews.net.br\/2022\/wp-json\/wp\/v2\/posts"}],"about":[{"href":"https:\/\/regiaonews.net.br\/2022\/wp-json\/wp\/v2\/types\/post"}],"author":[{"embeddable":true,"href":"https:\/\/regiaonews.net.br\/2022\/wp-json\/wp\/v2\/users\/2"}],"replies":[{"embeddable":true,"href":"https:\/\/regiaonews.net.br\/2022\/wp-json\/wp\/v2\/comments?post=39489"}],"version-history":[{"count":0,"href":"https:\/\/regiaonews.net.br\/2022\/wp-json\/wp\/v2\/posts\/39489\/revisions"}],"wp:featuredmedia":[{"embeddable":true,"href":"https:\/\/regiaonews.net.br\/2022\/wp-json\/wp\/v2\/media\/39490"}],"wp:attachment":[{"href":"https:\/\/regiaonews.net.br\/2022\/wp-json\/wp\/v2\/media?parent=39489"}],"wp:term":[{"taxonomy":"category","embeddable":true,"href":"https:\/\/regiaonews.net.br\/2022\/wp-json\/wp\/v2\/categories?post=39489"},{"taxonomy":"post_tag","embeddable":true,"href":"https:\/\/regiaonews.net.br\/2022\/wp-json\/wp\/v2\/tags?post=39489"}],"curies":[{"name":"wp","href":"https:\/\/api.w.org\/{rel}","templated":true}]}}