{"id":39483,"date":"2020-11-05T09:20:43","date_gmt":"2020-11-05T12:20:43","guid":{"rendered":"https:\/\/regiaonews.net.br\/2022\/?p=39483"},"modified":"2020-11-05T09:20:43","modified_gmt":"2020-11-05T12:20:43","slug":"deic-participa-de-operacao-nacional-de-combate-a-pirataria-de-streaming","status":"publish","type":"post","link":"https:\/\/regiaonews.net.br\/2022\/2020\/11\/05\/deic-participa-de-operacao-nacional-de-combate-a-pirataria-de-streaming\/","title":{"rendered":"Deic participa de opera\u00e7\u00e3o nacional de combate \u00e0 pirataria de streaming"},"content":{"rendered":"<p><a href=\"https:\/\/regiaonews.net.br\/2022\/wp-content\/uploads\/2020\/11\/D00042996.jpeg\"><img loading=\"lazy\" decoding=\"async\" class=\"alignnone size-medium wp-image-39484\" src=\"https:\/\/regiaonews.net.br\/2022\/wp-content\/uploads\/2020\/11\/D00042996-225x300.jpeg\" alt=\"\" width=\"225\" height=\"300\" \/><\/a><\/p>\n<div>A Pol\u00edcia Civil, por meio do Departamento Estadual de Investiga\u00e7\u00f5es Criminais (Deic), cumpre 10 mandados de busca e apreens\u00e3o e coordena o cumprimento de uma ordem judicial no Estado de Santa Catarina como parte da 2\u00aa fase da opera\u00e7\u00e3o &#8220;404&#8221;, deflagrada pelo Minist\u00e9rio da Justi\u00e7a e Seguran\u00e7a P\u00fablica.<\/div>\n<div><\/div>\n<div>Os trabalhos em campo visam dar continuidade no combate aos crimes praticados contra a propriedade intelectual na internet e s\u00e3o realizados em outras 10 unidades federativas.<\/div>\n<div><\/div>\n<div>No Estado de S\u00e3o Paulo, as a\u00e7\u00f5es s\u00e3o coordenadas por equipes da 1\u00aa Delegacia de Pol\u00edcia de Investiga\u00e7\u00f5es sobre Propriedade Imaterial da, da Divis\u00e3o de Investiga\u00e7\u00f5es Gerais (DIG) do Deic. Cerca de 30 agentes integram as atividades para cumprimento de ordens judiciais na Capital, Ribeir\u00e3o Preto e Pen\u00e1polis, sendo que nos munic\u00edpios do interior contam com o apoio das Divis\u00f5es Especializadas de Investiga\u00e7\u00f5es Criminais (Deics) de Ribeir\u00e3o Preto e Ara\u00e7atuba. No Estado de Santa Catarina o mandado \u00e9 cumprido pela pol\u00edcia local, sob a coordena\u00e7\u00e3o da 1\u00aa DIG.<\/div>\n<div><\/div>\n<div>A opera\u00e7\u00e3o visa o bloqueio e a suspens\u00e3o dos sites e aplicativos de streaming ilegal de conte\u00fado, desindexa\u00e7\u00e3o de conte\u00fado em mecanismos de busca e remo\u00e7\u00e3o de perfis e p\u00e1ginas em redes sociais. A fase 1 foi deflagrada em 1\u00ba de novembro de 2019 com o cumprimento de 30 mandados de busca e apreens\u00e3o, bloqueio e\/ou suspens\u00e3o de 210 sites e 100 aplicativos de streaming ilegal de conte\u00fado.<\/div>\n","protected":false},"excerpt":{"rendered":"<p>A Pol\u00edcia Civil, por meio do Departamento Estadual de Investiga\u00e7\u00f5es<\/p>\n","protected":false},"author":2,"featured_media":39484,"comment_status":"open","ping_status":"open","sticky":false,"template":"","format":"standard","meta":{"footnotes":""},"categories":[24,25,23],"tags":[],"class_list":["post-39483","post","type-post","status-publish","format-standard","has-post-thumbnail","hentry","category-brasil","category-cidades","category-policia"],"yoast_head":"<!-- This site is optimized with the Yoast SEO plugin v27.4 - https:\/\/yoast.com\/product\/yoast-seo-wordpress\/ -->\n<title>Deic participa de opera\u00e7\u00e3o nacional de combate \u00e0 pirataria de streaming - Regi\u00e3o News<\/title>\n<meta name=\"robots\" content=\"index, follow, max-snippet:-1, max-image-preview:large, max-video-preview:-1\" \/>\n<link rel=\"canonical\" href=\"https:\/\/regiaonews.net.br\/2022\/2020\/11\/05\/deic-participa-de-operacao-nacional-de-combate-a-pirataria-de-streaming\/\" \/>\n<meta property=\"og:locale\" content=\"pt_BR\" \/>\n<meta property=\"og:type\" content=\"article\" \/>\n<meta property=\"og:title\" content=\"Deic participa de opera\u00e7\u00e3o nacional de combate \u00e0 pirataria de streaming - Regi\u00e3o News\" \/>\n<meta property=\"og:description\" content=\"A Pol\u00edcia Civil, por meio do Departamento Estadual de Investiga\u00e7\u00f5es\" \/>\n<meta property=\"og:url\" content=\"https:\/\/regiaonews.net.br\/2022\/2020\/11\/05\/deic-participa-de-operacao-nacional-de-combate-a-pirataria-de-streaming\/\" \/>\n<meta property=\"og:site_name\" content=\"Regi\u00e3o News\" \/>\n<meta property=\"article:published_time\" content=\"2020-11-05T12:20:43+00:00\" \/>\n<meta property=\"og:image\" content=\"https:\/\/regiaonews.net.br\/2022\/wp-content\/uploads\/2020\/11\/D00042996.jpeg\" \/>\n\t<meta property=\"og:image:width\" content=\"800\" \/>\n\t<meta property=\"og:image:height\" content=\"1066\" \/>\n\t<meta property=\"og:image:type\" content=\"image\/jpeg\" \/>\n<meta name=\"author\" content=\"Roberto\" \/>\n<meta name=\"twitter:card\" content=\"summary_large_image\" \/>\n<meta name=\"twitter:label1\" content=\"Escrito por\" \/>\n\t<meta name=\"twitter:data1\" content=\"Roberto\" \/>\n\t<meta name=\"twitter:label2\" content=\"Est. tempo de leitura\" \/>\n\t<meta name=\"twitter:data2\" content=\"1 minuto\" \/>\n<script type=\"application\/ld+json\" class=\"yoast-schema-graph\">{\"@context\":\"https:\\\/\\\/schema.org\",\"@graph\":[{\"@type\":\"Article\",\"@id\":\"https:\\\/\\\/regiaonews.net.br\\\/2022\\\/2020\\\/11\\\/05\\\/deic-participa-de-operacao-nacional-de-combate-a-pirataria-de-streaming\\\/#article\",\"isPartOf\":{\"@id\":\"https:\\\/\\\/regiaonews.net.br\\\/2022\\\/2020\\\/11\\\/05\\\/deic-participa-de-operacao-nacional-de-combate-a-pirataria-de-streaming\\\/\"},\"author\":{\"name\":\"Roberto\",\"@id\":\"https:\\\/\\\/regiaonews.net.br\\\/2022\\\/#\\\/schema\\\/person\\\/2d205a608a5aa97ac279d7a5e6d89ad8\"},\"headline\":\"Deic participa de opera\u00e7\u00e3o nacional de combate \u00e0 pirataria de streaming\",\"datePublished\":\"2020-11-05T12:20:43+00:00\",\"mainEntityOfPage\":{\"@id\":\"https:\\\/\\\/regiaonews.net.br\\\/2022\\\/2020\\\/11\\\/05\\\/deic-participa-de-operacao-nacional-de-combate-a-pirataria-de-streaming\\\/\"},\"wordCount\":263,\"commentCount\":0,\"publisher\":{\"@id\":\"https:\\\/\\\/regiaonews.net.br\\\/2022\\\/#organization\"},\"image\":{\"@id\":\"https:\\\/\\\/regiaonews.net.br\\\/2022\\\/2020\\\/11\\\/05\\\/deic-participa-de-operacao-nacional-de-combate-a-pirataria-de-streaming\\\/#primaryimage\"},\"thumbnailUrl\":\"https:\\\/\\\/regiaonews.net.br\\\/2022\\\/wp-content\\\/uploads\\\/2020\\\/11\\\/D00042996.jpeg\",\"articleSection\":[\"Brasil\",\"Cidades\",\"Policia\"],\"inLanguage\":\"pt-BR\",\"potentialAction\":[{\"@type\":\"CommentAction\",\"name\":\"Comment\",\"target\":[\"https:\\\/\\\/regiaonews.net.br\\\/2022\\\/2020\\\/11\\\/05\\\/deic-participa-de-operacao-nacional-de-combate-a-pirataria-de-streaming\\\/#respond\"]}]},{\"@type\":\"WebPage\",\"@id\":\"https:\\\/\\\/regiaonews.net.br\\\/2022\\\/2020\\\/11\\\/05\\\/deic-participa-de-operacao-nacional-de-combate-a-pirataria-de-streaming\\\/\",\"url\":\"https:\\\/\\\/regiaonews.net.br\\\/2022\\\/2020\\\/11\\\/05\\\/deic-participa-de-operacao-nacional-de-combate-a-pirataria-de-streaming\\\/\",\"name\":\"Deic participa de opera\u00e7\u00e3o nacional de combate \u00e0 pirataria de streaming - Regi\u00e3o News\",\"isPartOf\":{\"@id\":\"https:\\\/\\\/regiaonews.net.br\\\/2022\\\/#website\"},\"primaryImageOfPage\":{\"@id\":\"https:\\\/\\\/regiaonews.net.br\\\/2022\\\/2020\\\/11\\\/05\\\/deic-participa-de-operacao-nacional-de-combate-a-pirataria-de-streaming\\\/#primaryimage\"},\"image\":{\"@id\":\"https:\\\/\\\/regiaonews.net.br\\\/2022\\\/2020\\\/11\\\/05\\\/deic-participa-de-operacao-nacional-de-combate-a-pirataria-de-streaming\\\/#primaryimage\"},\"thumbnailUrl\":\"https:\\\/\\\/regiaonews.net.br\\\/2022\\\/wp-content\\\/uploads\\\/2020\\\/11\\\/D00042996.jpeg\",\"datePublished\":\"2020-11-05T12:20:43+00:00\",\"breadcrumb\":{\"@id\":\"https:\\\/\\\/regiaonews.net.br\\\/2022\\\/2020\\\/11\\\/05\\\/deic-participa-de-operacao-nacional-de-combate-a-pirataria-de-streaming\\\/#breadcrumb\"},\"inLanguage\":\"pt-BR\",\"potentialAction\":[{\"@type\":\"ReadAction\",\"target\":[\"https:\\\/\\\/regiaonews.net.br\\\/2022\\\/2020\\\/11\\\/05\\\/deic-participa-de-operacao-nacional-de-combate-a-pirataria-de-streaming\\\/\"]}]},{\"@type\":\"ImageObject\",\"inLanguage\":\"pt-BR\",\"@id\":\"https:\\\/\\\/regiaonews.net.br\\\/2022\\\/2020\\\/11\\\/05\\\/deic-participa-de-operacao-nacional-de-combate-a-pirataria-de-streaming\\\/#primaryimage\",\"url\":\"https:\\\/\\\/regiaonews.net.br\\\/2022\\\/wp-content\\\/uploads\\\/2020\\\/11\\\/D00042996.jpeg\",\"contentUrl\":\"https:\\\/\\\/regiaonews.net.br\\\/2022\\\/wp-content\\\/uploads\\\/2020\\\/11\\\/D00042996.jpeg\",\"width\":800,\"height\":1066},{\"@type\":\"BreadcrumbList\",\"@id\":\"https:\\\/\\\/regiaonews.net.br\\\/2022\\\/2020\\\/11\\\/05\\\/deic-participa-de-operacao-nacional-de-combate-a-pirataria-de-streaming\\\/#breadcrumb\",\"itemListElement\":[{\"@type\":\"ListItem\",\"position\":1,\"name\":\"In\u00edcio\",\"item\":\"https:\\\/\\\/regiaonews.net.br\\\/2022\\\/\"},{\"@type\":\"ListItem\",\"position\":2,\"name\":\"Deic participa de opera\u00e7\u00e3o nacional de combate \u00e0 pirataria de streaming\"}]},{\"@type\":\"WebSite\",\"@id\":\"https:\\\/\\\/regiaonews.net.br\\\/2022\\\/#website\",\"url\":\"https:\\\/\\\/regiaonews.net.br\\\/2022\\\/\",\"name\":\"Regi\u00e3o News\",\"description\":\"Site de Not\u00edcias de Barretos e regi\u00e3o\",\"publisher\":{\"@id\":\"https:\\\/\\\/regiaonews.net.br\\\/2022\\\/#organization\"},\"potentialAction\":[{\"@type\":\"SearchAction\",\"target\":{\"@type\":\"EntryPoint\",\"urlTemplate\":\"https:\\\/\\\/regiaonews.net.br\\\/2022\\\/?s={search_term_string}\"},\"query-input\":{\"@type\":\"PropertyValueSpecification\",\"valueRequired\":true,\"valueName\":\"search_term_string\"}}],\"inLanguage\":\"pt-BR\"},{\"@type\":\"Organization\",\"@id\":\"https:\\\/\\\/regiaonews.net.br\\\/2022\\\/#organization\",\"name\":\"Regi\u00e3o News\",\"url\":\"https:\\\/\\\/regiaonews.net.br\\\/2022\\\/\",\"logo\":{\"@type\":\"ImageObject\",\"inLanguage\":\"pt-BR\",\"@id\":\"https:\\\/\\\/regiaonews.net.br\\\/2022\\\/#\\\/schema\\\/logo\\\/image\\\/\",\"url\":\"https:\\\/\\\/regiaonews.net.br\\\/2022\\\/wp-content\\\/uploads\\\/2026\\\/03\\\/regiao-13-anos-scaled.jpg\",\"contentUrl\":\"https:\\\/\\\/regiaonews.net.br\\\/2022\\\/wp-content\\\/uploads\\\/2026\\\/03\\\/regiao-13-anos-scaled.jpg\",\"width\":2560,\"height\":635,\"caption\":\"Regi\u00e3o News\"},\"image\":{\"@id\":\"https:\\\/\\\/regiaonews.net.br\\\/2022\\\/#\\\/schema\\\/logo\\\/image\\\/\"}},{\"@type\":\"Person\",\"@id\":\"https:\\\/\\\/regiaonews.net.br\\\/2022\\\/#\\\/schema\\\/person\\\/2d205a608a5aa97ac279d7a5e6d89ad8\",\"name\":\"Roberto\",\"image\":{\"@type\":\"ImageObject\",\"inLanguage\":\"pt-BR\",\"@id\":\"https:\\\/\\\/secure.gravatar.com\\\/avatar\\\/42749d8b712ff9d59ca93dc150494e5b55a44134482993f5baeb97e61b7ecc89?s=96&d=mm&r=g\",\"url\":\"https:\\\/\\\/secure.gravatar.com\\\/avatar\\\/42749d8b712ff9d59ca93dc150494e5b55a44134482993f5baeb97e61b7ecc89?s=96&d=mm&r=g\",\"contentUrl\":\"https:\\\/\\\/secure.gravatar.com\\\/avatar\\\/42749d8b712ff9d59ca93dc150494e5b55a44134482993f5baeb97e61b7ecc89?s=96&d=mm&r=g\",\"caption\":\"Roberto\"},\"url\":\"https:\\\/\\\/regiaonews.net.br\\\/2022\\\/author\\\/roberto\\\/\"}]}<\/script>\n<!-- \/ Yoast SEO plugin. -->","yoast_head_json":{"title":"Deic participa de opera\u00e7\u00e3o nacional de combate \u00e0 pirataria de streaming - Regi\u00e3o News","robots":{"index":"index","follow":"follow","max-snippet":"max-snippet:-1","max-image-preview":"max-image-preview:large","max-video-preview":"max-video-preview:-1"},"canonical":"https:\/\/regiaonews.net.br\/2022\/2020\/11\/05\/deic-participa-de-operacao-nacional-de-combate-a-pirataria-de-streaming\/","og_locale":"pt_BR","og_type":"article","og_title":"Deic participa de opera\u00e7\u00e3o nacional de combate \u00e0 pirataria de streaming - Regi\u00e3o News","og_description":"A Pol\u00edcia Civil, por meio do Departamento Estadual de Investiga\u00e7\u00f5es","og_url":"https:\/\/regiaonews.net.br\/2022\/2020\/11\/05\/deic-participa-de-operacao-nacional-de-combate-a-pirataria-de-streaming\/","og_site_name":"Regi\u00e3o News","article_published_time":"2020-11-05T12:20:43+00:00","og_image":[{"width":800,"height":1066,"url":"https:\/\/regiaonews.net.br\/2022\/wp-content\/uploads\/2020\/11\/D00042996.jpeg","type":"image\/jpeg"}],"author":"Roberto","twitter_card":"summary_large_image","twitter_misc":{"Escrito por":"Roberto","Est. tempo de leitura":"1 minuto"},"schema":{"@context":"https:\/\/schema.org","@graph":[{"@type":"Article","@id":"https:\/\/regiaonews.net.br\/2022\/2020\/11\/05\/deic-participa-de-operacao-nacional-de-combate-a-pirataria-de-streaming\/#article","isPartOf":{"@id":"https:\/\/regiaonews.net.br\/2022\/2020\/11\/05\/deic-participa-de-operacao-nacional-de-combate-a-pirataria-de-streaming\/"},"author":{"name":"Roberto","@id":"https:\/\/regiaonews.net.br\/2022\/#\/schema\/person\/2d205a608a5aa97ac279d7a5e6d89ad8"},"headline":"Deic participa de opera\u00e7\u00e3o nacional de combate \u00e0 pirataria de streaming","datePublished":"2020-11-05T12:20:43+00:00","mainEntityOfPage":{"@id":"https:\/\/regiaonews.net.br\/2022\/2020\/11\/05\/deic-participa-de-operacao-nacional-de-combate-a-pirataria-de-streaming\/"},"wordCount":263,"commentCount":0,"publisher":{"@id":"https:\/\/regiaonews.net.br\/2022\/#organization"},"image":{"@id":"https:\/\/regiaonews.net.br\/2022\/2020\/11\/05\/deic-participa-de-operacao-nacional-de-combate-a-pirataria-de-streaming\/#primaryimage"},"thumbnailUrl":"https:\/\/regiaonews.net.br\/2022\/wp-content\/uploads\/2020\/11\/D00042996.jpeg","articleSection":["Brasil","Cidades","Policia"],"inLanguage":"pt-BR","potentialAction":[{"@type":"CommentAction","name":"Comment","target":["https:\/\/regiaonews.net.br\/2022\/2020\/11\/05\/deic-participa-de-operacao-nacional-de-combate-a-pirataria-de-streaming\/#respond"]}]},{"@type":"WebPage","@id":"https:\/\/regiaonews.net.br\/2022\/2020\/11\/05\/deic-participa-de-operacao-nacional-de-combate-a-pirataria-de-streaming\/","url":"https:\/\/regiaonews.net.br\/2022\/2020\/11\/05\/deic-participa-de-operacao-nacional-de-combate-a-pirataria-de-streaming\/","name":"Deic participa de opera\u00e7\u00e3o nacional de combate \u00e0 pirataria de streaming - Regi\u00e3o News","isPartOf":{"@id":"https:\/\/regiaonews.net.br\/2022\/#website"},"primaryImageOfPage":{"@id":"https:\/\/regiaonews.net.br\/2022\/2020\/11\/05\/deic-participa-de-operacao-nacional-de-combate-a-pirataria-de-streaming\/#primaryimage"},"image":{"@id":"https:\/\/regiaonews.net.br\/2022\/2020\/11\/05\/deic-participa-de-operacao-nacional-de-combate-a-pirataria-de-streaming\/#primaryimage"},"thumbnailUrl":"https:\/\/regiaonews.net.br\/2022\/wp-content\/uploads\/2020\/11\/D00042996.jpeg","datePublished":"2020-11-05T12:20:43+00:00","breadcrumb":{"@id":"https:\/\/regiaonews.net.br\/2022\/2020\/11\/05\/deic-participa-de-operacao-nacional-de-combate-a-pirataria-de-streaming\/#breadcrumb"},"inLanguage":"pt-BR","potentialAction":[{"@type":"ReadAction","target":["https:\/\/regiaonews.net.br\/2022\/2020\/11\/05\/deic-participa-de-operacao-nacional-de-combate-a-pirataria-de-streaming\/"]}]},{"@type":"ImageObject","inLanguage":"pt-BR","@id":"https:\/\/regiaonews.net.br\/2022\/2020\/11\/05\/deic-participa-de-operacao-nacional-de-combate-a-pirataria-de-streaming\/#primaryimage","url":"https:\/\/regiaonews.net.br\/2022\/wp-content\/uploads\/2020\/11\/D00042996.jpeg","contentUrl":"https:\/\/regiaonews.net.br\/2022\/wp-content\/uploads\/2020\/11\/D00042996.jpeg","width":800,"height":1066},{"@type":"BreadcrumbList","@id":"https:\/\/regiaonews.net.br\/2022\/2020\/11\/05\/deic-participa-de-operacao-nacional-de-combate-a-pirataria-de-streaming\/#breadcrumb","itemListElement":[{"@type":"ListItem","position":1,"name":"In\u00edcio","item":"https:\/\/regiaonews.net.br\/2022\/"},{"@type":"ListItem","position":2,"name":"Deic participa de opera\u00e7\u00e3o nacional de combate \u00e0 pirataria de streaming"}]},{"@type":"WebSite","@id":"https:\/\/regiaonews.net.br\/2022\/#website","url":"https:\/\/regiaonews.net.br\/2022\/","name":"Regi\u00e3o News","description":"Site de Not\u00edcias de Barretos e regi\u00e3o","publisher":{"@id":"https:\/\/regiaonews.net.br\/2022\/#organization"},"potentialAction":[{"@type":"SearchAction","target":{"@type":"EntryPoint","urlTemplate":"https:\/\/regiaonews.net.br\/2022\/?s={search_term_string}"},"query-input":{"@type":"PropertyValueSpecification","valueRequired":true,"valueName":"search_term_string"}}],"inLanguage":"pt-BR"},{"@type":"Organization","@id":"https:\/\/regiaonews.net.br\/2022\/#organization","name":"Regi\u00e3o News","url":"https:\/\/regiaonews.net.br\/2022\/","logo":{"@type":"ImageObject","inLanguage":"pt-BR","@id":"https:\/\/regiaonews.net.br\/2022\/#\/schema\/logo\/image\/","url":"https:\/\/regiaonews.net.br\/2022\/wp-content\/uploads\/2026\/03\/regiao-13-anos-scaled.jpg","contentUrl":"https:\/\/regiaonews.net.br\/2022\/wp-content\/uploads\/2026\/03\/regiao-13-anos-scaled.jpg","width":2560,"height":635,"caption":"Regi\u00e3o News"},"image":{"@id":"https:\/\/regiaonews.net.br\/2022\/#\/schema\/logo\/image\/"}},{"@type":"Person","@id":"https:\/\/regiaonews.net.br\/2022\/#\/schema\/person\/2d205a608a5aa97ac279d7a5e6d89ad8","name":"Roberto","image":{"@type":"ImageObject","inLanguage":"pt-BR","@id":"https:\/\/secure.gravatar.com\/avatar\/42749d8b712ff9d59ca93dc150494e5b55a44134482993f5baeb97e61b7ecc89?s=96&d=mm&r=g","url":"https:\/\/secure.gravatar.com\/avatar\/42749d8b712ff9d59ca93dc150494e5b55a44134482993f5baeb97e61b7ecc89?s=96&d=mm&r=g","contentUrl":"https:\/\/secure.gravatar.com\/avatar\/42749d8b712ff9d59ca93dc150494e5b55a44134482993f5baeb97e61b7ecc89?s=96&d=mm&r=g","caption":"Roberto"},"url":"https:\/\/regiaonews.net.br\/2022\/author\/roberto\/"}]}},"publishpress_future_action":{"enabled":false,"date":"2026-05-03 10:52:52","action":"change-status","newStatus":"draft","terms":[],"taxonomy":"category","extraData":[]},"publishpress_future_workflow_manual_trigger":{"enabledWorkflows":[]},"_links":{"self":[{"href":"https:\/\/regiaonews.net.br\/2022\/wp-json\/wp\/v2\/posts\/39483","targetHints":{"allow":["GET"]}}],"collection":[{"href":"https:\/\/regiaonews.net.br\/2022\/wp-json\/wp\/v2\/posts"}],"about":[{"href":"https:\/\/regiaonews.net.br\/2022\/wp-json\/wp\/v2\/types\/post"}],"author":[{"embeddable":true,"href":"https:\/\/regiaonews.net.br\/2022\/wp-json\/wp\/v2\/users\/2"}],"replies":[{"embeddable":true,"href":"https:\/\/regiaonews.net.br\/2022\/wp-json\/wp\/v2\/comments?post=39483"}],"version-history":[{"count":0,"href":"https:\/\/regiaonews.net.br\/2022\/wp-json\/wp\/v2\/posts\/39483\/revisions"}],"wp:featuredmedia":[{"embeddable":true,"href":"https:\/\/regiaonews.net.br\/2022\/wp-json\/wp\/v2\/media\/39484"}],"wp:attachment":[{"href":"https:\/\/regiaonews.net.br\/2022\/wp-json\/wp\/v2\/media?parent=39483"}],"wp:term":[{"taxonomy":"category","embeddable":true,"href":"https:\/\/regiaonews.net.br\/2022\/wp-json\/wp\/v2\/categories?post=39483"},{"taxonomy":"post_tag","embeddable":true,"href":"https:\/\/regiaonews.net.br\/2022\/wp-json\/wp\/v2\/tags?post=39483"}],"curies":[{"name":"wp","href":"https:\/\/api.w.org\/{rel}","templated":true}]}}