{"id":39455,"date":"2020-11-04T15:37:43","date_gmt":"2020-11-04T18:37:43","guid":{"rendered":"https:\/\/regiaonews.net.br\/2022\/?p=39455"},"modified":"2020-11-04T15:37:43","modified_gmt":"2020-11-04T18:37:43","slug":"periodo-da-piracema-teve-inicio-no-dia-1o-e-policia-ambiental-orienta-pescadores","status":"publish","type":"post","link":"https:\/\/regiaonews.net.br\/2022\/2020\/11\/04\/periodo-da-piracema-teve-inicio-no-dia-1o-e-policia-ambiental-orienta-pescadores\/","title":{"rendered":"Per\u00edodo da Piracema teve in\u00edcio no dia 1\u00ba e Pol\u00edcia Ambiental orienta pescadores \u00a0"},"content":{"rendered":"<p><strong><a href=\"https:\/\/regiaonews.net.br\/2022\/wp-content\/uploads\/2020\/11\/Permitido.jpg\"><img loading=\"lazy\" decoding=\"async\" class=\"alignnone size-medium wp-image-39456\" src=\"https:\/\/regiaonews.net.br\/2022\/wp-content\/uploads\/2020\/11\/Permitido-300x300.jpg\" alt=\"\" width=\"300\" height=\"300\" \/><\/a> <a href=\"https:\/\/regiaonews.net.br\/2022\/wp-content\/uploads\/2020\/11\/Proibido.jpg\"><img loading=\"lazy\" decoding=\"async\" class=\"alignnone size-medium wp-image-39457\" src=\"https:\/\/regiaonews.net.br\/2022\/wp-content\/uploads\/2020\/11\/Proibido-300x300.jpg\" alt=\"\" width=\"300\" height=\"300\" \/><\/a>\u00a0<\/strong><\/p>\n<p>A Pol\u00edcia Ambiental divulgou\u00a0 que no per\u00edodo compreendido entre hoje, dia 1\u00ba\u00a0 de novembro at\u00e9 o dia 28 de fevereiro de 2021, estar\u00e1 sendo realizada a \u201cOpera\u00e7\u00e3o Piracema\u201d atrav\u00e9s da intensifica\u00e7\u00e3o do policiamento ostensivo ambiental nas \u00e1reas de pesca.\u00a0 Segundo a Pol\u00edcia Ambiental, neste per\u00edodo, os policiais ambientais verificar\u00e3o se os pescadores est\u00e3o adotando as medidas previstas\u00a0 na Instru\u00e7\u00e3o Normativa Ibama \u2013 N\u00ba 25, de 01 de setembro de 2009, que estabelece as normas para a pesca\u00a0 no per\u00edodo de reprodu\u00e7\u00e3o natural dos peixes na bacia hidrogr\u00e1fica do Paran\u00e1<\/p>\n<p>&nbsp;<\/p>\n","protected":false},"excerpt":{"rendered":"<p>\u00a0 A Pol\u00edcia Ambiental divulgou\u00a0 que no per\u00edodo compreendido entre<\/p>\n","protected":false},"author":2,"featured_media":39458,"comment_status":"open","ping_status":"open","sticky":false,"template":"","format":"standard","meta":{"footnotes":""},"categories":[25,7,23],"tags":[],"class_list":["post-39455","post","type-post","status-publish","format-standard","has-post-thumbnail","hentry","category-cidades","category-estado-de-sao-paulo","category-policia"],"yoast_head":"<!-- This site is optimized with the Yoast SEO plugin v27.4 - https:\/\/yoast.com\/product\/yoast-seo-wordpress\/ -->\n<title>Per\u00edodo da Piracema teve in\u00edcio no dia 1\u00ba e Pol\u00edcia Ambiental orienta pescadores \u00a0 - Regi\u00e3o News<\/title>\n<meta name=\"robots\" content=\"index, follow, max-snippet:-1, max-image-preview:large, max-video-preview:-1\" \/>\n<link rel=\"canonical\" href=\"https:\/\/regiaonews.net.br\/2022\/2020\/11\/04\/periodo-da-piracema-teve-inicio-no-dia-1o-e-policia-ambiental-orienta-pescadores\/\" \/>\n<meta property=\"og:locale\" content=\"pt_BR\" \/>\n<meta property=\"og:type\" content=\"article\" \/>\n<meta property=\"og:title\" content=\"Per\u00edodo da Piracema teve in\u00edcio no dia 1\u00ba e Pol\u00edcia Ambiental orienta pescadores \u00a0 - Regi\u00e3o News\" \/>\n<meta property=\"og:description\" content=\"\u00a0 A Pol\u00edcia Ambiental divulgou\u00a0 que no per\u00edodo compreendido entre\" \/>\n<meta property=\"og:url\" content=\"https:\/\/regiaonews.net.br\/2022\/2020\/11\/04\/periodo-da-piracema-teve-inicio-no-dia-1o-e-policia-ambiental-orienta-pescadores\/\" \/>\n<meta property=\"og:site_name\" content=\"Regi\u00e3o News\" \/>\n<meta property=\"article:published_time\" content=\"2020-11-04T18:37:43+00:00\" \/>\n<meta property=\"og:image\" content=\"https:\/\/regiaonews.net.br\/2022\/wp-content\/uploads\/2020\/11\/fac8048b-7964-48bc-8c8b-553b7348f412.jpg\" \/>\n\t<meta property=\"og:image:width\" content=\"720\" \/>\n\t<meta property=\"og:image:height\" content=\"720\" \/>\n\t<meta property=\"og:image:type\" content=\"image\/jpeg\" \/>\n<meta name=\"author\" content=\"Roberto\" \/>\n<meta name=\"twitter:card\" content=\"summary_large_image\" \/>\n<meta name=\"twitter:label1\" content=\"Escrito por\" \/>\n\t<meta name=\"twitter:data1\" content=\"Roberto\" \/>\n<script type=\"application\/ld+json\" class=\"yoast-schema-graph\">{\"@context\":\"https:\\\/\\\/schema.org\",\"@graph\":[{\"@type\":\"Article\",\"@id\":\"https:\\\/\\\/regiaonews.net.br\\\/2022\\\/2020\\\/11\\\/04\\\/periodo-da-piracema-teve-inicio-no-dia-1o-e-policia-ambiental-orienta-pescadores\\\/#article\",\"isPartOf\":{\"@id\":\"https:\\\/\\\/regiaonews.net.br\\\/2022\\\/2020\\\/11\\\/04\\\/periodo-da-piracema-teve-inicio-no-dia-1o-e-policia-ambiental-orienta-pescadores\\\/\"},\"author\":{\"name\":\"Roberto\",\"@id\":\"https:\\\/\\\/regiaonews.net.br\\\/2022\\\/#\\\/schema\\\/person\\\/2d205a608a5aa97ac279d7a5e6d89ad8\"},\"headline\":\"Per\u00edodo da Piracema teve in\u00edcio no dia 1\u00ba e Pol\u00edcia Ambiental orienta pescadores \u00a0\",\"datePublished\":\"2020-11-04T18:37:43+00:00\",\"mainEntityOfPage\":{\"@id\":\"https:\\\/\\\/regiaonews.net.br\\\/2022\\\/2020\\\/11\\\/04\\\/periodo-da-piracema-teve-inicio-no-dia-1o-e-policia-ambiental-orienta-pescadores\\\/\"},\"wordCount\":111,\"commentCount\":0,\"publisher\":{\"@id\":\"https:\\\/\\\/regiaonews.net.br\\\/2022\\\/#organization\"},\"image\":{\"@id\":\"https:\\\/\\\/regiaonews.net.br\\\/2022\\\/2020\\\/11\\\/04\\\/periodo-da-piracema-teve-inicio-no-dia-1o-e-policia-ambiental-orienta-pescadores\\\/#primaryimage\"},\"thumbnailUrl\":\"https:\\\/\\\/regiaonews.net.br\\\/2022\\\/wp-content\\\/uploads\\\/2020\\\/11\\\/fac8048b-7964-48bc-8c8b-553b7348f412.jpg\",\"articleSection\":[\"Cidades\",\"Estado de S\u00e3o Paulo\",\"Policia\"],\"inLanguage\":\"pt-BR\",\"potentialAction\":[{\"@type\":\"CommentAction\",\"name\":\"Comment\",\"target\":[\"https:\\\/\\\/regiaonews.net.br\\\/2022\\\/2020\\\/11\\\/04\\\/periodo-da-piracema-teve-inicio-no-dia-1o-e-policia-ambiental-orienta-pescadores\\\/#respond\"]}]},{\"@type\":\"WebPage\",\"@id\":\"https:\\\/\\\/regiaonews.net.br\\\/2022\\\/2020\\\/11\\\/04\\\/periodo-da-piracema-teve-inicio-no-dia-1o-e-policia-ambiental-orienta-pescadores\\\/\",\"url\":\"https:\\\/\\\/regiaonews.net.br\\\/2022\\\/2020\\\/11\\\/04\\\/periodo-da-piracema-teve-inicio-no-dia-1o-e-policia-ambiental-orienta-pescadores\\\/\",\"name\":\"Per\u00edodo da Piracema teve in\u00edcio no dia 1\u00ba e Pol\u00edcia Ambiental orienta pescadores \u00a0 - Regi\u00e3o News\",\"isPartOf\":{\"@id\":\"https:\\\/\\\/regiaonews.net.br\\\/2022\\\/#website\"},\"primaryImageOfPage\":{\"@id\":\"https:\\\/\\\/regiaonews.net.br\\\/2022\\\/2020\\\/11\\\/04\\\/periodo-da-piracema-teve-inicio-no-dia-1o-e-policia-ambiental-orienta-pescadores\\\/#primaryimage\"},\"image\":{\"@id\":\"https:\\\/\\\/regiaonews.net.br\\\/2022\\\/2020\\\/11\\\/04\\\/periodo-da-piracema-teve-inicio-no-dia-1o-e-policia-ambiental-orienta-pescadores\\\/#primaryimage\"},\"thumbnailUrl\":\"https:\\\/\\\/regiaonews.net.br\\\/2022\\\/wp-content\\\/uploads\\\/2020\\\/11\\\/fac8048b-7964-48bc-8c8b-553b7348f412.jpg\",\"datePublished\":\"2020-11-04T18:37:43+00:00\",\"breadcrumb\":{\"@id\":\"https:\\\/\\\/regiaonews.net.br\\\/2022\\\/2020\\\/11\\\/04\\\/periodo-da-piracema-teve-inicio-no-dia-1o-e-policia-ambiental-orienta-pescadores\\\/#breadcrumb\"},\"inLanguage\":\"pt-BR\",\"potentialAction\":[{\"@type\":\"ReadAction\",\"target\":[\"https:\\\/\\\/regiaonews.net.br\\\/2022\\\/2020\\\/11\\\/04\\\/periodo-da-piracema-teve-inicio-no-dia-1o-e-policia-ambiental-orienta-pescadores\\\/\"]}]},{\"@type\":\"ImageObject\",\"inLanguage\":\"pt-BR\",\"@id\":\"https:\\\/\\\/regiaonews.net.br\\\/2022\\\/2020\\\/11\\\/04\\\/periodo-da-piracema-teve-inicio-no-dia-1o-e-policia-ambiental-orienta-pescadores\\\/#primaryimage\",\"url\":\"https:\\\/\\\/regiaonews.net.br\\\/2022\\\/wp-content\\\/uploads\\\/2020\\\/11\\\/fac8048b-7964-48bc-8c8b-553b7348f412.jpg\",\"contentUrl\":\"https:\\\/\\\/regiaonews.net.br\\\/2022\\\/wp-content\\\/uploads\\\/2020\\\/11\\\/fac8048b-7964-48bc-8c8b-553b7348f412.jpg\",\"width\":720,\"height\":720},{\"@type\":\"BreadcrumbList\",\"@id\":\"https:\\\/\\\/regiaonews.net.br\\\/2022\\\/2020\\\/11\\\/04\\\/periodo-da-piracema-teve-inicio-no-dia-1o-e-policia-ambiental-orienta-pescadores\\\/#breadcrumb\",\"itemListElement\":[{\"@type\":\"ListItem\",\"position\":1,\"name\":\"In\u00edcio\",\"item\":\"https:\\\/\\\/regiaonews.net.br\\\/2022\\\/\"},{\"@type\":\"ListItem\",\"position\":2,\"name\":\"Per\u00edodo da Piracema teve in\u00edcio no dia 1\u00ba e Pol\u00edcia Ambiental orienta pescadores \u00a0\"}]},{\"@type\":\"WebSite\",\"@id\":\"https:\\\/\\\/regiaonews.net.br\\\/2022\\\/#website\",\"url\":\"https:\\\/\\\/regiaonews.net.br\\\/2022\\\/\",\"name\":\"Regi\u00e3o News\",\"description\":\"Site de Not\u00edcias de Barretos e regi\u00e3o\",\"publisher\":{\"@id\":\"https:\\\/\\\/regiaonews.net.br\\\/2022\\\/#organization\"},\"potentialAction\":[{\"@type\":\"SearchAction\",\"target\":{\"@type\":\"EntryPoint\",\"urlTemplate\":\"https:\\\/\\\/regiaonews.net.br\\\/2022\\\/?s={search_term_string}\"},\"query-input\":{\"@type\":\"PropertyValueSpecification\",\"valueRequired\":true,\"valueName\":\"search_term_string\"}}],\"inLanguage\":\"pt-BR\"},{\"@type\":\"Organization\",\"@id\":\"https:\\\/\\\/regiaonews.net.br\\\/2022\\\/#organization\",\"name\":\"Regi\u00e3o News\",\"url\":\"https:\\\/\\\/regiaonews.net.br\\\/2022\\\/\",\"logo\":{\"@type\":\"ImageObject\",\"inLanguage\":\"pt-BR\",\"@id\":\"https:\\\/\\\/regiaonews.net.br\\\/2022\\\/#\\\/schema\\\/logo\\\/image\\\/\",\"url\":\"https:\\\/\\\/regiaonews.net.br\\\/2022\\\/wp-content\\\/uploads\\\/2026\\\/03\\\/regiao-13-anos-scaled.jpg\",\"contentUrl\":\"https:\\\/\\\/regiaonews.net.br\\\/2022\\\/wp-content\\\/uploads\\\/2026\\\/03\\\/regiao-13-anos-scaled.jpg\",\"width\":2560,\"height\":635,\"caption\":\"Regi\u00e3o News\"},\"image\":{\"@id\":\"https:\\\/\\\/regiaonews.net.br\\\/2022\\\/#\\\/schema\\\/logo\\\/image\\\/\"}},{\"@type\":\"Person\",\"@id\":\"https:\\\/\\\/regiaonews.net.br\\\/2022\\\/#\\\/schema\\\/person\\\/2d205a608a5aa97ac279d7a5e6d89ad8\",\"name\":\"Roberto\",\"image\":{\"@type\":\"ImageObject\",\"inLanguage\":\"pt-BR\",\"@id\":\"https:\\\/\\\/secure.gravatar.com\\\/avatar\\\/42749d8b712ff9d59ca93dc150494e5b55a44134482993f5baeb97e61b7ecc89?s=96&d=mm&r=g\",\"url\":\"https:\\\/\\\/secure.gravatar.com\\\/avatar\\\/42749d8b712ff9d59ca93dc150494e5b55a44134482993f5baeb97e61b7ecc89?s=96&d=mm&r=g\",\"contentUrl\":\"https:\\\/\\\/secure.gravatar.com\\\/avatar\\\/42749d8b712ff9d59ca93dc150494e5b55a44134482993f5baeb97e61b7ecc89?s=96&d=mm&r=g\",\"caption\":\"Roberto\"},\"url\":\"https:\\\/\\\/regiaonews.net.br\\\/2022\\\/author\\\/roberto\\\/\"}]}<\/script>\n<!-- \/ Yoast SEO plugin. -->","yoast_head_json":{"title":"Per\u00edodo da Piracema teve in\u00edcio no dia 1\u00ba e Pol\u00edcia Ambiental orienta pescadores \u00a0 - Regi\u00e3o News","robots":{"index":"index","follow":"follow","max-snippet":"max-snippet:-1","max-image-preview":"max-image-preview:large","max-video-preview":"max-video-preview:-1"},"canonical":"https:\/\/regiaonews.net.br\/2022\/2020\/11\/04\/periodo-da-piracema-teve-inicio-no-dia-1o-e-policia-ambiental-orienta-pescadores\/","og_locale":"pt_BR","og_type":"article","og_title":"Per\u00edodo da Piracema teve in\u00edcio no dia 1\u00ba e Pol\u00edcia Ambiental orienta pescadores \u00a0 - Regi\u00e3o News","og_description":"\u00a0 A Pol\u00edcia Ambiental divulgou\u00a0 que no per\u00edodo compreendido entre","og_url":"https:\/\/regiaonews.net.br\/2022\/2020\/11\/04\/periodo-da-piracema-teve-inicio-no-dia-1o-e-policia-ambiental-orienta-pescadores\/","og_site_name":"Regi\u00e3o News","article_published_time":"2020-11-04T18:37:43+00:00","og_image":[{"width":720,"height":720,"url":"https:\/\/regiaonews.net.br\/2022\/wp-content\/uploads\/2020\/11\/fac8048b-7964-48bc-8c8b-553b7348f412.jpg","type":"image\/jpeg"}],"author":"Roberto","twitter_card":"summary_large_image","twitter_misc":{"Escrito por":"Roberto"},"schema":{"@context":"https:\/\/schema.org","@graph":[{"@type":"Article","@id":"https:\/\/regiaonews.net.br\/2022\/2020\/11\/04\/periodo-da-piracema-teve-inicio-no-dia-1o-e-policia-ambiental-orienta-pescadores\/#article","isPartOf":{"@id":"https:\/\/regiaonews.net.br\/2022\/2020\/11\/04\/periodo-da-piracema-teve-inicio-no-dia-1o-e-policia-ambiental-orienta-pescadores\/"},"author":{"name":"Roberto","@id":"https:\/\/regiaonews.net.br\/2022\/#\/schema\/person\/2d205a608a5aa97ac279d7a5e6d89ad8"},"headline":"Per\u00edodo da Piracema teve in\u00edcio no dia 1\u00ba e Pol\u00edcia Ambiental orienta pescadores \u00a0","datePublished":"2020-11-04T18:37:43+00:00","mainEntityOfPage":{"@id":"https:\/\/regiaonews.net.br\/2022\/2020\/11\/04\/periodo-da-piracema-teve-inicio-no-dia-1o-e-policia-ambiental-orienta-pescadores\/"},"wordCount":111,"commentCount":0,"publisher":{"@id":"https:\/\/regiaonews.net.br\/2022\/#organization"},"image":{"@id":"https:\/\/regiaonews.net.br\/2022\/2020\/11\/04\/periodo-da-piracema-teve-inicio-no-dia-1o-e-policia-ambiental-orienta-pescadores\/#primaryimage"},"thumbnailUrl":"https:\/\/regiaonews.net.br\/2022\/wp-content\/uploads\/2020\/11\/fac8048b-7964-48bc-8c8b-553b7348f412.jpg","articleSection":["Cidades","Estado de S\u00e3o Paulo","Policia"],"inLanguage":"pt-BR","potentialAction":[{"@type":"CommentAction","name":"Comment","target":["https:\/\/regiaonews.net.br\/2022\/2020\/11\/04\/periodo-da-piracema-teve-inicio-no-dia-1o-e-policia-ambiental-orienta-pescadores\/#respond"]}]},{"@type":"WebPage","@id":"https:\/\/regiaonews.net.br\/2022\/2020\/11\/04\/periodo-da-piracema-teve-inicio-no-dia-1o-e-policia-ambiental-orienta-pescadores\/","url":"https:\/\/regiaonews.net.br\/2022\/2020\/11\/04\/periodo-da-piracema-teve-inicio-no-dia-1o-e-policia-ambiental-orienta-pescadores\/","name":"Per\u00edodo da Piracema teve in\u00edcio no dia 1\u00ba e Pol\u00edcia Ambiental orienta pescadores \u00a0 - Regi\u00e3o News","isPartOf":{"@id":"https:\/\/regiaonews.net.br\/2022\/#website"},"primaryImageOfPage":{"@id":"https:\/\/regiaonews.net.br\/2022\/2020\/11\/04\/periodo-da-piracema-teve-inicio-no-dia-1o-e-policia-ambiental-orienta-pescadores\/#primaryimage"},"image":{"@id":"https:\/\/regiaonews.net.br\/2022\/2020\/11\/04\/periodo-da-piracema-teve-inicio-no-dia-1o-e-policia-ambiental-orienta-pescadores\/#primaryimage"},"thumbnailUrl":"https:\/\/regiaonews.net.br\/2022\/wp-content\/uploads\/2020\/11\/fac8048b-7964-48bc-8c8b-553b7348f412.jpg","datePublished":"2020-11-04T18:37:43+00:00","breadcrumb":{"@id":"https:\/\/regiaonews.net.br\/2022\/2020\/11\/04\/periodo-da-piracema-teve-inicio-no-dia-1o-e-policia-ambiental-orienta-pescadores\/#breadcrumb"},"inLanguage":"pt-BR","potentialAction":[{"@type":"ReadAction","target":["https:\/\/regiaonews.net.br\/2022\/2020\/11\/04\/periodo-da-piracema-teve-inicio-no-dia-1o-e-policia-ambiental-orienta-pescadores\/"]}]},{"@type":"ImageObject","inLanguage":"pt-BR","@id":"https:\/\/regiaonews.net.br\/2022\/2020\/11\/04\/periodo-da-piracema-teve-inicio-no-dia-1o-e-policia-ambiental-orienta-pescadores\/#primaryimage","url":"https:\/\/regiaonews.net.br\/2022\/wp-content\/uploads\/2020\/11\/fac8048b-7964-48bc-8c8b-553b7348f412.jpg","contentUrl":"https:\/\/regiaonews.net.br\/2022\/wp-content\/uploads\/2020\/11\/fac8048b-7964-48bc-8c8b-553b7348f412.jpg","width":720,"height":720},{"@type":"BreadcrumbList","@id":"https:\/\/regiaonews.net.br\/2022\/2020\/11\/04\/periodo-da-piracema-teve-inicio-no-dia-1o-e-policia-ambiental-orienta-pescadores\/#breadcrumb","itemListElement":[{"@type":"ListItem","position":1,"name":"In\u00edcio","item":"https:\/\/regiaonews.net.br\/2022\/"},{"@type":"ListItem","position":2,"name":"Per\u00edodo da Piracema teve in\u00edcio no dia 1\u00ba e Pol\u00edcia Ambiental orienta pescadores \u00a0"}]},{"@type":"WebSite","@id":"https:\/\/regiaonews.net.br\/2022\/#website","url":"https:\/\/regiaonews.net.br\/2022\/","name":"Regi\u00e3o News","description":"Site de Not\u00edcias de Barretos e regi\u00e3o","publisher":{"@id":"https:\/\/regiaonews.net.br\/2022\/#organization"},"potentialAction":[{"@type":"SearchAction","target":{"@type":"EntryPoint","urlTemplate":"https:\/\/regiaonews.net.br\/2022\/?s={search_term_string}"},"query-input":{"@type":"PropertyValueSpecification","valueRequired":true,"valueName":"search_term_string"}}],"inLanguage":"pt-BR"},{"@type":"Organization","@id":"https:\/\/regiaonews.net.br\/2022\/#organization","name":"Regi\u00e3o News","url":"https:\/\/regiaonews.net.br\/2022\/","logo":{"@type":"ImageObject","inLanguage":"pt-BR","@id":"https:\/\/regiaonews.net.br\/2022\/#\/schema\/logo\/image\/","url":"https:\/\/regiaonews.net.br\/2022\/wp-content\/uploads\/2026\/03\/regiao-13-anos-scaled.jpg","contentUrl":"https:\/\/regiaonews.net.br\/2022\/wp-content\/uploads\/2026\/03\/regiao-13-anos-scaled.jpg","width":2560,"height":635,"caption":"Regi\u00e3o News"},"image":{"@id":"https:\/\/regiaonews.net.br\/2022\/#\/schema\/logo\/image\/"}},{"@type":"Person","@id":"https:\/\/regiaonews.net.br\/2022\/#\/schema\/person\/2d205a608a5aa97ac279d7a5e6d89ad8","name":"Roberto","image":{"@type":"ImageObject","inLanguage":"pt-BR","@id":"https:\/\/secure.gravatar.com\/avatar\/42749d8b712ff9d59ca93dc150494e5b55a44134482993f5baeb97e61b7ecc89?s=96&d=mm&r=g","url":"https:\/\/secure.gravatar.com\/avatar\/42749d8b712ff9d59ca93dc150494e5b55a44134482993f5baeb97e61b7ecc89?s=96&d=mm&r=g","contentUrl":"https:\/\/secure.gravatar.com\/avatar\/42749d8b712ff9d59ca93dc150494e5b55a44134482993f5baeb97e61b7ecc89?s=96&d=mm&r=g","caption":"Roberto"},"url":"https:\/\/regiaonews.net.br\/2022\/author\/roberto\/"}]}},"publishpress_future_action":{"enabled":false,"date":"2026-05-04 01:35:48","action":"change-status","newStatus":"draft","terms":[],"taxonomy":"category","extraData":[]},"publishpress_future_workflow_manual_trigger":{"enabledWorkflows":[]},"_links":{"self":[{"href":"https:\/\/regiaonews.net.br\/2022\/wp-json\/wp\/v2\/posts\/39455","targetHints":{"allow":["GET"]}}],"collection":[{"href":"https:\/\/regiaonews.net.br\/2022\/wp-json\/wp\/v2\/posts"}],"about":[{"href":"https:\/\/regiaonews.net.br\/2022\/wp-json\/wp\/v2\/types\/post"}],"author":[{"embeddable":true,"href":"https:\/\/regiaonews.net.br\/2022\/wp-json\/wp\/v2\/users\/2"}],"replies":[{"embeddable":true,"href":"https:\/\/regiaonews.net.br\/2022\/wp-json\/wp\/v2\/comments?post=39455"}],"version-history":[{"count":0,"href":"https:\/\/regiaonews.net.br\/2022\/wp-json\/wp\/v2\/posts\/39455\/revisions"}],"wp:featuredmedia":[{"embeddable":true,"href":"https:\/\/regiaonews.net.br\/2022\/wp-json\/wp\/v2\/media\/39458"}],"wp:attachment":[{"href":"https:\/\/regiaonews.net.br\/2022\/wp-json\/wp\/v2\/media?parent=39455"}],"wp:term":[{"taxonomy":"category","embeddable":true,"href":"https:\/\/regiaonews.net.br\/2022\/wp-json\/wp\/v2\/categories?post=39455"},{"taxonomy":"post_tag","embeddable":true,"href":"https:\/\/regiaonews.net.br\/2022\/wp-json\/wp\/v2\/tags?post=39455"}],"curies":[{"name":"wp","href":"https:\/\/api.w.org\/{rel}","templated":true}]}}