{"id":39434,"date":"2020-11-03T17:56:13","date_gmt":"2020-11-03T20:56:13","guid":{"rendered":"https:\/\/regiaonews.net.br\/2022\/?p=39434"},"modified":"2020-11-03T18:25:02","modified_gmt":"2020-11-03T21:25:02","slug":"projeto-do-deputado-federal-geninho-zuliani-recem-protocolado-na-camara-dos-deputados-pretende-criar-formas-de-incentivo-ao-turismo-rural-sustentavel-fomentando-o-segmento-a-geracao-de-empregos-e-f","status":"publish","type":"post","link":"https:\/\/regiaonews.net.br\/2022\/2020\/11\/03\/projeto-do-deputado-federal-geninho-zuliani-recem-protocolado-na-camara-dos-deputados-pretende-criar-formas-de-incentivo-ao-turismo-rural-sustentavel-fomentando-o-segmento-a-geracao-de-empregos-e-f\/","title":{"rendered":"Projeto do deputado federal Geninho Zuliani, rec\u00e9m-protocolado pretende criar formas de incentivo ao turismo rural sustent\u00e1vel"},"content":{"rendered":"<p><a href=\"https:\/\/regiaonews.net.br\/2022\/wp-content\/uploads\/2020\/11\/img20191217184230230-768x512-1.jpg\"><img loading=\"lazy\" decoding=\"async\" class=\"alignnone size-medium wp-image-39435\" src=\"https:\/\/regiaonews.net.br\/2022\/wp-content\/uploads\/2020\/11\/img20191217184230230-768x512-1-300x200.jpg\" alt=\"\" width=\"300\" height=\"200\" \/><\/a><\/p>\n<p><strong>Projeto incentiva turismo sustent\u00e1vel em propriedades da agricultura familiar<\/strong><br \/>\n<em>Proposta valoriza tradi\u00e7\u00f5es, receitas e ingredientes locais<\/em><\/p>\n<p>&nbsp;<\/p>\n<p><strong>Bras\u00edlia, 03 de novembro de 2020 &#8211; <\/strong>Garantir apoio do poder p\u00fablico ao desenvolvimento do turismo rural sustent\u00e1vel em propriedades de agricultores familiares \u00e9 o objetivo de projeto de lei &#8211; o 4879\/20 &#8211; protocolado na C\u00e2mara dos Deputados, pelo deputado federal, Geninho Zuliani (DEM\/SP).<\/p>\n<p>&nbsp;<\/p>\n<p>Al\u00e9m de ofertar linhas de cr\u00e9dito, assist\u00eancia t\u00e9cnica e extens\u00e3o rural aos agricultores, a proposta prev\u00ea ainda que o poder p\u00fablico poder\u00e1 regulamentar o com\u00e9rcio de alimentos e de produtos agroindustrializados da agricultura familiar. O projeto tramita na C\u00e2mara dos Deputados.<\/p>\n<p>&nbsp;<\/p>\n<p>&#8220;A promo\u00e7\u00e3o do turismo rural em empreendimentos da agricultura familiar \u00e9 uma maneira de agregar valor \u00e0 produ\u00e7\u00e3o, de gerar empregos e renda no meio rural e de melhorar a qualidade de vida das fam\u00edlias, favorecendo sua perman\u00eancia no campo\u201d, defende o autor do projeto, deputado Geninho Zuliani. \u201cPara tanto, bastam simples ajustes em instrumentos de pol\u00edtica agr\u00edcola, como os do Pronaf\u201d, acrescenta.<\/p>\n<p>&nbsp;<\/p>\n<p><strong>Artesanato<\/strong><br \/>\nSegundo a proposta, al\u00e9m do com\u00e9rcio de alimentos e de produtos agroindustrializados, ser\u00e3o igualmente consideradas atividades tur\u00edsticas sustent\u00e1veis da agricultura familiar: o com\u00e9rcio de artesanato local; servi\u00e7os de lazer e entretenimento, como passeios, trilhas e a participa\u00e7\u00e3o direta dos turistas em atividades e lidas di\u00e1rias comuns; servi\u00e7os de alimenta\u00e7\u00e3o e hospedagem que valorizem tradi\u00e7\u00f5es, receitas e ingredientes locais; bem como outros que promovam a sustentabilidade econ\u00f4mica, social e ambiental dos agricultores familiares e das comunidades rurais das quais fa\u00e7am parte.<\/p>\n","protected":false},"excerpt":{"rendered":"<p>Projeto incentiva turismo sustent\u00e1vel em propriedades da agricultura familiar Proposta<\/p>\n","protected":false},"author":2,"featured_media":39435,"comment_status":"open","ping_status":"open","sticky":false,"template":"","format":"standard","meta":{"footnotes":""},"categories":[61,25,22,30],"tags":[],"class_list":["post-39434","post","type-post","status-publish","format-standard","has-post-thumbnail","hentry","category-brasilia","category-cidades","category-politica","category-regiao"],"yoast_head":"<!-- This site is optimized with the Yoast SEO plugin v27.4 - https:\/\/yoast.com\/product\/yoast-seo-wordpress\/ -->\n<title>Projeto do deputado federal Geninho Zuliani, rec\u00e9m-protocolado pretende criar formas de incentivo ao turismo rural sustent\u00e1vel - Regi\u00e3o News<\/title>\n<meta name=\"robots\" content=\"index, follow, max-snippet:-1, max-image-preview:large, max-video-preview:-1\" \/>\n<link rel=\"canonical\" href=\"https:\/\/regiaonews.net.br\/2022\/2020\/11\/03\/projeto-do-deputado-federal-geninho-zuliani-recem-protocolado-na-camara-dos-deputados-pretende-criar-formas-de-incentivo-ao-turismo-rural-sustentavel-fomentando-o-segmento-a-geracao-de-empregos-e-f\/\" \/>\n<meta property=\"og:locale\" content=\"pt_BR\" \/>\n<meta property=\"og:type\" content=\"article\" \/>\n<meta property=\"og:title\" content=\"Projeto do deputado federal Geninho Zuliani, rec\u00e9m-protocolado pretende criar formas de incentivo ao turismo rural sustent\u00e1vel - Regi\u00e3o News\" \/>\n<meta property=\"og:description\" content=\"Projeto incentiva turismo sustent\u00e1vel em propriedades da agricultura familiar Proposta\" \/>\n<meta property=\"og:url\" content=\"https:\/\/regiaonews.net.br\/2022\/2020\/11\/03\/projeto-do-deputado-federal-geninho-zuliani-recem-protocolado-na-camara-dos-deputados-pretende-criar-formas-de-incentivo-ao-turismo-rural-sustentavel-fomentando-o-segmento-a-geracao-de-empregos-e-f\/\" \/>\n<meta property=\"og:site_name\" content=\"Regi\u00e3o News\" \/>\n<meta property=\"article:published_time\" content=\"2020-11-03T20:56:13+00:00\" \/>\n<meta property=\"article:modified_time\" content=\"2020-11-03T21:25:02+00:00\" \/>\n<meta property=\"og:image\" content=\"https:\/\/regiaonews.net.br\/2022\/wp-content\/uploads\/2020\/11\/img20191217184230230-768x512-1.jpg\" \/>\n\t<meta property=\"og:image:width\" content=\"768\" \/>\n\t<meta property=\"og:image:height\" content=\"512\" \/>\n\t<meta property=\"og:image:type\" content=\"image\/jpeg\" \/>\n<meta name=\"author\" content=\"Roberto\" \/>\n<meta name=\"twitter:card\" content=\"summary_large_image\" \/>\n<meta name=\"twitter:label1\" content=\"Escrito por\" \/>\n\t<meta name=\"twitter:data1\" content=\"Roberto\" \/>\n\t<meta name=\"twitter:label2\" content=\"Est. tempo de leitura\" \/>\n\t<meta name=\"twitter:data2\" content=\"1 minuto\" \/>\n<script type=\"application\/ld+json\" class=\"yoast-schema-graph\">{\"@context\":\"https:\\\/\\\/schema.org\",\"@graph\":[{\"@type\":\"Article\",\"@id\":\"https:\\\/\\\/regiaonews.net.br\\\/2022\\\/2020\\\/11\\\/03\\\/projeto-do-deputado-federal-geninho-zuliani-recem-protocolado-na-camara-dos-deputados-pretende-criar-formas-de-incentivo-ao-turismo-rural-sustentavel-fomentando-o-segmento-a-geracao-de-empregos-e-f\\\/#article\",\"isPartOf\":{\"@id\":\"https:\\\/\\\/regiaonews.net.br\\\/2022\\\/2020\\\/11\\\/03\\\/projeto-do-deputado-federal-geninho-zuliani-recem-protocolado-na-camara-dos-deputados-pretende-criar-formas-de-incentivo-ao-turismo-rural-sustentavel-fomentando-o-segmento-a-geracao-de-empregos-e-f\\\/\"},\"author\":{\"name\":\"Roberto\",\"@id\":\"https:\\\/\\\/regiaonews.net.br\\\/2022\\\/#\\\/schema\\\/person\\\/2d205a608a5aa97ac279d7a5e6d89ad8\"},\"headline\":\"Projeto do deputado federal Geninho Zuliani, rec\u00e9m-protocolado pretende criar formas de incentivo ao turismo rural sustent\u00e1vel\",\"datePublished\":\"2020-11-03T20:56:13+00:00\",\"dateModified\":\"2020-11-03T21:25:02+00:00\",\"mainEntityOfPage\":{\"@id\":\"https:\\\/\\\/regiaonews.net.br\\\/2022\\\/2020\\\/11\\\/03\\\/projeto-do-deputado-federal-geninho-zuliani-recem-protocolado-na-camara-dos-deputados-pretende-criar-formas-de-incentivo-ao-turismo-rural-sustentavel-fomentando-o-segmento-a-geracao-de-empregos-e-f\\\/\"},\"wordCount\":297,\"commentCount\":0,\"publisher\":{\"@id\":\"https:\\\/\\\/regiaonews.net.br\\\/2022\\\/#organization\"},\"image\":{\"@id\":\"https:\\\/\\\/regiaonews.net.br\\\/2022\\\/2020\\\/11\\\/03\\\/projeto-do-deputado-federal-geninho-zuliani-recem-protocolado-na-camara-dos-deputados-pretende-criar-formas-de-incentivo-ao-turismo-rural-sustentavel-fomentando-o-segmento-a-geracao-de-empregos-e-f\\\/#primaryimage\"},\"thumbnailUrl\":\"https:\\\/\\\/regiaonews.net.br\\\/2022\\\/wp-content\\\/uploads\\\/2020\\\/11\\\/img20191217184230230-768x512-1.jpg\",\"articleSection\":[\"Bras\u00edlia\",\"Cidades\",\"Pol\u00edtica\",\"Regi\u00e3o\"],\"inLanguage\":\"pt-BR\",\"potentialAction\":[{\"@type\":\"CommentAction\",\"name\":\"Comment\",\"target\":[\"https:\\\/\\\/regiaonews.net.br\\\/2022\\\/2020\\\/11\\\/03\\\/projeto-do-deputado-federal-geninho-zuliani-recem-protocolado-na-camara-dos-deputados-pretende-criar-formas-de-incentivo-ao-turismo-rural-sustentavel-fomentando-o-segmento-a-geracao-de-empregos-e-f\\\/#respond\"]}]},{\"@type\":\"WebPage\",\"@id\":\"https:\\\/\\\/regiaonews.net.br\\\/2022\\\/2020\\\/11\\\/03\\\/projeto-do-deputado-federal-geninho-zuliani-recem-protocolado-na-camara-dos-deputados-pretende-criar-formas-de-incentivo-ao-turismo-rural-sustentavel-fomentando-o-segmento-a-geracao-de-empregos-e-f\\\/\",\"url\":\"https:\\\/\\\/regiaonews.net.br\\\/2022\\\/2020\\\/11\\\/03\\\/projeto-do-deputado-federal-geninho-zuliani-recem-protocolado-na-camara-dos-deputados-pretende-criar-formas-de-incentivo-ao-turismo-rural-sustentavel-fomentando-o-segmento-a-geracao-de-empregos-e-f\\\/\",\"name\":\"Projeto do deputado federal Geninho Zuliani, rec\u00e9m-protocolado pretende criar formas de incentivo ao turismo rural sustent\u00e1vel - Regi\u00e3o News\",\"isPartOf\":{\"@id\":\"https:\\\/\\\/regiaonews.net.br\\\/2022\\\/#website\"},\"primaryImageOfPage\":{\"@id\":\"https:\\\/\\\/regiaonews.net.br\\\/2022\\\/2020\\\/11\\\/03\\\/projeto-do-deputado-federal-geninho-zuliani-recem-protocolado-na-camara-dos-deputados-pretende-criar-formas-de-incentivo-ao-turismo-rural-sustentavel-fomentando-o-segmento-a-geracao-de-empregos-e-f\\\/#primaryimage\"},\"image\":{\"@id\":\"https:\\\/\\\/regiaonews.net.br\\\/2022\\\/2020\\\/11\\\/03\\\/projeto-do-deputado-federal-geninho-zuliani-recem-protocolado-na-camara-dos-deputados-pretende-criar-formas-de-incentivo-ao-turismo-rural-sustentavel-fomentando-o-segmento-a-geracao-de-empregos-e-f\\\/#primaryimage\"},\"thumbnailUrl\":\"https:\\\/\\\/regiaonews.net.br\\\/2022\\\/wp-content\\\/uploads\\\/2020\\\/11\\\/img20191217184230230-768x512-1.jpg\",\"datePublished\":\"2020-11-03T20:56:13+00:00\",\"dateModified\":\"2020-11-03T21:25:02+00:00\",\"breadcrumb\":{\"@id\":\"https:\\\/\\\/regiaonews.net.br\\\/2022\\\/2020\\\/11\\\/03\\\/projeto-do-deputado-federal-geninho-zuliani-recem-protocolado-na-camara-dos-deputados-pretende-criar-formas-de-incentivo-ao-turismo-rural-sustentavel-fomentando-o-segmento-a-geracao-de-empregos-e-f\\\/#breadcrumb\"},\"inLanguage\":\"pt-BR\",\"potentialAction\":[{\"@type\":\"ReadAction\",\"target\":[\"https:\\\/\\\/regiaonews.net.br\\\/2022\\\/2020\\\/11\\\/03\\\/projeto-do-deputado-federal-geninho-zuliani-recem-protocolado-na-camara-dos-deputados-pretende-criar-formas-de-incentivo-ao-turismo-rural-sustentavel-fomentando-o-segmento-a-geracao-de-empregos-e-f\\\/\"]}]},{\"@type\":\"ImageObject\",\"inLanguage\":\"pt-BR\",\"@id\":\"https:\\\/\\\/regiaonews.net.br\\\/2022\\\/2020\\\/11\\\/03\\\/projeto-do-deputado-federal-geninho-zuliani-recem-protocolado-na-camara-dos-deputados-pretende-criar-formas-de-incentivo-ao-turismo-rural-sustentavel-fomentando-o-segmento-a-geracao-de-empregos-e-f\\\/#primaryimage\",\"url\":\"https:\\\/\\\/regiaonews.net.br\\\/2022\\\/wp-content\\\/uploads\\\/2020\\\/11\\\/img20191217184230230-768x512-1.jpg\",\"contentUrl\":\"https:\\\/\\\/regiaonews.net.br\\\/2022\\\/wp-content\\\/uploads\\\/2020\\\/11\\\/img20191217184230230-768x512-1.jpg\",\"width\":768,\"height\":512},{\"@type\":\"BreadcrumbList\",\"@id\":\"https:\\\/\\\/regiaonews.net.br\\\/2022\\\/2020\\\/11\\\/03\\\/projeto-do-deputado-federal-geninho-zuliani-recem-protocolado-na-camara-dos-deputados-pretende-criar-formas-de-incentivo-ao-turismo-rural-sustentavel-fomentando-o-segmento-a-geracao-de-empregos-e-f\\\/#breadcrumb\",\"itemListElement\":[{\"@type\":\"ListItem\",\"position\":1,\"name\":\"In\u00edcio\",\"item\":\"https:\\\/\\\/regiaonews.net.br\\\/2022\\\/\"},{\"@type\":\"ListItem\",\"position\":2,\"name\":\"Projeto do deputado federal Geninho Zuliani, rec\u00e9m-protocolado pretende criar formas de incentivo ao turismo rural sustent\u00e1vel\"}]},{\"@type\":\"WebSite\",\"@id\":\"https:\\\/\\\/regiaonews.net.br\\\/2022\\\/#website\",\"url\":\"https:\\\/\\\/regiaonews.net.br\\\/2022\\\/\",\"name\":\"Regi\u00e3o News\",\"description\":\"Site de Not\u00edcias de Barretos e regi\u00e3o\",\"publisher\":{\"@id\":\"https:\\\/\\\/regiaonews.net.br\\\/2022\\\/#organization\"},\"potentialAction\":[{\"@type\":\"SearchAction\",\"target\":{\"@type\":\"EntryPoint\",\"urlTemplate\":\"https:\\\/\\\/regiaonews.net.br\\\/2022\\\/?s={search_term_string}\"},\"query-input\":{\"@type\":\"PropertyValueSpecification\",\"valueRequired\":true,\"valueName\":\"search_term_string\"}}],\"inLanguage\":\"pt-BR\"},{\"@type\":\"Organization\",\"@id\":\"https:\\\/\\\/regiaonews.net.br\\\/2022\\\/#organization\",\"name\":\"Regi\u00e3o News\",\"url\":\"https:\\\/\\\/regiaonews.net.br\\\/2022\\\/\",\"logo\":{\"@type\":\"ImageObject\",\"inLanguage\":\"pt-BR\",\"@id\":\"https:\\\/\\\/regiaonews.net.br\\\/2022\\\/#\\\/schema\\\/logo\\\/image\\\/\",\"url\":\"https:\\\/\\\/regiaonews.net.br\\\/2022\\\/wp-content\\\/uploads\\\/2026\\\/03\\\/regiao-13-anos-scaled.jpg\",\"contentUrl\":\"https:\\\/\\\/regiaonews.net.br\\\/2022\\\/wp-content\\\/uploads\\\/2026\\\/03\\\/regiao-13-anos-scaled.jpg\",\"width\":2560,\"height\":635,\"caption\":\"Regi\u00e3o News\"},\"image\":{\"@id\":\"https:\\\/\\\/regiaonews.net.br\\\/2022\\\/#\\\/schema\\\/logo\\\/image\\\/\"}},{\"@type\":\"Person\",\"@id\":\"https:\\\/\\\/regiaonews.net.br\\\/2022\\\/#\\\/schema\\\/person\\\/2d205a608a5aa97ac279d7a5e6d89ad8\",\"name\":\"Roberto\",\"image\":{\"@type\":\"ImageObject\",\"inLanguage\":\"pt-BR\",\"@id\":\"https:\\\/\\\/secure.gravatar.com\\\/avatar\\\/42749d8b712ff9d59ca93dc150494e5b55a44134482993f5baeb97e61b7ecc89?s=96&d=mm&r=g\",\"url\":\"https:\\\/\\\/secure.gravatar.com\\\/avatar\\\/42749d8b712ff9d59ca93dc150494e5b55a44134482993f5baeb97e61b7ecc89?s=96&d=mm&r=g\",\"contentUrl\":\"https:\\\/\\\/secure.gravatar.com\\\/avatar\\\/42749d8b712ff9d59ca93dc150494e5b55a44134482993f5baeb97e61b7ecc89?s=96&d=mm&r=g\",\"caption\":\"Roberto\"},\"url\":\"https:\\\/\\\/regiaonews.net.br\\\/2022\\\/author\\\/roberto\\\/\"}]}<\/script>\n<!-- \/ Yoast SEO plugin. -->","yoast_head_json":{"title":"Projeto do deputado federal Geninho Zuliani, rec\u00e9m-protocolado pretende criar formas de incentivo ao turismo rural sustent\u00e1vel - Regi\u00e3o News","robots":{"index":"index","follow":"follow","max-snippet":"max-snippet:-1","max-image-preview":"max-image-preview:large","max-video-preview":"max-video-preview:-1"},"canonical":"https:\/\/regiaonews.net.br\/2022\/2020\/11\/03\/projeto-do-deputado-federal-geninho-zuliani-recem-protocolado-na-camara-dos-deputados-pretende-criar-formas-de-incentivo-ao-turismo-rural-sustentavel-fomentando-o-segmento-a-geracao-de-empregos-e-f\/","og_locale":"pt_BR","og_type":"article","og_title":"Projeto do deputado federal Geninho Zuliani, rec\u00e9m-protocolado pretende criar formas de incentivo ao turismo rural sustent\u00e1vel - Regi\u00e3o News","og_description":"Projeto incentiva turismo sustent\u00e1vel em propriedades da agricultura familiar Proposta","og_url":"https:\/\/regiaonews.net.br\/2022\/2020\/11\/03\/projeto-do-deputado-federal-geninho-zuliani-recem-protocolado-na-camara-dos-deputados-pretende-criar-formas-de-incentivo-ao-turismo-rural-sustentavel-fomentando-o-segmento-a-geracao-de-empregos-e-f\/","og_site_name":"Regi\u00e3o News","article_published_time":"2020-11-03T20:56:13+00:00","article_modified_time":"2020-11-03T21:25:02+00:00","og_image":[{"width":768,"height":512,"url":"https:\/\/regiaonews.net.br\/2022\/wp-content\/uploads\/2020\/11\/img20191217184230230-768x512-1.jpg","type":"image\/jpeg"}],"author":"Roberto","twitter_card":"summary_large_image","twitter_misc":{"Escrito por":"Roberto","Est. tempo de leitura":"1 minuto"},"schema":{"@context":"https:\/\/schema.org","@graph":[{"@type":"Article","@id":"https:\/\/regiaonews.net.br\/2022\/2020\/11\/03\/projeto-do-deputado-federal-geninho-zuliani-recem-protocolado-na-camara-dos-deputados-pretende-criar-formas-de-incentivo-ao-turismo-rural-sustentavel-fomentando-o-segmento-a-geracao-de-empregos-e-f\/#article","isPartOf":{"@id":"https:\/\/regiaonews.net.br\/2022\/2020\/11\/03\/projeto-do-deputado-federal-geninho-zuliani-recem-protocolado-na-camara-dos-deputados-pretende-criar-formas-de-incentivo-ao-turismo-rural-sustentavel-fomentando-o-segmento-a-geracao-de-empregos-e-f\/"},"author":{"name":"Roberto","@id":"https:\/\/regiaonews.net.br\/2022\/#\/schema\/person\/2d205a608a5aa97ac279d7a5e6d89ad8"},"headline":"Projeto do deputado federal Geninho Zuliani, rec\u00e9m-protocolado pretende criar formas de incentivo ao turismo rural sustent\u00e1vel","datePublished":"2020-11-03T20:56:13+00:00","dateModified":"2020-11-03T21:25:02+00:00","mainEntityOfPage":{"@id":"https:\/\/regiaonews.net.br\/2022\/2020\/11\/03\/projeto-do-deputado-federal-geninho-zuliani-recem-protocolado-na-camara-dos-deputados-pretende-criar-formas-de-incentivo-ao-turismo-rural-sustentavel-fomentando-o-segmento-a-geracao-de-empregos-e-f\/"},"wordCount":297,"commentCount":0,"publisher":{"@id":"https:\/\/regiaonews.net.br\/2022\/#organization"},"image":{"@id":"https:\/\/regiaonews.net.br\/2022\/2020\/11\/03\/projeto-do-deputado-federal-geninho-zuliani-recem-protocolado-na-camara-dos-deputados-pretende-criar-formas-de-incentivo-ao-turismo-rural-sustentavel-fomentando-o-segmento-a-geracao-de-empregos-e-f\/#primaryimage"},"thumbnailUrl":"https:\/\/regiaonews.net.br\/2022\/wp-content\/uploads\/2020\/11\/img20191217184230230-768x512-1.jpg","articleSection":["Bras\u00edlia","Cidades","Pol\u00edtica","Regi\u00e3o"],"inLanguage":"pt-BR","potentialAction":[{"@type":"CommentAction","name":"Comment","target":["https:\/\/regiaonews.net.br\/2022\/2020\/11\/03\/projeto-do-deputado-federal-geninho-zuliani-recem-protocolado-na-camara-dos-deputados-pretende-criar-formas-de-incentivo-ao-turismo-rural-sustentavel-fomentando-o-segmento-a-geracao-de-empregos-e-f\/#respond"]}]},{"@type":"WebPage","@id":"https:\/\/regiaonews.net.br\/2022\/2020\/11\/03\/projeto-do-deputado-federal-geninho-zuliani-recem-protocolado-na-camara-dos-deputados-pretende-criar-formas-de-incentivo-ao-turismo-rural-sustentavel-fomentando-o-segmento-a-geracao-de-empregos-e-f\/","url":"https:\/\/regiaonews.net.br\/2022\/2020\/11\/03\/projeto-do-deputado-federal-geninho-zuliani-recem-protocolado-na-camara-dos-deputados-pretende-criar-formas-de-incentivo-ao-turismo-rural-sustentavel-fomentando-o-segmento-a-geracao-de-empregos-e-f\/","name":"Projeto do deputado federal Geninho Zuliani, rec\u00e9m-protocolado pretende criar formas de incentivo ao turismo rural sustent\u00e1vel - Regi\u00e3o News","isPartOf":{"@id":"https:\/\/regiaonews.net.br\/2022\/#website"},"primaryImageOfPage":{"@id":"https:\/\/regiaonews.net.br\/2022\/2020\/11\/03\/projeto-do-deputado-federal-geninho-zuliani-recem-protocolado-na-camara-dos-deputados-pretende-criar-formas-de-incentivo-ao-turismo-rural-sustentavel-fomentando-o-segmento-a-geracao-de-empregos-e-f\/#primaryimage"},"image":{"@id":"https:\/\/regiaonews.net.br\/2022\/2020\/11\/03\/projeto-do-deputado-federal-geninho-zuliani-recem-protocolado-na-camara-dos-deputados-pretende-criar-formas-de-incentivo-ao-turismo-rural-sustentavel-fomentando-o-segmento-a-geracao-de-empregos-e-f\/#primaryimage"},"thumbnailUrl":"https:\/\/regiaonews.net.br\/2022\/wp-content\/uploads\/2020\/11\/img20191217184230230-768x512-1.jpg","datePublished":"2020-11-03T20:56:13+00:00","dateModified":"2020-11-03T21:25:02+00:00","breadcrumb":{"@id":"https:\/\/regiaonews.net.br\/2022\/2020\/11\/03\/projeto-do-deputado-federal-geninho-zuliani-recem-protocolado-na-camara-dos-deputados-pretende-criar-formas-de-incentivo-ao-turismo-rural-sustentavel-fomentando-o-segmento-a-geracao-de-empregos-e-f\/#breadcrumb"},"inLanguage":"pt-BR","potentialAction":[{"@type":"ReadAction","target":["https:\/\/regiaonews.net.br\/2022\/2020\/11\/03\/projeto-do-deputado-federal-geninho-zuliani-recem-protocolado-na-camara-dos-deputados-pretende-criar-formas-de-incentivo-ao-turismo-rural-sustentavel-fomentando-o-segmento-a-geracao-de-empregos-e-f\/"]}]},{"@type":"ImageObject","inLanguage":"pt-BR","@id":"https:\/\/regiaonews.net.br\/2022\/2020\/11\/03\/projeto-do-deputado-federal-geninho-zuliani-recem-protocolado-na-camara-dos-deputados-pretende-criar-formas-de-incentivo-ao-turismo-rural-sustentavel-fomentando-o-segmento-a-geracao-de-empregos-e-f\/#primaryimage","url":"https:\/\/regiaonews.net.br\/2022\/wp-content\/uploads\/2020\/11\/img20191217184230230-768x512-1.jpg","contentUrl":"https:\/\/regiaonews.net.br\/2022\/wp-content\/uploads\/2020\/11\/img20191217184230230-768x512-1.jpg","width":768,"height":512},{"@type":"BreadcrumbList","@id":"https:\/\/regiaonews.net.br\/2022\/2020\/11\/03\/projeto-do-deputado-federal-geninho-zuliani-recem-protocolado-na-camara-dos-deputados-pretende-criar-formas-de-incentivo-ao-turismo-rural-sustentavel-fomentando-o-segmento-a-geracao-de-empregos-e-f\/#breadcrumb","itemListElement":[{"@type":"ListItem","position":1,"name":"In\u00edcio","item":"https:\/\/regiaonews.net.br\/2022\/"},{"@type":"ListItem","position":2,"name":"Projeto do deputado federal Geninho Zuliani, rec\u00e9m-protocolado pretende criar formas de incentivo ao turismo rural sustent\u00e1vel"}]},{"@type":"WebSite","@id":"https:\/\/regiaonews.net.br\/2022\/#website","url":"https:\/\/regiaonews.net.br\/2022\/","name":"Regi\u00e3o News","description":"Site de Not\u00edcias de Barretos e regi\u00e3o","publisher":{"@id":"https:\/\/regiaonews.net.br\/2022\/#organization"},"potentialAction":[{"@type":"SearchAction","target":{"@type":"EntryPoint","urlTemplate":"https:\/\/regiaonews.net.br\/2022\/?s={search_term_string}"},"query-input":{"@type":"PropertyValueSpecification","valueRequired":true,"valueName":"search_term_string"}}],"inLanguage":"pt-BR"},{"@type":"Organization","@id":"https:\/\/regiaonews.net.br\/2022\/#organization","name":"Regi\u00e3o News","url":"https:\/\/regiaonews.net.br\/2022\/","logo":{"@type":"ImageObject","inLanguage":"pt-BR","@id":"https:\/\/regiaonews.net.br\/2022\/#\/schema\/logo\/image\/","url":"https:\/\/regiaonews.net.br\/2022\/wp-content\/uploads\/2026\/03\/regiao-13-anos-scaled.jpg","contentUrl":"https:\/\/regiaonews.net.br\/2022\/wp-content\/uploads\/2026\/03\/regiao-13-anos-scaled.jpg","width":2560,"height":635,"caption":"Regi\u00e3o News"},"image":{"@id":"https:\/\/regiaonews.net.br\/2022\/#\/schema\/logo\/image\/"}},{"@type":"Person","@id":"https:\/\/regiaonews.net.br\/2022\/#\/schema\/person\/2d205a608a5aa97ac279d7a5e6d89ad8","name":"Roberto","image":{"@type":"ImageObject","inLanguage":"pt-BR","@id":"https:\/\/secure.gravatar.com\/avatar\/42749d8b712ff9d59ca93dc150494e5b55a44134482993f5baeb97e61b7ecc89?s=96&d=mm&r=g","url":"https:\/\/secure.gravatar.com\/avatar\/42749d8b712ff9d59ca93dc150494e5b55a44134482993f5baeb97e61b7ecc89?s=96&d=mm&r=g","contentUrl":"https:\/\/secure.gravatar.com\/avatar\/42749d8b712ff9d59ca93dc150494e5b55a44134482993f5baeb97e61b7ecc89?s=96&d=mm&r=g","caption":"Roberto"},"url":"https:\/\/regiaonews.net.br\/2022\/author\/roberto\/"}]}},"publishpress_future_action":{"enabled":false,"date":"2026-05-04 07:47:47","action":"change-status","newStatus":"draft","terms":[],"taxonomy":"category","extraData":[]},"publishpress_future_workflow_manual_trigger":{"enabledWorkflows":[]},"_links":{"self":[{"href":"https:\/\/regiaonews.net.br\/2022\/wp-json\/wp\/v2\/posts\/39434","targetHints":{"allow":["GET"]}}],"collection":[{"href":"https:\/\/regiaonews.net.br\/2022\/wp-json\/wp\/v2\/posts"}],"about":[{"href":"https:\/\/regiaonews.net.br\/2022\/wp-json\/wp\/v2\/types\/post"}],"author":[{"embeddable":true,"href":"https:\/\/regiaonews.net.br\/2022\/wp-json\/wp\/v2\/users\/2"}],"replies":[{"embeddable":true,"href":"https:\/\/regiaonews.net.br\/2022\/wp-json\/wp\/v2\/comments?post=39434"}],"version-history":[{"count":0,"href":"https:\/\/regiaonews.net.br\/2022\/wp-json\/wp\/v2\/posts\/39434\/revisions"}],"wp:featuredmedia":[{"embeddable":true,"href":"https:\/\/regiaonews.net.br\/2022\/wp-json\/wp\/v2\/media\/39435"}],"wp:attachment":[{"href":"https:\/\/regiaonews.net.br\/2022\/wp-json\/wp\/v2\/media?parent=39434"}],"wp:term":[{"taxonomy":"category","embeddable":true,"href":"https:\/\/regiaonews.net.br\/2022\/wp-json\/wp\/v2\/categories?post=39434"},{"taxonomy":"post_tag","embeddable":true,"href":"https:\/\/regiaonews.net.br\/2022\/wp-json\/wp\/v2\/tags?post=39434"}],"curies":[{"name":"wp","href":"https:\/\/api.w.org\/{rel}","templated":true}]}}