{"id":39419,"date":"2020-11-02T13:08:21","date_gmt":"2020-11-02T16:08:21","guid":{"rendered":"https:\/\/regiaonews.net.br\/2022\/?p=39419"},"modified":"2020-11-02T13:08:21","modified_gmt":"2020-11-02T16:08:21","slug":"policia-civil-detem-tres-autores-de-sequestro-e-apreende-tres-armas-de-fogo-em-guariba","status":"publish","type":"post","link":"https:\/\/regiaonews.net.br\/2022\/2020\/11\/02\/policia-civil-detem-tres-autores-de-sequestro-e-apreende-tres-armas-de-fogo-em-guariba\/","title":{"rendered":"Pol\u00edcia Civil det\u00e9m tr\u00eas autores de sequestro e apreende tr\u00eas armas de fogo, em Guariba"},"content":{"rendered":"<p><a href=\"https:\/\/regiaonews.net.br\/2022\/wp-content\/uploads\/2020\/11\/00042956.png\"><img loading=\"lazy\" decoding=\"async\" class=\"alignnone size-medium wp-image-39420\" src=\"https:\/\/regiaonews.net.br\/2022\/wp-content\/uploads\/2020\/11\/00042956-300x168.png\" alt=\"\" width=\"300\" height=\"168\" \/><\/a><\/p>\n<div id=\"notCorpo\" class=\"ng-binding\">\n<div>A Pol\u00edcia Civil prendeu tr\u00eas homens, entre 39 e 52 anos, autores do sequestro de um empres\u00e1rio, de 30 anos, que foi mantido em cativeiro durante quatro dias. As deten\u00e7\u00f5es aconteceram neste domingo (1\u00ba), na cidade de Guariba, no interior do Estado.<\/div>\n<div><\/div>\n<div>O crime ocorreu no dia 27 de outubro, na cidade de Prad\u00f3polis e, desde o arrebatamento da v\u00edtima, agentes da cidade, bem como do munic\u00edpio de Guariba e das delegacias de Investiga\u00e7\u00f5es Gerais (DIG) e sobre Entorpecentes (Dise) e do Grupo de Opera\u00e7\u00f5es Especiais (GOE) de Sert\u00e3ozinho realizaram buscas e trabalhos investigativos para resgatar o empres\u00e1rio.<\/div>\n<div><\/div>\n<div>Na noite do \u00faltimo s\u00e1bado (31), os policiais civis conseguiram descobrir o poss\u00edvel local utilizado como cativeiro &#8211; uma ch\u00e1cara, na \u00e1rea rural de Guariba &#8211;\u00a0 e foram at\u00e9 o endere\u00e7o verificar. Durante o deslocamento, os agentes encontraram a v\u00edtima em um canavial, desorientada, dizendo que havia conseguido fugir.<\/div>\n<div><\/div>\n<div>Ap\u00f3s resgatar o empres\u00e1rio, as equipes foram at\u00e9 a ch\u00e1cara utilizada como cativeiro e conseguiram identificar o propriet\u00e1rio do im\u00f3vel, que confessou a participa\u00e7\u00e3o no crime e indicou outros c\u00famplices. Na casa de um deles, que tamb\u00e9m foi preso, foi apreendido um rev\u00f3lver calibre 38. Em um terceiro endere\u00e7o, de outro autor, os policiais apreenderam uma espingarda calibre 12 e uma carabina calibre 44, al\u00e9m de muni\u00e7\u00f5es e o ve\u00edculo usado para sequestrar a v\u00edtima &#8211; posteriormente identificado como produto de roubo no ano de 2019. Em um quarto endere\u00e7o, outro homem foi detido e tamb\u00e9m foi recolhido um par de t\u00eanis usado no dia do crime.<\/div>\n<div><\/div>\n<div><img decoding=\"async\" src=\"https:\/\/www.ssp.sp.gov.br\/midia\/Imagem\/D00042957.png\" \/><\/div>\n<div><\/div>\n<div>Os tr\u00eas autores foram presos em flagrante e levados \u00e0 DIG de Sert\u00e3ozinho, onde foram indiciados por recepta\u00e7\u00e3o de ve\u00edculo, associa\u00e7\u00e3o criminosa, posse irregular de arma de fogo de uso permitido e\u00a0 posse ou porte ilegal de arma de fogo de uso restrito. Todos foram encaminhados, posteriormente, \u00e0 Cadeia P\u00fablica de Prad\u00f3polis, onde permaneceram \u00e0 disposi\u00e7\u00e3o da Justi\u00e7a.<\/div>\n<div><\/div>\n<div>Al\u00e9m das armas, muni\u00e7\u00f5es, carro e t\u00eanis, foram recolhidos luva, lanterna, caixas de celulares, 12 celulares, chaves residenciais e uma touca. Os trabalhos policiais prosseguem para deter um quarto autor e um quinto homem tamb\u00e9m \u00e9 investigado.<\/div>\n<\/div>\n<div class=\"clearfix\"><\/div>\n<div class=\"col-lg-12 col-md-12 col-sm-12 col-xs-12 rightText espacovertical\"><\/div>\n","protected":false},"excerpt":{"rendered":"<p>A Pol\u00edcia Civil prendeu tr\u00eas homens, entre 39 e 52<\/p>\n","protected":false},"author":2,"featured_media":39420,"comment_status":"open","ping_status":"open","sticky":false,"template":"","format":"standard","meta":{"footnotes":""},"categories":[25,23,30],"tags":[],"class_list":["post-39419","post","type-post","status-publish","format-standard","has-post-thumbnail","hentry","category-cidades","category-policia","category-regiao"],"yoast_head":"<!-- This site is optimized with the Yoast SEO plugin v27.4 - https:\/\/yoast.com\/product\/yoast-seo-wordpress\/ -->\n<title>Pol\u00edcia Civil det\u00e9m tr\u00eas autores de sequestro e apreende tr\u00eas armas de fogo, em Guariba - Regi\u00e3o News<\/title>\n<meta name=\"robots\" content=\"index, follow, max-snippet:-1, max-image-preview:large, max-video-preview:-1\" \/>\n<link rel=\"canonical\" href=\"https:\/\/regiaonews.net.br\/2022\/2020\/11\/02\/policia-civil-detem-tres-autores-de-sequestro-e-apreende-tres-armas-de-fogo-em-guariba\/\" \/>\n<meta property=\"og:locale\" content=\"pt_BR\" \/>\n<meta property=\"og:type\" content=\"article\" \/>\n<meta property=\"og:title\" content=\"Pol\u00edcia Civil det\u00e9m tr\u00eas autores de sequestro e apreende tr\u00eas armas de fogo, em Guariba - Regi\u00e3o News\" \/>\n<meta property=\"og:description\" content=\"A Pol\u00edcia Civil prendeu tr\u00eas homens, entre 39 e 52\" \/>\n<meta property=\"og:url\" content=\"https:\/\/regiaonews.net.br\/2022\/2020\/11\/02\/policia-civil-detem-tres-autores-de-sequestro-e-apreende-tres-armas-de-fogo-em-guariba\/\" \/>\n<meta property=\"og:site_name\" content=\"Regi\u00e3o News\" \/>\n<meta property=\"article:published_time\" content=\"2020-11-02T16:08:21+00:00\" \/>\n<meta property=\"og:image\" content=\"https:\/\/regiaonews.net.br\/2022\/wp-content\/uploads\/2020\/11\/00042956.png\" \/>\n\t<meta property=\"og:image:width\" content=\"1000\" \/>\n\t<meta property=\"og:image:height\" content=\"560\" \/>\n\t<meta property=\"og:image:type\" content=\"image\/png\" \/>\n<meta name=\"author\" content=\"Roberto\" \/>\n<meta name=\"twitter:card\" content=\"summary_large_image\" \/>\n<meta name=\"twitter:label1\" content=\"Escrito por\" \/>\n\t<meta name=\"twitter:data1\" content=\"Roberto\" \/>\n\t<meta name=\"twitter:label2\" content=\"Est. tempo de leitura\" \/>\n\t<meta name=\"twitter:data2\" content=\"2 minutos\" \/>\n<script type=\"application\/ld+json\" class=\"yoast-schema-graph\">{\"@context\":\"https:\\\/\\\/schema.org\",\"@graph\":[{\"@type\":\"Article\",\"@id\":\"https:\\\/\\\/regiaonews.net.br\\\/2022\\\/2020\\\/11\\\/02\\\/policia-civil-detem-tres-autores-de-sequestro-e-apreende-tres-armas-de-fogo-em-guariba\\\/#article\",\"isPartOf\":{\"@id\":\"https:\\\/\\\/regiaonews.net.br\\\/2022\\\/2020\\\/11\\\/02\\\/policia-civil-detem-tres-autores-de-sequestro-e-apreende-tres-armas-de-fogo-em-guariba\\\/\"},\"author\":{\"name\":\"Roberto\",\"@id\":\"https:\\\/\\\/regiaonews.net.br\\\/2022\\\/#\\\/schema\\\/person\\\/2d205a608a5aa97ac279d7a5e6d89ad8\"},\"headline\":\"Pol\u00edcia Civil det\u00e9m tr\u00eas autores de sequestro e apreende tr\u00eas armas de fogo, em Guariba\",\"datePublished\":\"2020-11-02T16:08:21+00:00\",\"mainEntityOfPage\":{\"@id\":\"https:\\\/\\\/regiaonews.net.br\\\/2022\\\/2020\\\/11\\\/02\\\/policia-civil-detem-tres-autores-de-sequestro-e-apreende-tres-armas-de-fogo-em-guariba\\\/\"},\"wordCount\":399,\"commentCount\":0,\"publisher\":{\"@id\":\"https:\\\/\\\/regiaonews.net.br\\\/2022\\\/#organization\"},\"image\":{\"@id\":\"https:\\\/\\\/regiaonews.net.br\\\/2022\\\/2020\\\/11\\\/02\\\/policia-civil-detem-tres-autores-de-sequestro-e-apreende-tres-armas-de-fogo-em-guariba\\\/#primaryimage\"},\"thumbnailUrl\":\"https:\\\/\\\/regiaonews.net.br\\\/2022\\\/wp-content\\\/uploads\\\/2020\\\/11\\\/00042956.png\",\"articleSection\":[\"Cidades\",\"Policia\",\"Regi\u00e3o\"],\"inLanguage\":\"pt-BR\",\"potentialAction\":[{\"@type\":\"CommentAction\",\"name\":\"Comment\",\"target\":[\"https:\\\/\\\/regiaonews.net.br\\\/2022\\\/2020\\\/11\\\/02\\\/policia-civil-detem-tres-autores-de-sequestro-e-apreende-tres-armas-de-fogo-em-guariba\\\/#respond\"]}]},{\"@type\":\"WebPage\",\"@id\":\"https:\\\/\\\/regiaonews.net.br\\\/2022\\\/2020\\\/11\\\/02\\\/policia-civil-detem-tres-autores-de-sequestro-e-apreende-tres-armas-de-fogo-em-guariba\\\/\",\"url\":\"https:\\\/\\\/regiaonews.net.br\\\/2022\\\/2020\\\/11\\\/02\\\/policia-civil-detem-tres-autores-de-sequestro-e-apreende-tres-armas-de-fogo-em-guariba\\\/\",\"name\":\"Pol\u00edcia Civil det\u00e9m tr\u00eas autores de sequestro e apreende tr\u00eas armas de fogo, em Guariba - Regi\u00e3o News\",\"isPartOf\":{\"@id\":\"https:\\\/\\\/regiaonews.net.br\\\/2022\\\/#website\"},\"primaryImageOfPage\":{\"@id\":\"https:\\\/\\\/regiaonews.net.br\\\/2022\\\/2020\\\/11\\\/02\\\/policia-civil-detem-tres-autores-de-sequestro-e-apreende-tres-armas-de-fogo-em-guariba\\\/#primaryimage\"},\"image\":{\"@id\":\"https:\\\/\\\/regiaonews.net.br\\\/2022\\\/2020\\\/11\\\/02\\\/policia-civil-detem-tres-autores-de-sequestro-e-apreende-tres-armas-de-fogo-em-guariba\\\/#primaryimage\"},\"thumbnailUrl\":\"https:\\\/\\\/regiaonews.net.br\\\/2022\\\/wp-content\\\/uploads\\\/2020\\\/11\\\/00042956.png\",\"datePublished\":\"2020-11-02T16:08:21+00:00\",\"breadcrumb\":{\"@id\":\"https:\\\/\\\/regiaonews.net.br\\\/2022\\\/2020\\\/11\\\/02\\\/policia-civil-detem-tres-autores-de-sequestro-e-apreende-tres-armas-de-fogo-em-guariba\\\/#breadcrumb\"},\"inLanguage\":\"pt-BR\",\"potentialAction\":[{\"@type\":\"ReadAction\",\"target\":[\"https:\\\/\\\/regiaonews.net.br\\\/2022\\\/2020\\\/11\\\/02\\\/policia-civil-detem-tres-autores-de-sequestro-e-apreende-tres-armas-de-fogo-em-guariba\\\/\"]}]},{\"@type\":\"ImageObject\",\"inLanguage\":\"pt-BR\",\"@id\":\"https:\\\/\\\/regiaonews.net.br\\\/2022\\\/2020\\\/11\\\/02\\\/policia-civil-detem-tres-autores-de-sequestro-e-apreende-tres-armas-de-fogo-em-guariba\\\/#primaryimage\",\"url\":\"https:\\\/\\\/regiaonews.net.br\\\/2022\\\/wp-content\\\/uploads\\\/2020\\\/11\\\/00042956.png\",\"contentUrl\":\"https:\\\/\\\/regiaonews.net.br\\\/2022\\\/wp-content\\\/uploads\\\/2020\\\/11\\\/00042956.png\",\"width\":1000,\"height\":560},{\"@type\":\"BreadcrumbList\",\"@id\":\"https:\\\/\\\/regiaonews.net.br\\\/2022\\\/2020\\\/11\\\/02\\\/policia-civil-detem-tres-autores-de-sequestro-e-apreende-tres-armas-de-fogo-em-guariba\\\/#breadcrumb\",\"itemListElement\":[{\"@type\":\"ListItem\",\"position\":1,\"name\":\"In\u00edcio\",\"item\":\"https:\\\/\\\/regiaonews.net.br\\\/2022\\\/\"},{\"@type\":\"ListItem\",\"position\":2,\"name\":\"Pol\u00edcia Civil det\u00e9m tr\u00eas autores de sequestro e apreende tr\u00eas armas de fogo, em Guariba\"}]},{\"@type\":\"WebSite\",\"@id\":\"https:\\\/\\\/regiaonews.net.br\\\/2022\\\/#website\",\"url\":\"https:\\\/\\\/regiaonews.net.br\\\/2022\\\/\",\"name\":\"Regi\u00e3o News\",\"description\":\"Site de Not\u00edcias de Barretos e regi\u00e3o\",\"publisher\":{\"@id\":\"https:\\\/\\\/regiaonews.net.br\\\/2022\\\/#organization\"},\"potentialAction\":[{\"@type\":\"SearchAction\",\"target\":{\"@type\":\"EntryPoint\",\"urlTemplate\":\"https:\\\/\\\/regiaonews.net.br\\\/2022\\\/?s={search_term_string}\"},\"query-input\":{\"@type\":\"PropertyValueSpecification\",\"valueRequired\":true,\"valueName\":\"search_term_string\"}}],\"inLanguage\":\"pt-BR\"},{\"@type\":\"Organization\",\"@id\":\"https:\\\/\\\/regiaonews.net.br\\\/2022\\\/#organization\",\"name\":\"Regi\u00e3o News\",\"url\":\"https:\\\/\\\/regiaonews.net.br\\\/2022\\\/\",\"logo\":{\"@type\":\"ImageObject\",\"inLanguage\":\"pt-BR\",\"@id\":\"https:\\\/\\\/regiaonews.net.br\\\/2022\\\/#\\\/schema\\\/logo\\\/image\\\/\",\"url\":\"https:\\\/\\\/regiaonews.net.br\\\/2022\\\/wp-content\\\/uploads\\\/2026\\\/03\\\/regiao-13-anos-scaled.jpg\",\"contentUrl\":\"https:\\\/\\\/regiaonews.net.br\\\/2022\\\/wp-content\\\/uploads\\\/2026\\\/03\\\/regiao-13-anos-scaled.jpg\",\"width\":2560,\"height\":635,\"caption\":\"Regi\u00e3o News\"},\"image\":{\"@id\":\"https:\\\/\\\/regiaonews.net.br\\\/2022\\\/#\\\/schema\\\/logo\\\/image\\\/\"}},{\"@type\":\"Person\",\"@id\":\"https:\\\/\\\/regiaonews.net.br\\\/2022\\\/#\\\/schema\\\/person\\\/2d205a608a5aa97ac279d7a5e6d89ad8\",\"name\":\"Roberto\",\"image\":{\"@type\":\"ImageObject\",\"inLanguage\":\"pt-BR\",\"@id\":\"https:\\\/\\\/secure.gravatar.com\\\/avatar\\\/42749d8b712ff9d59ca93dc150494e5b55a44134482993f5baeb97e61b7ecc89?s=96&d=mm&r=g\",\"url\":\"https:\\\/\\\/secure.gravatar.com\\\/avatar\\\/42749d8b712ff9d59ca93dc150494e5b55a44134482993f5baeb97e61b7ecc89?s=96&d=mm&r=g\",\"contentUrl\":\"https:\\\/\\\/secure.gravatar.com\\\/avatar\\\/42749d8b712ff9d59ca93dc150494e5b55a44134482993f5baeb97e61b7ecc89?s=96&d=mm&r=g\",\"caption\":\"Roberto\"},\"url\":\"https:\\\/\\\/regiaonews.net.br\\\/2022\\\/author\\\/roberto\\\/\"}]}<\/script>\n<!-- \/ Yoast SEO plugin. -->","yoast_head_json":{"title":"Pol\u00edcia Civil det\u00e9m tr\u00eas autores de sequestro e apreende tr\u00eas armas de fogo, em Guariba - Regi\u00e3o News","robots":{"index":"index","follow":"follow","max-snippet":"max-snippet:-1","max-image-preview":"max-image-preview:large","max-video-preview":"max-video-preview:-1"},"canonical":"https:\/\/regiaonews.net.br\/2022\/2020\/11\/02\/policia-civil-detem-tres-autores-de-sequestro-e-apreende-tres-armas-de-fogo-em-guariba\/","og_locale":"pt_BR","og_type":"article","og_title":"Pol\u00edcia Civil det\u00e9m tr\u00eas autores de sequestro e apreende tr\u00eas armas de fogo, em Guariba - Regi\u00e3o News","og_description":"A Pol\u00edcia Civil prendeu tr\u00eas homens, entre 39 e 52","og_url":"https:\/\/regiaonews.net.br\/2022\/2020\/11\/02\/policia-civil-detem-tres-autores-de-sequestro-e-apreende-tres-armas-de-fogo-em-guariba\/","og_site_name":"Regi\u00e3o News","article_published_time":"2020-11-02T16:08:21+00:00","og_image":[{"width":1000,"height":560,"url":"https:\/\/regiaonews.net.br\/2022\/wp-content\/uploads\/2020\/11\/00042956.png","type":"image\/png"}],"author":"Roberto","twitter_card":"summary_large_image","twitter_misc":{"Escrito por":"Roberto","Est. tempo de leitura":"2 minutos"},"schema":{"@context":"https:\/\/schema.org","@graph":[{"@type":"Article","@id":"https:\/\/regiaonews.net.br\/2022\/2020\/11\/02\/policia-civil-detem-tres-autores-de-sequestro-e-apreende-tres-armas-de-fogo-em-guariba\/#article","isPartOf":{"@id":"https:\/\/regiaonews.net.br\/2022\/2020\/11\/02\/policia-civil-detem-tres-autores-de-sequestro-e-apreende-tres-armas-de-fogo-em-guariba\/"},"author":{"name":"Roberto","@id":"https:\/\/regiaonews.net.br\/2022\/#\/schema\/person\/2d205a608a5aa97ac279d7a5e6d89ad8"},"headline":"Pol\u00edcia Civil det\u00e9m tr\u00eas autores de sequestro e apreende tr\u00eas armas de fogo, em Guariba","datePublished":"2020-11-02T16:08:21+00:00","mainEntityOfPage":{"@id":"https:\/\/regiaonews.net.br\/2022\/2020\/11\/02\/policia-civil-detem-tres-autores-de-sequestro-e-apreende-tres-armas-de-fogo-em-guariba\/"},"wordCount":399,"commentCount":0,"publisher":{"@id":"https:\/\/regiaonews.net.br\/2022\/#organization"},"image":{"@id":"https:\/\/regiaonews.net.br\/2022\/2020\/11\/02\/policia-civil-detem-tres-autores-de-sequestro-e-apreende-tres-armas-de-fogo-em-guariba\/#primaryimage"},"thumbnailUrl":"https:\/\/regiaonews.net.br\/2022\/wp-content\/uploads\/2020\/11\/00042956.png","articleSection":["Cidades","Policia","Regi\u00e3o"],"inLanguage":"pt-BR","potentialAction":[{"@type":"CommentAction","name":"Comment","target":["https:\/\/regiaonews.net.br\/2022\/2020\/11\/02\/policia-civil-detem-tres-autores-de-sequestro-e-apreende-tres-armas-de-fogo-em-guariba\/#respond"]}]},{"@type":"WebPage","@id":"https:\/\/regiaonews.net.br\/2022\/2020\/11\/02\/policia-civil-detem-tres-autores-de-sequestro-e-apreende-tres-armas-de-fogo-em-guariba\/","url":"https:\/\/regiaonews.net.br\/2022\/2020\/11\/02\/policia-civil-detem-tres-autores-de-sequestro-e-apreende-tres-armas-de-fogo-em-guariba\/","name":"Pol\u00edcia Civil det\u00e9m tr\u00eas autores de sequestro e apreende tr\u00eas armas de fogo, em Guariba - Regi\u00e3o News","isPartOf":{"@id":"https:\/\/regiaonews.net.br\/2022\/#website"},"primaryImageOfPage":{"@id":"https:\/\/regiaonews.net.br\/2022\/2020\/11\/02\/policia-civil-detem-tres-autores-de-sequestro-e-apreende-tres-armas-de-fogo-em-guariba\/#primaryimage"},"image":{"@id":"https:\/\/regiaonews.net.br\/2022\/2020\/11\/02\/policia-civil-detem-tres-autores-de-sequestro-e-apreende-tres-armas-de-fogo-em-guariba\/#primaryimage"},"thumbnailUrl":"https:\/\/regiaonews.net.br\/2022\/wp-content\/uploads\/2020\/11\/00042956.png","datePublished":"2020-11-02T16:08:21+00:00","breadcrumb":{"@id":"https:\/\/regiaonews.net.br\/2022\/2020\/11\/02\/policia-civil-detem-tres-autores-de-sequestro-e-apreende-tres-armas-de-fogo-em-guariba\/#breadcrumb"},"inLanguage":"pt-BR","potentialAction":[{"@type":"ReadAction","target":["https:\/\/regiaonews.net.br\/2022\/2020\/11\/02\/policia-civil-detem-tres-autores-de-sequestro-e-apreende-tres-armas-de-fogo-em-guariba\/"]}]},{"@type":"ImageObject","inLanguage":"pt-BR","@id":"https:\/\/regiaonews.net.br\/2022\/2020\/11\/02\/policia-civil-detem-tres-autores-de-sequestro-e-apreende-tres-armas-de-fogo-em-guariba\/#primaryimage","url":"https:\/\/regiaonews.net.br\/2022\/wp-content\/uploads\/2020\/11\/00042956.png","contentUrl":"https:\/\/regiaonews.net.br\/2022\/wp-content\/uploads\/2020\/11\/00042956.png","width":1000,"height":560},{"@type":"BreadcrumbList","@id":"https:\/\/regiaonews.net.br\/2022\/2020\/11\/02\/policia-civil-detem-tres-autores-de-sequestro-e-apreende-tres-armas-de-fogo-em-guariba\/#breadcrumb","itemListElement":[{"@type":"ListItem","position":1,"name":"In\u00edcio","item":"https:\/\/regiaonews.net.br\/2022\/"},{"@type":"ListItem","position":2,"name":"Pol\u00edcia Civil det\u00e9m tr\u00eas autores de sequestro e apreende tr\u00eas armas de fogo, em Guariba"}]},{"@type":"WebSite","@id":"https:\/\/regiaonews.net.br\/2022\/#website","url":"https:\/\/regiaonews.net.br\/2022\/","name":"Regi\u00e3o News","description":"Site de Not\u00edcias de Barretos e regi\u00e3o","publisher":{"@id":"https:\/\/regiaonews.net.br\/2022\/#organization"},"potentialAction":[{"@type":"SearchAction","target":{"@type":"EntryPoint","urlTemplate":"https:\/\/regiaonews.net.br\/2022\/?s={search_term_string}"},"query-input":{"@type":"PropertyValueSpecification","valueRequired":true,"valueName":"search_term_string"}}],"inLanguage":"pt-BR"},{"@type":"Organization","@id":"https:\/\/regiaonews.net.br\/2022\/#organization","name":"Regi\u00e3o News","url":"https:\/\/regiaonews.net.br\/2022\/","logo":{"@type":"ImageObject","inLanguage":"pt-BR","@id":"https:\/\/regiaonews.net.br\/2022\/#\/schema\/logo\/image\/","url":"https:\/\/regiaonews.net.br\/2022\/wp-content\/uploads\/2026\/03\/regiao-13-anos-scaled.jpg","contentUrl":"https:\/\/regiaonews.net.br\/2022\/wp-content\/uploads\/2026\/03\/regiao-13-anos-scaled.jpg","width":2560,"height":635,"caption":"Regi\u00e3o News"},"image":{"@id":"https:\/\/regiaonews.net.br\/2022\/#\/schema\/logo\/image\/"}},{"@type":"Person","@id":"https:\/\/regiaonews.net.br\/2022\/#\/schema\/person\/2d205a608a5aa97ac279d7a5e6d89ad8","name":"Roberto","image":{"@type":"ImageObject","inLanguage":"pt-BR","@id":"https:\/\/secure.gravatar.com\/avatar\/42749d8b712ff9d59ca93dc150494e5b55a44134482993f5baeb97e61b7ecc89?s=96&d=mm&r=g","url":"https:\/\/secure.gravatar.com\/avatar\/42749d8b712ff9d59ca93dc150494e5b55a44134482993f5baeb97e61b7ecc89?s=96&d=mm&r=g","contentUrl":"https:\/\/secure.gravatar.com\/avatar\/42749d8b712ff9d59ca93dc150494e5b55a44134482993f5baeb97e61b7ecc89?s=96&d=mm&r=g","caption":"Roberto"},"url":"https:\/\/regiaonews.net.br\/2022\/author\/roberto\/"}]}},"publishpress_future_action":{"enabled":false,"date":"2026-05-04 13:33:14","action":"change-status","newStatus":"draft","terms":[],"taxonomy":"category","extraData":[]},"publishpress_future_workflow_manual_trigger":{"enabledWorkflows":[]},"_links":{"self":[{"href":"https:\/\/regiaonews.net.br\/2022\/wp-json\/wp\/v2\/posts\/39419","targetHints":{"allow":["GET"]}}],"collection":[{"href":"https:\/\/regiaonews.net.br\/2022\/wp-json\/wp\/v2\/posts"}],"about":[{"href":"https:\/\/regiaonews.net.br\/2022\/wp-json\/wp\/v2\/types\/post"}],"author":[{"embeddable":true,"href":"https:\/\/regiaonews.net.br\/2022\/wp-json\/wp\/v2\/users\/2"}],"replies":[{"embeddable":true,"href":"https:\/\/regiaonews.net.br\/2022\/wp-json\/wp\/v2\/comments?post=39419"}],"version-history":[{"count":0,"href":"https:\/\/regiaonews.net.br\/2022\/wp-json\/wp\/v2\/posts\/39419\/revisions"}],"wp:featuredmedia":[{"embeddable":true,"href":"https:\/\/regiaonews.net.br\/2022\/wp-json\/wp\/v2\/media\/39420"}],"wp:attachment":[{"href":"https:\/\/regiaonews.net.br\/2022\/wp-json\/wp\/v2\/media?parent=39419"}],"wp:term":[{"taxonomy":"category","embeddable":true,"href":"https:\/\/regiaonews.net.br\/2022\/wp-json\/wp\/v2\/categories?post=39419"},{"taxonomy":"post_tag","embeddable":true,"href":"https:\/\/regiaonews.net.br\/2022\/wp-json\/wp\/v2\/tags?post=39419"}],"curies":[{"name":"wp","href":"https:\/\/api.w.org\/{rel}","templated":true}]}}