{"id":39415,"date":"2020-11-02T12:56:54","date_gmt":"2020-11-02T15:56:54","guid":{"rendered":"https:\/\/regiaonews.net.br\/2022\/?p=39415"},"modified":"2020-11-02T12:56:54","modified_gmt":"2020-11-02T15:56:54","slug":"candidato-a-vereador-nao-respeita-uso-de-mascara-e-agride-funcionaria-de-sorveteria","status":"publish","type":"post","link":"https:\/\/regiaonews.net.br\/2022\/2020\/11\/02\/candidato-a-vereador-nao-respeita-uso-de-mascara-e-agride-funcionaria-de-sorveteria\/","title":{"rendered":"Candidato a vereador, n\u00e3o respeita uso de m\u00e1scara e agride funcion\u00e1ria de sorveteria"},"content":{"rendered":"<p><a href=\"https:\/\/regiaonews.net.br\/2022\/wp-content\/uploads\/2020\/11\/20201102_123938.jpg\"><img loading=\"lazy\" decoding=\"async\" class=\"alignnone size-medium wp-image-39416\" src=\"https:\/\/regiaonews.net.br\/2022\/wp-content\/uploads\/2020\/11\/20201102_123938-300x162.jpg\" alt=\"\" width=\"300\" height=\"162\" \/><\/a> <a href=\"https:\/\/regiaonews.net.br\/2022\/wp-content\/uploads\/2020\/11\/20201102_123955.jpg\"><img loading=\"lazy\" decoding=\"async\" class=\"alignnone size-medium wp-image-39417\" src=\"https:\/\/regiaonews.net.br\/2022\/wp-content\/uploads\/2020\/11\/20201102_123955-293x300.jpg\" alt=\"\" width=\"293\" height=\"300\" \/><\/a><\/p>\n<p>Um caso de agress\u00e3o foi registrado em uma sorveteria da cidade de Barretos. No local, ao ser chamado a aten\u00e7\u00e3o devido a falta do uso de\u00a0 m\u00e1scara, um homem que estava no estabelecimento jogou \u00e1gua na atendente. O foto foi registrado pelas c\u00e2maras de seguran\u00e7a. Posteriormente, foi confirmado que o homem \u00e9 candidato a vereador pelo PSL. O caso foi registrado no Plant\u00e3o Policial.<\/p>\n","protected":false},"excerpt":{"rendered":"<p>Um caso de agress\u00e3o foi registrado em uma sorveteria da<\/p>\n","protected":false},"author":2,"featured_media":39417,"comment_status":"open","ping_status":"open","sticky":false,"template":"","format":"standard","meta":{"footnotes":""},"categories":[14,25,23],"tags":[],"class_list":["post-39415","post","type-post","status-publish","format-standard","has-post-thumbnail","hentry","category-barretos","category-cidades","category-policia"],"yoast_head":"<!-- This site is optimized with the Yoast SEO plugin v27.4 - https:\/\/yoast.com\/product\/yoast-seo-wordpress\/ -->\n<title>Candidato a vereador, n\u00e3o respeita uso de m\u00e1scara e agride funcion\u00e1ria de sorveteria - Regi\u00e3o News<\/title>\n<meta name=\"robots\" content=\"index, follow, max-snippet:-1, max-image-preview:large, max-video-preview:-1\" \/>\n<link rel=\"canonical\" href=\"https:\/\/regiaonews.net.br\/2022\/2020\/11\/02\/candidato-a-vereador-nao-respeita-uso-de-mascara-e-agride-funcionaria-de-sorveteria\/\" \/>\n<meta property=\"og:locale\" content=\"pt_BR\" \/>\n<meta property=\"og:type\" content=\"article\" \/>\n<meta property=\"og:title\" content=\"Candidato a vereador, n\u00e3o respeita uso de m\u00e1scara e agride funcion\u00e1ria de sorveteria - Regi\u00e3o News\" \/>\n<meta property=\"og:description\" content=\"Um caso de agress\u00e3o foi registrado em uma sorveteria da\" \/>\n<meta property=\"og:url\" content=\"https:\/\/regiaonews.net.br\/2022\/2020\/11\/02\/candidato-a-vereador-nao-respeita-uso-de-mascara-e-agride-funcionaria-de-sorveteria\/\" \/>\n<meta property=\"og:site_name\" content=\"Regi\u00e3o News\" \/>\n<meta property=\"article:published_time\" content=\"2020-11-02T15:56:54+00:00\" \/>\n<meta property=\"og:image\" content=\"https:\/\/regiaonews.net.br\/2022\/wp-content\/uploads\/2020\/11\/20201102_123955.jpg\" \/>\n\t<meta property=\"og:image:width\" content=\"1049\" \/>\n\t<meta property=\"og:image:height\" content=\"1075\" \/>\n\t<meta property=\"og:image:type\" content=\"image\/jpeg\" \/>\n<meta name=\"author\" content=\"Roberto\" \/>\n<meta name=\"twitter:card\" content=\"summary_large_image\" \/>\n<meta name=\"twitter:label1\" content=\"Escrito por\" \/>\n\t<meta name=\"twitter:data1\" content=\"Roberto\" \/>\n<script type=\"application\/ld+json\" class=\"yoast-schema-graph\">{\"@context\":\"https:\\\/\\\/schema.org\",\"@graph\":[{\"@type\":\"Article\",\"@id\":\"https:\\\/\\\/regiaonews.net.br\\\/2022\\\/2020\\\/11\\\/02\\\/candidato-a-vereador-nao-respeita-uso-de-mascara-e-agride-funcionaria-de-sorveteria\\\/#article\",\"isPartOf\":{\"@id\":\"https:\\\/\\\/regiaonews.net.br\\\/2022\\\/2020\\\/11\\\/02\\\/candidato-a-vereador-nao-respeita-uso-de-mascara-e-agride-funcionaria-de-sorveteria\\\/\"},\"author\":{\"name\":\"Roberto\",\"@id\":\"https:\\\/\\\/regiaonews.net.br\\\/2022\\\/#\\\/schema\\\/person\\\/2d205a608a5aa97ac279d7a5e6d89ad8\"},\"headline\":\"Candidato a vereador, n\u00e3o respeita uso de m\u00e1scara e agride funcion\u00e1ria de sorveteria\",\"datePublished\":\"2020-11-02T15:56:54+00:00\",\"mainEntityOfPage\":{\"@id\":\"https:\\\/\\\/regiaonews.net.br\\\/2022\\\/2020\\\/11\\\/02\\\/candidato-a-vereador-nao-respeita-uso-de-mascara-e-agride-funcionaria-de-sorveteria\\\/\"},\"wordCount\":85,\"commentCount\":0,\"publisher\":{\"@id\":\"https:\\\/\\\/regiaonews.net.br\\\/2022\\\/#organization\"},\"image\":{\"@id\":\"https:\\\/\\\/regiaonews.net.br\\\/2022\\\/2020\\\/11\\\/02\\\/candidato-a-vereador-nao-respeita-uso-de-mascara-e-agride-funcionaria-de-sorveteria\\\/#primaryimage\"},\"thumbnailUrl\":\"https:\\\/\\\/regiaonews.net.br\\\/2022\\\/wp-content\\\/uploads\\\/2020\\\/11\\\/20201102_123955.jpg\",\"articleSection\":[\"Barretos\",\"Cidades\",\"Policia\"],\"inLanguage\":\"pt-BR\",\"potentialAction\":[{\"@type\":\"CommentAction\",\"name\":\"Comment\",\"target\":[\"https:\\\/\\\/regiaonews.net.br\\\/2022\\\/2020\\\/11\\\/02\\\/candidato-a-vereador-nao-respeita-uso-de-mascara-e-agride-funcionaria-de-sorveteria\\\/#respond\"]}]},{\"@type\":\"WebPage\",\"@id\":\"https:\\\/\\\/regiaonews.net.br\\\/2022\\\/2020\\\/11\\\/02\\\/candidato-a-vereador-nao-respeita-uso-de-mascara-e-agride-funcionaria-de-sorveteria\\\/\",\"url\":\"https:\\\/\\\/regiaonews.net.br\\\/2022\\\/2020\\\/11\\\/02\\\/candidato-a-vereador-nao-respeita-uso-de-mascara-e-agride-funcionaria-de-sorveteria\\\/\",\"name\":\"Candidato a vereador, n\u00e3o respeita uso de m\u00e1scara e agride funcion\u00e1ria de sorveteria - Regi\u00e3o News\",\"isPartOf\":{\"@id\":\"https:\\\/\\\/regiaonews.net.br\\\/2022\\\/#website\"},\"primaryImageOfPage\":{\"@id\":\"https:\\\/\\\/regiaonews.net.br\\\/2022\\\/2020\\\/11\\\/02\\\/candidato-a-vereador-nao-respeita-uso-de-mascara-e-agride-funcionaria-de-sorveteria\\\/#primaryimage\"},\"image\":{\"@id\":\"https:\\\/\\\/regiaonews.net.br\\\/2022\\\/2020\\\/11\\\/02\\\/candidato-a-vereador-nao-respeita-uso-de-mascara-e-agride-funcionaria-de-sorveteria\\\/#primaryimage\"},\"thumbnailUrl\":\"https:\\\/\\\/regiaonews.net.br\\\/2022\\\/wp-content\\\/uploads\\\/2020\\\/11\\\/20201102_123955.jpg\",\"datePublished\":\"2020-11-02T15:56:54+00:00\",\"breadcrumb\":{\"@id\":\"https:\\\/\\\/regiaonews.net.br\\\/2022\\\/2020\\\/11\\\/02\\\/candidato-a-vereador-nao-respeita-uso-de-mascara-e-agride-funcionaria-de-sorveteria\\\/#breadcrumb\"},\"inLanguage\":\"pt-BR\",\"potentialAction\":[{\"@type\":\"ReadAction\",\"target\":[\"https:\\\/\\\/regiaonews.net.br\\\/2022\\\/2020\\\/11\\\/02\\\/candidato-a-vereador-nao-respeita-uso-de-mascara-e-agride-funcionaria-de-sorveteria\\\/\"]}]},{\"@type\":\"ImageObject\",\"inLanguage\":\"pt-BR\",\"@id\":\"https:\\\/\\\/regiaonews.net.br\\\/2022\\\/2020\\\/11\\\/02\\\/candidato-a-vereador-nao-respeita-uso-de-mascara-e-agride-funcionaria-de-sorveteria\\\/#primaryimage\",\"url\":\"https:\\\/\\\/regiaonews.net.br\\\/2022\\\/wp-content\\\/uploads\\\/2020\\\/11\\\/20201102_123955.jpg\",\"contentUrl\":\"https:\\\/\\\/regiaonews.net.br\\\/2022\\\/wp-content\\\/uploads\\\/2020\\\/11\\\/20201102_123955.jpg\",\"width\":1049,\"height\":1075},{\"@type\":\"BreadcrumbList\",\"@id\":\"https:\\\/\\\/regiaonews.net.br\\\/2022\\\/2020\\\/11\\\/02\\\/candidato-a-vereador-nao-respeita-uso-de-mascara-e-agride-funcionaria-de-sorveteria\\\/#breadcrumb\",\"itemListElement\":[{\"@type\":\"ListItem\",\"position\":1,\"name\":\"In\u00edcio\",\"item\":\"https:\\\/\\\/regiaonews.net.br\\\/2022\\\/\"},{\"@type\":\"ListItem\",\"position\":2,\"name\":\"Candidato a vereador, n\u00e3o respeita uso de m\u00e1scara e agride funcion\u00e1ria de sorveteria\"}]},{\"@type\":\"WebSite\",\"@id\":\"https:\\\/\\\/regiaonews.net.br\\\/2022\\\/#website\",\"url\":\"https:\\\/\\\/regiaonews.net.br\\\/2022\\\/\",\"name\":\"Regi\u00e3o News\",\"description\":\"Site de Not\u00edcias de Barretos e regi\u00e3o\",\"publisher\":{\"@id\":\"https:\\\/\\\/regiaonews.net.br\\\/2022\\\/#organization\"},\"potentialAction\":[{\"@type\":\"SearchAction\",\"target\":{\"@type\":\"EntryPoint\",\"urlTemplate\":\"https:\\\/\\\/regiaonews.net.br\\\/2022\\\/?s={search_term_string}\"},\"query-input\":{\"@type\":\"PropertyValueSpecification\",\"valueRequired\":true,\"valueName\":\"search_term_string\"}}],\"inLanguage\":\"pt-BR\"},{\"@type\":\"Organization\",\"@id\":\"https:\\\/\\\/regiaonews.net.br\\\/2022\\\/#organization\",\"name\":\"Regi\u00e3o News\",\"url\":\"https:\\\/\\\/regiaonews.net.br\\\/2022\\\/\",\"logo\":{\"@type\":\"ImageObject\",\"inLanguage\":\"pt-BR\",\"@id\":\"https:\\\/\\\/regiaonews.net.br\\\/2022\\\/#\\\/schema\\\/logo\\\/image\\\/\",\"url\":\"https:\\\/\\\/regiaonews.net.br\\\/2022\\\/wp-content\\\/uploads\\\/2026\\\/03\\\/regiao-13-anos-scaled.jpg\",\"contentUrl\":\"https:\\\/\\\/regiaonews.net.br\\\/2022\\\/wp-content\\\/uploads\\\/2026\\\/03\\\/regiao-13-anos-scaled.jpg\",\"width\":2560,\"height\":635,\"caption\":\"Regi\u00e3o News\"},\"image\":{\"@id\":\"https:\\\/\\\/regiaonews.net.br\\\/2022\\\/#\\\/schema\\\/logo\\\/image\\\/\"}},{\"@type\":\"Person\",\"@id\":\"https:\\\/\\\/regiaonews.net.br\\\/2022\\\/#\\\/schema\\\/person\\\/2d205a608a5aa97ac279d7a5e6d89ad8\",\"name\":\"Roberto\",\"image\":{\"@type\":\"ImageObject\",\"inLanguage\":\"pt-BR\",\"@id\":\"https:\\\/\\\/secure.gravatar.com\\\/avatar\\\/42749d8b712ff9d59ca93dc150494e5b55a44134482993f5baeb97e61b7ecc89?s=96&d=mm&r=g\",\"url\":\"https:\\\/\\\/secure.gravatar.com\\\/avatar\\\/42749d8b712ff9d59ca93dc150494e5b55a44134482993f5baeb97e61b7ecc89?s=96&d=mm&r=g\",\"contentUrl\":\"https:\\\/\\\/secure.gravatar.com\\\/avatar\\\/42749d8b712ff9d59ca93dc150494e5b55a44134482993f5baeb97e61b7ecc89?s=96&d=mm&r=g\",\"caption\":\"Roberto\"},\"url\":\"https:\\\/\\\/regiaonews.net.br\\\/2022\\\/author\\\/roberto\\\/\"}]}<\/script>\n<!-- \/ Yoast SEO plugin. -->","yoast_head_json":{"title":"Candidato a vereador, n\u00e3o respeita uso de m\u00e1scara e agride funcion\u00e1ria de sorveteria - Regi\u00e3o News","robots":{"index":"index","follow":"follow","max-snippet":"max-snippet:-1","max-image-preview":"max-image-preview:large","max-video-preview":"max-video-preview:-1"},"canonical":"https:\/\/regiaonews.net.br\/2022\/2020\/11\/02\/candidato-a-vereador-nao-respeita-uso-de-mascara-e-agride-funcionaria-de-sorveteria\/","og_locale":"pt_BR","og_type":"article","og_title":"Candidato a vereador, n\u00e3o respeita uso de m\u00e1scara e agride funcion\u00e1ria de sorveteria - Regi\u00e3o News","og_description":"Um caso de agress\u00e3o foi registrado em uma sorveteria da","og_url":"https:\/\/regiaonews.net.br\/2022\/2020\/11\/02\/candidato-a-vereador-nao-respeita-uso-de-mascara-e-agride-funcionaria-de-sorveteria\/","og_site_name":"Regi\u00e3o News","article_published_time":"2020-11-02T15:56:54+00:00","og_image":[{"width":1049,"height":1075,"url":"https:\/\/regiaonews.net.br\/2022\/wp-content\/uploads\/2020\/11\/20201102_123955.jpg","type":"image\/jpeg"}],"author":"Roberto","twitter_card":"summary_large_image","twitter_misc":{"Escrito por":"Roberto"},"schema":{"@context":"https:\/\/schema.org","@graph":[{"@type":"Article","@id":"https:\/\/regiaonews.net.br\/2022\/2020\/11\/02\/candidato-a-vereador-nao-respeita-uso-de-mascara-e-agride-funcionaria-de-sorveteria\/#article","isPartOf":{"@id":"https:\/\/regiaonews.net.br\/2022\/2020\/11\/02\/candidato-a-vereador-nao-respeita-uso-de-mascara-e-agride-funcionaria-de-sorveteria\/"},"author":{"name":"Roberto","@id":"https:\/\/regiaonews.net.br\/2022\/#\/schema\/person\/2d205a608a5aa97ac279d7a5e6d89ad8"},"headline":"Candidato a vereador, n\u00e3o respeita uso de m\u00e1scara e agride funcion\u00e1ria de sorveteria","datePublished":"2020-11-02T15:56:54+00:00","mainEntityOfPage":{"@id":"https:\/\/regiaonews.net.br\/2022\/2020\/11\/02\/candidato-a-vereador-nao-respeita-uso-de-mascara-e-agride-funcionaria-de-sorveteria\/"},"wordCount":85,"commentCount":0,"publisher":{"@id":"https:\/\/regiaonews.net.br\/2022\/#organization"},"image":{"@id":"https:\/\/regiaonews.net.br\/2022\/2020\/11\/02\/candidato-a-vereador-nao-respeita-uso-de-mascara-e-agride-funcionaria-de-sorveteria\/#primaryimage"},"thumbnailUrl":"https:\/\/regiaonews.net.br\/2022\/wp-content\/uploads\/2020\/11\/20201102_123955.jpg","articleSection":["Barretos","Cidades","Policia"],"inLanguage":"pt-BR","potentialAction":[{"@type":"CommentAction","name":"Comment","target":["https:\/\/regiaonews.net.br\/2022\/2020\/11\/02\/candidato-a-vereador-nao-respeita-uso-de-mascara-e-agride-funcionaria-de-sorveteria\/#respond"]}]},{"@type":"WebPage","@id":"https:\/\/regiaonews.net.br\/2022\/2020\/11\/02\/candidato-a-vereador-nao-respeita-uso-de-mascara-e-agride-funcionaria-de-sorveteria\/","url":"https:\/\/regiaonews.net.br\/2022\/2020\/11\/02\/candidato-a-vereador-nao-respeita-uso-de-mascara-e-agride-funcionaria-de-sorveteria\/","name":"Candidato a vereador, n\u00e3o respeita uso de m\u00e1scara e agride funcion\u00e1ria de sorveteria - Regi\u00e3o News","isPartOf":{"@id":"https:\/\/regiaonews.net.br\/2022\/#website"},"primaryImageOfPage":{"@id":"https:\/\/regiaonews.net.br\/2022\/2020\/11\/02\/candidato-a-vereador-nao-respeita-uso-de-mascara-e-agride-funcionaria-de-sorveteria\/#primaryimage"},"image":{"@id":"https:\/\/regiaonews.net.br\/2022\/2020\/11\/02\/candidato-a-vereador-nao-respeita-uso-de-mascara-e-agride-funcionaria-de-sorveteria\/#primaryimage"},"thumbnailUrl":"https:\/\/regiaonews.net.br\/2022\/wp-content\/uploads\/2020\/11\/20201102_123955.jpg","datePublished":"2020-11-02T15:56:54+00:00","breadcrumb":{"@id":"https:\/\/regiaonews.net.br\/2022\/2020\/11\/02\/candidato-a-vereador-nao-respeita-uso-de-mascara-e-agride-funcionaria-de-sorveteria\/#breadcrumb"},"inLanguage":"pt-BR","potentialAction":[{"@type":"ReadAction","target":["https:\/\/regiaonews.net.br\/2022\/2020\/11\/02\/candidato-a-vereador-nao-respeita-uso-de-mascara-e-agride-funcionaria-de-sorveteria\/"]}]},{"@type":"ImageObject","inLanguage":"pt-BR","@id":"https:\/\/regiaonews.net.br\/2022\/2020\/11\/02\/candidato-a-vereador-nao-respeita-uso-de-mascara-e-agride-funcionaria-de-sorveteria\/#primaryimage","url":"https:\/\/regiaonews.net.br\/2022\/wp-content\/uploads\/2020\/11\/20201102_123955.jpg","contentUrl":"https:\/\/regiaonews.net.br\/2022\/wp-content\/uploads\/2020\/11\/20201102_123955.jpg","width":1049,"height":1075},{"@type":"BreadcrumbList","@id":"https:\/\/regiaonews.net.br\/2022\/2020\/11\/02\/candidato-a-vereador-nao-respeita-uso-de-mascara-e-agride-funcionaria-de-sorveteria\/#breadcrumb","itemListElement":[{"@type":"ListItem","position":1,"name":"In\u00edcio","item":"https:\/\/regiaonews.net.br\/2022\/"},{"@type":"ListItem","position":2,"name":"Candidato a vereador, n\u00e3o respeita uso de m\u00e1scara e agride funcion\u00e1ria de sorveteria"}]},{"@type":"WebSite","@id":"https:\/\/regiaonews.net.br\/2022\/#website","url":"https:\/\/regiaonews.net.br\/2022\/","name":"Regi\u00e3o News","description":"Site de Not\u00edcias de Barretos e regi\u00e3o","publisher":{"@id":"https:\/\/regiaonews.net.br\/2022\/#organization"},"potentialAction":[{"@type":"SearchAction","target":{"@type":"EntryPoint","urlTemplate":"https:\/\/regiaonews.net.br\/2022\/?s={search_term_string}"},"query-input":{"@type":"PropertyValueSpecification","valueRequired":true,"valueName":"search_term_string"}}],"inLanguage":"pt-BR"},{"@type":"Organization","@id":"https:\/\/regiaonews.net.br\/2022\/#organization","name":"Regi\u00e3o News","url":"https:\/\/regiaonews.net.br\/2022\/","logo":{"@type":"ImageObject","inLanguage":"pt-BR","@id":"https:\/\/regiaonews.net.br\/2022\/#\/schema\/logo\/image\/","url":"https:\/\/regiaonews.net.br\/2022\/wp-content\/uploads\/2026\/03\/regiao-13-anos-scaled.jpg","contentUrl":"https:\/\/regiaonews.net.br\/2022\/wp-content\/uploads\/2026\/03\/regiao-13-anos-scaled.jpg","width":2560,"height":635,"caption":"Regi\u00e3o News"},"image":{"@id":"https:\/\/regiaonews.net.br\/2022\/#\/schema\/logo\/image\/"}},{"@type":"Person","@id":"https:\/\/regiaonews.net.br\/2022\/#\/schema\/person\/2d205a608a5aa97ac279d7a5e6d89ad8","name":"Roberto","image":{"@type":"ImageObject","inLanguage":"pt-BR","@id":"https:\/\/secure.gravatar.com\/avatar\/42749d8b712ff9d59ca93dc150494e5b55a44134482993f5baeb97e61b7ecc89?s=96&d=mm&r=g","url":"https:\/\/secure.gravatar.com\/avatar\/42749d8b712ff9d59ca93dc150494e5b55a44134482993f5baeb97e61b7ecc89?s=96&d=mm&r=g","contentUrl":"https:\/\/secure.gravatar.com\/avatar\/42749d8b712ff9d59ca93dc150494e5b55a44134482993f5baeb97e61b7ecc89?s=96&d=mm&r=g","caption":"Roberto"},"url":"https:\/\/regiaonews.net.br\/2022\/author\/roberto\/"}]}},"publishpress_future_action":{"enabled":false,"date":"2026-05-04 14:56:21","action":"change-status","newStatus":"draft","terms":[],"taxonomy":"category","extraData":[]},"publishpress_future_workflow_manual_trigger":{"enabledWorkflows":[]},"_links":{"self":[{"href":"https:\/\/regiaonews.net.br\/2022\/wp-json\/wp\/v2\/posts\/39415","targetHints":{"allow":["GET"]}}],"collection":[{"href":"https:\/\/regiaonews.net.br\/2022\/wp-json\/wp\/v2\/posts"}],"about":[{"href":"https:\/\/regiaonews.net.br\/2022\/wp-json\/wp\/v2\/types\/post"}],"author":[{"embeddable":true,"href":"https:\/\/regiaonews.net.br\/2022\/wp-json\/wp\/v2\/users\/2"}],"replies":[{"embeddable":true,"href":"https:\/\/regiaonews.net.br\/2022\/wp-json\/wp\/v2\/comments?post=39415"}],"version-history":[{"count":0,"href":"https:\/\/regiaonews.net.br\/2022\/wp-json\/wp\/v2\/posts\/39415\/revisions"}],"wp:featuredmedia":[{"embeddable":true,"href":"https:\/\/regiaonews.net.br\/2022\/wp-json\/wp\/v2\/media\/39417"}],"wp:attachment":[{"href":"https:\/\/regiaonews.net.br\/2022\/wp-json\/wp\/v2\/media?parent=39415"}],"wp:term":[{"taxonomy":"category","embeddable":true,"href":"https:\/\/regiaonews.net.br\/2022\/wp-json\/wp\/v2\/categories?post=39415"},{"taxonomy":"post_tag","embeddable":true,"href":"https:\/\/regiaonews.net.br\/2022\/wp-json\/wp\/v2\/tags?post=39415"}],"curies":[{"name":"wp","href":"https:\/\/api.w.org\/{rel}","templated":true}]}}