{"id":39406,"date":"2020-11-02T10:21:47","date_gmt":"2020-11-02T13:21:47","guid":{"rendered":"https:\/\/regiaonews.net.br\/2022\/?p=39406"},"modified":"2020-11-02T10:21:47","modified_gmt":"2020-11-02T13:21:47","slug":"dia-de-finados-como-a-pandemia-abalou-o-processo-de-luto","status":"publish","type":"post","link":"https:\/\/regiaonews.net.br\/2022\/2020\/11\/02\/dia-de-finados-como-a-pandemia-abalou-o-processo-de-luto\/","title":{"rendered":"Dia de Finados: como a pandemia abalou o processo de luto"},"content":{"rendered":"<p><a href=\"https:\/\/regiaonews.net.br\/2022\/wp-content\/uploads\/2020\/11\/2020-04-28t175636z_323150297_rc2tdg9nkarv_rtrmadp_3_health-coronavirus-brazil-amazon.jpg\"><img loading=\"lazy\" decoding=\"async\" class=\"alignnone size-medium wp-image-39408\" src=\"https:\/\/regiaonews.net.br\/2022\/wp-content\/uploads\/2020\/11\/2020-04-28t175636z_323150297_rc2tdg9nkarv_rtrmadp_3_health-coronavirus-brazil-amazon-300x179.jpg\" alt=\"\" width=\"300\" height=\"179\" \/><\/a><\/p>\n<p><em>&#8220;\u00c9 o meu len\u00e7ol, \u00e9 o cobertor \/\u00a0\u00c9 o que me aquece sem me dar\u00a0calor \/\u00a0Se eu n\u00e3o tenho o meu amor \/ Eu tenho a minha dor&#8221;.<\/em><img decoding=\"async\" src=\"https:\/\/agenciabrasil.ebc.com.br\/ebc.png?id=1391895&amp;o=node\" \/><img decoding=\"async\" src=\"https:\/\/agenciabrasil.ebc.com.br\/ebc.gif?id=1391895&amp;o=node\" \/><\/p>\n<p>Os versos famosos de Marisa Monte e Arnaldo Antunes, em\u00a0<em>De mais\u00a0ningu\u00e9m<\/em>\u00a0(1994), bem que poderiam ajudar a traduzir o direito \u00e0 dor e a todos os processos que envolvem o luto, que ganha dimens\u00e3o in\u00e9dita para esta gera\u00e7\u00e3o por conta da pandemia da covid-19. Especialistas ouvidas pela\u00a0<strong>Ag\u00eancia Brasil<\/strong>\u00a0explicam que a emerg\u00eancia sanit\u00e1ria\u00a0gerou diferentes consequ\u00eancias que ampliam as perdas, como a impossibilidade\u00a0dos ritos de despedida e de uma retomada da vida como era antes.<\/p>\n<p><em>&#8220;Precisam de um descanso \/\u00a0Precisam de um remanso \/\u00a0Precisam de um sono \/\u00a0Que os torne refeitos&#8221;.<\/em><\/p>\n<p>Os versos de Gonzaguinha s\u00e3o lembrados pela psic\u00f3loga e pesquisadora Milena\u00a0C\u00e2mara, que trabalha na cidade de Natal (RN). Ela \u00e9 uma das\u00a0brasileiras que atuam no grupo de estudos\u00a0<em>International Working Group on Death, Dying\u00a0and Bereavement<\/em>\u00a0(Grupo de Trabalho Internacional sobre Morte, o Morrer e o Luto) e coordenou uma\u00a0pesquisa sobre o impacto psicol\u00f3gico da morte para trabalhadores de cemit\u00e9rios.<\/p>\n<p>Milena C\u00e2mara entende que o cen\u00e1rio atual significa um grande desafio emocional e ps\u00edquico. &#8220;Em um contexto como o de agora, h\u00e1 um rompimento com o cen\u00e1rio de antes. Todos precisamos de uma reestrutura\u00e7\u00e3o desse mundo presumido e gerar, aos poucos, uma nova forma de se relacionar com a pessoa que morreu. A morte acaba com a forma, mas n\u00e3o acaba com o amor&#8221;.<\/p>\n<div class=\"embed-responsive embed-responsive-16by9\"><iframe class=\"embed-responsive-item\" src=\"https:\/\/www.youtube.com\/embed\/L2wnZEVLXB4\" data-mce-fragment=\"1\"><\/iframe><\/div>\n<p>Para as estudiosas ouvidas pela reportagem, diante de uma\u00a0ruptura\u00a0abrupta com a vida que conhec\u00edamos, al\u00e9m das\u00a0d\u00favidas sobre\u00a0um &#8220;futuro esperado&#8221; &#8211;\u00a0ambas geradas pela pandemia -,\u00a0a sociedade deve prezar pelo apoio, respeito m\u00fatuo e ouvidos solid\u00e1rios, que s\u00e3o fundamentais para ajudar pessoas que perderam amores de vida.<\/p>\n<p>\u201cEu uso a met\u00e1fora do tsunami para falar da pandemia. \u00c9 uma onda que est\u00e1 passando e a gente est\u00e1 embaixo dela e n\u00e3o sabe quando vai acabar&#8221;, compara\u00a0Elaine Alves, professora da Universidade de S\u00e3o Paulo (USP), pesquisadora em emerg\u00eancias e desastres.<\/p>\n<p>A especialista avalia que a pandemia \u00e9 um desastre diferente daqueles epis\u00f3dios que os pesquisadores est\u00e3o acostumados.\u00a0&#8220;Normalmente, no desastre, o outro n\u00e3o \u00e9 um risco para n\u00f3s. Nessa situa\u00e7\u00e3o, o outro passou a ser um risco. Passamos a ter medo do outro&#8221;.<\/p>\n<p><strong>Leia tamb\u00e9m:<\/strong><\/p>\n<p><a href=\"https:\/\/agenciabrasil.ebc.com.br\/geral\/noticia\/2020-10\/luto-saiba-como-pedir-ajuda\">Luto: saiba como pedir ajuda para si e ajudar quem precisa<\/a><\/p>\n<hr \/>\n<h2>O tempo do luto<\/h2>\n<p>Na obra \u201c<em>Sobre a morte e o morrer<\/em>\u201d, a psiquiatra su\u00ed\u00e7a Elisabeth K\u00fcbler-Ross formulou cinco fases do luto diante da observa\u00e7\u00e3o da rea\u00e7\u00e3o ps\u00edquica de pacientes em estado terminal: nega\u00e7\u00e3o, raiva, negocia\u00e7\u00e3o, depress\u00e3o e aceita\u00e7\u00e3o. Conforme\u00a0considera Elaine, essas fases podem ocorrer simultaneamente. &#8220;Ao mesmo tempo que voc\u00ea nega, voc\u00ea tem raiva. E n\u00e3o tem um tempo de dura\u00e7\u00e3o preciso\u201d.<\/p>\n<p>A pesquisadora Milena C\u00e2mara explica que o tempo n\u00e3o faz nada sozinho para efeito de reequil\u00edbrio. Os processos de luto desgastam e exigem da gente. No meio do caminho, dor, raiva, medo, cren\u00e7as afetadas&#8230; &#8220;Os primeiros estudos de luto tratavam sobre poss\u00edveis fases que atravessamos na perda. Hoje compreendemos que, na verdade, ocorre um processo de oscila\u00e7\u00e3o permanente dos nossos sentidos em dias assim&#8221;, avalia.<\/p>\n<p>O sofrimento \u00e9 parte constante da experi\u00eancia humana e a dor n\u00e3o pode ser marginalizada, na avalia\u00e7\u00e3o das entrevistadas. Essa oscila\u00e7\u00e3o entre dor e restaura\u00e7\u00e3o \u00e9 um processo saud\u00e1vel que age pelo equil\u00edbrio para os momentos que todos n\u00f3s passamos, explicam as pesquisadoras.<\/p>\n<p>As caracter\u00edsticas das perdas durante a pandemia de covid-19 s\u00e3o mais dif\u00edceis porque ocorrem em cen\u00e1rio de solid\u00e3o e com apoio social limitado. &#8220;\u00c0s vezes, n\u00e3o h\u00e1 como receber aquele abra\u00e7o em que as palavras s\u00e3o desnecess\u00e1rias. Por isso, nesse caso, h\u00e1 v\u00e1rios fatos complicadores de luto\u00a0e podem gerar processo mais prolongado&#8221;, alerta Milena C\u00e2mara.<\/p>\n<p>&#8220;Todos fomos impactados pela pandemia. Costumo dizer que estamos todos em um mesmo oceano, mas em barcos diferentes. As pessoas assimilam as dores de formas diferentes e as consequ\u00eancias aparecem mesmo muito tempo depois. Quem j\u00e1 tem algum transtorno fica mais vulner\u00e1vel. Outras pessoas podem desenvolver estresse p\u00f3s-traum\u00e1tico.\u00a0Por isso, \u00e9 recomend\u00e1vel que se procure profissionais da \u00e1rea de sa\u00fade, como psic\u00f3logos e psiquiatras&#8221;, diz a neuropsic\u00f3loga brasiliense Juliana Gebrim\u00a0<a href=\"https:\/\/agenciabrasil.ebc.com.br\/geral\/noticia\/2020-10\/luto-saiba-como-pedir-ajuda\" target=\"_blank\" rel=\"noopener noreferrer\">(saiba mais sobre apoio no processo de luto)<\/a>.<\/p>\n<h2>O adeus<\/h2>\n<p><em>&#8220;E no meio dessa confus\u00e3o, algu\u00e9m partiu sem se despedir&#8221; (Rubem Braga)<\/em><\/p>\n<p>Antes mesmo da mudan\u00e7a dos ritos funer\u00e1rios com a pandemia, Elaine Alves alerta que o Brasil j\u00e1 caminhava para uma esp\u00e9cie de &#8220;vel\u00f3rio r\u00e1pido&#8221;, na tentativa de diminuir o tempo de sofrimento. Contudo, ela destaca que a dor n\u00e3o desaparece porque n\u00e3o se fala mais sobre a pessoa. Ela defende o m\u00e1ximo de tempo poss\u00edvel para o vel\u00f3rio. &#8220;A orienta\u00e7\u00e3o \u00e9 usar o m\u00e1ximo do tempo. No Brasil, a recomenda\u00e7\u00e3o \u00e9 o per\u00edodo m\u00e1ximo de 24 horas se o corpo permitir&#8221;.\u00a0Devido ao novo cen\u00e1rio, Elaine sugere adapta\u00e7\u00f5es nos ritos, como o uso de fotografias em corpos que n\u00e3o podem ficar expostos, e da realiza\u00e7\u00e3o constante de videoconfer\u00eancia entre familiares com a pessoa enlutada. &#8220;Mas nessas videoconfer\u00eancias deve-se falar abertamente sobre o morto. A pessoa que morreu\u00a0n\u00e3o precisa sair da nossa vida&#8221;.<\/p>\n<div class=\"embed-responsive embed-responsive-16by9\"><iframe class=\"embed-responsive-item\" src=\"https:\/\/www.youtube.com\/embed\/1YazK4je-Jo\" data-mce-fragment=\"1\"><\/iframe><\/div>\n<p>Nesta segunda (2), as homenagens nos cemit\u00e9rios brasileiros dever\u00e3o obedecer \u00e0s legisla\u00e7\u00f5es municipais e estaduais, o que inclui a obrigatoriedade do uso de m\u00e1scaras, alertas contra aglomera\u00e7\u00f5es e medi\u00e7\u00e3o de temperatura no acesso aos espa\u00e7os p\u00fablicos. Em S\u00e3o Paulo, maior cidade do pa\u00eds, por exemplo,\u00a0h\u00e1 22 cemit\u00e9rios, que funcionar\u00e3o entre 7h \u00e0s 18h. Haver\u00e1 disponibiliza\u00e7\u00e3o de \u00e1lcool em gel. As autoridades de sa\u00fade refor\u00e7am a necessidade de cuidado especial em todo o pa\u00eds, inclusive para o caso de haver celebra\u00e7\u00f5es nos espa\u00e7os.<\/p>\n<p>Por outro lado, a Confedera\u00e7\u00e3o Nacional dos Bispos do Brasil (CNBB) estimulou, durante a semana, uma campanha para se evitar aglomera\u00e7\u00e3o em cemit\u00e9rios. A proposta \u00e9 que as pessoas plantem uma \u00e1rvore\u00a0como homenagem ao ente falecido e tamb\u00e9m como forma de cuidar do meio ambiente. Dentro da campanha, a entidade pede que as pessoas tirem uma foto e publiquem no Instagram com a hashtag\u00a0#CuidarDaSaudade. As imagens v\u00e3o para o site da\u00a0<a href=\"https:\/\/www.cnbb.org.br\/cuidardasaudade\/\" target=\"_blank\" rel=\"noopener noreferrer\">CNBB<\/a>.<\/p>\n<p>fonte : Ag\u00eancia Brasil<\/p>\n","protected":false},"excerpt":{"rendered":"<p>&#8220;\u00c9 o meu len\u00e7ol, \u00e9 o cobertor \/\u00a0\u00c9 o que<\/p>\n","protected":false},"author":2,"featured_media":39408,"comment_status":"open","ping_status":"open","sticky":false,"template":"","format":"standard","meta":{"footnotes":""},"categories":[24,25],"tags":[],"class_list":["post-39406","post","type-post","status-publish","format-standard","has-post-thumbnail","hentry","category-brasil","category-cidades"],"yoast_head":"<!-- This site is optimized with the Yoast SEO plugin v27.4 - https:\/\/yoast.com\/product\/yoast-seo-wordpress\/ -->\n<title>Dia de Finados: como a pandemia abalou o processo de luto - Regi\u00e3o News<\/title>\n<meta name=\"robots\" content=\"index, follow, max-snippet:-1, max-image-preview:large, max-video-preview:-1\" \/>\n<link rel=\"canonical\" href=\"https:\/\/regiaonews.net.br\/2022\/2020\/11\/02\/dia-de-finados-como-a-pandemia-abalou-o-processo-de-luto\/\" \/>\n<meta property=\"og:locale\" content=\"pt_BR\" \/>\n<meta property=\"og:type\" content=\"article\" \/>\n<meta property=\"og:title\" content=\"Dia de Finados: como a pandemia abalou o processo de luto - Regi\u00e3o News\" \/>\n<meta property=\"og:description\" content=\"&#8220;\u00c9 o meu len\u00e7ol, \u00e9 o cobertor \/\u00a0\u00c9 o que\" \/>\n<meta property=\"og:url\" content=\"https:\/\/regiaonews.net.br\/2022\/2020\/11\/02\/dia-de-finados-como-a-pandemia-abalou-o-processo-de-luto\/\" \/>\n<meta property=\"og:site_name\" content=\"Regi\u00e3o News\" \/>\n<meta property=\"article:published_time\" content=\"2020-11-02T13:21:47+00:00\" \/>\n<meta property=\"og:image\" content=\"https:\/\/regiaonews.net.br\/2022\/wp-content\/uploads\/2020\/11\/2020-04-28t175636z_323150297_rc2tdg9nkarv_rtrmadp_3_health-coronavirus-brazil-amazon.jpg\" \/>\n\t<meta property=\"og:image:width\" content=\"1170\" \/>\n\t<meta property=\"og:image:height\" content=\"700\" \/>\n\t<meta property=\"og:image:type\" content=\"image\/jpeg\" \/>\n<meta name=\"author\" content=\"Roberto\" \/>\n<meta name=\"twitter:card\" content=\"summary_large_image\" \/>\n<meta name=\"twitter:label1\" content=\"Escrito por\" \/>\n\t<meta name=\"twitter:data1\" content=\"Roberto\" \/>\n\t<meta name=\"twitter:label2\" content=\"Est. tempo de leitura\" \/>\n\t<meta name=\"twitter:data2\" content=\"6 minutos\" \/>\n<script type=\"application\/ld+json\" class=\"yoast-schema-graph\">{\"@context\":\"https:\\\/\\\/schema.org\",\"@graph\":[{\"@type\":\"Article\",\"@id\":\"https:\\\/\\\/regiaonews.net.br\\\/2022\\\/2020\\\/11\\\/02\\\/dia-de-finados-como-a-pandemia-abalou-o-processo-de-luto\\\/#article\",\"isPartOf\":{\"@id\":\"https:\\\/\\\/regiaonews.net.br\\\/2022\\\/2020\\\/11\\\/02\\\/dia-de-finados-como-a-pandemia-abalou-o-processo-de-luto\\\/\"},\"author\":{\"name\":\"Roberto\",\"@id\":\"https:\\\/\\\/regiaonews.net.br\\\/2022\\\/#\\\/schema\\\/person\\\/2d205a608a5aa97ac279d7a5e6d89ad8\"},\"headline\":\"Dia de Finados: como a pandemia abalou o processo de luto\",\"datePublished\":\"2020-11-02T13:21:47+00:00\",\"mainEntityOfPage\":{\"@id\":\"https:\\\/\\\/regiaonews.net.br\\\/2022\\\/2020\\\/11\\\/02\\\/dia-de-finados-como-a-pandemia-abalou-o-processo-de-luto\\\/\"},\"wordCount\":1135,\"commentCount\":0,\"publisher\":{\"@id\":\"https:\\\/\\\/regiaonews.net.br\\\/2022\\\/#organization\"},\"image\":{\"@id\":\"https:\\\/\\\/regiaonews.net.br\\\/2022\\\/2020\\\/11\\\/02\\\/dia-de-finados-como-a-pandemia-abalou-o-processo-de-luto\\\/#primaryimage\"},\"thumbnailUrl\":\"https:\\\/\\\/regiaonews.net.br\\\/2022\\\/wp-content\\\/uploads\\\/2020\\\/11\\\/2020-04-28t175636z_323150297_rc2tdg9nkarv_rtrmadp_3_health-coronavirus-brazil-amazon.jpg\",\"articleSection\":[\"Brasil\",\"Cidades\"],\"inLanguage\":\"pt-BR\",\"potentialAction\":[{\"@type\":\"CommentAction\",\"name\":\"Comment\",\"target\":[\"https:\\\/\\\/regiaonews.net.br\\\/2022\\\/2020\\\/11\\\/02\\\/dia-de-finados-como-a-pandemia-abalou-o-processo-de-luto\\\/#respond\"]}]},{\"@type\":\"WebPage\",\"@id\":\"https:\\\/\\\/regiaonews.net.br\\\/2022\\\/2020\\\/11\\\/02\\\/dia-de-finados-como-a-pandemia-abalou-o-processo-de-luto\\\/\",\"url\":\"https:\\\/\\\/regiaonews.net.br\\\/2022\\\/2020\\\/11\\\/02\\\/dia-de-finados-como-a-pandemia-abalou-o-processo-de-luto\\\/\",\"name\":\"Dia de Finados: como a pandemia abalou o processo de luto - Regi\u00e3o News\",\"isPartOf\":{\"@id\":\"https:\\\/\\\/regiaonews.net.br\\\/2022\\\/#website\"},\"primaryImageOfPage\":{\"@id\":\"https:\\\/\\\/regiaonews.net.br\\\/2022\\\/2020\\\/11\\\/02\\\/dia-de-finados-como-a-pandemia-abalou-o-processo-de-luto\\\/#primaryimage\"},\"image\":{\"@id\":\"https:\\\/\\\/regiaonews.net.br\\\/2022\\\/2020\\\/11\\\/02\\\/dia-de-finados-como-a-pandemia-abalou-o-processo-de-luto\\\/#primaryimage\"},\"thumbnailUrl\":\"https:\\\/\\\/regiaonews.net.br\\\/2022\\\/wp-content\\\/uploads\\\/2020\\\/11\\\/2020-04-28t175636z_323150297_rc2tdg9nkarv_rtrmadp_3_health-coronavirus-brazil-amazon.jpg\",\"datePublished\":\"2020-11-02T13:21:47+00:00\",\"breadcrumb\":{\"@id\":\"https:\\\/\\\/regiaonews.net.br\\\/2022\\\/2020\\\/11\\\/02\\\/dia-de-finados-como-a-pandemia-abalou-o-processo-de-luto\\\/#breadcrumb\"},\"inLanguage\":\"pt-BR\",\"potentialAction\":[{\"@type\":\"ReadAction\",\"target\":[\"https:\\\/\\\/regiaonews.net.br\\\/2022\\\/2020\\\/11\\\/02\\\/dia-de-finados-como-a-pandemia-abalou-o-processo-de-luto\\\/\"]}]},{\"@type\":\"ImageObject\",\"inLanguage\":\"pt-BR\",\"@id\":\"https:\\\/\\\/regiaonews.net.br\\\/2022\\\/2020\\\/11\\\/02\\\/dia-de-finados-como-a-pandemia-abalou-o-processo-de-luto\\\/#primaryimage\",\"url\":\"https:\\\/\\\/regiaonews.net.br\\\/2022\\\/wp-content\\\/uploads\\\/2020\\\/11\\\/2020-04-28t175636z_323150297_rc2tdg9nkarv_rtrmadp_3_health-coronavirus-brazil-amazon.jpg\",\"contentUrl\":\"https:\\\/\\\/regiaonews.net.br\\\/2022\\\/wp-content\\\/uploads\\\/2020\\\/11\\\/2020-04-28t175636z_323150297_rc2tdg9nkarv_rtrmadp_3_health-coronavirus-brazil-amazon.jpg\",\"width\":1170,\"height\":700},{\"@type\":\"BreadcrumbList\",\"@id\":\"https:\\\/\\\/regiaonews.net.br\\\/2022\\\/2020\\\/11\\\/02\\\/dia-de-finados-como-a-pandemia-abalou-o-processo-de-luto\\\/#breadcrumb\",\"itemListElement\":[{\"@type\":\"ListItem\",\"position\":1,\"name\":\"In\u00edcio\",\"item\":\"https:\\\/\\\/regiaonews.net.br\\\/2022\\\/\"},{\"@type\":\"ListItem\",\"position\":2,\"name\":\"Dia de Finados: como a pandemia abalou o processo de luto\"}]},{\"@type\":\"WebSite\",\"@id\":\"https:\\\/\\\/regiaonews.net.br\\\/2022\\\/#website\",\"url\":\"https:\\\/\\\/regiaonews.net.br\\\/2022\\\/\",\"name\":\"Regi\u00e3o News\",\"description\":\"Site de Not\u00edcias de Barretos e regi\u00e3o\",\"publisher\":{\"@id\":\"https:\\\/\\\/regiaonews.net.br\\\/2022\\\/#organization\"},\"potentialAction\":[{\"@type\":\"SearchAction\",\"target\":{\"@type\":\"EntryPoint\",\"urlTemplate\":\"https:\\\/\\\/regiaonews.net.br\\\/2022\\\/?s={search_term_string}\"},\"query-input\":{\"@type\":\"PropertyValueSpecification\",\"valueRequired\":true,\"valueName\":\"search_term_string\"}}],\"inLanguage\":\"pt-BR\"},{\"@type\":\"Organization\",\"@id\":\"https:\\\/\\\/regiaonews.net.br\\\/2022\\\/#organization\",\"name\":\"Regi\u00e3o News\",\"url\":\"https:\\\/\\\/regiaonews.net.br\\\/2022\\\/\",\"logo\":{\"@type\":\"ImageObject\",\"inLanguage\":\"pt-BR\",\"@id\":\"https:\\\/\\\/regiaonews.net.br\\\/2022\\\/#\\\/schema\\\/logo\\\/image\\\/\",\"url\":\"https:\\\/\\\/regiaonews.net.br\\\/2022\\\/wp-content\\\/uploads\\\/2026\\\/03\\\/regiao-13-anos-scaled.jpg\",\"contentUrl\":\"https:\\\/\\\/regiaonews.net.br\\\/2022\\\/wp-content\\\/uploads\\\/2026\\\/03\\\/regiao-13-anos-scaled.jpg\",\"width\":2560,\"height\":635,\"caption\":\"Regi\u00e3o News\"},\"image\":{\"@id\":\"https:\\\/\\\/regiaonews.net.br\\\/2022\\\/#\\\/schema\\\/logo\\\/image\\\/\"}},{\"@type\":\"Person\",\"@id\":\"https:\\\/\\\/regiaonews.net.br\\\/2022\\\/#\\\/schema\\\/person\\\/2d205a608a5aa97ac279d7a5e6d89ad8\",\"name\":\"Roberto\",\"image\":{\"@type\":\"ImageObject\",\"inLanguage\":\"pt-BR\",\"@id\":\"https:\\\/\\\/secure.gravatar.com\\\/avatar\\\/42749d8b712ff9d59ca93dc150494e5b55a44134482993f5baeb97e61b7ecc89?s=96&d=mm&r=g\",\"url\":\"https:\\\/\\\/secure.gravatar.com\\\/avatar\\\/42749d8b712ff9d59ca93dc150494e5b55a44134482993f5baeb97e61b7ecc89?s=96&d=mm&r=g\",\"contentUrl\":\"https:\\\/\\\/secure.gravatar.com\\\/avatar\\\/42749d8b712ff9d59ca93dc150494e5b55a44134482993f5baeb97e61b7ecc89?s=96&d=mm&r=g\",\"caption\":\"Roberto\"},\"url\":\"https:\\\/\\\/regiaonews.net.br\\\/2022\\\/author\\\/roberto\\\/\"}]}<\/script>\n<!-- \/ Yoast SEO plugin. -->","yoast_head_json":{"title":"Dia de Finados: como a pandemia abalou o processo de luto - Regi\u00e3o News","robots":{"index":"index","follow":"follow","max-snippet":"max-snippet:-1","max-image-preview":"max-image-preview:large","max-video-preview":"max-video-preview:-1"},"canonical":"https:\/\/regiaonews.net.br\/2022\/2020\/11\/02\/dia-de-finados-como-a-pandemia-abalou-o-processo-de-luto\/","og_locale":"pt_BR","og_type":"article","og_title":"Dia de Finados: como a pandemia abalou o processo de luto - Regi\u00e3o News","og_description":"&#8220;\u00c9 o meu len\u00e7ol, \u00e9 o cobertor \/\u00a0\u00c9 o que","og_url":"https:\/\/regiaonews.net.br\/2022\/2020\/11\/02\/dia-de-finados-como-a-pandemia-abalou-o-processo-de-luto\/","og_site_name":"Regi\u00e3o News","article_published_time":"2020-11-02T13:21:47+00:00","og_image":[{"width":1170,"height":700,"url":"https:\/\/regiaonews.net.br\/2022\/wp-content\/uploads\/2020\/11\/2020-04-28t175636z_323150297_rc2tdg9nkarv_rtrmadp_3_health-coronavirus-brazil-amazon.jpg","type":"image\/jpeg"}],"author":"Roberto","twitter_card":"summary_large_image","twitter_misc":{"Escrito por":"Roberto","Est. tempo de leitura":"6 minutos"},"schema":{"@context":"https:\/\/schema.org","@graph":[{"@type":"Article","@id":"https:\/\/regiaonews.net.br\/2022\/2020\/11\/02\/dia-de-finados-como-a-pandemia-abalou-o-processo-de-luto\/#article","isPartOf":{"@id":"https:\/\/regiaonews.net.br\/2022\/2020\/11\/02\/dia-de-finados-como-a-pandemia-abalou-o-processo-de-luto\/"},"author":{"name":"Roberto","@id":"https:\/\/regiaonews.net.br\/2022\/#\/schema\/person\/2d205a608a5aa97ac279d7a5e6d89ad8"},"headline":"Dia de Finados: como a pandemia abalou o processo de luto","datePublished":"2020-11-02T13:21:47+00:00","mainEntityOfPage":{"@id":"https:\/\/regiaonews.net.br\/2022\/2020\/11\/02\/dia-de-finados-como-a-pandemia-abalou-o-processo-de-luto\/"},"wordCount":1135,"commentCount":0,"publisher":{"@id":"https:\/\/regiaonews.net.br\/2022\/#organization"},"image":{"@id":"https:\/\/regiaonews.net.br\/2022\/2020\/11\/02\/dia-de-finados-como-a-pandemia-abalou-o-processo-de-luto\/#primaryimage"},"thumbnailUrl":"https:\/\/regiaonews.net.br\/2022\/wp-content\/uploads\/2020\/11\/2020-04-28t175636z_323150297_rc2tdg9nkarv_rtrmadp_3_health-coronavirus-brazil-amazon.jpg","articleSection":["Brasil","Cidades"],"inLanguage":"pt-BR","potentialAction":[{"@type":"CommentAction","name":"Comment","target":["https:\/\/regiaonews.net.br\/2022\/2020\/11\/02\/dia-de-finados-como-a-pandemia-abalou-o-processo-de-luto\/#respond"]}]},{"@type":"WebPage","@id":"https:\/\/regiaonews.net.br\/2022\/2020\/11\/02\/dia-de-finados-como-a-pandemia-abalou-o-processo-de-luto\/","url":"https:\/\/regiaonews.net.br\/2022\/2020\/11\/02\/dia-de-finados-como-a-pandemia-abalou-o-processo-de-luto\/","name":"Dia de Finados: como a pandemia abalou o processo de luto - Regi\u00e3o News","isPartOf":{"@id":"https:\/\/regiaonews.net.br\/2022\/#website"},"primaryImageOfPage":{"@id":"https:\/\/regiaonews.net.br\/2022\/2020\/11\/02\/dia-de-finados-como-a-pandemia-abalou-o-processo-de-luto\/#primaryimage"},"image":{"@id":"https:\/\/regiaonews.net.br\/2022\/2020\/11\/02\/dia-de-finados-como-a-pandemia-abalou-o-processo-de-luto\/#primaryimage"},"thumbnailUrl":"https:\/\/regiaonews.net.br\/2022\/wp-content\/uploads\/2020\/11\/2020-04-28t175636z_323150297_rc2tdg9nkarv_rtrmadp_3_health-coronavirus-brazil-amazon.jpg","datePublished":"2020-11-02T13:21:47+00:00","breadcrumb":{"@id":"https:\/\/regiaonews.net.br\/2022\/2020\/11\/02\/dia-de-finados-como-a-pandemia-abalou-o-processo-de-luto\/#breadcrumb"},"inLanguage":"pt-BR","potentialAction":[{"@type":"ReadAction","target":["https:\/\/regiaonews.net.br\/2022\/2020\/11\/02\/dia-de-finados-como-a-pandemia-abalou-o-processo-de-luto\/"]}]},{"@type":"ImageObject","inLanguage":"pt-BR","@id":"https:\/\/regiaonews.net.br\/2022\/2020\/11\/02\/dia-de-finados-como-a-pandemia-abalou-o-processo-de-luto\/#primaryimage","url":"https:\/\/regiaonews.net.br\/2022\/wp-content\/uploads\/2020\/11\/2020-04-28t175636z_323150297_rc2tdg9nkarv_rtrmadp_3_health-coronavirus-brazil-amazon.jpg","contentUrl":"https:\/\/regiaonews.net.br\/2022\/wp-content\/uploads\/2020\/11\/2020-04-28t175636z_323150297_rc2tdg9nkarv_rtrmadp_3_health-coronavirus-brazil-amazon.jpg","width":1170,"height":700},{"@type":"BreadcrumbList","@id":"https:\/\/regiaonews.net.br\/2022\/2020\/11\/02\/dia-de-finados-como-a-pandemia-abalou-o-processo-de-luto\/#breadcrumb","itemListElement":[{"@type":"ListItem","position":1,"name":"In\u00edcio","item":"https:\/\/regiaonews.net.br\/2022\/"},{"@type":"ListItem","position":2,"name":"Dia de Finados: como a pandemia abalou o processo de luto"}]},{"@type":"WebSite","@id":"https:\/\/regiaonews.net.br\/2022\/#website","url":"https:\/\/regiaonews.net.br\/2022\/","name":"Regi\u00e3o News","description":"Site de Not\u00edcias de Barretos e regi\u00e3o","publisher":{"@id":"https:\/\/regiaonews.net.br\/2022\/#organization"},"potentialAction":[{"@type":"SearchAction","target":{"@type":"EntryPoint","urlTemplate":"https:\/\/regiaonews.net.br\/2022\/?s={search_term_string}"},"query-input":{"@type":"PropertyValueSpecification","valueRequired":true,"valueName":"search_term_string"}}],"inLanguage":"pt-BR"},{"@type":"Organization","@id":"https:\/\/regiaonews.net.br\/2022\/#organization","name":"Regi\u00e3o News","url":"https:\/\/regiaonews.net.br\/2022\/","logo":{"@type":"ImageObject","inLanguage":"pt-BR","@id":"https:\/\/regiaonews.net.br\/2022\/#\/schema\/logo\/image\/","url":"https:\/\/regiaonews.net.br\/2022\/wp-content\/uploads\/2026\/03\/regiao-13-anos-scaled.jpg","contentUrl":"https:\/\/regiaonews.net.br\/2022\/wp-content\/uploads\/2026\/03\/regiao-13-anos-scaled.jpg","width":2560,"height":635,"caption":"Regi\u00e3o News"},"image":{"@id":"https:\/\/regiaonews.net.br\/2022\/#\/schema\/logo\/image\/"}},{"@type":"Person","@id":"https:\/\/regiaonews.net.br\/2022\/#\/schema\/person\/2d205a608a5aa97ac279d7a5e6d89ad8","name":"Roberto","image":{"@type":"ImageObject","inLanguage":"pt-BR","@id":"https:\/\/secure.gravatar.com\/avatar\/42749d8b712ff9d59ca93dc150494e5b55a44134482993f5baeb97e61b7ecc89?s=96&d=mm&r=g","url":"https:\/\/secure.gravatar.com\/avatar\/42749d8b712ff9d59ca93dc150494e5b55a44134482993f5baeb97e61b7ecc89?s=96&d=mm&r=g","contentUrl":"https:\/\/secure.gravatar.com\/avatar\/42749d8b712ff9d59ca93dc150494e5b55a44134482993f5baeb97e61b7ecc89?s=96&d=mm&r=g","caption":"Roberto"},"url":"https:\/\/regiaonews.net.br\/2022\/author\/roberto\/"}]}},"publishpress_future_action":{"enabled":false,"date":"2026-05-04 17:47:16","action":"change-status","newStatus":"draft","terms":[],"taxonomy":"category","extraData":[]},"publishpress_future_workflow_manual_trigger":{"enabledWorkflows":[]},"_links":{"self":[{"href":"https:\/\/regiaonews.net.br\/2022\/wp-json\/wp\/v2\/posts\/39406","targetHints":{"allow":["GET"]}}],"collection":[{"href":"https:\/\/regiaonews.net.br\/2022\/wp-json\/wp\/v2\/posts"}],"about":[{"href":"https:\/\/regiaonews.net.br\/2022\/wp-json\/wp\/v2\/types\/post"}],"author":[{"embeddable":true,"href":"https:\/\/regiaonews.net.br\/2022\/wp-json\/wp\/v2\/users\/2"}],"replies":[{"embeddable":true,"href":"https:\/\/regiaonews.net.br\/2022\/wp-json\/wp\/v2\/comments?post=39406"}],"version-history":[{"count":0,"href":"https:\/\/regiaonews.net.br\/2022\/wp-json\/wp\/v2\/posts\/39406\/revisions"}],"wp:featuredmedia":[{"embeddable":true,"href":"https:\/\/regiaonews.net.br\/2022\/wp-json\/wp\/v2\/media\/39408"}],"wp:attachment":[{"href":"https:\/\/regiaonews.net.br\/2022\/wp-json\/wp\/v2\/media?parent=39406"}],"wp:term":[{"taxonomy":"category","embeddable":true,"href":"https:\/\/regiaonews.net.br\/2022\/wp-json\/wp\/v2\/categories?post=39406"},{"taxonomy":"post_tag","embeddable":true,"href":"https:\/\/regiaonews.net.br\/2022\/wp-json\/wp\/v2\/tags?post=39406"}],"curies":[{"name":"wp","href":"https:\/\/api.w.org\/{rel}","templated":true}]}}