{"id":39403,"date":"2020-11-01T15:28:15","date_gmt":"2020-11-01T18:28:15","guid":{"rendered":"https:\/\/regiaonews.net.br\/2022\/?p=39403"},"modified":"2020-11-01T15:28:15","modified_gmt":"2020-11-01T18:28:15","slug":"com-uso-de-drones-policias-paulistas-combatem-o-crime-com-tecnologia-de-ponta","status":"publish","type":"post","link":"https:\/\/regiaonews.net.br\/2022\/2020\/11\/01\/com-uso-de-drones-policias-paulistas-combatem-o-crime-com-tecnologia-de-ponta\/","title":{"rendered":"Com uso de drones, pol\u00edcias paulistas combatem o crime com tecnologia de ponta"},"content":{"rendered":"<p><a href=\"https:\/\/regiaonews.net.br\/2022\/wp-content\/uploads\/2020\/11\/00042932.jpeg\"><img loading=\"lazy\" decoding=\"async\" class=\"alignnone size-medium wp-image-39404\" src=\"https:\/\/regiaonews.net.br\/2022\/wp-content\/uploads\/2020\/11\/00042932-300x225.jpeg\" alt=\"\" width=\"300\" height=\"225\" \/><\/a><\/p>\n<p>A Secretaria da Seguran\u00e7a P\u00fablica n\u00e3o poupa esfor\u00e7os e investe constantemente no aprimoramento de equipamentos das pol\u00edcias. Desde o in\u00edcio do ano passado, a pasta conta com apoio fundamental da atual gest\u00e3o estadual, que incentiva a utiliza\u00e7\u00e3o de novas tecnologias no enfretamento ao crime.<\/p>\n<p>As pol\u00edcias Militar e Civil de S\u00e3o Paulo contam hoje com um aliado especial no combate \u00e0 viol\u00eancia \u2013 o drone. Na PM, por exemplo, em abril de 2019 foi criado o programa Dronepol, que \u00e9 um sistema que possibilita a capta\u00e7\u00e3o, transmiss\u00e3o, grava\u00e7\u00e3o e gerenciamento de imagens de interesse da Seguran\u00e7a P\u00fablica.<\/p>\n<p>Essa nova alternativa ganhou ader\u00eancia por garantir a prote\u00e7\u00e3o dos agentes de seguran\u00e7a e facilitar as a\u00e7\u00f5es de emerg\u00eancia em situa\u00e7\u00f5es de risco e\/ou em grandes eventos. Ele monitora, em tempo real, os cen\u00e1rios encontrados durante a execu\u00e7\u00e3o das atividades de policiamento ostensivo e preventivo.<\/p>\n<p>Recentemente, inclusive, militares do Corpo de Bombeiros utilizaram drones durante combate em inc\u00eandios ocorridos em uma ind\u00fastria, em uma edifica\u00e7\u00e3o comercial e em um galp\u00e3o, nas cidades de Guarulhos, S\u00e3o Paulo e Cotia, respectivamente, e tamb\u00e9m durante atendimento de derramamento de \u00e1cido clor\u00eddrico na Rodovia Anchieta.<\/p>\n<p><img decoding=\"async\" src=\"http:\/\/www.ssp.sp.gov.br\/midia\/Imagem\/D00042937.png\" \/><\/p>\n<p>Al\u00e9m disso, equipes da For\u00e7a T\u00e1tica e do 28\u00b0 Batalh\u00e3o de Pol\u00edcia Militar do Interior (BPM\/I) localizaram no dia 20 de setembro, um idoso que estava desaparecido h\u00e1 sete dias, no munic\u00edpio de Mirand\u00f3polis. Ele foi encontrado, ap\u00f3s 9 horas de buscas, que contaram com aux\u00edlio de drones.<\/p>\n<p><img decoding=\"async\" src=\"http:\/\/www.ssp.sp.gov.br\/midia\/Imagem\/D00042934.jpg\" \/><\/p>\n<p>O aparelho j\u00e1 havia sido usado por integrantes do Comandos e Opera\u00e7\u00f5es Especiais (COE), do 4\u00b0 Batalh\u00e3o de Policiamento de Choque (BPChq), que prenderam dois e apreenderam dinheiro do tr\u00e1fico e mais de 200 por\u00e7\u00f5es de entorpecentes, durante opera\u00e7\u00e3o na zona leste da capital, no dia 10 de junho.<\/p>\n<p><img decoding=\"async\" src=\"http:\/\/www.ssp.sp.gov.br\/midia\/Imagem\/D00042936.jpg\" \/><\/p>\n<p>A tecnologia do sistema do drone \u00e9 t\u00e3o avan\u00e7ada e surpreendente que quando um poss\u00edvel infrator \u00e9 detectado, \u00e9 poss\u00edvel selecionar a pessoa e sua c\u00e2mera de vigil\u00e2ncia acompanha a movimenta\u00e7\u00e3o por onde ele for, facilitando assim o trabalho policial no direcionamento da abordagem, garantindo \u00eaxito na a\u00e7\u00e3o.<\/p>\n<p>Essa mesma tecnologia permitiu que no dia 8 de maio, militares do 4\u00b0 Batalh\u00e3o Ambiental detivessem quatro homens que realizavam pesca predat\u00f3ria no munic\u00edpio de Viradouro, e uma equipe do 1\u00ba Batalh\u00e3o Rodovi\u00e1rio prendesse um homem que lan\u00e7ava pedras e barras de ferro na Rodovia Imigrantes.<\/p>\n<p><img decoding=\"async\" src=\"http:\/\/www.ssp.sp.gov.br\/midia\/Imagem\/D00042935.jpg\" \/><\/p>\n<p>Al\u00e9m disso, no m\u00eas de fevereiro, o 3\u00ba Batalh\u00e3o de A\u00e7\u00f5es Especiais de Pol\u00edcia (Baep) utilizou drones em toda regi\u00e3o do Vale do Para\u00edba no per\u00edodo carnavalesco, prevenindo venda e uso de drogas, brigas, ass\u00e9dios sexuais e crimes contra o patrim\u00f4nio, aumento a sensa\u00e7\u00e3o de seguran\u00e7a dos foli\u00f5es.<\/p>\n<p><img decoding=\"async\" src=\"http:\/\/www.ssp.sp.gov.br\/midia\/Imagem\/D00042933.jpeg\" \/><\/p>\n<p>Todos esses flagrantes e a\u00e7\u00f5es preventivas foram poss\u00edveis, pois a institui\u00e7\u00e3o conta 149 drones operacionais. Hoje s\u00e3o 86 n\u00facleos distribu\u00eddos no Estado, em 70 unidades de diversas modalidades de policiamento como o Territorial e especializado &#8211; Ambiental, de Tr\u00e2nsito, Rodovi\u00e1rio e de Choque.<\/p>\n<p>Ainda h\u00e1 equipamentos dispon\u00edveis \u00e0s Unidades de Intelig\u00eancia, Diretoria de Ensino, ao Centro de Comunica\u00e7\u00e3o Social (CCo&#8221;#333333&#8243; face=&#8221;Arial, sans-serif&#8221;&gt;Todas as unidades est\u00e3o de acordo com as normas vigentes da Ag\u00eancia Nacional de Avia\u00e7\u00e3o Civil (Anac), da Ag\u00eancia Nacional de Telecomunica\u00e7\u00f5es (Anatel) e do Departamento de Controle de Espa\u00e7o A\u00e9reo (Decea), exigidas para que cada unidade policial possa operar os aparelhos<\/p>\n<p>Al\u00e9m disso, o Governo do Estado de S\u00e3 Paulo investiu mais de R$ 4,2 milh\u00f5es na aquisi\u00e7\u00e3o de 105 novos drones para o programa &#8211; 100 aeronaves b\u00e1sicas e cinco avan\u00e7adas, sendo R$ 3.010.000 para 100 b\u00e1sicos e R$ 1.200.000 para cinco avan\u00e7ados.<\/p>\n<p><b>Pol\u00edcia Civil<\/b><\/p>\n<p>Desde o ano passado o Servi\u00e7o Aerot\u00e1tico (SAT), do Departamento de Opera\u00e7\u00f5es Policiais Estrat\u00e9gicas (Dope), conta com a Unidade de Gerenciamento T\u00e9cnico-Operacional dos Sistemas de Aeronaves Remotamente Pilotadas, inclusive com forma\u00e7\u00e3o e treinamento dos operadores dos equipamentos.<\/p>\n<p>A unidade conta hoje com dez drones patrimoniados, que s\u00e3o usados em levantamentos pr\u00e9vios de locais onde ocorrer\u00e3o opera\u00e7\u00f5es, a fim de levantar poss\u00edveis obst\u00e1culos, pontos estrat\u00e9gicos de a\u00e7\u00e3o, entrada e sa\u00edda para o v\u00f4o seguro, locais para um poss\u00edvel pouso, potenciais amea\u00e7as, etc.<\/p>\n<p>Al\u00e9m disso, os aparelhos tamb\u00e9m s\u00e3o utilizados para auxiliar em miss\u00f5es de equipes t\u00e1ticas do Grupo Especial de Rea\u00e7\u00e3o (GER), do Grupo Armado de Repress\u00e3o a Roubos (Garra) e outras Unidades Territoriais.<\/p>\n<p>Recentemente, os aparelhos foram empenhados em a\u00e7\u00f5es importantes como a Opera\u00e7\u00e3o Divisas Integradas II, na fronteira do Estado de S\u00e3o Paulo com o Paran\u00e1; na Opera\u00e7\u00e3o \u201cRaio X\u201d, como fonte de dados pr\u00e9vios em \u00e1rea rural no Estado do Mato Grosso do Sul, e na comunidade de Parais\u00f3polis\/Morumbi na Capital para a vigil\u00e2ncia do local aumentando a seguran\u00e7a de nossos policiais.<\/p>\n<p>A Unidade de Gerenciamento T\u00e9cnico-Operacional dos Sistemas de Aeronaves Remotamente Pilotadas, \u00e9 dirigida por um delegado de pol\u00edcia com forma\u00e7\u00e3o t\u00e9cnica na opera\u00e7\u00e3o dos sistemas e mais oito pilotos, sendo um com habilita\u00e7\u00e3o t\u00e9cnica e sete em forma\u00e7\u00e3o pela Unidade.<\/p>\n","protected":false},"excerpt":{"rendered":"<p>A Secretaria da Seguran\u00e7a P\u00fablica n\u00e3o poupa esfor\u00e7os e investe<\/p>\n","protected":false},"author":2,"featured_media":39404,"comment_status":"open","ping_status":"open","sticky":false,"template":"","format":"standard","meta":{"footnotes":""},"categories":[25,7,23],"tags":[],"class_list":["post-39403","post","type-post","status-publish","format-standard","has-post-thumbnail","hentry","category-cidades","category-estado-de-sao-paulo","category-policia"],"yoast_head":"<!-- This site is optimized with the Yoast SEO plugin v27.4 - https:\/\/yoast.com\/product\/yoast-seo-wordpress\/ -->\n<title>Com uso de drones, pol\u00edcias paulistas combatem o crime com tecnologia de ponta - Regi\u00e3o News<\/title>\n<meta name=\"robots\" content=\"index, follow, max-snippet:-1, max-image-preview:large, max-video-preview:-1\" \/>\n<link rel=\"canonical\" href=\"https:\/\/regiaonews.net.br\/2022\/2020\/11\/01\/com-uso-de-drones-policias-paulistas-combatem-o-crime-com-tecnologia-de-ponta\/\" \/>\n<meta property=\"og:locale\" content=\"pt_BR\" \/>\n<meta property=\"og:type\" content=\"article\" \/>\n<meta property=\"og:title\" content=\"Com uso de drones, pol\u00edcias paulistas combatem o crime com tecnologia de ponta - Regi\u00e3o News\" \/>\n<meta property=\"og:description\" content=\"A Secretaria da Seguran\u00e7a P\u00fablica n\u00e3o poupa esfor\u00e7os e investe\" \/>\n<meta property=\"og:url\" content=\"https:\/\/regiaonews.net.br\/2022\/2020\/11\/01\/com-uso-de-drones-policias-paulistas-combatem-o-crime-com-tecnologia-de-ponta\/\" \/>\n<meta property=\"og:site_name\" content=\"Regi\u00e3o News\" \/>\n<meta property=\"article:published_time\" content=\"2020-11-01T18:28:15+00:00\" \/>\n<meta property=\"og:image\" content=\"https:\/\/regiaonews.net.br\/2022\/wp-content\/uploads\/2020\/11\/00042932.jpeg\" \/>\n\t<meta property=\"og:image:width\" content=\"1280\" \/>\n\t<meta property=\"og:image:height\" content=\"960\" \/>\n\t<meta property=\"og:image:type\" content=\"image\/jpeg\" \/>\n<meta name=\"author\" content=\"Roberto\" \/>\n<meta name=\"twitter:card\" content=\"summary_large_image\" \/>\n<meta name=\"twitter:label1\" content=\"Escrito por\" \/>\n\t<meta name=\"twitter:data1\" content=\"Roberto\" \/>\n\t<meta name=\"twitter:label2\" content=\"Est. tempo de leitura\" \/>\n\t<meta name=\"twitter:data2\" content=\"5 minutos\" \/>\n<script type=\"application\/ld+json\" class=\"yoast-schema-graph\">{\"@context\":\"https:\\\/\\\/schema.org\",\"@graph\":[{\"@type\":\"Article\",\"@id\":\"https:\\\/\\\/regiaonews.net.br\\\/2022\\\/2020\\\/11\\\/01\\\/com-uso-de-drones-policias-paulistas-combatem-o-crime-com-tecnologia-de-ponta\\\/#article\",\"isPartOf\":{\"@id\":\"https:\\\/\\\/regiaonews.net.br\\\/2022\\\/2020\\\/11\\\/01\\\/com-uso-de-drones-policias-paulistas-combatem-o-crime-com-tecnologia-de-ponta\\\/\"},\"author\":{\"name\":\"Roberto\",\"@id\":\"https:\\\/\\\/regiaonews.net.br\\\/2022\\\/#\\\/schema\\\/person\\\/2d205a608a5aa97ac279d7a5e6d89ad8\"},\"headline\":\"Com uso de drones, pol\u00edcias paulistas combatem o crime com tecnologia de ponta\",\"datePublished\":\"2020-11-01T18:28:15+00:00\",\"mainEntityOfPage\":{\"@id\":\"https:\\\/\\\/regiaonews.net.br\\\/2022\\\/2020\\\/11\\\/01\\\/com-uso-de-drones-policias-paulistas-combatem-o-crime-com-tecnologia-de-ponta\\\/\"},\"wordCount\":921,\"commentCount\":0,\"publisher\":{\"@id\":\"https:\\\/\\\/regiaonews.net.br\\\/2022\\\/#organization\"},\"image\":{\"@id\":\"https:\\\/\\\/regiaonews.net.br\\\/2022\\\/2020\\\/11\\\/01\\\/com-uso-de-drones-policias-paulistas-combatem-o-crime-com-tecnologia-de-ponta\\\/#primaryimage\"},\"thumbnailUrl\":\"https:\\\/\\\/regiaonews.net.br\\\/2022\\\/wp-content\\\/uploads\\\/2020\\\/11\\\/00042932.jpeg\",\"articleSection\":[\"Cidades\",\"Estado de S\u00e3o Paulo\",\"Policia\"],\"inLanguage\":\"pt-BR\",\"potentialAction\":[{\"@type\":\"CommentAction\",\"name\":\"Comment\",\"target\":[\"https:\\\/\\\/regiaonews.net.br\\\/2022\\\/2020\\\/11\\\/01\\\/com-uso-de-drones-policias-paulistas-combatem-o-crime-com-tecnologia-de-ponta\\\/#respond\"]}]},{\"@type\":\"WebPage\",\"@id\":\"https:\\\/\\\/regiaonews.net.br\\\/2022\\\/2020\\\/11\\\/01\\\/com-uso-de-drones-policias-paulistas-combatem-o-crime-com-tecnologia-de-ponta\\\/\",\"url\":\"https:\\\/\\\/regiaonews.net.br\\\/2022\\\/2020\\\/11\\\/01\\\/com-uso-de-drones-policias-paulistas-combatem-o-crime-com-tecnologia-de-ponta\\\/\",\"name\":\"Com uso de drones, pol\u00edcias paulistas combatem o crime com tecnologia de ponta - Regi\u00e3o News\",\"isPartOf\":{\"@id\":\"https:\\\/\\\/regiaonews.net.br\\\/2022\\\/#website\"},\"primaryImageOfPage\":{\"@id\":\"https:\\\/\\\/regiaonews.net.br\\\/2022\\\/2020\\\/11\\\/01\\\/com-uso-de-drones-policias-paulistas-combatem-o-crime-com-tecnologia-de-ponta\\\/#primaryimage\"},\"image\":{\"@id\":\"https:\\\/\\\/regiaonews.net.br\\\/2022\\\/2020\\\/11\\\/01\\\/com-uso-de-drones-policias-paulistas-combatem-o-crime-com-tecnologia-de-ponta\\\/#primaryimage\"},\"thumbnailUrl\":\"https:\\\/\\\/regiaonews.net.br\\\/2022\\\/wp-content\\\/uploads\\\/2020\\\/11\\\/00042932.jpeg\",\"datePublished\":\"2020-11-01T18:28:15+00:00\",\"breadcrumb\":{\"@id\":\"https:\\\/\\\/regiaonews.net.br\\\/2022\\\/2020\\\/11\\\/01\\\/com-uso-de-drones-policias-paulistas-combatem-o-crime-com-tecnologia-de-ponta\\\/#breadcrumb\"},\"inLanguage\":\"pt-BR\",\"potentialAction\":[{\"@type\":\"ReadAction\",\"target\":[\"https:\\\/\\\/regiaonews.net.br\\\/2022\\\/2020\\\/11\\\/01\\\/com-uso-de-drones-policias-paulistas-combatem-o-crime-com-tecnologia-de-ponta\\\/\"]}]},{\"@type\":\"ImageObject\",\"inLanguage\":\"pt-BR\",\"@id\":\"https:\\\/\\\/regiaonews.net.br\\\/2022\\\/2020\\\/11\\\/01\\\/com-uso-de-drones-policias-paulistas-combatem-o-crime-com-tecnologia-de-ponta\\\/#primaryimage\",\"url\":\"https:\\\/\\\/regiaonews.net.br\\\/2022\\\/wp-content\\\/uploads\\\/2020\\\/11\\\/00042932.jpeg\",\"contentUrl\":\"https:\\\/\\\/regiaonews.net.br\\\/2022\\\/wp-content\\\/uploads\\\/2020\\\/11\\\/00042932.jpeg\",\"width\":1280,\"height\":960},{\"@type\":\"BreadcrumbList\",\"@id\":\"https:\\\/\\\/regiaonews.net.br\\\/2022\\\/2020\\\/11\\\/01\\\/com-uso-de-drones-policias-paulistas-combatem-o-crime-com-tecnologia-de-ponta\\\/#breadcrumb\",\"itemListElement\":[{\"@type\":\"ListItem\",\"position\":1,\"name\":\"In\u00edcio\",\"item\":\"https:\\\/\\\/regiaonews.net.br\\\/2022\\\/\"},{\"@type\":\"ListItem\",\"position\":2,\"name\":\"Com uso de drones, pol\u00edcias paulistas combatem o crime com tecnologia de ponta\"}]},{\"@type\":\"WebSite\",\"@id\":\"https:\\\/\\\/regiaonews.net.br\\\/2022\\\/#website\",\"url\":\"https:\\\/\\\/regiaonews.net.br\\\/2022\\\/\",\"name\":\"Regi\u00e3o News\",\"description\":\"Site de Not\u00edcias de Barretos e regi\u00e3o\",\"publisher\":{\"@id\":\"https:\\\/\\\/regiaonews.net.br\\\/2022\\\/#organization\"},\"potentialAction\":[{\"@type\":\"SearchAction\",\"target\":{\"@type\":\"EntryPoint\",\"urlTemplate\":\"https:\\\/\\\/regiaonews.net.br\\\/2022\\\/?s={search_term_string}\"},\"query-input\":{\"@type\":\"PropertyValueSpecification\",\"valueRequired\":true,\"valueName\":\"search_term_string\"}}],\"inLanguage\":\"pt-BR\"},{\"@type\":\"Organization\",\"@id\":\"https:\\\/\\\/regiaonews.net.br\\\/2022\\\/#organization\",\"name\":\"Regi\u00e3o News\",\"url\":\"https:\\\/\\\/regiaonews.net.br\\\/2022\\\/\",\"logo\":{\"@type\":\"ImageObject\",\"inLanguage\":\"pt-BR\",\"@id\":\"https:\\\/\\\/regiaonews.net.br\\\/2022\\\/#\\\/schema\\\/logo\\\/image\\\/\",\"url\":\"https:\\\/\\\/regiaonews.net.br\\\/2022\\\/wp-content\\\/uploads\\\/2026\\\/03\\\/regiao-13-anos-scaled.jpg\",\"contentUrl\":\"https:\\\/\\\/regiaonews.net.br\\\/2022\\\/wp-content\\\/uploads\\\/2026\\\/03\\\/regiao-13-anos-scaled.jpg\",\"width\":2560,\"height\":635,\"caption\":\"Regi\u00e3o News\"},\"image\":{\"@id\":\"https:\\\/\\\/regiaonews.net.br\\\/2022\\\/#\\\/schema\\\/logo\\\/image\\\/\"}},{\"@type\":\"Person\",\"@id\":\"https:\\\/\\\/regiaonews.net.br\\\/2022\\\/#\\\/schema\\\/person\\\/2d205a608a5aa97ac279d7a5e6d89ad8\",\"name\":\"Roberto\",\"image\":{\"@type\":\"ImageObject\",\"inLanguage\":\"pt-BR\",\"@id\":\"https:\\\/\\\/secure.gravatar.com\\\/avatar\\\/42749d8b712ff9d59ca93dc150494e5b55a44134482993f5baeb97e61b7ecc89?s=96&d=mm&r=g\",\"url\":\"https:\\\/\\\/secure.gravatar.com\\\/avatar\\\/42749d8b712ff9d59ca93dc150494e5b55a44134482993f5baeb97e61b7ecc89?s=96&d=mm&r=g\",\"contentUrl\":\"https:\\\/\\\/secure.gravatar.com\\\/avatar\\\/42749d8b712ff9d59ca93dc150494e5b55a44134482993f5baeb97e61b7ecc89?s=96&d=mm&r=g\",\"caption\":\"Roberto\"},\"url\":\"https:\\\/\\\/regiaonews.net.br\\\/2022\\\/author\\\/roberto\\\/\"}]}<\/script>\n<!-- \/ Yoast SEO plugin. -->","yoast_head_json":{"title":"Com uso de drones, pol\u00edcias paulistas combatem o crime com tecnologia de ponta - Regi\u00e3o News","robots":{"index":"index","follow":"follow","max-snippet":"max-snippet:-1","max-image-preview":"max-image-preview:large","max-video-preview":"max-video-preview:-1"},"canonical":"https:\/\/regiaonews.net.br\/2022\/2020\/11\/01\/com-uso-de-drones-policias-paulistas-combatem-o-crime-com-tecnologia-de-ponta\/","og_locale":"pt_BR","og_type":"article","og_title":"Com uso de drones, pol\u00edcias paulistas combatem o crime com tecnologia de ponta - Regi\u00e3o News","og_description":"A Secretaria da Seguran\u00e7a P\u00fablica n\u00e3o poupa esfor\u00e7os e investe","og_url":"https:\/\/regiaonews.net.br\/2022\/2020\/11\/01\/com-uso-de-drones-policias-paulistas-combatem-o-crime-com-tecnologia-de-ponta\/","og_site_name":"Regi\u00e3o News","article_published_time":"2020-11-01T18:28:15+00:00","og_image":[{"width":1280,"height":960,"url":"https:\/\/regiaonews.net.br\/2022\/wp-content\/uploads\/2020\/11\/00042932.jpeg","type":"image\/jpeg"}],"author":"Roberto","twitter_card":"summary_large_image","twitter_misc":{"Escrito por":"Roberto","Est. tempo de leitura":"5 minutos"},"schema":{"@context":"https:\/\/schema.org","@graph":[{"@type":"Article","@id":"https:\/\/regiaonews.net.br\/2022\/2020\/11\/01\/com-uso-de-drones-policias-paulistas-combatem-o-crime-com-tecnologia-de-ponta\/#article","isPartOf":{"@id":"https:\/\/regiaonews.net.br\/2022\/2020\/11\/01\/com-uso-de-drones-policias-paulistas-combatem-o-crime-com-tecnologia-de-ponta\/"},"author":{"name":"Roberto","@id":"https:\/\/regiaonews.net.br\/2022\/#\/schema\/person\/2d205a608a5aa97ac279d7a5e6d89ad8"},"headline":"Com uso de drones, pol\u00edcias paulistas combatem o crime com tecnologia de ponta","datePublished":"2020-11-01T18:28:15+00:00","mainEntityOfPage":{"@id":"https:\/\/regiaonews.net.br\/2022\/2020\/11\/01\/com-uso-de-drones-policias-paulistas-combatem-o-crime-com-tecnologia-de-ponta\/"},"wordCount":921,"commentCount":0,"publisher":{"@id":"https:\/\/regiaonews.net.br\/2022\/#organization"},"image":{"@id":"https:\/\/regiaonews.net.br\/2022\/2020\/11\/01\/com-uso-de-drones-policias-paulistas-combatem-o-crime-com-tecnologia-de-ponta\/#primaryimage"},"thumbnailUrl":"https:\/\/regiaonews.net.br\/2022\/wp-content\/uploads\/2020\/11\/00042932.jpeg","articleSection":["Cidades","Estado de S\u00e3o Paulo","Policia"],"inLanguage":"pt-BR","potentialAction":[{"@type":"CommentAction","name":"Comment","target":["https:\/\/regiaonews.net.br\/2022\/2020\/11\/01\/com-uso-de-drones-policias-paulistas-combatem-o-crime-com-tecnologia-de-ponta\/#respond"]}]},{"@type":"WebPage","@id":"https:\/\/regiaonews.net.br\/2022\/2020\/11\/01\/com-uso-de-drones-policias-paulistas-combatem-o-crime-com-tecnologia-de-ponta\/","url":"https:\/\/regiaonews.net.br\/2022\/2020\/11\/01\/com-uso-de-drones-policias-paulistas-combatem-o-crime-com-tecnologia-de-ponta\/","name":"Com uso de drones, pol\u00edcias paulistas combatem o crime com tecnologia de ponta - Regi\u00e3o News","isPartOf":{"@id":"https:\/\/regiaonews.net.br\/2022\/#website"},"primaryImageOfPage":{"@id":"https:\/\/regiaonews.net.br\/2022\/2020\/11\/01\/com-uso-de-drones-policias-paulistas-combatem-o-crime-com-tecnologia-de-ponta\/#primaryimage"},"image":{"@id":"https:\/\/regiaonews.net.br\/2022\/2020\/11\/01\/com-uso-de-drones-policias-paulistas-combatem-o-crime-com-tecnologia-de-ponta\/#primaryimage"},"thumbnailUrl":"https:\/\/regiaonews.net.br\/2022\/wp-content\/uploads\/2020\/11\/00042932.jpeg","datePublished":"2020-11-01T18:28:15+00:00","breadcrumb":{"@id":"https:\/\/regiaonews.net.br\/2022\/2020\/11\/01\/com-uso-de-drones-policias-paulistas-combatem-o-crime-com-tecnologia-de-ponta\/#breadcrumb"},"inLanguage":"pt-BR","potentialAction":[{"@type":"ReadAction","target":["https:\/\/regiaonews.net.br\/2022\/2020\/11\/01\/com-uso-de-drones-policias-paulistas-combatem-o-crime-com-tecnologia-de-ponta\/"]}]},{"@type":"ImageObject","inLanguage":"pt-BR","@id":"https:\/\/regiaonews.net.br\/2022\/2020\/11\/01\/com-uso-de-drones-policias-paulistas-combatem-o-crime-com-tecnologia-de-ponta\/#primaryimage","url":"https:\/\/regiaonews.net.br\/2022\/wp-content\/uploads\/2020\/11\/00042932.jpeg","contentUrl":"https:\/\/regiaonews.net.br\/2022\/wp-content\/uploads\/2020\/11\/00042932.jpeg","width":1280,"height":960},{"@type":"BreadcrumbList","@id":"https:\/\/regiaonews.net.br\/2022\/2020\/11\/01\/com-uso-de-drones-policias-paulistas-combatem-o-crime-com-tecnologia-de-ponta\/#breadcrumb","itemListElement":[{"@type":"ListItem","position":1,"name":"In\u00edcio","item":"https:\/\/regiaonews.net.br\/2022\/"},{"@type":"ListItem","position":2,"name":"Com uso de drones, pol\u00edcias paulistas combatem o crime com tecnologia de ponta"}]},{"@type":"WebSite","@id":"https:\/\/regiaonews.net.br\/2022\/#website","url":"https:\/\/regiaonews.net.br\/2022\/","name":"Regi\u00e3o News","description":"Site de Not\u00edcias de Barretos e regi\u00e3o","publisher":{"@id":"https:\/\/regiaonews.net.br\/2022\/#organization"},"potentialAction":[{"@type":"SearchAction","target":{"@type":"EntryPoint","urlTemplate":"https:\/\/regiaonews.net.br\/2022\/?s={search_term_string}"},"query-input":{"@type":"PropertyValueSpecification","valueRequired":true,"valueName":"search_term_string"}}],"inLanguage":"pt-BR"},{"@type":"Organization","@id":"https:\/\/regiaonews.net.br\/2022\/#organization","name":"Regi\u00e3o News","url":"https:\/\/regiaonews.net.br\/2022\/","logo":{"@type":"ImageObject","inLanguage":"pt-BR","@id":"https:\/\/regiaonews.net.br\/2022\/#\/schema\/logo\/image\/","url":"https:\/\/regiaonews.net.br\/2022\/wp-content\/uploads\/2026\/03\/regiao-13-anos-scaled.jpg","contentUrl":"https:\/\/regiaonews.net.br\/2022\/wp-content\/uploads\/2026\/03\/regiao-13-anos-scaled.jpg","width":2560,"height":635,"caption":"Regi\u00e3o News"},"image":{"@id":"https:\/\/regiaonews.net.br\/2022\/#\/schema\/logo\/image\/"}},{"@type":"Person","@id":"https:\/\/regiaonews.net.br\/2022\/#\/schema\/person\/2d205a608a5aa97ac279d7a5e6d89ad8","name":"Roberto","image":{"@type":"ImageObject","inLanguage":"pt-BR","@id":"https:\/\/secure.gravatar.com\/avatar\/42749d8b712ff9d59ca93dc150494e5b55a44134482993f5baeb97e61b7ecc89?s=96&d=mm&r=g","url":"https:\/\/secure.gravatar.com\/avatar\/42749d8b712ff9d59ca93dc150494e5b55a44134482993f5baeb97e61b7ecc89?s=96&d=mm&r=g","contentUrl":"https:\/\/secure.gravatar.com\/avatar\/42749d8b712ff9d59ca93dc150494e5b55a44134482993f5baeb97e61b7ecc89?s=96&d=mm&r=g","caption":"Roberto"},"url":"https:\/\/regiaonews.net.br\/2022\/author\/roberto\/"}]}},"publishpress_future_action":{"enabled":false,"date":"2026-05-04 20:46:56","action":"change-status","newStatus":"draft","terms":[],"taxonomy":"category","extraData":[]},"publishpress_future_workflow_manual_trigger":{"enabledWorkflows":[]},"_links":{"self":[{"href":"https:\/\/regiaonews.net.br\/2022\/wp-json\/wp\/v2\/posts\/39403","targetHints":{"allow":["GET"]}}],"collection":[{"href":"https:\/\/regiaonews.net.br\/2022\/wp-json\/wp\/v2\/posts"}],"about":[{"href":"https:\/\/regiaonews.net.br\/2022\/wp-json\/wp\/v2\/types\/post"}],"author":[{"embeddable":true,"href":"https:\/\/regiaonews.net.br\/2022\/wp-json\/wp\/v2\/users\/2"}],"replies":[{"embeddable":true,"href":"https:\/\/regiaonews.net.br\/2022\/wp-json\/wp\/v2\/comments?post=39403"}],"version-history":[{"count":0,"href":"https:\/\/regiaonews.net.br\/2022\/wp-json\/wp\/v2\/posts\/39403\/revisions"}],"wp:featuredmedia":[{"embeddable":true,"href":"https:\/\/regiaonews.net.br\/2022\/wp-json\/wp\/v2\/media\/39404"}],"wp:attachment":[{"href":"https:\/\/regiaonews.net.br\/2022\/wp-json\/wp\/v2\/media?parent=39403"}],"wp:term":[{"taxonomy":"category","embeddable":true,"href":"https:\/\/regiaonews.net.br\/2022\/wp-json\/wp\/v2\/categories?post=39403"},{"taxonomy":"post_tag","embeddable":true,"href":"https:\/\/regiaonews.net.br\/2022\/wp-json\/wp\/v2\/tags?post=39403"}],"curies":[{"name":"wp","href":"https:\/\/api.w.org\/{rel}","templated":true}]}}