{"id":39367,"date":"2020-10-31T14:57:07","date_gmt":"2020-10-31T17:57:07","guid":{"rendered":"https:\/\/regiaonews.net.br\/2022\/?p=39367"},"modified":"2020-10-31T16:59:03","modified_gmt":"2020-10-31T19:59:03","slug":"grave-acidente-em-olimpia-deixa-um-morte-e-dois-feridos","status":"publish","type":"post","link":"https:\/\/regiaonews.net.br\/2022\/2020\/10\/31\/grave-acidente-em-olimpia-deixa-um-morte-e-dois-feridos\/","title":{"rendered":"Grave acidente em Ol\u00edmpia deixa um morto e dois feridos"},"content":{"rendered":"<p><a href=\"https:\/\/regiaonews.net.br\/2022\/wp-content\/uploads\/2020\/10\/8b167b3a-4e12-43f5-8c2f-6bd30110512b.jpg\"><img loading=\"lazy\" decoding=\"async\" class=\"alignnone size-medium wp-image-39368\" src=\"https:\/\/regiaonews.net.br\/2022\/wp-content\/uploads\/2020\/10\/8b167b3a-4e12-43f5-8c2f-6bd30110512b-300x195.jpg\" alt=\"\" width=\"300\" height=\"195\" \/><\/a> <a href=\"https:\/\/regiaonews.net.br\/2022\/wp-content\/uploads\/2020\/10\/41959e1d-f525-4f62-8d59-8135a83f98be.jpg\"><img loading=\"lazy\" decoding=\"async\" class=\"alignnone size-medium wp-image-39369\" src=\"https:\/\/regiaonews.net.br\/2022\/wp-content\/uploads\/2020\/10\/41959e1d-f525-4f62-8d59-8135a83f98be-300x146.jpg\" alt=\"\" width=\"300\" height=\"146\" \/><\/a><\/p>\n<p>Fotos-\u00a0 site Olimpia24hrs \u2013 Equipes socorrendo v\u00edtimas de acidente em Olimpia<\/p>\n<p>A Pol\u00edcia Rodovi\u00e1ria registrou na noite sexta (30), 19h, um grave acidente no km 136 da rodovia Assis Chateaubriand, em Ol\u00edmpia, envolvendo dois caminh\u00f5es e um ve\u00edculo, com uma v\u00edtima fatal e duas v\u00edtimas graves. Segundo a Pol\u00edcia Rodovi\u00e1ria, o acidente envolveu um caminh\u00e3o Volkswagem, placa de Ol\u00edmpia, transitava no sentido Barretos-Ol\u00edmpia, quando perdeu o controle no km citado, colidindo contra a defensa da ponte derramando a carga de postes de concreto na pista, colidindo frontalmente com um Fiat Mobi, que seguia no sentido contr\u00e1rio, arremessando o mesmo no interior do rio Cachoeirinha.<br \/>\nEm seguida, o caminh\u00e3o foi colhido na traseira por um caminh\u00e3o Mercedes Benz, que tamb\u00e9m caiu dentro c\u00f3rrego existente. O acidente tirou a vida do advogado Mario Francisco Montini, 56 anos, que conduzia o Fiat e deixou ferido gravemente a passageira do ve\u00edculo e o motorista do caminh\u00e3o de Bebedouro. As v\u00edtimas foram socorridas para a UPA de Ol\u00edmpia.<\/p>\n","protected":false},"excerpt":{"rendered":"<p>Fotos-\u00a0 site Olimpia24hrs \u2013 Equipes socorrendo v\u00edtimas de acidente em<\/p>\n","protected":false},"author":2,"featured_media":39368,"comment_status":"open","ping_status":"open","sticky":false,"template":"","format":"standard","meta":{"footnotes":""},"categories":[25,28,30],"tags":[],"class_list":["post-39367","post","type-post","status-publish","format-standard","has-post-thumbnail","hentry","category-cidades","category-olimpia-olimpia","category-regiao"],"yoast_head":"<!-- This site is optimized with the Yoast SEO plugin v27.4 - https:\/\/yoast.com\/product\/yoast-seo-wordpress\/ -->\n<title>Grave acidente em Ol\u00edmpia deixa um morto e dois feridos - Regi\u00e3o News<\/title>\n<meta name=\"robots\" content=\"index, follow, max-snippet:-1, max-image-preview:large, max-video-preview:-1\" \/>\n<link rel=\"canonical\" href=\"https:\/\/regiaonews.net.br\/2022\/2020\/10\/31\/grave-acidente-em-olimpia-deixa-um-morte-e-dois-feridos\/\" \/>\n<meta property=\"og:locale\" content=\"pt_BR\" \/>\n<meta property=\"og:type\" content=\"article\" \/>\n<meta property=\"og:title\" content=\"Grave acidente em Ol\u00edmpia deixa um morto e dois feridos - Regi\u00e3o News\" \/>\n<meta property=\"og:description\" content=\"Fotos-\u00a0 site Olimpia24hrs \u2013 Equipes socorrendo v\u00edtimas de acidente em\" \/>\n<meta property=\"og:url\" content=\"https:\/\/regiaonews.net.br\/2022\/2020\/10\/31\/grave-acidente-em-olimpia-deixa-um-morte-e-dois-feridos\/\" \/>\n<meta property=\"og:site_name\" content=\"Regi\u00e3o News\" \/>\n<meta property=\"article:published_time\" content=\"2020-10-31T17:57:07+00:00\" \/>\n<meta property=\"article:modified_time\" content=\"2020-10-31T19:59:03+00:00\" \/>\n<meta property=\"og:image\" content=\"https:\/\/regiaonews.net.br\/2022\/wp-content\/uploads\/2020\/10\/8b167b3a-4e12-43f5-8c2f-6bd30110512b.jpg\" \/>\n\t<meta property=\"og:image:width\" content=\"860\" \/>\n\t<meta property=\"og:image:height\" content=\"560\" \/>\n\t<meta property=\"og:image:type\" content=\"image\/jpeg\" \/>\n<meta name=\"author\" content=\"Roberto\" \/>\n<meta name=\"twitter:card\" content=\"summary_large_image\" \/>\n<meta name=\"twitter:label1\" content=\"Escrito por\" \/>\n\t<meta name=\"twitter:data1\" content=\"Roberto\" \/>\n\t<meta name=\"twitter:label2\" content=\"Est. tempo de leitura\" \/>\n\t<meta name=\"twitter:data2\" content=\"1 minuto\" \/>\n<script type=\"application\/ld+json\" class=\"yoast-schema-graph\">{\"@context\":\"https:\\\/\\\/schema.org\",\"@graph\":[{\"@type\":\"Article\",\"@id\":\"https:\\\/\\\/regiaonews.net.br\\\/2022\\\/2020\\\/10\\\/31\\\/grave-acidente-em-olimpia-deixa-um-morte-e-dois-feridos\\\/#article\",\"isPartOf\":{\"@id\":\"https:\\\/\\\/regiaonews.net.br\\\/2022\\\/2020\\\/10\\\/31\\\/grave-acidente-em-olimpia-deixa-um-morte-e-dois-feridos\\\/\"},\"author\":{\"name\":\"Roberto\",\"@id\":\"https:\\\/\\\/regiaonews.net.br\\\/2022\\\/#\\\/schema\\\/person\\\/2d205a608a5aa97ac279d7a5e6d89ad8\"},\"headline\":\"Grave acidente em Ol\u00edmpia deixa um morto e dois feridos\",\"datePublished\":\"2020-10-31T17:57:07+00:00\",\"dateModified\":\"2020-10-31T19:59:03+00:00\",\"mainEntityOfPage\":{\"@id\":\"https:\\\/\\\/regiaonews.net.br\\\/2022\\\/2020\\\/10\\\/31\\\/grave-acidente-em-olimpia-deixa-um-morte-e-dois-feridos\\\/\"},\"wordCount\":193,\"commentCount\":0,\"publisher\":{\"@id\":\"https:\\\/\\\/regiaonews.net.br\\\/2022\\\/#organization\"},\"image\":{\"@id\":\"https:\\\/\\\/regiaonews.net.br\\\/2022\\\/2020\\\/10\\\/31\\\/grave-acidente-em-olimpia-deixa-um-morte-e-dois-feridos\\\/#primaryimage\"},\"thumbnailUrl\":\"https:\\\/\\\/regiaonews.net.br\\\/2022\\\/wp-content\\\/uploads\\\/2020\\\/10\\\/8b167b3a-4e12-43f5-8c2f-6bd30110512b.jpg\",\"articleSection\":[\"Cidades\",\"Olimpia\",\"Regi\u00e3o\"],\"inLanguage\":\"pt-BR\",\"potentialAction\":[{\"@type\":\"CommentAction\",\"name\":\"Comment\",\"target\":[\"https:\\\/\\\/regiaonews.net.br\\\/2022\\\/2020\\\/10\\\/31\\\/grave-acidente-em-olimpia-deixa-um-morte-e-dois-feridos\\\/#respond\"]}]},{\"@type\":\"WebPage\",\"@id\":\"https:\\\/\\\/regiaonews.net.br\\\/2022\\\/2020\\\/10\\\/31\\\/grave-acidente-em-olimpia-deixa-um-morte-e-dois-feridos\\\/\",\"url\":\"https:\\\/\\\/regiaonews.net.br\\\/2022\\\/2020\\\/10\\\/31\\\/grave-acidente-em-olimpia-deixa-um-morte-e-dois-feridos\\\/\",\"name\":\"Grave acidente em Ol\u00edmpia deixa um morto e dois feridos - Regi\u00e3o News\",\"isPartOf\":{\"@id\":\"https:\\\/\\\/regiaonews.net.br\\\/2022\\\/#website\"},\"primaryImageOfPage\":{\"@id\":\"https:\\\/\\\/regiaonews.net.br\\\/2022\\\/2020\\\/10\\\/31\\\/grave-acidente-em-olimpia-deixa-um-morte-e-dois-feridos\\\/#primaryimage\"},\"image\":{\"@id\":\"https:\\\/\\\/regiaonews.net.br\\\/2022\\\/2020\\\/10\\\/31\\\/grave-acidente-em-olimpia-deixa-um-morte-e-dois-feridos\\\/#primaryimage\"},\"thumbnailUrl\":\"https:\\\/\\\/regiaonews.net.br\\\/2022\\\/wp-content\\\/uploads\\\/2020\\\/10\\\/8b167b3a-4e12-43f5-8c2f-6bd30110512b.jpg\",\"datePublished\":\"2020-10-31T17:57:07+00:00\",\"dateModified\":\"2020-10-31T19:59:03+00:00\",\"breadcrumb\":{\"@id\":\"https:\\\/\\\/regiaonews.net.br\\\/2022\\\/2020\\\/10\\\/31\\\/grave-acidente-em-olimpia-deixa-um-morte-e-dois-feridos\\\/#breadcrumb\"},\"inLanguage\":\"pt-BR\",\"potentialAction\":[{\"@type\":\"ReadAction\",\"target\":[\"https:\\\/\\\/regiaonews.net.br\\\/2022\\\/2020\\\/10\\\/31\\\/grave-acidente-em-olimpia-deixa-um-morte-e-dois-feridos\\\/\"]}]},{\"@type\":\"ImageObject\",\"inLanguage\":\"pt-BR\",\"@id\":\"https:\\\/\\\/regiaonews.net.br\\\/2022\\\/2020\\\/10\\\/31\\\/grave-acidente-em-olimpia-deixa-um-morte-e-dois-feridos\\\/#primaryimage\",\"url\":\"https:\\\/\\\/regiaonews.net.br\\\/2022\\\/wp-content\\\/uploads\\\/2020\\\/10\\\/8b167b3a-4e12-43f5-8c2f-6bd30110512b.jpg\",\"contentUrl\":\"https:\\\/\\\/regiaonews.net.br\\\/2022\\\/wp-content\\\/uploads\\\/2020\\\/10\\\/8b167b3a-4e12-43f5-8c2f-6bd30110512b.jpg\",\"width\":860,\"height\":560},{\"@type\":\"BreadcrumbList\",\"@id\":\"https:\\\/\\\/regiaonews.net.br\\\/2022\\\/2020\\\/10\\\/31\\\/grave-acidente-em-olimpia-deixa-um-morte-e-dois-feridos\\\/#breadcrumb\",\"itemListElement\":[{\"@type\":\"ListItem\",\"position\":1,\"name\":\"In\u00edcio\",\"item\":\"https:\\\/\\\/regiaonews.net.br\\\/2022\\\/\"},{\"@type\":\"ListItem\",\"position\":2,\"name\":\"Grave acidente em Ol\u00edmpia deixa um morto e dois feridos\"}]},{\"@type\":\"WebSite\",\"@id\":\"https:\\\/\\\/regiaonews.net.br\\\/2022\\\/#website\",\"url\":\"https:\\\/\\\/regiaonews.net.br\\\/2022\\\/\",\"name\":\"Regi\u00e3o News\",\"description\":\"Site de Not\u00edcias de Barretos e regi\u00e3o\",\"publisher\":{\"@id\":\"https:\\\/\\\/regiaonews.net.br\\\/2022\\\/#organization\"},\"potentialAction\":[{\"@type\":\"SearchAction\",\"target\":{\"@type\":\"EntryPoint\",\"urlTemplate\":\"https:\\\/\\\/regiaonews.net.br\\\/2022\\\/?s={search_term_string}\"},\"query-input\":{\"@type\":\"PropertyValueSpecification\",\"valueRequired\":true,\"valueName\":\"search_term_string\"}}],\"inLanguage\":\"pt-BR\"},{\"@type\":\"Organization\",\"@id\":\"https:\\\/\\\/regiaonews.net.br\\\/2022\\\/#organization\",\"name\":\"Regi\u00e3o News\",\"url\":\"https:\\\/\\\/regiaonews.net.br\\\/2022\\\/\",\"logo\":{\"@type\":\"ImageObject\",\"inLanguage\":\"pt-BR\",\"@id\":\"https:\\\/\\\/regiaonews.net.br\\\/2022\\\/#\\\/schema\\\/logo\\\/image\\\/\",\"url\":\"https:\\\/\\\/regiaonews.net.br\\\/2022\\\/wp-content\\\/uploads\\\/2026\\\/03\\\/regiao-13-anos-scaled.jpg\",\"contentUrl\":\"https:\\\/\\\/regiaonews.net.br\\\/2022\\\/wp-content\\\/uploads\\\/2026\\\/03\\\/regiao-13-anos-scaled.jpg\",\"width\":2560,\"height\":635,\"caption\":\"Regi\u00e3o News\"},\"image\":{\"@id\":\"https:\\\/\\\/regiaonews.net.br\\\/2022\\\/#\\\/schema\\\/logo\\\/image\\\/\"}},{\"@type\":\"Person\",\"@id\":\"https:\\\/\\\/regiaonews.net.br\\\/2022\\\/#\\\/schema\\\/person\\\/2d205a608a5aa97ac279d7a5e6d89ad8\",\"name\":\"Roberto\",\"image\":{\"@type\":\"ImageObject\",\"inLanguage\":\"pt-BR\",\"@id\":\"https:\\\/\\\/secure.gravatar.com\\\/avatar\\\/42749d8b712ff9d59ca93dc150494e5b55a44134482993f5baeb97e61b7ecc89?s=96&d=mm&r=g\",\"url\":\"https:\\\/\\\/secure.gravatar.com\\\/avatar\\\/42749d8b712ff9d59ca93dc150494e5b55a44134482993f5baeb97e61b7ecc89?s=96&d=mm&r=g\",\"contentUrl\":\"https:\\\/\\\/secure.gravatar.com\\\/avatar\\\/42749d8b712ff9d59ca93dc150494e5b55a44134482993f5baeb97e61b7ecc89?s=96&d=mm&r=g\",\"caption\":\"Roberto\"},\"url\":\"https:\\\/\\\/regiaonews.net.br\\\/2022\\\/author\\\/roberto\\\/\"}]}<\/script>\n<!-- \/ Yoast SEO plugin. -->","yoast_head_json":{"title":"Grave acidente em Ol\u00edmpia deixa um morto e dois feridos - Regi\u00e3o News","robots":{"index":"index","follow":"follow","max-snippet":"max-snippet:-1","max-image-preview":"max-image-preview:large","max-video-preview":"max-video-preview:-1"},"canonical":"https:\/\/regiaonews.net.br\/2022\/2020\/10\/31\/grave-acidente-em-olimpia-deixa-um-morte-e-dois-feridos\/","og_locale":"pt_BR","og_type":"article","og_title":"Grave acidente em Ol\u00edmpia deixa um morto e dois feridos - Regi\u00e3o News","og_description":"Fotos-\u00a0 site Olimpia24hrs \u2013 Equipes socorrendo v\u00edtimas de acidente em","og_url":"https:\/\/regiaonews.net.br\/2022\/2020\/10\/31\/grave-acidente-em-olimpia-deixa-um-morte-e-dois-feridos\/","og_site_name":"Regi\u00e3o News","article_published_time":"2020-10-31T17:57:07+00:00","article_modified_time":"2020-10-31T19:59:03+00:00","og_image":[{"width":860,"height":560,"url":"https:\/\/regiaonews.net.br\/2022\/wp-content\/uploads\/2020\/10\/8b167b3a-4e12-43f5-8c2f-6bd30110512b.jpg","type":"image\/jpeg"}],"author":"Roberto","twitter_card":"summary_large_image","twitter_misc":{"Escrito por":"Roberto","Est. tempo de leitura":"1 minuto"},"schema":{"@context":"https:\/\/schema.org","@graph":[{"@type":"Article","@id":"https:\/\/regiaonews.net.br\/2022\/2020\/10\/31\/grave-acidente-em-olimpia-deixa-um-morte-e-dois-feridos\/#article","isPartOf":{"@id":"https:\/\/regiaonews.net.br\/2022\/2020\/10\/31\/grave-acidente-em-olimpia-deixa-um-morte-e-dois-feridos\/"},"author":{"name":"Roberto","@id":"https:\/\/regiaonews.net.br\/2022\/#\/schema\/person\/2d205a608a5aa97ac279d7a5e6d89ad8"},"headline":"Grave acidente em Ol\u00edmpia deixa um morto e dois feridos","datePublished":"2020-10-31T17:57:07+00:00","dateModified":"2020-10-31T19:59:03+00:00","mainEntityOfPage":{"@id":"https:\/\/regiaonews.net.br\/2022\/2020\/10\/31\/grave-acidente-em-olimpia-deixa-um-morte-e-dois-feridos\/"},"wordCount":193,"commentCount":0,"publisher":{"@id":"https:\/\/regiaonews.net.br\/2022\/#organization"},"image":{"@id":"https:\/\/regiaonews.net.br\/2022\/2020\/10\/31\/grave-acidente-em-olimpia-deixa-um-morte-e-dois-feridos\/#primaryimage"},"thumbnailUrl":"https:\/\/regiaonews.net.br\/2022\/wp-content\/uploads\/2020\/10\/8b167b3a-4e12-43f5-8c2f-6bd30110512b.jpg","articleSection":["Cidades","Olimpia","Regi\u00e3o"],"inLanguage":"pt-BR","potentialAction":[{"@type":"CommentAction","name":"Comment","target":["https:\/\/regiaonews.net.br\/2022\/2020\/10\/31\/grave-acidente-em-olimpia-deixa-um-morte-e-dois-feridos\/#respond"]}]},{"@type":"WebPage","@id":"https:\/\/regiaonews.net.br\/2022\/2020\/10\/31\/grave-acidente-em-olimpia-deixa-um-morte-e-dois-feridos\/","url":"https:\/\/regiaonews.net.br\/2022\/2020\/10\/31\/grave-acidente-em-olimpia-deixa-um-morte-e-dois-feridos\/","name":"Grave acidente em Ol\u00edmpia deixa um morto e dois feridos - Regi\u00e3o News","isPartOf":{"@id":"https:\/\/regiaonews.net.br\/2022\/#website"},"primaryImageOfPage":{"@id":"https:\/\/regiaonews.net.br\/2022\/2020\/10\/31\/grave-acidente-em-olimpia-deixa-um-morte-e-dois-feridos\/#primaryimage"},"image":{"@id":"https:\/\/regiaonews.net.br\/2022\/2020\/10\/31\/grave-acidente-em-olimpia-deixa-um-morte-e-dois-feridos\/#primaryimage"},"thumbnailUrl":"https:\/\/regiaonews.net.br\/2022\/wp-content\/uploads\/2020\/10\/8b167b3a-4e12-43f5-8c2f-6bd30110512b.jpg","datePublished":"2020-10-31T17:57:07+00:00","dateModified":"2020-10-31T19:59:03+00:00","breadcrumb":{"@id":"https:\/\/regiaonews.net.br\/2022\/2020\/10\/31\/grave-acidente-em-olimpia-deixa-um-morte-e-dois-feridos\/#breadcrumb"},"inLanguage":"pt-BR","potentialAction":[{"@type":"ReadAction","target":["https:\/\/regiaonews.net.br\/2022\/2020\/10\/31\/grave-acidente-em-olimpia-deixa-um-morte-e-dois-feridos\/"]}]},{"@type":"ImageObject","inLanguage":"pt-BR","@id":"https:\/\/regiaonews.net.br\/2022\/2020\/10\/31\/grave-acidente-em-olimpia-deixa-um-morte-e-dois-feridos\/#primaryimage","url":"https:\/\/regiaonews.net.br\/2022\/wp-content\/uploads\/2020\/10\/8b167b3a-4e12-43f5-8c2f-6bd30110512b.jpg","contentUrl":"https:\/\/regiaonews.net.br\/2022\/wp-content\/uploads\/2020\/10\/8b167b3a-4e12-43f5-8c2f-6bd30110512b.jpg","width":860,"height":560},{"@type":"BreadcrumbList","@id":"https:\/\/regiaonews.net.br\/2022\/2020\/10\/31\/grave-acidente-em-olimpia-deixa-um-morte-e-dois-feridos\/#breadcrumb","itemListElement":[{"@type":"ListItem","position":1,"name":"In\u00edcio","item":"https:\/\/regiaonews.net.br\/2022\/"},{"@type":"ListItem","position":2,"name":"Grave acidente em Ol\u00edmpia deixa um morto e dois feridos"}]},{"@type":"WebSite","@id":"https:\/\/regiaonews.net.br\/2022\/#website","url":"https:\/\/regiaonews.net.br\/2022\/","name":"Regi\u00e3o News","description":"Site de Not\u00edcias de Barretos e regi\u00e3o","publisher":{"@id":"https:\/\/regiaonews.net.br\/2022\/#organization"},"potentialAction":[{"@type":"SearchAction","target":{"@type":"EntryPoint","urlTemplate":"https:\/\/regiaonews.net.br\/2022\/?s={search_term_string}"},"query-input":{"@type":"PropertyValueSpecification","valueRequired":true,"valueName":"search_term_string"}}],"inLanguage":"pt-BR"},{"@type":"Organization","@id":"https:\/\/regiaonews.net.br\/2022\/#organization","name":"Regi\u00e3o News","url":"https:\/\/regiaonews.net.br\/2022\/","logo":{"@type":"ImageObject","inLanguage":"pt-BR","@id":"https:\/\/regiaonews.net.br\/2022\/#\/schema\/logo\/image\/","url":"https:\/\/regiaonews.net.br\/2022\/wp-content\/uploads\/2026\/03\/regiao-13-anos-scaled.jpg","contentUrl":"https:\/\/regiaonews.net.br\/2022\/wp-content\/uploads\/2026\/03\/regiao-13-anos-scaled.jpg","width":2560,"height":635,"caption":"Regi\u00e3o News"},"image":{"@id":"https:\/\/regiaonews.net.br\/2022\/#\/schema\/logo\/image\/"}},{"@type":"Person","@id":"https:\/\/regiaonews.net.br\/2022\/#\/schema\/person\/2d205a608a5aa97ac279d7a5e6d89ad8","name":"Roberto","image":{"@type":"ImageObject","inLanguage":"pt-BR","@id":"https:\/\/secure.gravatar.com\/avatar\/42749d8b712ff9d59ca93dc150494e5b55a44134482993f5baeb97e61b7ecc89?s=96&d=mm&r=g","url":"https:\/\/secure.gravatar.com\/avatar\/42749d8b712ff9d59ca93dc150494e5b55a44134482993f5baeb97e61b7ecc89?s=96&d=mm&r=g","contentUrl":"https:\/\/secure.gravatar.com\/avatar\/42749d8b712ff9d59ca93dc150494e5b55a44134482993f5baeb97e61b7ecc89?s=96&d=mm&r=g","caption":"Roberto"},"url":"https:\/\/regiaonews.net.br\/2022\/author\/roberto\/"}]}},"publishpress_future_action":{"enabled":false,"date":"2026-05-05 08:31:34","action":"change-status","newStatus":"draft","terms":[],"taxonomy":"category","extraData":[]},"publishpress_future_workflow_manual_trigger":{"enabledWorkflows":[]},"_links":{"self":[{"href":"https:\/\/regiaonews.net.br\/2022\/wp-json\/wp\/v2\/posts\/39367","targetHints":{"allow":["GET"]}}],"collection":[{"href":"https:\/\/regiaonews.net.br\/2022\/wp-json\/wp\/v2\/posts"}],"about":[{"href":"https:\/\/regiaonews.net.br\/2022\/wp-json\/wp\/v2\/types\/post"}],"author":[{"embeddable":true,"href":"https:\/\/regiaonews.net.br\/2022\/wp-json\/wp\/v2\/users\/2"}],"replies":[{"embeddable":true,"href":"https:\/\/regiaonews.net.br\/2022\/wp-json\/wp\/v2\/comments?post=39367"}],"version-history":[{"count":0,"href":"https:\/\/regiaonews.net.br\/2022\/wp-json\/wp\/v2\/posts\/39367\/revisions"}],"wp:featuredmedia":[{"embeddable":true,"href":"https:\/\/regiaonews.net.br\/2022\/wp-json\/wp\/v2\/media\/39368"}],"wp:attachment":[{"href":"https:\/\/regiaonews.net.br\/2022\/wp-json\/wp\/v2\/media?parent=39367"}],"wp:term":[{"taxonomy":"category","embeddable":true,"href":"https:\/\/regiaonews.net.br\/2022\/wp-json\/wp\/v2\/categories?post=39367"},{"taxonomy":"post_tag","embeddable":true,"href":"https:\/\/regiaonews.net.br\/2022\/wp-json\/wp\/v2\/tags?post=39367"}],"curies":[{"name":"wp","href":"https:\/\/api.w.org\/{rel}","templated":true}]}}