{"id":39364,"date":"2020-10-31T11:37:55","date_gmt":"2020-10-31T14:37:55","guid":{"rendered":"https:\/\/regiaonews.net.br\/2022\/?p=39364"},"modified":"2020-10-31T11:37:55","modified_gmt":"2020-10-31T14:37:55","slug":"chuva-deve-atingir-varias-regioes-do-pais-no-fim-de-semana-prolongado","status":"publish","type":"post","link":"https:\/\/regiaonews.net.br\/2022\/2020\/10\/31\/chuva-deve-atingir-varias-regioes-do-pais-no-fim-de-semana-prolongado\/","title":{"rendered":"Chuva deve atingir v\u00e1rias regi\u00f5es do pa\u00eds no fim de semana prolongado"},"content":{"rendered":"<figure id=\"attachment_39365\" aria-describedby=\"caption-attachment-39365\" style=\"width: 300px\" class=\"wp-caption alignnone\"><a href=\"https:\/\/regiaonews.net.br\/2022\/wp-content\/uploads\/2020\/10\/2020-10-27t120239z_139293719_rc20rj92rhaw_rtrmadp_3_markets-emerging-liquidity_0.jpg\"><img loading=\"lazy\" decoding=\"async\" class=\"size-medium wp-image-39365\" src=\"https:\/\/regiaonews.net.br\/2022\/wp-content\/uploads\/2020\/10\/2020-10-27t120239z_139293719_rc20rj92rhaw_rtrmadp_3_markets-emerging-liquidity_0-300x179.jpg\" alt=\"\" width=\"300\" height=\"179\" \/><\/a><figcaption id=\"caption-attachment-39365\" class=\"wp-caption-text\">FILE PHOTO: General view as lightning strikes over Sao Paulo\u00a0<\/figcaption><\/figure>\n<p>O fim de semana prolongado pelo feriado de finados (2 de novembro) deve ser inst\u00e1vel em grande parte do pa\u00eds. A passagem de uma frente fria pelo Sudeste do Brasil, e que chega ao litoral da Bahia, vai estimular a forma\u00e7\u00e3o de grandes \u00e1reas de instabilidade sobre o Sudeste, o Centro-Oeste e parte do Norte e do Nordeste do Brasil.<img decoding=\"async\" src=\"https:\/\/agenciabrasil.ebc.com.br\/ebc.png?id=1391982&amp;o=node\" \/><img decoding=\"async\" src=\"https:\/\/agenciabrasil.ebc.com.br\/ebc.gif?id=1391982&amp;o=node\" \/><\/p>\n<p>Segundo o meteorologista Ol\u00edvio Bahia, do Instituto Nacional de Meteorologia (Inmet), pelos pr\u00f3ximos cinco dias as chances de chuvas na regi\u00e3o pantaneira no centro do pa\u00eds, atingida pelo fogo,\u00a0 s\u00e3o muito pequenas.<\/p>\n<p>\u201cA condi\u00e7\u00e3o para chuva \u00e9 muito remota na regi\u00e3o pantaneira, mas claro que j\u00e1 choveu l\u00e1 nos \u00faltimos dias e umedeceu a mata, mas a regi\u00e3o ainda merece aten\u00e7\u00e3o\u201d, disse.<\/p>\n<p>Uma massa de ar seco predomina sobre Mato Grosso do Sul. Apenas hoje o estado ainda ter\u00e1 muitas nuvens, mas o sol j\u00e1 aparece. No oeste e sul de Mato Grosso, incluindo Cuiab\u00e1, o fim de semana ser\u00e1 com sol e calor, mas sem extremos. A chance de chuva \u00e9 remota. Mas as outras regi\u00f5es de Mato Grosso passam o feriad\u00e3o com per\u00edodos de sol e pancadas de chuva com raios. V\u00e1rios temporais devem ocorrer no centro, norte e leste do estado.<\/p>\n<p>Para Goi\u00e1s e o Distrito Federal, a previs\u00e3o tamb\u00e9m \u00e9 de um fim de semana prolongado muito inst\u00e1vel, com nuvens carregadas e pancadas de chuva. H\u00e1 risco de chuva forte e de ventos em todos os dias em Bras\u00edlia e Goi\u00e2nia. Apenas no feriado da segunda-feira, o tempo ficar\u00e1 firme no sul de Goi\u00e1s.<\/p>\n<h2>Sudeste<\/h2>\n<p>Em quase todo Sudeste, \u00e1reas de instabilidade, deixadas por uma frente fria, v\u00e3o trazer muita nebulosidade e condi\u00e7\u00f5es para chuva durante o fim de semana.<\/p>\n<p>Hoje, chove em grande parte do leste de S\u00e3o Paulo, incluindo o litoral e a Grande S\u00e3o Paulo, no estado do Rio de Janeiro e em quase todas as \u00e1reas do Esp\u00edrito Santo e de Minas Gerais. H\u00e1 alerta de muita chuva entre o norte do Rio de Janeiro, o Vale do Rio Doce (MG) e a regi\u00e3o de Vit\u00f3ria (ES).<\/p>\n<p>O s\u00e1bado deve ser com sol no centro-oeste do estado de S\u00e3o Paulo.\u00a0 A regi\u00e3o do Tri\u00e2ngulo Mineiro, o norte de S\u00e3o Paulo e a divisa de Minas com a Bahia podem ter um pouco de sol, mas chove v\u00e1rias vezes. C\u00e9u nublado predomina na regi\u00e3o de Campinas e de Sorocaba, com temperatura amena e vento moderado. A Grande S\u00e3o Paulo ter\u00e1 um s\u00e1bado nublado, com chuva e frio.<\/p>\n<p>Amanh\u00e3, ainda deve chover em grande parte do leste de S\u00e3o Paulo, incluindo a capital e o litoral paulista, no estado do Rio de Janeiro, no Esp\u00edrito Santo e tamb\u00e9m no centro, leste e norte de Minas Gerais.<\/p>\n<p>Na segunda-feira, quase toda a Regi\u00e3o Sudeste ter\u00e1 per\u00edodos com sol, mas muitas nuvens e pancadas de chuva \u00e0 tarde e \u00e0 noite. Ainda chove um pouco em todo o litoral da regi\u00e3o. O dia fica chuvoso no Vale do Jequitinhonha e norte do Esp\u00edrito Santo. A Grande Belo Horizonte, a Zona da Mata e o interior do Estado do Rio t\u00eam hoje muitas nuvens e pouca chuva.<\/p>\n<h2>Sul<\/h2>\n<p>Na Regi\u00e3o Sul, o fim de semana come\u00e7ou com tempo inst\u00e1vel na maioria dos estados, mas a maior parte do feriad\u00e3o ter\u00e1 predom\u00ednio de sol. O ar frio de origem polar deixa a temperatura amena especialmente \u00e0 noite e no come\u00e7o da manh\u00e3. Todo o feriado ser\u00e1 com um pouco de frio em Curitiba, Florian\u00f3polis e Porto Alegre.<\/p>\n<p>Neste s\u00e1bado, a maioria das \u00e1reas do Rio Grande do Sul, todo o estado de Santa Catarina e o oeste e o sul do Paran\u00e1 ficam com muitas nuvens e chuva. O mar fica agitado em todo o litoral da Regi\u00e3o Sul. J\u00e1 no domingo e no feriado de segunda-feira quase toda a Regi\u00e3o Sul ter\u00e1 sol e algumas nuvens, mas sem chuva.<\/p>\n<h2>Norte<\/h2>\n<p>Na maioria da Regi\u00e3o Norte, o fim de semana ser\u00e1 com per\u00edodos de sol, sempre com muitas nuvens, pancadas de chuva e raios \u00e0 tarde e \u00e0 noite. Essas pancadas de chuva podem ser de moderadas a fortes, inclusive em Manaus, Boa Vista, Bel\u00e9m, Macap\u00e1\u00a0 e Palmas.<\/p>\n<p>No Acre e em Rond\u00f4nia, o fim de semana ter\u00e1 v\u00e1rias horas com sol forte e algumas pancadas de chuva a partir da tarde, incluindo as capitais Rio Branco e Porto Velho.<\/p>\n<p>J\u00e1 no centro-norte do Tocantins e no norte e no leste do Par\u00e1, o feriado de 2 de novembro ter\u00e1 predom\u00ednio de c\u00e9u nublado e chuva, com risco de temporais.<\/p>\n<h2>Nordeste<\/h2>\n<p>Hoje e amanh\u00e3, v\u00e1rias \u00e1reas do Maranh\u00e3o, Piau\u00ed, Cear\u00e1, Rio Grande do Norte, Para\u00edba, Pernambuco, Alagoas e Sergipe ter\u00e3o bastante sol e tempo seco, com pouca chuva, segundo a Meteorologia.<\/p>\n<p>No feriado, as pancadas de chuva se espalham por todo o Maranh\u00e3o e Piau\u00ed, deve chover no sul do Cear\u00e1, no sert\u00e3o de Pernambuco e em Sergipe. Alagoas, Para\u00edba, Rio Grande do Norte e o centro-norte do Cear\u00e1 continuam com sol no feriado.<\/p>\n<p>Na Bahia, todo o feriad\u00e3o ter\u00e1 muita nebulosidade e pancadas de chuva, com risco de temporais. Pode chover em Salvador.<\/p>\n<p>fonte : Ag\u00eancia Brasil<\/p>\n","protected":false},"excerpt":{"rendered":"<p>O fim de semana prolongado pelo feriado de finados (2<\/p>\n","protected":false},"author":2,"featured_media":39365,"comment_status":"open","ping_status":"open","sticky":false,"template":"","format":"standard","meta":{"footnotes":""},"categories":[24,25,76],"tags":[],"class_list":["post-39364","post","type-post","status-publish","format-standard","has-post-thumbnail","hentry","category-brasil","category-cidades","category-previsao-do-tempo"],"yoast_head":"<!-- This site is optimized with the Yoast SEO plugin v27.4 - https:\/\/yoast.com\/product\/yoast-seo-wordpress\/ -->\n<title>Chuva deve atingir v\u00e1rias regi\u00f5es do pa\u00eds no fim de semana prolongado - Regi\u00e3o News<\/title>\n<meta name=\"robots\" content=\"index, follow, max-snippet:-1, max-image-preview:large, max-video-preview:-1\" \/>\n<link rel=\"canonical\" href=\"https:\/\/regiaonews.net.br\/2022\/2020\/10\/31\/chuva-deve-atingir-varias-regioes-do-pais-no-fim-de-semana-prolongado\/\" \/>\n<meta property=\"og:locale\" content=\"pt_BR\" \/>\n<meta property=\"og:type\" content=\"article\" \/>\n<meta property=\"og:title\" content=\"Chuva deve atingir v\u00e1rias regi\u00f5es do pa\u00eds no fim de semana prolongado - Regi\u00e3o News\" \/>\n<meta property=\"og:description\" content=\"O fim de semana prolongado pelo feriado de finados (2\" \/>\n<meta property=\"og:url\" content=\"https:\/\/regiaonews.net.br\/2022\/2020\/10\/31\/chuva-deve-atingir-varias-regioes-do-pais-no-fim-de-semana-prolongado\/\" \/>\n<meta property=\"og:site_name\" content=\"Regi\u00e3o News\" \/>\n<meta property=\"article:published_time\" content=\"2020-10-31T14:37:55+00:00\" \/>\n<meta property=\"og:image\" content=\"https:\/\/regiaonews.net.br\/2022\/wp-content\/uploads\/2020\/10\/2020-10-27t120239z_139293719_rc20rj92rhaw_rtrmadp_3_markets-emerging-liquidity_0.jpg\" \/>\n\t<meta property=\"og:image:width\" content=\"1170\" \/>\n\t<meta property=\"og:image:height\" content=\"700\" \/>\n\t<meta property=\"og:image:type\" content=\"image\/jpeg\" \/>\n<meta name=\"author\" content=\"Roberto\" \/>\n<meta name=\"twitter:card\" content=\"summary_large_image\" \/>\n<meta name=\"twitter:label1\" content=\"Escrito por\" \/>\n\t<meta name=\"twitter:data1\" content=\"Roberto\" \/>\n\t<meta name=\"twitter:label2\" content=\"Est. tempo de leitura\" \/>\n\t<meta name=\"twitter:data2\" content=\"5 minutos\" \/>\n<script type=\"application\/ld+json\" class=\"yoast-schema-graph\">{\"@context\":\"https:\\\/\\\/schema.org\",\"@graph\":[{\"@type\":\"Article\",\"@id\":\"https:\\\/\\\/regiaonews.net.br\\\/2022\\\/2020\\\/10\\\/31\\\/chuva-deve-atingir-varias-regioes-do-pais-no-fim-de-semana-prolongado\\\/#article\",\"isPartOf\":{\"@id\":\"https:\\\/\\\/regiaonews.net.br\\\/2022\\\/2020\\\/10\\\/31\\\/chuva-deve-atingir-varias-regioes-do-pais-no-fim-de-semana-prolongado\\\/\"},\"author\":{\"name\":\"Roberto\",\"@id\":\"https:\\\/\\\/regiaonews.net.br\\\/2022\\\/#\\\/schema\\\/person\\\/2d205a608a5aa97ac279d7a5e6d89ad8\"},\"headline\":\"Chuva deve atingir v\u00e1rias regi\u00f5es do pa\u00eds no fim de semana prolongado\",\"datePublished\":\"2020-10-31T14:37:55+00:00\",\"mainEntityOfPage\":{\"@id\":\"https:\\\/\\\/regiaonews.net.br\\\/2022\\\/2020\\\/10\\\/31\\\/chuva-deve-atingir-varias-regioes-do-pais-no-fim-de-semana-prolongado\\\/\"},\"wordCount\":945,\"commentCount\":0,\"publisher\":{\"@id\":\"https:\\\/\\\/regiaonews.net.br\\\/2022\\\/#organization\"},\"image\":{\"@id\":\"https:\\\/\\\/regiaonews.net.br\\\/2022\\\/2020\\\/10\\\/31\\\/chuva-deve-atingir-varias-regioes-do-pais-no-fim-de-semana-prolongado\\\/#primaryimage\"},\"thumbnailUrl\":\"https:\\\/\\\/regiaonews.net.br\\\/2022\\\/wp-content\\\/uploads\\\/2020\\\/10\\\/2020-10-27t120239z_139293719_rc20rj92rhaw_rtrmadp_3_markets-emerging-liquidity_0.jpg\",\"articleSection\":[\"Brasil\",\"Cidades\",\"Previs\u00e3o do Tempo\"],\"inLanguage\":\"pt-BR\",\"potentialAction\":[{\"@type\":\"CommentAction\",\"name\":\"Comment\",\"target\":[\"https:\\\/\\\/regiaonews.net.br\\\/2022\\\/2020\\\/10\\\/31\\\/chuva-deve-atingir-varias-regioes-do-pais-no-fim-de-semana-prolongado\\\/#respond\"]}]},{\"@type\":\"WebPage\",\"@id\":\"https:\\\/\\\/regiaonews.net.br\\\/2022\\\/2020\\\/10\\\/31\\\/chuva-deve-atingir-varias-regioes-do-pais-no-fim-de-semana-prolongado\\\/\",\"url\":\"https:\\\/\\\/regiaonews.net.br\\\/2022\\\/2020\\\/10\\\/31\\\/chuva-deve-atingir-varias-regioes-do-pais-no-fim-de-semana-prolongado\\\/\",\"name\":\"Chuva deve atingir v\u00e1rias regi\u00f5es do pa\u00eds no fim de semana prolongado - Regi\u00e3o News\",\"isPartOf\":{\"@id\":\"https:\\\/\\\/regiaonews.net.br\\\/2022\\\/#website\"},\"primaryImageOfPage\":{\"@id\":\"https:\\\/\\\/regiaonews.net.br\\\/2022\\\/2020\\\/10\\\/31\\\/chuva-deve-atingir-varias-regioes-do-pais-no-fim-de-semana-prolongado\\\/#primaryimage\"},\"image\":{\"@id\":\"https:\\\/\\\/regiaonews.net.br\\\/2022\\\/2020\\\/10\\\/31\\\/chuva-deve-atingir-varias-regioes-do-pais-no-fim-de-semana-prolongado\\\/#primaryimage\"},\"thumbnailUrl\":\"https:\\\/\\\/regiaonews.net.br\\\/2022\\\/wp-content\\\/uploads\\\/2020\\\/10\\\/2020-10-27t120239z_139293719_rc20rj92rhaw_rtrmadp_3_markets-emerging-liquidity_0.jpg\",\"datePublished\":\"2020-10-31T14:37:55+00:00\",\"breadcrumb\":{\"@id\":\"https:\\\/\\\/regiaonews.net.br\\\/2022\\\/2020\\\/10\\\/31\\\/chuva-deve-atingir-varias-regioes-do-pais-no-fim-de-semana-prolongado\\\/#breadcrumb\"},\"inLanguage\":\"pt-BR\",\"potentialAction\":[{\"@type\":\"ReadAction\",\"target\":[\"https:\\\/\\\/regiaonews.net.br\\\/2022\\\/2020\\\/10\\\/31\\\/chuva-deve-atingir-varias-regioes-do-pais-no-fim-de-semana-prolongado\\\/\"]}]},{\"@type\":\"ImageObject\",\"inLanguage\":\"pt-BR\",\"@id\":\"https:\\\/\\\/regiaonews.net.br\\\/2022\\\/2020\\\/10\\\/31\\\/chuva-deve-atingir-varias-regioes-do-pais-no-fim-de-semana-prolongado\\\/#primaryimage\",\"url\":\"https:\\\/\\\/regiaonews.net.br\\\/2022\\\/wp-content\\\/uploads\\\/2020\\\/10\\\/2020-10-27t120239z_139293719_rc20rj92rhaw_rtrmadp_3_markets-emerging-liquidity_0.jpg\",\"contentUrl\":\"https:\\\/\\\/regiaonews.net.br\\\/2022\\\/wp-content\\\/uploads\\\/2020\\\/10\\\/2020-10-27t120239z_139293719_rc20rj92rhaw_rtrmadp_3_markets-emerging-liquidity_0.jpg\",\"width\":1170,\"height\":700,\"caption\":\"FILE PHOTO: General view as lightning strikes over Sao Paulo and part of the city of Sao Bernardo, Brazil January 26, 2019. REUTERS\\\/Amanda Perobelli\\\/File Photo\"},{\"@type\":\"BreadcrumbList\",\"@id\":\"https:\\\/\\\/regiaonews.net.br\\\/2022\\\/2020\\\/10\\\/31\\\/chuva-deve-atingir-varias-regioes-do-pais-no-fim-de-semana-prolongado\\\/#breadcrumb\",\"itemListElement\":[{\"@type\":\"ListItem\",\"position\":1,\"name\":\"In\u00edcio\",\"item\":\"https:\\\/\\\/regiaonews.net.br\\\/2022\\\/\"},{\"@type\":\"ListItem\",\"position\":2,\"name\":\"Chuva deve atingir v\u00e1rias regi\u00f5es do pa\u00eds no fim de semana prolongado\"}]},{\"@type\":\"WebSite\",\"@id\":\"https:\\\/\\\/regiaonews.net.br\\\/2022\\\/#website\",\"url\":\"https:\\\/\\\/regiaonews.net.br\\\/2022\\\/\",\"name\":\"Regi\u00e3o News\",\"description\":\"Site de Not\u00edcias de Barretos e regi\u00e3o\",\"publisher\":{\"@id\":\"https:\\\/\\\/regiaonews.net.br\\\/2022\\\/#organization\"},\"potentialAction\":[{\"@type\":\"SearchAction\",\"target\":{\"@type\":\"EntryPoint\",\"urlTemplate\":\"https:\\\/\\\/regiaonews.net.br\\\/2022\\\/?s={search_term_string}\"},\"query-input\":{\"@type\":\"PropertyValueSpecification\",\"valueRequired\":true,\"valueName\":\"search_term_string\"}}],\"inLanguage\":\"pt-BR\"},{\"@type\":\"Organization\",\"@id\":\"https:\\\/\\\/regiaonews.net.br\\\/2022\\\/#organization\",\"name\":\"Regi\u00e3o News\",\"url\":\"https:\\\/\\\/regiaonews.net.br\\\/2022\\\/\",\"logo\":{\"@type\":\"ImageObject\",\"inLanguage\":\"pt-BR\",\"@id\":\"https:\\\/\\\/regiaonews.net.br\\\/2022\\\/#\\\/schema\\\/logo\\\/image\\\/\",\"url\":\"https:\\\/\\\/regiaonews.net.br\\\/2022\\\/wp-content\\\/uploads\\\/2026\\\/03\\\/regiao-13-anos-scaled.jpg\",\"contentUrl\":\"https:\\\/\\\/regiaonews.net.br\\\/2022\\\/wp-content\\\/uploads\\\/2026\\\/03\\\/regiao-13-anos-scaled.jpg\",\"width\":2560,\"height\":635,\"caption\":\"Regi\u00e3o News\"},\"image\":{\"@id\":\"https:\\\/\\\/regiaonews.net.br\\\/2022\\\/#\\\/schema\\\/logo\\\/image\\\/\"}},{\"@type\":\"Person\",\"@id\":\"https:\\\/\\\/regiaonews.net.br\\\/2022\\\/#\\\/schema\\\/person\\\/2d205a608a5aa97ac279d7a5e6d89ad8\",\"name\":\"Roberto\",\"image\":{\"@type\":\"ImageObject\",\"inLanguage\":\"pt-BR\",\"@id\":\"https:\\\/\\\/secure.gravatar.com\\\/avatar\\\/42749d8b712ff9d59ca93dc150494e5b55a44134482993f5baeb97e61b7ecc89?s=96&d=mm&r=g\",\"url\":\"https:\\\/\\\/secure.gravatar.com\\\/avatar\\\/42749d8b712ff9d59ca93dc150494e5b55a44134482993f5baeb97e61b7ecc89?s=96&d=mm&r=g\",\"contentUrl\":\"https:\\\/\\\/secure.gravatar.com\\\/avatar\\\/42749d8b712ff9d59ca93dc150494e5b55a44134482993f5baeb97e61b7ecc89?s=96&d=mm&r=g\",\"caption\":\"Roberto\"},\"url\":\"https:\\\/\\\/regiaonews.net.br\\\/2022\\\/author\\\/roberto\\\/\"}]}<\/script>\n<!-- \/ Yoast SEO plugin. -->","yoast_head_json":{"title":"Chuva deve atingir v\u00e1rias regi\u00f5es do pa\u00eds no fim de semana prolongado - Regi\u00e3o News","robots":{"index":"index","follow":"follow","max-snippet":"max-snippet:-1","max-image-preview":"max-image-preview:large","max-video-preview":"max-video-preview:-1"},"canonical":"https:\/\/regiaonews.net.br\/2022\/2020\/10\/31\/chuva-deve-atingir-varias-regioes-do-pais-no-fim-de-semana-prolongado\/","og_locale":"pt_BR","og_type":"article","og_title":"Chuva deve atingir v\u00e1rias regi\u00f5es do pa\u00eds no fim de semana prolongado - Regi\u00e3o News","og_description":"O fim de semana prolongado pelo feriado de finados (2","og_url":"https:\/\/regiaonews.net.br\/2022\/2020\/10\/31\/chuva-deve-atingir-varias-regioes-do-pais-no-fim-de-semana-prolongado\/","og_site_name":"Regi\u00e3o News","article_published_time":"2020-10-31T14:37:55+00:00","og_image":[{"width":1170,"height":700,"url":"https:\/\/regiaonews.net.br\/2022\/wp-content\/uploads\/2020\/10\/2020-10-27t120239z_139293719_rc20rj92rhaw_rtrmadp_3_markets-emerging-liquidity_0.jpg","type":"image\/jpeg"}],"author":"Roberto","twitter_card":"summary_large_image","twitter_misc":{"Escrito por":"Roberto","Est. tempo de leitura":"5 minutos"},"schema":{"@context":"https:\/\/schema.org","@graph":[{"@type":"Article","@id":"https:\/\/regiaonews.net.br\/2022\/2020\/10\/31\/chuva-deve-atingir-varias-regioes-do-pais-no-fim-de-semana-prolongado\/#article","isPartOf":{"@id":"https:\/\/regiaonews.net.br\/2022\/2020\/10\/31\/chuva-deve-atingir-varias-regioes-do-pais-no-fim-de-semana-prolongado\/"},"author":{"name":"Roberto","@id":"https:\/\/regiaonews.net.br\/2022\/#\/schema\/person\/2d205a608a5aa97ac279d7a5e6d89ad8"},"headline":"Chuva deve atingir v\u00e1rias regi\u00f5es do pa\u00eds no fim de semana prolongado","datePublished":"2020-10-31T14:37:55+00:00","mainEntityOfPage":{"@id":"https:\/\/regiaonews.net.br\/2022\/2020\/10\/31\/chuva-deve-atingir-varias-regioes-do-pais-no-fim-de-semana-prolongado\/"},"wordCount":945,"commentCount":0,"publisher":{"@id":"https:\/\/regiaonews.net.br\/2022\/#organization"},"image":{"@id":"https:\/\/regiaonews.net.br\/2022\/2020\/10\/31\/chuva-deve-atingir-varias-regioes-do-pais-no-fim-de-semana-prolongado\/#primaryimage"},"thumbnailUrl":"https:\/\/regiaonews.net.br\/2022\/wp-content\/uploads\/2020\/10\/2020-10-27t120239z_139293719_rc20rj92rhaw_rtrmadp_3_markets-emerging-liquidity_0.jpg","articleSection":["Brasil","Cidades","Previs\u00e3o do Tempo"],"inLanguage":"pt-BR","potentialAction":[{"@type":"CommentAction","name":"Comment","target":["https:\/\/regiaonews.net.br\/2022\/2020\/10\/31\/chuva-deve-atingir-varias-regioes-do-pais-no-fim-de-semana-prolongado\/#respond"]}]},{"@type":"WebPage","@id":"https:\/\/regiaonews.net.br\/2022\/2020\/10\/31\/chuva-deve-atingir-varias-regioes-do-pais-no-fim-de-semana-prolongado\/","url":"https:\/\/regiaonews.net.br\/2022\/2020\/10\/31\/chuva-deve-atingir-varias-regioes-do-pais-no-fim-de-semana-prolongado\/","name":"Chuva deve atingir v\u00e1rias regi\u00f5es do pa\u00eds no fim de semana prolongado - Regi\u00e3o News","isPartOf":{"@id":"https:\/\/regiaonews.net.br\/2022\/#website"},"primaryImageOfPage":{"@id":"https:\/\/regiaonews.net.br\/2022\/2020\/10\/31\/chuva-deve-atingir-varias-regioes-do-pais-no-fim-de-semana-prolongado\/#primaryimage"},"image":{"@id":"https:\/\/regiaonews.net.br\/2022\/2020\/10\/31\/chuva-deve-atingir-varias-regioes-do-pais-no-fim-de-semana-prolongado\/#primaryimage"},"thumbnailUrl":"https:\/\/regiaonews.net.br\/2022\/wp-content\/uploads\/2020\/10\/2020-10-27t120239z_139293719_rc20rj92rhaw_rtrmadp_3_markets-emerging-liquidity_0.jpg","datePublished":"2020-10-31T14:37:55+00:00","breadcrumb":{"@id":"https:\/\/regiaonews.net.br\/2022\/2020\/10\/31\/chuva-deve-atingir-varias-regioes-do-pais-no-fim-de-semana-prolongado\/#breadcrumb"},"inLanguage":"pt-BR","potentialAction":[{"@type":"ReadAction","target":["https:\/\/regiaonews.net.br\/2022\/2020\/10\/31\/chuva-deve-atingir-varias-regioes-do-pais-no-fim-de-semana-prolongado\/"]}]},{"@type":"ImageObject","inLanguage":"pt-BR","@id":"https:\/\/regiaonews.net.br\/2022\/2020\/10\/31\/chuva-deve-atingir-varias-regioes-do-pais-no-fim-de-semana-prolongado\/#primaryimage","url":"https:\/\/regiaonews.net.br\/2022\/wp-content\/uploads\/2020\/10\/2020-10-27t120239z_139293719_rc20rj92rhaw_rtrmadp_3_markets-emerging-liquidity_0.jpg","contentUrl":"https:\/\/regiaonews.net.br\/2022\/wp-content\/uploads\/2020\/10\/2020-10-27t120239z_139293719_rc20rj92rhaw_rtrmadp_3_markets-emerging-liquidity_0.jpg","width":1170,"height":700,"caption":"FILE PHOTO: General view as lightning strikes over Sao Paulo and part of the city of Sao Bernardo, Brazil January 26, 2019. REUTERS\/Amanda Perobelli\/File Photo"},{"@type":"BreadcrumbList","@id":"https:\/\/regiaonews.net.br\/2022\/2020\/10\/31\/chuva-deve-atingir-varias-regioes-do-pais-no-fim-de-semana-prolongado\/#breadcrumb","itemListElement":[{"@type":"ListItem","position":1,"name":"In\u00edcio","item":"https:\/\/regiaonews.net.br\/2022\/"},{"@type":"ListItem","position":2,"name":"Chuva deve atingir v\u00e1rias regi\u00f5es do pa\u00eds no fim de semana prolongado"}]},{"@type":"WebSite","@id":"https:\/\/regiaonews.net.br\/2022\/#website","url":"https:\/\/regiaonews.net.br\/2022\/","name":"Regi\u00e3o News","description":"Site de Not\u00edcias de Barretos e regi\u00e3o","publisher":{"@id":"https:\/\/regiaonews.net.br\/2022\/#organization"},"potentialAction":[{"@type":"SearchAction","target":{"@type":"EntryPoint","urlTemplate":"https:\/\/regiaonews.net.br\/2022\/?s={search_term_string}"},"query-input":{"@type":"PropertyValueSpecification","valueRequired":true,"valueName":"search_term_string"}}],"inLanguage":"pt-BR"},{"@type":"Organization","@id":"https:\/\/regiaonews.net.br\/2022\/#organization","name":"Regi\u00e3o News","url":"https:\/\/regiaonews.net.br\/2022\/","logo":{"@type":"ImageObject","inLanguage":"pt-BR","@id":"https:\/\/regiaonews.net.br\/2022\/#\/schema\/logo\/image\/","url":"https:\/\/regiaonews.net.br\/2022\/wp-content\/uploads\/2026\/03\/regiao-13-anos-scaled.jpg","contentUrl":"https:\/\/regiaonews.net.br\/2022\/wp-content\/uploads\/2026\/03\/regiao-13-anos-scaled.jpg","width":2560,"height":635,"caption":"Regi\u00e3o News"},"image":{"@id":"https:\/\/regiaonews.net.br\/2022\/#\/schema\/logo\/image\/"}},{"@type":"Person","@id":"https:\/\/regiaonews.net.br\/2022\/#\/schema\/person\/2d205a608a5aa97ac279d7a5e6d89ad8","name":"Roberto","image":{"@type":"ImageObject","inLanguage":"pt-BR","@id":"https:\/\/secure.gravatar.com\/avatar\/42749d8b712ff9d59ca93dc150494e5b55a44134482993f5baeb97e61b7ecc89?s=96&d=mm&r=g","url":"https:\/\/secure.gravatar.com\/avatar\/42749d8b712ff9d59ca93dc150494e5b55a44134482993f5baeb97e61b7ecc89?s=96&d=mm&r=g","contentUrl":"https:\/\/secure.gravatar.com\/avatar\/42749d8b712ff9d59ca93dc150494e5b55a44134482993f5baeb97e61b7ecc89?s=96&d=mm&r=g","caption":"Roberto"},"url":"https:\/\/regiaonews.net.br\/2022\/author\/roberto\/"}]}},"publishpress_future_action":{"enabled":false,"date":"2026-05-05 11:34:17","action":"change-status","newStatus":"draft","terms":[],"taxonomy":"category","extraData":[]},"publishpress_future_workflow_manual_trigger":{"enabledWorkflows":[]},"_links":{"self":[{"href":"https:\/\/regiaonews.net.br\/2022\/wp-json\/wp\/v2\/posts\/39364","targetHints":{"allow":["GET"]}}],"collection":[{"href":"https:\/\/regiaonews.net.br\/2022\/wp-json\/wp\/v2\/posts"}],"about":[{"href":"https:\/\/regiaonews.net.br\/2022\/wp-json\/wp\/v2\/types\/post"}],"author":[{"embeddable":true,"href":"https:\/\/regiaonews.net.br\/2022\/wp-json\/wp\/v2\/users\/2"}],"replies":[{"embeddable":true,"href":"https:\/\/regiaonews.net.br\/2022\/wp-json\/wp\/v2\/comments?post=39364"}],"version-history":[{"count":0,"href":"https:\/\/regiaonews.net.br\/2022\/wp-json\/wp\/v2\/posts\/39364\/revisions"}],"wp:featuredmedia":[{"embeddable":true,"href":"https:\/\/regiaonews.net.br\/2022\/wp-json\/wp\/v2\/media\/39365"}],"wp:attachment":[{"href":"https:\/\/regiaonews.net.br\/2022\/wp-json\/wp\/v2\/media?parent=39364"}],"wp:term":[{"taxonomy":"category","embeddable":true,"href":"https:\/\/regiaonews.net.br\/2022\/wp-json\/wp\/v2\/categories?post=39364"},{"taxonomy":"post_tag","embeddable":true,"href":"https:\/\/regiaonews.net.br\/2022\/wp-json\/wp\/v2\/tags?post=39364"}],"curies":[{"name":"wp","href":"https:\/\/api.w.org\/{rel}","templated":true}]}}