{"id":38838,"date":"2020-10-17T13:11:08","date_gmt":"2020-10-17T16:11:08","guid":{"rendered":"https:\/\/regiaonews.net.br\/2022\/?p=38838"},"modified":"2020-10-17T13:11:08","modified_gmt":"2020-10-17T16:11:08","slug":"tebe-realizou-acao-em-apoio-aos-caminhoneiros","status":"publish","type":"post","link":"https:\/\/regiaonews.net.br\/2022\/2020\/10\/17\/tebe-realizou-acao-em-apoio-aos-caminhoneiros\/","title":{"rendered":"TEBE realizou a\u00e7\u00e3o em apoio aos caminhoneiros"},"content":{"rendered":"<p><a href=\"https:\/\/regiaonews.net.br\/2022\/wp-content\/uploads\/2020\/10\/tebe1.jpg\"><img loading=\"lazy\" decoding=\"async\" class=\"alignnone size-medium wp-image-38839\" src=\"https:\/\/regiaonews.net.br\/2022\/wp-content\/uploads\/2020\/10\/tebe1-300x294.jpg\" alt=\"\" width=\"300\" height=\"294\" \/><\/a> <a href=\"https:\/\/regiaonews.net.br\/2022\/wp-content\/uploads\/2020\/10\/tebe2.jpg\"><img loading=\"lazy\" decoding=\"async\" class=\"alignnone size-medium wp-image-38840\" src=\"https:\/\/regiaonews.net.br\/2022\/wp-content\/uploads\/2020\/10\/tebe2-242x300.jpg\" alt=\"\" width=\"242\" height=\"300\" \/><\/a><\/p>\n<p><em>A Concession\u00e1ria de Rodovias TEBE tem realizado algumas a\u00e7\u00f5es de apoio aos caminhoneiros que utilizam as rodovias sob sua administra\u00e7\u00e3o, como forma de incentivo pelo trabalho dos mesmos durante a pandemia do novo Coronav\u00edrus.<\/em><\/p>\n<p><em>\u00a0<\/em><\/p>\n<p>A concession\u00e1ria de rodovias TEBE em parceria com a ARTESP \u2013 Ag\u00eancia Reguladora de Transportes do Estado de S\u00e3o Paulo desde o in\u00edcio da pandemia tem desenvolvido a\u00e7\u00f5es de apoio para que os caminhoneiros tenham melhores condi\u00e7\u00f5es de higiene nesse per\u00edodo de pandemia do COVID-19 (Coronav\u00edrus).<\/p>\n<p>&nbsp;<\/p>\n<p>No dia 15 de outubro 2020 a concession\u00e1ria distribuiu aos caminhoneiros nas Pra\u00e7as de Ped\u00e1gio \u00e1lcool em gel 70% para utilizarem na higieniza\u00e7\u00e3o de suas m\u00e3os, evitando o contagio deste novo v\u00edrus.<\/p>\n<p>&nbsp;<\/p>\n<p>Al\u00e9m da distribui\u00e7\u00e3o do frasco a concession\u00e1ria tem instalado nas cabines de arrecada\u00e7\u00e3o das Pra\u00e7as de Ped\u00e1gio dispenser com \u00e1lcool em gel 70% para utiliza\u00e7\u00e3o pelos motoristas, proporcionando aos usu\u00e1rios condi\u00e7\u00f5es para melhor higieniza\u00e7\u00e3o das m\u00e3os e consequente preven\u00e7\u00e3o e prote\u00e7\u00e3o contra o COVID-19.<\/p>\n<p>&nbsp;<\/p>\n<p>Para obter outras informa\u00e7\u00f5es sobre o programa de concess\u00e3o na \u00e1rea administrada pela TEBE, localiza\u00e7\u00e3o e valores cobrados nas pra\u00e7as de ped\u00e1gio, obras em andamento, servi\u00e7os dispon\u00edveis aos usu\u00e1rios e projetos mantidos pela concession\u00e1ria acesse o site <u><a href=\"http:\/\/www.tebe.com.br\">www.tebe.com.br<\/a><\/u> .<\/p>\n<p>A TEBE tamb\u00e9m est\u00e1 com perfis nas redes sociais. No Facebook, o usu\u00e1rio pode obter outras informa\u00e7\u00f5es, dicas de seguran\u00e7a vi\u00e1ria e eventos culturais \u201ccurtindo\u201d a fan-page Concession\u00e1ria de Rodovias TEBE S\/A [ <u><a href=\"http:\/\/www.facebook.com\/Rodovias.TEBE\">www.facebook.com\/Rodovias.TEBE<\/a><\/u> ] . No Twitter basta seguir o perfil @TEBE_Rodovias \u00a0e instagram @Rodovias.TEBE.<\/p>\n","protected":false},"excerpt":{"rendered":"<p>A Concession\u00e1ria de Rodovias TEBE tem realizado algumas a\u00e7\u00f5es de<\/p>\n","protected":false},"author":2,"featured_media":38840,"comment_status":"open","ping_status":"open","sticky":false,"template":"","format":"standard","meta":{"footnotes":""},"categories":[14,25,30],"tags":[],"class_list":["post-38838","post","type-post","status-publish","format-standard","has-post-thumbnail","hentry","category-barretos","category-cidades","category-regiao"],"yoast_head":"<!-- This site is optimized with the Yoast SEO plugin v27.4 - https:\/\/yoast.com\/product\/yoast-seo-wordpress\/ -->\n<title>TEBE realizou a\u00e7\u00e3o em apoio aos caminhoneiros - Regi\u00e3o News<\/title>\n<meta name=\"robots\" content=\"index, follow, max-snippet:-1, max-image-preview:large, max-video-preview:-1\" \/>\n<link rel=\"canonical\" href=\"https:\/\/regiaonews.net.br\/2022\/2020\/10\/17\/tebe-realizou-acao-em-apoio-aos-caminhoneiros\/\" \/>\n<meta property=\"og:locale\" content=\"pt_BR\" \/>\n<meta property=\"og:type\" content=\"article\" \/>\n<meta property=\"og:title\" content=\"TEBE realizou a\u00e7\u00e3o em apoio aos caminhoneiros - Regi\u00e3o News\" \/>\n<meta property=\"og:description\" content=\"A Concession\u00e1ria de Rodovias TEBE tem realizado algumas a\u00e7\u00f5es de\" \/>\n<meta property=\"og:url\" content=\"https:\/\/regiaonews.net.br\/2022\/2020\/10\/17\/tebe-realizou-acao-em-apoio-aos-caminhoneiros\/\" \/>\n<meta property=\"og:site_name\" content=\"Regi\u00e3o News\" \/>\n<meta property=\"article:published_time\" content=\"2020-10-17T16:11:08+00:00\" \/>\n<meta property=\"og:image\" content=\"https:\/\/regiaonews.net.br\/2022\/wp-content\/uploads\/2020\/10\/tebe2.jpg\" \/>\n\t<meta property=\"og:image:width\" content=\"382\" \/>\n\t<meta property=\"og:image:height\" content=\"474\" \/>\n\t<meta property=\"og:image:type\" content=\"image\/jpeg\" \/>\n<meta name=\"author\" content=\"Roberto\" \/>\n<meta name=\"twitter:card\" content=\"summary_large_image\" \/>\n<meta name=\"twitter:label1\" content=\"Escrito por\" \/>\n\t<meta name=\"twitter:data1\" content=\"Roberto\" \/>\n\t<meta name=\"twitter:label2\" content=\"Est. tempo de leitura\" \/>\n\t<meta name=\"twitter:data2\" content=\"1 minuto\" \/>\n<script type=\"application\/ld+json\" class=\"yoast-schema-graph\">{\"@context\":\"https:\\\/\\\/schema.org\",\"@graph\":[{\"@type\":\"Article\",\"@id\":\"https:\\\/\\\/regiaonews.net.br\\\/2022\\\/2020\\\/10\\\/17\\\/tebe-realizou-acao-em-apoio-aos-caminhoneiros\\\/#article\",\"isPartOf\":{\"@id\":\"https:\\\/\\\/regiaonews.net.br\\\/2022\\\/2020\\\/10\\\/17\\\/tebe-realizou-acao-em-apoio-aos-caminhoneiros\\\/\"},\"author\":{\"name\":\"Roberto\",\"@id\":\"https:\\\/\\\/regiaonews.net.br\\\/2022\\\/#\\\/schema\\\/person\\\/2d205a608a5aa97ac279d7a5e6d89ad8\"},\"headline\":\"TEBE realizou a\u00e7\u00e3o em apoio aos caminhoneiros\",\"datePublished\":\"2020-10-17T16:11:08+00:00\",\"mainEntityOfPage\":{\"@id\":\"https:\\\/\\\/regiaonews.net.br\\\/2022\\\/2020\\\/10\\\/17\\\/tebe-realizou-acao-em-apoio-aos-caminhoneiros\\\/\"},\"wordCount\":299,\"commentCount\":0,\"publisher\":{\"@id\":\"https:\\\/\\\/regiaonews.net.br\\\/2022\\\/#organization\"},\"image\":{\"@id\":\"https:\\\/\\\/regiaonews.net.br\\\/2022\\\/2020\\\/10\\\/17\\\/tebe-realizou-acao-em-apoio-aos-caminhoneiros\\\/#primaryimage\"},\"thumbnailUrl\":\"https:\\\/\\\/regiaonews.net.br\\\/2022\\\/wp-content\\\/uploads\\\/2020\\\/10\\\/tebe2.jpg\",\"articleSection\":[\"Barretos\",\"Cidades\",\"Regi\u00e3o\"],\"inLanguage\":\"pt-BR\",\"potentialAction\":[{\"@type\":\"CommentAction\",\"name\":\"Comment\",\"target\":[\"https:\\\/\\\/regiaonews.net.br\\\/2022\\\/2020\\\/10\\\/17\\\/tebe-realizou-acao-em-apoio-aos-caminhoneiros\\\/#respond\"]}]},{\"@type\":\"WebPage\",\"@id\":\"https:\\\/\\\/regiaonews.net.br\\\/2022\\\/2020\\\/10\\\/17\\\/tebe-realizou-acao-em-apoio-aos-caminhoneiros\\\/\",\"url\":\"https:\\\/\\\/regiaonews.net.br\\\/2022\\\/2020\\\/10\\\/17\\\/tebe-realizou-acao-em-apoio-aos-caminhoneiros\\\/\",\"name\":\"TEBE realizou a\u00e7\u00e3o em apoio aos caminhoneiros - Regi\u00e3o News\",\"isPartOf\":{\"@id\":\"https:\\\/\\\/regiaonews.net.br\\\/2022\\\/#website\"},\"primaryImageOfPage\":{\"@id\":\"https:\\\/\\\/regiaonews.net.br\\\/2022\\\/2020\\\/10\\\/17\\\/tebe-realizou-acao-em-apoio-aos-caminhoneiros\\\/#primaryimage\"},\"image\":{\"@id\":\"https:\\\/\\\/regiaonews.net.br\\\/2022\\\/2020\\\/10\\\/17\\\/tebe-realizou-acao-em-apoio-aos-caminhoneiros\\\/#primaryimage\"},\"thumbnailUrl\":\"https:\\\/\\\/regiaonews.net.br\\\/2022\\\/wp-content\\\/uploads\\\/2020\\\/10\\\/tebe2.jpg\",\"datePublished\":\"2020-10-17T16:11:08+00:00\",\"breadcrumb\":{\"@id\":\"https:\\\/\\\/regiaonews.net.br\\\/2022\\\/2020\\\/10\\\/17\\\/tebe-realizou-acao-em-apoio-aos-caminhoneiros\\\/#breadcrumb\"},\"inLanguage\":\"pt-BR\",\"potentialAction\":[{\"@type\":\"ReadAction\",\"target\":[\"https:\\\/\\\/regiaonews.net.br\\\/2022\\\/2020\\\/10\\\/17\\\/tebe-realizou-acao-em-apoio-aos-caminhoneiros\\\/\"]}]},{\"@type\":\"ImageObject\",\"inLanguage\":\"pt-BR\",\"@id\":\"https:\\\/\\\/regiaonews.net.br\\\/2022\\\/2020\\\/10\\\/17\\\/tebe-realizou-acao-em-apoio-aos-caminhoneiros\\\/#primaryimage\",\"url\":\"https:\\\/\\\/regiaonews.net.br\\\/2022\\\/wp-content\\\/uploads\\\/2020\\\/10\\\/tebe2.jpg\",\"contentUrl\":\"https:\\\/\\\/regiaonews.net.br\\\/2022\\\/wp-content\\\/uploads\\\/2020\\\/10\\\/tebe2.jpg\",\"width\":382,\"height\":474},{\"@type\":\"BreadcrumbList\",\"@id\":\"https:\\\/\\\/regiaonews.net.br\\\/2022\\\/2020\\\/10\\\/17\\\/tebe-realizou-acao-em-apoio-aos-caminhoneiros\\\/#breadcrumb\",\"itemListElement\":[{\"@type\":\"ListItem\",\"position\":1,\"name\":\"In\u00edcio\",\"item\":\"https:\\\/\\\/regiaonews.net.br\\\/2022\\\/\"},{\"@type\":\"ListItem\",\"position\":2,\"name\":\"TEBE realizou a\u00e7\u00e3o em apoio aos caminhoneiros\"}]},{\"@type\":\"WebSite\",\"@id\":\"https:\\\/\\\/regiaonews.net.br\\\/2022\\\/#website\",\"url\":\"https:\\\/\\\/regiaonews.net.br\\\/2022\\\/\",\"name\":\"Regi\u00e3o News\",\"description\":\"Site de Not\u00edcias de Barretos e regi\u00e3o\",\"publisher\":{\"@id\":\"https:\\\/\\\/regiaonews.net.br\\\/2022\\\/#organization\"},\"potentialAction\":[{\"@type\":\"SearchAction\",\"target\":{\"@type\":\"EntryPoint\",\"urlTemplate\":\"https:\\\/\\\/regiaonews.net.br\\\/2022\\\/?s={search_term_string}\"},\"query-input\":{\"@type\":\"PropertyValueSpecification\",\"valueRequired\":true,\"valueName\":\"search_term_string\"}}],\"inLanguage\":\"pt-BR\"},{\"@type\":\"Organization\",\"@id\":\"https:\\\/\\\/regiaonews.net.br\\\/2022\\\/#organization\",\"name\":\"Regi\u00e3o News\",\"url\":\"https:\\\/\\\/regiaonews.net.br\\\/2022\\\/\",\"logo\":{\"@type\":\"ImageObject\",\"inLanguage\":\"pt-BR\",\"@id\":\"https:\\\/\\\/regiaonews.net.br\\\/2022\\\/#\\\/schema\\\/logo\\\/image\\\/\",\"url\":\"https:\\\/\\\/regiaonews.net.br\\\/2022\\\/wp-content\\\/uploads\\\/2026\\\/03\\\/regiao-13-anos-scaled.jpg\",\"contentUrl\":\"https:\\\/\\\/regiaonews.net.br\\\/2022\\\/wp-content\\\/uploads\\\/2026\\\/03\\\/regiao-13-anos-scaled.jpg\",\"width\":2560,\"height\":635,\"caption\":\"Regi\u00e3o News\"},\"image\":{\"@id\":\"https:\\\/\\\/regiaonews.net.br\\\/2022\\\/#\\\/schema\\\/logo\\\/image\\\/\"}},{\"@type\":\"Person\",\"@id\":\"https:\\\/\\\/regiaonews.net.br\\\/2022\\\/#\\\/schema\\\/person\\\/2d205a608a5aa97ac279d7a5e6d89ad8\",\"name\":\"Roberto\",\"image\":{\"@type\":\"ImageObject\",\"inLanguage\":\"pt-BR\",\"@id\":\"https:\\\/\\\/secure.gravatar.com\\\/avatar\\\/42749d8b712ff9d59ca93dc150494e5b55a44134482993f5baeb97e61b7ecc89?s=96&d=mm&r=g\",\"url\":\"https:\\\/\\\/secure.gravatar.com\\\/avatar\\\/42749d8b712ff9d59ca93dc150494e5b55a44134482993f5baeb97e61b7ecc89?s=96&d=mm&r=g\",\"contentUrl\":\"https:\\\/\\\/secure.gravatar.com\\\/avatar\\\/42749d8b712ff9d59ca93dc150494e5b55a44134482993f5baeb97e61b7ecc89?s=96&d=mm&r=g\",\"caption\":\"Roberto\"},\"url\":\"https:\\\/\\\/regiaonews.net.br\\\/2022\\\/author\\\/roberto\\\/\"}]}<\/script>\n<!-- \/ Yoast SEO plugin. -->","yoast_head_json":{"title":"TEBE realizou a\u00e7\u00e3o em apoio aos caminhoneiros - Regi\u00e3o News","robots":{"index":"index","follow":"follow","max-snippet":"max-snippet:-1","max-image-preview":"max-image-preview:large","max-video-preview":"max-video-preview:-1"},"canonical":"https:\/\/regiaonews.net.br\/2022\/2020\/10\/17\/tebe-realizou-acao-em-apoio-aos-caminhoneiros\/","og_locale":"pt_BR","og_type":"article","og_title":"TEBE realizou a\u00e7\u00e3o em apoio aos caminhoneiros - Regi\u00e3o News","og_description":"A Concession\u00e1ria de Rodovias TEBE tem realizado algumas a\u00e7\u00f5es de","og_url":"https:\/\/regiaonews.net.br\/2022\/2020\/10\/17\/tebe-realizou-acao-em-apoio-aos-caminhoneiros\/","og_site_name":"Regi\u00e3o News","article_published_time":"2020-10-17T16:11:08+00:00","og_image":[{"width":382,"height":474,"url":"https:\/\/regiaonews.net.br\/2022\/wp-content\/uploads\/2020\/10\/tebe2.jpg","type":"image\/jpeg"}],"author":"Roberto","twitter_card":"summary_large_image","twitter_misc":{"Escrito por":"Roberto","Est. tempo de leitura":"1 minuto"},"schema":{"@context":"https:\/\/schema.org","@graph":[{"@type":"Article","@id":"https:\/\/regiaonews.net.br\/2022\/2020\/10\/17\/tebe-realizou-acao-em-apoio-aos-caminhoneiros\/#article","isPartOf":{"@id":"https:\/\/regiaonews.net.br\/2022\/2020\/10\/17\/tebe-realizou-acao-em-apoio-aos-caminhoneiros\/"},"author":{"name":"Roberto","@id":"https:\/\/regiaonews.net.br\/2022\/#\/schema\/person\/2d205a608a5aa97ac279d7a5e6d89ad8"},"headline":"TEBE realizou a\u00e7\u00e3o em apoio aos caminhoneiros","datePublished":"2020-10-17T16:11:08+00:00","mainEntityOfPage":{"@id":"https:\/\/regiaonews.net.br\/2022\/2020\/10\/17\/tebe-realizou-acao-em-apoio-aos-caminhoneiros\/"},"wordCount":299,"commentCount":0,"publisher":{"@id":"https:\/\/regiaonews.net.br\/2022\/#organization"},"image":{"@id":"https:\/\/regiaonews.net.br\/2022\/2020\/10\/17\/tebe-realizou-acao-em-apoio-aos-caminhoneiros\/#primaryimage"},"thumbnailUrl":"https:\/\/regiaonews.net.br\/2022\/wp-content\/uploads\/2020\/10\/tebe2.jpg","articleSection":["Barretos","Cidades","Regi\u00e3o"],"inLanguage":"pt-BR","potentialAction":[{"@type":"CommentAction","name":"Comment","target":["https:\/\/regiaonews.net.br\/2022\/2020\/10\/17\/tebe-realizou-acao-em-apoio-aos-caminhoneiros\/#respond"]}]},{"@type":"WebPage","@id":"https:\/\/regiaonews.net.br\/2022\/2020\/10\/17\/tebe-realizou-acao-em-apoio-aos-caminhoneiros\/","url":"https:\/\/regiaonews.net.br\/2022\/2020\/10\/17\/tebe-realizou-acao-em-apoio-aos-caminhoneiros\/","name":"TEBE realizou a\u00e7\u00e3o em apoio aos caminhoneiros - Regi\u00e3o News","isPartOf":{"@id":"https:\/\/regiaonews.net.br\/2022\/#website"},"primaryImageOfPage":{"@id":"https:\/\/regiaonews.net.br\/2022\/2020\/10\/17\/tebe-realizou-acao-em-apoio-aos-caminhoneiros\/#primaryimage"},"image":{"@id":"https:\/\/regiaonews.net.br\/2022\/2020\/10\/17\/tebe-realizou-acao-em-apoio-aos-caminhoneiros\/#primaryimage"},"thumbnailUrl":"https:\/\/regiaonews.net.br\/2022\/wp-content\/uploads\/2020\/10\/tebe2.jpg","datePublished":"2020-10-17T16:11:08+00:00","breadcrumb":{"@id":"https:\/\/regiaonews.net.br\/2022\/2020\/10\/17\/tebe-realizou-acao-em-apoio-aos-caminhoneiros\/#breadcrumb"},"inLanguage":"pt-BR","potentialAction":[{"@type":"ReadAction","target":["https:\/\/regiaonews.net.br\/2022\/2020\/10\/17\/tebe-realizou-acao-em-apoio-aos-caminhoneiros\/"]}]},{"@type":"ImageObject","inLanguage":"pt-BR","@id":"https:\/\/regiaonews.net.br\/2022\/2020\/10\/17\/tebe-realizou-acao-em-apoio-aos-caminhoneiros\/#primaryimage","url":"https:\/\/regiaonews.net.br\/2022\/wp-content\/uploads\/2020\/10\/tebe2.jpg","contentUrl":"https:\/\/regiaonews.net.br\/2022\/wp-content\/uploads\/2020\/10\/tebe2.jpg","width":382,"height":474},{"@type":"BreadcrumbList","@id":"https:\/\/regiaonews.net.br\/2022\/2020\/10\/17\/tebe-realizou-acao-em-apoio-aos-caminhoneiros\/#breadcrumb","itemListElement":[{"@type":"ListItem","position":1,"name":"In\u00edcio","item":"https:\/\/regiaonews.net.br\/2022\/"},{"@type":"ListItem","position":2,"name":"TEBE realizou a\u00e7\u00e3o em apoio aos caminhoneiros"}]},{"@type":"WebSite","@id":"https:\/\/regiaonews.net.br\/2022\/#website","url":"https:\/\/regiaonews.net.br\/2022\/","name":"Regi\u00e3o News","description":"Site de Not\u00edcias de Barretos e regi\u00e3o","publisher":{"@id":"https:\/\/regiaonews.net.br\/2022\/#organization"},"potentialAction":[{"@type":"SearchAction","target":{"@type":"EntryPoint","urlTemplate":"https:\/\/regiaonews.net.br\/2022\/?s={search_term_string}"},"query-input":{"@type":"PropertyValueSpecification","valueRequired":true,"valueName":"search_term_string"}}],"inLanguage":"pt-BR"},{"@type":"Organization","@id":"https:\/\/regiaonews.net.br\/2022\/#organization","name":"Regi\u00e3o News","url":"https:\/\/regiaonews.net.br\/2022\/","logo":{"@type":"ImageObject","inLanguage":"pt-BR","@id":"https:\/\/regiaonews.net.br\/2022\/#\/schema\/logo\/image\/","url":"https:\/\/regiaonews.net.br\/2022\/wp-content\/uploads\/2026\/03\/regiao-13-anos-scaled.jpg","contentUrl":"https:\/\/regiaonews.net.br\/2022\/wp-content\/uploads\/2026\/03\/regiao-13-anos-scaled.jpg","width":2560,"height":635,"caption":"Regi\u00e3o News"},"image":{"@id":"https:\/\/regiaonews.net.br\/2022\/#\/schema\/logo\/image\/"}},{"@type":"Person","@id":"https:\/\/regiaonews.net.br\/2022\/#\/schema\/person\/2d205a608a5aa97ac279d7a5e6d89ad8","name":"Roberto","image":{"@type":"ImageObject","inLanguage":"pt-BR","@id":"https:\/\/secure.gravatar.com\/avatar\/42749d8b712ff9d59ca93dc150494e5b55a44134482993f5baeb97e61b7ecc89?s=96&d=mm&r=g","url":"https:\/\/secure.gravatar.com\/avatar\/42749d8b712ff9d59ca93dc150494e5b55a44134482993f5baeb97e61b7ecc89?s=96&d=mm&r=g","contentUrl":"https:\/\/secure.gravatar.com\/avatar\/42749d8b712ff9d59ca93dc150494e5b55a44134482993f5baeb97e61b7ecc89?s=96&d=mm&r=g","caption":"Roberto"},"url":"https:\/\/regiaonews.net.br\/2022\/author\/roberto\/"}]}},"publishpress_future_action":{"enabled":false,"date":"2026-05-03 01:44:53","action":"change-status","newStatus":"draft","terms":[],"taxonomy":"category","extraData":[]},"publishpress_future_workflow_manual_trigger":{"enabledWorkflows":[]},"_links":{"self":[{"href":"https:\/\/regiaonews.net.br\/2022\/wp-json\/wp\/v2\/posts\/38838","targetHints":{"allow":["GET"]}}],"collection":[{"href":"https:\/\/regiaonews.net.br\/2022\/wp-json\/wp\/v2\/posts"}],"about":[{"href":"https:\/\/regiaonews.net.br\/2022\/wp-json\/wp\/v2\/types\/post"}],"author":[{"embeddable":true,"href":"https:\/\/regiaonews.net.br\/2022\/wp-json\/wp\/v2\/users\/2"}],"replies":[{"embeddable":true,"href":"https:\/\/regiaonews.net.br\/2022\/wp-json\/wp\/v2\/comments?post=38838"}],"version-history":[{"count":0,"href":"https:\/\/regiaonews.net.br\/2022\/wp-json\/wp\/v2\/posts\/38838\/revisions"}],"wp:featuredmedia":[{"embeddable":true,"href":"https:\/\/regiaonews.net.br\/2022\/wp-json\/wp\/v2\/media\/38840"}],"wp:attachment":[{"href":"https:\/\/regiaonews.net.br\/2022\/wp-json\/wp\/v2\/media?parent=38838"}],"wp:term":[{"taxonomy":"category","embeddable":true,"href":"https:\/\/regiaonews.net.br\/2022\/wp-json\/wp\/v2\/categories?post=38838"},{"taxonomy":"post_tag","embeddable":true,"href":"https:\/\/regiaonews.net.br\/2022\/wp-json\/wp\/v2\/tags?post=38838"}],"curies":[{"name":"wp","href":"https:\/\/api.w.org\/{rel}","templated":true}]}}