{"id":38822,"date":"2020-10-16T19:08:55","date_gmt":"2020-10-16T22:08:55","guid":{"rendered":"https:\/\/regiaonews.net.br\/2022\/?p=38822"},"modified":"2020-10-16T19:08:55","modified_gmt":"2020-10-16T22:08:55","slug":"tebe-em-parceria-com-a-policia-militar-rodoviariaria-realizam-acao-educativa-para-ciclistas","status":"publish","type":"post","link":"https:\/\/regiaonews.net.br\/2022\/2020\/10\/16\/tebe-em-parceria-com-a-policia-militar-rodoviariaria-realizam-acao-educativa-para-ciclistas\/","title":{"rendered":"Tebe em parceria com  a pol\u00edcia militar rodoviari\u00e1ria realizam a\u00e7\u00e3o educativa para ciclistas"},"content":{"rendered":"<p><a href=\"https:\/\/regiaonews.net.br\/2022\/wp-content\/uploads\/2020\/10\/ciclisa.jpg\"><img loading=\"lazy\" decoding=\"async\" class=\"alignnone size-medium wp-image-38823\" src=\"https:\/\/regiaonews.net.br\/2022\/wp-content\/uploads\/2020\/10\/ciclisa-300x225.jpg\" alt=\"\" width=\"300\" height=\"225\" \/><\/a><\/p>\n<p class=\"xmsonormal\" style=\"text-align: justify;\"><span style=\"font-size: 12.0pt;\">A Concession\u00e1ria de Rodovias TEBE e a Pol\u00edcia Militar Rodovi\u00e1ria realizaram no dia 11 de outubro de 2020, a\u00e7\u00e3o educativa para ciclistas, dando orienta\u00e7\u00f5es sobre o local ideal para andar, os cuidados que devem tomar e os equipamentos necess\u00e1rios para sua seguran\u00e7a. <\/span><\/p>\n<p class=\"xmsonormal\" style=\"text-align: justify;\"><span style=\"font-size: 12.0pt;\">\u00a0<\/span><\/p>\n<p class=\"xmsonormal\" style=\"text-align: justify;\"><span style=\"font-size: 12.0pt;\">Todas as a\u00e7\u00f5es realizadas pela concession\u00e1ria, que contam com o apoio da ARTESP \u2013 Ag\u00eancia Reguladora de Transportes do Estado de S\u00e3o Paulo, s\u00e3o executadas respeitando o momento atual da pandemia, sem aglomera\u00e7\u00e3o, com distanciamento adequado, e disponibilizando de \u00e1lcool em gel 70% para ajudar a combater a transmiss\u00e3o do novo coronav\u00edrus.<\/span><\/p>\n<p class=\"xmsonormal\" style=\"text-align: justify;\"><span style=\"font-size: 12.0pt;\">\u00a0<\/span><\/p>\n<p class=\"xmsonormal\" style=\"text-align: justify;\"><span style=\"font-size: 12.0pt;\">\u201cPara TEBE a seguran\u00e7a dos usu\u00e1rios \u00e9 uma preocupa\u00e7\u00e3o constante e suas a\u00e7\u00f5es educativas s\u00e3o fundamentais para ajudar a reduzir os acidentes de tr\u00e2nsito e preservar a vida\u201d, diz Fernando dos Santos,\u00a0 gerente de opera\u00e7\u00f5es da concession\u00e1ria. <\/span><\/p>\n<p class=\"xmsonormal\" style=\"text-align: justify;\"><span style=\"font-size: 12.0pt;\">\u00a0<\/span><\/p>\n<p class=\"xmsonormal\" style=\"text-align: justify;\"><span style=\"font-size: 12.0pt;\">A concession\u00e1ria j\u00e1 realiza a\u00e7\u00f5es para ciclistas como Caf\u00e9 na Passarela, orientando para que todos os ciclistas atravessem por ela, evitando utilizar as rodovias nas travessias, al\u00e9m de dicas di\u00e1rias de seguran\u00e7a nas r\u00e1dios em Bebedouro, site e redes sociais da TEBE.<\/span><\/p>\n<p class=\"xmsobodytextindent\" style=\"text-align: justify;\"><span style=\"font-size: 12.0pt;\">Para obter outras informa\u00e7\u00f5es sobre o <span style=\"color: black;\">Programa de Concess\u00f5es Rodovi\u00e1rias do Estado de S\u00e3o Paulo e sobre a<\/span> \u00e1rea administrada pela TEBE, conhecer os projetos s\u00f3cio-educativos e s\u00f3cio- ambientais, a localiza\u00e7\u00e3o e os valores cobrados nas pra\u00e7as de ped\u00e1gio, obras realizadas e em andamento e servi\u00e7os dispon\u00edveis aos usu\u00e1rios e projetos mantidos pela concession\u00e1ria acesse o site <span class=\"xmsohyperlink\"><u><span style=\"color: #0563c1;\"><a href=\"http:\/\/www.tebe.com.br\">www.tebe.com.br<\/a><\/span><\/u><\/span>.<\/span><\/p>\n<p class=\"xmsobodytextindent\" style=\"text-align: justify; text-indent: 35.4pt;\"><span style=\"font-size: 12.0pt;\">\u00a0<\/span><\/p>\n<p class=\"xmsobodytextindent\" style=\"text-align: justify;\"><span style=\"font-size: 12.0pt;\">A TEBE tamb\u00e9m est\u00e1 com perfis nas redes sociais. No Facebook, o usu\u00e1rio pode obter outras informa\u00e7\u00f5es, dicas de seguran\u00e7a vi\u00e1ria e eventos culturais \u201ccurtindo\u201d a fan-page Concession\u00e1ria de Rodovias TEBE S\/A [<span class=\"xmsohyperlink\"><u><span style=\"color: #0563c1;\"><a href=\"http:\/\/www.facebook.com\/Rodovias.TEBE\">www.facebook.com\/Rodovias.TEBE<\/a><\/span><\/u><\/span>]. No Twitter basta seguir o perfil @TEBE_Rodovias e no Instagram @Rodovias.TEBE. \u00a0<\/span><\/p>\n<p class=\"xmsobodytextindent\" style=\"text-align: justify;\"><span style=\"font-size: 12.0pt;\">\u00a0<\/span><\/p>\n<p class=\"xmsobodytextindent\" style=\"text-align: justify;\">\n","protected":false},"excerpt":{"rendered":"<p>A Concession\u00e1ria de Rodovias TEBE e a Pol\u00edcia Militar Rodovi\u00e1ria<\/p>\n","protected":false},"author":2,"featured_media":38823,"comment_status":"open","ping_status":"open","sticky":false,"template":"","format":"standard","meta":{"footnotes":""},"categories":[14,25,30],"tags":[],"class_list":["post-38822","post","type-post","status-publish","format-standard","has-post-thumbnail","hentry","category-barretos","category-cidades","category-regiao"],"yoast_head":"<!-- This site is optimized with the Yoast SEO plugin v27.4 - https:\/\/yoast.com\/product\/yoast-seo-wordpress\/ -->\n<title>Tebe em parceria com a pol\u00edcia militar rodoviari\u00e1ria realizam a\u00e7\u00e3o educativa para ciclistas - Regi\u00e3o News<\/title>\n<meta name=\"robots\" content=\"index, follow, max-snippet:-1, max-image-preview:large, max-video-preview:-1\" \/>\n<link rel=\"canonical\" href=\"https:\/\/regiaonews.net.br\/2022\/2020\/10\/16\/tebe-em-parceria-com-a-policia-militar-rodoviariaria-realizam-acao-educativa-para-ciclistas\/\" \/>\n<meta property=\"og:locale\" content=\"pt_BR\" \/>\n<meta property=\"og:type\" content=\"article\" \/>\n<meta property=\"og:title\" content=\"Tebe em parceria com a pol\u00edcia militar rodoviari\u00e1ria realizam a\u00e7\u00e3o educativa para ciclistas - Regi\u00e3o News\" \/>\n<meta property=\"og:description\" content=\"A Concession\u00e1ria de Rodovias TEBE e a Pol\u00edcia Militar Rodovi\u00e1ria\" \/>\n<meta property=\"og:url\" content=\"https:\/\/regiaonews.net.br\/2022\/2020\/10\/16\/tebe-em-parceria-com-a-policia-militar-rodoviariaria-realizam-acao-educativa-para-ciclistas\/\" \/>\n<meta property=\"og:site_name\" content=\"Regi\u00e3o News\" \/>\n<meta property=\"article:published_time\" content=\"2020-10-16T22:08:55+00:00\" \/>\n<meta property=\"og:image\" content=\"https:\/\/regiaonews.net.br\/2022\/wp-content\/uploads\/2020\/10\/ciclisa.jpg\" \/>\n\t<meta property=\"og:image:width\" content=\"442\" \/>\n\t<meta property=\"og:image:height\" content=\"331\" \/>\n\t<meta property=\"og:image:type\" content=\"image\/jpeg\" \/>\n<meta name=\"author\" content=\"Roberto\" \/>\n<meta name=\"twitter:card\" content=\"summary_large_image\" \/>\n<meta name=\"twitter:label1\" content=\"Escrito por\" \/>\n\t<meta name=\"twitter:data1\" content=\"Roberto\" \/>\n\t<meta name=\"twitter:label2\" content=\"Est. tempo de leitura\" \/>\n\t<meta name=\"twitter:data2\" content=\"2 minutos\" \/>\n<script type=\"application\/ld+json\" class=\"yoast-schema-graph\">{\"@context\":\"https:\\\/\\\/schema.org\",\"@graph\":[{\"@type\":\"Article\",\"@id\":\"https:\\\/\\\/regiaonews.net.br\\\/2022\\\/2020\\\/10\\\/16\\\/tebe-em-parceria-com-a-policia-militar-rodoviariaria-realizam-acao-educativa-para-ciclistas\\\/#article\",\"isPartOf\":{\"@id\":\"https:\\\/\\\/regiaonews.net.br\\\/2022\\\/2020\\\/10\\\/16\\\/tebe-em-parceria-com-a-policia-militar-rodoviariaria-realizam-acao-educativa-para-ciclistas\\\/\"},\"author\":{\"name\":\"Roberto\",\"@id\":\"https:\\\/\\\/regiaonews.net.br\\\/2022\\\/#\\\/schema\\\/person\\\/2d205a608a5aa97ac279d7a5e6d89ad8\"},\"headline\":\"Tebe em parceria com a pol\u00edcia militar rodoviari\u00e1ria realizam a\u00e7\u00e3o educativa para ciclistas\",\"datePublished\":\"2020-10-16T22:08:55+00:00\",\"mainEntityOfPage\":{\"@id\":\"https:\\\/\\\/regiaonews.net.br\\\/2022\\\/2020\\\/10\\\/16\\\/tebe-em-parceria-com-a-policia-militar-rodoviariaria-realizam-acao-educativa-para-ciclistas\\\/\"},\"wordCount\":344,\"commentCount\":0,\"publisher\":{\"@id\":\"https:\\\/\\\/regiaonews.net.br\\\/2022\\\/#organization\"},\"image\":{\"@id\":\"https:\\\/\\\/regiaonews.net.br\\\/2022\\\/2020\\\/10\\\/16\\\/tebe-em-parceria-com-a-policia-militar-rodoviariaria-realizam-acao-educativa-para-ciclistas\\\/#primaryimage\"},\"thumbnailUrl\":\"https:\\\/\\\/regiaonews.net.br\\\/2022\\\/wp-content\\\/uploads\\\/2020\\\/10\\\/ciclisa.jpg\",\"articleSection\":[\"Barretos\",\"Cidades\",\"Regi\u00e3o\"],\"inLanguage\":\"pt-BR\",\"potentialAction\":[{\"@type\":\"CommentAction\",\"name\":\"Comment\",\"target\":[\"https:\\\/\\\/regiaonews.net.br\\\/2022\\\/2020\\\/10\\\/16\\\/tebe-em-parceria-com-a-policia-militar-rodoviariaria-realizam-acao-educativa-para-ciclistas\\\/#respond\"]}]},{\"@type\":\"WebPage\",\"@id\":\"https:\\\/\\\/regiaonews.net.br\\\/2022\\\/2020\\\/10\\\/16\\\/tebe-em-parceria-com-a-policia-militar-rodoviariaria-realizam-acao-educativa-para-ciclistas\\\/\",\"url\":\"https:\\\/\\\/regiaonews.net.br\\\/2022\\\/2020\\\/10\\\/16\\\/tebe-em-parceria-com-a-policia-militar-rodoviariaria-realizam-acao-educativa-para-ciclistas\\\/\",\"name\":\"Tebe em parceria com a pol\u00edcia militar rodoviari\u00e1ria realizam a\u00e7\u00e3o educativa para ciclistas - Regi\u00e3o News\",\"isPartOf\":{\"@id\":\"https:\\\/\\\/regiaonews.net.br\\\/2022\\\/#website\"},\"primaryImageOfPage\":{\"@id\":\"https:\\\/\\\/regiaonews.net.br\\\/2022\\\/2020\\\/10\\\/16\\\/tebe-em-parceria-com-a-policia-militar-rodoviariaria-realizam-acao-educativa-para-ciclistas\\\/#primaryimage\"},\"image\":{\"@id\":\"https:\\\/\\\/regiaonews.net.br\\\/2022\\\/2020\\\/10\\\/16\\\/tebe-em-parceria-com-a-policia-militar-rodoviariaria-realizam-acao-educativa-para-ciclistas\\\/#primaryimage\"},\"thumbnailUrl\":\"https:\\\/\\\/regiaonews.net.br\\\/2022\\\/wp-content\\\/uploads\\\/2020\\\/10\\\/ciclisa.jpg\",\"datePublished\":\"2020-10-16T22:08:55+00:00\",\"breadcrumb\":{\"@id\":\"https:\\\/\\\/regiaonews.net.br\\\/2022\\\/2020\\\/10\\\/16\\\/tebe-em-parceria-com-a-policia-militar-rodoviariaria-realizam-acao-educativa-para-ciclistas\\\/#breadcrumb\"},\"inLanguage\":\"pt-BR\",\"potentialAction\":[{\"@type\":\"ReadAction\",\"target\":[\"https:\\\/\\\/regiaonews.net.br\\\/2022\\\/2020\\\/10\\\/16\\\/tebe-em-parceria-com-a-policia-militar-rodoviariaria-realizam-acao-educativa-para-ciclistas\\\/\"]}]},{\"@type\":\"ImageObject\",\"inLanguage\":\"pt-BR\",\"@id\":\"https:\\\/\\\/regiaonews.net.br\\\/2022\\\/2020\\\/10\\\/16\\\/tebe-em-parceria-com-a-policia-militar-rodoviariaria-realizam-acao-educativa-para-ciclistas\\\/#primaryimage\",\"url\":\"https:\\\/\\\/regiaonews.net.br\\\/2022\\\/wp-content\\\/uploads\\\/2020\\\/10\\\/ciclisa.jpg\",\"contentUrl\":\"https:\\\/\\\/regiaonews.net.br\\\/2022\\\/wp-content\\\/uploads\\\/2020\\\/10\\\/ciclisa.jpg\",\"width\":442,\"height\":331},{\"@type\":\"BreadcrumbList\",\"@id\":\"https:\\\/\\\/regiaonews.net.br\\\/2022\\\/2020\\\/10\\\/16\\\/tebe-em-parceria-com-a-policia-militar-rodoviariaria-realizam-acao-educativa-para-ciclistas\\\/#breadcrumb\",\"itemListElement\":[{\"@type\":\"ListItem\",\"position\":1,\"name\":\"In\u00edcio\",\"item\":\"https:\\\/\\\/regiaonews.net.br\\\/2022\\\/\"},{\"@type\":\"ListItem\",\"position\":2,\"name\":\"Tebe em parceria com a pol\u00edcia militar rodoviari\u00e1ria realizam a\u00e7\u00e3o educativa para ciclistas\"}]},{\"@type\":\"WebSite\",\"@id\":\"https:\\\/\\\/regiaonews.net.br\\\/2022\\\/#website\",\"url\":\"https:\\\/\\\/regiaonews.net.br\\\/2022\\\/\",\"name\":\"Regi\u00e3o News\",\"description\":\"Site de Not\u00edcias de Barretos e regi\u00e3o\",\"publisher\":{\"@id\":\"https:\\\/\\\/regiaonews.net.br\\\/2022\\\/#organization\"},\"potentialAction\":[{\"@type\":\"SearchAction\",\"target\":{\"@type\":\"EntryPoint\",\"urlTemplate\":\"https:\\\/\\\/regiaonews.net.br\\\/2022\\\/?s={search_term_string}\"},\"query-input\":{\"@type\":\"PropertyValueSpecification\",\"valueRequired\":true,\"valueName\":\"search_term_string\"}}],\"inLanguage\":\"pt-BR\"},{\"@type\":\"Organization\",\"@id\":\"https:\\\/\\\/regiaonews.net.br\\\/2022\\\/#organization\",\"name\":\"Regi\u00e3o News\",\"url\":\"https:\\\/\\\/regiaonews.net.br\\\/2022\\\/\",\"logo\":{\"@type\":\"ImageObject\",\"inLanguage\":\"pt-BR\",\"@id\":\"https:\\\/\\\/regiaonews.net.br\\\/2022\\\/#\\\/schema\\\/logo\\\/image\\\/\",\"url\":\"https:\\\/\\\/regiaonews.net.br\\\/2022\\\/wp-content\\\/uploads\\\/2026\\\/03\\\/regiao-13-anos-scaled.jpg\",\"contentUrl\":\"https:\\\/\\\/regiaonews.net.br\\\/2022\\\/wp-content\\\/uploads\\\/2026\\\/03\\\/regiao-13-anos-scaled.jpg\",\"width\":2560,\"height\":635,\"caption\":\"Regi\u00e3o News\"},\"image\":{\"@id\":\"https:\\\/\\\/regiaonews.net.br\\\/2022\\\/#\\\/schema\\\/logo\\\/image\\\/\"}},{\"@type\":\"Person\",\"@id\":\"https:\\\/\\\/regiaonews.net.br\\\/2022\\\/#\\\/schema\\\/person\\\/2d205a608a5aa97ac279d7a5e6d89ad8\",\"name\":\"Roberto\",\"image\":{\"@type\":\"ImageObject\",\"inLanguage\":\"pt-BR\",\"@id\":\"https:\\\/\\\/secure.gravatar.com\\\/avatar\\\/42749d8b712ff9d59ca93dc150494e5b55a44134482993f5baeb97e61b7ecc89?s=96&d=mm&r=g\",\"url\":\"https:\\\/\\\/secure.gravatar.com\\\/avatar\\\/42749d8b712ff9d59ca93dc150494e5b55a44134482993f5baeb97e61b7ecc89?s=96&d=mm&r=g\",\"contentUrl\":\"https:\\\/\\\/secure.gravatar.com\\\/avatar\\\/42749d8b712ff9d59ca93dc150494e5b55a44134482993f5baeb97e61b7ecc89?s=96&d=mm&r=g\",\"caption\":\"Roberto\"},\"url\":\"https:\\\/\\\/regiaonews.net.br\\\/2022\\\/author\\\/roberto\\\/\"}]}<\/script>\n<!-- \/ Yoast SEO plugin. -->","yoast_head_json":{"title":"Tebe em parceria com a pol\u00edcia militar rodoviari\u00e1ria realizam a\u00e7\u00e3o educativa para ciclistas - Regi\u00e3o News","robots":{"index":"index","follow":"follow","max-snippet":"max-snippet:-1","max-image-preview":"max-image-preview:large","max-video-preview":"max-video-preview:-1"},"canonical":"https:\/\/regiaonews.net.br\/2022\/2020\/10\/16\/tebe-em-parceria-com-a-policia-militar-rodoviariaria-realizam-acao-educativa-para-ciclistas\/","og_locale":"pt_BR","og_type":"article","og_title":"Tebe em parceria com a pol\u00edcia militar rodoviari\u00e1ria realizam a\u00e7\u00e3o educativa para ciclistas - Regi\u00e3o News","og_description":"A Concession\u00e1ria de Rodovias TEBE e a Pol\u00edcia Militar Rodovi\u00e1ria","og_url":"https:\/\/regiaonews.net.br\/2022\/2020\/10\/16\/tebe-em-parceria-com-a-policia-militar-rodoviariaria-realizam-acao-educativa-para-ciclistas\/","og_site_name":"Regi\u00e3o News","article_published_time":"2020-10-16T22:08:55+00:00","og_image":[{"width":442,"height":331,"url":"https:\/\/regiaonews.net.br\/2022\/wp-content\/uploads\/2020\/10\/ciclisa.jpg","type":"image\/jpeg"}],"author":"Roberto","twitter_card":"summary_large_image","twitter_misc":{"Escrito por":"Roberto","Est. tempo de leitura":"2 minutos"},"schema":{"@context":"https:\/\/schema.org","@graph":[{"@type":"Article","@id":"https:\/\/regiaonews.net.br\/2022\/2020\/10\/16\/tebe-em-parceria-com-a-policia-militar-rodoviariaria-realizam-acao-educativa-para-ciclistas\/#article","isPartOf":{"@id":"https:\/\/regiaonews.net.br\/2022\/2020\/10\/16\/tebe-em-parceria-com-a-policia-militar-rodoviariaria-realizam-acao-educativa-para-ciclistas\/"},"author":{"name":"Roberto","@id":"https:\/\/regiaonews.net.br\/2022\/#\/schema\/person\/2d205a608a5aa97ac279d7a5e6d89ad8"},"headline":"Tebe em parceria com a pol\u00edcia militar rodoviari\u00e1ria realizam a\u00e7\u00e3o educativa para ciclistas","datePublished":"2020-10-16T22:08:55+00:00","mainEntityOfPage":{"@id":"https:\/\/regiaonews.net.br\/2022\/2020\/10\/16\/tebe-em-parceria-com-a-policia-militar-rodoviariaria-realizam-acao-educativa-para-ciclistas\/"},"wordCount":344,"commentCount":0,"publisher":{"@id":"https:\/\/regiaonews.net.br\/2022\/#organization"},"image":{"@id":"https:\/\/regiaonews.net.br\/2022\/2020\/10\/16\/tebe-em-parceria-com-a-policia-militar-rodoviariaria-realizam-acao-educativa-para-ciclistas\/#primaryimage"},"thumbnailUrl":"https:\/\/regiaonews.net.br\/2022\/wp-content\/uploads\/2020\/10\/ciclisa.jpg","articleSection":["Barretos","Cidades","Regi\u00e3o"],"inLanguage":"pt-BR","potentialAction":[{"@type":"CommentAction","name":"Comment","target":["https:\/\/regiaonews.net.br\/2022\/2020\/10\/16\/tebe-em-parceria-com-a-policia-militar-rodoviariaria-realizam-acao-educativa-para-ciclistas\/#respond"]}]},{"@type":"WebPage","@id":"https:\/\/regiaonews.net.br\/2022\/2020\/10\/16\/tebe-em-parceria-com-a-policia-militar-rodoviariaria-realizam-acao-educativa-para-ciclistas\/","url":"https:\/\/regiaonews.net.br\/2022\/2020\/10\/16\/tebe-em-parceria-com-a-policia-militar-rodoviariaria-realizam-acao-educativa-para-ciclistas\/","name":"Tebe em parceria com a pol\u00edcia militar rodoviari\u00e1ria realizam a\u00e7\u00e3o educativa para ciclistas - Regi\u00e3o News","isPartOf":{"@id":"https:\/\/regiaonews.net.br\/2022\/#website"},"primaryImageOfPage":{"@id":"https:\/\/regiaonews.net.br\/2022\/2020\/10\/16\/tebe-em-parceria-com-a-policia-militar-rodoviariaria-realizam-acao-educativa-para-ciclistas\/#primaryimage"},"image":{"@id":"https:\/\/regiaonews.net.br\/2022\/2020\/10\/16\/tebe-em-parceria-com-a-policia-militar-rodoviariaria-realizam-acao-educativa-para-ciclistas\/#primaryimage"},"thumbnailUrl":"https:\/\/regiaonews.net.br\/2022\/wp-content\/uploads\/2020\/10\/ciclisa.jpg","datePublished":"2020-10-16T22:08:55+00:00","breadcrumb":{"@id":"https:\/\/regiaonews.net.br\/2022\/2020\/10\/16\/tebe-em-parceria-com-a-policia-militar-rodoviariaria-realizam-acao-educativa-para-ciclistas\/#breadcrumb"},"inLanguage":"pt-BR","potentialAction":[{"@type":"ReadAction","target":["https:\/\/regiaonews.net.br\/2022\/2020\/10\/16\/tebe-em-parceria-com-a-policia-militar-rodoviariaria-realizam-acao-educativa-para-ciclistas\/"]}]},{"@type":"ImageObject","inLanguage":"pt-BR","@id":"https:\/\/regiaonews.net.br\/2022\/2020\/10\/16\/tebe-em-parceria-com-a-policia-militar-rodoviariaria-realizam-acao-educativa-para-ciclistas\/#primaryimage","url":"https:\/\/regiaonews.net.br\/2022\/wp-content\/uploads\/2020\/10\/ciclisa.jpg","contentUrl":"https:\/\/regiaonews.net.br\/2022\/wp-content\/uploads\/2020\/10\/ciclisa.jpg","width":442,"height":331},{"@type":"BreadcrumbList","@id":"https:\/\/regiaonews.net.br\/2022\/2020\/10\/16\/tebe-em-parceria-com-a-policia-militar-rodoviariaria-realizam-acao-educativa-para-ciclistas\/#breadcrumb","itemListElement":[{"@type":"ListItem","position":1,"name":"In\u00edcio","item":"https:\/\/regiaonews.net.br\/2022\/"},{"@type":"ListItem","position":2,"name":"Tebe em parceria com a pol\u00edcia militar rodoviari\u00e1ria realizam a\u00e7\u00e3o educativa para ciclistas"}]},{"@type":"WebSite","@id":"https:\/\/regiaonews.net.br\/2022\/#website","url":"https:\/\/regiaonews.net.br\/2022\/","name":"Regi\u00e3o News","description":"Site de Not\u00edcias de Barretos e regi\u00e3o","publisher":{"@id":"https:\/\/regiaonews.net.br\/2022\/#organization"},"potentialAction":[{"@type":"SearchAction","target":{"@type":"EntryPoint","urlTemplate":"https:\/\/regiaonews.net.br\/2022\/?s={search_term_string}"},"query-input":{"@type":"PropertyValueSpecification","valueRequired":true,"valueName":"search_term_string"}}],"inLanguage":"pt-BR"},{"@type":"Organization","@id":"https:\/\/regiaonews.net.br\/2022\/#organization","name":"Regi\u00e3o News","url":"https:\/\/regiaonews.net.br\/2022\/","logo":{"@type":"ImageObject","inLanguage":"pt-BR","@id":"https:\/\/regiaonews.net.br\/2022\/#\/schema\/logo\/image\/","url":"https:\/\/regiaonews.net.br\/2022\/wp-content\/uploads\/2026\/03\/regiao-13-anos-scaled.jpg","contentUrl":"https:\/\/regiaonews.net.br\/2022\/wp-content\/uploads\/2026\/03\/regiao-13-anos-scaled.jpg","width":2560,"height":635,"caption":"Regi\u00e3o News"},"image":{"@id":"https:\/\/regiaonews.net.br\/2022\/#\/schema\/logo\/image\/"}},{"@type":"Person","@id":"https:\/\/regiaonews.net.br\/2022\/#\/schema\/person\/2d205a608a5aa97ac279d7a5e6d89ad8","name":"Roberto","image":{"@type":"ImageObject","inLanguage":"pt-BR","@id":"https:\/\/secure.gravatar.com\/avatar\/42749d8b712ff9d59ca93dc150494e5b55a44134482993f5baeb97e61b7ecc89?s=96&d=mm&r=g","url":"https:\/\/secure.gravatar.com\/avatar\/42749d8b712ff9d59ca93dc150494e5b55a44134482993f5baeb97e61b7ecc89?s=96&d=mm&r=g","contentUrl":"https:\/\/secure.gravatar.com\/avatar\/42749d8b712ff9d59ca93dc150494e5b55a44134482993f5baeb97e61b7ecc89?s=96&d=mm&r=g","caption":"Roberto"},"url":"https:\/\/regiaonews.net.br\/2022\/author\/roberto\/"}]}},"publishpress_future_action":{"enabled":false,"date":"2026-05-03 03:15:46","action":"change-status","newStatus":"draft","terms":[],"taxonomy":"category","extraData":[]},"publishpress_future_workflow_manual_trigger":{"enabledWorkflows":[]},"_links":{"self":[{"href":"https:\/\/regiaonews.net.br\/2022\/wp-json\/wp\/v2\/posts\/38822","targetHints":{"allow":["GET"]}}],"collection":[{"href":"https:\/\/regiaonews.net.br\/2022\/wp-json\/wp\/v2\/posts"}],"about":[{"href":"https:\/\/regiaonews.net.br\/2022\/wp-json\/wp\/v2\/types\/post"}],"author":[{"embeddable":true,"href":"https:\/\/regiaonews.net.br\/2022\/wp-json\/wp\/v2\/users\/2"}],"replies":[{"embeddable":true,"href":"https:\/\/regiaonews.net.br\/2022\/wp-json\/wp\/v2\/comments?post=38822"}],"version-history":[{"count":0,"href":"https:\/\/regiaonews.net.br\/2022\/wp-json\/wp\/v2\/posts\/38822\/revisions"}],"wp:featuredmedia":[{"embeddable":true,"href":"https:\/\/regiaonews.net.br\/2022\/wp-json\/wp\/v2\/media\/38823"}],"wp:attachment":[{"href":"https:\/\/regiaonews.net.br\/2022\/wp-json\/wp\/v2\/media?parent=38822"}],"wp:term":[{"taxonomy":"category","embeddable":true,"href":"https:\/\/regiaonews.net.br\/2022\/wp-json\/wp\/v2\/categories?post=38822"},{"taxonomy":"post_tag","embeddable":true,"href":"https:\/\/regiaonews.net.br\/2022\/wp-json\/wp\/v2\/tags?post=38822"}],"curies":[{"name":"wp","href":"https:\/\/api.w.org\/{rel}","templated":true}]}}