{"id":38588,"date":"2020-10-09T15:08:10","date_gmt":"2020-10-09T18:08:10","guid":{"rendered":"https:\/\/regiaonews.net.br\/2022\/?p=38588"},"modified":"2020-10-09T15:09:01","modified_gmt":"2020-10-09T18:09:01","slug":"seis-regioes-do-estado-de-sao-paulo-estao-na-fase-verde","status":"publish","type":"post","link":"https:\/\/regiaonews.net.br\/2022\/2020\/10\/09\/seis-regioes-do-estado-de-sao-paulo-estao-na-fase-verde\/","title":{"rendered":"Seis regi\u00f5es do estado de S\u00e3o Paulo est\u00e3o na fase verde"},"content":{"rendered":"<p><a href=\"https:\/\/regiaonews.net.br\/2022\/wp-content\/uploads\/2020\/10\/atualizacao_fase_verde-1.jpeg\"><img loading=\"lazy\" decoding=\"async\" class=\"alignnone size-medium wp-image-38589\" src=\"https:\/\/regiaonews.net.br\/2022\/wp-content\/uploads\/2020\/10\/atualizacao_fase_verde-1-300x179.jpeg\" alt=\"\" width=\"300\" height=\"179\" \/><\/a><\/p>\n<p>Seis regi\u00f5es do estado de S\u00e3o Paulo evolu\u00edram seus indicadores relacionados \u00e0 pandemia do novo coronav\u00edrus (covid-19) e passaram hoje (9) para a Fase 4 &#8211; Verde do Plano S\u00e3o Paulo. Entre estas regi\u00f5es est\u00e1 a capital paulista.<img decoding=\"async\" src=\"https:\/\/agenciabrasil.ebc.com.br\/ebc.png?id=1390241&amp;o=node\" \/><img decoding=\"async\" src=\"https:\/\/agenciabrasil.ebc.com.br\/ebc.gif?id=1390241&amp;o=node\" \/><\/p>\n<p>Apenas uma regi\u00e3o regrediu de fase, Barretos, que passou da Fase 3 \u2013 Amarela para a Fase 2 &#8211; Laranja, por aumento nos \u00f3bitos por coronav\u00edrus e na taxa de interna\u00e7\u00e3o.<\/p>\n<p>As regi\u00f5es que evolu\u00edram para a Fase 4 s\u00e3o a Baixada Santista, a Regi\u00e3o Metropolitana de S\u00e3o Paulo, Campinas, Taubat\u00e9, Piracicaba e Sorocaba. Com a atualiza\u00e7\u00e3o de hoje (9), a regi\u00e3o metropolitana, que antes era dividida em seis regi\u00f5es &#8211; com a separa\u00e7\u00e3o da capital paulista e outras cinco sub-regi\u00f5es \u2013 passar\u00e1 a ser representada por apenas uma regi\u00e3o.<\/p>\n<p>As demais regi\u00f5es do estado permaneceram na Fase 3 \u2013 Amarela do Plano S\u00e3o Paulo.<\/p>\n<p>Na fase amarela, as regi\u00f5es podem reabrir bares, restaurantes e sal\u00f5es de beleza com 40% da capacidade, al\u00e9m de academias com 30% de vagas e mediante agendamento. Com a mudan\u00e7a anunciada hoje, bares e restaurantes poder\u00e3o reabrir de 8 horas para 10 horas por dia.<\/p>\n<p>J\u00e1 na fase laranja, o funcionamento \u00e9 permitido para escrit\u00f3rios em geral, imobili\u00e1rias, com\u00e9rcio de rua, shoppings e concession\u00e1rias com 20% de sua capacidade. Essa abertura pode ser feita pelo per\u00edodo de 4 horas di\u00e1rias, todos os dias; ou por 6 horas, desde que abram apenas por quatro dias na semana.<\/p>\n<p>A fase verde, por sua vez, permite que os estabelecimentos comerciais possam atender com at\u00e9 60% de sua capacidade e por 12 horas di\u00e1rias. No entanto, bares e restaurantes seguem com a limita\u00e7\u00e3o de atendimento at\u00e9 as 22h. Os clientes, no entanto, poder\u00e3o permanecer nesses locais at\u00e9 as 23h, mas sem poderem ser servidos ap\u00f3s \u00e0s 22h. Na fase verde, no entanto, prossegue a restri\u00e7\u00e3o para atividades que gerem aglomera\u00e7\u00e3o.<\/p>\n<p>Para passar para a Fase 4 \u2013 Verde, a regi\u00e3o precisava estar h\u00e1 pelo menos 28 dias na Fase 3 \u2013 Amarela e tamb\u00e9m atender a crit\u00e9rios como baixa taxa de ocupa\u00e7\u00e3o de leitos de unidades de terapia intensiva (UTI) e uma menor evolu\u00e7\u00e3o da epidemia.<\/p>\n<p>Na \u00faltima atualiza\u00e7\u00e3o no Plano S\u00e3o Paulo, feita no dia 11 de setembro, todo o estado estava na fase amarela.<\/p>\n<p>A nova classifica\u00e7\u00e3o passa a valer a partir de amanh\u00e3 (10) e vale at\u00e9 o dia 16 de novembro, quando haver\u00e1 nova atualiza\u00e7\u00e3o do Plano S\u00e3o Paulo.<\/p>\n","protected":false},"excerpt":{"rendered":"<p>Seis regi\u00f5es do estado de S\u00e3o Paulo evolu\u00edram seus indicadores<\/p>\n","protected":false},"author":2,"featured_media":38589,"comment_status":"open","ping_status":"open","sticky":false,"template":"","format":"standard","meta":{"footnotes":""},"categories":[14,25],"tags":[],"class_list":["post-38588","post","type-post","status-publish","format-standard","has-post-thumbnail","hentry","category-barretos","category-cidades"],"yoast_head":"<!-- This site is optimized with the Yoast SEO plugin v27.4 - https:\/\/yoast.com\/product\/yoast-seo-wordpress\/ -->\n<title>Seis regi\u00f5es do estado de S\u00e3o Paulo est\u00e3o na fase verde - Regi\u00e3o News<\/title>\n<meta name=\"robots\" content=\"index, follow, max-snippet:-1, max-image-preview:large, max-video-preview:-1\" \/>\n<link rel=\"canonical\" href=\"https:\/\/regiaonews.net.br\/2022\/2020\/10\/09\/seis-regioes-do-estado-de-sao-paulo-estao-na-fase-verde\/\" \/>\n<meta property=\"og:locale\" content=\"pt_BR\" \/>\n<meta property=\"og:type\" content=\"article\" \/>\n<meta property=\"og:title\" content=\"Seis regi\u00f5es do estado de S\u00e3o Paulo est\u00e3o na fase verde - Regi\u00e3o News\" \/>\n<meta property=\"og:description\" content=\"Seis regi\u00f5es do estado de S\u00e3o Paulo evolu\u00edram seus indicadores\" \/>\n<meta property=\"og:url\" content=\"https:\/\/regiaonews.net.br\/2022\/2020\/10\/09\/seis-regioes-do-estado-de-sao-paulo-estao-na-fase-verde\/\" \/>\n<meta property=\"og:site_name\" content=\"Regi\u00e3o News\" \/>\n<meta property=\"article:published_time\" content=\"2020-10-09T18:08:10+00:00\" \/>\n<meta property=\"article:modified_time\" content=\"2020-10-09T18:09:01+00:00\" \/>\n<meta property=\"og:image\" content=\"https:\/\/regiaonews.net.br\/2022\/wp-content\/uploads\/2020\/10\/atualizacao_fase_verde-1.jpeg\" \/>\n\t<meta property=\"og:image:width\" content=\"1170\" \/>\n\t<meta property=\"og:image:height\" content=\"700\" \/>\n\t<meta property=\"og:image:type\" content=\"image\/jpeg\" \/>\n<meta name=\"author\" content=\"Roberto\" \/>\n<meta name=\"twitter:card\" content=\"summary_large_image\" \/>\n<meta name=\"twitter:label1\" content=\"Escrito por\" \/>\n\t<meta name=\"twitter:data1\" content=\"Roberto\" \/>\n\t<meta name=\"twitter:label2\" content=\"Est. tempo de leitura\" \/>\n\t<meta name=\"twitter:data2\" content=\"2 minutos\" \/>\n<script type=\"application\/ld+json\" class=\"yoast-schema-graph\">{\"@context\":\"https:\\\/\\\/schema.org\",\"@graph\":[{\"@type\":\"Article\",\"@id\":\"https:\\\/\\\/regiaonews.net.br\\\/2022\\\/2020\\\/10\\\/09\\\/seis-regioes-do-estado-de-sao-paulo-estao-na-fase-verde\\\/#article\",\"isPartOf\":{\"@id\":\"https:\\\/\\\/regiaonews.net.br\\\/2022\\\/2020\\\/10\\\/09\\\/seis-regioes-do-estado-de-sao-paulo-estao-na-fase-verde\\\/\"},\"author\":{\"name\":\"Roberto\",\"@id\":\"https:\\\/\\\/regiaonews.net.br\\\/2022\\\/#\\\/schema\\\/person\\\/2d205a608a5aa97ac279d7a5e6d89ad8\"},\"headline\":\"Seis regi\u00f5es do estado de S\u00e3o Paulo est\u00e3o na fase verde\",\"datePublished\":\"2020-10-09T18:08:10+00:00\",\"dateModified\":\"2020-10-09T18:09:01+00:00\",\"mainEntityOfPage\":{\"@id\":\"https:\\\/\\\/regiaonews.net.br\\\/2022\\\/2020\\\/10\\\/09\\\/seis-regioes-do-estado-de-sao-paulo-estao-na-fase-verde\\\/\"},\"wordCount\":436,\"commentCount\":0,\"publisher\":{\"@id\":\"https:\\\/\\\/regiaonews.net.br\\\/2022\\\/#organization\"},\"image\":{\"@id\":\"https:\\\/\\\/regiaonews.net.br\\\/2022\\\/2020\\\/10\\\/09\\\/seis-regioes-do-estado-de-sao-paulo-estao-na-fase-verde\\\/#primaryimage\"},\"thumbnailUrl\":\"https:\\\/\\\/regiaonews.net.br\\\/2022\\\/wp-content\\\/uploads\\\/2020\\\/10\\\/atualizacao_fase_verde-1.jpeg\",\"articleSection\":[\"Barretos\",\"Cidades\"],\"inLanguage\":\"pt-BR\",\"potentialAction\":[{\"@type\":\"CommentAction\",\"name\":\"Comment\",\"target\":[\"https:\\\/\\\/regiaonews.net.br\\\/2022\\\/2020\\\/10\\\/09\\\/seis-regioes-do-estado-de-sao-paulo-estao-na-fase-verde\\\/#respond\"]}]},{\"@type\":\"WebPage\",\"@id\":\"https:\\\/\\\/regiaonews.net.br\\\/2022\\\/2020\\\/10\\\/09\\\/seis-regioes-do-estado-de-sao-paulo-estao-na-fase-verde\\\/\",\"url\":\"https:\\\/\\\/regiaonews.net.br\\\/2022\\\/2020\\\/10\\\/09\\\/seis-regioes-do-estado-de-sao-paulo-estao-na-fase-verde\\\/\",\"name\":\"Seis regi\u00f5es do estado de S\u00e3o Paulo est\u00e3o na fase verde - Regi\u00e3o News\",\"isPartOf\":{\"@id\":\"https:\\\/\\\/regiaonews.net.br\\\/2022\\\/#website\"},\"primaryImageOfPage\":{\"@id\":\"https:\\\/\\\/regiaonews.net.br\\\/2022\\\/2020\\\/10\\\/09\\\/seis-regioes-do-estado-de-sao-paulo-estao-na-fase-verde\\\/#primaryimage\"},\"image\":{\"@id\":\"https:\\\/\\\/regiaonews.net.br\\\/2022\\\/2020\\\/10\\\/09\\\/seis-regioes-do-estado-de-sao-paulo-estao-na-fase-verde\\\/#primaryimage\"},\"thumbnailUrl\":\"https:\\\/\\\/regiaonews.net.br\\\/2022\\\/wp-content\\\/uploads\\\/2020\\\/10\\\/atualizacao_fase_verde-1.jpeg\",\"datePublished\":\"2020-10-09T18:08:10+00:00\",\"dateModified\":\"2020-10-09T18:09:01+00:00\",\"breadcrumb\":{\"@id\":\"https:\\\/\\\/regiaonews.net.br\\\/2022\\\/2020\\\/10\\\/09\\\/seis-regioes-do-estado-de-sao-paulo-estao-na-fase-verde\\\/#breadcrumb\"},\"inLanguage\":\"pt-BR\",\"potentialAction\":[{\"@type\":\"ReadAction\",\"target\":[\"https:\\\/\\\/regiaonews.net.br\\\/2022\\\/2020\\\/10\\\/09\\\/seis-regioes-do-estado-de-sao-paulo-estao-na-fase-verde\\\/\"]}]},{\"@type\":\"ImageObject\",\"inLanguage\":\"pt-BR\",\"@id\":\"https:\\\/\\\/regiaonews.net.br\\\/2022\\\/2020\\\/10\\\/09\\\/seis-regioes-do-estado-de-sao-paulo-estao-na-fase-verde\\\/#primaryimage\",\"url\":\"https:\\\/\\\/regiaonews.net.br\\\/2022\\\/wp-content\\\/uploads\\\/2020\\\/10\\\/atualizacao_fase_verde-1.jpeg\",\"contentUrl\":\"https:\\\/\\\/regiaonews.net.br\\\/2022\\\/wp-content\\\/uploads\\\/2020\\\/10\\\/atualizacao_fase_verde-1.jpeg\",\"width\":1170,\"height\":700},{\"@type\":\"BreadcrumbList\",\"@id\":\"https:\\\/\\\/regiaonews.net.br\\\/2022\\\/2020\\\/10\\\/09\\\/seis-regioes-do-estado-de-sao-paulo-estao-na-fase-verde\\\/#breadcrumb\",\"itemListElement\":[{\"@type\":\"ListItem\",\"position\":1,\"name\":\"In\u00edcio\",\"item\":\"https:\\\/\\\/regiaonews.net.br\\\/2022\\\/\"},{\"@type\":\"ListItem\",\"position\":2,\"name\":\"Seis regi\u00f5es do estado de S\u00e3o Paulo est\u00e3o na fase verde\"}]},{\"@type\":\"WebSite\",\"@id\":\"https:\\\/\\\/regiaonews.net.br\\\/2022\\\/#website\",\"url\":\"https:\\\/\\\/regiaonews.net.br\\\/2022\\\/\",\"name\":\"Regi\u00e3o News\",\"description\":\"Site de Not\u00edcias de Barretos e regi\u00e3o\",\"publisher\":{\"@id\":\"https:\\\/\\\/regiaonews.net.br\\\/2022\\\/#organization\"},\"potentialAction\":[{\"@type\":\"SearchAction\",\"target\":{\"@type\":\"EntryPoint\",\"urlTemplate\":\"https:\\\/\\\/regiaonews.net.br\\\/2022\\\/?s={search_term_string}\"},\"query-input\":{\"@type\":\"PropertyValueSpecification\",\"valueRequired\":true,\"valueName\":\"search_term_string\"}}],\"inLanguage\":\"pt-BR\"},{\"@type\":\"Organization\",\"@id\":\"https:\\\/\\\/regiaonews.net.br\\\/2022\\\/#organization\",\"name\":\"Regi\u00e3o News\",\"url\":\"https:\\\/\\\/regiaonews.net.br\\\/2022\\\/\",\"logo\":{\"@type\":\"ImageObject\",\"inLanguage\":\"pt-BR\",\"@id\":\"https:\\\/\\\/regiaonews.net.br\\\/2022\\\/#\\\/schema\\\/logo\\\/image\\\/\",\"url\":\"https:\\\/\\\/regiaonews.net.br\\\/2022\\\/wp-content\\\/uploads\\\/2026\\\/03\\\/regiao-13-anos-scaled.jpg\",\"contentUrl\":\"https:\\\/\\\/regiaonews.net.br\\\/2022\\\/wp-content\\\/uploads\\\/2026\\\/03\\\/regiao-13-anos-scaled.jpg\",\"width\":2560,\"height\":635,\"caption\":\"Regi\u00e3o News\"},\"image\":{\"@id\":\"https:\\\/\\\/regiaonews.net.br\\\/2022\\\/#\\\/schema\\\/logo\\\/image\\\/\"}},{\"@type\":\"Person\",\"@id\":\"https:\\\/\\\/regiaonews.net.br\\\/2022\\\/#\\\/schema\\\/person\\\/2d205a608a5aa97ac279d7a5e6d89ad8\",\"name\":\"Roberto\",\"image\":{\"@type\":\"ImageObject\",\"inLanguage\":\"pt-BR\",\"@id\":\"https:\\\/\\\/secure.gravatar.com\\\/avatar\\\/42749d8b712ff9d59ca93dc150494e5b55a44134482993f5baeb97e61b7ecc89?s=96&d=mm&r=g\",\"url\":\"https:\\\/\\\/secure.gravatar.com\\\/avatar\\\/42749d8b712ff9d59ca93dc150494e5b55a44134482993f5baeb97e61b7ecc89?s=96&d=mm&r=g\",\"contentUrl\":\"https:\\\/\\\/secure.gravatar.com\\\/avatar\\\/42749d8b712ff9d59ca93dc150494e5b55a44134482993f5baeb97e61b7ecc89?s=96&d=mm&r=g\",\"caption\":\"Roberto\"},\"url\":\"https:\\\/\\\/regiaonews.net.br\\\/2022\\\/author\\\/roberto\\\/\"}]}<\/script>\n<!-- \/ Yoast SEO plugin. -->","yoast_head_json":{"title":"Seis regi\u00f5es do estado de S\u00e3o Paulo est\u00e3o na fase verde - Regi\u00e3o News","robots":{"index":"index","follow":"follow","max-snippet":"max-snippet:-1","max-image-preview":"max-image-preview:large","max-video-preview":"max-video-preview:-1"},"canonical":"https:\/\/regiaonews.net.br\/2022\/2020\/10\/09\/seis-regioes-do-estado-de-sao-paulo-estao-na-fase-verde\/","og_locale":"pt_BR","og_type":"article","og_title":"Seis regi\u00f5es do estado de S\u00e3o Paulo est\u00e3o na fase verde - Regi\u00e3o News","og_description":"Seis regi\u00f5es do estado de S\u00e3o Paulo evolu\u00edram seus indicadores","og_url":"https:\/\/regiaonews.net.br\/2022\/2020\/10\/09\/seis-regioes-do-estado-de-sao-paulo-estao-na-fase-verde\/","og_site_name":"Regi\u00e3o News","article_published_time":"2020-10-09T18:08:10+00:00","article_modified_time":"2020-10-09T18:09:01+00:00","og_image":[{"width":1170,"height":700,"url":"https:\/\/regiaonews.net.br\/2022\/wp-content\/uploads\/2020\/10\/atualizacao_fase_verde-1.jpeg","type":"image\/jpeg"}],"author":"Roberto","twitter_card":"summary_large_image","twitter_misc":{"Escrito por":"Roberto","Est. tempo de leitura":"2 minutos"},"schema":{"@context":"https:\/\/schema.org","@graph":[{"@type":"Article","@id":"https:\/\/regiaonews.net.br\/2022\/2020\/10\/09\/seis-regioes-do-estado-de-sao-paulo-estao-na-fase-verde\/#article","isPartOf":{"@id":"https:\/\/regiaonews.net.br\/2022\/2020\/10\/09\/seis-regioes-do-estado-de-sao-paulo-estao-na-fase-verde\/"},"author":{"name":"Roberto","@id":"https:\/\/regiaonews.net.br\/2022\/#\/schema\/person\/2d205a608a5aa97ac279d7a5e6d89ad8"},"headline":"Seis regi\u00f5es do estado de S\u00e3o Paulo est\u00e3o na fase verde","datePublished":"2020-10-09T18:08:10+00:00","dateModified":"2020-10-09T18:09:01+00:00","mainEntityOfPage":{"@id":"https:\/\/regiaonews.net.br\/2022\/2020\/10\/09\/seis-regioes-do-estado-de-sao-paulo-estao-na-fase-verde\/"},"wordCount":436,"commentCount":0,"publisher":{"@id":"https:\/\/regiaonews.net.br\/2022\/#organization"},"image":{"@id":"https:\/\/regiaonews.net.br\/2022\/2020\/10\/09\/seis-regioes-do-estado-de-sao-paulo-estao-na-fase-verde\/#primaryimage"},"thumbnailUrl":"https:\/\/regiaonews.net.br\/2022\/wp-content\/uploads\/2020\/10\/atualizacao_fase_verde-1.jpeg","articleSection":["Barretos","Cidades"],"inLanguage":"pt-BR","potentialAction":[{"@type":"CommentAction","name":"Comment","target":["https:\/\/regiaonews.net.br\/2022\/2020\/10\/09\/seis-regioes-do-estado-de-sao-paulo-estao-na-fase-verde\/#respond"]}]},{"@type":"WebPage","@id":"https:\/\/regiaonews.net.br\/2022\/2020\/10\/09\/seis-regioes-do-estado-de-sao-paulo-estao-na-fase-verde\/","url":"https:\/\/regiaonews.net.br\/2022\/2020\/10\/09\/seis-regioes-do-estado-de-sao-paulo-estao-na-fase-verde\/","name":"Seis regi\u00f5es do estado de S\u00e3o Paulo est\u00e3o na fase verde - Regi\u00e3o News","isPartOf":{"@id":"https:\/\/regiaonews.net.br\/2022\/#website"},"primaryImageOfPage":{"@id":"https:\/\/regiaonews.net.br\/2022\/2020\/10\/09\/seis-regioes-do-estado-de-sao-paulo-estao-na-fase-verde\/#primaryimage"},"image":{"@id":"https:\/\/regiaonews.net.br\/2022\/2020\/10\/09\/seis-regioes-do-estado-de-sao-paulo-estao-na-fase-verde\/#primaryimage"},"thumbnailUrl":"https:\/\/regiaonews.net.br\/2022\/wp-content\/uploads\/2020\/10\/atualizacao_fase_verde-1.jpeg","datePublished":"2020-10-09T18:08:10+00:00","dateModified":"2020-10-09T18:09:01+00:00","breadcrumb":{"@id":"https:\/\/regiaonews.net.br\/2022\/2020\/10\/09\/seis-regioes-do-estado-de-sao-paulo-estao-na-fase-verde\/#breadcrumb"},"inLanguage":"pt-BR","potentialAction":[{"@type":"ReadAction","target":["https:\/\/regiaonews.net.br\/2022\/2020\/10\/09\/seis-regioes-do-estado-de-sao-paulo-estao-na-fase-verde\/"]}]},{"@type":"ImageObject","inLanguage":"pt-BR","@id":"https:\/\/regiaonews.net.br\/2022\/2020\/10\/09\/seis-regioes-do-estado-de-sao-paulo-estao-na-fase-verde\/#primaryimage","url":"https:\/\/regiaonews.net.br\/2022\/wp-content\/uploads\/2020\/10\/atualizacao_fase_verde-1.jpeg","contentUrl":"https:\/\/regiaonews.net.br\/2022\/wp-content\/uploads\/2020\/10\/atualizacao_fase_verde-1.jpeg","width":1170,"height":700},{"@type":"BreadcrumbList","@id":"https:\/\/regiaonews.net.br\/2022\/2020\/10\/09\/seis-regioes-do-estado-de-sao-paulo-estao-na-fase-verde\/#breadcrumb","itemListElement":[{"@type":"ListItem","position":1,"name":"In\u00edcio","item":"https:\/\/regiaonews.net.br\/2022\/"},{"@type":"ListItem","position":2,"name":"Seis regi\u00f5es do estado de S\u00e3o Paulo est\u00e3o na fase verde"}]},{"@type":"WebSite","@id":"https:\/\/regiaonews.net.br\/2022\/#website","url":"https:\/\/regiaonews.net.br\/2022\/","name":"Regi\u00e3o News","description":"Site de Not\u00edcias de Barretos e regi\u00e3o","publisher":{"@id":"https:\/\/regiaonews.net.br\/2022\/#organization"},"potentialAction":[{"@type":"SearchAction","target":{"@type":"EntryPoint","urlTemplate":"https:\/\/regiaonews.net.br\/2022\/?s={search_term_string}"},"query-input":{"@type":"PropertyValueSpecification","valueRequired":true,"valueName":"search_term_string"}}],"inLanguage":"pt-BR"},{"@type":"Organization","@id":"https:\/\/regiaonews.net.br\/2022\/#organization","name":"Regi\u00e3o News","url":"https:\/\/regiaonews.net.br\/2022\/","logo":{"@type":"ImageObject","inLanguage":"pt-BR","@id":"https:\/\/regiaonews.net.br\/2022\/#\/schema\/logo\/image\/","url":"https:\/\/regiaonews.net.br\/2022\/wp-content\/uploads\/2026\/03\/regiao-13-anos-scaled.jpg","contentUrl":"https:\/\/regiaonews.net.br\/2022\/wp-content\/uploads\/2026\/03\/regiao-13-anos-scaled.jpg","width":2560,"height":635,"caption":"Regi\u00e3o News"},"image":{"@id":"https:\/\/regiaonews.net.br\/2022\/#\/schema\/logo\/image\/"}},{"@type":"Person","@id":"https:\/\/regiaonews.net.br\/2022\/#\/schema\/person\/2d205a608a5aa97ac279d7a5e6d89ad8","name":"Roberto","image":{"@type":"ImageObject","inLanguage":"pt-BR","@id":"https:\/\/secure.gravatar.com\/avatar\/42749d8b712ff9d59ca93dc150494e5b55a44134482993f5baeb97e61b7ecc89?s=96&d=mm&r=g","url":"https:\/\/secure.gravatar.com\/avatar\/42749d8b712ff9d59ca93dc150494e5b55a44134482993f5baeb97e61b7ecc89?s=96&d=mm&r=g","contentUrl":"https:\/\/secure.gravatar.com\/avatar\/42749d8b712ff9d59ca93dc150494e5b55a44134482993f5baeb97e61b7ecc89?s=96&d=mm&r=g","caption":"Roberto"},"url":"https:\/\/regiaonews.net.br\/2022\/author\/roberto\/"}]}},"publishpress_future_action":{"enabled":false,"date":"2026-05-02 02:34:03","action":"change-status","newStatus":"draft","terms":[],"taxonomy":"category","extraData":[]},"publishpress_future_workflow_manual_trigger":{"enabledWorkflows":[]},"_links":{"self":[{"href":"https:\/\/regiaonews.net.br\/2022\/wp-json\/wp\/v2\/posts\/38588","targetHints":{"allow":["GET"]}}],"collection":[{"href":"https:\/\/regiaonews.net.br\/2022\/wp-json\/wp\/v2\/posts"}],"about":[{"href":"https:\/\/regiaonews.net.br\/2022\/wp-json\/wp\/v2\/types\/post"}],"author":[{"embeddable":true,"href":"https:\/\/regiaonews.net.br\/2022\/wp-json\/wp\/v2\/users\/2"}],"replies":[{"embeddable":true,"href":"https:\/\/regiaonews.net.br\/2022\/wp-json\/wp\/v2\/comments?post=38588"}],"version-history":[{"count":0,"href":"https:\/\/regiaonews.net.br\/2022\/wp-json\/wp\/v2\/posts\/38588\/revisions"}],"wp:featuredmedia":[{"embeddable":true,"href":"https:\/\/regiaonews.net.br\/2022\/wp-json\/wp\/v2\/media\/38589"}],"wp:attachment":[{"href":"https:\/\/regiaonews.net.br\/2022\/wp-json\/wp\/v2\/media?parent=38588"}],"wp:term":[{"taxonomy":"category","embeddable":true,"href":"https:\/\/regiaonews.net.br\/2022\/wp-json\/wp\/v2\/categories?post=38588"},{"taxonomy":"post_tag","embeddable":true,"href":"https:\/\/regiaonews.net.br\/2022\/wp-json\/wp\/v2\/tags?post=38588"}],"curies":[{"name":"wp","href":"https:\/\/api.w.org\/{rel}","templated":true}]}}