{"id":38327,"date":"2020-10-01T14:27:16","date_gmt":"2020-10-01T17:27:16","guid":{"rendered":"https:\/\/regiaonews.net.br\/2022\/?p=38327"},"modified":"2020-10-01T14:27:16","modified_gmt":"2020-10-01T17:27:16","slug":"pm-prende-motorista-que-dirigiu-em-alta-velocidade-e-com-drogas","status":"publish","type":"post","link":"https:\/\/regiaonews.net.br\/2022\/2020\/10\/01\/pm-prende-motorista-que-dirigiu-em-alta-velocidade-e-com-drogas\/","title":{"rendered":"PM prende motorista que dirigiu em alta velocidade e com drogas"},"content":{"rendered":"<p><a href=\"https:\/\/regiaonews.net.br\/2022\/wp-content\/uploads\/2020\/10\/policial.jpg\"><img loading=\"lazy\" decoding=\"async\" class=\"alignnone size-medium wp-image-38328\" src=\"https:\/\/regiaonews.net.br\/2022\/wp-content\/uploads\/2020\/10\/policial-300x208.jpg\" alt=\"\" width=\"300\" height=\"208\" \/><\/a><\/p>\n<p>Os Policiais Militares, cabo Adriano e soldado Daniel, informaram no plant\u00e3o policial que eles realizavam patrulhamento pelas ruas do bairro Zequinha Am\u00eandola, visando coibir furtos e roubos, e em determinado momento os policiais visualizaram um ve\u00edculo Honda Civic, cor cinza, ocupado por dois indiv\u00edduos, que trafegavam no contra fluxo.<br \/>\nOs policiais ent\u00e3o retornaram com a viatura na intens\u00e3o de realizar a abordagem deste ve\u00edculo, que ent\u00e3o saiu em alta velocidade, sendo iniciado o acompanhamento por v\u00e1rios bairros da cidade.<br \/>\nOcorre que depois de um determinado tempo de fuga, um dos pneus dianteiros do carro estourou, por\u00e9m, seu condutor n\u00e3o parou, continuando a dirigir e colocando em risco a integridade f\u00edsica dele e seu passageiro, pedestres, ciclistas e de condutores de outros ve\u00edculos que transitavam pela via.<br \/>\nAp\u00f3s, aproximadamente, 15 minutos de acompanhamento o ve\u00edculo foi abordado no Jardim dos Coqueiros, sendo seus ocupantes identificados como D.M.N., e na condi\u00e7\u00e3o de passageiro estava seu irm\u00e3o, um garoto de 12 anos.<br \/>\nEm busca pessoal foi localizado com o D.M.N., um pino contendo coca\u00edna e em buscas pelo ve\u00edculo foi encontrado outro pino contendo coca\u00edna e uma por\u00e7\u00e3o de maconha.<br \/>\nNa delegacia foi determinado pelo delegado, Dr. Marcelo Puppo, que fosse elaborado um Termo Circunstanciado, versando sobre porte de entorpecente, Desobedi\u00eancia e Dire\u00e7\u00e3o Incompat\u00edvel.<br \/>\nTamb\u00e9m atuaram nesta ocorr\u00eancia os Militares da For\u00e7a T\u00e1tica, sargento Roberto, cabo Pereira, soldado Adriano Reis e DEJEN, com o sargento Lopes e cabo Reis.<\/p>\n","protected":false},"excerpt":{"rendered":"<p>Os Policiais Militares, cabo Adriano e soldado Daniel, informaram no<\/p>\n","protected":false},"author":2,"featured_media":0,"comment_status":"open","ping_status":"open","sticky":false,"template":"","format":"standard","meta":{"footnotes":""},"categories":[14,25,23],"tags":[],"class_list":["post-38327","post","type-post","status-publish","format-standard","hentry","category-barretos","category-cidades","category-policia"],"yoast_head":"<!-- This site is optimized with the Yoast SEO plugin v27.4 - https:\/\/yoast.com\/product\/yoast-seo-wordpress\/ -->\n<title>PM prende motorista que dirigiu em alta velocidade e com drogas - Regi\u00e3o News<\/title>\n<meta name=\"robots\" content=\"index, follow, max-snippet:-1, max-image-preview:large, max-video-preview:-1\" \/>\n<link rel=\"canonical\" href=\"https:\/\/regiaonews.net.br\/2022\/2020\/10\/01\/pm-prende-motorista-que-dirigiu-em-alta-velocidade-e-com-drogas\/\" \/>\n<meta property=\"og:locale\" content=\"pt_BR\" \/>\n<meta property=\"og:type\" content=\"article\" \/>\n<meta property=\"og:title\" content=\"PM prende motorista que dirigiu em alta velocidade e com drogas - Regi\u00e3o News\" \/>\n<meta property=\"og:description\" content=\"Os Policiais Militares, cabo Adriano e soldado Daniel, informaram no\" \/>\n<meta property=\"og:url\" content=\"https:\/\/regiaonews.net.br\/2022\/2020\/10\/01\/pm-prende-motorista-que-dirigiu-em-alta-velocidade-e-com-drogas\/\" \/>\n<meta property=\"og:site_name\" content=\"Regi\u00e3o News\" \/>\n<meta property=\"article:published_time\" content=\"2020-10-01T17:27:16+00:00\" \/>\n<meta property=\"og:image\" content=\"https:\/\/regiaonews.net.br\/2022\/wp-content\/uploads\/2020\/10\/policial-300x208.jpg\" \/>\n<meta name=\"author\" content=\"Roberto\" \/>\n<meta name=\"twitter:card\" content=\"summary_large_image\" \/>\n<meta name=\"twitter:label1\" content=\"Escrito por\" \/>\n\t<meta name=\"twitter:data1\" content=\"Roberto\" \/>\n\t<meta name=\"twitter:label2\" content=\"Est. tempo de leitura\" \/>\n\t<meta name=\"twitter:data2\" content=\"1 minuto\" \/>\n<script type=\"application\/ld+json\" class=\"yoast-schema-graph\">{\"@context\":\"https:\\\/\\\/schema.org\",\"@graph\":[{\"@type\":\"Article\",\"@id\":\"https:\\\/\\\/regiaonews.net.br\\\/2022\\\/2020\\\/10\\\/01\\\/pm-prende-motorista-que-dirigiu-em-alta-velocidade-e-com-drogas\\\/#article\",\"isPartOf\":{\"@id\":\"https:\\\/\\\/regiaonews.net.br\\\/2022\\\/2020\\\/10\\\/01\\\/pm-prende-motorista-que-dirigiu-em-alta-velocidade-e-com-drogas\\\/\"},\"author\":{\"name\":\"Roberto\",\"@id\":\"https:\\\/\\\/regiaonews.net.br\\\/2022\\\/#\\\/schema\\\/person\\\/2d205a608a5aa97ac279d7a5e6d89ad8\"},\"headline\":\"PM prende motorista que dirigiu em alta velocidade e com drogas\",\"datePublished\":\"2020-10-01T17:27:16+00:00\",\"mainEntityOfPage\":{\"@id\":\"https:\\\/\\\/regiaonews.net.br\\\/2022\\\/2020\\\/10\\\/01\\\/pm-prende-motorista-que-dirigiu-em-alta-velocidade-e-com-drogas\\\/\"},\"wordCount\":277,\"commentCount\":0,\"publisher\":{\"@id\":\"https:\\\/\\\/regiaonews.net.br\\\/2022\\\/#organization\"},\"image\":{\"@id\":\"https:\\\/\\\/regiaonews.net.br\\\/2022\\\/2020\\\/10\\\/01\\\/pm-prende-motorista-que-dirigiu-em-alta-velocidade-e-com-drogas\\\/#primaryimage\"},\"thumbnailUrl\":\"https:\\\/\\\/regiaonews.net.br\\\/2022\\\/wp-content\\\/uploads\\\/2020\\\/10\\\/policial-300x208.jpg\",\"articleSection\":[\"Barretos\",\"Cidades\",\"Policia\"],\"inLanguage\":\"pt-BR\",\"potentialAction\":[{\"@type\":\"CommentAction\",\"name\":\"Comment\",\"target\":[\"https:\\\/\\\/regiaonews.net.br\\\/2022\\\/2020\\\/10\\\/01\\\/pm-prende-motorista-que-dirigiu-em-alta-velocidade-e-com-drogas\\\/#respond\"]}]},{\"@type\":\"WebPage\",\"@id\":\"https:\\\/\\\/regiaonews.net.br\\\/2022\\\/2020\\\/10\\\/01\\\/pm-prende-motorista-que-dirigiu-em-alta-velocidade-e-com-drogas\\\/\",\"url\":\"https:\\\/\\\/regiaonews.net.br\\\/2022\\\/2020\\\/10\\\/01\\\/pm-prende-motorista-que-dirigiu-em-alta-velocidade-e-com-drogas\\\/\",\"name\":\"PM prende motorista que dirigiu em alta velocidade e com drogas - Regi\u00e3o News\",\"isPartOf\":{\"@id\":\"https:\\\/\\\/regiaonews.net.br\\\/2022\\\/#website\"},\"primaryImageOfPage\":{\"@id\":\"https:\\\/\\\/regiaonews.net.br\\\/2022\\\/2020\\\/10\\\/01\\\/pm-prende-motorista-que-dirigiu-em-alta-velocidade-e-com-drogas\\\/#primaryimage\"},\"image\":{\"@id\":\"https:\\\/\\\/regiaonews.net.br\\\/2022\\\/2020\\\/10\\\/01\\\/pm-prende-motorista-que-dirigiu-em-alta-velocidade-e-com-drogas\\\/#primaryimage\"},\"thumbnailUrl\":\"https:\\\/\\\/regiaonews.net.br\\\/2022\\\/wp-content\\\/uploads\\\/2020\\\/10\\\/policial-300x208.jpg\",\"datePublished\":\"2020-10-01T17:27:16+00:00\",\"breadcrumb\":{\"@id\":\"https:\\\/\\\/regiaonews.net.br\\\/2022\\\/2020\\\/10\\\/01\\\/pm-prende-motorista-que-dirigiu-em-alta-velocidade-e-com-drogas\\\/#breadcrumb\"},\"inLanguage\":\"pt-BR\",\"potentialAction\":[{\"@type\":\"ReadAction\",\"target\":[\"https:\\\/\\\/regiaonews.net.br\\\/2022\\\/2020\\\/10\\\/01\\\/pm-prende-motorista-que-dirigiu-em-alta-velocidade-e-com-drogas\\\/\"]}]},{\"@type\":\"ImageObject\",\"inLanguage\":\"pt-BR\",\"@id\":\"https:\\\/\\\/regiaonews.net.br\\\/2022\\\/2020\\\/10\\\/01\\\/pm-prende-motorista-que-dirigiu-em-alta-velocidade-e-com-drogas\\\/#primaryimage\",\"url\":\"https:\\\/\\\/regiaonews.net.br\\\/2022\\\/wp-content\\\/uploads\\\/2020\\\/10\\\/policial.jpg\",\"contentUrl\":\"https:\\\/\\\/regiaonews.net.br\\\/2022\\\/wp-content\\\/uploads\\\/2020\\\/10\\\/policial.jpg\",\"width\":650,\"height\":450},{\"@type\":\"BreadcrumbList\",\"@id\":\"https:\\\/\\\/regiaonews.net.br\\\/2022\\\/2020\\\/10\\\/01\\\/pm-prende-motorista-que-dirigiu-em-alta-velocidade-e-com-drogas\\\/#breadcrumb\",\"itemListElement\":[{\"@type\":\"ListItem\",\"position\":1,\"name\":\"In\u00edcio\",\"item\":\"https:\\\/\\\/regiaonews.net.br\\\/2022\\\/\"},{\"@type\":\"ListItem\",\"position\":2,\"name\":\"PM prende motorista que dirigiu em alta velocidade e com drogas\"}]},{\"@type\":\"WebSite\",\"@id\":\"https:\\\/\\\/regiaonews.net.br\\\/2022\\\/#website\",\"url\":\"https:\\\/\\\/regiaonews.net.br\\\/2022\\\/\",\"name\":\"Regi\u00e3o News\",\"description\":\"Site de Not\u00edcias de Barretos e regi\u00e3o\",\"publisher\":{\"@id\":\"https:\\\/\\\/regiaonews.net.br\\\/2022\\\/#organization\"},\"potentialAction\":[{\"@type\":\"SearchAction\",\"target\":{\"@type\":\"EntryPoint\",\"urlTemplate\":\"https:\\\/\\\/regiaonews.net.br\\\/2022\\\/?s={search_term_string}\"},\"query-input\":{\"@type\":\"PropertyValueSpecification\",\"valueRequired\":true,\"valueName\":\"search_term_string\"}}],\"inLanguage\":\"pt-BR\"},{\"@type\":\"Organization\",\"@id\":\"https:\\\/\\\/regiaonews.net.br\\\/2022\\\/#organization\",\"name\":\"Regi\u00e3o News\",\"url\":\"https:\\\/\\\/regiaonews.net.br\\\/2022\\\/\",\"logo\":{\"@type\":\"ImageObject\",\"inLanguage\":\"pt-BR\",\"@id\":\"https:\\\/\\\/regiaonews.net.br\\\/2022\\\/#\\\/schema\\\/logo\\\/image\\\/\",\"url\":\"https:\\\/\\\/regiaonews.net.br\\\/2022\\\/wp-content\\\/uploads\\\/2026\\\/03\\\/regiao-13-anos-scaled.jpg\",\"contentUrl\":\"https:\\\/\\\/regiaonews.net.br\\\/2022\\\/wp-content\\\/uploads\\\/2026\\\/03\\\/regiao-13-anos-scaled.jpg\",\"width\":2560,\"height\":635,\"caption\":\"Regi\u00e3o News\"},\"image\":{\"@id\":\"https:\\\/\\\/regiaonews.net.br\\\/2022\\\/#\\\/schema\\\/logo\\\/image\\\/\"}},{\"@type\":\"Person\",\"@id\":\"https:\\\/\\\/regiaonews.net.br\\\/2022\\\/#\\\/schema\\\/person\\\/2d205a608a5aa97ac279d7a5e6d89ad8\",\"name\":\"Roberto\",\"image\":{\"@type\":\"ImageObject\",\"inLanguage\":\"pt-BR\",\"@id\":\"https:\\\/\\\/secure.gravatar.com\\\/avatar\\\/42749d8b712ff9d59ca93dc150494e5b55a44134482993f5baeb97e61b7ecc89?s=96&d=mm&r=g\",\"url\":\"https:\\\/\\\/secure.gravatar.com\\\/avatar\\\/42749d8b712ff9d59ca93dc150494e5b55a44134482993f5baeb97e61b7ecc89?s=96&d=mm&r=g\",\"contentUrl\":\"https:\\\/\\\/secure.gravatar.com\\\/avatar\\\/42749d8b712ff9d59ca93dc150494e5b55a44134482993f5baeb97e61b7ecc89?s=96&d=mm&r=g\",\"caption\":\"Roberto\"},\"url\":\"https:\\\/\\\/regiaonews.net.br\\\/2022\\\/author\\\/roberto\\\/\"}]}<\/script>\n<!-- \/ Yoast SEO plugin. -->","yoast_head_json":{"title":"PM prende motorista que dirigiu em alta velocidade e com drogas - Regi\u00e3o News","robots":{"index":"index","follow":"follow","max-snippet":"max-snippet:-1","max-image-preview":"max-image-preview:large","max-video-preview":"max-video-preview:-1"},"canonical":"https:\/\/regiaonews.net.br\/2022\/2020\/10\/01\/pm-prende-motorista-que-dirigiu-em-alta-velocidade-e-com-drogas\/","og_locale":"pt_BR","og_type":"article","og_title":"PM prende motorista que dirigiu em alta velocidade e com drogas - Regi\u00e3o News","og_description":"Os Policiais Militares, cabo Adriano e soldado Daniel, informaram no","og_url":"https:\/\/regiaonews.net.br\/2022\/2020\/10\/01\/pm-prende-motorista-que-dirigiu-em-alta-velocidade-e-com-drogas\/","og_site_name":"Regi\u00e3o News","article_published_time":"2020-10-01T17:27:16+00:00","og_image":[{"url":"https:\/\/regiaonews.net.br\/2022\/wp-content\/uploads\/2020\/10\/policial-300x208.jpg","type":"","width":"","height":""}],"author":"Roberto","twitter_card":"summary_large_image","twitter_misc":{"Escrito por":"Roberto","Est. tempo de leitura":"1 minuto"},"schema":{"@context":"https:\/\/schema.org","@graph":[{"@type":"Article","@id":"https:\/\/regiaonews.net.br\/2022\/2020\/10\/01\/pm-prende-motorista-que-dirigiu-em-alta-velocidade-e-com-drogas\/#article","isPartOf":{"@id":"https:\/\/regiaonews.net.br\/2022\/2020\/10\/01\/pm-prende-motorista-que-dirigiu-em-alta-velocidade-e-com-drogas\/"},"author":{"name":"Roberto","@id":"https:\/\/regiaonews.net.br\/2022\/#\/schema\/person\/2d205a608a5aa97ac279d7a5e6d89ad8"},"headline":"PM prende motorista que dirigiu em alta velocidade e com drogas","datePublished":"2020-10-01T17:27:16+00:00","mainEntityOfPage":{"@id":"https:\/\/regiaonews.net.br\/2022\/2020\/10\/01\/pm-prende-motorista-que-dirigiu-em-alta-velocidade-e-com-drogas\/"},"wordCount":277,"commentCount":0,"publisher":{"@id":"https:\/\/regiaonews.net.br\/2022\/#organization"},"image":{"@id":"https:\/\/regiaonews.net.br\/2022\/2020\/10\/01\/pm-prende-motorista-que-dirigiu-em-alta-velocidade-e-com-drogas\/#primaryimage"},"thumbnailUrl":"https:\/\/regiaonews.net.br\/2022\/wp-content\/uploads\/2020\/10\/policial-300x208.jpg","articleSection":["Barretos","Cidades","Policia"],"inLanguage":"pt-BR","potentialAction":[{"@type":"CommentAction","name":"Comment","target":["https:\/\/regiaonews.net.br\/2022\/2020\/10\/01\/pm-prende-motorista-que-dirigiu-em-alta-velocidade-e-com-drogas\/#respond"]}]},{"@type":"WebPage","@id":"https:\/\/regiaonews.net.br\/2022\/2020\/10\/01\/pm-prende-motorista-que-dirigiu-em-alta-velocidade-e-com-drogas\/","url":"https:\/\/regiaonews.net.br\/2022\/2020\/10\/01\/pm-prende-motorista-que-dirigiu-em-alta-velocidade-e-com-drogas\/","name":"PM prende motorista que dirigiu em alta velocidade e com drogas - Regi\u00e3o News","isPartOf":{"@id":"https:\/\/regiaonews.net.br\/2022\/#website"},"primaryImageOfPage":{"@id":"https:\/\/regiaonews.net.br\/2022\/2020\/10\/01\/pm-prende-motorista-que-dirigiu-em-alta-velocidade-e-com-drogas\/#primaryimage"},"image":{"@id":"https:\/\/regiaonews.net.br\/2022\/2020\/10\/01\/pm-prende-motorista-que-dirigiu-em-alta-velocidade-e-com-drogas\/#primaryimage"},"thumbnailUrl":"https:\/\/regiaonews.net.br\/2022\/wp-content\/uploads\/2020\/10\/policial-300x208.jpg","datePublished":"2020-10-01T17:27:16+00:00","breadcrumb":{"@id":"https:\/\/regiaonews.net.br\/2022\/2020\/10\/01\/pm-prende-motorista-que-dirigiu-em-alta-velocidade-e-com-drogas\/#breadcrumb"},"inLanguage":"pt-BR","potentialAction":[{"@type":"ReadAction","target":["https:\/\/regiaonews.net.br\/2022\/2020\/10\/01\/pm-prende-motorista-que-dirigiu-em-alta-velocidade-e-com-drogas\/"]}]},{"@type":"ImageObject","inLanguage":"pt-BR","@id":"https:\/\/regiaonews.net.br\/2022\/2020\/10\/01\/pm-prende-motorista-que-dirigiu-em-alta-velocidade-e-com-drogas\/#primaryimage","url":"https:\/\/regiaonews.net.br\/2022\/wp-content\/uploads\/2020\/10\/policial.jpg","contentUrl":"https:\/\/regiaonews.net.br\/2022\/wp-content\/uploads\/2020\/10\/policial.jpg","width":650,"height":450},{"@type":"BreadcrumbList","@id":"https:\/\/regiaonews.net.br\/2022\/2020\/10\/01\/pm-prende-motorista-que-dirigiu-em-alta-velocidade-e-com-drogas\/#breadcrumb","itemListElement":[{"@type":"ListItem","position":1,"name":"In\u00edcio","item":"https:\/\/regiaonews.net.br\/2022\/"},{"@type":"ListItem","position":2,"name":"PM prende motorista que dirigiu em alta velocidade e com drogas"}]},{"@type":"WebSite","@id":"https:\/\/regiaonews.net.br\/2022\/#website","url":"https:\/\/regiaonews.net.br\/2022\/","name":"Regi\u00e3o News","description":"Site de Not\u00edcias de Barretos e regi\u00e3o","publisher":{"@id":"https:\/\/regiaonews.net.br\/2022\/#organization"},"potentialAction":[{"@type":"SearchAction","target":{"@type":"EntryPoint","urlTemplate":"https:\/\/regiaonews.net.br\/2022\/?s={search_term_string}"},"query-input":{"@type":"PropertyValueSpecification","valueRequired":true,"valueName":"search_term_string"}}],"inLanguage":"pt-BR"},{"@type":"Organization","@id":"https:\/\/regiaonews.net.br\/2022\/#organization","name":"Regi\u00e3o News","url":"https:\/\/regiaonews.net.br\/2022\/","logo":{"@type":"ImageObject","inLanguage":"pt-BR","@id":"https:\/\/regiaonews.net.br\/2022\/#\/schema\/logo\/image\/","url":"https:\/\/regiaonews.net.br\/2022\/wp-content\/uploads\/2026\/03\/regiao-13-anos-scaled.jpg","contentUrl":"https:\/\/regiaonews.net.br\/2022\/wp-content\/uploads\/2026\/03\/regiao-13-anos-scaled.jpg","width":2560,"height":635,"caption":"Regi\u00e3o News"},"image":{"@id":"https:\/\/regiaonews.net.br\/2022\/#\/schema\/logo\/image\/"}},{"@type":"Person","@id":"https:\/\/regiaonews.net.br\/2022\/#\/schema\/person\/2d205a608a5aa97ac279d7a5e6d89ad8","name":"Roberto","image":{"@type":"ImageObject","inLanguage":"pt-BR","@id":"https:\/\/secure.gravatar.com\/avatar\/42749d8b712ff9d59ca93dc150494e5b55a44134482993f5baeb97e61b7ecc89?s=96&d=mm&r=g","url":"https:\/\/secure.gravatar.com\/avatar\/42749d8b712ff9d59ca93dc150494e5b55a44134482993f5baeb97e61b7ecc89?s=96&d=mm&r=g","contentUrl":"https:\/\/secure.gravatar.com\/avatar\/42749d8b712ff9d59ca93dc150494e5b55a44134482993f5baeb97e61b7ecc89?s=96&d=mm&r=g","caption":"Roberto"},"url":"https:\/\/regiaonews.net.br\/2022\/author\/roberto\/"}]}},"publishpress_future_action":{"enabled":false,"date":"2026-05-02 04:04:39","action":"change-status","newStatus":"draft","terms":[],"taxonomy":"category","extraData":[]},"publishpress_future_workflow_manual_trigger":{"enabledWorkflows":[]},"_links":{"self":[{"href":"https:\/\/regiaonews.net.br\/2022\/wp-json\/wp\/v2\/posts\/38327","targetHints":{"allow":["GET"]}}],"collection":[{"href":"https:\/\/regiaonews.net.br\/2022\/wp-json\/wp\/v2\/posts"}],"about":[{"href":"https:\/\/regiaonews.net.br\/2022\/wp-json\/wp\/v2\/types\/post"}],"author":[{"embeddable":true,"href":"https:\/\/regiaonews.net.br\/2022\/wp-json\/wp\/v2\/users\/2"}],"replies":[{"embeddable":true,"href":"https:\/\/regiaonews.net.br\/2022\/wp-json\/wp\/v2\/comments?post=38327"}],"version-history":[{"count":0,"href":"https:\/\/regiaonews.net.br\/2022\/wp-json\/wp\/v2\/posts\/38327\/revisions"}],"wp:attachment":[{"href":"https:\/\/regiaonews.net.br\/2022\/wp-json\/wp\/v2\/media?parent=38327"}],"wp:term":[{"taxonomy":"category","embeddable":true,"href":"https:\/\/regiaonews.net.br\/2022\/wp-json\/wp\/v2\/categories?post=38327"},{"taxonomy":"post_tag","embeddable":true,"href":"https:\/\/regiaonews.net.br\/2022\/wp-json\/wp\/v2\/tags?post=38327"}],"curies":[{"name":"wp","href":"https:\/\/api.w.org\/{rel}","templated":true}]}}