{"id":37213,"date":"2020-08-31T16:29:45","date_gmt":"2020-08-31T19:29:45","guid":{"rendered":"https:\/\/regiaonews.net.br\/2022\/?p=37213"},"modified":"2020-08-31T16:29:45","modified_gmt":"2020-08-31T19:29:45","slug":"associacao-brasileira-do-trabalho-temporario-debate-lei-geral-de-protecao-de-dados-lgpd-durante-webinar","status":"publish","type":"post","link":"https:\/\/regiaonews.net.br\/2022\/2020\/08\/31\/associacao-brasileira-do-trabalho-temporario-debate-lei-geral-de-protecao-de-dados-lgpd-durante-webinar\/","title":{"rendered":"Associa\u00e7\u00e3o Brasileira do Trabalho Tempor\u00e1rio debate Lei Geral de Prote\u00e7\u00e3o de Dados (LGPD) durante webinar"},"content":{"rendered":"<p>&nbsp;<\/p>\n<p><em>Evento online, que ser\u00e1 realizado no dia 3 de setembro, a partir das 15h, contar\u00e1 com a participa\u00e7\u00e3o de especialistas na \u00e1rea de privacidade de dados, tecnologia e direito<\/em><\/p>\n<p>A ASSERTTEM (Associa\u00e7\u00e3o Brasileira do Trabalho Tempor\u00e1rio) promove no dia 3 de setembro (quinta-feira), a partir das 15 horas, o webinar &#8220;Entenda o que \u00e9 a Lei Geral de Prote\u00e7\u00e3o de Dados e os impactos em sua empresa&#8221;.<\/p>\n<p>O evento online, que \u00e9 gratuito e aberto a todos interessados, ser\u00e1 transmitido pelo canal do Youtube da associa\u00e7\u00e3o e mediado por Alexandre Leite Lopes, diretor Administrativo e Financeiro da ASSERTTEM e CEO da Jobcenter do Brasil. Al\u00e9m disso, contar\u00e1 com a participa\u00e7\u00e3o de Douglas Pereira, diretor regional da ASSERTTEM e diretor da Eventos RH; Rodrigo Dias, DPO, especialista em Governan\u00e7a, Servi\u00e7os e Projetos de Tecnologia, s\u00f3cio-diretor na More IT, RLD Consultoria e membro fundador da Associa\u00e7\u00e3o Nacional dos Profissionais de Privacidade de Dados (ANPPD); e de Nelson Alcantara Rosa Neto, s\u00f3cio do Alcantara Rosa Advogados e p\u00f3s-graduado em Direito Civil, Direito do Trabalho e Contratos.<\/p>\n<p>O webinar tem como objetivo apresentar uma vis\u00e3o geral dos impactos desta nova lei no mercado, al\u00e9m dos procedimentos que devem ser adotados e os desafios dos profissionais envolvidos no manuseio e prote\u00e7\u00e3o dos dados pessoais.<\/p>\n<p>Os interessados devem fazer a inscri\u00e7\u00e3o com anteced\u00eancia pelo link: <u><a href=\"http:\/\/forms.gle\/RqyoALrCNeuf5Mih7\">http:\/\/forms.gle\/RqyoALrCNeuf5Mih7<\/a><\/u> .<\/p>\n<p><strong>AGENDA<\/strong><\/p>\n<p><strong>Webinar &#8220;Entenda o que \u00e9 a Lei Geral de Prote\u00e7\u00e3o de Dados e os impactos em sua empresa&#8221;<\/strong><\/p>\n<p><strong>Data: <\/strong>Quinta-feira (03\/09), a partir das 15 horas<\/p>\n<p><strong>Inscri\u00e7\u00e3o: <\/strong>gratuita e aberta a todos interessados. Deve ser realizada com anteced\u00eancia pelo link: <u><a href=\"http:\/\/forms.gle\/RqyoALrCNeuf5Mih7\">http:\/\/forms.gle\/RqyoALrCNeuf5Mih7<\/a><\/u> .<\/p>\n","protected":false},"excerpt":{"rendered":"<p>&nbsp; Evento online, que ser\u00e1 realizado no dia 3 de<\/p>\n","protected":false},"author":2,"featured_media":37214,"comment_status":"open","ping_status":"open","sticky":false,"template":"","format":"standard","meta":{"footnotes":""},"categories":[24,25,64],"tags":[],"class_list":["post-37213","post","type-post","status-publish","format-standard","has-post-thumbnail","hentry","category-brasil","category-cidades","category-emprego"],"yoast_head":"<!-- This site is optimized with the Yoast SEO plugin v27.4 - https:\/\/yoast.com\/product\/yoast-seo-wordpress\/ -->\n<title>Associa\u00e7\u00e3o Brasileira do Trabalho Tempor\u00e1rio debate Lei Geral de Prote\u00e7\u00e3o de Dados (LGPD) durante webinar - Regi\u00e3o News<\/title>\n<meta name=\"robots\" content=\"index, follow, max-snippet:-1, max-image-preview:large, max-video-preview:-1\" \/>\n<link rel=\"canonical\" href=\"https:\/\/regiaonews.net.br\/2022\/2020\/08\/31\/associacao-brasileira-do-trabalho-temporario-debate-lei-geral-de-protecao-de-dados-lgpd-durante-webinar\/\" \/>\n<meta property=\"og:locale\" content=\"pt_BR\" \/>\n<meta property=\"og:type\" content=\"article\" \/>\n<meta property=\"og:title\" content=\"Associa\u00e7\u00e3o Brasileira do Trabalho Tempor\u00e1rio debate Lei Geral de Prote\u00e7\u00e3o de Dados (LGPD) durante webinar - Regi\u00e3o News\" \/>\n<meta property=\"og:description\" content=\"&nbsp; Evento online, que ser\u00e1 realizado no dia 3 de\" \/>\n<meta property=\"og:url\" content=\"https:\/\/regiaonews.net.br\/2022\/2020\/08\/31\/associacao-brasileira-do-trabalho-temporario-debate-lei-geral-de-protecao-de-dados-lgpd-durante-webinar\/\" \/>\n<meta property=\"og:site_name\" content=\"Regi\u00e3o News\" \/>\n<meta property=\"article:published_time\" content=\"2020-08-31T19:29:45+00:00\" \/>\n<meta property=\"og:image\" content=\"https:\/\/regiaonews.net.br\/2022\/wp-content\/uploads\/2020\/08\/titulos-e-icones-relacionados-a-webinar.jpeg\" \/>\n\t<meta property=\"og:image:width\" content=\"1000\" \/>\n\t<meta property=\"og:image:height\" content=\"558\" \/>\n\t<meta property=\"og:image:type\" content=\"image\/jpeg\" \/>\n<meta name=\"author\" content=\"Roberto\" \/>\n<meta name=\"twitter:card\" content=\"summary_large_image\" \/>\n<meta name=\"twitter:label1\" content=\"Escrito por\" \/>\n\t<meta name=\"twitter:data1\" content=\"Roberto\" \/>\n\t<meta name=\"twitter:label2\" content=\"Est. tempo de leitura\" \/>\n\t<meta name=\"twitter:data2\" content=\"1 minuto\" \/>\n<script type=\"application\/ld+json\" class=\"yoast-schema-graph\">{\"@context\":\"https:\\\/\\\/schema.org\",\"@graph\":[{\"@type\":\"Article\",\"@id\":\"https:\\\/\\\/regiaonews.net.br\\\/2022\\\/2020\\\/08\\\/31\\\/associacao-brasileira-do-trabalho-temporario-debate-lei-geral-de-protecao-de-dados-lgpd-durante-webinar\\\/#article\",\"isPartOf\":{\"@id\":\"https:\\\/\\\/regiaonews.net.br\\\/2022\\\/2020\\\/08\\\/31\\\/associacao-brasileira-do-trabalho-temporario-debate-lei-geral-de-protecao-de-dados-lgpd-durante-webinar\\\/\"},\"author\":{\"name\":\"Roberto\",\"@id\":\"https:\\\/\\\/regiaonews.net.br\\\/2022\\\/#\\\/schema\\\/person\\\/2d205a608a5aa97ac279d7a5e6d89ad8\"},\"headline\":\"Associa\u00e7\u00e3o Brasileira do Trabalho Tempor\u00e1rio debate Lei Geral de Prote\u00e7\u00e3o de Dados (LGPD) durante webinar\",\"datePublished\":\"2020-08-31T19:29:45+00:00\",\"mainEntityOfPage\":{\"@id\":\"https:\\\/\\\/regiaonews.net.br\\\/2022\\\/2020\\\/08\\\/31\\\/associacao-brasileira-do-trabalho-temporario-debate-lei-geral-de-protecao-de-dados-lgpd-durante-webinar\\\/\"},\"wordCount\":302,\"commentCount\":0,\"publisher\":{\"@id\":\"https:\\\/\\\/regiaonews.net.br\\\/2022\\\/#organization\"},\"image\":{\"@id\":\"https:\\\/\\\/regiaonews.net.br\\\/2022\\\/2020\\\/08\\\/31\\\/associacao-brasileira-do-trabalho-temporario-debate-lei-geral-de-protecao-de-dados-lgpd-durante-webinar\\\/#primaryimage\"},\"thumbnailUrl\":\"https:\\\/\\\/regiaonews.net.br\\\/2022\\\/wp-content\\\/uploads\\\/2020\\\/08\\\/titulos-e-icones-relacionados-a-webinar.jpeg\",\"articleSection\":[\"Brasil\",\"Cidades\",\"Emprego\"],\"inLanguage\":\"pt-BR\",\"potentialAction\":[{\"@type\":\"CommentAction\",\"name\":\"Comment\",\"target\":[\"https:\\\/\\\/regiaonews.net.br\\\/2022\\\/2020\\\/08\\\/31\\\/associacao-brasileira-do-trabalho-temporario-debate-lei-geral-de-protecao-de-dados-lgpd-durante-webinar\\\/#respond\"]}]},{\"@type\":\"WebPage\",\"@id\":\"https:\\\/\\\/regiaonews.net.br\\\/2022\\\/2020\\\/08\\\/31\\\/associacao-brasileira-do-trabalho-temporario-debate-lei-geral-de-protecao-de-dados-lgpd-durante-webinar\\\/\",\"url\":\"https:\\\/\\\/regiaonews.net.br\\\/2022\\\/2020\\\/08\\\/31\\\/associacao-brasileira-do-trabalho-temporario-debate-lei-geral-de-protecao-de-dados-lgpd-durante-webinar\\\/\",\"name\":\"Associa\u00e7\u00e3o Brasileira do Trabalho Tempor\u00e1rio debate Lei Geral de Prote\u00e7\u00e3o de Dados (LGPD) durante webinar - Regi\u00e3o News\",\"isPartOf\":{\"@id\":\"https:\\\/\\\/regiaonews.net.br\\\/2022\\\/#website\"},\"primaryImageOfPage\":{\"@id\":\"https:\\\/\\\/regiaonews.net.br\\\/2022\\\/2020\\\/08\\\/31\\\/associacao-brasileira-do-trabalho-temporario-debate-lei-geral-de-protecao-de-dados-lgpd-durante-webinar\\\/#primaryimage\"},\"image\":{\"@id\":\"https:\\\/\\\/regiaonews.net.br\\\/2022\\\/2020\\\/08\\\/31\\\/associacao-brasileira-do-trabalho-temporario-debate-lei-geral-de-protecao-de-dados-lgpd-durante-webinar\\\/#primaryimage\"},\"thumbnailUrl\":\"https:\\\/\\\/regiaonews.net.br\\\/2022\\\/wp-content\\\/uploads\\\/2020\\\/08\\\/titulos-e-icones-relacionados-a-webinar.jpeg\",\"datePublished\":\"2020-08-31T19:29:45+00:00\",\"breadcrumb\":{\"@id\":\"https:\\\/\\\/regiaonews.net.br\\\/2022\\\/2020\\\/08\\\/31\\\/associacao-brasileira-do-trabalho-temporario-debate-lei-geral-de-protecao-de-dados-lgpd-durante-webinar\\\/#breadcrumb\"},\"inLanguage\":\"pt-BR\",\"potentialAction\":[{\"@type\":\"ReadAction\",\"target\":[\"https:\\\/\\\/regiaonews.net.br\\\/2022\\\/2020\\\/08\\\/31\\\/associacao-brasileira-do-trabalho-temporario-debate-lei-geral-de-protecao-de-dados-lgpd-durante-webinar\\\/\"]}]},{\"@type\":\"ImageObject\",\"inLanguage\":\"pt-BR\",\"@id\":\"https:\\\/\\\/regiaonews.net.br\\\/2022\\\/2020\\\/08\\\/31\\\/associacao-brasileira-do-trabalho-temporario-debate-lei-geral-de-protecao-de-dados-lgpd-durante-webinar\\\/#primaryimage\",\"url\":\"https:\\\/\\\/regiaonews.net.br\\\/2022\\\/wp-content\\\/uploads\\\/2020\\\/08\\\/titulos-e-icones-relacionados-a-webinar.jpeg\",\"contentUrl\":\"https:\\\/\\\/regiaonews.net.br\\\/2022\\\/wp-content\\\/uploads\\\/2020\\\/08\\\/titulos-e-icones-relacionados-a-webinar.jpeg\",\"width\":1000,\"height\":558},{\"@type\":\"BreadcrumbList\",\"@id\":\"https:\\\/\\\/regiaonews.net.br\\\/2022\\\/2020\\\/08\\\/31\\\/associacao-brasileira-do-trabalho-temporario-debate-lei-geral-de-protecao-de-dados-lgpd-durante-webinar\\\/#breadcrumb\",\"itemListElement\":[{\"@type\":\"ListItem\",\"position\":1,\"name\":\"In\u00edcio\",\"item\":\"https:\\\/\\\/regiaonews.net.br\\\/2022\\\/\"},{\"@type\":\"ListItem\",\"position\":2,\"name\":\"Associa\u00e7\u00e3o Brasileira do Trabalho Tempor\u00e1rio debate Lei Geral de Prote\u00e7\u00e3o de Dados (LGPD) durante webinar\"}]},{\"@type\":\"WebSite\",\"@id\":\"https:\\\/\\\/regiaonews.net.br\\\/2022\\\/#website\",\"url\":\"https:\\\/\\\/regiaonews.net.br\\\/2022\\\/\",\"name\":\"Regi\u00e3o News\",\"description\":\"Site de Not\u00edcias de Barretos e regi\u00e3o\",\"publisher\":{\"@id\":\"https:\\\/\\\/regiaonews.net.br\\\/2022\\\/#organization\"},\"potentialAction\":[{\"@type\":\"SearchAction\",\"target\":{\"@type\":\"EntryPoint\",\"urlTemplate\":\"https:\\\/\\\/regiaonews.net.br\\\/2022\\\/?s={search_term_string}\"},\"query-input\":{\"@type\":\"PropertyValueSpecification\",\"valueRequired\":true,\"valueName\":\"search_term_string\"}}],\"inLanguage\":\"pt-BR\"},{\"@type\":\"Organization\",\"@id\":\"https:\\\/\\\/regiaonews.net.br\\\/2022\\\/#organization\",\"name\":\"Regi\u00e3o News\",\"url\":\"https:\\\/\\\/regiaonews.net.br\\\/2022\\\/\",\"logo\":{\"@type\":\"ImageObject\",\"inLanguage\":\"pt-BR\",\"@id\":\"https:\\\/\\\/regiaonews.net.br\\\/2022\\\/#\\\/schema\\\/logo\\\/image\\\/\",\"url\":\"https:\\\/\\\/regiaonews.net.br\\\/2022\\\/wp-content\\\/uploads\\\/2026\\\/03\\\/regiao-13-anos-scaled.jpg\",\"contentUrl\":\"https:\\\/\\\/regiaonews.net.br\\\/2022\\\/wp-content\\\/uploads\\\/2026\\\/03\\\/regiao-13-anos-scaled.jpg\",\"width\":2560,\"height\":635,\"caption\":\"Regi\u00e3o News\"},\"image\":{\"@id\":\"https:\\\/\\\/regiaonews.net.br\\\/2022\\\/#\\\/schema\\\/logo\\\/image\\\/\"}},{\"@type\":\"Person\",\"@id\":\"https:\\\/\\\/regiaonews.net.br\\\/2022\\\/#\\\/schema\\\/person\\\/2d205a608a5aa97ac279d7a5e6d89ad8\",\"name\":\"Roberto\",\"image\":{\"@type\":\"ImageObject\",\"inLanguage\":\"pt-BR\",\"@id\":\"https:\\\/\\\/secure.gravatar.com\\\/avatar\\\/42749d8b712ff9d59ca93dc150494e5b55a44134482993f5baeb97e61b7ecc89?s=96&d=mm&r=g\",\"url\":\"https:\\\/\\\/secure.gravatar.com\\\/avatar\\\/42749d8b712ff9d59ca93dc150494e5b55a44134482993f5baeb97e61b7ecc89?s=96&d=mm&r=g\",\"contentUrl\":\"https:\\\/\\\/secure.gravatar.com\\\/avatar\\\/42749d8b712ff9d59ca93dc150494e5b55a44134482993f5baeb97e61b7ecc89?s=96&d=mm&r=g\",\"caption\":\"Roberto\"},\"url\":\"https:\\\/\\\/regiaonews.net.br\\\/2022\\\/author\\\/roberto\\\/\"}]}<\/script>\n<!-- \/ Yoast SEO plugin. -->","yoast_head_json":{"title":"Associa\u00e7\u00e3o Brasileira do Trabalho Tempor\u00e1rio debate Lei Geral de Prote\u00e7\u00e3o de Dados (LGPD) durante webinar - Regi\u00e3o News","robots":{"index":"index","follow":"follow","max-snippet":"max-snippet:-1","max-image-preview":"max-image-preview:large","max-video-preview":"max-video-preview:-1"},"canonical":"https:\/\/regiaonews.net.br\/2022\/2020\/08\/31\/associacao-brasileira-do-trabalho-temporario-debate-lei-geral-de-protecao-de-dados-lgpd-durante-webinar\/","og_locale":"pt_BR","og_type":"article","og_title":"Associa\u00e7\u00e3o Brasileira do Trabalho Tempor\u00e1rio debate Lei Geral de Prote\u00e7\u00e3o de Dados (LGPD) durante webinar - Regi\u00e3o News","og_description":"&nbsp; Evento online, que ser\u00e1 realizado no dia 3 de","og_url":"https:\/\/regiaonews.net.br\/2022\/2020\/08\/31\/associacao-brasileira-do-trabalho-temporario-debate-lei-geral-de-protecao-de-dados-lgpd-durante-webinar\/","og_site_name":"Regi\u00e3o News","article_published_time":"2020-08-31T19:29:45+00:00","og_image":[{"width":1000,"height":558,"url":"https:\/\/regiaonews.net.br\/2022\/wp-content\/uploads\/2020\/08\/titulos-e-icones-relacionados-a-webinar.jpeg","type":"image\/jpeg"}],"author":"Roberto","twitter_card":"summary_large_image","twitter_misc":{"Escrito por":"Roberto","Est. tempo de leitura":"1 minuto"},"schema":{"@context":"https:\/\/schema.org","@graph":[{"@type":"Article","@id":"https:\/\/regiaonews.net.br\/2022\/2020\/08\/31\/associacao-brasileira-do-trabalho-temporario-debate-lei-geral-de-protecao-de-dados-lgpd-durante-webinar\/#article","isPartOf":{"@id":"https:\/\/regiaonews.net.br\/2022\/2020\/08\/31\/associacao-brasileira-do-trabalho-temporario-debate-lei-geral-de-protecao-de-dados-lgpd-durante-webinar\/"},"author":{"name":"Roberto","@id":"https:\/\/regiaonews.net.br\/2022\/#\/schema\/person\/2d205a608a5aa97ac279d7a5e6d89ad8"},"headline":"Associa\u00e7\u00e3o Brasileira do Trabalho Tempor\u00e1rio debate Lei Geral de Prote\u00e7\u00e3o de Dados (LGPD) durante webinar","datePublished":"2020-08-31T19:29:45+00:00","mainEntityOfPage":{"@id":"https:\/\/regiaonews.net.br\/2022\/2020\/08\/31\/associacao-brasileira-do-trabalho-temporario-debate-lei-geral-de-protecao-de-dados-lgpd-durante-webinar\/"},"wordCount":302,"commentCount":0,"publisher":{"@id":"https:\/\/regiaonews.net.br\/2022\/#organization"},"image":{"@id":"https:\/\/regiaonews.net.br\/2022\/2020\/08\/31\/associacao-brasileira-do-trabalho-temporario-debate-lei-geral-de-protecao-de-dados-lgpd-durante-webinar\/#primaryimage"},"thumbnailUrl":"https:\/\/regiaonews.net.br\/2022\/wp-content\/uploads\/2020\/08\/titulos-e-icones-relacionados-a-webinar.jpeg","articleSection":["Brasil","Cidades","Emprego"],"inLanguage":"pt-BR","potentialAction":[{"@type":"CommentAction","name":"Comment","target":["https:\/\/regiaonews.net.br\/2022\/2020\/08\/31\/associacao-brasileira-do-trabalho-temporario-debate-lei-geral-de-protecao-de-dados-lgpd-durante-webinar\/#respond"]}]},{"@type":"WebPage","@id":"https:\/\/regiaonews.net.br\/2022\/2020\/08\/31\/associacao-brasileira-do-trabalho-temporario-debate-lei-geral-de-protecao-de-dados-lgpd-durante-webinar\/","url":"https:\/\/regiaonews.net.br\/2022\/2020\/08\/31\/associacao-brasileira-do-trabalho-temporario-debate-lei-geral-de-protecao-de-dados-lgpd-durante-webinar\/","name":"Associa\u00e7\u00e3o Brasileira do Trabalho Tempor\u00e1rio debate Lei Geral de Prote\u00e7\u00e3o de Dados (LGPD) durante webinar - Regi\u00e3o News","isPartOf":{"@id":"https:\/\/regiaonews.net.br\/2022\/#website"},"primaryImageOfPage":{"@id":"https:\/\/regiaonews.net.br\/2022\/2020\/08\/31\/associacao-brasileira-do-trabalho-temporario-debate-lei-geral-de-protecao-de-dados-lgpd-durante-webinar\/#primaryimage"},"image":{"@id":"https:\/\/regiaonews.net.br\/2022\/2020\/08\/31\/associacao-brasileira-do-trabalho-temporario-debate-lei-geral-de-protecao-de-dados-lgpd-durante-webinar\/#primaryimage"},"thumbnailUrl":"https:\/\/regiaonews.net.br\/2022\/wp-content\/uploads\/2020\/08\/titulos-e-icones-relacionados-a-webinar.jpeg","datePublished":"2020-08-31T19:29:45+00:00","breadcrumb":{"@id":"https:\/\/regiaonews.net.br\/2022\/2020\/08\/31\/associacao-brasileira-do-trabalho-temporario-debate-lei-geral-de-protecao-de-dados-lgpd-durante-webinar\/#breadcrumb"},"inLanguage":"pt-BR","potentialAction":[{"@type":"ReadAction","target":["https:\/\/regiaonews.net.br\/2022\/2020\/08\/31\/associacao-brasileira-do-trabalho-temporario-debate-lei-geral-de-protecao-de-dados-lgpd-durante-webinar\/"]}]},{"@type":"ImageObject","inLanguage":"pt-BR","@id":"https:\/\/regiaonews.net.br\/2022\/2020\/08\/31\/associacao-brasileira-do-trabalho-temporario-debate-lei-geral-de-protecao-de-dados-lgpd-durante-webinar\/#primaryimage","url":"https:\/\/regiaonews.net.br\/2022\/wp-content\/uploads\/2020\/08\/titulos-e-icones-relacionados-a-webinar.jpeg","contentUrl":"https:\/\/regiaonews.net.br\/2022\/wp-content\/uploads\/2020\/08\/titulos-e-icones-relacionados-a-webinar.jpeg","width":1000,"height":558},{"@type":"BreadcrumbList","@id":"https:\/\/regiaonews.net.br\/2022\/2020\/08\/31\/associacao-brasileira-do-trabalho-temporario-debate-lei-geral-de-protecao-de-dados-lgpd-durante-webinar\/#breadcrumb","itemListElement":[{"@type":"ListItem","position":1,"name":"In\u00edcio","item":"https:\/\/regiaonews.net.br\/2022\/"},{"@type":"ListItem","position":2,"name":"Associa\u00e7\u00e3o Brasileira do Trabalho Tempor\u00e1rio debate Lei Geral de Prote\u00e7\u00e3o de Dados (LGPD) durante webinar"}]},{"@type":"WebSite","@id":"https:\/\/regiaonews.net.br\/2022\/#website","url":"https:\/\/regiaonews.net.br\/2022\/","name":"Regi\u00e3o News","description":"Site de Not\u00edcias de Barretos e regi\u00e3o","publisher":{"@id":"https:\/\/regiaonews.net.br\/2022\/#organization"},"potentialAction":[{"@type":"SearchAction","target":{"@type":"EntryPoint","urlTemplate":"https:\/\/regiaonews.net.br\/2022\/?s={search_term_string}"},"query-input":{"@type":"PropertyValueSpecification","valueRequired":true,"valueName":"search_term_string"}}],"inLanguage":"pt-BR"},{"@type":"Organization","@id":"https:\/\/regiaonews.net.br\/2022\/#organization","name":"Regi\u00e3o News","url":"https:\/\/regiaonews.net.br\/2022\/","logo":{"@type":"ImageObject","inLanguage":"pt-BR","@id":"https:\/\/regiaonews.net.br\/2022\/#\/schema\/logo\/image\/","url":"https:\/\/regiaonews.net.br\/2022\/wp-content\/uploads\/2026\/03\/regiao-13-anos-scaled.jpg","contentUrl":"https:\/\/regiaonews.net.br\/2022\/wp-content\/uploads\/2026\/03\/regiao-13-anos-scaled.jpg","width":2560,"height":635,"caption":"Regi\u00e3o News"},"image":{"@id":"https:\/\/regiaonews.net.br\/2022\/#\/schema\/logo\/image\/"}},{"@type":"Person","@id":"https:\/\/regiaonews.net.br\/2022\/#\/schema\/person\/2d205a608a5aa97ac279d7a5e6d89ad8","name":"Roberto","image":{"@type":"ImageObject","inLanguage":"pt-BR","@id":"https:\/\/secure.gravatar.com\/avatar\/42749d8b712ff9d59ca93dc150494e5b55a44134482993f5baeb97e61b7ecc89?s=96&d=mm&r=g","url":"https:\/\/secure.gravatar.com\/avatar\/42749d8b712ff9d59ca93dc150494e5b55a44134482993f5baeb97e61b7ecc89?s=96&d=mm&r=g","contentUrl":"https:\/\/secure.gravatar.com\/avatar\/42749d8b712ff9d59ca93dc150494e5b55a44134482993f5baeb97e61b7ecc89?s=96&d=mm&r=g","caption":"Roberto"},"url":"https:\/\/regiaonews.net.br\/2022\/author\/roberto\/"}]}},"publishpress_future_action":{"enabled":false,"date":"2026-05-02 02:34:29","action":"change-status","newStatus":"draft","terms":[],"taxonomy":"category","extraData":[]},"publishpress_future_workflow_manual_trigger":{"enabledWorkflows":[]},"_links":{"self":[{"href":"https:\/\/regiaonews.net.br\/2022\/wp-json\/wp\/v2\/posts\/37213","targetHints":{"allow":["GET"]}}],"collection":[{"href":"https:\/\/regiaonews.net.br\/2022\/wp-json\/wp\/v2\/posts"}],"about":[{"href":"https:\/\/regiaonews.net.br\/2022\/wp-json\/wp\/v2\/types\/post"}],"author":[{"embeddable":true,"href":"https:\/\/regiaonews.net.br\/2022\/wp-json\/wp\/v2\/users\/2"}],"replies":[{"embeddable":true,"href":"https:\/\/regiaonews.net.br\/2022\/wp-json\/wp\/v2\/comments?post=37213"}],"version-history":[{"count":0,"href":"https:\/\/regiaonews.net.br\/2022\/wp-json\/wp\/v2\/posts\/37213\/revisions"}],"wp:featuredmedia":[{"embeddable":true,"href":"https:\/\/regiaonews.net.br\/2022\/wp-json\/wp\/v2\/media\/37214"}],"wp:attachment":[{"href":"https:\/\/regiaonews.net.br\/2022\/wp-json\/wp\/v2\/media?parent=37213"}],"wp:term":[{"taxonomy":"category","embeddable":true,"href":"https:\/\/regiaonews.net.br\/2022\/wp-json\/wp\/v2\/categories?post=37213"},{"taxonomy":"post_tag","embeddable":true,"href":"https:\/\/regiaonews.net.br\/2022\/wp-json\/wp\/v2\/tags?post=37213"}],"curies":[{"name":"wp","href":"https:\/\/api.w.org\/{rel}","templated":true}]}}