{"id":37210,"date":"2020-08-31T15:04:06","date_gmt":"2020-08-31T18:04:06","guid":{"rendered":"https:\/\/regiaonews.net.br\/2022\/?p=37210"},"modified":"2020-08-31T15:04:06","modified_gmt":"2020-08-31T18:04:06","slug":"criancas-podem-entrar-no-north-shopping-barretos-a-partir-de-hoje-31-de-agosto","status":"publish","type":"post","link":"https:\/\/regiaonews.net.br\/2022\/2020\/08\/31\/criancas-podem-entrar-no-north-shopping-barretos-a-partir-de-hoje-31-de-agosto\/","title":{"rendered":"Crian\u00e7as podem entrar no North Shopping Barretos a partir de hoje, 31 de agosto"},"content":{"rendered":"<p><a href=\"https:\/\/regiaonews.net.br\/2022\/wp-content\/uploads\/2020\/08\/NSB-BEM-VINDO-CRIAN\u00c7AS.jpg\"><img loading=\"lazy\" decoding=\"async\" class=\"alignnone size-medium wp-image-37211\" src=\"https:\/\/regiaonews.net.br\/2022\/wp-content\/uploads\/2020\/08\/NSB-BEM-VINDO-CRIAN\u00c7AS-300x300.jpg\" alt=\"\" width=\"300\" height=\"300\" \/><\/a><\/p>\n<p>O munic\u00edpio de Barretos vem cumprindo as determina\u00e7\u00f5es do distanciamento social e conseguiu atingir um bom n\u00edvel de porcentagem de leitos dispon\u00edveis para pacientes de Covid-19, n\u00e3o apresentando sobrecarga do sistema e por esses e outros motivos foi classificado como munic\u00edpio em Fase 3 \u2013 Amarela, dentro do Plano Gradual de Retomada da Economia no Estado de S\u00e3o Paulo nesta sexta-feira, dia 21 de agosto. O que permite a<strong>\u00a0<\/strong>abertura de um n\u00famero maior de setores da economia local.<\/p>\n<p>&nbsp;<\/p>\n<p>Entre as novas regras de condutas estabelecidas pelo Decreto Municipal est\u00e3o a obrigatoriedade do uso de m\u00e1scaras de prote\u00e7\u00e3o para todas as pessoas que estiverem nas depend\u00eancias do shopping, sejam clientes adultos, vendedores, lojistas ou colaboradores. Aas crian\u00e7as menores de 03 anos n\u00e3o tem a obrigatoriedade do uso.\u00a0 Aferi\u00e7\u00e3o de temperatura corporal logo na entrada permitindo acesso a quem estiver com\u00a0 menos de 37.5\u00ba. A pra\u00e7a de alimenta\u00e7\u00e3o voltar\u00e1 a ter mesas e cadeiras, sendo que cada mesa ter\u00e1 quatro\u00a0 cadeiras e ficar\u00e1 tr\u00eas metros de dist\u00e2ncia uma das outras. Ao final do uso dos clientes todas as superf\u00edcies de mesas e cadeiras ser\u00e3o limpas com \u00e1lcool 70\u00ba pela equipe preparada para o momento.<\/p>\n<p>&nbsp;<\/p>\n<p>O North Shopping Barretos vai al\u00e9m das determina\u00e7\u00f5es e vem adotando pol\u00edticas mais r\u00edgidas de higieniza\u00e7\u00e3o de suas \u00e1reas comuns, treinamento constante de sua equipe de colaboradores em rela\u00e7\u00e3o aos protocolos preventivos, al\u00e9m de disponibilizar para toda a sua equipe os equipamentos de prote\u00e7\u00e3o individual. H\u00e1 dispensers de \u00e1lcool em gel em\u00a0 v\u00e1rios pontos do shopping e a climatiza\u00e7\u00e3o de todo o centro de compras est\u00e1 funcionando somente em modo ventilador, evitando assim o ar condicionado, tanto pedido pelos \u00f3rg\u00e3os de sa\u00fade que fiquem desligados.<\/p>\n<p>&nbsp;<\/p>\n<p>O North Shopping Barretos tem\u00a0 atualmente o seguinte\u00a0 hor\u00e1rio de funcionamento:<\/p>\n<p>&nbsp;<\/p>\n<table width=\"1096\">\n<tbody>\n<tr>\n<td width=\"66\"><strong>\u00a0<\/strong><\/td>\n<td width=\"66\"><strong>JUST FIT <\/strong><\/td>\n<td width=\"85\"><strong>SAVEGNAGO <\/strong><\/td>\n<td width=\"94\"><strong>1 A 99<\/strong><\/p>\n<p><strong>LOJAS\u00a0\u00a0\u00a0\u00a0\u00a0 AMERICANAS <\/strong><\/td>\n<td width=\"113\"><strong>ALIMENTA\u00c7\u00c3O <\/strong><\/td>\n<td width=\"85\"><strong>LOJAS\u00a0 QUIOSQUES <\/strong><\/td>\n<td width=\"66\"><strong>NORTH WASH <\/strong><\/td>\n<td width=\"132\"><strong>ST. PETER MEDICAL CENTER <\/strong><\/td>\n<td width=\"104\"><strong>ESPA\u00c7OLASER \u00a0LASER FAST <\/strong><\/td>\n<td width=\"76\"><strong>NET BARRETOS <\/strong><\/td>\n<td width=\"66\"><strong>CLARO <\/strong><\/td>\n<td width=\"66\"><strong>DONA FLOR <\/strong><\/td>\n<td width=\"75\"><strong>GORIL\u00c3O <\/strong><\/td>\n<\/tr>\n<tr>\n<td width=\"66\">Segunda a quinta<\/td>\n<td width=\"66\">06 \u00e0s 12h<\/p>\n<p>16 \u00e0s 22h<\/td>\n<td width=\"85\">07 \u00e0s 22h<\/td>\n<td width=\"94\">10 \u00e0s 22h<\/td>\n<td width=\"113\">11 \u00e0s 20h<\/td>\n<td width=\"85\">13 \u00e0s 21h<\/td>\n<td width=\"66\">08 \u00e0s 22h<\/td>\n<td width=\"132\">09 \u00e0s 19h<\/td>\n<td width=\"104\">10 \u00e0s 22h<\/td>\n<td width=\"76\">13 \u00e0s 20h<\/td>\n<td width=\"66\">13 \u00e0s 20h<\/td>\n<td width=\"66\">13 \u00e0s 20h<\/td>\n<td width=\"75\">13 \u00e0s 21h<\/td>\n<\/tr>\n<tr>\n<td width=\"66\">Sexta<\/td>\n<td width=\"66\">06 \u00e0s 12h<\/p>\n<p>16 \u00e0s 22h<\/td>\n<td width=\"85\">07 \u00e0s 22h<\/td>\n<td width=\"94\">10 \u00e0s 22h<\/td>\n<td width=\"113\">11 \u00e0s 21h<\/td>\n<td width=\"85\">13 \u00e0s 21h<\/td>\n<td width=\"66\">08 \u00e0s 22h<\/td>\n<td width=\"132\">09 \u00e0s 19h<\/td>\n<td width=\"104\">10 \u00e0s 22h<\/td>\n<td width=\"76\">13 \u00e0s 20h<\/td>\n<td width=\"66\">13 \u00e0s 20h<\/td>\n<td width=\"66\">13 \u00e0s 20h<\/td>\n<td width=\"75\">13 \u00e0s 21h<\/td>\n<\/tr>\n<tr>\n<td width=\"66\">S\u00e1bado<\/td>\n<td width=\"66\">09 \u00e0s 18h<\/td>\n<td width=\"85\">07 \u00e0s 22h<\/td>\n<td width=\"94\">10 \u00e0s 22h<\/td>\n<td width=\"113\">11 \u00e0s 21h<\/td>\n<td width=\"85\">12 \u00e0s 20h<\/td>\n<td width=\"66\">08 \u00e0s 22h<\/td>\n<td width=\"132\">08 \u00e0s 12h<\/td>\n<td width=\"104\">10 \u00e0s 22h<\/td>\n<td width=\"76\">10 \u00e0s 20h<\/td>\n<td width=\"66\">11 \u00e0s 20h<\/td>\n<td width=\"66\">11 \u00e0s 20h<\/td>\n<td width=\"75\">12 \u00e0s 20h<\/td>\n<\/tr>\n<tr>\n<td width=\"66\">Domingo<\/td>\n<td width=\"66\">FECHADO<\/td>\n<td width=\"85\">07 \u00e0s 19h<\/td>\n<td width=\"94\">13 \u00e0s 19h<\/td>\n<td width=\"113\">11 \u00e0s 20h<\/td>\n<td width=\"85\">FECHADO<\/td>\n<td width=\"66\">10 \u00e0s 19h<\/td>\n<td width=\"132\">FECHADO<\/td>\n<td width=\"104\">13 \u00e0s 19h<\/td>\n<td width=\"76\">13 \u00e0s 19h<\/td>\n<td width=\"66\">13 \u00e0s 19h<\/td>\n<td width=\"66\">13 \u00e0s 19h<\/td>\n<td width=\"75\">13 \u00e0s 19h<\/td>\n<\/tr>\n<\/tbody>\n<\/table>\n<p>&nbsp;<\/p>\n<p>O posto do Poupatempo\/Detran SP volta a funcionar no dia 02 de setembro no North Shopping Barretos com seus hor\u00e1rios habituais que s\u00e3o de segunda a sexta-feira das 09 \u00e0s 17 e aos s\u00e1bados das 09 \u00e0s 13h. O Centerplex Cinemas ainda n\u00e3o tem data prevista para retorno de suas atividades.<\/p>\n<p>&nbsp;<\/p>\n","protected":false},"excerpt":{"rendered":"<p>O munic\u00edpio de Barretos vem cumprindo as determina\u00e7\u00f5es do distanciamento<\/p>\n","protected":false},"author":2,"featured_media":37211,"comment_status":"open","ping_status":"open","sticky":false,"template":"","format":"standard","meta":{"footnotes":""},"categories":[14,25,48],"tags":[],"class_list":["post-37210","post","type-post","status-publish","format-standard","has-post-thumbnail","hentry","category-barretos","category-cidades","category-comercio"],"yoast_head":"<!-- This site is optimized with the Yoast SEO plugin v27.4 - https:\/\/yoast.com\/product\/yoast-seo-wordpress\/ -->\n<title>Crian\u00e7as podem entrar no North Shopping Barretos a partir de hoje, 31 de agosto - Regi\u00e3o News<\/title>\n<meta name=\"robots\" content=\"index, follow, max-snippet:-1, max-image-preview:large, max-video-preview:-1\" \/>\n<link rel=\"canonical\" href=\"https:\/\/regiaonews.net.br\/2022\/2020\/08\/31\/criancas-podem-entrar-no-north-shopping-barretos-a-partir-de-hoje-31-de-agosto\/\" \/>\n<meta property=\"og:locale\" content=\"pt_BR\" \/>\n<meta property=\"og:type\" content=\"article\" \/>\n<meta property=\"og:title\" content=\"Crian\u00e7as podem entrar no North Shopping Barretos a partir de hoje, 31 de agosto - Regi\u00e3o News\" \/>\n<meta property=\"og:description\" content=\"O munic\u00edpio de Barretos vem cumprindo as determina\u00e7\u00f5es do distanciamento\" \/>\n<meta property=\"og:url\" content=\"https:\/\/regiaonews.net.br\/2022\/2020\/08\/31\/criancas-podem-entrar-no-north-shopping-barretos-a-partir-de-hoje-31-de-agosto\/\" \/>\n<meta property=\"og:site_name\" content=\"Regi\u00e3o News\" \/>\n<meta property=\"article:published_time\" content=\"2020-08-31T18:04:06+00:00\" \/>\n<meta property=\"og:image\" content=\"https:\/\/regiaonews.net.br\/2022\/wp-content\/uploads\/2020\/08\/NSB-BEM-VINDO-CRIAN\u00c7AS.jpg\" \/>\n\t<meta property=\"og:image:width\" content=\"1772\" \/>\n\t<meta property=\"og:image:height\" content=\"1772\" \/>\n\t<meta property=\"og:image:type\" content=\"image\/jpeg\" \/>\n<meta name=\"author\" content=\"Roberto\" \/>\n<meta name=\"twitter:card\" content=\"summary_large_image\" \/>\n<meta name=\"twitter:label1\" content=\"Escrito por\" \/>\n\t<meta name=\"twitter:data1\" content=\"Roberto\" \/>\n\t<meta name=\"twitter:label2\" content=\"Est. tempo de leitura\" \/>\n\t<meta name=\"twitter:data2\" content=\"3 minutos\" \/>\n<script type=\"application\/ld+json\" class=\"yoast-schema-graph\">{\"@context\":\"https:\\\/\\\/schema.org\",\"@graph\":[{\"@type\":\"Article\",\"@id\":\"https:\\\/\\\/regiaonews.net.br\\\/2022\\\/2020\\\/08\\\/31\\\/criancas-podem-entrar-no-north-shopping-barretos-a-partir-de-hoje-31-de-agosto\\\/#article\",\"isPartOf\":{\"@id\":\"https:\\\/\\\/regiaonews.net.br\\\/2022\\\/2020\\\/08\\\/31\\\/criancas-podem-entrar-no-north-shopping-barretos-a-partir-de-hoje-31-de-agosto\\\/\"},\"author\":{\"name\":\"Roberto\",\"@id\":\"https:\\\/\\\/regiaonews.net.br\\\/2022\\\/#\\\/schema\\\/person\\\/2d205a608a5aa97ac279d7a5e6d89ad8\"},\"headline\":\"Crian\u00e7as podem entrar no North Shopping Barretos a partir de hoje, 31 de agosto\",\"datePublished\":\"2020-08-31T18:04:06+00:00\",\"mainEntityOfPage\":{\"@id\":\"https:\\\/\\\/regiaonews.net.br\\\/2022\\\/2020\\\/08\\\/31\\\/criancas-podem-entrar-no-north-shopping-barretos-a-partir-de-hoje-31-de-agosto\\\/\"},\"wordCount\":520,\"commentCount\":0,\"publisher\":{\"@id\":\"https:\\\/\\\/regiaonews.net.br\\\/2022\\\/#organization\"},\"image\":{\"@id\":\"https:\\\/\\\/regiaonews.net.br\\\/2022\\\/2020\\\/08\\\/31\\\/criancas-podem-entrar-no-north-shopping-barretos-a-partir-de-hoje-31-de-agosto\\\/#primaryimage\"},\"thumbnailUrl\":\"https:\\\/\\\/regiaonews.net.br\\\/2022\\\/wp-content\\\/uploads\\\/2020\\\/08\\\/NSB-BEM-VINDO-CRIAN\u00c7AS.jpg\",\"articleSection\":[\"Barretos\",\"Cidades\",\"Com\u00e9rcio\"],\"inLanguage\":\"pt-BR\",\"potentialAction\":[{\"@type\":\"CommentAction\",\"name\":\"Comment\",\"target\":[\"https:\\\/\\\/regiaonews.net.br\\\/2022\\\/2020\\\/08\\\/31\\\/criancas-podem-entrar-no-north-shopping-barretos-a-partir-de-hoje-31-de-agosto\\\/#respond\"]}]},{\"@type\":\"WebPage\",\"@id\":\"https:\\\/\\\/regiaonews.net.br\\\/2022\\\/2020\\\/08\\\/31\\\/criancas-podem-entrar-no-north-shopping-barretos-a-partir-de-hoje-31-de-agosto\\\/\",\"url\":\"https:\\\/\\\/regiaonews.net.br\\\/2022\\\/2020\\\/08\\\/31\\\/criancas-podem-entrar-no-north-shopping-barretos-a-partir-de-hoje-31-de-agosto\\\/\",\"name\":\"Crian\u00e7as podem entrar no North Shopping Barretos a partir de hoje, 31 de agosto - Regi\u00e3o News\",\"isPartOf\":{\"@id\":\"https:\\\/\\\/regiaonews.net.br\\\/2022\\\/#website\"},\"primaryImageOfPage\":{\"@id\":\"https:\\\/\\\/regiaonews.net.br\\\/2022\\\/2020\\\/08\\\/31\\\/criancas-podem-entrar-no-north-shopping-barretos-a-partir-de-hoje-31-de-agosto\\\/#primaryimage\"},\"image\":{\"@id\":\"https:\\\/\\\/regiaonews.net.br\\\/2022\\\/2020\\\/08\\\/31\\\/criancas-podem-entrar-no-north-shopping-barretos-a-partir-de-hoje-31-de-agosto\\\/#primaryimage\"},\"thumbnailUrl\":\"https:\\\/\\\/regiaonews.net.br\\\/2022\\\/wp-content\\\/uploads\\\/2020\\\/08\\\/NSB-BEM-VINDO-CRIAN\u00c7AS.jpg\",\"datePublished\":\"2020-08-31T18:04:06+00:00\",\"breadcrumb\":{\"@id\":\"https:\\\/\\\/regiaonews.net.br\\\/2022\\\/2020\\\/08\\\/31\\\/criancas-podem-entrar-no-north-shopping-barretos-a-partir-de-hoje-31-de-agosto\\\/#breadcrumb\"},\"inLanguage\":\"pt-BR\",\"potentialAction\":[{\"@type\":\"ReadAction\",\"target\":[\"https:\\\/\\\/regiaonews.net.br\\\/2022\\\/2020\\\/08\\\/31\\\/criancas-podem-entrar-no-north-shopping-barretos-a-partir-de-hoje-31-de-agosto\\\/\"]}]},{\"@type\":\"ImageObject\",\"inLanguage\":\"pt-BR\",\"@id\":\"https:\\\/\\\/regiaonews.net.br\\\/2022\\\/2020\\\/08\\\/31\\\/criancas-podem-entrar-no-north-shopping-barretos-a-partir-de-hoje-31-de-agosto\\\/#primaryimage\",\"url\":\"https:\\\/\\\/regiaonews.net.br\\\/2022\\\/wp-content\\\/uploads\\\/2020\\\/08\\\/NSB-BEM-VINDO-CRIAN\u00c7AS.jpg\",\"contentUrl\":\"https:\\\/\\\/regiaonews.net.br\\\/2022\\\/wp-content\\\/uploads\\\/2020\\\/08\\\/NSB-BEM-VINDO-CRIAN\u00c7AS.jpg\",\"width\":1772,\"height\":1772},{\"@type\":\"BreadcrumbList\",\"@id\":\"https:\\\/\\\/regiaonews.net.br\\\/2022\\\/2020\\\/08\\\/31\\\/criancas-podem-entrar-no-north-shopping-barretos-a-partir-de-hoje-31-de-agosto\\\/#breadcrumb\",\"itemListElement\":[{\"@type\":\"ListItem\",\"position\":1,\"name\":\"In\u00edcio\",\"item\":\"https:\\\/\\\/regiaonews.net.br\\\/2022\\\/\"},{\"@type\":\"ListItem\",\"position\":2,\"name\":\"Crian\u00e7as podem entrar no North Shopping Barretos a partir de hoje, 31 de agosto\"}]},{\"@type\":\"WebSite\",\"@id\":\"https:\\\/\\\/regiaonews.net.br\\\/2022\\\/#website\",\"url\":\"https:\\\/\\\/regiaonews.net.br\\\/2022\\\/\",\"name\":\"Regi\u00e3o News\",\"description\":\"Site de Not\u00edcias de Barretos e regi\u00e3o\",\"publisher\":{\"@id\":\"https:\\\/\\\/regiaonews.net.br\\\/2022\\\/#organization\"},\"potentialAction\":[{\"@type\":\"SearchAction\",\"target\":{\"@type\":\"EntryPoint\",\"urlTemplate\":\"https:\\\/\\\/regiaonews.net.br\\\/2022\\\/?s={search_term_string}\"},\"query-input\":{\"@type\":\"PropertyValueSpecification\",\"valueRequired\":true,\"valueName\":\"search_term_string\"}}],\"inLanguage\":\"pt-BR\"},{\"@type\":\"Organization\",\"@id\":\"https:\\\/\\\/regiaonews.net.br\\\/2022\\\/#organization\",\"name\":\"Regi\u00e3o News\",\"url\":\"https:\\\/\\\/regiaonews.net.br\\\/2022\\\/\",\"logo\":{\"@type\":\"ImageObject\",\"inLanguage\":\"pt-BR\",\"@id\":\"https:\\\/\\\/regiaonews.net.br\\\/2022\\\/#\\\/schema\\\/logo\\\/image\\\/\",\"url\":\"https:\\\/\\\/regiaonews.net.br\\\/2022\\\/wp-content\\\/uploads\\\/2026\\\/03\\\/regiao-13-anos-scaled.jpg\",\"contentUrl\":\"https:\\\/\\\/regiaonews.net.br\\\/2022\\\/wp-content\\\/uploads\\\/2026\\\/03\\\/regiao-13-anos-scaled.jpg\",\"width\":2560,\"height\":635,\"caption\":\"Regi\u00e3o News\"},\"image\":{\"@id\":\"https:\\\/\\\/regiaonews.net.br\\\/2022\\\/#\\\/schema\\\/logo\\\/image\\\/\"}},{\"@type\":\"Person\",\"@id\":\"https:\\\/\\\/regiaonews.net.br\\\/2022\\\/#\\\/schema\\\/person\\\/2d205a608a5aa97ac279d7a5e6d89ad8\",\"name\":\"Roberto\",\"image\":{\"@type\":\"ImageObject\",\"inLanguage\":\"pt-BR\",\"@id\":\"https:\\\/\\\/secure.gravatar.com\\\/avatar\\\/42749d8b712ff9d59ca93dc150494e5b55a44134482993f5baeb97e61b7ecc89?s=96&d=mm&r=g\",\"url\":\"https:\\\/\\\/secure.gravatar.com\\\/avatar\\\/42749d8b712ff9d59ca93dc150494e5b55a44134482993f5baeb97e61b7ecc89?s=96&d=mm&r=g\",\"contentUrl\":\"https:\\\/\\\/secure.gravatar.com\\\/avatar\\\/42749d8b712ff9d59ca93dc150494e5b55a44134482993f5baeb97e61b7ecc89?s=96&d=mm&r=g\",\"caption\":\"Roberto\"},\"url\":\"https:\\\/\\\/regiaonews.net.br\\\/2022\\\/author\\\/roberto\\\/\"}]}<\/script>\n<!-- \/ Yoast SEO plugin. -->","yoast_head_json":{"title":"Crian\u00e7as podem entrar no North Shopping Barretos a partir de hoje, 31 de agosto - Regi\u00e3o News","robots":{"index":"index","follow":"follow","max-snippet":"max-snippet:-1","max-image-preview":"max-image-preview:large","max-video-preview":"max-video-preview:-1"},"canonical":"https:\/\/regiaonews.net.br\/2022\/2020\/08\/31\/criancas-podem-entrar-no-north-shopping-barretos-a-partir-de-hoje-31-de-agosto\/","og_locale":"pt_BR","og_type":"article","og_title":"Crian\u00e7as podem entrar no North Shopping Barretos a partir de hoje, 31 de agosto - Regi\u00e3o News","og_description":"O munic\u00edpio de Barretos vem cumprindo as determina\u00e7\u00f5es do distanciamento","og_url":"https:\/\/regiaonews.net.br\/2022\/2020\/08\/31\/criancas-podem-entrar-no-north-shopping-barretos-a-partir-de-hoje-31-de-agosto\/","og_site_name":"Regi\u00e3o News","article_published_time":"2020-08-31T18:04:06+00:00","og_image":[{"width":1772,"height":1772,"url":"https:\/\/regiaonews.net.br\/2022\/wp-content\/uploads\/2020\/08\/NSB-BEM-VINDO-CRIAN\u00c7AS.jpg","type":"image\/jpeg"}],"author":"Roberto","twitter_card":"summary_large_image","twitter_misc":{"Escrito por":"Roberto","Est. tempo de leitura":"3 minutos"},"schema":{"@context":"https:\/\/schema.org","@graph":[{"@type":"Article","@id":"https:\/\/regiaonews.net.br\/2022\/2020\/08\/31\/criancas-podem-entrar-no-north-shopping-barretos-a-partir-de-hoje-31-de-agosto\/#article","isPartOf":{"@id":"https:\/\/regiaonews.net.br\/2022\/2020\/08\/31\/criancas-podem-entrar-no-north-shopping-barretos-a-partir-de-hoje-31-de-agosto\/"},"author":{"name":"Roberto","@id":"https:\/\/regiaonews.net.br\/2022\/#\/schema\/person\/2d205a608a5aa97ac279d7a5e6d89ad8"},"headline":"Crian\u00e7as podem entrar no North Shopping Barretos a partir de hoje, 31 de agosto","datePublished":"2020-08-31T18:04:06+00:00","mainEntityOfPage":{"@id":"https:\/\/regiaonews.net.br\/2022\/2020\/08\/31\/criancas-podem-entrar-no-north-shopping-barretos-a-partir-de-hoje-31-de-agosto\/"},"wordCount":520,"commentCount":0,"publisher":{"@id":"https:\/\/regiaonews.net.br\/2022\/#organization"},"image":{"@id":"https:\/\/regiaonews.net.br\/2022\/2020\/08\/31\/criancas-podem-entrar-no-north-shopping-barretos-a-partir-de-hoje-31-de-agosto\/#primaryimage"},"thumbnailUrl":"https:\/\/regiaonews.net.br\/2022\/wp-content\/uploads\/2020\/08\/NSB-BEM-VINDO-CRIAN\u00c7AS.jpg","articleSection":["Barretos","Cidades","Com\u00e9rcio"],"inLanguage":"pt-BR","potentialAction":[{"@type":"CommentAction","name":"Comment","target":["https:\/\/regiaonews.net.br\/2022\/2020\/08\/31\/criancas-podem-entrar-no-north-shopping-barretos-a-partir-de-hoje-31-de-agosto\/#respond"]}]},{"@type":"WebPage","@id":"https:\/\/regiaonews.net.br\/2022\/2020\/08\/31\/criancas-podem-entrar-no-north-shopping-barretos-a-partir-de-hoje-31-de-agosto\/","url":"https:\/\/regiaonews.net.br\/2022\/2020\/08\/31\/criancas-podem-entrar-no-north-shopping-barretos-a-partir-de-hoje-31-de-agosto\/","name":"Crian\u00e7as podem entrar no North Shopping Barretos a partir de hoje, 31 de agosto - Regi\u00e3o News","isPartOf":{"@id":"https:\/\/regiaonews.net.br\/2022\/#website"},"primaryImageOfPage":{"@id":"https:\/\/regiaonews.net.br\/2022\/2020\/08\/31\/criancas-podem-entrar-no-north-shopping-barretos-a-partir-de-hoje-31-de-agosto\/#primaryimage"},"image":{"@id":"https:\/\/regiaonews.net.br\/2022\/2020\/08\/31\/criancas-podem-entrar-no-north-shopping-barretos-a-partir-de-hoje-31-de-agosto\/#primaryimage"},"thumbnailUrl":"https:\/\/regiaonews.net.br\/2022\/wp-content\/uploads\/2020\/08\/NSB-BEM-VINDO-CRIAN\u00c7AS.jpg","datePublished":"2020-08-31T18:04:06+00:00","breadcrumb":{"@id":"https:\/\/regiaonews.net.br\/2022\/2020\/08\/31\/criancas-podem-entrar-no-north-shopping-barretos-a-partir-de-hoje-31-de-agosto\/#breadcrumb"},"inLanguage":"pt-BR","potentialAction":[{"@type":"ReadAction","target":["https:\/\/regiaonews.net.br\/2022\/2020\/08\/31\/criancas-podem-entrar-no-north-shopping-barretos-a-partir-de-hoje-31-de-agosto\/"]}]},{"@type":"ImageObject","inLanguage":"pt-BR","@id":"https:\/\/regiaonews.net.br\/2022\/2020\/08\/31\/criancas-podem-entrar-no-north-shopping-barretos-a-partir-de-hoje-31-de-agosto\/#primaryimage","url":"https:\/\/regiaonews.net.br\/2022\/wp-content\/uploads\/2020\/08\/NSB-BEM-VINDO-CRIAN\u00c7AS.jpg","contentUrl":"https:\/\/regiaonews.net.br\/2022\/wp-content\/uploads\/2020\/08\/NSB-BEM-VINDO-CRIAN\u00c7AS.jpg","width":1772,"height":1772},{"@type":"BreadcrumbList","@id":"https:\/\/regiaonews.net.br\/2022\/2020\/08\/31\/criancas-podem-entrar-no-north-shopping-barretos-a-partir-de-hoje-31-de-agosto\/#breadcrumb","itemListElement":[{"@type":"ListItem","position":1,"name":"In\u00edcio","item":"https:\/\/regiaonews.net.br\/2022\/"},{"@type":"ListItem","position":2,"name":"Crian\u00e7as podem entrar no North Shopping Barretos a partir de hoje, 31 de agosto"}]},{"@type":"WebSite","@id":"https:\/\/regiaonews.net.br\/2022\/#website","url":"https:\/\/regiaonews.net.br\/2022\/","name":"Regi\u00e3o News","description":"Site de Not\u00edcias de Barretos e regi\u00e3o","publisher":{"@id":"https:\/\/regiaonews.net.br\/2022\/#organization"},"potentialAction":[{"@type":"SearchAction","target":{"@type":"EntryPoint","urlTemplate":"https:\/\/regiaonews.net.br\/2022\/?s={search_term_string}"},"query-input":{"@type":"PropertyValueSpecification","valueRequired":true,"valueName":"search_term_string"}}],"inLanguage":"pt-BR"},{"@type":"Organization","@id":"https:\/\/regiaonews.net.br\/2022\/#organization","name":"Regi\u00e3o News","url":"https:\/\/regiaonews.net.br\/2022\/","logo":{"@type":"ImageObject","inLanguage":"pt-BR","@id":"https:\/\/regiaonews.net.br\/2022\/#\/schema\/logo\/image\/","url":"https:\/\/regiaonews.net.br\/2022\/wp-content\/uploads\/2026\/03\/regiao-13-anos-scaled.jpg","contentUrl":"https:\/\/regiaonews.net.br\/2022\/wp-content\/uploads\/2026\/03\/regiao-13-anos-scaled.jpg","width":2560,"height":635,"caption":"Regi\u00e3o News"},"image":{"@id":"https:\/\/regiaonews.net.br\/2022\/#\/schema\/logo\/image\/"}},{"@type":"Person","@id":"https:\/\/regiaonews.net.br\/2022\/#\/schema\/person\/2d205a608a5aa97ac279d7a5e6d89ad8","name":"Roberto","image":{"@type":"ImageObject","inLanguage":"pt-BR","@id":"https:\/\/secure.gravatar.com\/avatar\/42749d8b712ff9d59ca93dc150494e5b55a44134482993f5baeb97e61b7ecc89?s=96&d=mm&r=g","url":"https:\/\/secure.gravatar.com\/avatar\/42749d8b712ff9d59ca93dc150494e5b55a44134482993f5baeb97e61b7ecc89?s=96&d=mm&r=g","contentUrl":"https:\/\/secure.gravatar.com\/avatar\/42749d8b712ff9d59ca93dc150494e5b55a44134482993f5baeb97e61b7ecc89?s=96&d=mm&r=g","caption":"Roberto"},"url":"https:\/\/regiaonews.net.br\/2022\/author\/roberto\/"}]}},"publishpress_future_action":{"enabled":false,"date":"2026-05-02 01:08:37","action":"change-status","newStatus":"draft","terms":[],"taxonomy":"category","extraData":[]},"publishpress_future_workflow_manual_trigger":{"enabledWorkflows":[]},"_links":{"self":[{"href":"https:\/\/regiaonews.net.br\/2022\/wp-json\/wp\/v2\/posts\/37210","targetHints":{"allow":["GET"]}}],"collection":[{"href":"https:\/\/regiaonews.net.br\/2022\/wp-json\/wp\/v2\/posts"}],"about":[{"href":"https:\/\/regiaonews.net.br\/2022\/wp-json\/wp\/v2\/types\/post"}],"author":[{"embeddable":true,"href":"https:\/\/regiaonews.net.br\/2022\/wp-json\/wp\/v2\/users\/2"}],"replies":[{"embeddable":true,"href":"https:\/\/regiaonews.net.br\/2022\/wp-json\/wp\/v2\/comments?post=37210"}],"version-history":[{"count":0,"href":"https:\/\/regiaonews.net.br\/2022\/wp-json\/wp\/v2\/posts\/37210\/revisions"}],"wp:featuredmedia":[{"embeddable":true,"href":"https:\/\/regiaonews.net.br\/2022\/wp-json\/wp\/v2\/media\/37211"}],"wp:attachment":[{"href":"https:\/\/regiaonews.net.br\/2022\/wp-json\/wp\/v2\/media?parent=37210"}],"wp:term":[{"taxonomy":"category","embeddable":true,"href":"https:\/\/regiaonews.net.br\/2022\/wp-json\/wp\/v2\/categories?post=37210"},{"taxonomy":"post_tag","embeddable":true,"href":"https:\/\/regiaonews.net.br\/2022\/wp-json\/wp\/v2\/tags?post=37210"}],"curies":[{"name":"wp","href":"https:\/\/api.w.org\/{rel}","templated":true}]}}