{"id":36754,"date":"2020-08-20T12:12:22","date_gmt":"2020-08-20T15:12:22","guid":{"rendered":"https:\/\/regiaonews.net.br\/2022\/?p=36754"},"modified":"2020-08-20T12:12:22","modified_gmt":"2020-08-20T15:12:22","slug":"fss-inicia-campanha-de-arrecadacao-de-roupas-masculinas-com-pontos-de-coleta-no-shopping","status":"publish","type":"post","link":"https:\/\/regiaonews.net.br\/2022\/2020\/08\/20\/fss-inicia-campanha-de-arrecadacao-de-roupas-masculinas-com-pontos-de-coleta-no-shopping\/","title":{"rendered":"FSS inicia campanha de arrecada\u00e7\u00e3o de roupas masculinas com pontos de coleta no Shopping"},"content":{"rendered":"<p><a href=\"https:\/\/regiaonews.net.br\/2022\/wp-content\/uploads\/2020\/08\/Shopping-1.jpeg\"><img loading=\"lazy\" decoding=\"async\" class=\"alignnone size-medium wp-image-36755\" src=\"https:\/\/regiaonews.net.br\/2022\/wp-content\/uploads\/2020\/08\/Shopping-1-300x206.jpeg\" alt=\"\" width=\"300\" height=\"206\" \/><\/a> <a href=\"https:\/\/regiaonews.net.br\/2022\/wp-content\/uploads\/2020\/08\/Shopping-2.jpeg\"><img loading=\"lazy\" decoding=\"async\" class=\"alignnone size-medium wp-image-36756\" src=\"https:\/\/regiaonews.net.br\/2022\/wp-content\/uploads\/2020\/08\/Shopping-2-300x206.jpeg\" alt=\"\" width=\"300\" height=\"206\" \/><\/a> <a href=\"https:\/\/regiaonews.net.br\/2022\/wp-content\/uploads\/2020\/08\/Shopping-3.jpeg\"><img loading=\"lazy\" decoding=\"async\" class=\"alignnone size-medium wp-image-36757\" src=\"https:\/\/regiaonews.net.br\/2022\/wp-content\/uploads\/2020\/08\/Shopping-3-300x225.jpeg\" alt=\"\" width=\"300\" height=\"225\" \/><\/a> <a href=\"https:\/\/regiaonews.net.br\/2022\/wp-content\/uploads\/2020\/08\/Shopping-4.jpeg\"><img loading=\"lazy\" decoding=\"async\" class=\"alignnone size-medium wp-image-36758\" src=\"https:\/\/regiaonews.net.br\/2022\/wp-content\/uploads\/2020\/08\/Shopping-4-300x300.jpeg\" alt=\"\" width=\"300\" height=\"300\" \/><\/a><\/p>\n<p>Em decorr\u00eancia da necessidade detectada pelo Fundo Social de Solidariedade de Barretos, presidido por Bruna Chiapetti, foi que nasceu a Campanha de arrecada\u00e7\u00e3o de roupas exclusivamente masculinas, adulto e infantil.<br \/>\nH\u00e1 pontos de doa\u00e7\u00f5es no North Shopping Barretos, que \u00e9 parceiro nesta campanha, e as pe\u00e7as podem ser colocadas diretamente nas caixas devidamente identificadas que est\u00e3o vis\u00edveis no corredor central do shopping e pr\u00f3ximo ao Acesso D.<br \/>\nA presidente do FSS, Bruna Chiapetti, explicou que &#8220;essa \u00e9 uma campanha para arrecada exclusivamente pe\u00e7as de roupas masculinas, de qualquer esta\u00e7\u00e3o do ano e todos os tamanhos poss\u00edveis, inclusive infantis, pois o Fundo Social conta com v\u00e1rias pe\u00e7as femininas, em boa quantidade. Identificamos muitos homens e meninos nas fam\u00edlias em situa\u00e7\u00e3o de vulnerabilidade, al\u00e9m de haver muitos homens em situa\u00e7\u00e3o de rua, n\u00e3o podemos fechar os olhos a essa necessidade, por isso essa verdadeira for\u00e7a tarefa na conquista de pe\u00e7as masculinas&#8221;, disse.<br \/>\nAs doa\u00e7\u00f5es tamb\u00e9m podem ser feitas diretamente na sede do FSS, localizada na Rua 26, n\u00ba 929 (Avs 25&#215;27), de segunda a sexta das 8h \u00e0s 12h.<\/p>\n","protected":false},"excerpt":{"rendered":"<p>Em decorr\u00eancia da necessidade detectada pelo Fundo Social de Solidariedade<\/p>\n","protected":false},"author":2,"featured_media":36756,"comment_status":"open","ping_status":"open","sticky":false,"template":"","format":"standard","meta":{"footnotes":""},"categories":[14,25,82],"tags":[],"class_list":["post-36754","post","type-post","status-publish","format-standard","has-post-thumbnail","hentry","category-barretos","category-cidades","category-solidariedade"],"yoast_head":"<!-- This site is optimized with the Yoast SEO plugin v27.4 - https:\/\/yoast.com\/product\/yoast-seo-wordpress\/ -->\n<title>FSS inicia campanha de arrecada\u00e7\u00e3o de roupas masculinas com pontos de coleta no Shopping - Regi\u00e3o News<\/title>\n<meta name=\"robots\" content=\"index, follow, max-snippet:-1, max-image-preview:large, max-video-preview:-1\" \/>\n<link rel=\"canonical\" href=\"https:\/\/regiaonews.net.br\/2022\/2020\/08\/20\/fss-inicia-campanha-de-arrecadacao-de-roupas-masculinas-com-pontos-de-coleta-no-shopping\/\" \/>\n<meta property=\"og:locale\" content=\"pt_BR\" \/>\n<meta property=\"og:type\" content=\"article\" \/>\n<meta property=\"og:title\" content=\"FSS inicia campanha de arrecada\u00e7\u00e3o de roupas masculinas com pontos de coleta no Shopping - Regi\u00e3o News\" \/>\n<meta property=\"og:description\" content=\"Em decorr\u00eancia da necessidade detectada pelo Fundo Social de Solidariedade\" \/>\n<meta property=\"og:url\" content=\"https:\/\/regiaonews.net.br\/2022\/2020\/08\/20\/fss-inicia-campanha-de-arrecadacao-de-roupas-masculinas-com-pontos-de-coleta-no-shopping\/\" \/>\n<meta property=\"og:site_name\" content=\"Regi\u00e3o News\" \/>\n<meta property=\"article:published_time\" content=\"2020-08-20T15:12:22+00:00\" \/>\n<meta property=\"og:image\" content=\"https:\/\/regiaonews.net.br\/2022\/wp-content\/uploads\/2020\/08\/Shopping-2.jpeg\" \/>\n\t<meta property=\"og:image:width\" content=\"1280\" \/>\n\t<meta property=\"og:image:height\" content=\"881\" \/>\n\t<meta property=\"og:image:type\" content=\"image\/jpeg\" \/>\n<meta name=\"author\" content=\"Roberto\" \/>\n<meta name=\"twitter:card\" content=\"summary_large_image\" \/>\n<meta name=\"twitter:label1\" content=\"Escrito por\" \/>\n\t<meta name=\"twitter:data1\" content=\"Roberto\" \/>\n\t<meta name=\"twitter:label2\" content=\"Est. tempo de leitura\" \/>\n\t<meta name=\"twitter:data2\" content=\"1 minuto\" \/>\n<script type=\"application\/ld+json\" class=\"yoast-schema-graph\">{\"@context\":\"https:\\\/\\\/schema.org\",\"@graph\":[{\"@type\":\"Article\",\"@id\":\"https:\\\/\\\/regiaonews.net.br\\\/2022\\\/2020\\\/08\\\/20\\\/fss-inicia-campanha-de-arrecadacao-de-roupas-masculinas-com-pontos-de-coleta-no-shopping\\\/#article\",\"isPartOf\":{\"@id\":\"https:\\\/\\\/regiaonews.net.br\\\/2022\\\/2020\\\/08\\\/20\\\/fss-inicia-campanha-de-arrecadacao-de-roupas-masculinas-com-pontos-de-coleta-no-shopping\\\/\"},\"author\":{\"name\":\"Roberto\",\"@id\":\"https:\\\/\\\/regiaonews.net.br\\\/2022\\\/#\\\/schema\\\/person\\\/2d205a608a5aa97ac279d7a5e6d89ad8\"},\"headline\":\"FSS inicia campanha de arrecada\u00e7\u00e3o de roupas masculinas com pontos de coleta no Shopping\",\"datePublished\":\"2020-08-20T15:12:22+00:00\",\"mainEntityOfPage\":{\"@id\":\"https:\\\/\\\/regiaonews.net.br\\\/2022\\\/2020\\\/08\\\/20\\\/fss-inicia-campanha-de-arrecadacao-de-roupas-masculinas-com-pontos-de-coleta-no-shopping\\\/\"},\"wordCount\":209,\"commentCount\":0,\"publisher\":{\"@id\":\"https:\\\/\\\/regiaonews.net.br\\\/2022\\\/#organization\"},\"image\":{\"@id\":\"https:\\\/\\\/regiaonews.net.br\\\/2022\\\/2020\\\/08\\\/20\\\/fss-inicia-campanha-de-arrecadacao-de-roupas-masculinas-com-pontos-de-coleta-no-shopping\\\/#primaryimage\"},\"thumbnailUrl\":\"https:\\\/\\\/regiaonews.net.br\\\/2022\\\/wp-content\\\/uploads\\\/2020\\\/08\\\/Shopping-2.jpeg\",\"articleSection\":[\"Barretos\",\"Cidades\",\"Solidariedade\"],\"inLanguage\":\"pt-BR\",\"potentialAction\":[{\"@type\":\"CommentAction\",\"name\":\"Comment\",\"target\":[\"https:\\\/\\\/regiaonews.net.br\\\/2022\\\/2020\\\/08\\\/20\\\/fss-inicia-campanha-de-arrecadacao-de-roupas-masculinas-com-pontos-de-coleta-no-shopping\\\/#respond\"]}]},{\"@type\":\"WebPage\",\"@id\":\"https:\\\/\\\/regiaonews.net.br\\\/2022\\\/2020\\\/08\\\/20\\\/fss-inicia-campanha-de-arrecadacao-de-roupas-masculinas-com-pontos-de-coleta-no-shopping\\\/\",\"url\":\"https:\\\/\\\/regiaonews.net.br\\\/2022\\\/2020\\\/08\\\/20\\\/fss-inicia-campanha-de-arrecadacao-de-roupas-masculinas-com-pontos-de-coleta-no-shopping\\\/\",\"name\":\"FSS inicia campanha de arrecada\u00e7\u00e3o de roupas masculinas com pontos de coleta no Shopping - Regi\u00e3o News\",\"isPartOf\":{\"@id\":\"https:\\\/\\\/regiaonews.net.br\\\/2022\\\/#website\"},\"primaryImageOfPage\":{\"@id\":\"https:\\\/\\\/regiaonews.net.br\\\/2022\\\/2020\\\/08\\\/20\\\/fss-inicia-campanha-de-arrecadacao-de-roupas-masculinas-com-pontos-de-coleta-no-shopping\\\/#primaryimage\"},\"image\":{\"@id\":\"https:\\\/\\\/regiaonews.net.br\\\/2022\\\/2020\\\/08\\\/20\\\/fss-inicia-campanha-de-arrecadacao-de-roupas-masculinas-com-pontos-de-coleta-no-shopping\\\/#primaryimage\"},\"thumbnailUrl\":\"https:\\\/\\\/regiaonews.net.br\\\/2022\\\/wp-content\\\/uploads\\\/2020\\\/08\\\/Shopping-2.jpeg\",\"datePublished\":\"2020-08-20T15:12:22+00:00\",\"breadcrumb\":{\"@id\":\"https:\\\/\\\/regiaonews.net.br\\\/2022\\\/2020\\\/08\\\/20\\\/fss-inicia-campanha-de-arrecadacao-de-roupas-masculinas-com-pontos-de-coleta-no-shopping\\\/#breadcrumb\"},\"inLanguage\":\"pt-BR\",\"potentialAction\":[{\"@type\":\"ReadAction\",\"target\":[\"https:\\\/\\\/regiaonews.net.br\\\/2022\\\/2020\\\/08\\\/20\\\/fss-inicia-campanha-de-arrecadacao-de-roupas-masculinas-com-pontos-de-coleta-no-shopping\\\/\"]}]},{\"@type\":\"ImageObject\",\"inLanguage\":\"pt-BR\",\"@id\":\"https:\\\/\\\/regiaonews.net.br\\\/2022\\\/2020\\\/08\\\/20\\\/fss-inicia-campanha-de-arrecadacao-de-roupas-masculinas-com-pontos-de-coleta-no-shopping\\\/#primaryimage\",\"url\":\"https:\\\/\\\/regiaonews.net.br\\\/2022\\\/wp-content\\\/uploads\\\/2020\\\/08\\\/Shopping-2.jpeg\",\"contentUrl\":\"https:\\\/\\\/regiaonews.net.br\\\/2022\\\/wp-content\\\/uploads\\\/2020\\\/08\\\/Shopping-2.jpeg\",\"width\":1280,\"height\":881},{\"@type\":\"BreadcrumbList\",\"@id\":\"https:\\\/\\\/regiaonews.net.br\\\/2022\\\/2020\\\/08\\\/20\\\/fss-inicia-campanha-de-arrecadacao-de-roupas-masculinas-com-pontos-de-coleta-no-shopping\\\/#breadcrumb\",\"itemListElement\":[{\"@type\":\"ListItem\",\"position\":1,\"name\":\"In\u00edcio\",\"item\":\"https:\\\/\\\/regiaonews.net.br\\\/2022\\\/\"},{\"@type\":\"ListItem\",\"position\":2,\"name\":\"FSS inicia campanha de arrecada\u00e7\u00e3o de roupas masculinas com pontos de coleta no Shopping\"}]},{\"@type\":\"WebSite\",\"@id\":\"https:\\\/\\\/regiaonews.net.br\\\/2022\\\/#website\",\"url\":\"https:\\\/\\\/regiaonews.net.br\\\/2022\\\/\",\"name\":\"Regi\u00e3o News\",\"description\":\"Site de Not\u00edcias de Barretos e regi\u00e3o\",\"publisher\":{\"@id\":\"https:\\\/\\\/regiaonews.net.br\\\/2022\\\/#organization\"},\"potentialAction\":[{\"@type\":\"SearchAction\",\"target\":{\"@type\":\"EntryPoint\",\"urlTemplate\":\"https:\\\/\\\/regiaonews.net.br\\\/2022\\\/?s={search_term_string}\"},\"query-input\":{\"@type\":\"PropertyValueSpecification\",\"valueRequired\":true,\"valueName\":\"search_term_string\"}}],\"inLanguage\":\"pt-BR\"},{\"@type\":\"Organization\",\"@id\":\"https:\\\/\\\/regiaonews.net.br\\\/2022\\\/#organization\",\"name\":\"Regi\u00e3o News\",\"url\":\"https:\\\/\\\/regiaonews.net.br\\\/2022\\\/\",\"logo\":{\"@type\":\"ImageObject\",\"inLanguage\":\"pt-BR\",\"@id\":\"https:\\\/\\\/regiaonews.net.br\\\/2022\\\/#\\\/schema\\\/logo\\\/image\\\/\",\"url\":\"https:\\\/\\\/regiaonews.net.br\\\/2022\\\/wp-content\\\/uploads\\\/2026\\\/03\\\/regiao-13-anos-scaled.jpg\",\"contentUrl\":\"https:\\\/\\\/regiaonews.net.br\\\/2022\\\/wp-content\\\/uploads\\\/2026\\\/03\\\/regiao-13-anos-scaled.jpg\",\"width\":2560,\"height\":635,\"caption\":\"Regi\u00e3o News\"},\"image\":{\"@id\":\"https:\\\/\\\/regiaonews.net.br\\\/2022\\\/#\\\/schema\\\/logo\\\/image\\\/\"}},{\"@type\":\"Person\",\"@id\":\"https:\\\/\\\/regiaonews.net.br\\\/2022\\\/#\\\/schema\\\/person\\\/2d205a608a5aa97ac279d7a5e6d89ad8\",\"name\":\"Roberto\",\"image\":{\"@type\":\"ImageObject\",\"inLanguage\":\"pt-BR\",\"@id\":\"https:\\\/\\\/secure.gravatar.com\\\/avatar\\\/42749d8b712ff9d59ca93dc150494e5b55a44134482993f5baeb97e61b7ecc89?s=96&d=mm&r=g\",\"url\":\"https:\\\/\\\/secure.gravatar.com\\\/avatar\\\/42749d8b712ff9d59ca93dc150494e5b55a44134482993f5baeb97e61b7ecc89?s=96&d=mm&r=g\",\"contentUrl\":\"https:\\\/\\\/secure.gravatar.com\\\/avatar\\\/42749d8b712ff9d59ca93dc150494e5b55a44134482993f5baeb97e61b7ecc89?s=96&d=mm&r=g\",\"caption\":\"Roberto\"},\"url\":\"https:\\\/\\\/regiaonews.net.br\\\/2022\\\/author\\\/roberto\\\/\"}]}<\/script>\n<!-- \/ Yoast SEO plugin. -->","yoast_head_json":{"title":"FSS inicia campanha de arrecada\u00e7\u00e3o de roupas masculinas com pontos de coleta no Shopping - Regi\u00e3o News","robots":{"index":"index","follow":"follow","max-snippet":"max-snippet:-1","max-image-preview":"max-image-preview:large","max-video-preview":"max-video-preview:-1"},"canonical":"https:\/\/regiaonews.net.br\/2022\/2020\/08\/20\/fss-inicia-campanha-de-arrecadacao-de-roupas-masculinas-com-pontos-de-coleta-no-shopping\/","og_locale":"pt_BR","og_type":"article","og_title":"FSS inicia campanha de arrecada\u00e7\u00e3o de roupas masculinas com pontos de coleta no Shopping - Regi\u00e3o News","og_description":"Em decorr\u00eancia da necessidade detectada pelo Fundo Social de Solidariedade","og_url":"https:\/\/regiaonews.net.br\/2022\/2020\/08\/20\/fss-inicia-campanha-de-arrecadacao-de-roupas-masculinas-com-pontos-de-coleta-no-shopping\/","og_site_name":"Regi\u00e3o News","article_published_time":"2020-08-20T15:12:22+00:00","og_image":[{"width":1280,"height":881,"url":"https:\/\/regiaonews.net.br\/2022\/wp-content\/uploads\/2020\/08\/Shopping-2.jpeg","type":"image\/jpeg"}],"author":"Roberto","twitter_card":"summary_large_image","twitter_misc":{"Escrito por":"Roberto","Est. tempo de leitura":"1 minuto"},"schema":{"@context":"https:\/\/schema.org","@graph":[{"@type":"Article","@id":"https:\/\/regiaonews.net.br\/2022\/2020\/08\/20\/fss-inicia-campanha-de-arrecadacao-de-roupas-masculinas-com-pontos-de-coleta-no-shopping\/#article","isPartOf":{"@id":"https:\/\/regiaonews.net.br\/2022\/2020\/08\/20\/fss-inicia-campanha-de-arrecadacao-de-roupas-masculinas-com-pontos-de-coleta-no-shopping\/"},"author":{"name":"Roberto","@id":"https:\/\/regiaonews.net.br\/2022\/#\/schema\/person\/2d205a608a5aa97ac279d7a5e6d89ad8"},"headline":"FSS inicia campanha de arrecada\u00e7\u00e3o de roupas masculinas com pontos de coleta no Shopping","datePublished":"2020-08-20T15:12:22+00:00","mainEntityOfPage":{"@id":"https:\/\/regiaonews.net.br\/2022\/2020\/08\/20\/fss-inicia-campanha-de-arrecadacao-de-roupas-masculinas-com-pontos-de-coleta-no-shopping\/"},"wordCount":209,"commentCount":0,"publisher":{"@id":"https:\/\/regiaonews.net.br\/2022\/#organization"},"image":{"@id":"https:\/\/regiaonews.net.br\/2022\/2020\/08\/20\/fss-inicia-campanha-de-arrecadacao-de-roupas-masculinas-com-pontos-de-coleta-no-shopping\/#primaryimage"},"thumbnailUrl":"https:\/\/regiaonews.net.br\/2022\/wp-content\/uploads\/2020\/08\/Shopping-2.jpeg","articleSection":["Barretos","Cidades","Solidariedade"],"inLanguage":"pt-BR","potentialAction":[{"@type":"CommentAction","name":"Comment","target":["https:\/\/regiaonews.net.br\/2022\/2020\/08\/20\/fss-inicia-campanha-de-arrecadacao-de-roupas-masculinas-com-pontos-de-coleta-no-shopping\/#respond"]}]},{"@type":"WebPage","@id":"https:\/\/regiaonews.net.br\/2022\/2020\/08\/20\/fss-inicia-campanha-de-arrecadacao-de-roupas-masculinas-com-pontos-de-coleta-no-shopping\/","url":"https:\/\/regiaonews.net.br\/2022\/2020\/08\/20\/fss-inicia-campanha-de-arrecadacao-de-roupas-masculinas-com-pontos-de-coleta-no-shopping\/","name":"FSS inicia campanha de arrecada\u00e7\u00e3o de roupas masculinas com pontos de coleta no Shopping - Regi\u00e3o News","isPartOf":{"@id":"https:\/\/regiaonews.net.br\/2022\/#website"},"primaryImageOfPage":{"@id":"https:\/\/regiaonews.net.br\/2022\/2020\/08\/20\/fss-inicia-campanha-de-arrecadacao-de-roupas-masculinas-com-pontos-de-coleta-no-shopping\/#primaryimage"},"image":{"@id":"https:\/\/regiaonews.net.br\/2022\/2020\/08\/20\/fss-inicia-campanha-de-arrecadacao-de-roupas-masculinas-com-pontos-de-coleta-no-shopping\/#primaryimage"},"thumbnailUrl":"https:\/\/regiaonews.net.br\/2022\/wp-content\/uploads\/2020\/08\/Shopping-2.jpeg","datePublished":"2020-08-20T15:12:22+00:00","breadcrumb":{"@id":"https:\/\/regiaonews.net.br\/2022\/2020\/08\/20\/fss-inicia-campanha-de-arrecadacao-de-roupas-masculinas-com-pontos-de-coleta-no-shopping\/#breadcrumb"},"inLanguage":"pt-BR","potentialAction":[{"@type":"ReadAction","target":["https:\/\/regiaonews.net.br\/2022\/2020\/08\/20\/fss-inicia-campanha-de-arrecadacao-de-roupas-masculinas-com-pontos-de-coleta-no-shopping\/"]}]},{"@type":"ImageObject","inLanguage":"pt-BR","@id":"https:\/\/regiaonews.net.br\/2022\/2020\/08\/20\/fss-inicia-campanha-de-arrecadacao-de-roupas-masculinas-com-pontos-de-coleta-no-shopping\/#primaryimage","url":"https:\/\/regiaonews.net.br\/2022\/wp-content\/uploads\/2020\/08\/Shopping-2.jpeg","contentUrl":"https:\/\/regiaonews.net.br\/2022\/wp-content\/uploads\/2020\/08\/Shopping-2.jpeg","width":1280,"height":881},{"@type":"BreadcrumbList","@id":"https:\/\/regiaonews.net.br\/2022\/2020\/08\/20\/fss-inicia-campanha-de-arrecadacao-de-roupas-masculinas-com-pontos-de-coleta-no-shopping\/#breadcrumb","itemListElement":[{"@type":"ListItem","position":1,"name":"In\u00edcio","item":"https:\/\/regiaonews.net.br\/2022\/"},{"@type":"ListItem","position":2,"name":"FSS inicia campanha de arrecada\u00e7\u00e3o de roupas masculinas com pontos de coleta no Shopping"}]},{"@type":"WebSite","@id":"https:\/\/regiaonews.net.br\/2022\/#website","url":"https:\/\/regiaonews.net.br\/2022\/","name":"Regi\u00e3o News","description":"Site de Not\u00edcias de Barretos e regi\u00e3o","publisher":{"@id":"https:\/\/regiaonews.net.br\/2022\/#organization"},"potentialAction":[{"@type":"SearchAction","target":{"@type":"EntryPoint","urlTemplate":"https:\/\/regiaonews.net.br\/2022\/?s={search_term_string}"},"query-input":{"@type":"PropertyValueSpecification","valueRequired":true,"valueName":"search_term_string"}}],"inLanguage":"pt-BR"},{"@type":"Organization","@id":"https:\/\/regiaonews.net.br\/2022\/#organization","name":"Regi\u00e3o News","url":"https:\/\/regiaonews.net.br\/2022\/","logo":{"@type":"ImageObject","inLanguage":"pt-BR","@id":"https:\/\/regiaonews.net.br\/2022\/#\/schema\/logo\/image\/","url":"https:\/\/regiaonews.net.br\/2022\/wp-content\/uploads\/2026\/03\/regiao-13-anos-scaled.jpg","contentUrl":"https:\/\/regiaonews.net.br\/2022\/wp-content\/uploads\/2026\/03\/regiao-13-anos-scaled.jpg","width":2560,"height":635,"caption":"Regi\u00e3o News"},"image":{"@id":"https:\/\/regiaonews.net.br\/2022\/#\/schema\/logo\/image\/"}},{"@type":"Person","@id":"https:\/\/regiaonews.net.br\/2022\/#\/schema\/person\/2d205a608a5aa97ac279d7a5e6d89ad8","name":"Roberto","image":{"@type":"ImageObject","inLanguage":"pt-BR","@id":"https:\/\/secure.gravatar.com\/avatar\/42749d8b712ff9d59ca93dc150494e5b55a44134482993f5baeb97e61b7ecc89?s=96&d=mm&r=g","url":"https:\/\/secure.gravatar.com\/avatar\/42749d8b712ff9d59ca93dc150494e5b55a44134482993f5baeb97e61b7ecc89?s=96&d=mm&r=g","contentUrl":"https:\/\/secure.gravatar.com\/avatar\/42749d8b712ff9d59ca93dc150494e5b55a44134482993f5baeb97e61b7ecc89?s=96&d=mm&r=g","caption":"Roberto"},"url":"https:\/\/regiaonews.net.br\/2022\/author\/roberto\/"}]}},"publishpress_future_action":{"enabled":false,"date":"2026-05-02 03:37:27","action":"change-status","newStatus":"draft","terms":[],"taxonomy":"category","extraData":[]},"publishpress_future_workflow_manual_trigger":{"enabledWorkflows":[]},"_links":{"self":[{"href":"https:\/\/regiaonews.net.br\/2022\/wp-json\/wp\/v2\/posts\/36754","targetHints":{"allow":["GET"]}}],"collection":[{"href":"https:\/\/regiaonews.net.br\/2022\/wp-json\/wp\/v2\/posts"}],"about":[{"href":"https:\/\/regiaonews.net.br\/2022\/wp-json\/wp\/v2\/types\/post"}],"author":[{"embeddable":true,"href":"https:\/\/regiaonews.net.br\/2022\/wp-json\/wp\/v2\/users\/2"}],"replies":[{"embeddable":true,"href":"https:\/\/regiaonews.net.br\/2022\/wp-json\/wp\/v2\/comments?post=36754"}],"version-history":[{"count":0,"href":"https:\/\/regiaonews.net.br\/2022\/wp-json\/wp\/v2\/posts\/36754\/revisions"}],"wp:featuredmedia":[{"embeddable":true,"href":"https:\/\/regiaonews.net.br\/2022\/wp-json\/wp\/v2\/media\/36756"}],"wp:attachment":[{"href":"https:\/\/regiaonews.net.br\/2022\/wp-json\/wp\/v2\/media?parent=36754"}],"wp:term":[{"taxonomy":"category","embeddable":true,"href":"https:\/\/regiaonews.net.br\/2022\/wp-json\/wp\/v2\/categories?post=36754"},{"taxonomy":"post_tag","embeddable":true,"href":"https:\/\/regiaonews.net.br\/2022\/wp-json\/wp\/v2\/tags?post=36754"}],"curies":[{"name":"wp","href":"https:\/\/api.w.org\/{rel}","templated":true}]}}