{"id":32706,"date":"2020-05-25T22:09:26","date_gmt":"2020-05-26T01:09:26","guid":{"rendered":"https:\/\/regiaonews.net.br\/2022\/?p=32706"},"modified":"2020-05-25T22:09:26","modified_gmt":"2020-05-26T01:09:26","slug":"pacientes-com-sindrome-gripal-passam-a-ser-acompanhados-pelo-telemonitoramento","status":"publish","type":"post","link":"https:\/\/regiaonews.net.br\/2022\/2020\/05\/25\/pacientes-com-sindrome-gripal-passam-a-ser-acompanhados-pelo-telemonitoramento\/","title":{"rendered":"Pacientes com s\u00edndrome gripal passam a ser acompanhados pelo telemonitoramento"},"content":{"rendered":"<p><a href=\"https:\/\/regiaonews.net.br\/2022\/wp-content\/uploads\/2018\/09\/santa-casa-1.jpg\"><img loading=\"lazy\" decoding=\"async\" class=\"alignnone size-medium wp-image-14995\" src=\"https:\/\/regiaonews.net.br\/2022\/wp-content\/uploads\/2018\/09\/santa-casa-1-300x199.jpg\" alt=\"\" width=\"300\" height=\"199\" \/><\/a><\/p>\n<p>Todos os pacientes com s\u00edndrome gripal que passaram em consulta na rede de aten\u00e7\u00e3o \u00e0 sa\u00fade p\u00fablica e privada de Barretos ser\u00e3o acompanhados por um sistema de telemonitoramento, por meio de um software que ir\u00e1 auxiliar no acompanhamento em tempo real. O projeto foi desenvolvido e est\u00e1 sendo implantado numa parceria da Prefeitura de Barretos, por meio da Secretaria Municipal de Sa\u00fade, com a Facisb \u2013 Faculdade de Medicina, com apoio da Kidopi e Funda\u00e7\u00e3o Lemann.<br \/>\nAt\u00e9 ent\u00e3o esse monitoramento vinha sendo realizado pelos profissionais da Estrat\u00e9gia Sa\u00fade da Fam\u00edlia e equipe da Central de Regula\u00e7\u00e3o da Secretaria Municipal de Sa\u00fade. A cada 24 horas essa equipe entra em contato com o paciente para saber como est\u00e1 a condi\u00e7\u00e3o de sa\u00fade, se houve piora dos sintomas ou se tem crit\u00e9rio para realiza\u00e7\u00e3o do teste r\u00e1pido de Covid-19.<br \/>\nCom a implanta\u00e7\u00e3o, nesta semana, do telemonitoramento o fluxo inicia pelas notifica\u00e7\u00f5es de s\u00edndrome gripal com a informa\u00e7\u00e3o centralizada na Vigil\u00e2ncia Epidemiol\u00f3gica de Barretos, logo ap\u00f3s os pacientes s\u00e3o telemonitorados em casa pelo CleverCare, ferramenta digital eleita pela ONU como o melhor software de telemonitoramento do Brasil, no WSA &#8211; Words Summit Awards.<br \/>\nTodos os pacientes s\u00e3o contatados via telefone e na liga\u00e7\u00e3o s\u00e3o apresentados ao sistema, e as informa\u00e7\u00f5es sobre sua condi\u00e7\u00e3o cl\u00ednica e de moradia s\u00e3o coletadas, a partir da\u00ed, o paciente entra em um protocolo di\u00e1rio de acompanhamento domiciliar por SMS, totalmente gratuito, refor\u00e7ando as recomenda\u00e7\u00f5es de promo\u00e7\u00e3o de sa\u00fade e avalia\u00e7\u00e3o dos sintomas, com objetivo de identificar quaisquer intercorr\u00eancias.<br \/>\nCaso alguma altera\u00e7\u00e3o seja observada, como por exemplo n\u00e3o responder o SMS por 24 horas, ou responder informando piora dos sintomas, um alerta ser\u00e1 direcionado \u00e0 central de cuidados onde m\u00e9dicos e alunos do \u00faltimo ano de medicina da FACISB entrar\u00e3o em contato diretamente com o paciente.<br \/>\nO telemonitoramento agiliza o acompanhamento, mas o atendimento continua seguindo o protocolo nacional, que j\u00e1 est\u00e1 implantado nas unidades b\u00e1sicas, e que determina que a partir do s\u00e9timo dia de acompanhamento, o paciente \u00e9 contatado por telemedicina, com avalia\u00e7\u00e3o geral da sa\u00fade e verifica\u00e7\u00e3o de melhora dos sintomas gripais. Caso os sintomas persistam, no nono dia o paciente \u00e9 agendado para testagem e, caso o teste seja negativo ele recebe alta do telemonitoramento, caso seja positivo permanece em isolamento at\u00e9 completar o ciclo de 14 dias da doen\u00e7a, conforme recomenda\u00e7\u00e3o da Organiza\u00e7\u00e3o Mundial de Sa\u00fade.<\/p>\n","protected":false},"excerpt":{"rendered":"<p>Todos os pacientes com s\u00edndrome gripal que passaram em consulta<\/p>\n","protected":false},"author":2,"featured_media":14995,"comment_status":"open","ping_status":"open","sticky":false,"template":"","format":"standard","meta":{"footnotes":""},"categories":[14],"tags":[],"class_list":["post-32706","post","type-post","status-publish","format-standard","has-post-thumbnail","hentry","category-barretos"],"yoast_head":"<!-- This site is optimized with the Yoast SEO plugin v27.4 - https:\/\/yoast.com\/product\/yoast-seo-wordpress\/ -->\n<title>Pacientes com s\u00edndrome gripal passam a ser acompanhados pelo telemonitoramento - Regi\u00e3o News<\/title>\n<meta name=\"robots\" content=\"index, follow, max-snippet:-1, max-image-preview:large, max-video-preview:-1\" \/>\n<link rel=\"canonical\" href=\"https:\/\/regiaonews.net.br\/2022\/2020\/05\/25\/pacientes-com-sindrome-gripal-passam-a-ser-acompanhados-pelo-telemonitoramento\/\" \/>\n<meta property=\"og:locale\" content=\"pt_BR\" \/>\n<meta property=\"og:type\" content=\"article\" \/>\n<meta property=\"og:title\" content=\"Pacientes com s\u00edndrome gripal passam a ser acompanhados pelo telemonitoramento - Regi\u00e3o News\" \/>\n<meta property=\"og:description\" content=\"Todos os pacientes com s\u00edndrome gripal que passaram em consulta\" \/>\n<meta property=\"og:url\" content=\"https:\/\/regiaonews.net.br\/2022\/2020\/05\/25\/pacientes-com-sindrome-gripal-passam-a-ser-acompanhados-pelo-telemonitoramento\/\" \/>\n<meta property=\"og:site_name\" content=\"Regi\u00e3o News\" \/>\n<meta property=\"article:published_time\" content=\"2020-05-26T01:09:26+00:00\" \/>\n<meta property=\"og:image\" content=\"https:\/\/regiaonews.net.br\/2022\/wp-content\/uploads\/2018\/09\/santa-casa-1.jpg\" \/>\n\t<meta property=\"og:image:width\" content=\"530\" \/>\n\t<meta property=\"og:image:height\" content=\"352\" \/>\n\t<meta property=\"og:image:type\" content=\"image\/jpeg\" \/>\n<meta name=\"author\" content=\"Roberto\" \/>\n<meta name=\"twitter:card\" content=\"summary_large_image\" \/>\n<meta name=\"twitter:label1\" content=\"Escrito por\" \/>\n\t<meta name=\"twitter:data1\" content=\"Roberto\" \/>\n\t<meta name=\"twitter:label2\" content=\"Est. tempo de leitura\" \/>\n\t<meta name=\"twitter:data2\" content=\"2 minutos\" \/>\n<script type=\"application\/ld+json\" class=\"yoast-schema-graph\">{\"@context\":\"https:\\\/\\\/schema.org\",\"@graph\":[{\"@type\":\"Article\",\"@id\":\"https:\\\/\\\/regiaonews.net.br\\\/2022\\\/2020\\\/05\\\/25\\\/pacientes-com-sindrome-gripal-passam-a-ser-acompanhados-pelo-telemonitoramento\\\/#article\",\"isPartOf\":{\"@id\":\"https:\\\/\\\/regiaonews.net.br\\\/2022\\\/2020\\\/05\\\/25\\\/pacientes-com-sindrome-gripal-passam-a-ser-acompanhados-pelo-telemonitoramento\\\/\"},\"author\":{\"name\":\"Roberto\",\"@id\":\"https:\\\/\\\/regiaonews.net.br\\\/2022\\\/#\\\/schema\\\/person\\\/2d205a608a5aa97ac279d7a5e6d89ad8\"},\"headline\":\"Pacientes com s\u00edndrome gripal passam a ser acompanhados pelo telemonitoramento\",\"datePublished\":\"2020-05-26T01:09:26+00:00\",\"mainEntityOfPage\":{\"@id\":\"https:\\\/\\\/regiaonews.net.br\\\/2022\\\/2020\\\/05\\\/25\\\/pacientes-com-sindrome-gripal-passam-a-ser-acompanhados-pelo-telemonitoramento\\\/\"},\"wordCount\":448,\"commentCount\":0,\"publisher\":{\"@id\":\"https:\\\/\\\/regiaonews.net.br\\\/2022\\\/#organization\"},\"image\":{\"@id\":\"https:\\\/\\\/regiaonews.net.br\\\/2022\\\/2020\\\/05\\\/25\\\/pacientes-com-sindrome-gripal-passam-a-ser-acompanhados-pelo-telemonitoramento\\\/#primaryimage\"},\"thumbnailUrl\":\"https:\\\/\\\/regiaonews.net.br\\\/2022\\\/wp-content\\\/uploads\\\/2018\\\/09\\\/santa-casa-1.jpg\",\"articleSection\":[\"Barretos\"],\"inLanguage\":\"pt-BR\",\"potentialAction\":[{\"@type\":\"CommentAction\",\"name\":\"Comment\",\"target\":[\"https:\\\/\\\/regiaonews.net.br\\\/2022\\\/2020\\\/05\\\/25\\\/pacientes-com-sindrome-gripal-passam-a-ser-acompanhados-pelo-telemonitoramento\\\/#respond\"]}]},{\"@type\":\"WebPage\",\"@id\":\"https:\\\/\\\/regiaonews.net.br\\\/2022\\\/2020\\\/05\\\/25\\\/pacientes-com-sindrome-gripal-passam-a-ser-acompanhados-pelo-telemonitoramento\\\/\",\"url\":\"https:\\\/\\\/regiaonews.net.br\\\/2022\\\/2020\\\/05\\\/25\\\/pacientes-com-sindrome-gripal-passam-a-ser-acompanhados-pelo-telemonitoramento\\\/\",\"name\":\"Pacientes com s\u00edndrome gripal passam a ser acompanhados pelo telemonitoramento - Regi\u00e3o News\",\"isPartOf\":{\"@id\":\"https:\\\/\\\/regiaonews.net.br\\\/2022\\\/#website\"},\"primaryImageOfPage\":{\"@id\":\"https:\\\/\\\/regiaonews.net.br\\\/2022\\\/2020\\\/05\\\/25\\\/pacientes-com-sindrome-gripal-passam-a-ser-acompanhados-pelo-telemonitoramento\\\/#primaryimage\"},\"image\":{\"@id\":\"https:\\\/\\\/regiaonews.net.br\\\/2022\\\/2020\\\/05\\\/25\\\/pacientes-com-sindrome-gripal-passam-a-ser-acompanhados-pelo-telemonitoramento\\\/#primaryimage\"},\"thumbnailUrl\":\"https:\\\/\\\/regiaonews.net.br\\\/2022\\\/wp-content\\\/uploads\\\/2018\\\/09\\\/santa-casa-1.jpg\",\"datePublished\":\"2020-05-26T01:09:26+00:00\",\"breadcrumb\":{\"@id\":\"https:\\\/\\\/regiaonews.net.br\\\/2022\\\/2020\\\/05\\\/25\\\/pacientes-com-sindrome-gripal-passam-a-ser-acompanhados-pelo-telemonitoramento\\\/#breadcrumb\"},\"inLanguage\":\"pt-BR\",\"potentialAction\":[{\"@type\":\"ReadAction\",\"target\":[\"https:\\\/\\\/regiaonews.net.br\\\/2022\\\/2020\\\/05\\\/25\\\/pacientes-com-sindrome-gripal-passam-a-ser-acompanhados-pelo-telemonitoramento\\\/\"]}]},{\"@type\":\"ImageObject\",\"inLanguage\":\"pt-BR\",\"@id\":\"https:\\\/\\\/regiaonews.net.br\\\/2022\\\/2020\\\/05\\\/25\\\/pacientes-com-sindrome-gripal-passam-a-ser-acompanhados-pelo-telemonitoramento\\\/#primaryimage\",\"url\":\"https:\\\/\\\/regiaonews.net.br\\\/2022\\\/wp-content\\\/uploads\\\/2018\\\/09\\\/santa-casa-1.jpg\",\"contentUrl\":\"https:\\\/\\\/regiaonews.net.br\\\/2022\\\/wp-content\\\/uploads\\\/2018\\\/09\\\/santa-casa-1.jpg\",\"width\":530,\"height\":352},{\"@type\":\"BreadcrumbList\",\"@id\":\"https:\\\/\\\/regiaonews.net.br\\\/2022\\\/2020\\\/05\\\/25\\\/pacientes-com-sindrome-gripal-passam-a-ser-acompanhados-pelo-telemonitoramento\\\/#breadcrumb\",\"itemListElement\":[{\"@type\":\"ListItem\",\"position\":1,\"name\":\"In\u00edcio\",\"item\":\"https:\\\/\\\/regiaonews.net.br\\\/2022\\\/\"},{\"@type\":\"ListItem\",\"position\":2,\"name\":\"Pacientes com s\u00edndrome gripal passam a ser acompanhados pelo telemonitoramento\"}]},{\"@type\":\"WebSite\",\"@id\":\"https:\\\/\\\/regiaonews.net.br\\\/2022\\\/#website\",\"url\":\"https:\\\/\\\/regiaonews.net.br\\\/2022\\\/\",\"name\":\"Regi\u00e3o News\",\"description\":\"Site de Not\u00edcias de Barretos e regi\u00e3o\",\"publisher\":{\"@id\":\"https:\\\/\\\/regiaonews.net.br\\\/2022\\\/#organization\"},\"potentialAction\":[{\"@type\":\"SearchAction\",\"target\":{\"@type\":\"EntryPoint\",\"urlTemplate\":\"https:\\\/\\\/regiaonews.net.br\\\/2022\\\/?s={search_term_string}\"},\"query-input\":{\"@type\":\"PropertyValueSpecification\",\"valueRequired\":true,\"valueName\":\"search_term_string\"}}],\"inLanguage\":\"pt-BR\"},{\"@type\":\"Organization\",\"@id\":\"https:\\\/\\\/regiaonews.net.br\\\/2022\\\/#organization\",\"name\":\"Regi\u00e3o News\",\"url\":\"https:\\\/\\\/regiaonews.net.br\\\/2022\\\/\",\"logo\":{\"@type\":\"ImageObject\",\"inLanguage\":\"pt-BR\",\"@id\":\"https:\\\/\\\/regiaonews.net.br\\\/2022\\\/#\\\/schema\\\/logo\\\/image\\\/\",\"url\":\"https:\\\/\\\/regiaonews.net.br\\\/2022\\\/wp-content\\\/uploads\\\/2026\\\/03\\\/regiao-13-anos-scaled.jpg\",\"contentUrl\":\"https:\\\/\\\/regiaonews.net.br\\\/2022\\\/wp-content\\\/uploads\\\/2026\\\/03\\\/regiao-13-anos-scaled.jpg\",\"width\":2560,\"height\":635,\"caption\":\"Regi\u00e3o News\"},\"image\":{\"@id\":\"https:\\\/\\\/regiaonews.net.br\\\/2022\\\/#\\\/schema\\\/logo\\\/image\\\/\"}},{\"@type\":\"Person\",\"@id\":\"https:\\\/\\\/regiaonews.net.br\\\/2022\\\/#\\\/schema\\\/person\\\/2d205a608a5aa97ac279d7a5e6d89ad8\",\"name\":\"Roberto\",\"image\":{\"@type\":\"ImageObject\",\"inLanguage\":\"pt-BR\",\"@id\":\"https:\\\/\\\/secure.gravatar.com\\\/avatar\\\/42749d8b712ff9d59ca93dc150494e5b55a44134482993f5baeb97e61b7ecc89?s=96&d=mm&r=g\",\"url\":\"https:\\\/\\\/secure.gravatar.com\\\/avatar\\\/42749d8b712ff9d59ca93dc150494e5b55a44134482993f5baeb97e61b7ecc89?s=96&d=mm&r=g\",\"contentUrl\":\"https:\\\/\\\/secure.gravatar.com\\\/avatar\\\/42749d8b712ff9d59ca93dc150494e5b55a44134482993f5baeb97e61b7ecc89?s=96&d=mm&r=g\",\"caption\":\"Roberto\"},\"url\":\"https:\\\/\\\/regiaonews.net.br\\\/2022\\\/author\\\/roberto\\\/\"}]}<\/script>\n<!-- \/ Yoast SEO plugin. -->","yoast_head_json":{"title":"Pacientes com s\u00edndrome gripal passam a ser acompanhados pelo telemonitoramento - Regi\u00e3o News","robots":{"index":"index","follow":"follow","max-snippet":"max-snippet:-1","max-image-preview":"max-image-preview:large","max-video-preview":"max-video-preview:-1"},"canonical":"https:\/\/regiaonews.net.br\/2022\/2020\/05\/25\/pacientes-com-sindrome-gripal-passam-a-ser-acompanhados-pelo-telemonitoramento\/","og_locale":"pt_BR","og_type":"article","og_title":"Pacientes com s\u00edndrome gripal passam a ser acompanhados pelo telemonitoramento - Regi\u00e3o News","og_description":"Todos os pacientes com s\u00edndrome gripal que passaram em consulta","og_url":"https:\/\/regiaonews.net.br\/2022\/2020\/05\/25\/pacientes-com-sindrome-gripal-passam-a-ser-acompanhados-pelo-telemonitoramento\/","og_site_name":"Regi\u00e3o News","article_published_time":"2020-05-26T01:09:26+00:00","og_image":[{"width":530,"height":352,"url":"https:\/\/regiaonews.net.br\/2022\/wp-content\/uploads\/2018\/09\/santa-casa-1.jpg","type":"image\/jpeg"}],"author":"Roberto","twitter_card":"summary_large_image","twitter_misc":{"Escrito por":"Roberto","Est. tempo de leitura":"2 minutos"},"schema":{"@context":"https:\/\/schema.org","@graph":[{"@type":"Article","@id":"https:\/\/regiaonews.net.br\/2022\/2020\/05\/25\/pacientes-com-sindrome-gripal-passam-a-ser-acompanhados-pelo-telemonitoramento\/#article","isPartOf":{"@id":"https:\/\/regiaonews.net.br\/2022\/2020\/05\/25\/pacientes-com-sindrome-gripal-passam-a-ser-acompanhados-pelo-telemonitoramento\/"},"author":{"name":"Roberto","@id":"https:\/\/regiaonews.net.br\/2022\/#\/schema\/person\/2d205a608a5aa97ac279d7a5e6d89ad8"},"headline":"Pacientes com s\u00edndrome gripal passam a ser acompanhados pelo telemonitoramento","datePublished":"2020-05-26T01:09:26+00:00","mainEntityOfPage":{"@id":"https:\/\/regiaonews.net.br\/2022\/2020\/05\/25\/pacientes-com-sindrome-gripal-passam-a-ser-acompanhados-pelo-telemonitoramento\/"},"wordCount":448,"commentCount":0,"publisher":{"@id":"https:\/\/regiaonews.net.br\/2022\/#organization"},"image":{"@id":"https:\/\/regiaonews.net.br\/2022\/2020\/05\/25\/pacientes-com-sindrome-gripal-passam-a-ser-acompanhados-pelo-telemonitoramento\/#primaryimage"},"thumbnailUrl":"https:\/\/regiaonews.net.br\/2022\/wp-content\/uploads\/2018\/09\/santa-casa-1.jpg","articleSection":["Barretos"],"inLanguage":"pt-BR","potentialAction":[{"@type":"CommentAction","name":"Comment","target":["https:\/\/regiaonews.net.br\/2022\/2020\/05\/25\/pacientes-com-sindrome-gripal-passam-a-ser-acompanhados-pelo-telemonitoramento\/#respond"]}]},{"@type":"WebPage","@id":"https:\/\/regiaonews.net.br\/2022\/2020\/05\/25\/pacientes-com-sindrome-gripal-passam-a-ser-acompanhados-pelo-telemonitoramento\/","url":"https:\/\/regiaonews.net.br\/2022\/2020\/05\/25\/pacientes-com-sindrome-gripal-passam-a-ser-acompanhados-pelo-telemonitoramento\/","name":"Pacientes com s\u00edndrome gripal passam a ser acompanhados pelo telemonitoramento - Regi\u00e3o News","isPartOf":{"@id":"https:\/\/regiaonews.net.br\/2022\/#website"},"primaryImageOfPage":{"@id":"https:\/\/regiaonews.net.br\/2022\/2020\/05\/25\/pacientes-com-sindrome-gripal-passam-a-ser-acompanhados-pelo-telemonitoramento\/#primaryimage"},"image":{"@id":"https:\/\/regiaonews.net.br\/2022\/2020\/05\/25\/pacientes-com-sindrome-gripal-passam-a-ser-acompanhados-pelo-telemonitoramento\/#primaryimage"},"thumbnailUrl":"https:\/\/regiaonews.net.br\/2022\/wp-content\/uploads\/2018\/09\/santa-casa-1.jpg","datePublished":"2020-05-26T01:09:26+00:00","breadcrumb":{"@id":"https:\/\/regiaonews.net.br\/2022\/2020\/05\/25\/pacientes-com-sindrome-gripal-passam-a-ser-acompanhados-pelo-telemonitoramento\/#breadcrumb"},"inLanguage":"pt-BR","potentialAction":[{"@type":"ReadAction","target":["https:\/\/regiaonews.net.br\/2022\/2020\/05\/25\/pacientes-com-sindrome-gripal-passam-a-ser-acompanhados-pelo-telemonitoramento\/"]}]},{"@type":"ImageObject","inLanguage":"pt-BR","@id":"https:\/\/regiaonews.net.br\/2022\/2020\/05\/25\/pacientes-com-sindrome-gripal-passam-a-ser-acompanhados-pelo-telemonitoramento\/#primaryimage","url":"https:\/\/regiaonews.net.br\/2022\/wp-content\/uploads\/2018\/09\/santa-casa-1.jpg","contentUrl":"https:\/\/regiaonews.net.br\/2022\/wp-content\/uploads\/2018\/09\/santa-casa-1.jpg","width":530,"height":352},{"@type":"BreadcrumbList","@id":"https:\/\/regiaonews.net.br\/2022\/2020\/05\/25\/pacientes-com-sindrome-gripal-passam-a-ser-acompanhados-pelo-telemonitoramento\/#breadcrumb","itemListElement":[{"@type":"ListItem","position":1,"name":"In\u00edcio","item":"https:\/\/regiaonews.net.br\/2022\/"},{"@type":"ListItem","position":2,"name":"Pacientes com s\u00edndrome gripal passam a ser acompanhados pelo telemonitoramento"}]},{"@type":"WebSite","@id":"https:\/\/regiaonews.net.br\/2022\/#website","url":"https:\/\/regiaonews.net.br\/2022\/","name":"Regi\u00e3o News","description":"Site de Not\u00edcias de Barretos e regi\u00e3o","publisher":{"@id":"https:\/\/regiaonews.net.br\/2022\/#organization"},"potentialAction":[{"@type":"SearchAction","target":{"@type":"EntryPoint","urlTemplate":"https:\/\/regiaonews.net.br\/2022\/?s={search_term_string}"},"query-input":{"@type":"PropertyValueSpecification","valueRequired":true,"valueName":"search_term_string"}}],"inLanguage":"pt-BR"},{"@type":"Organization","@id":"https:\/\/regiaonews.net.br\/2022\/#organization","name":"Regi\u00e3o News","url":"https:\/\/regiaonews.net.br\/2022\/","logo":{"@type":"ImageObject","inLanguage":"pt-BR","@id":"https:\/\/regiaonews.net.br\/2022\/#\/schema\/logo\/image\/","url":"https:\/\/regiaonews.net.br\/2022\/wp-content\/uploads\/2026\/03\/regiao-13-anos-scaled.jpg","contentUrl":"https:\/\/regiaonews.net.br\/2022\/wp-content\/uploads\/2026\/03\/regiao-13-anos-scaled.jpg","width":2560,"height":635,"caption":"Regi\u00e3o News"},"image":{"@id":"https:\/\/regiaonews.net.br\/2022\/#\/schema\/logo\/image\/"}},{"@type":"Person","@id":"https:\/\/regiaonews.net.br\/2022\/#\/schema\/person\/2d205a608a5aa97ac279d7a5e6d89ad8","name":"Roberto","image":{"@type":"ImageObject","inLanguage":"pt-BR","@id":"https:\/\/secure.gravatar.com\/avatar\/42749d8b712ff9d59ca93dc150494e5b55a44134482993f5baeb97e61b7ecc89?s=96&d=mm&r=g","url":"https:\/\/secure.gravatar.com\/avatar\/42749d8b712ff9d59ca93dc150494e5b55a44134482993f5baeb97e61b7ecc89?s=96&d=mm&r=g","contentUrl":"https:\/\/secure.gravatar.com\/avatar\/42749d8b712ff9d59ca93dc150494e5b55a44134482993f5baeb97e61b7ecc89?s=96&d=mm&r=g","caption":"Roberto"},"url":"https:\/\/regiaonews.net.br\/2022\/author\/roberto\/"}]}},"publishpress_future_action":{"enabled":false,"date":"2026-05-02 02:23:57","action":"change-status","newStatus":"draft","terms":[],"taxonomy":"category","extraData":[]},"publishpress_future_workflow_manual_trigger":{"enabledWorkflows":[]},"_links":{"self":[{"href":"https:\/\/regiaonews.net.br\/2022\/wp-json\/wp\/v2\/posts\/32706","targetHints":{"allow":["GET"]}}],"collection":[{"href":"https:\/\/regiaonews.net.br\/2022\/wp-json\/wp\/v2\/posts"}],"about":[{"href":"https:\/\/regiaonews.net.br\/2022\/wp-json\/wp\/v2\/types\/post"}],"author":[{"embeddable":true,"href":"https:\/\/regiaonews.net.br\/2022\/wp-json\/wp\/v2\/users\/2"}],"replies":[{"embeddable":true,"href":"https:\/\/regiaonews.net.br\/2022\/wp-json\/wp\/v2\/comments?post=32706"}],"version-history":[{"count":0,"href":"https:\/\/regiaonews.net.br\/2022\/wp-json\/wp\/v2\/posts\/32706\/revisions"}],"wp:featuredmedia":[{"embeddable":true,"href":"https:\/\/regiaonews.net.br\/2022\/wp-json\/wp\/v2\/media\/14995"}],"wp:attachment":[{"href":"https:\/\/regiaonews.net.br\/2022\/wp-json\/wp\/v2\/media?parent=32706"}],"wp:term":[{"taxonomy":"category","embeddable":true,"href":"https:\/\/regiaonews.net.br\/2022\/wp-json\/wp\/v2\/categories?post=32706"},{"taxonomy":"post_tag","embeddable":true,"href":"https:\/\/regiaonews.net.br\/2022\/wp-json\/wp\/v2\/tags?post=32706"}],"curies":[{"name":"wp","href":"https:\/\/api.w.org\/{rel}","templated":true}]}}