{"id":32455,"date":"2020-05-20T12:02:31","date_gmt":"2020-05-20T15:02:31","guid":{"rendered":"https:\/\/regiaonews.net.br\/2022\/?p=32455"},"modified":"2020-05-20T12:02:31","modified_gmt":"2020-05-20T15:02:31","slug":"com-pandemia-escritorios-de-despachantes-sofrem-prejuizos","status":"publish","type":"post","link":"https:\/\/regiaonews.net.br\/2022\/2020\/05\/20\/com-pandemia-escritorios-de-despachantes-sofrem-prejuizos\/","title":{"rendered":"Com pandemia, Escrit\u00f3rios de Despachantes sofrem preju\u00edzos"},"content":{"rendered":"<p><a href=\"https:\/\/regiaonews.net.br\/2022\/wp-content\/uploads\/2020\/05\/marco-maciel.jpg\"><img loading=\"lazy\" decoding=\"async\" class=\"alignnone size-medium wp-image-32456\" src=\"https:\/\/regiaonews.net.br\/2022\/wp-content\/uploads\/2020\/05\/marco-maciel-300x169.jpg\" alt=\"\" width=\"300\" height=\"169\" \/><\/a><\/p>\n<p>&nbsp;<\/p>\n<p>&nbsp;<\/p>\n<p>Foto \u2013 O mec\u00e2nico Airton Assun\u00e7\u00e3o regularizando documento com o despachante Marco Maciel<\/p>\n<p>&nbsp;<\/p>\n<p>Desde que teve in\u00edcio o isolamento social com a pandemia do coronav\u00edrus, com a divulga\u00e7\u00e3o dos Decretos Estadual e Municipal, um dos setores mais afetados da economia \u00e9 de despachantes de ve\u00edculos. H\u00e1 exatamente 60 dias, com o fechamento do Detran.SP, os profissionais desse setor deixaram de atender os seus clientes em praticamente 100%, sem poder fazer a transf\u00eancias de ve\u00edculos, licenciamento e renova\u00e7\u00e3o de CNH (Carteira Nacional de Habilita\u00e7\u00e3o).<\/p>\n<p>Segundo opropriet\u00e1rio de escrit\u00f3rio de despachante, Marco Maciel, h\u00e1 quase 60 dias n\u00e3o consegue exercer as suas atividades devido ao fechamento do Detran.SP,\u00a0 e somente agora que o \u00a0Governo Estadual liberou o licenciamento digital. \u201cS\u00f3 o licenciamento digital que estamos conseguindo fazer, enquanto que a transfer\u00eancia e renova\u00e7\u00e3o n\u00e3o faz mais nada. A gente depende desses servi\u00e7os para sobreviver, as despesas continuam e se continuar o Detran fechado vai fechar muitos escrit\u00f3rios, como vamos trabalhar\u201d, afirmou.<\/p>\n<p>H\u00e1 40 anos, atuando na \u00e1rea, o despachante Marco Maciel, afirmou que ap\u00f3s o Poupatempo j\u00e1 caiu 50% dos escrit\u00f3rios, e orienta os propriet\u00e1rios a regularizarem a documenta\u00e7\u00e3o, porque se for pego em blitz ou se envolver em acidentes, poder\u00e3o ter o ve\u00edculo recolhido.<\/p>\n","protected":false},"excerpt":{"rendered":"<p>&nbsp; &nbsp; Foto \u2013 O mec\u00e2nico Airton Assun\u00e7\u00e3o regularizando documento<\/p>\n","protected":false},"author":2,"featured_media":32456,"comment_status":"open","ping_status":"open","sticky":false,"template":"","format":"standard","meta":{"footnotes":""},"categories":[14,25],"tags":[],"class_list":["post-32455","post","type-post","status-publish","format-standard","has-post-thumbnail","hentry","category-barretos","category-cidades"],"yoast_head":"<!-- This site is optimized with the Yoast SEO plugin v27.4 - https:\/\/yoast.com\/product\/yoast-seo-wordpress\/ -->\n<title>Com pandemia, Escrit\u00f3rios de Despachantes sofrem preju\u00edzos - Regi\u00e3o News<\/title>\n<meta name=\"robots\" content=\"index, follow, max-snippet:-1, max-image-preview:large, max-video-preview:-1\" \/>\n<link rel=\"canonical\" href=\"https:\/\/regiaonews.net.br\/2022\/2020\/05\/20\/com-pandemia-escritorios-de-despachantes-sofrem-prejuizos\/\" \/>\n<meta property=\"og:locale\" content=\"pt_BR\" \/>\n<meta property=\"og:type\" content=\"article\" \/>\n<meta property=\"og:title\" content=\"Com pandemia, Escrit\u00f3rios de Despachantes sofrem preju\u00edzos - Regi\u00e3o News\" \/>\n<meta property=\"og:description\" content=\"&nbsp; &nbsp; Foto \u2013 O mec\u00e2nico Airton Assun\u00e7\u00e3o regularizando documento\" \/>\n<meta property=\"og:url\" content=\"https:\/\/regiaonews.net.br\/2022\/2020\/05\/20\/com-pandemia-escritorios-de-despachantes-sofrem-prejuizos\/\" \/>\n<meta property=\"og:site_name\" content=\"Regi\u00e3o News\" \/>\n<meta property=\"article:published_time\" content=\"2020-05-20T15:02:31+00:00\" \/>\n<meta property=\"og:image\" content=\"https:\/\/regiaonews.net.br\/2022\/wp-content\/uploads\/2020\/05\/marco-maciel.jpg\" \/>\n\t<meta property=\"og:image:width\" content=\"1032\" \/>\n\t<meta property=\"og:image:height\" content=\"581\" \/>\n\t<meta property=\"og:image:type\" content=\"image\/jpeg\" \/>\n<meta name=\"author\" content=\"Roberto\" \/>\n<meta name=\"twitter:card\" content=\"summary_large_image\" \/>\n<meta name=\"twitter:label1\" content=\"Escrito por\" \/>\n\t<meta name=\"twitter:data1\" content=\"Roberto\" \/>\n\t<meta name=\"twitter:label2\" content=\"Est. tempo de leitura\" \/>\n\t<meta name=\"twitter:data2\" content=\"1 minuto\" \/>\n<script type=\"application\/ld+json\" class=\"yoast-schema-graph\">{\"@context\":\"https:\\\/\\\/schema.org\",\"@graph\":[{\"@type\":\"Article\",\"@id\":\"https:\\\/\\\/regiaonews.net.br\\\/2022\\\/2020\\\/05\\\/20\\\/com-pandemia-escritorios-de-despachantes-sofrem-prejuizos\\\/#article\",\"isPartOf\":{\"@id\":\"https:\\\/\\\/regiaonews.net.br\\\/2022\\\/2020\\\/05\\\/20\\\/com-pandemia-escritorios-de-despachantes-sofrem-prejuizos\\\/\"},\"author\":{\"name\":\"Roberto\",\"@id\":\"https:\\\/\\\/regiaonews.net.br\\\/2022\\\/#\\\/schema\\\/person\\\/2d205a608a5aa97ac279d7a5e6d89ad8\"},\"headline\":\"Com pandemia, Escrit\u00f3rios de Despachantes sofrem preju\u00edzos\",\"datePublished\":\"2020-05-20T15:02:31+00:00\",\"mainEntityOfPage\":{\"@id\":\"https:\\\/\\\/regiaonews.net.br\\\/2022\\\/2020\\\/05\\\/20\\\/com-pandemia-escritorios-de-despachantes-sofrem-prejuizos\\\/\"},\"wordCount\":234,\"commentCount\":0,\"publisher\":{\"@id\":\"https:\\\/\\\/regiaonews.net.br\\\/2022\\\/#organization\"},\"image\":{\"@id\":\"https:\\\/\\\/regiaonews.net.br\\\/2022\\\/2020\\\/05\\\/20\\\/com-pandemia-escritorios-de-despachantes-sofrem-prejuizos\\\/#primaryimage\"},\"thumbnailUrl\":\"https:\\\/\\\/regiaonews.net.br\\\/2022\\\/wp-content\\\/uploads\\\/2020\\\/05\\\/marco-maciel.jpg\",\"articleSection\":[\"Barretos\",\"Cidades\"],\"inLanguage\":\"pt-BR\",\"potentialAction\":[{\"@type\":\"CommentAction\",\"name\":\"Comment\",\"target\":[\"https:\\\/\\\/regiaonews.net.br\\\/2022\\\/2020\\\/05\\\/20\\\/com-pandemia-escritorios-de-despachantes-sofrem-prejuizos\\\/#respond\"]}]},{\"@type\":\"WebPage\",\"@id\":\"https:\\\/\\\/regiaonews.net.br\\\/2022\\\/2020\\\/05\\\/20\\\/com-pandemia-escritorios-de-despachantes-sofrem-prejuizos\\\/\",\"url\":\"https:\\\/\\\/regiaonews.net.br\\\/2022\\\/2020\\\/05\\\/20\\\/com-pandemia-escritorios-de-despachantes-sofrem-prejuizos\\\/\",\"name\":\"Com pandemia, Escrit\u00f3rios de Despachantes sofrem preju\u00edzos - Regi\u00e3o News\",\"isPartOf\":{\"@id\":\"https:\\\/\\\/regiaonews.net.br\\\/2022\\\/#website\"},\"primaryImageOfPage\":{\"@id\":\"https:\\\/\\\/regiaonews.net.br\\\/2022\\\/2020\\\/05\\\/20\\\/com-pandemia-escritorios-de-despachantes-sofrem-prejuizos\\\/#primaryimage\"},\"image\":{\"@id\":\"https:\\\/\\\/regiaonews.net.br\\\/2022\\\/2020\\\/05\\\/20\\\/com-pandemia-escritorios-de-despachantes-sofrem-prejuizos\\\/#primaryimage\"},\"thumbnailUrl\":\"https:\\\/\\\/regiaonews.net.br\\\/2022\\\/wp-content\\\/uploads\\\/2020\\\/05\\\/marco-maciel.jpg\",\"datePublished\":\"2020-05-20T15:02:31+00:00\",\"breadcrumb\":{\"@id\":\"https:\\\/\\\/regiaonews.net.br\\\/2022\\\/2020\\\/05\\\/20\\\/com-pandemia-escritorios-de-despachantes-sofrem-prejuizos\\\/#breadcrumb\"},\"inLanguage\":\"pt-BR\",\"potentialAction\":[{\"@type\":\"ReadAction\",\"target\":[\"https:\\\/\\\/regiaonews.net.br\\\/2022\\\/2020\\\/05\\\/20\\\/com-pandemia-escritorios-de-despachantes-sofrem-prejuizos\\\/\"]}]},{\"@type\":\"ImageObject\",\"inLanguage\":\"pt-BR\",\"@id\":\"https:\\\/\\\/regiaonews.net.br\\\/2022\\\/2020\\\/05\\\/20\\\/com-pandemia-escritorios-de-despachantes-sofrem-prejuizos\\\/#primaryimage\",\"url\":\"https:\\\/\\\/regiaonews.net.br\\\/2022\\\/wp-content\\\/uploads\\\/2020\\\/05\\\/marco-maciel.jpg\",\"contentUrl\":\"https:\\\/\\\/regiaonews.net.br\\\/2022\\\/wp-content\\\/uploads\\\/2020\\\/05\\\/marco-maciel.jpg\",\"width\":1032,\"height\":581},{\"@type\":\"BreadcrumbList\",\"@id\":\"https:\\\/\\\/regiaonews.net.br\\\/2022\\\/2020\\\/05\\\/20\\\/com-pandemia-escritorios-de-despachantes-sofrem-prejuizos\\\/#breadcrumb\",\"itemListElement\":[{\"@type\":\"ListItem\",\"position\":1,\"name\":\"In\u00edcio\",\"item\":\"https:\\\/\\\/regiaonews.net.br\\\/2022\\\/\"},{\"@type\":\"ListItem\",\"position\":2,\"name\":\"Com pandemia, Escrit\u00f3rios de Despachantes sofrem preju\u00edzos\"}]},{\"@type\":\"WebSite\",\"@id\":\"https:\\\/\\\/regiaonews.net.br\\\/2022\\\/#website\",\"url\":\"https:\\\/\\\/regiaonews.net.br\\\/2022\\\/\",\"name\":\"Regi\u00e3o News\",\"description\":\"Site de Not\u00edcias de Barretos e regi\u00e3o\",\"publisher\":{\"@id\":\"https:\\\/\\\/regiaonews.net.br\\\/2022\\\/#organization\"},\"potentialAction\":[{\"@type\":\"SearchAction\",\"target\":{\"@type\":\"EntryPoint\",\"urlTemplate\":\"https:\\\/\\\/regiaonews.net.br\\\/2022\\\/?s={search_term_string}\"},\"query-input\":{\"@type\":\"PropertyValueSpecification\",\"valueRequired\":true,\"valueName\":\"search_term_string\"}}],\"inLanguage\":\"pt-BR\"},{\"@type\":\"Organization\",\"@id\":\"https:\\\/\\\/regiaonews.net.br\\\/2022\\\/#organization\",\"name\":\"Regi\u00e3o News\",\"url\":\"https:\\\/\\\/regiaonews.net.br\\\/2022\\\/\",\"logo\":{\"@type\":\"ImageObject\",\"inLanguage\":\"pt-BR\",\"@id\":\"https:\\\/\\\/regiaonews.net.br\\\/2022\\\/#\\\/schema\\\/logo\\\/image\\\/\",\"url\":\"https:\\\/\\\/regiaonews.net.br\\\/2022\\\/wp-content\\\/uploads\\\/2026\\\/03\\\/regiao-13-anos-scaled.jpg\",\"contentUrl\":\"https:\\\/\\\/regiaonews.net.br\\\/2022\\\/wp-content\\\/uploads\\\/2026\\\/03\\\/regiao-13-anos-scaled.jpg\",\"width\":2560,\"height\":635,\"caption\":\"Regi\u00e3o News\"},\"image\":{\"@id\":\"https:\\\/\\\/regiaonews.net.br\\\/2022\\\/#\\\/schema\\\/logo\\\/image\\\/\"}},{\"@type\":\"Person\",\"@id\":\"https:\\\/\\\/regiaonews.net.br\\\/2022\\\/#\\\/schema\\\/person\\\/2d205a608a5aa97ac279d7a5e6d89ad8\",\"name\":\"Roberto\",\"image\":{\"@type\":\"ImageObject\",\"inLanguage\":\"pt-BR\",\"@id\":\"https:\\\/\\\/secure.gravatar.com\\\/avatar\\\/42749d8b712ff9d59ca93dc150494e5b55a44134482993f5baeb97e61b7ecc89?s=96&d=mm&r=g\",\"url\":\"https:\\\/\\\/secure.gravatar.com\\\/avatar\\\/42749d8b712ff9d59ca93dc150494e5b55a44134482993f5baeb97e61b7ecc89?s=96&d=mm&r=g\",\"contentUrl\":\"https:\\\/\\\/secure.gravatar.com\\\/avatar\\\/42749d8b712ff9d59ca93dc150494e5b55a44134482993f5baeb97e61b7ecc89?s=96&d=mm&r=g\",\"caption\":\"Roberto\"},\"url\":\"https:\\\/\\\/regiaonews.net.br\\\/2022\\\/author\\\/roberto\\\/\"}]}<\/script>\n<!-- \/ Yoast SEO plugin. -->","yoast_head_json":{"title":"Com pandemia, Escrit\u00f3rios de Despachantes sofrem preju\u00edzos - Regi\u00e3o News","robots":{"index":"index","follow":"follow","max-snippet":"max-snippet:-1","max-image-preview":"max-image-preview:large","max-video-preview":"max-video-preview:-1"},"canonical":"https:\/\/regiaonews.net.br\/2022\/2020\/05\/20\/com-pandemia-escritorios-de-despachantes-sofrem-prejuizos\/","og_locale":"pt_BR","og_type":"article","og_title":"Com pandemia, Escrit\u00f3rios de Despachantes sofrem preju\u00edzos - Regi\u00e3o News","og_description":"&nbsp; &nbsp; Foto \u2013 O mec\u00e2nico Airton Assun\u00e7\u00e3o regularizando documento","og_url":"https:\/\/regiaonews.net.br\/2022\/2020\/05\/20\/com-pandemia-escritorios-de-despachantes-sofrem-prejuizos\/","og_site_name":"Regi\u00e3o News","article_published_time":"2020-05-20T15:02:31+00:00","og_image":[{"width":1032,"height":581,"url":"https:\/\/regiaonews.net.br\/2022\/wp-content\/uploads\/2020\/05\/marco-maciel.jpg","type":"image\/jpeg"}],"author":"Roberto","twitter_card":"summary_large_image","twitter_misc":{"Escrito por":"Roberto","Est. tempo de leitura":"1 minuto"},"schema":{"@context":"https:\/\/schema.org","@graph":[{"@type":"Article","@id":"https:\/\/regiaonews.net.br\/2022\/2020\/05\/20\/com-pandemia-escritorios-de-despachantes-sofrem-prejuizos\/#article","isPartOf":{"@id":"https:\/\/regiaonews.net.br\/2022\/2020\/05\/20\/com-pandemia-escritorios-de-despachantes-sofrem-prejuizos\/"},"author":{"name":"Roberto","@id":"https:\/\/regiaonews.net.br\/2022\/#\/schema\/person\/2d205a608a5aa97ac279d7a5e6d89ad8"},"headline":"Com pandemia, Escrit\u00f3rios de Despachantes sofrem preju\u00edzos","datePublished":"2020-05-20T15:02:31+00:00","mainEntityOfPage":{"@id":"https:\/\/regiaonews.net.br\/2022\/2020\/05\/20\/com-pandemia-escritorios-de-despachantes-sofrem-prejuizos\/"},"wordCount":234,"commentCount":0,"publisher":{"@id":"https:\/\/regiaonews.net.br\/2022\/#organization"},"image":{"@id":"https:\/\/regiaonews.net.br\/2022\/2020\/05\/20\/com-pandemia-escritorios-de-despachantes-sofrem-prejuizos\/#primaryimage"},"thumbnailUrl":"https:\/\/regiaonews.net.br\/2022\/wp-content\/uploads\/2020\/05\/marco-maciel.jpg","articleSection":["Barretos","Cidades"],"inLanguage":"pt-BR","potentialAction":[{"@type":"CommentAction","name":"Comment","target":["https:\/\/regiaonews.net.br\/2022\/2020\/05\/20\/com-pandemia-escritorios-de-despachantes-sofrem-prejuizos\/#respond"]}]},{"@type":"WebPage","@id":"https:\/\/regiaonews.net.br\/2022\/2020\/05\/20\/com-pandemia-escritorios-de-despachantes-sofrem-prejuizos\/","url":"https:\/\/regiaonews.net.br\/2022\/2020\/05\/20\/com-pandemia-escritorios-de-despachantes-sofrem-prejuizos\/","name":"Com pandemia, Escrit\u00f3rios de Despachantes sofrem preju\u00edzos - Regi\u00e3o News","isPartOf":{"@id":"https:\/\/regiaonews.net.br\/2022\/#website"},"primaryImageOfPage":{"@id":"https:\/\/regiaonews.net.br\/2022\/2020\/05\/20\/com-pandemia-escritorios-de-despachantes-sofrem-prejuizos\/#primaryimage"},"image":{"@id":"https:\/\/regiaonews.net.br\/2022\/2020\/05\/20\/com-pandemia-escritorios-de-despachantes-sofrem-prejuizos\/#primaryimage"},"thumbnailUrl":"https:\/\/regiaonews.net.br\/2022\/wp-content\/uploads\/2020\/05\/marco-maciel.jpg","datePublished":"2020-05-20T15:02:31+00:00","breadcrumb":{"@id":"https:\/\/regiaonews.net.br\/2022\/2020\/05\/20\/com-pandemia-escritorios-de-despachantes-sofrem-prejuizos\/#breadcrumb"},"inLanguage":"pt-BR","potentialAction":[{"@type":"ReadAction","target":["https:\/\/regiaonews.net.br\/2022\/2020\/05\/20\/com-pandemia-escritorios-de-despachantes-sofrem-prejuizos\/"]}]},{"@type":"ImageObject","inLanguage":"pt-BR","@id":"https:\/\/regiaonews.net.br\/2022\/2020\/05\/20\/com-pandemia-escritorios-de-despachantes-sofrem-prejuizos\/#primaryimage","url":"https:\/\/regiaonews.net.br\/2022\/wp-content\/uploads\/2020\/05\/marco-maciel.jpg","contentUrl":"https:\/\/regiaonews.net.br\/2022\/wp-content\/uploads\/2020\/05\/marco-maciel.jpg","width":1032,"height":581},{"@type":"BreadcrumbList","@id":"https:\/\/regiaonews.net.br\/2022\/2020\/05\/20\/com-pandemia-escritorios-de-despachantes-sofrem-prejuizos\/#breadcrumb","itemListElement":[{"@type":"ListItem","position":1,"name":"In\u00edcio","item":"https:\/\/regiaonews.net.br\/2022\/"},{"@type":"ListItem","position":2,"name":"Com pandemia, Escrit\u00f3rios de Despachantes sofrem preju\u00edzos"}]},{"@type":"WebSite","@id":"https:\/\/regiaonews.net.br\/2022\/#website","url":"https:\/\/regiaonews.net.br\/2022\/","name":"Regi\u00e3o News","description":"Site de Not\u00edcias de Barretos e regi\u00e3o","publisher":{"@id":"https:\/\/regiaonews.net.br\/2022\/#organization"},"potentialAction":[{"@type":"SearchAction","target":{"@type":"EntryPoint","urlTemplate":"https:\/\/regiaonews.net.br\/2022\/?s={search_term_string}"},"query-input":{"@type":"PropertyValueSpecification","valueRequired":true,"valueName":"search_term_string"}}],"inLanguage":"pt-BR"},{"@type":"Organization","@id":"https:\/\/regiaonews.net.br\/2022\/#organization","name":"Regi\u00e3o News","url":"https:\/\/regiaonews.net.br\/2022\/","logo":{"@type":"ImageObject","inLanguage":"pt-BR","@id":"https:\/\/regiaonews.net.br\/2022\/#\/schema\/logo\/image\/","url":"https:\/\/regiaonews.net.br\/2022\/wp-content\/uploads\/2026\/03\/regiao-13-anos-scaled.jpg","contentUrl":"https:\/\/regiaonews.net.br\/2022\/wp-content\/uploads\/2026\/03\/regiao-13-anos-scaled.jpg","width":2560,"height":635,"caption":"Regi\u00e3o News"},"image":{"@id":"https:\/\/regiaonews.net.br\/2022\/#\/schema\/logo\/image\/"}},{"@type":"Person","@id":"https:\/\/regiaonews.net.br\/2022\/#\/schema\/person\/2d205a608a5aa97ac279d7a5e6d89ad8","name":"Roberto","image":{"@type":"ImageObject","inLanguage":"pt-BR","@id":"https:\/\/secure.gravatar.com\/avatar\/42749d8b712ff9d59ca93dc150494e5b55a44134482993f5baeb97e61b7ecc89?s=96&d=mm&r=g","url":"https:\/\/secure.gravatar.com\/avatar\/42749d8b712ff9d59ca93dc150494e5b55a44134482993f5baeb97e61b7ecc89?s=96&d=mm&r=g","contentUrl":"https:\/\/secure.gravatar.com\/avatar\/42749d8b712ff9d59ca93dc150494e5b55a44134482993f5baeb97e61b7ecc89?s=96&d=mm&r=g","caption":"Roberto"},"url":"https:\/\/regiaonews.net.br\/2022\/author\/roberto\/"}]}},"publishpress_future_action":{"enabled":false,"date":"2026-05-02 01:52:24","action":"change-status","newStatus":"draft","terms":[],"taxonomy":"category","extraData":[]},"publishpress_future_workflow_manual_trigger":{"enabledWorkflows":[]},"_links":{"self":[{"href":"https:\/\/regiaonews.net.br\/2022\/wp-json\/wp\/v2\/posts\/32455","targetHints":{"allow":["GET"]}}],"collection":[{"href":"https:\/\/regiaonews.net.br\/2022\/wp-json\/wp\/v2\/posts"}],"about":[{"href":"https:\/\/regiaonews.net.br\/2022\/wp-json\/wp\/v2\/types\/post"}],"author":[{"embeddable":true,"href":"https:\/\/regiaonews.net.br\/2022\/wp-json\/wp\/v2\/users\/2"}],"replies":[{"embeddable":true,"href":"https:\/\/regiaonews.net.br\/2022\/wp-json\/wp\/v2\/comments?post=32455"}],"version-history":[{"count":0,"href":"https:\/\/regiaonews.net.br\/2022\/wp-json\/wp\/v2\/posts\/32455\/revisions"}],"wp:featuredmedia":[{"embeddable":true,"href":"https:\/\/regiaonews.net.br\/2022\/wp-json\/wp\/v2\/media\/32456"}],"wp:attachment":[{"href":"https:\/\/regiaonews.net.br\/2022\/wp-json\/wp\/v2\/media?parent=32455"}],"wp:term":[{"taxonomy":"category","embeddable":true,"href":"https:\/\/regiaonews.net.br\/2022\/wp-json\/wp\/v2\/categories?post=32455"},{"taxonomy":"post_tag","embeddable":true,"href":"https:\/\/regiaonews.net.br\/2022\/wp-json\/wp\/v2\/tags?post=32455"}],"curies":[{"name":"wp","href":"https:\/\/api.w.org\/{rel}","templated":true}]}}