{"id":132582,"date":"2026-09-05T15:57:12","date_gmt":"2026-09-05T18:57:12","guid":{"rendered":"https:\/\/regiaonews.net.br\/2022\/?p=132582"},"modified":"2026-09-05T15:58:02","modified_gmt":"2026-09-05T18:58:02","slug":"mulher-morre-apos-ser-baleada-em-estabelecimento-comercial-no-distrito-de-laranjeiras-em-colombia","status":"publish","type":"post","link":"https:\/\/regiaonews.net.br\/2022\/2026\/09\/mulher-morre-apos-ser-baleada-em-estabelecimento-comercial-no-distrito-de-laranjeiras-em-colombia\/","title":{"rendered":"Mulher morre ap\u00f3s ser baleada em estabelecimento comercial no distrito de Laranjeiras, em Col\u00f4mbia"},"content":{"rendered":"<p>&nbsp;<\/p>\n<p>&nbsp;<\/p>\n<p>Uma mulher, identificada como Mikaelle Bezerra da Silva, morreu ap\u00f3s ser atingida por um disparo de arma de fogo na noite desta sexta-feira (4), no distrito de Laranjeiras, em Col\u00f4mbia.<\/p>\n<p>De acordo com as informa\u00e7\u00f5es da Pol\u00edcia Militar, a equipe foi acionada ap\u00f3s uma den\u00fancia de desentendimento em um estabelecimento comercial. Durante o deslocamento dos policiais, uma nova liga\u00e7\u00e3o informou que um homem, de 58 anos, teria efetuado um disparo contra a v\u00edtima.<\/p>\n<p>Ap\u00f3s ser baleada, Mikaelle foi socorrida inicialmente por populares, que a colocaram em um ve\u00edculo para lev\u00e1-la ao Pronto-Socorro de Col\u00f4mbia. Durante o trajeto, eles encontraram uma ambul\u00e2ncia que j\u00e1 havia sido acionada por outras testemunhas. A v\u00edtima foi transferida para a unidade de emerg\u00eancia e encaminhada ao Hospital Municipal, mas n\u00e3o resistiu aos ferimentos e morreu.<\/p>\n<p>Ainda segundo a Pol\u00edcia Militar, pessoas que estavam no estabelecimento conseguiram conter o autor logo ap\u00f3s o disparo e retirar a arma de fogo que estava em sua posse. Entretanto, o homem conseguiu se desvencilhar e fugiu em dire\u00e7\u00e3o a uma \u00e1rea de mata.<\/p>\n<p>Policiais militares realizaram buscas pelo distrito e pela regi\u00e3o de mata, com apoio de outra equipe, mas o suspeito n\u00e3o foi localizado at\u00e9 o momento.<\/p>\n<p>A arma utilizada no crime foi entregue aos policiais por uma das propriet\u00e1rias do estabelecimento. Na apreens\u00e3o, foram encontrados um rev\u00f3lver calibre .32, uma muni\u00e7\u00e3o deflagrada e cinco muni\u00e7\u00f5es intactas.<\/p>\n<p>O caso foi registrado como homic\u00eddio doloso e encaminhado \u00e0 Central de Flagrantes de Barretos. A Pol\u00edcia Civil dever\u00e1 investigar as circunst\u00e2ncias e a motiva\u00e7\u00e3o do crime.<\/p>\n","protected":false},"excerpt":{"rendered":"<p>&nbsp; &nbsp; Uma mulher, identificada como Mikaelle Bezerra da Silva, morreu ap\u00f3s ser atingida por um disparo de arma de fogo na noite desta sexta-feira&#8230;<\/p>\n","protected":false},"author":2,"featured_media":132584,"comment_status":"open","ping_status":"open","sticky":false,"template":"","format":"standard","meta":{"_themeisle_gutenberg_block_has_review":false,"footnotes":""},"categories":[22],"tags":[],"class_list":["post-132582","post","type-post","status-publish","format-standard","has-post-thumbnail","hentry","category-politica"],"yoast_head":"<!-- This site is optimized with the Yoast SEO plugin v28.4 - https:\/\/yoast.com\/product\/yoast-seo-wordpress\/ -->\n<title>Mulher morre ap\u00f3s ser baleada em estabelecimento comercial no distrito de Laranjeiras, em Col\u00f4mbia - Regi\u00e3o News<\/title>\n<meta name=\"robots\" content=\"index, follow, max-snippet:-1, max-image-preview:large, max-video-preview:-1\" \/>\n<link rel=\"canonical\" href=\"https:\/\/regiaonews.net.br\/2022\/2026\/09\/mulher-morre-apos-ser-baleada-em-estabelecimento-comercial-no-distrito-de-laranjeiras-em-colombia\/\" \/>\n<meta property=\"og:locale\" content=\"pt_BR\" \/>\n<meta property=\"og:type\" content=\"article\" \/>\n<meta property=\"og:title\" content=\"Mulher morre ap\u00f3s ser baleada em estabelecimento comercial no distrito de Laranjeiras, em Col\u00f4mbia - Regi\u00e3o News\" \/>\n<meta property=\"og:description\" content=\"&nbsp; &nbsp; Uma mulher, identificada como Mikaelle Bezerra da Silva, morreu ap\u00f3s ser atingida por um disparo de arma de fogo na noite desta sexta-feira...\" \/>\n<meta property=\"og:url\" content=\"https:\/\/regiaonews.net.br\/2022\/2026\/09\/mulher-morre-apos-ser-baleada-em-estabelecimento-comercial-no-distrito-de-laranjeiras-em-colombia\/\" \/>\n<meta property=\"og:site_name\" content=\"Regi\u00e3o News\" \/>\n<meta property=\"article:published_time\" content=\"2026-09-05T18:57:12+00:00\" \/>\n<meta property=\"article:modified_time\" content=\"2026-09-05T18:58:02+00:00\" \/>\n<meta property=\"og:image\" content=\"https:\/\/regiaonews.net.br\/2022\/wp-content\/uploads\/2026\/09\/IMG-20260905-WA0161.jpg\" \/>\n\t<meta property=\"og:image:width\" content=\"1600\" \/>\n\t<meta property=\"og:image:height\" content=\"900\" \/>\n\t<meta property=\"og:image:type\" content=\"image\/jpeg\" \/>\n<meta name=\"author\" content=\"Roberto\" \/>\n<meta name=\"twitter:card\" content=\"summary_large_image\" \/>\n<meta name=\"twitter:label1\" content=\"Escrito por\" \/>\n\t<meta name=\"twitter:data1\" content=\"Roberto\" \/>\n\t<meta name=\"twitter:label2\" content=\"Est. tempo de leitura\" \/>\n\t<meta name=\"twitter:data2\" content=\"2 minutos\" \/>\n<script type=\"application\/ld+json\" class=\"yoast-schema-graph\">{\"@context\":\"https:\\\/\\\/schema.org\",\"@graph\":[{\"@type\":\"Article\",\"@id\":\"https:\\\/\\\/regiaonews.net.br\\\/2022\\\/2026\\\/09\\\/mulher-morre-apos-ser-baleada-em-estabelecimento-comercial-no-distrito-de-laranjeiras-em-colombia\\\/#article\",\"isPartOf\":{\"@id\":\"https:\\\/\\\/regiaonews.net.br\\\/2022\\\/2026\\\/09\\\/mulher-morre-apos-ser-baleada-em-estabelecimento-comercial-no-distrito-de-laranjeiras-em-colombia\\\/\"},\"author\":{\"name\":\"Roberto\",\"@id\":\"https:\\\/\\\/regiaonews.net.br\\\/2022\\\/#\\\/schema\\\/person\\\/2d205a608a5aa97ac279d7a5e6d89ad8\"},\"headline\":\"Mulher morre ap\u00f3s ser baleada em estabelecimento comercial no distrito de Laranjeiras, em Col\u00f4mbia\",\"datePublished\":\"2026-09-05T18:57:12+00:00\",\"dateModified\":\"2026-09-05T18:58:02+00:00\",\"mainEntityOfPage\":{\"@id\":\"https:\\\/\\\/regiaonews.net.br\\\/2022\\\/2026\\\/09\\\/mulher-morre-apos-ser-baleada-em-estabelecimento-comercial-no-distrito-de-laranjeiras-em-colombia\\\/\"},\"wordCount\":300,\"commentCount\":0,\"publisher\":{\"@id\":\"https:\\\/\\\/regiaonews.net.br\\\/2022\\\/#organization\"},\"image\":{\"@id\":\"https:\\\/\\\/regiaonews.net.br\\\/2022\\\/2026\\\/09\\\/mulher-morre-apos-ser-baleada-em-estabelecimento-comercial-no-distrito-de-laranjeiras-em-colombia\\\/#primaryimage\"},\"thumbnailUrl\":\"https:\\\/\\\/regiaonews.net.br\\\/2022\\\/wp-content\\\/uploads\\\/2026\\\/09\\\/IMG-20260905-WA0161.jpg\",\"articleSection\":[\"Pol\u00edtica\"],\"inLanguage\":\"pt-BR\",\"potentialAction\":[{\"@type\":\"CommentAction\",\"name\":\"Comment\",\"target\":[\"https:\\\/\\\/regiaonews.net.br\\\/2022\\\/2026\\\/09\\\/mulher-morre-apos-ser-baleada-em-estabelecimento-comercial-no-distrito-de-laranjeiras-em-colombia\\\/#respond\"]}]},{\"@type\":\"WebPage\",\"@id\":\"https:\\\/\\\/regiaonews.net.br\\\/2022\\\/2026\\\/09\\\/mulher-morre-apos-ser-baleada-em-estabelecimento-comercial-no-distrito-de-laranjeiras-em-colombia\\\/\",\"url\":\"https:\\\/\\\/regiaonews.net.br\\\/2022\\\/2026\\\/09\\\/mulher-morre-apos-ser-baleada-em-estabelecimento-comercial-no-distrito-de-laranjeiras-em-colombia\\\/\",\"name\":\"Mulher morre ap\u00f3s ser baleada em estabelecimento comercial no distrito de Laranjeiras, em Col\u00f4mbia - Regi\u00e3o News\",\"isPartOf\":{\"@id\":\"https:\\\/\\\/regiaonews.net.br\\\/2022\\\/#website\"},\"primaryImageOfPage\":{\"@id\":\"https:\\\/\\\/regiaonews.net.br\\\/2022\\\/2026\\\/09\\\/mulher-morre-apos-ser-baleada-em-estabelecimento-comercial-no-distrito-de-laranjeiras-em-colombia\\\/#primaryimage\"},\"image\":{\"@id\":\"https:\\\/\\\/regiaonews.net.br\\\/2022\\\/2026\\\/09\\\/mulher-morre-apos-ser-baleada-em-estabelecimento-comercial-no-distrito-de-laranjeiras-em-colombia\\\/#primaryimage\"},\"thumbnailUrl\":\"https:\\\/\\\/regiaonews.net.br\\\/2022\\\/wp-content\\\/uploads\\\/2026\\\/09\\\/IMG-20260905-WA0161.jpg\",\"datePublished\":\"2026-09-05T18:57:12+00:00\",\"dateModified\":\"2026-09-05T18:58:02+00:00\",\"breadcrumb\":{\"@id\":\"https:\\\/\\\/regiaonews.net.br\\\/2022\\\/2026\\\/09\\\/mulher-morre-apos-ser-baleada-em-estabelecimento-comercial-no-distrito-de-laranjeiras-em-colombia\\\/#breadcrumb\"},\"inLanguage\":\"pt-BR\",\"potentialAction\":[{\"@type\":\"ReadAction\",\"target\":[\"https:\\\/\\\/regiaonews.net.br\\\/2022\\\/2026\\\/09\\\/mulher-morre-apos-ser-baleada-em-estabelecimento-comercial-no-distrito-de-laranjeiras-em-colombia\\\/\"]}]},{\"@type\":\"ImageObject\",\"inLanguage\":\"pt-BR\",\"@id\":\"https:\\\/\\\/regiaonews.net.br\\\/2022\\\/2026\\\/09\\\/mulher-morre-apos-ser-baleada-em-estabelecimento-comercial-no-distrito-de-laranjeiras-em-colombia\\\/#primaryimage\",\"url\":\"https:\\\/\\\/regiaonews.net.br\\\/2022\\\/wp-content\\\/uploads\\\/2026\\\/09\\\/IMG-20260905-WA0161.jpg\",\"contentUrl\":\"https:\\\/\\\/regiaonews.net.br\\\/2022\\\/wp-content\\\/uploads\\\/2026\\\/09\\\/IMG-20260905-WA0161.jpg\",\"width\":1600,\"height\":900},{\"@type\":\"BreadcrumbList\",\"@id\":\"https:\\\/\\\/regiaonews.net.br\\\/2022\\\/2026\\\/09\\\/mulher-morre-apos-ser-baleada-em-estabelecimento-comercial-no-distrito-de-laranjeiras-em-colombia\\\/#breadcrumb\",\"itemListElement\":[{\"@type\":\"ListItem\",\"position\":1,\"name\":\"In\u00edcio\",\"item\":\"https:\\\/\\\/regiaonews.net.br\\\/2022\\\/\"},{\"@type\":\"ListItem\",\"position\":2,\"name\":\"Mulher morre ap\u00f3s ser baleada em estabelecimento comercial no distrito de Laranjeiras, em Col\u00f4mbia\"}]},{\"@type\":\"WebSite\",\"@id\":\"https:\\\/\\\/regiaonews.net.br\\\/2022\\\/#website\",\"url\":\"https:\\\/\\\/regiaonews.net.br\\\/2022\\\/\",\"name\":\"Regi\u00e3o News\",\"description\":\"Site de Not\u00edcias de Barretos e regi\u00e3o\",\"publisher\":{\"@id\":\"https:\\\/\\\/regiaonews.net.br\\\/2022\\\/#organization\"},\"potentialAction\":[{\"@type\":\"SearchAction\",\"target\":{\"@type\":\"EntryPoint\",\"urlTemplate\":\"https:\\\/\\\/regiaonews.net.br\\\/2022\\\/?s={search_term_string}\"},\"query-input\":{\"@type\":\"PropertyValueSpecification\",\"valueRequired\":true,\"valueName\":\"search_term_string\"}}],\"inLanguage\":\"pt-BR\"},{\"@type\":\"Organization\",\"@id\":\"https:\\\/\\\/regiaonews.net.br\\\/2022\\\/#organization\",\"name\":\"Regi\u00e3o News\",\"url\":\"https:\\\/\\\/regiaonews.net.br\\\/2022\\\/\",\"logo\":{\"@type\":\"ImageObject\",\"inLanguage\":\"pt-BR\",\"@id\":\"https:\\\/\\\/regiaonews.net.br\\\/2022\\\/#\\\/schema\\\/logo\\\/image\\\/\",\"url\":\"https:\\\/\\\/regiaonews.net.br\\\/2022\\\/wp-content\\\/uploads\\\/2026\\\/08\\\/LOGO-NEW-REG-TR.png\",\"contentUrl\":\"https:\\\/\\\/regiaonews.net.br\\\/2022\\\/wp-content\\\/uploads\\\/2026\\\/08\\\/LOGO-NEW-REG-TR.png\",\"width\":360,\"height\":130,\"caption\":\"Regi\u00e3o News\"},\"image\":{\"@id\":\"https:\\\/\\\/regiaonews.net.br\\\/2022\\\/#\\\/schema\\\/logo\\\/image\\\/\"}},{\"@type\":\"Person\",\"@id\":\"https:\\\/\\\/regiaonews.net.br\\\/2022\\\/#\\\/schema\\\/person\\\/2d205a608a5aa97ac279d7a5e6d89ad8\",\"name\":\"Roberto\",\"image\":{\"@type\":\"ImageObject\",\"inLanguage\":\"pt-BR\",\"@id\":\"https:\\\/\\\/secure.gravatar.com\\\/avatar\\\/42749d8b712ff9d59ca93dc150494e5b55a44134482993f5baeb97e61b7ecc89?s=96&d=mm&r=g\",\"url\":\"https:\\\/\\\/secure.gravatar.com\\\/avatar\\\/42749d8b712ff9d59ca93dc150494e5b55a44134482993f5baeb97e61b7ecc89?s=96&d=mm&r=g\",\"contentUrl\":\"https:\\\/\\\/secure.gravatar.com\\\/avatar\\\/42749d8b712ff9d59ca93dc150494e5b55a44134482993f5baeb97e61b7ecc89?s=96&d=mm&r=g\",\"caption\":\"Roberto\"},\"url\":\"https:\\\/\\\/regiaonews.net.br\\\/2022\\\/author\\\/roberto\\\/\"}]}<\/script>\n<!-- \/ Yoast SEO plugin. -->","yoast_head_json":{"title":"Mulher morre ap\u00f3s ser baleada em estabelecimento comercial no distrito de Laranjeiras, em Col\u00f4mbia - Regi\u00e3o News","robots":{"index":"index","follow":"follow","max-snippet":"max-snippet:-1","max-image-preview":"max-image-preview:large","max-video-preview":"max-video-preview:-1"},"canonical":"https:\/\/regiaonews.net.br\/2022\/2026\/09\/mulher-morre-apos-ser-baleada-em-estabelecimento-comercial-no-distrito-de-laranjeiras-em-colombia\/","og_locale":"pt_BR","og_type":"article","og_title":"Mulher morre ap\u00f3s ser baleada em estabelecimento comercial no distrito de Laranjeiras, em Col\u00f4mbia - Regi\u00e3o News","og_description":"&nbsp; &nbsp; Uma mulher, identificada como Mikaelle Bezerra da Silva, morreu ap\u00f3s ser atingida por um disparo de arma de fogo na noite desta sexta-feira...","og_url":"https:\/\/regiaonews.net.br\/2022\/2026\/09\/mulher-morre-apos-ser-baleada-em-estabelecimento-comercial-no-distrito-de-laranjeiras-em-colombia\/","og_site_name":"Regi\u00e3o News","article_published_time":"2026-09-05T18:57:12+00:00","article_modified_time":"2026-09-05T18:58:02+00:00","og_image":[{"width":1600,"height":900,"url":"https:\/\/regiaonews.net.br\/2022\/wp-content\/uploads\/2026\/09\/IMG-20260905-WA0161.jpg","type":"image\/jpeg"}],"author":"Roberto","twitter_card":"summary_large_image","twitter_misc":{"Escrito por":"Roberto","Est. tempo de leitura":"2 minutos"},"schema":{"@context":"https:\/\/schema.org","@graph":[{"@type":"Article","@id":"https:\/\/regiaonews.net.br\/2022\/2026\/09\/mulher-morre-apos-ser-baleada-em-estabelecimento-comercial-no-distrito-de-laranjeiras-em-colombia\/#article","isPartOf":{"@id":"https:\/\/regiaonews.net.br\/2022\/2026\/09\/mulher-morre-apos-ser-baleada-em-estabelecimento-comercial-no-distrito-de-laranjeiras-em-colombia\/"},"author":{"name":"Roberto","@id":"https:\/\/regiaonews.net.br\/2022\/#\/schema\/person\/2d205a608a5aa97ac279d7a5e6d89ad8"},"headline":"Mulher morre ap\u00f3s ser baleada em estabelecimento comercial no distrito de Laranjeiras, em Col\u00f4mbia","datePublished":"2026-09-05T18:57:12+00:00","dateModified":"2026-09-05T18:58:02+00:00","mainEntityOfPage":{"@id":"https:\/\/regiaonews.net.br\/2022\/2026\/09\/mulher-morre-apos-ser-baleada-em-estabelecimento-comercial-no-distrito-de-laranjeiras-em-colombia\/"},"wordCount":300,"commentCount":0,"publisher":{"@id":"https:\/\/regiaonews.net.br\/2022\/#organization"},"image":{"@id":"https:\/\/regiaonews.net.br\/2022\/2026\/09\/mulher-morre-apos-ser-baleada-em-estabelecimento-comercial-no-distrito-de-laranjeiras-em-colombia\/#primaryimage"},"thumbnailUrl":"https:\/\/regiaonews.net.br\/2022\/wp-content\/uploads\/2026\/09\/IMG-20260905-WA0161.jpg","articleSection":["Pol\u00edtica"],"inLanguage":"pt-BR","potentialAction":[{"@type":"CommentAction","name":"Comment","target":["https:\/\/regiaonews.net.br\/2022\/2026\/09\/mulher-morre-apos-ser-baleada-em-estabelecimento-comercial-no-distrito-de-laranjeiras-em-colombia\/#respond"]}]},{"@type":"WebPage","@id":"https:\/\/regiaonews.net.br\/2022\/2026\/09\/mulher-morre-apos-ser-baleada-em-estabelecimento-comercial-no-distrito-de-laranjeiras-em-colombia\/","url":"https:\/\/regiaonews.net.br\/2022\/2026\/09\/mulher-morre-apos-ser-baleada-em-estabelecimento-comercial-no-distrito-de-laranjeiras-em-colombia\/","name":"Mulher morre ap\u00f3s ser baleada em estabelecimento comercial no distrito de Laranjeiras, em Col\u00f4mbia - Regi\u00e3o News","isPartOf":{"@id":"https:\/\/regiaonews.net.br\/2022\/#website"},"primaryImageOfPage":{"@id":"https:\/\/regiaonews.net.br\/2022\/2026\/09\/mulher-morre-apos-ser-baleada-em-estabelecimento-comercial-no-distrito-de-laranjeiras-em-colombia\/#primaryimage"},"image":{"@id":"https:\/\/regiaonews.net.br\/2022\/2026\/09\/mulher-morre-apos-ser-baleada-em-estabelecimento-comercial-no-distrito-de-laranjeiras-em-colombia\/#primaryimage"},"thumbnailUrl":"https:\/\/regiaonews.net.br\/2022\/wp-content\/uploads\/2026\/09\/IMG-20260905-WA0161.jpg","datePublished":"2026-09-05T18:57:12+00:00","dateModified":"2026-09-05T18:58:02+00:00","breadcrumb":{"@id":"https:\/\/regiaonews.net.br\/2022\/2026\/09\/mulher-morre-apos-ser-baleada-em-estabelecimento-comercial-no-distrito-de-laranjeiras-em-colombia\/#breadcrumb"},"inLanguage":"pt-BR","potentialAction":[{"@type":"ReadAction","target":["https:\/\/regiaonews.net.br\/2022\/2026\/09\/mulher-morre-apos-ser-baleada-em-estabelecimento-comercial-no-distrito-de-laranjeiras-em-colombia\/"]}]},{"@type":"ImageObject","inLanguage":"pt-BR","@id":"https:\/\/regiaonews.net.br\/2022\/2026\/09\/mulher-morre-apos-ser-baleada-em-estabelecimento-comercial-no-distrito-de-laranjeiras-em-colombia\/#primaryimage","url":"https:\/\/regiaonews.net.br\/2022\/wp-content\/uploads\/2026\/09\/IMG-20260905-WA0161.jpg","contentUrl":"https:\/\/regiaonews.net.br\/2022\/wp-content\/uploads\/2026\/09\/IMG-20260905-WA0161.jpg","width":1600,"height":900},{"@type":"BreadcrumbList","@id":"https:\/\/regiaonews.net.br\/2022\/2026\/09\/mulher-morre-apos-ser-baleada-em-estabelecimento-comercial-no-distrito-de-laranjeiras-em-colombia\/#breadcrumb","itemListElement":[{"@type":"ListItem","position":1,"name":"In\u00edcio","item":"https:\/\/regiaonews.net.br\/2022\/"},{"@type":"ListItem","position":2,"name":"Mulher morre ap\u00f3s ser baleada em estabelecimento comercial no distrito de Laranjeiras, em Col\u00f4mbia"}]},{"@type":"WebSite","@id":"https:\/\/regiaonews.net.br\/2022\/#website","url":"https:\/\/regiaonews.net.br\/2022\/","name":"Regi\u00e3o News","description":"Site de Not\u00edcias de Barretos e regi\u00e3o","publisher":{"@id":"https:\/\/regiaonews.net.br\/2022\/#organization"},"potentialAction":[{"@type":"SearchAction","target":{"@type":"EntryPoint","urlTemplate":"https:\/\/regiaonews.net.br\/2022\/?s={search_term_string}"},"query-input":{"@type":"PropertyValueSpecification","valueRequired":true,"valueName":"search_term_string"}}],"inLanguage":"pt-BR"},{"@type":"Organization","@id":"https:\/\/regiaonews.net.br\/2022\/#organization","name":"Regi\u00e3o News","url":"https:\/\/regiaonews.net.br\/2022\/","logo":{"@type":"ImageObject","inLanguage":"pt-BR","@id":"https:\/\/regiaonews.net.br\/2022\/#\/schema\/logo\/image\/","url":"https:\/\/regiaonews.net.br\/2022\/wp-content\/uploads\/2026\/08\/LOGO-NEW-REG-TR.png","contentUrl":"https:\/\/regiaonews.net.br\/2022\/wp-content\/uploads\/2026\/08\/LOGO-NEW-REG-TR.png","width":360,"height":130,"caption":"Regi\u00e3o News"},"image":{"@id":"https:\/\/regiaonews.net.br\/2022\/#\/schema\/logo\/image\/"}},{"@type":"Person","@id":"https:\/\/regiaonews.net.br\/2022\/#\/schema\/person\/2d205a608a5aa97ac279d7a5e6d89ad8","name":"Roberto","image":{"@type":"ImageObject","inLanguage":"pt-BR","@id":"https:\/\/secure.gravatar.com\/avatar\/42749d8b712ff9d59ca93dc150494e5b55a44134482993f5baeb97e61b7ecc89?s=96&d=mm&r=g","url":"https:\/\/secure.gravatar.com\/avatar\/42749d8b712ff9d59ca93dc150494e5b55a44134482993f5baeb97e61b7ecc89?s=96&d=mm&r=g","contentUrl":"https:\/\/secure.gravatar.com\/avatar\/42749d8b712ff9d59ca93dc150494e5b55a44134482993f5baeb97e61b7ecc89?s=96&d=mm&r=g","caption":"Roberto"},"url":"https:\/\/regiaonews.net.br\/2022\/author\/roberto\/"}]}},"publishpress_future_action":{"enabled":false,"date":"2026-09-13 08:10:25","action":"change-status","newStatus":"draft","terms":[],"taxonomy":"category","extraData":[]},"publishpress_future_workflow_manual_trigger":{"enabledWorkflows":[]},"_links":{"self":[{"href":"https:\/\/regiaonews.net.br\/2022\/wp-json\/wp\/v2\/posts\/132582","targetHints":{"allow":["GET"]}}],"collection":[{"href":"https:\/\/regiaonews.net.br\/2022\/wp-json\/wp\/v2\/posts"}],"about":[{"href":"https:\/\/regiaonews.net.br\/2022\/wp-json\/wp\/v2\/types\/post"}],"author":[{"embeddable":true,"href":"https:\/\/regiaonews.net.br\/2022\/wp-json\/wp\/v2\/users\/2"}],"replies":[{"embeddable":true,"href":"https:\/\/regiaonews.net.br\/2022\/wp-json\/wp\/v2\/comments?post=132582"}],"version-history":[{"count":1,"href":"https:\/\/regiaonews.net.br\/2022\/wp-json\/wp\/v2\/posts\/132582\/revisions"}],"predecessor-version":[{"id":132583,"href":"https:\/\/regiaonews.net.br\/2022\/wp-json\/wp\/v2\/posts\/132582\/revisions\/132583"}],"wp:featuredmedia":[{"embeddable":true,"href":"https:\/\/regiaonews.net.br\/2022\/wp-json\/wp\/v2\/media\/132584"}],"wp:attachment":[{"href":"https:\/\/regiaonews.net.br\/2022\/wp-json\/wp\/v2\/media?parent=132582"}],"wp:term":[{"taxonomy":"category","embeddable":true,"href":"https:\/\/regiaonews.net.br\/2022\/wp-json\/wp\/v2\/categories?post=132582"},{"taxonomy":"post_tag","embeddable":true,"href":"https:\/\/regiaonews.net.br\/2022\/wp-json\/wp\/v2\/tags?post=132582"}],"curies":[{"name":"wp","href":"https:\/\/api.w.org\/{rel}","templated":true}]}}