{"id":132528,"date":"2026-09-04T20:15:56","date_gmt":"2026-09-04T23:15:56","guid":{"rendered":"https:\/\/regiaonews.net.br\/2022\/?p=132528"},"modified":"2026-09-04T20:15:56","modified_gmt":"2026-09-04T23:15:56","slug":"prefeitura-na-rua-leva-servicos-e-atendimento-da-administracao-municipal-ao-bairro-alto-sumare","status":"publish","type":"post","link":"https:\/\/regiaonews.net.br\/2022\/2026\/09\/prefeitura-na-rua-leva-servicos-e-atendimento-da-administracao-municipal-ao-bairro-alto-sumare\/","title":{"rendered":"Prefeitura na Rua leva servi\u00e7os e atendimento da administra\u00e7\u00e3o municipal ao bairro Alto Sumar\u00e9"},"content":{"rendered":"<p><a href=\"https:\/\/regiaonews.net.br\/2022\/wp-content\/uploads\/2026\/09\/WhatsApp-Image-2026-09-04-at-16.27.15.jpeg\"><img loading=\"lazy\" decoding=\"async\" class=\"alignnone size-medium wp-image-132530\" src=\"https:\/\/regiaonews.net.br\/2022\/wp-content\/uploads\/2026\/09\/WhatsApp-Image-2026-09-04-at-16.27.15-300x200.jpeg\" alt=\"\" width=\"300\" height=\"200\" srcset=\"https:\/\/regiaonews.net.br\/2022\/wp-content\/uploads\/2026\/09\/WhatsApp-Image-2026-09-04-at-16.27.15-300x200.jpeg 300w, https:\/\/regiaonews.net.br\/2022\/wp-content\/uploads\/2026\/09\/WhatsApp-Image-2026-09-04-at-16.27.15-1024x683.jpeg 1024w, https:\/\/regiaonews.net.br\/2022\/wp-content\/uploads\/2026\/09\/WhatsApp-Image-2026-09-04-at-16.27.15-768x512.jpeg 768w, https:\/\/regiaonews.net.br\/2022\/wp-content\/uploads\/2026\/09\/WhatsApp-Image-2026-09-04-at-16.27.15-1536x1024.jpeg 1536w, https:\/\/regiaonews.net.br\/2022\/wp-content\/uploads\/2026\/09\/WhatsApp-Image-2026-09-04-at-16.27.15.jpeg 1600w\" sizes=\"auto, (max-width: 300px) 100vw, 300px\" \/><\/a><\/p>\n<p>A Prefeitura da Est\u00e2ncia Tur\u00edstica de Barretos lan\u00e7ou nesta sexta-feira, 4 de setembro, o projeto Prefeitura na Rua, iniciativa que tem como objetivo aproximar a administra\u00e7\u00e3o municipal dos moradores e levar servi\u00e7os p\u00fablicos diretamente aos bairros. A primeira edi\u00e7\u00e3o ocorreu no Alto Sumar\u00e9, em frente ao Cemei Jos\u00e9 Pereira Neves.<br \/>\nDurante a a\u00e7\u00e3o, os moradores puderam registrar reclama\u00e7\u00f5es, den\u00fancias, solicita\u00e7\u00f5es e sugest\u00f5es, al\u00e9m de esclarecer d\u00favidas sobre os servi\u00e7os oferecidos pelo munic\u00edpio. O atendimento foi realizado no \u00f4nibus da Ouvidoria Geral do Munic\u00edpio, que funcionou como uma unidade m\u00f3vel de atendimento da Prefeitura.<br \/>\nSegundo o prefeito Odair Silva, a proposta \u00e9 ampliar o contato direto com a popula\u00e7\u00e3o e possibilitar que as demandas sejam conhecidas e encaminhadas de forma mais pr\u00f3xima.<br \/>\n\u201c\u00c9 uma maneira de ouvir o desejo das pessoas in loco. Ent\u00e3o, come\u00e7amos pelos bairros onde temos maior procura pela Ouvidoria e vamos dando sequ\u00eancia nos bairros de menor procura. \u00c9 uma demonstra\u00e7\u00e3o de respeito \u00e0 sociedade, um caminho que encontramos para nos aproximar da popula\u00e7\u00e3o\u201d, afirmou.<br \/>\nPara o ouvidor-geral do Munic\u00edpio, Giuliano Lopes Capucho, a presen\u00e7a da Ouvidoria nos bairros facilita o acesso da popula\u00e7\u00e3o ao servi\u00e7o e amplia os canais de di\u00e1logo com a administra\u00e7\u00e3o municipal.<br \/>\n\u201cA Ouvidoria tem justamente esse papel de ouvir o cidad\u00e3o e encaminhar as demandas aos setores respons\u00e1veis. Estar no bairro, pr\u00f3ximo dos moradores, facilita esse contato e permite que a popula\u00e7\u00e3o apresente suas necessidades, tire d\u00favidas e tamb\u00e9m fa\u00e7a sugest\u00f5es diretamente para a Prefeitura\u201d, destacou.<br \/>\nA primeira-dama e presidente do Fundo Social de Solidariedade, Roselaine Silva, e diversos secret\u00e1rios municipais acompanharam a a\u00e7\u00e3o ao longo do dia.<\/p>\n<p>Servi\u00e7os<br \/>\nAl\u00e9m do atendimento da Ouvidoria, a primeira edi\u00e7\u00e3o do Prefeitura na Rua contou com a participa\u00e7\u00e3o de diferentes \u00e1reas da administra\u00e7\u00e3o municipal. As equipes da Secretaria Municipal de Sa\u00fade realizaram vacina\u00e7\u00e3o no local. O Senac Barretos participou da a\u00e7\u00e3o com a divulga\u00e7\u00e3o de bolsas de estudos e vagas dispon\u00edveis, al\u00e9m de aferi\u00e7\u00e3o de press\u00e3o arterial e orienta\u00e7\u00f5es de sa\u00fade realizadas pela equipe do curso de Enfermagem.<br \/>\nA Secretaria Municipal de Assist\u00eancia Social realizou atendimento para cadastramento e atualiza\u00e7\u00e3o do Cad\u00danico. A Secretaria Municipal de Cultura promoveu apresenta\u00e7\u00f5es musicais. O Fundo Social de Solidariedade realizou o Bazar Solid\u00e1rio, com distribui\u00e7\u00e3o de roupas para a popula\u00e7\u00e3o, enquanto a Secretaria Municipal de Meio Ambiente fez a distribui\u00e7\u00e3o de mudas de \u00e1rvores.<\/p>\n<p>Pr\u00f3ximas edi\u00e7\u00f5es<br \/>\nA Prefeitura pretende realizar a a\u00e7\u00e3o semanalmente, \u00e0s sextas-feiras, levando a estrutura de atendimento para diferentes bairros do munic\u00edpio. De acordo com o prefeito, os hor\u00e1rios das pr\u00f3ximas edi\u00e7\u00f5es ser\u00e3o avaliados conforme o tamanho, a import\u00e2ncia e as necessidades de cada regi\u00e3o.<\/p>\n","protected":false},"excerpt":{"rendered":"<p>A Prefeitura da Est\u00e2ncia Tur\u00edstica de Barretos lan\u00e7ou nesta sexta-feira, 4 de setembro, o projeto Prefeitura na Rua, iniciativa que tem como objetivo aproximar a&#8230;<\/p>\n","protected":false},"author":2,"featured_media":132529,"comment_status":"open","ping_status":"open","sticky":false,"template":"","format":"standard","meta":{"_themeisle_gutenberg_block_has_review":false,"footnotes":""},"categories":[14],"tags":[],"class_list":["post-132528","post","type-post","status-publish","format-standard","has-post-thumbnail","hentry","category-barretos"],"yoast_head":"<!-- This site is optimized with the Yoast SEO plugin v28.4 - https:\/\/yoast.com\/product\/yoast-seo-wordpress\/ -->\n<title>Prefeitura na Rua leva servi\u00e7os e atendimento da administra\u00e7\u00e3o municipal ao bairro Alto Sumar\u00e9 - Regi\u00e3o News<\/title>\n<meta name=\"robots\" content=\"index, follow, max-snippet:-1, max-image-preview:large, max-video-preview:-1\" \/>\n<link rel=\"canonical\" href=\"https:\/\/regiaonews.net.br\/2022\/2026\/09\/prefeitura-na-rua-leva-servicos-e-atendimento-da-administracao-municipal-ao-bairro-alto-sumare\/\" \/>\n<meta property=\"og:locale\" content=\"pt_BR\" \/>\n<meta property=\"og:type\" content=\"article\" \/>\n<meta property=\"og:title\" content=\"Prefeitura na Rua leva servi\u00e7os e atendimento da administra\u00e7\u00e3o municipal ao bairro Alto Sumar\u00e9 - Regi\u00e3o News\" \/>\n<meta property=\"og:description\" content=\"A Prefeitura da Est\u00e2ncia Tur\u00edstica de Barretos lan\u00e7ou nesta sexta-feira, 4 de setembro, o projeto Prefeitura na Rua, iniciativa que tem como objetivo aproximar a...\" \/>\n<meta property=\"og:url\" content=\"https:\/\/regiaonews.net.br\/2022\/2026\/09\/prefeitura-na-rua-leva-servicos-e-atendimento-da-administracao-municipal-ao-bairro-alto-sumare\/\" \/>\n<meta property=\"og:site_name\" content=\"Regi\u00e3o News\" \/>\n<meta property=\"article:published_time\" content=\"2026-09-04T23:15:56+00:00\" \/>\n<meta property=\"og:image\" content=\"https:\/\/regiaonews.net.br\/2022\/wp-content\/uploads\/2026\/09\/WhatsApp-Image-2026-09-04-at-16.27.15-1.jpeg\" \/>\n\t<meta property=\"og:image:width\" content=\"1600\" \/>\n\t<meta property=\"og:image:height\" content=\"1061\" \/>\n\t<meta property=\"og:image:type\" content=\"image\/jpeg\" \/>\n<meta name=\"author\" content=\"Roberto\" \/>\n<meta name=\"twitter:card\" content=\"summary_large_image\" \/>\n<meta name=\"twitter:label1\" content=\"Escrito por\" \/>\n\t<meta name=\"twitter:data1\" content=\"Roberto\" \/>\n\t<meta name=\"twitter:label2\" content=\"Est. tempo de leitura\" \/>\n\t<meta name=\"twitter:data2\" content=\"3 minutos\" \/>\n<script type=\"application\/ld+json\" class=\"yoast-schema-graph\">{\"@context\":\"https:\\\/\\\/schema.org\",\"@graph\":[{\"@type\":\"Article\",\"@id\":\"https:\\\/\\\/regiaonews.net.br\\\/2022\\\/2026\\\/09\\\/prefeitura-na-rua-leva-servicos-e-atendimento-da-administracao-municipal-ao-bairro-alto-sumare\\\/#article\",\"isPartOf\":{\"@id\":\"https:\\\/\\\/regiaonews.net.br\\\/2022\\\/2026\\\/09\\\/prefeitura-na-rua-leva-servicos-e-atendimento-da-administracao-municipal-ao-bairro-alto-sumare\\\/\"},\"author\":{\"name\":\"Roberto\",\"@id\":\"https:\\\/\\\/regiaonews.net.br\\\/2022\\\/#\\\/schema\\\/person\\\/2d205a608a5aa97ac279d7a5e6d89ad8\"},\"headline\":\"Prefeitura na Rua leva servi\u00e7os e atendimento da administra\u00e7\u00e3o municipal ao bairro Alto Sumar\u00e9\",\"datePublished\":\"2026-09-04T23:15:56+00:00\",\"mainEntityOfPage\":{\"@id\":\"https:\\\/\\\/regiaonews.net.br\\\/2022\\\/2026\\\/09\\\/prefeitura-na-rua-leva-servicos-e-atendimento-da-administracao-municipal-ao-bairro-alto-sumare\\\/\"},\"wordCount\":514,\"commentCount\":0,\"publisher\":{\"@id\":\"https:\\\/\\\/regiaonews.net.br\\\/2022\\\/#organization\"},\"image\":{\"@id\":\"https:\\\/\\\/regiaonews.net.br\\\/2022\\\/2026\\\/09\\\/prefeitura-na-rua-leva-servicos-e-atendimento-da-administracao-municipal-ao-bairro-alto-sumare\\\/#primaryimage\"},\"thumbnailUrl\":\"https:\\\/\\\/regiaonews.net.br\\\/2022\\\/wp-content\\\/uploads\\\/2026\\\/09\\\/WhatsApp-Image-2026-09-04-at-16.27.15-1.jpeg\",\"articleSection\":[\"Barretos\"],\"inLanguage\":\"pt-BR\",\"potentialAction\":[{\"@type\":\"CommentAction\",\"name\":\"Comment\",\"target\":[\"https:\\\/\\\/regiaonews.net.br\\\/2022\\\/2026\\\/09\\\/prefeitura-na-rua-leva-servicos-e-atendimento-da-administracao-municipal-ao-bairro-alto-sumare\\\/#respond\"]}]},{\"@type\":\"WebPage\",\"@id\":\"https:\\\/\\\/regiaonews.net.br\\\/2022\\\/2026\\\/09\\\/prefeitura-na-rua-leva-servicos-e-atendimento-da-administracao-municipal-ao-bairro-alto-sumare\\\/\",\"url\":\"https:\\\/\\\/regiaonews.net.br\\\/2022\\\/2026\\\/09\\\/prefeitura-na-rua-leva-servicos-e-atendimento-da-administracao-municipal-ao-bairro-alto-sumare\\\/\",\"name\":\"Prefeitura na Rua leva servi\u00e7os e atendimento da administra\u00e7\u00e3o municipal ao bairro Alto Sumar\u00e9 - Regi\u00e3o News\",\"isPartOf\":{\"@id\":\"https:\\\/\\\/regiaonews.net.br\\\/2022\\\/#website\"},\"primaryImageOfPage\":{\"@id\":\"https:\\\/\\\/regiaonews.net.br\\\/2022\\\/2026\\\/09\\\/prefeitura-na-rua-leva-servicos-e-atendimento-da-administracao-municipal-ao-bairro-alto-sumare\\\/#primaryimage\"},\"image\":{\"@id\":\"https:\\\/\\\/regiaonews.net.br\\\/2022\\\/2026\\\/09\\\/prefeitura-na-rua-leva-servicos-e-atendimento-da-administracao-municipal-ao-bairro-alto-sumare\\\/#primaryimage\"},\"thumbnailUrl\":\"https:\\\/\\\/regiaonews.net.br\\\/2022\\\/wp-content\\\/uploads\\\/2026\\\/09\\\/WhatsApp-Image-2026-09-04-at-16.27.15-1.jpeg\",\"datePublished\":\"2026-09-04T23:15:56+00:00\",\"breadcrumb\":{\"@id\":\"https:\\\/\\\/regiaonews.net.br\\\/2022\\\/2026\\\/09\\\/prefeitura-na-rua-leva-servicos-e-atendimento-da-administracao-municipal-ao-bairro-alto-sumare\\\/#breadcrumb\"},\"inLanguage\":\"pt-BR\",\"potentialAction\":[{\"@type\":\"ReadAction\",\"target\":[\"https:\\\/\\\/regiaonews.net.br\\\/2022\\\/2026\\\/09\\\/prefeitura-na-rua-leva-servicos-e-atendimento-da-administracao-municipal-ao-bairro-alto-sumare\\\/\"]}]},{\"@type\":\"ImageObject\",\"inLanguage\":\"pt-BR\",\"@id\":\"https:\\\/\\\/regiaonews.net.br\\\/2022\\\/2026\\\/09\\\/prefeitura-na-rua-leva-servicos-e-atendimento-da-administracao-municipal-ao-bairro-alto-sumare\\\/#primaryimage\",\"url\":\"https:\\\/\\\/regiaonews.net.br\\\/2022\\\/wp-content\\\/uploads\\\/2026\\\/09\\\/WhatsApp-Image-2026-09-04-at-16.27.15-1.jpeg\",\"contentUrl\":\"https:\\\/\\\/regiaonews.net.br\\\/2022\\\/wp-content\\\/uploads\\\/2026\\\/09\\\/WhatsApp-Image-2026-09-04-at-16.27.15-1.jpeg\",\"width\":1600,\"height\":1061},{\"@type\":\"BreadcrumbList\",\"@id\":\"https:\\\/\\\/regiaonews.net.br\\\/2022\\\/2026\\\/09\\\/prefeitura-na-rua-leva-servicos-e-atendimento-da-administracao-municipal-ao-bairro-alto-sumare\\\/#breadcrumb\",\"itemListElement\":[{\"@type\":\"ListItem\",\"position\":1,\"name\":\"In\u00edcio\",\"item\":\"https:\\\/\\\/regiaonews.net.br\\\/2022\\\/\"},{\"@type\":\"ListItem\",\"position\":2,\"name\":\"Prefeitura na Rua leva servi\u00e7os e atendimento da administra\u00e7\u00e3o municipal ao bairro Alto Sumar\u00e9\"}]},{\"@type\":\"WebSite\",\"@id\":\"https:\\\/\\\/regiaonews.net.br\\\/2022\\\/#website\",\"url\":\"https:\\\/\\\/regiaonews.net.br\\\/2022\\\/\",\"name\":\"Regi\u00e3o News\",\"description\":\"Site de Not\u00edcias de Barretos e regi\u00e3o\",\"publisher\":{\"@id\":\"https:\\\/\\\/regiaonews.net.br\\\/2022\\\/#organization\"},\"potentialAction\":[{\"@type\":\"SearchAction\",\"target\":{\"@type\":\"EntryPoint\",\"urlTemplate\":\"https:\\\/\\\/regiaonews.net.br\\\/2022\\\/?s={search_term_string}\"},\"query-input\":{\"@type\":\"PropertyValueSpecification\",\"valueRequired\":true,\"valueName\":\"search_term_string\"}}],\"inLanguage\":\"pt-BR\"},{\"@type\":\"Organization\",\"@id\":\"https:\\\/\\\/regiaonews.net.br\\\/2022\\\/#organization\",\"name\":\"Regi\u00e3o News\",\"url\":\"https:\\\/\\\/regiaonews.net.br\\\/2022\\\/\",\"logo\":{\"@type\":\"ImageObject\",\"inLanguage\":\"pt-BR\",\"@id\":\"https:\\\/\\\/regiaonews.net.br\\\/2022\\\/#\\\/schema\\\/logo\\\/image\\\/\",\"url\":\"https:\\\/\\\/regiaonews.net.br\\\/2022\\\/wp-content\\\/uploads\\\/2026\\\/08\\\/LOGO-NEW-REG-TR.png\",\"contentUrl\":\"https:\\\/\\\/regiaonews.net.br\\\/2022\\\/wp-content\\\/uploads\\\/2026\\\/08\\\/LOGO-NEW-REG-TR.png\",\"width\":360,\"height\":130,\"caption\":\"Regi\u00e3o News\"},\"image\":{\"@id\":\"https:\\\/\\\/regiaonews.net.br\\\/2022\\\/#\\\/schema\\\/logo\\\/image\\\/\"}},{\"@type\":\"Person\",\"@id\":\"https:\\\/\\\/regiaonews.net.br\\\/2022\\\/#\\\/schema\\\/person\\\/2d205a608a5aa97ac279d7a5e6d89ad8\",\"name\":\"Roberto\",\"image\":{\"@type\":\"ImageObject\",\"inLanguage\":\"pt-BR\",\"@id\":\"https:\\\/\\\/secure.gravatar.com\\\/avatar\\\/42749d8b712ff9d59ca93dc150494e5b55a44134482993f5baeb97e61b7ecc89?s=96&d=mm&r=g\",\"url\":\"https:\\\/\\\/secure.gravatar.com\\\/avatar\\\/42749d8b712ff9d59ca93dc150494e5b55a44134482993f5baeb97e61b7ecc89?s=96&d=mm&r=g\",\"contentUrl\":\"https:\\\/\\\/secure.gravatar.com\\\/avatar\\\/42749d8b712ff9d59ca93dc150494e5b55a44134482993f5baeb97e61b7ecc89?s=96&d=mm&r=g\",\"caption\":\"Roberto\"},\"url\":\"https:\\\/\\\/regiaonews.net.br\\\/2022\\\/author\\\/roberto\\\/\"}]}<\/script>\n<!-- \/ Yoast SEO plugin. -->","yoast_head_json":{"title":"Prefeitura na Rua leva servi\u00e7os e atendimento da administra\u00e7\u00e3o municipal ao bairro Alto Sumar\u00e9 - Regi\u00e3o News","robots":{"index":"index","follow":"follow","max-snippet":"max-snippet:-1","max-image-preview":"max-image-preview:large","max-video-preview":"max-video-preview:-1"},"canonical":"https:\/\/regiaonews.net.br\/2022\/2026\/09\/prefeitura-na-rua-leva-servicos-e-atendimento-da-administracao-municipal-ao-bairro-alto-sumare\/","og_locale":"pt_BR","og_type":"article","og_title":"Prefeitura na Rua leva servi\u00e7os e atendimento da administra\u00e7\u00e3o municipal ao bairro Alto Sumar\u00e9 - Regi\u00e3o News","og_description":"A Prefeitura da Est\u00e2ncia Tur\u00edstica de Barretos lan\u00e7ou nesta sexta-feira, 4 de setembro, o projeto Prefeitura na Rua, iniciativa que tem como objetivo aproximar a...","og_url":"https:\/\/regiaonews.net.br\/2022\/2026\/09\/prefeitura-na-rua-leva-servicos-e-atendimento-da-administracao-municipal-ao-bairro-alto-sumare\/","og_site_name":"Regi\u00e3o News","article_published_time":"2026-09-04T23:15:56+00:00","og_image":[{"width":1600,"height":1061,"url":"https:\/\/regiaonews.net.br\/2022\/wp-content\/uploads\/2026\/09\/WhatsApp-Image-2026-09-04-at-16.27.15-1.jpeg","type":"image\/jpeg"}],"author":"Roberto","twitter_card":"summary_large_image","twitter_misc":{"Escrito por":"Roberto","Est. tempo de leitura":"3 minutos"},"schema":{"@context":"https:\/\/schema.org","@graph":[{"@type":"Article","@id":"https:\/\/regiaonews.net.br\/2022\/2026\/09\/prefeitura-na-rua-leva-servicos-e-atendimento-da-administracao-municipal-ao-bairro-alto-sumare\/#article","isPartOf":{"@id":"https:\/\/regiaonews.net.br\/2022\/2026\/09\/prefeitura-na-rua-leva-servicos-e-atendimento-da-administracao-municipal-ao-bairro-alto-sumare\/"},"author":{"name":"Roberto","@id":"https:\/\/regiaonews.net.br\/2022\/#\/schema\/person\/2d205a608a5aa97ac279d7a5e6d89ad8"},"headline":"Prefeitura na Rua leva servi\u00e7os e atendimento da administra\u00e7\u00e3o municipal ao bairro Alto Sumar\u00e9","datePublished":"2026-09-04T23:15:56+00:00","mainEntityOfPage":{"@id":"https:\/\/regiaonews.net.br\/2022\/2026\/09\/prefeitura-na-rua-leva-servicos-e-atendimento-da-administracao-municipal-ao-bairro-alto-sumare\/"},"wordCount":514,"commentCount":0,"publisher":{"@id":"https:\/\/regiaonews.net.br\/2022\/#organization"},"image":{"@id":"https:\/\/regiaonews.net.br\/2022\/2026\/09\/prefeitura-na-rua-leva-servicos-e-atendimento-da-administracao-municipal-ao-bairro-alto-sumare\/#primaryimage"},"thumbnailUrl":"https:\/\/regiaonews.net.br\/2022\/wp-content\/uploads\/2026\/09\/WhatsApp-Image-2026-09-04-at-16.27.15-1.jpeg","articleSection":["Barretos"],"inLanguage":"pt-BR","potentialAction":[{"@type":"CommentAction","name":"Comment","target":["https:\/\/regiaonews.net.br\/2022\/2026\/09\/prefeitura-na-rua-leva-servicos-e-atendimento-da-administracao-municipal-ao-bairro-alto-sumare\/#respond"]}]},{"@type":"WebPage","@id":"https:\/\/regiaonews.net.br\/2022\/2026\/09\/prefeitura-na-rua-leva-servicos-e-atendimento-da-administracao-municipal-ao-bairro-alto-sumare\/","url":"https:\/\/regiaonews.net.br\/2022\/2026\/09\/prefeitura-na-rua-leva-servicos-e-atendimento-da-administracao-municipal-ao-bairro-alto-sumare\/","name":"Prefeitura na Rua leva servi\u00e7os e atendimento da administra\u00e7\u00e3o municipal ao bairro Alto Sumar\u00e9 - Regi\u00e3o News","isPartOf":{"@id":"https:\/\/regiaonews.net.br\/2022\/#website"},"primaryImageOfPage":{"@id":"https:\/\/regiaonews.net.br\/2022\/2026\/09\/prefeitura-na-rua-leva-servicos-e-atendimento-da-administracao-municipal-ao-bairro-alto-sumare\/#primaryimage"},"image":{"@id":"https:\/\/regiaonews.net.br\/2022\/2026\/09\/prefeitura-na-rua-leva-servicos-e-atendimento-da-administracao-municipal-ao-bairro-alto-sumare\/#primaryimage"},"thumbnailUrl":"https:\/\/regiaonews.net.br\/2022\/wp-content\/uploads\/2026\/09\/WhatsApp-Image-2026-09-04-at-16.27.15-1.jpeg","datePublished":"2026-09-04T23:15:56+00:00","breadcrumb":{"@id":"https:\/\/regiaonews.net.br\/2022\/2026\/09\/prefeitura-na-rua-leva-servicos-e-atendimento-da-administracao-municipal-ao-bairro-alto-sumare\/#breadcrumb"},"inLanguage":"pt-BR","potentialAction":[{"@type":"ReadAction","target":["https:\/\/regiaonews.net.br\/2022\/2026\/09\/prefeitura-na-rua-leva-servicos-e-atendimento-da-administracao-municipal-ao-bairro-alto-sumare\/"]}]},{"@type":"ImageObject","inLanguage":"pt-BR","@id":"https:\/\/regiaonews.net.br\/2022\/2026\/09\/prefeitura-na-rua-leva-servicos-e-atendimento-da-administracao-municipal-ao-bairro-alto-sumare\/#primaryimage","url":"https:\/\/regiaonews.net.br\/2022\/wp-content\/uploads\/2026\/09\/WhatsApp-Image-2026-09-04-at-16.27.15-1.jpeg","contentUrl":"https:\/\/regiaonews.net.br\/2022\/wp-content\/uploads\/2026\/09\/WhatsApp-Image-2026-09-04-at-16.27.15-1.jpeg","width":1600,"height":1061},{"@type":"BreadcrumbList","@id":"https:\/\/regiaonews.net.br\/2022\/2026\/09\/prefeitura-na-rua-leva-servicos-e-atendimento-da-administracao-municipal-ao-bairro-alto-sumare\/#breadcrumb","itemListElement":[{"@type":"ListItem","position":1,"name":"In\u00edcio","item":"https:\/\/regiaonews.net.br\/2022\/"},{"@type":"ListItem","position":2,"name":"Prefeitura na Rua leva servi\u00e7os e atendimento da administra\u00e7\u00e3o municipal ao bairro Alto Sumar\u00e9"}]},{"@type":"WebSite","@id":"https:\/\/regiaonews.net.br\/2022\/#website","url":"https:\/\/regiaonews.net.br\/2022\/","name":"Regi\u00e3o News","description":"Site de Not\u00edcias de Barretos e regi\u00e3o","publisher":{"@id":"https:\/\/regiaonews.net.br\/2022\/#organization"},"potentialAction":[{"@type":"SearchAction","target":{"@type":"EntryPoint","urlTemplate":"https:\/\/regiaonews.net.br\/2022\/?s={search_term_string}"},"query-input":{"@type":"PropertyValueSpecification","valueRequired":true,"valueName":"search_term_string"}}],"inLanguage":"pt-BR"},{"@type":"Organization","@id":"https:\/\/regiaonews.net.br\/2022\/#organization","name":"Regi\u00e3o News","url":"https:\/\/regiaonews.net.br\/2022\/","logo":{"@type":"ImageObject","inLanguage":"pt-BR","@id":"https:\/\/regiaonews.net.br\/2022\/#\/schema\/logo\/image\/","url":"https:\/\/regiaonews.net.br\/2022\/wp-content\/uploads\/2026\/08\/LOGO-NEW-REG-TR.png","contentUrl":"https:\/\/regiaonews.net.br\/2022\/wp-content\/uploads\/2026\/08\/LOGO-NEW-REG-TR.png","width":360,"height":130,"caption":"Regi\u00e3o News"},"image":{"@id":"https:\/\/regiaonews.net.br\/2022\/#\/schema\/logo\/image\/"}},{"@type":"Person","@id":"https:\/\/regiaonews.net.br\/2022\/#\/schema\/person\/2d205a608a5aa97ac279d7a5e6d89ad8","name":"Roberto","image":{"@type":"ImageObject","inLanguage":"pt-BR","@id":"https:\/\/secure.gravatar.com\/avatar\/42749d8b712ff9d59ca93dc150494e5b55a44134482993f5baeb97e61b7ecc89?s=96&d=mm&r=g","url":"https:\/\/secure.gravatar.com\/avatar\/42749d8b712ff9d59ca93dc150494e5b55a44134482993f5baeb97e61b7ecc89?s=96&d=mm&r=g","contentUrl":"https:\/\/secure.gravatar.com\/avatar\/42749d8b712ff9d59ca93dc150494e5b55a44134482993f5baeb97e61b7ecc89?s=96&d=mm&r=g","caption":"Roberto"},"url":"https:\/\/regiaonews.net.br\/2022\/author\/roberto\/"}]}},"publishpress_future_action":{"enabled":false,"date":"2026-09-12 02:52:36","action":"change-status","newStatus":"draft","terms":[],"taxonomy":"category","extraData":[]},"publishpress_future_workflow_manual_trigger":{"enabledWorkflows":[]},"_links":{"self":[{"href":"https:\/\/regiaonews.net.br\/2022\/wp-json\/wp\/v2\/posts\/132528","targetHints":{"allow":["GET"]}}],"collection":[{"href":"https:\/\/regiaonews.net.br\/2022\/wp-json\/wp\/v2\/posts"}],"about":[{"href":"https:\/\/regiaonews.net.br\/2022\/wp-json\/wp\/v2\/types\/post"}],"author":[{"embeddable":true,"href":"https:\/\/regiaonews.net.br\/2022\/wp-json\/wp\/v2\/users\/2"}],"replies":[{"embeddable":true,"href":"https:\/\/regiaonews.net.br\/2022\/wp-json\/wp\/v2\/comments?post=132528"}],"version-history":[{"count":1,"href":"https:\/\/regiaonews.net.br\/2022\/wp-json\/wp\/v2\/posts\/132528\/revisions"}],"predecessor-version":[{"id":132531,"href":"https:\/\/regiaonews.net.br\/2022\/wp-json\/wp\/v2\/posts\/132528\/revisions\/132531"}],"wp:featuredmedia":[{"embeddable":true,"href":"https:\/\/regiaonews.net.br\/2022\/wp-json\/wp\/v2\/media\/132529"}],"wp:attachment":[{"href":"https:\/\/regiaonews.net.br\/2022\/wp-json\/wp\/v2\/media?parent=132528"}],"wp:term":[{"taxonomy":"category","embeddable":true,"href":"https:\/\/regiaonews.net.br\/2022\/wp-json\/wp\/v2\/categories?post=132528"},{"taxonomy":"post_tag","embeddable":true,"href":"https:\/\/regiaonews.net.br\/2022\/wp-json\/wp\/v2\/tags?post=132528"}],"curies":[{"name":"wp","href":"https:\/\/api.w.org\/{rel}","templated":true}]}}