{"id":132522,"date":"2026-09-04T20:11:21","date_gmt":"2026-09-04T23:11:21","guid":{"rendered":"https:\/\/regiaonews.net.br\/2022\/?p=132522"},"modified":"2026-09-04T20:11:21","modified_gmt":"2026-09-04T23:11:21","slug":"procon-barretos-promove-4a-semana-de-protecao-ao-consumidor","status":"publish","type":"post","link":"https:\/\/regiaonews.net.br\/2022\/2026\/09\/procon-barretos-promove-4a-semana-de-protecao-ao-consumidor\/","title":{"rendered":"PROCON Barretos promove 4\u00aa Semana de Prote\u00e7\u00e3o ao Consumidor"},"content":{"rendered":"<p>Programa\u00e7\u00e3o celebra os 36 anos do C\u00f3digo de Defesa do Consumidor com renegocia\u00e7\u00e3o de d\u00edvidas, palestras e a\u00e7\u00f5es de orienta\u00e7\u00e3o<\/p>\n<p>O PROCON Barretos promove, entre os dias 8 e 11 de setembro, a 4\u00aa Semana de Prote\u00e7\u00e3o ao Consumidor. A programa\u00e7\u00e3o foi preparada em celebra\u00e7\u00e3o aos 36 anos do C\u00f3digo de Defesa do Consumidor, com foco na preven\u00e7\u00e3o ao endividamento e na orienta\u00e7\u00e3o da popula\u00e7\u00e3o.<br \/>\nDurante a semana, os consumidores poder\u00e3o participar de atendimentos para renegocia\u00e7\u00e3o de d\u00edvidas, que dever\u00e3o ser previamente agendados. Tamb\u00e9m ser\u00e3o realizadas palestras educativas para alunos da Escola Estadual Coronel Almeida Pinto e da ETEC Cel. Raphael Brand\u00e3o.<br \/>\n\u201c\u00c9 uma semana pensada para aproximar ainda mais o PROCON da popula\u00e7\u00e3o, levando informa\u00e7\u00e3o e orienta\u00e7\u00e3o para que o consumidor conhe\u00e7a seus direitos e possa tomar decis\u00f5es mais conscientes. A preven\u00e7\u00e3o ao endividamento tamb\u00e9m passa pelo acesso \u00e0 informa\u00e7\u00e3o e pela busca de orienta\u00e7\u00e3o antes que as d\u00edvidas se tornem um problema maior\u201d, destaca o coordenador do PROCON Barretos, Dela\u00edas Santos.<br \/>\nA programa\u00e7\u00e3o ser\u00e1 encerrada na sexta-feira (11) com uma mesa de caf\u00e9 especial aberta \u00e0 popula\u00e7\u00e3o. Os atendimentos para renegocia\u00e7\u00e3o de d\u00edvidas devem ser agendados previamente pelo telefone 151 ou pelo (17) 3612-2810.<\/p>\n<p>Programa\u00e7\u00e3o<br \/>\n8\/9 (ter\u00e7a-feira) &#8211; Atendimento agendado para renegocia\u00e7\u00e3o de d\u00edvidas na sede do PROCON; palestra para alunos da E.E. Coronel Almeida Pinto.<br \/>\n9\/9 (quarta-feira) &#8211; Atendimento agendado para renegocia\u00e7\u00e3o de d\u00edvidas na sede do PROCON; palestra para alunos da ETEC Cel. Raphael Brand\u00e3o, na Escola do Consumidor.<br \/>\n10\/9 (quinta-feira) &#8211; Atendimento agendado para renegocia\u00e7\u00e3o de d\u00edvidas na sede do PROCON; palestra para alunos da ETEC Cel. Raphael Brand\u00e3o, na Escola do Consumidor.<br \/>\n11\/9 (sexta-feira) &#8211; Atendimento agendado para renegocia\u00e7\u00e3o de d\u00edvidas na sede do PROCON; mesa de caf\u00e9 aberta \u00e0 popula\u00e7\u00e3o.<\/p>\n","protected":false},"excerpt":{"rendered":"<p>Programa\u00e7\u00e3o celebra os 36 anos do C\u00f3digo de Defesa do Consumidor com renegocia\u00e7\u00e3o de d\u00edvidas, palestras e a\u00e7\u00f5es de orienta\u00e7\u00e3o O PROCON Barretos promove, entre&#8230;<\/p>\n","protected":false},"author":2,"featured_media":132523,"comment_status":"open","ping_status":"open","sticky":false,"template":"","format":"standard","meta":{"_themeisle_gutenberg_block_has_review":false,"footnotes":""},"categories":[14],"tags":[],"class_list":["post-132522","post","type-post","status-publish","format-standard","has-post-thumbnail","hentry","category-barretos"],"yoast_head":"<!-- This site is optimized with the Yoast SEO plugin v28.4 - https:\/\/yoast.com\/product\/yoast-seo-wordpress\/ -->\n<title>PROCON Barretos promove 4\u00aa Semana de Prote\u00e7\u00e3o ao Consumidor - Regi\u00e3o News<\/title>\n<meta name=\"robots\" content=\"index, follow, max-snippet:-1, max-image-preview:large, max-video-preview:-1\" \/>\n<link rel=\"canonical\" href=\"https:\/\/regiaonews.net.br\/2022\/2026\/09\/procon-barretos-promove-4a-semana-de-protecao-ao-consumidor\/\" \/>\n<meta property=\"og:locale\" content=\"pt_BR\" \/>\n<meta property=\"og:type\" content=\"article\" \/>\n<meta property=\"og:title\" content=\"PROCON Barretos promove 4\u00aa Semana de Prote\u00e7\u00e3o ao Consumidor - Regi\u00e3o News\" \/>\n<meta property=\"og:description\" content=\"Programa\u00e7\u00e3o celebra os 36 anos do C\u00f3digo de Defesa do Consumidor com renegocia\u00e7\u00e3o de d\u00edvidas, palestras e a\u00e7\u00f5es de orienta\u00e7\u00e3o O PROCON Barretos promove, entre...\" \/>\n<meta property=\"og:url\" content=\"https:\/\/regiaonews.net.br\/2022\/2026\/09\/procon-barretos-promove-4a-semana-de-protecao-ao-consumidor\/\" \/>\n<meta property=\"og:site_name\" content=\"Regi\u00e3o News\" \/>\n<meta property=\"article:published_time\" content=\"2026-09-04T23:11:21+00:00\" \/>\n<meta property=\"og:image\" content=\"https:\/\/regiaonews.net.br\/2022\/wp-content\/uploads\/2026\/09\/WhatsApp-Image-2026-09-04-at-16.27.17.jpeg\" \/>\n\t<meta property=\"og:image:width\" content=\"1600\" \/>\n\t<meta property=\"og:image:height\" content=\"1000\" \/>\n\t<meta property=\"og:image:type\" content=\"image\/jpeg\" \/>\n<meta name=\"author\" content=\"Roberto\" \/>\n<meta name=\"twitter:card\" content=\"summary_large_image\" \/>\n<meta name=\"twitter:label1\" content=\"Escrito por\" \/>\n\t<meta name=\"twitter:data1\" content=\"Roberto\" \/>\n\t<meta name=\"twitter:label2\" content=\"Est. tempo de leitura\" \/>\n\t<meta name=\"twitter:data2\" content=\"2 minutos\" \/>\n<script type=\"application\/ld+json\" class=\"yoast-schema-graph\">{\"@context\":\"https:\\\/\\\/schema.org\",\"@graph\":[{\"@type\":\"Article\",\"@id\":\"https:\\\/\\\/regiaonews.net.br\\\/2022\\\/2026\\\/09\\\/procon-barretos-promove-4a-semana-de-protecao-ao-consumidor\\\/#article\",\"isPartOf\":{\"@id\":\"https:\\\/\\\/regiaonews.net.br\\\/2022\\\/2026\\\/09\\\/procon-barretos-promove-4a-semana-de-protecao-ao-consumidor\\\/\"},\"author\":{\"name\":\"Roberto\",\"@id\":\"https:\\\/\\\/regiaonews.net.br\\\/2022\\\/#\\\/schema\\\/person\\\/2d205a608a5aa97ac279d7a5e6d89ad8\"},\"headline\":\"PROCON Barretos promove 4\u00aa Semana de Prote\u00e7\u00e3o ao Consumidor\",\"datePublished\":\"2026-09-04T23:11:21+00:00\",\"mainEntityOfPage\":{\"@id\":\"https:\\\/\\\/regiaonews.net.br\\\/2022\\\/2026\\\/09\\\/procon-barretos-promove-4a-semana-de-protecao-ao-consumidor\\\/\"},\"wordCount\":329,\"commentCount\":0,\"publisher\":{\"@id\":\"https:\\\/\\\/regiaonews.net.br\\\/2022\\\/#organization\"},\"image\":{\"@id\":\"https:\\\/\\\/regiaonews.net.br\\\/2022\\\/2026\\\/09\\\/procon-barretos-promove-4a-semana-de-protecao-ao-consumidor\\\/#primaryimage\"},\"thumbnailUrl\":\"https:\\\/\\\/regiaonews.net.br\\\/2022\\\/wp-content\\\/uploads\\\/2026\\\/09\\\/WhatsApp-Image-2026-09-04-at-16.27.17.jpeg\",\"articleSection\":[\"Barretos\"],\"inLanguage\":\"pt-BR\",\"potentialAction\":[{\"@type\":\"CommentAction\",\"name\":\"Comment\",\"target\":[\"https:\\\/\\\/regiaonews.net.br\\\/2022\\\/2026\\\/09\\\/procon-barretos-promove-4a-semana-de-protecao-ao-consumidor\\\/#respond\"]}]},{\"@type\":\"WebPage\",\"@id\":\"https:\\\/\\\/regiaonews.net.br\\\/2022\\\/2026\\\/09\\\/procon-barretos-promove-4a-semana-de-protecao-ao-consumidor\\\/\",\"url\":\"https:\\\/\\\/regiaonews.net.br\\\/2022\\\/2026\\\/09\\\/procon-barretos-promove-4a-semana-de-protecao-ao-consumidor\\\/\",\"name\":\"PROCON Barretos promove 4\u00aa Semana de Prote\u00e7\u00e3o ao Consumidor - Regi\u00e3o News\",\"isPartOf\":{\"@id\":\"https:\\\/\\\/regiaonews.net.br\\\/2022\\\/#website\"},\"primaryImageOfPage\":{\"@id\":\"https:\\\/\\\/regiaonews.net.br\\\/2022\\\/2026\\\/09\\\/procon-barretos-promove-4a-semana-de-protecao-ao-consumidor\\\/#primaryimage\"},\"image\":{\"@id\":\"https:\\\/\\\/regiaonews.net.br\\\/2022\\\/2026\\\/09\\\/procon-barretos-promove-4a-semana-de-protecao-ao-consumidor\\\/#primaryimage\"},\"thumbnailUrl\":\"https:\\\/\\\/regiaonews.net.br\\\/2022\\\/wp-content\\\/uploads\\\/2026\\\/09\\\/WhatsApp-Image-2026-09-04-at-16.27.17.jpeg\",\"datePublished\":\"2026-09-04T23:11:21+00:00\",\"breadcrumb\":{\"@id\":\"https:\\\/\\\/regiaonews.net.br\\\/2022\\\/2026\\\/09\\\/procon-barretos-promove-4a-semana-de-protecao-ao-consumidor\\\/#breadcrumb\"},\"inLanguage\":\"pt-BR\",\"potentialAction\":[{\"@type\":\"ReadAction\",\"target\":[\"https:\\\/\\\/regiaonews.net.br\\\/2022\\\/2026\\\/09\\\/procon-barretos-promove-4a-semana-de-protecao-ao-consumidor\\\/\"]}]},{\"@type\":\"ImageObject\",\"inLanguage\":\"pt-BR\",\"@id\":\"https:\\\/\\\/regiaonews.net.br\\\/2022\\\/2026\\\/09\\\/procon-barretos-promove-4a-semana-de-protecao-ao-consumidor\\\/#primaryimage\",\"url\":\"https:\\\/\\\/regiaonews.net.br\\\/2022\\\/wp-content\\\/uploads\\\/2026\\\/09\\\/WhatsApp-Image-2026-09-04-at-16.27.17.jpeg\",\"contentUrl\":\"https:\\\/\\\/regiaonews.net.br\\\/2022\\\/wp-content\\\/uploads\\\/2026\\\/09\\\/WhatsApp-Image-2026-09-04-at-16.27.17.jpeg\",\"width\":1600,\"height\":1000},{\"@type\":\"BreadcrumbList\",\"@id\":\"https:\\\/\\\/regiaonews.net.br\\\/2022\\\/2026\\\/09\\\/procon-barretos-promove-4a-semana-de-protecao-ao-consumidor\\\/#breadcrumb\",\"itemListElement\":[{\"@type\":\"ListItem\",\"position\":1,\"name\":\"In\u00edcio\",\"item\":\"https:\\\/\\\/regiaonews.net.br\\\/2022\\\/\"},{\"@type\":\"ListItem\",\"position\":2,\"name\":\"PROCON Barretos promove 4\u00aa Semana de Prote\u00e7\u00e3o ao Consumidor\"}]},{\"@type\":\"WebSite\",\"@id\":\"https:\\\/\\\/regiaonews.net.br\\\/2022\\\/#website\",\"url\":\"https:\\\/\\\/regiaonews.net.br\\\/2022\\\/\",\"name\":\"Regi\u00e3o News\",\"description\":\"Site de Not\u00edcias de Barretos e regi\u00e3o\",\"publisher\":{\"@id\":\"https:\\\/\\\/regiaonews.net.br\\\/2022\\\/#organization\"},\"potentialAction\":[{\"@type\":\"SearchAction\",\"target\":{\"@type\":\"EntryPoint\",\"urlTemplate\":\"https:\\\/\\\/regiaonews.net.br\\\/2022\\\/?s={search_term_string}\"},\"query-input\":{\"@type\":\"PropertyValueSpecification\",\"valueRequired\":true,\"valueName\":\"search_term_string\"}}],\"inLanguage\":\"pt-BR\"},{\"@type\":\"Organization\",\"@id\":\"https:\\\/\\\/regiaonews.net.br\\\/2022\\\/#organization\",\"name\":\"Regi\u00e3o News\",\"url\":\"https:\\\/\\\/regiaonews.net.br\\\/2022\\\/\",\"logo\":{\"@type\":\"ImageObject\",\"inLanguage\":\"pt-BR\",\"@id\":\"https:\\\/\\\/regiaonews.net.br\\\/2022\\\/#\\\/schema\\\/logo\\\/image\\\/\",\"url\":\"https:\\\/\\\/regiaonews.net.br\\\/2022\\\/wp-content\\\/uploads\\\/2026\\\/08\\\/LOGO-NEW-REG-TR.png\",\"contentUrl\":\"https:\\\/\\\/regiaonews.net.br\\\/2022\\\/wp-content\\\/uploads\\\/2026\\\/08\\\/LOGO-NEW-REG-TR.png\",\"width\":360,\"height\":130,\"caption\":\"Regi\u00e3o News\"},\"image\":{\"@id\":\"https:\\\/\\\/regiaonews.net.br\\\/2022\\\/#\\\/schema\\\/logo\\\/image\\\/\"}},{\"@type\":\"Person\",\"@id\":\"https:\\\/\\\/regiaonews.net.br\\\/2022\\\/#\\\/schema\\\/person\\\/2d205a608a5aa97ac279d7a5e6d89ad8\",\"name\":\"Roberto\",\"image\":{\"@type\":\"ImageObject\",\"inLanguage\":\"pt-BR\",\"@id\":\"https:\\\/\\\/secure.gravatar.com\\\/avatar\\\/42749d8b712ff9d59ca93dc150494e5b55a44134482993f5baeb97e61b7ecc89?s=96&d=mm&r=g\",\"url\":\"https:\\\/\\\/secure.gravatar.com\\\/avatar\\\/42749d8b712ff9d59ca93dc150494e5b55a44134482993f5baeb97e61b7ecc89?s=96&d=mm&r=g\",\"contentUrl\":\"https:\\\/\\\/secure.gravatar.com\\\/avatar\\\/42749d8b712ff9d59ca93dc150494e5b55a44134482993f5baeb97e61b7ecc89?s=96&d=mm&r=g\",\"caption\":\"Roberto\"},\"url\":\"https:\\\/\\\/regiaonews.net.br\\\/2022\\\/author\\\/roberto\\\/\"}]}<\/script>\n<!-- \/ Yoast SEO plugin. -->","yoast_head_json":{"title":"PROCON Barretos promove 4\u00aa Semana de Prote\u00e7\u00e3o ao Consumidor - Regi\u00e3o News","robots":{"index":"index","follow":"follow","max-snippet":"max-snippet:-1","max-image-preview":"max-image-preview:large","max-video-preview":"max-video-preview:-1"},"canonical":"https:\/\/regiaonews.net.br\/2022\/2026\/09\/procon-barretos-promove-4a-semana-de-protecao-ao-consumidor\/","og_locale":"pt_BR","og_type":"article","og_title":"PROCON Barretos promove 4\u00aa Semana de Prote\u00e7\u00e3o ao Consumidor - Regi\u00e3o News","og_description":"Programa\u00e7\u00e3o celebra os 36 anos do C\u00f3digo de Defesa do Consumidor com renegocia\u00e7\u00e3o de d\u00edvidas, palestras e a\u00e7\u00f5es de orienta\u00e7\u00e3o O PROCON Barretos promove, entre...","og_url":"https:\/\/regiaonews.net.br\/2022\/2026\/09\/procon-barretos-promove-4a-semana-de-protecao-ao-consumidor\/","og_site_name":"Regi\u00e3o News","article_published_time":"2026-09-04T23:11:21+00:00","og_image":[{"width":1600,"height":1000,"url":"https:\/\/regiaonews.net.br\/2022\/wp-content\/uploads\/2026\/09\/WhatsApp-Image-2026-09-04-at-16.27.17.jpeg","type":"image\/jpeg"}],"author":"Roberto","twitter_card":"summary_large_image","twitter_misc":{"Escrito por":"Roberto","Est. tempo de leitura":"2 minutos"},"schema":{"@context":"https:\/\/schema.org","@graph":[{"@type":"Article","@id":"https:\/\/regiaonews.net.br\/2022\/2026\/09\/procon-barretos-promove-4a-semana-de-protecao-ao-consumidor\/#article","isPartOf":{"@id":"https:\/\/regiaonews.net.br\/2022\/2026\/09\/procon-barretos-promove-4a-semana-de-protecao-ao-consumidor\/"},"author":{"name":"Roberto","@id":"https:\/\/regiaonews.net.br\/2022\/#\/schema\/person\/2d205a608a5aa97ac279d7a5e6d89ad8"},"headline":"PROCON Barretos promove 4\u00aa Semana de Prote\u00e7\u00e3o ao Consumidor","datePublished":"2026-09-04T23:11:21+00:00","mainEntityOfPage":{"@id":"https:\/\/regiaonews.net.br\/2022\/2026\/09\/procon-barretos-promove-4a-semana-de-protecao-ao-consumidor\/"},"wordCount":329,"commentCount":0,"publisher":{"@id":"https:\/\/regiaonews.net.br\/2022\/#organization"},"image":{"@id":"https:\/\/regiaonews.net.br\/2022\/2026\/09\/procon-barretos-promove-4a-semana-de-protecao-ao-consumidor\/#primaryimage"},"thumbnailUrl":"https:\/\/regiaonews.net.br\/2022\/wp-content\/uploads\/2026\/09\/WhatsApp-Image-2026-09-04-at-16.27.17.jpeg","articleSection":["Barretos"],"inLanguage":"pt-BR","potentialAction":[{"@type":"CommentAction","name":"Comment","target":["https:\/\/regiaonews.net.br\/2022\/2026\/09\/procon-barretos-promove-4a-semana-de-protecao-ao-consumidor\/#respond"]}]},{"@type":"WebPage","@id":"https:\/\/regiaonews.net.br\/2022\/2026\/09\/procon-barretos-promove-4a-semana-de-protecao-ao-consumidor\/","url":"https:\/\/regiaonews.net.br\/2022\/2026\/09\/procon-barretos-promove-4a-semana-de-protecao-ao-consumidor\/","name":"PROCON Barretos promove 4\u00aa Semana de Prote\u00e7\u00e3o ao Consumidor - Regi\u00e3o News","isPartOf":{"@id":"https:\/\/regiaonews.net.br\/2022\/#website"},"primaryImageOfPage":{"@id":"https:\/\/regiaonews.net.br\/2022\/2026\/09\/procon-barretos-promove-4a-semana-de-protecao-ao-consumidor\/#primaryimage"},"image":{"@id":"https:\/\/regiaonews.net.br\/2022\/2026\/09\/procon-barretos-promove-4a-semana-de-protecao-ao-consumidor\/#primaryimage"},"thumbnailUrl":"https:\/\/regiaonews.net.br\/2022\/wp-content\/uploads\/2026\/09\/WhatsApp-Image-2026-09-04-at-16.27.17.jpeg","datePublished":"2026-09-04T23:11:21+00:00","breadcrumb":{"@id":"https:\/\/regiaonews.net.br\/2022\/2026\/09\/procon-barretos-promove-4a-semana-de-protecao-ao-consumidor\/#breadcrumb"},"inLanguage":"pt-BR","potentialAction":[{"@type":"ReadAction","target":["https:\/\/regiaonews.net.br\/2022\/2026\/09\/procon-barretos-promove-4a-semana-de-protecao-ao-consumidor\/"]}]},{"@type":"ImageObject","inLanguage":"pt-BR","@id":"https:\/\/regiaonews.net.br\/2022\/2026\/09\/procon-barretos-promove-4a-semana-de-protecao-ao-consumidor\/#primaryimage","url":"https:\/\/regiaonews.net.br\/2022\/wp-content\/uploads\/2026\/09\/WhatsApp-Image-2026-09-04-at-16.27.17.jpeg","contentUrl":"https:\/\/regiaonews.net.br\/2022\/wp-content\/uploads\/2026\/09\/WhatsApp-Image-2026-09-04-at-16.27.17.jpeg","width":1600,"height":1000},{"@type":"BreadcrumbList","@id":"https:\/\/regiaonews.net.br\/2022\/2026\/09\/procon-barretos-promove-4a-semana-de-protecao-ao-consumidor\/#breadcrumb","itemListElement":[{"@type":"ListItem","position":1,"name":"In\u00edcio","item":"https:\/\/regiaonews.net.br\/2022\/"},{"@type":"ListItem","position":2,"name":"PROCON Barretos promove 4\u00aa Semana de Prote\u00e7\u00e3o ao Consumidor"}]},{"@type":"WebSite","@id":"https:\/\/regiaonews.net.br\/2022\/#website","url":"https:\/\/regiaonews.net.br\/2022\/","name":"Regi\u00e3o News","description":"Site de Not\u00edcias de Barretos e regi\u00e3o","publisher":{"@id":"https:\/\/regiaonews.net.br\/2022\/#organization"},"potentialAction":[{"@type":"SearchAction","target":{"@type":"EntryPoint","urlTemplate":"https:\/\/regiaonews.net.br\/2022\/?s={search_term_string}"},"query-input":{"@type":"PropertyValueSpecification","valueRequired":true,"valueName":"search_term_string"}}],"inLanguage":"pt-BR"},{"@type":"Organization","@id":"https:\/\/regiaonews.net.br\/2022\/#organization","name":"Regi\u00e3o News","url":"https:\/\/regiaonews.net.br\/2022\/","logo":{"@type":"ImageObject","inLanguage":"pt-BR","@id":"https:\/\/regiaonews.net.br\/2022\/#\/schema\/logo\/image\/","url":"https:\/\/regiaonews.net.br\/2022\/wp-content\/uploads\/2026\/08\/LOGO-NEW-REG-TR.png","contentUrl":"https:\/\/regiaonews.net.br\/2022\/wp-content\/uploads\/2026\/08\/LOGO-NEW-REG-TR.png","width":360,"height":130,"caption":"Regi\u00e3o News"},"image":{"@id":"https:\/\/regiaonews.net.br\/2022\/#\/schema\/logo\/image\/"}},{"@type":"Person","@id":"https:\/\/regiaonews.net.br\/2022\/#\/schema\/person\/2d205a608a5aa97ac279d7a5e6d89ad8","name":"Roberto","image":{"@type":"ImageObject","inLanguage":"pt-BR","@id":"https:\/\/secure.gravatar.com\/avatar\/42749d8b712ff9d59ca93dc150494e5b55a44134482993f5baeb97e61b7ecc89?s=96&d=mm&r=g","url":"https:\/\/secure.gravatar.com\/avatar\/42749d8b712ff9d59ca93dc150494e5b55a44134482993f5baeb97e61b7ecc89?s=96&d=mm&r=g","contentUrl":"https:\/\/secure.gravatar.com\/avatar\/42749d8b712ff9d59ca93dc150494e5b55a44134482993f5baeb97e61b7ecc89?s=96&d=mm&r=g","caption":"Roberto"},"url":"https:\/\/regiaonews.net.br\/2022\/author\/roberto\/"}]}},"publishpress_future_action":{"enabled":false,"date":"2026-09-12 02:52:49","action":"change-status","newStatus":"draft","terms":[],"taxonomy":"category","extraData":[]},"publishpress_future_workflow_manual_trigger":{"enabledWorkflows":[]},"_links":{"self":[{"href":"https:\/\/regiaonews.net.br\/2022\/wp-json\/wp\/v2\/posts\/132522","targetHints":{"allow":["GET"]}}],"collection":[{"href":"https:\/\/regiaonews.net.br\/2022\/wp-json\/wp\/v2\/posts"}],"about":[{"href":"https:\/\/regiaonews.net.br\/2022\/wp-json\/wp\/v2\/types\/post"}],"author":[{"embeddable":true,"href":"https:\/\/regiaonews.net.br\/2022\/wp-json\/wp\/v2\/users\/2"}],"replies":[{"embeddable":true,"href":"https:\/\/regiaonews.net.br\/2022\/wp-json\/wp\/v2\/comments?post=132522"}],"version-history":[{"count":1,"href":"https:\/\/regiaonews.net.br\/2022\/wp-json\/wp\/v2\/posts\/132522\/revisions"}],"predecessor-version":[{"id":132524,"href":"https:\/\/regiaonews.net.br\/2022\/wp-json\/wp\/v2\/posts\/132522\/revisions\/132524"}],"wp:featuredmedia":[{"embeddable":true,"href":"https:\/\/regiaonews.net.br\/2022\/wp-json\/wp\/v2\/media\/132523"}],"wp:attachment":[{"href":"https:\/\/regiaonews.net.br\/2022\/wp-json\/wp\/v2\/media?parent=132522"}],"wp:term":[{"taxonomy":"category","embeddable":true,"href":"https:\/\/regiaonews.net.br\/2022\/wp-json\/wp\/v2\/categories?post=132522"},{"taxonomy":"post_tag","embeddable":true,"href":"https:\/\/regiaonews.net.br\/2022\/wp-json\/wp\/v2\/tags?post=132522"}],"curies":[{"name":"wp","href":"https:\/\/api.w.org\/{rel}","templated":true}]}}