{"id":132518,"date":"2026-09-04T20:09:54","date_gmt":"2026-09-04T23:09:54","guid":{"rendered":"https:\/\/regiaonews.net.br\/2022\/?p=132518"},"modified":"2026-09-04T20:10:11","modified_gmt":"2026-09-04T23:10:11","slug":"prefeitura-de-barretos-e-casa-dos-engenheiros-e-arquitetos-promovem-o-agiliza-barretos-para-acelerar-aprovacao-de-projetos","status":"publish","type":"post","link":"https:\/\/regiaonews.net.br\/2022\/2026\/09\/prefeitura-de-barretos-e-casa-dos-engenheiros-e-arquitetos-promovem-o-agiliza-barretos-para-acelerar-aprovacao-de-projetos\/","title":{"rendered":"Prefeitura de Barretos e Casa dos Engenheiros e Arquitetos promovem o \u201cAgiliza Barretos\u201d para acelerar aprova\u00e7\u00e3o de projetos"},"content":{"rendered":"<p>Com o objetivo de desburocratizar rotinas profissionais e garantir mais efici\u00eancia ao setor da constru\u00e7\u00e3o civil na cidade, a Prefeitura da Est\u00e2ncia Tur\u00edstica de Barretos, por meio da Secretaria Municipal de Planejamento e Desenvolvimento Territorial, realiza, nos dias 15 e 16 de setembro, o f\u00f3rum &#8220;Agiliza Barretos \u2013 F\u00f3rum de Andamento e Aprova\u00e7\u00e3o de Projetos&#8221;. A iniciativa \u00e9 promovida em parceria com a Casa dos Engenheiros e Arquitetos de Barretos e conta com o apoio do CREA-SP.<br \/>\nO encontro, direcionado prioritariamente a engenheiros, arquitetos, urbanistas e t\u00e9cnicos da \u00e1rea, consistir\u00e1 em uma imers\u00e3o pr\u00e1tica de dois dias. Durante as sess\u00f5es, a pr\u00f3pria equipe t\u00e9cnica de analistas e fiscais da Secretaria de Planejamento apresentar\u00e1 as diretrizes municipais, detalhar\u00e1 as exig\u00eancias legais para o protocolo de documentos e apontar\u00e1 os erros mais frequentes cometidos na submiss\u00e3o de plantas e memoriais descritivos \u2014 oferecendo orienta\u00e7\u00f5es diretas sobre como preveni-los.<br \/>\n\u201cPequenas inconsist\u00eancias t\u00e9cnicas costumam ser a principal causa de pend\u00eancias e atrasos na libera\u00e7\u00e3o de alvar\u00e1s de constru\u00e7\u00e3o e habite-se. O &#8220;Agiliza Barretos&#8221; surge justamente para estreitar a comunica\u00e7\u00e3o entre os profissionais que projetam e o corpo t\u00e9cnico municipal encarregado de avaliar os processos.\u201d Explica o secret\u00e1rio municipal de Planejamento e Desenvolvimento Territorial, Andr\u00e9 Ponciano.<br \/>\nSegundo o presidente da Casa dos Engenheiros e Arquitetos de Barretos, Aimar Ferreira, esse F\u00f3rum \u00e9 de grande import\u00e2ncia para os profissionais. \u201cA proposta \u00e9 alinhar conceitos para que as propostas cheguem \u00e0 fiscaliza\u00e7\u00e3o com o padr\u00e3o adequado, reduzindo retrabalhos, retramita\u00e7\u00f5es desnecess\u00e1rias e o tempo total de espera para o in\u00edcio das obras na cidade.\u201d \u2013 declarou.<br \/>\nEntre os principais t\u00f3picos e vantagens abordados no f\u00f3rum est\u00e3o:<br \/>\n\u2022 Esclarecimento de d\u00favidas em tempo real: contato direto com os profissionais respons\u00e1veis pelas an\u00e1lises de projetos no munic\u00edpio;<br \/>\n\u2022 Dom\u00ednio de normas e fluxos: atualiza\u00e7\u00e3o t\u00e9cnica acerca das exig\u00eancias e sistemas da Secretaria Municipal de Planejamento e Desenvolvimento Territorial;<br \/>\n\u2022 Ganho de produtividade: agilidade no atendimento aos clientes finais e acelera\u00e7\u00e3o do desenvolvimento urbano local.<br \/>\nPara participar, basta se increver no link: https:\/\/docs.google.com\/forms\/d\/e\/1FAIpQLScJVgg2DUrIDA0oDMqByXXmuel-x8PU_McsjA1wHAKWd7KkUw\/viewform?usp=publish-editor<\/p>\n<p>Servi\u00e7o: Agiliza Barretos \u2013 F\u00f3rum de Andamento e Aprova\u00e7\u00e3o de Projetos<br \/>\n\u2022 Datas: 15 e 16 de setembro<br \/>\n\u2022 Hor\u00e1rio: \u00c0s 19h<br \/>\n\u2022 Local: Casa dos Engenheiros e Arquitetos de Barretos<br \/>\n\u2022 Endere\u00e7o: Rua I 6, n\u00ba 303 \u2013 Regi\u00e3o dos Lagos, Barretos\/SP<br \/>\n\u2022 P\u00fablico-alvo: Engenheiros, arquitetos, urbanistas e t\u00e9cnicos da constru\u00e7\u00e3o civil.<br \/>\n\u2022 Realiza\u00e7\u00e3o: Prefeitura da Est\u00e2ncia Tur\u00edstica de Barretos (Secretaria Municipal de Planejamento e Desenvolvimento Territorial) e Casa dos Engenheiros e Arquitetos de Barretos.<\/p>\n","protected":false},"excerpt":{"rendered":"<p>Com o objetivo de desburocratizar rotinas profissionais e garantir mais efici\u00eancia ao setor da constru\u00e7\u00e3o civil na cidade, a Prefeitura da Est\u00e2ncia Tur\u00edstica de Barretos,&#8230;<\/p>\n","protected":false},"author":2,"featured_media":132519,"comment_status":"open","ping_status":"open","sticky":false,"template":"","format":"standard","meta":{"_themeisle_gutenberg_block_has_review":false,"footnotes":""},"categories":[14],"tags":[],"class_list":["post-132518","post","type-post","status-publish","format-standard","has-post-thumbnail","hentry","category-barretos"],"yoast_head":"<!-- This site is optimized with the Yoast SEO plugin v28.4 - https:\/\/yoast.com\/product\/yoast-seo-wordpress\/ -->\n<title>Prefeitura de Barretos e Casa dos Engenheiros e Arquitetos promovem o \u201cAgiliza Barretos\u201d para acelerar aprova\u00e7\u00e3o de projetos - Regi\u00e3o News<\/title>\n<meta name=\"robots\" content=\"index, follow, max-snippet:-1, max-image-preview:large, max-video-preview:-1\" \/>\n<link rel=\"canonical\" href=\"https:\/\/regiaonews.net.br\/2022\/2026\/09\/prefeitura-de-barretos-e-casa-dos-engenheiros-e-arquitetos-promovem-o-agiliza-barretos-para-acelerar-aprovacao-de-projetos\/\" \/>\n<meta property=\"og:locale\" content=\"pt_BR\" \/>\n<meta property=\"og:type\" content=\"article\" \/>\n<meta property=\"og:title\" content=\"Prefeitura de Barretos e Casa dos Engenheiros e Arquitetos promovem o \u201cAgiliza Barretos\u201d para acelerar aprova\u00e7\u00e3o de projetos - Regi\u00e3o News\" \/>\n<meta property=\"og:description\" content=\"Com o objetivo de desburocratizar rotinas profissionais e garantir mais efici\u00eancia ao setor da constru\u00e7\u00e3o civil na cidade, a Prefeitura da Est\u00e2ncia Tur\u00edstica de Barretos,...\" \/>\n<meta property=\"og:url\" content=\"https:\/\/regiaonews.net.br\/2022\/2026\/09\/prefeitura-de-barretos-e-casa-dos-engenheiros-e-arquitetos-promovem-o-agiliza-barretos-para-acelerar-aprovacao-de-projetos\/\" \/>\n<meta property=\"og:site_name\" content=\"Regi\u00e3o News\" \/>\n<meta property=\"article:published_time\" content=\"2026-09-04T23:09:54+00:00\" \/>\n<meta property=\"article:modified_time\" content=\"2026-09-04T23:10:11+00:00\" \/>\n<meta property=\"og:image\" content=\"https:\/\/regiaonews.net.br\/2022\/wp-content\/uploads\/2026\/09\/WhatsApp-Image-2026-09-04-at-16.27.19.jpeg\" \/>\n\t<meta property=\"og:image:width\" content=\"1080\" \/>\n\t<meta property=\"og:image:height\" content=\"1350\" \/>\n\t<meta property=\"og:image:type\" content=\"image\/jpeg\" \/>\n<meta name=\"author\" content=\"Roberto\" \/>\n<meta name=\"twitter:card\" content=\"summary_large_image\" \/>\n<meta name=\"twitter:label1\" content=\"Escrito por\" \/>\n\t<meta name=\"twitter:data1\" content=\"Roberto\" \/>\n\t<meta name=\"twitter:label2\" content=\"Est. tempo de leitura\" \/>\n\t<meta name=\"twitter:data2\" content=\"3 minutos\" \/>\n<script type=\"application\/ld+json\" class=\"yoast-schema-graph\">{\"@context\":\"https:\\\/\\\/schema.org\",\"@graph\":[{\"@type\":\"Article\",\"@id\":\"https:\\\/\\\/regiaonews.net.br\\\/2022\\\/2026\\\/09\\\/prefeitura-de-barretos-e-casa-dos-engenheiros-e-arquitetos-promovem-o-agiliza-barretos-para-acelerar-aprovacao-de-projetos\\\/#article\",\"isPartOf\":{\"@id\":\"https:\\\/\\\/regiaonews.net.br\\\/2022\\\/2026\\\/09\\\/prefeitura-de-barretos-e-casa-dos-engenheiros-e-arquitetos-promovem-o-agiliza-barretos-para-acelerar-aprovacao-de-projetos\\\/\"},\"author\":{\"name\":\"Roberto\",\"@id\":\"https:\\\/\\\/regiaonews.net.br\\\/2022\\\/#\\\/schema\\\/person\\\/2d205a608a5aa97ac279d7a5e6d89ad8\"},\"headline\":\"Prefeitura de Barretos e Casa dos Engenheiros e Arquitetos promovem o \u201cAgiliza Barretos\u201d para acelerar aprova\u00e7\u00e3o de projetos\",\"datePublished\":\"2026-09-04T23:09:54+00:00\",\"dateModified\":\"2026-09-04T23:10:11+00:00\",\"mainEntityOfPage\":{\"@id\":\"https:\\\/\\\/regiaonews.net.br\\\/2022\\\/2026\\\/09\\\/prefeitura-de-barretos-e-casa-dos-engenheiros-e-arquitetos-promovem-o-agiliza-barretos-para-acelerar-aprovacao-de-projetos\\\/\"},\"wordCount\":476,\"commentCount\":0,\"publisher\":{\"@id\":\"https:\\\/\\\/regiaonews.net.br\\\/2022\\\/#organization\"},\"image\":{\"@id\":\"https:\\\/\\\/regiaonews.net.br\\\/2022\\\/2026\\\/09\\\/prefeitura-de-barretos-e-casa-dos-engenheiros-e-arquitetos-promovem-o-agiliza-barretos-para-acelerar-aprovacao-de-projetos\\\/#primaryimage\"},\"thumbnailUrl\":\"https:\\\/\\\/regiaonews.net.br\\\/2022\\\/wp-content\\\/uploads\\\/2026\\\/09\\\/WhatsApp-Image-2026-09-04-at-16.27.19.jpeg\",\"articleSection\":[\"Barretos\"],\"inLanguage\":\"pt-BR\",\"potentialAction\":[{\"@type\":\"CommentAction\",\"name\":\"Comment\",\"target\":[\"https:\\\/\\\/regiaonews.net.br\\\/2022\\\/2026\\\/09\\\/prefeitura-de-barretos-e-casa-dos-engenheiros-e-arquitetos-promovem-o-agiliza-barretos-para-acelerar-aprovacao-de-projetos\\\/#respond\"]}]},{\"@type\":\"WebPage\",\"@id\":\"https:\\\/\\\/regiaonews.net.br\\\/2022\\\/2026\\\/09\\\/prefeitura-de-barretos-e-casa-dos-engenheiros-e-arquitetos-promovem-o-agiliza-barretos-para-acelerar-aprovacao-de-projetos\\\/\",\"url\":\"https:\\\/\\\/regiaonews.net.br\\\/2022\\\/2026\\\/09\\\/prefeitura-de-barretos-e-casa-dos-engenheiros-e-arquitetos-promovem-o-agiliza-barretos-para-acelerar-aprovacao-de-projetos\\\/\",\"name\":\"Prefeitura de Barretos e Casa dos Engenheiros e Arquitetos promovem o \u201cAgiliza Barretos\u201d para acelerar aprova\u00e7\u00e3o de projetos - Regi\u00e3o News\",\"isPartOf\":{\"@id\":\"https:\\\/\\\/regiaonews.net.br\\\/2022\\\/#website\"},\"primaryImageOfPage\":{\"@id\":\"https:\\\/\\\/regiaonews.net.br\\\/2022\\\/2026\\\/09\\\/prefeitura-de-barretos-e-casa-dos-engenheiros-e-arquitetos-promovem-o-agiliza-barretos-para-acelerar-aprovacao-de-projetos\\\/#primaryimage\"},\"image\":{\"@id\":\"https:\\\/\\\/regiaonews.net.br\\\/2022\\\/2026\\\/09\\\/prefeitura-de-barretos-e-casa-dos-engenheiros-e-arquitetos-promovem-o-agiliza-barretos-para-acelerar-aprovacao-de-projetos\\\/#primaryimage\"},\"thumbnailUrl\":\"https:\\\/\\\/regiaonews.net.br\\\/2022\\\/wp-content\\\/uploads\\\/2026\\\/09\\\/WhatsApp-Image-2026-09-04-at-16.27.19.jpeg\",\"datePublished\":\"2026-09-04T23:09:54+00:00\",\"dateModified\":\"2026-09-04T23:10:11+00:00\",\"breadcrumb\":{\"@id\":\"https:\\\/\\\/regiaonews.net.br\\\/2022\\\/2026\\\/09\\\/prefeitura-de-barretos-e-casa-dos-engenheiros-e-arquitetos-promovem-o-agiliza-barretos-para-acelerar-aprovacao-de-projetos\\\/#breadcrumb\"},\"inLanguage\":\"pt-BR\",\"potentialAction\":[{\"@type\":\"ReadAction\",\"target\":[\"https:\\\/\\\/regiaonews.net.br\\\/2022\\\/2026\\\/09\\\/prefeitura-de-barretos-e-casa-dos-engenheiros-e-arquitetos-promovem-o-agiliza-barretos-para-acelerar-aprovacao-de-projetos\\\/\"]}]},{\"@type\":\"ImageObject\",\"inLanguage\":\"pt-BR\",\"@id\":\"https:\\\/\\\/regiaonews.net.br\\\/2022\\\/2026\\\/09\\\/prefeitura-de-barretos-e-casa-dos-engenheiros-e-arquitetos-promovem-o-agiliza-barretos-para-acelerar-aprovacao-de-projetos\\\/#primaryimage\",\"url\":\"https:\\\/\\\/regiaonews.net.br\\\/2022\\\/wp-content\\\/uploads\\\/2026\\\/09\\\/WhatsApp-Image-2026-09-04-at-16.27.19.jpeg\",\"contentUrl\":\"https:\\\/\\\/regiaonews.net.br\\\/2022\\\/wp-content\\\/uploads\\\/2026\\\/09\\\/WhatsApp-Image-2026-09-04-at-16.27.19.jpeg\",\"width\":1080,\"height\":1350},{\"@type\":\"BreadcrumbList\",\"@id\":\"https:\\\/\\\/regiaonews.net.br\\\/2022\\\/2026\\\/09\\\/prefeitura-de-barretos-e-casa-dos-engenheiros-e-arquitetos-promovem-o-agiliza-barretos-para-acelerar-aprovacao-de-projetos\\\/#breadcrumb\",\"itemListElement\":[{\"@type\":\"ListItem\",\"position\":1,\"name\":\"In\u00edcio\",\"item\":\"https:\\\/\\\/regiaonews.net.br\\\/2022\\\/\"},{\"@type\":\"ListItem\",\"position\":2,\"name\":\"Prefeitura de Barretos e Casa dos Engenheiros e Arquitetos promovem o \u201cAgiliza Barretos\u201d para acelerar aprova\u00e7\u00e3o de projetos\"}]},{\"@type\":\"WebSite\",\"@id\":\"https:\\\/\\\/regiaonews.net.br\\\/2022\\\/#website\",\"url\":\"https:\\\/\\\/regiaonews.net.br\\\/2022\\\/\",\"name\":\"Regi\u00e3o News\",\"description\":\"Site de Not\u00edcias de Barretos e regi\u00e3o\",\"publisher\":{\"@id\":\"https:\\\/\\\/regiaonews.net.br\\\/2022\\\/#organization\"},\"potentialAction\":[{\"@type\":\"SearchAction\",\"target\":{\"@type\":\"EntryPoint\",\"urlTemplate\":\"https:\\\/\\\/regiaonews.net.br\\\/2022\\\/?s={search_term_string}\"},\"query-input\":{\"@type\":\"PropertyValueSpecification\",\"valueRequired\":true,\"valueName\":\"search_term_string\"}}],\"inLanguage\":\"pt-BR\"},{\"@type\":\"Organization\",\"@id\":\"https:\\\/\\\/regiaonews.net.br\\\/2022\\\/#organization\",\"name\":\"Regi\u00e3o News\",\"url\":\"https:\\\/\\\/regiaonews.net.br\\\/2022\\\/\",\"logo\":{\"@type\":\"ImageObject\",\"inLanguage\":\"pt-BR\",\"@id\":\"https:\\\/\\\/regiaonews.net.br\\\/2022\\\/#\\\/schema\\\/logo\\\/image\\\/\",\"url\":\"https:\\\/\\\/regiaonews.net.br\\\/2022\\\/wp-content\\\/uploads\\\/2026\\\/08\\\/LOGO-NEW-REG-TR.png\",\"contentUrl\":\"https:\\\/\\\/regiaonews.net.br\\\/2022\\\/wp-content\\\/uploads\\\/2026\\\/08\\\/LOGO-NEW-REG-TR.png\",\"width\":360,\"height\":130,\"caption\":\"Regi\u00e3o News\"},\"image\":{\"@id\":\"https:\\\/\\\/regiaonews.net.br\\\/2022\\\/#\\\/schema\\\/logo\\\/image\\\/\"}},{\"@type\":\"Person\",\"@id\":\"https:\\\/\\\/regiaonews.net.br\\\/2022\\\/#\\\/schema\\\/person\\\/2d205a608a5aa97ac279d7a5e6d89ad8\",\"name\":\"Roberto\",\"image\":{\"@type\":\"ImageObject\",\"inLanguage\":\"pt-BR\",\"@id\":\"https:\\\/\\\/secure.gravatar.com\\\/avatar\\\/42749d8b712ff9d59ca93dc150494e5b55a44134482993f5baeb97e61b7ecc89?s=96&d=mm&r=g\",\"url\":\"https:\\\/\\\/secure.gravatar.com\\\/avatar\\\/42749d8b712ff9d59ca93dc150494e5b55a44134482993f5baeb97e61b7ecc89?s=96&d=mm&r=g\",\"contentUrl\":\"https:\\\/\\\/secure.gravatar.com\\\/avatar\\\/42749d8b712ff9d59ca93dc150494e5b55a44134482993f5baeb97e61b7ecc89?s=96&d=mm&r=g\",\"caption\":\"Roberto\"},\"url\":\"https:\\\/\\\/regiaonews.net.br\\\/2022\\\/author\\\/roberto\\\/\"}]}<\/script>\n<!-- \/ Yoast SEO plugin. -->","yoast_head_json":{"title":"Prefeitura de Barretos e Casa dos Engenheiros e Arquitetos promovem o \u201cAgiliza Barretos\u201d para acelerar aprova\u00e7\u00e3o de projetos - Regi\u00e3o News","robots":{"index":"index","follow":"follow","max-snippet":"max-snippet:-1","max-image-preview":"max-image-preview:large","max-video-preview":"max-video-preview:-1"},"canonical":"https:\/\/regiaonews.net.br\/2022\/2026\/09\/prefeitura-de-barretos-e-casa-dos-engenheiros-e-arquitetos-promovem-o-agiliza-barretos-para-acelerar-aprovacao-de-projetos\/","og_locale":"pt_BR","og_type":"article","og_title":"Prefeitura de Barretos e Casa dos Engenheiros e Arquitetos promovem o \u201cAgiliza Barretos\u201d para acelerar aprova\u00e7\u00e3o de projetos - Regi\u00e3o News","og_description":"Com o objetivo de desburocratizar rotinas profissionais e garantir mais efici\u00eancia ao setor da constru\u00e7\u00e3o civil na cidade, a Prefeitura da Est\u00e2ncia Tur\u00edstica de Barretos,...","og_url":"https:\/\/regiaonews.net.br\/2022\/2026\/09\/prefeitura-de-barretos-e-casa-dos-engenheiros-e-arquitetos-promovem-o-agiliza-barretos-para-acelerar-aprovacao-de-projetos\/","og_site_name":"Regi\u00e3o News","article_published_time":"2026-09-04T23:09:54+00:00","article_modified_time":"2026-09-04T23:10:11+00:00","og_image":[{"width":1080,"height":1350,"url":"https:\/\/regiaonews.net.br\/2022\/wp-content\/uploads\/2026\/09\/WhatsApp-Image-2026-09-04-at-16.27.19.jpeg","type":"image\/jpeg"}],"author":"Roberto","twitter_card":"summary_large_image","twitter_misc":{"Escrito por":"Roberto","Est. tempo de leitura":"3 minutos"},"schema":{"@context":"https:\/\/schema.org","@graph":[{"@type":"Article","@id":"https:\/\/regiaonews.net.br\/2022\/2026\/09\/prefeitura-de-barretos-e-casa-dos-engenheiros-e-arquitetos-promovem-o-agiliza-barretos-para-acelerar-aprovacao-de-projetos\/#article","isPartOf":{"@id":"https:\/\/regiaonews.net.br\/2022\/2026\/09\/prefeitura-de-barretos-e-casa-dos-engenheiros-e-arquitetos-promovem-o-agiliza-barretos-para-acelerar-aprovacao-de-projetos\/"},"author":{"name":"Roberto","@id":"https:\/\/regiaonews.net.br\/2022\/#\/schema\/person\/2d205a608a5aa97ac279d7a5e6d89ad8"},"headline":"Prefeitura de Barretos e Casa dos Engenheiros e Arquitetos promovem o \u201cAgiliza Barretos\u201d para acelerar aprova\u00e7\u00e3o de projetos","datePublished":"2026-09-04T23:09:54+00:00","dateModified":"2026-09-04T23:10:11+00:00","mainEntityOfPage":{"@id":"https:\/\/regiaonews.net.br\/2022\/2026\/09\/prefeitura-de-barretos-e-casa-dos-engenheiros-e-arquitetos-promovem-o-agiliza-barretos-para-acelerar-aprovacao-de-projetos\/"},"wordCount":476,"commentCount":0,"publisher":{"@id":"https:\/\/regiaonews.net.br\/2022\/#organization"},"image":{"@id":"https:\/\/regiaonews.net.br\/2022\/2026\/09\/prefeitura-de-barretos-e-casa-dos-engenheiros-e-arquitetos-promovem-o-agiliza-barretos-para-acelerar-aprovacao-de-projetos\/#primaryimage"},"thumbnailUrl":"https:\/\/regiaonews.net.br\/2022\/wp-content\/uploads\/2026\/09\/WhatsApp-Image-2026-09-04-at-16.27.19.jpeg","articleSection":["Barretos"],"inLanguage":"pt-BR","potentialAction":[{"@type":"CommentAction","name":"Comment","target":["https:\/\/regiaonews.net.br\/2022\/2026\/09\/prefeitura-de-barretos-e-casa-dos-engenheiros-e-arquitetos-promovem-o-agiliza-barretos-para-acelerar-aprovacao-de-projetos\/#respond"]}]},{"@type":"WebPage","@id":"https:\/\/regiaonews.net.br\/2022\/2026\/09\/prefeitura-de-barretos-e-casa-dos-engenheiros-e-arquitetos-promovem-o-agiliza-barretos-para-acelerar-aprovacao-de-projetos\/","url":"https:\/\/regiaonews.net.br\/2022\/2026\/09\/prefeitura-de-barretos-e-casa-dos-engenheiros-e-arquitetos-promovem-o-agiliza-barretos-para-acelerar-aprovacao-de-projetos\/","name":"Prefeitura de Barretos e Casa dos Engenheiros e Arquitetos promovem o \u201cAgiliza Barretos\u201d para acelerar aprova\u00e7\u00e3o de projetos - Regi\u00e3o News","isPartOf":{"@id":"https:\/\/regiaonews.net.br\/2022\/#website"},"primaryImageOfPage":{"@id":"https:\/\/regiaonews.net.br\/2022\/2026\/09\/prefeitura-de-barretos-e-casa-dos-engenheiros-e-arquitetos-promovem-o-agiliza-barretos-para-acelerar-aprovacao-de-projetos\/#primaryimage"},"image":{"@id":"https:\/\/regiaonews.net.br\/2022\/2026\/09\/prefeitura-de-barretos-e-casa-dos-engenheiros-e-arquitetos-promovem-o-agiliza-barretos-para-acelerar-aprovacao-de-projetos\/#primaryimage"},"thumbnailUrl":"https:\/\/regiaonews.net.br\/2022\/wp-content\/uploads\/2026\/09\/WhatsApp-Image-2026-09-04-at-16.27.19.jpeg","datePublished":"2026-09-04T23:09:54+00:00","dateModified":"2026-09-04T23:10:11+00:00","breadcrumb":{"@id":"https:\/\/regiaonews.net.br\/2022\/2026\/09\/prefeitura-de-barretos-e-casa-dos-engenheiros-e-arquitetos-promovem-o-agiliza-barretos-para-acelerar-aprovacao-de-projetos\/#breadcrumb"},"inLanguage":"pt-BR","potentialAction":[{"@type":"ReadAction","target":["https:\/\/regiaonews.net.br\/2022\/2026\/09\/prefeitura-de-barretos-e-casa-dos-engenheiros-e-arquitetos-promovem-o-agiliza-barretos-para-acelerar-aprovacao-de-projetos\/"]}]},{"@type":"ImageObject","inLanguage":"pt-BR","@id":"https:\/\/regiaonews.net.br\/2022\/2026\/09\/prefeitura-de-barretos-e-casa-dos-engenheiros-e-arquitetos-promovem-o-agiliza-barretos-para-acelerar-aprovacao-de-projetos\/#primaryimage","url":"https:\/\/regiaonews.net.br\/2022\/wp-content\/uploads\/2026\/09\/WhatsApp-Image-2026-09-04-at-16.27.19.jpeg","contentUrl":"https:\/\/regiaonews.net.br\/2022\/wp-content\/uploads\/2026\/09\/WhatsApp-Image-2026-09-04-at-16.27.19.jpeg","width":1080,"height":1350},{"@type":"BreadcrumbList","@id":"https:\/\/regiaonews.net.br\/2022\/2026\/09\/prefeitura-de-barretos-e-casa-dos-engenheiros-e-arquitetos-promovem-o-agiliza-barretos-para-acelerar-aprovacao-de-projetos\/#breadcrumb","itemListElement":[{"@type":"ListItem","position":1,"name":"In\u00edcio","item":"https:\/\/regiaonews.net.br\/2022\/"},{"@type":"ListItem","position":2,"name":"Prefeitura de Barretos e Casa dos Engenheiros e Arquitetos promovem o \u201cAgiliza Barretos\u201d para acelerar aprova\u00e7\u00e3o de projetos"}]},{"@type":"WebSite","@id":"https:\/\/regiaonews.net.br\/2022\/#website","url":"https:\/\/regiaonews.net.br\/2022\/","name":"Regi\u00e3o News","description":"Site de Not\u00edcias de Barretos e regi\u00e3o","publisher":{"@id":"https:\/\/regiaonews.net.br\/2022\/#organization"},"potentialAction":[{"@type":"SearchAction","target":{"@type":"EntryPoint","urlTemplate":"https:\/\/regiaonews.net.br\/2022\/?s={search_term_string}"},"query-input":{"@type":"PropertyValueSpecification","valueRequired":true,"valueName":"search_term_string"}}],"inLanguage":"pt-BR"},{"@type":"Organization","@id":"https:\/\/regiaonews.net.br\/2022\/#organization","name":"Regi\u00e3o News","url":"https:\/\/regiaonews.net.br\/2022\/","logo":{"@type":"ImageObject","inLanguage":"pt-BR","@id":"https:\/\/regiaonews.net.br\/2022\/#\/schema\/logo\/image\/","url":"https:\/\/regiaonews.net.br\/2022\/wp-content\/uploads\/2026\/08\/LOGO-NEW-REG-TR.png","contentUrl":"https:\/\/regiaonews.net.br\/2022\/wp-content\/uploads\/2026\/08\/LOGO-NEW-REG-TR.png","width":360,"height":130,"caption":"Regi\u00e3o News"},"image":{"@id":"https:\/\/regiaonews.net.br\/2022\/#\/schema\/logo\/image\/"}},{"@type":"Person","@id":"https:\/\/regiaonews.net.br\/2022\/#\/schema\/person\/2d205a608a5aa97ac279d7a5e6d89ad8","name":"Roberto","image":{"@type":"ImageObject","inLanguage":"pt-BR","@id":"https:\/\/secure.gravatar.com\/avatar\/42749d8b712ff9d59ca93dc150494e5b55a44134482993f5baeb97e61b7ecc89?s=96&d=mm&r=g","url":"https:\/\/secure.gravatar.com\/avatar\/42749d8b712ff9d59ca93dc150494e5b55a44134482993f5baeb97e61b7ecc89?s=96&d=mm&r=g","contentUrl":"https:\/\/secure.gravatar.com\/avatar\/42749d8b712ff9d59ca93dc150494e5b55a44134482993f5baeb97e61b7ecc89?s=96&d=mm&r=g","caption":"Roberto"},"url":"https:\/\/regiaonews.net.br\/2022\/author\/roberto\/"}]}},"publishpress_future_action":{"enabled":false,"date":"2026-09-12 02:53:28","action":"change-status","newStatus":"draft","terms":[],"taxonomy":"category","extraData":[]},"publishpress_future_workflow_manual_trigger":{"enabledWorkflows":[]},"_links":{"self":[{"href":"https:\/\/regiaonews.net.br\/2022\/wp-json\/wp\/v2\/posts\/132518","targetHints":{"allow":["GET"]}}],"collection":[{"href":"https:\/\/regiaonews.net.br\/2022\/wp-json\/wp\/v2\/posts"}],"about":[{"href":"https:\/\/regiaonews.net.br\/2022\/wp-json\/wp\/v2\/types\/post"}],"author":[{"embeddable":true,"href":"https:\/\/regiaonews.net.br\/2022\/wp-json\/wp\/v2\/users\/2"}],"replies":[{"embeddable":true,"href":"https:\/\/regiaonews.net.br\/2022\/wp-json\/wp\/v2\/comments?post=132518"}],"version-history":[{"count":2,"href":"https:\/\/regiaonews.net.br\/2022\/wp-json\/wp\/v2\/posts\/132518\/revisions"}],"predecessor-version":[{"id":132521,"href":"https:\/\/regiaonews.net.br\/2022\/wp-json\/wp\/v2\/posts\/132518\/revisions\/132521"}],"wp:featuredmedia":[{"embeddable":true,"href":"https:\/\/regiaonews.net.br\/2022\/wp-json\/wp\/v2\/media\/132519"}],"wp:attachment":[{"href":"https:\/\/regiaonews.net.br\/2022\/wp-json\/wp\/v2\/media?parent=132518"}],"wp:term":[{"taxonomy":"category","embeddable":true,"href":"https:\/\/regiaonews.net.br\/2022\/wp-json\/wp\/v2\/categories?post=132518"},{"taxonomy":"post_tag","embeddable":true,"href":"https:\/\/regiaonews.net.br\/2022\/wp-json\/wp\/v2\/tags?post=132518"}],"curies":[{"name":"wp","href":"https:\/\/api.w.org\/{rel}","templated":true}]}}