{"id":132482,"date":"2026-09-03T22:05:57","date_gmt":"2026-09-04T01:05:57","guid":{"rendered":"https:\/\/regiaonews.net.br\/2022\/?p=132482"},"modified":"2026-09-03T22:08:20","modified_gmt":"2026-09-04T01:08:20","slug":"advogado-barretense-representa-a-anaji-em-evento-no-tse-sobre-paz-e-tolerancia-nas-eleicoes","status":"publish","type":"post","link":"https:\/\/regiaonews.net.br\/2022\/2026\/09\/advogado-barretense-representa-a-anaji-em-evento-no-tse-sobre-paz-e-tolerancia-nas-eleicoes\/","title":{"rendered":"Advogado barretense representa a ANAJI em evento no TSE sobre paz e toler\u00e2ncia nas elei\u00e7\u00f5es"},"content":{"rendered":"<p>&nbsp;<\/p>\n<p>&nbsp;<\/p>\n<p>O Tribunal Superior Eleitoral (TSE) realizou, nesta quinta-feira (3), em Bras\u00edlia, uma solenidade voltada \u00e0 constru\u00e7\u00e3o de parcerias para a agenda \u201cPaz e Toler\u00e2ncia nas Elei\u00e7\u00f5es 2026\u201d. O encontro reuniu autoridades, representantes da sociedade civil e de organiza\u00e7\u00f5es religiosas em torno de um compromisso comum: promover elei\u00e7\u00f5es pautadas pelo respeito, pela toler\u00e2ncia, pelo di\u00e1logo e pela n\u00e3o viol\u00eancia.<\/p>\n<p>&nbsp;<\/p>\n<p>Representando a ANAJI \u2013 Associa\u00e7\u00e3o Nacional de Juristas Isl\u00e2micos, participou da solenidade o advogado barretense Girrad Mahmoud Sammour, presidente da entidade.<\/p>\n<p>O encontro contou com a participa\u00e7\u00e3o do presidente do TSE, ministro Kassio Nunes Marques, que coordenou a reuni\u00e3o, dos ministros Andr\u00e9 Luiz de Almeida Mendon\u00e7a e Edson Fachin, al\u00e9m de outras autoridades e representantes de diferentes setores da sociedade.<\/p>\n<p>&nbsp;<\/p>\n<p><a href=\"https:\/\/regiaonews.net.br\/2022\/wp-content\/uploads\/2026\/09\/IMG-20260903-WA0773.jpg\"><img loading=\"lazy\" decoding=\"async\" class=\"alignnone size-medium wp-image-132484\" src=\"https:\/\/regiaonews.net.br\/2022\/wp-content\/uploads\/2026\/09\/IMG-20260903-WA0773-300x200.jpg\" alt=\"\" width=\"300\" height=\"200\" srcset=\"https:\/\/regiaonews.net.br\/2022\/wp-content\/uploads\/2026\/09\/IMG-20260903-WA0773-300x200.jpg 300w, https:\/\/regiaonews.net.br\/2022\/wp-content\/uploads\/2026\/09\/IMG-20260903-WA0773-1024x684.jpg 1024w, https:\/\/regiaonews.net.br\/2022\/wp-content\/uploads\/2026\/09\/IMG-20260903-WA0773-768x513.jpg 768w, https:\/\/regiaonews.net.br\/2022\/wp-content\/uploads\/2026\/09\/IMG-20260903-WA0773-1536x1025.jpg 1536w, https:\/\/regiaonews.net.br\/2022\/wp-content\/uploads\/2026\/09\/IMG-20260903-WA0773.jpg 1600w\" sizes=\"auto, (max-width: 300px) 100vw, 300px\" \/><\/a><\/p>\n<p>A iniciativa busca fortalecer a\u00e7\u00f5es de preven\u00e7\u00e3o \u00e0 viol\u00eancia pol\u00edtica e de promo\u00e7\u00e3o de uma cultura democr\u00e1tica, incentivando a dissemina\u00e7\u00e3o de mensagens de respeito m\u00fatuo, toler\u00e2ncia, n\u00e3o viol\u00eancia e reconhecimento da legitimidade do pluralismo de ideias e opini\u00f5es.<\/p>\n<p>Para Girrad, a participa\u00e7\u00e3o da ANAJI refor\u00e7a o compromisso da entidade com a democracia, o respeito \u00e0s diferen\u00e7as e a defesa do di\u00e1logo como instrumento de constru\u00e7\u00e3o de uma sociedade mais justa.<\/p>\n<p>\u201cRepresentei a ANAJI neste importante encontro com diversas autoridades e representantes da sociedade. Nosso compromisso \u00e9 incentivar o debate de ideias, sem transformar quem pensa diferente em inimigo. Podemos discordar de posi\u00e7\u00f5es e propostas, mas devemos preservar o respeito, a justi\u00e7a e a verdade.\u201d<\/p>\n<p>O advogado tamb\u00e9m destacou a import\u00e2ncia da responsabilidade daqueles que disputam cargos p\u00fablicos e do respeito \u00e0 escolha dos eleitores.<\/p>\n<p>\u201cDesejamos elei\u00e7\u00f5es justas, pac\u00edficas e democr\u00e1ticas. Os candidatos escolhidos pelo povo precisam honrar seus compromissos perante a sociedade, lembrando que, uma vez eleitos, governar\u00e3o para todos \u2014 tanto para aqueles que votaram neles quanto para aqueles que escolheram outro caminho. Isso \u00e9 democracia e est\u00e1 no esp\u00edrito da nossa Constitui\u00e7\u00e3o.\u201d<\/p>\n<p>A participa\u00e7\u00e3o da ANAJI no evento reafirma o papel da entidade na constru\u00e7\u00e3o de pontes entre diferentes setores da sociedade e na promo\u00e7\u00e3o da liberdade religiosa, do pluralismo, do respeito \u00e0s diferen\u00e7as e da conviv\u00eancia pac\u00edfica no processo democr\u00e1tico.<\/p>\n<p><a href=\"https:\/\/regiaonews.net.br\/2022\/wp-content\/uploads\/2026\/09\/IMG-20260903-WA0772.jpg\"><img loading=\"lazy\" decoding=\"async\" class=\"alignnone size-medium wp-image-132483\" src=\"https:\/\/regiaonews.net.br\/2022\/wp-content\/uploads\/2026\/09\/IMG-20260903-WA0772-300x200.jpg\" alt=\"\" width=\"300\" height=\"200\" srcset=\"https:\/\/regiaonews.net.br\/2022\/wp-content\/uploads\/2026\/09\/IMG-20260903-WA0772-300x200.jpg 300w, https:\/\/regiaonews.net.br\/2022\/wp-content\/uploads\/2026\/09\/IMG-20260903-WA0772-1024x684.jpg 1024w, https:\/\/regiaonews.net.br\/2022\/wp-content\/uploads\/2026\/09\/IMG-20260903-WA0772-768x513.jpg 768w, https:\/\/regiaonews.net.br\/2022\/wp-content\/uploads\/2026\/09\/IMG-20260903-WA0772-1536x1025.jpg 1536w, https:\/\/regiaonews.net.br\/2022\/wp-content\/uploads\/2026\/09\/IMG-20260903-WA0772.jpg 1600w\" sizes=\"auto, (max-width: 300px) 100vw, 300px\" \/><\/a><\/p>\n","protected":false},"excerpt":{"rendered":"<p>&nbsp; &nbsp; O Tribunal Superior Eleitoral (TSE) realizou, nesta quinta-feira (3), em Bras\u00edlia, uma solenidade voltada \u00e0 constru\u00e7\u00e3o de parcerias para a agenda \u201cPaz e&#8230;<\/p>\n","protected":false},"author":2,"featured_media":132485,"comment_status":"open","ping_status":"open","sticky":false,"template":"","format":"standard","meta":{"_themeisle_gutenberg_block_has_review":false,"footnotes":""},"categories":[24],"tags":[],"class_list":["post-132482","post","type-post","status-publish","format-standard","has-post-thumbnail","hentry","category-brasil"],"yoast_head":"<!-- This site is optimized with the Yoast SEO plugin v28.4 - https:\/\/yoast.com\/product\/yoast-seo-wordpress\/ -->\n<title>Advogado barretense representa a ANAJI em evento no TSE sobre paz e toler\u00e2ncia nas elei\u00e7\u00f5es - Regi\u00e3o News<\/title>\n<meta name=\"robots\" content=\"index, follow, max-snippet:-1, max-image-preview:large, max-video-preview:-1\" \/>\n<link rel=\"canonical\" href=\"https:\/\/regiaonews.net.br\/2022\/2026\/09\/advogado-barretense-representa-a-anaji-em-evento-no-tse-sobre-paz-e-tolerancia-nas-eleicoes\/\" \/>\n<meta property=\"og:locale\" content=\"pt_BR\" \/>\n<meta property=\"og:type\" content=\"article\" \/>\n<meta property=\"og:title\" content=\"Advogado barretense representa a ANAJI em evento no TSE sobre paz e toler\u00e2ncia nas elei\u00e7\u00f5es - Regi\u00e3o News\" \/>\n<meta property=\"og:description\" content=\"&nbsp; &nbsp; O Tribunal Superior Eleitoral (TSE) realizou, nesta quinta-feira (3), em Bras\u00edlia, uma solenidade voltada \u00e0 constru\u00e7\u00e3o de parcerias para a agenda \u201cPaz e...\" \/>\n<meta property=\"og:url\" content=\"https:\/\/regiaonews.net.br\/2022\/2026\/09\/advogado-barretense-representa-a-anaji-em-evento-no-tse-sobre-paz-e-tolerancia-nas-eleicoes\/\" \/>\n<meta property=\"og:site_name\" content=\"Regi\u00e3o News\" \/>\n<meta property=\"article:published_time\" content=\"2026-09-04T01:05:57+00:00\" \/>\n<meta property=\"article:modified_time\" content=\"2026-09-04T01:08:20+00:00\" \/>\n<meta property=\"og:image\" content=\"https:\/\/regiaonews.net.br\/2022\/wp-content\/uploads\/2026\/09\/IMG-20260903-WA0774.jpg\" \/>\n\t<meta property=\"og:image:width\" content=\"1600\" \/>\n\t<meta property=\"og:image:height\" content=\"1068\" \/>\n\t<meta property=\"og:image:type\" content=\"image\/jpeg\" \/>\n<meta name=\"author\" content=\"Roberto\" \/>\n<meta name=\"twitter:card\" content=\"summary_large_image\" \/>\n<meta name=\"twitter:label1\" content=\"Escrito por\" \/>\n\t<meta name=\"twitter:data1\" content=\"Roberto\" \/>\n\t<meta name=\"twitter:label2\" content=\"Est. tempo de leitura\" \/>\n\t<meta name=\"twitter:data2\" content=\"3 minutos\" \/>\n<script type=\"application\/ld+json\" class=\"yoast-schema-graph\">{\"@context\":\"https:\\\/\\\/schema.org\",\"@graph\":[{\"@type\":\"Article\",\"@id\":\"https:\\\/\\\/regiaonews.net.br\\\/2022\\\/2026\\\/09\\\/advogado-barretense-representa-a-anaji-em-evento-no-tse-sobre-paz-e-tolerancia-nas-eleicoes\\\/#article\",\"isPartOf\":{\"@id\":\"https:\\\/\\\/regiaonews.net.br\\\/2022\\\/2026\\\/09\\\/advogado-barretense-representa-a-anaji-em-evento-no-tse-sobre-paz-e-tolerancia-nas-eleicoes\\\/\"},\"author\":{\"name\":\"Roberto\",\"@id\":\"https:\\\/\\\/regiaonews.net.br\\\/2022\\\/#\\\/schema\\\/person\\\/2d205a608a5aa97ac279d7a5e6d89ad8\"},\"headline\":\"Advogado barretense representa a ANAJI em evento no TSE sobre paz e toler\u00e2ncia nas elei\u00e7\u00f5es\",\"datePublished\":\"2026-09-04T01:05:57+00:00\",\"dateModified\":\"2026-09-04T01:08:20+00:00\",\"mainEntityOfPage\":{\"@id\":\"https:\\\/\\\/regiaonews.net.br\\\/2022\\\/2026\\\/09\\\/advogado-barretense-representa-a-anaji-em-evento-no-tse-sobre-paz-e-tolerancia-nas-eleicoes\\\/\"},\"wordCount\":404,\"commentCount\":0,\"publisher\":{\"@id\":\"https:\\\/\\\/regiaonews.net.br\\\/2022\\\/#organization\"},\"image\":{\"@id\":\"https:\\\/\\\/regiaonews.net.br\\\/2022\\\/2026\\\/09\\\/advogado-barretense-representa-a-anaji-em-evento-no-tse-sobre-paz-e-tolerancia-nas-eleicoes\\\/#primaryimage\"},\"thumbnailUrl\":\"https:\\\/\\\/regiaonews.net.br\\\/2022\\\/wp-content\\\/uploads\\\/2026\\\/09\\\/IMG-20260903-WA0774.jpg\",\"articleSection\":[\"Brasil\"],\"inLanguage\":\"pt-BR\",\"potentialAction\":[{\"@type\":\"CommentAction\",\"name\":\"Comment\",\"target\":[\"https:\\\/\\\/regiaonews.net.br\\\/2022\\\/2026\\\/09\\\/advogado-barretense-representa-a-anaji-em-evento-no-tse-sobre-paz-e-tolerancia-nas-eleicoes\\\/#respond\"]}]},{\"@type\":\"WebPage\",\"@id\":\"https:\\\/\\\/regiaonews.net.br\\\/2022\\\/2026\\\/09\\\/advogado-barretense-representa-a-anaji-em-evento-no-tse-sobre-paz-e-tolerancia-nas-eleicoes\\\/\",\"url\":\"https:\\\/\\\/regiaonews.net.br\\\/2022\\\/2026\\\/09\\\/advogado-barretense-representa-a-anaji-em-evento-no-tse-sobre-paz-e-tolerancia-nas-eleicoes\\\/\",\"name\":\"Advogado barretense representa a ANAJI em evento no TSE sobre paz e toler\u00e2ncia nas elei\u00e7\u00f5es - Regi\u00e3o News\",\"isPartOf\":{\"@id\":\"https:\\\/\\\/regiaonews.net.br\\\/2022\\\/#website\"},\"primaryImageOfPage\":{\"@id\":\"https:\\\/\\\/regiaonews.net.br\\\/2022\\\/2026\\\/09\\\/advogado-barretense-representa-a-anaji-em-evento-no-tse-sobre-paz-e-tolerancia-nas-eleicoes\\\/#primaryimage\"},\"image\":{\"@id\":\"https:\\\/\\\/regiaonews.net.br\\\/2022\\\/2026\\\/09\\\/advogado-barretense-representa-a-anaji-em-evento-no-tse-sobre-paz-e-tolerancia-nas-eleicoes\\\/#primaryimage\"},\"thumbnailUrl\":\"https:\\\/\\\/regiaonews.net.br\\\/2022\\\/wp-content\\\/uploads\\\/2026\\\/09\\\/IMG-20260903-WA0774.jpg\",\"datePublished\":\"2026-09-04T01:05:57+00:00\",\"dateModified\":\"2026-09-04T01:08:20+00:00\",\"breadcrumb\":{\"@id\":\"https:\\\/\\\/regiaonews.net.br\\\/2022\\\/2026\\\/09\\\/advogado-barretense-representa-a-anaji-em-evento-no-tse-sobre-paz-e-tolerancia-nas-eleicoes\\\/#breadcrumb\"},\"inLanguage\":\"pt-BR\",\"potentialAction\":[{\"@type\":\"ReadAction\",\"target\":[\"https:\\\/\\\/regiaonews.net.br\\\/2022\\\/2026\\\/09\\\/advogado-barretense-representa-a-anaji-em-evento-no-tse-sobre-paz-e-tolerancia-nas-eleicoes\\\/\"]}]},{\"@type\":\"ImageObject\",\"inLanguage\":\"pt-BR\",\"@id\":\"https:\\\/\\\/regiaonews.net.br\\\/2022\\\/2026\\\/09\\\/advogado-barretense-representa-a-anaji-em-evento-no-tse-sobre-paz-e-tolerancia-nas-eleicoes\\\/#primaryimage\",\"url\":\"https:\\\/\\\/regiaonews.net.br\\\/2022\\\/wp-content\\\/uploads\\\/2026\\\/09\\\/IMG-20260903-WA0774.jpg\",\"contentUrl\":\"https:\\\/\\\/regiaonews.net.br\\\/2022\\\/wp-content\\\/uploads\\\/2026\\\/09\\\/IMG-20260903-WA0774.jpg\",\"width\":1600,\"height\":1068},{\"@type\":\"BreadcrumbList\",\"@id\":\"https:\\\/\\\/regiaonews.net.br\\\/2022\\\/2026\\\/09\\\/advogado-barretense-representa-a-anaji-em-evento-no-tse-sobre-paz-e-tolerancia-nas-eleicoes\\\/#breadcrumb\",\"itemListElement\":[{\"@type\":\"ListItem\",\"position\":1,\"name\":\"In\u00edcio\",\"item\":\"https:\\\/\\\/regiaonews.net.br\\\/2022\\\/\"},{\"@type\":\"ListItem\",\"position\":2,\"name\":\"Advogado barretense representa a ANAJI em evento no TSE sobre paz e toler\u00e2ncia nas elei\u00e7\u00f5es\"}]},{\"@type\":\"WebSite\",\"@id\":\"https:\\\/\\\/regiaonews.net.br\\\/2022\\\/#website\",\"url\":\"https:\\\/\\\/regiaonews.net.br\\\/2022\\\/\",\"name\":\"Regi\u00e3o News\",\"description\":\"Site de Not\u00edcias de Barretos e regi\u00e3o\",\"publisher\":{\"@id\":\"https:\\\/\\\/regiaonews.net.br\\\/2022\\\/#organization\"},\"potentialAction\":[{\"@type\":\"SearchAction\",\"target\":{\"@type\":\"EntryPoint\",\"urlTemplate\":\"https:\\\/\\\/regiaonews.net.br\\\/2022\\\/?s={search_term_string}\"},\"query-input\":{\"@type\":\"PropertyValueSpecification\",\"valueRequired\":true,\"valueName\":\"search_term_string\"}}],\"inLanguage\":\"pt-BR\"},{\"@type\":\"Organization\",\"@id\":\"https:\\\/\\\/regiaonews.net.br\\\/2022\\\/#organization\",\"name\":\"Regi\u00e3o News\",\"url\":\"https:\\\/\\\/regiaonews.net.br\\\/2022\\\/\",\"logo\":{\"@type\":\"ImageObject\",\"inLanguage\":\"pt-BR\",\"@id\":\"https:\\\/\\\/regiaonews.net.br\\\/2022\\\/#\\\/schema\\\/logo\\\/image\\\/\",\"url\":\"https:\\\/\\\/regiaonews.net.br\\\/2022\\\/wp-content\\\/uploads\\\/2026\\\/08\\\/LOGO-NEW-REG-TR.png\",\"contentUrl\":\"https:\\\/\\\/regiaonews.net.br\\\/2022\\\/wp-content\\\/uploads\\\/2026\\\/08\\\/LOGO-NEW-REG-TR.png\",\"width\":360,\"height\":130,\"caption\":\"Regi\u00e3o News\"},\"image\":{\"@id\":\"https:\\\/\\\/regiaonews.net.br\\\/2022\\\/#\\\/schema\\\/logo\\\/image\\\/\"}},{\"@type\":\"Person\",\"@id\":\"https:\\\/\\\/regiaonews.net.br\\\/2022\\\/#\\\/schema\\\/person\\\/2d205a608a5aa97ac279d7a5e6d89ad8\",\"name\":\"Roberto\",\"image\":{\"@type\":\"ImageObject\",\"inLanguage\":\"pt-BR\",\"@id\":\"https:\\\/\\\/secure.gravatar.com\\\/avatar\\\/42749d8b712ff9d59ca93dc150494e5b55a44134482993f5baeb97e61b7ecc89?s=96&d=mm&r=g\",\"url\":\"https:\\\/\\\/secure.gravatar.com\\\/avatar\\\/42749d8b712ff9d59ca93dc150494e5b55a44134482993f5baeb97e61b7ecc89?s=96&d=mm&r=g\",\"contentUrl\":\"https:\\\/\\\/secure.gravatar.com\\\/avatar\\\/42749d8b712ff9d59ca93dc150494e5b55a44134482993f5baeb97e61b7ecc89?s=96&d=mm&r=g\",\"caption\":\"Roberto\"},\"url\":\"https:\\\/\\\/regiaonews.net.br\\\/2022\\\/author\\\/roberto\\\/\"}]}<\/script>\n<!-- \/ Yoast SEO plugin. -->","yoast_head_json":{"title":"Advogado barretense representa a ANAJI em evento no TSE sobre paz e toler\u00e2ncia nas elei\u00e7\u00f5es - Regi\u00e3o News","robots":{"index":"index","follow":"follow","max-snippet":"max-snippet:-1","max-image-preview":"max-image-preview:large","max-video-preview":"max-video-preview:-1"},"canonical":"https:\/\/regiaonews.net.br\/2022\/2026\/09\/advogado-barretense-representa-a-anaji-em-evento-no-tse-sobre-paz-e-tolerancia-nas-eleicoes\/","og_locale":"pt_BR","og_type":"article","og_title":"Advogado barretense representa a ANAJI em evento no TSE sobre paz e toler\u00e2ncia nas elei\u00e7\u00f5es - Regi\u00e3o News","og_description":"&nbsp; &nbsp; O Tribunal Superior Eleitoral (TSE) realizou, nesta quinta-feira (3), em Bras\u00edlia, uma solenidade voltada \u00e0 constru\u00e7\u00e3o de parcerias para a agenda \u201cPaz e...","og_url":"https:\/\/regiaonews.net.br\/2022\/2026\/09\/advogado-barretense-representa-a-anaji-em-evento-no-tse-sobre-paz-e-tolerancia-nas-eleicoes\/","og_site_name":"Regi\u00e3o News","article_published_time":"2026-09-04T01:05:57+00:00","article_modified_time":"2026-09-04T01:08:20+00:00","og_image":[{"width":1600,"height":1068,"url":"https:\/\/regiaonews.net.br\/2022\/wp-content\/uploads\/2026\/09\/IMG-20260903-WA0774.jpg","type":"image\/jpeg"}],"author":"Roberto","twitter_card":"summary_large_image","twitter_misc":{"Escrito por":"Roberto","Est. tempo de leitura":"3 minutos"},"schema":{"@context":"https:\/\/schema.org","@graph":[{"@type":"Article","@id":"https:\/\/regiaonews.net.br\/2022\/2026\/09\/advogado-barretense-representa-a-anaji-em-evento-no-tse-sobre-paz-e-tolerancia-nas-eleicoes\/#article","isPartOf":{"@id":"https:\/\/regiaonews.net.br\/2022\/2026\/09\/advogado-barretense-representa-a-anaji-em-evento-no-tse-sobre-paz-e-tolerancia-nas-eleicoes\/"},"author":{"name":"Roberto","@id":"https:\/\/regiaonews.net.br\/2022\/#\/schema\/person\/2d205a608a5aa97ac279d7a5e6d89ad8"},"headline":"Advogado barretense representa a ANAJI em evento no TSE sobre paz e toler\u00e2ncia nas elei\u00e7\u00f5es","datePublished":"2026-09-04T01:05:57+00:00","dateModified":"2026-09-04T01:08:20+00:00","mainEntityOfPage":{"@id":"https:\/\/regiaonews.net.br\/2022\/2026\/09\/advogado-barretense-representa-a-anaji-em-evento-no-tse-sobre-paz-e-tolerancia-nas-eleicoes\/"},"wordCount":404,"commentCount":0,"publisher":{"@id":"https:\/\/regiaonews.net.br\/2022\/#organization"},"image":{"@id":"https:\/\/regiaonews.net.br\/2022\/2026\/09\/advogado-barretense-representa-a-anaji-em-evento-no-tse-sobre-paz-e-tolerancia-nas-eleicoes\/#primaryimage"},"thumbnailUrl":"https:\/\/regiaonews.net.br\/2022\/wp-content\/uploads\/2026\/09\/IMG-20260903-WA0774.jpg","articleSection":["Brasil"],"inLanguage":"pt-BR","potentialAction":[{"@type":"CommentAction","name":"Comment","target":["https:\/\/regiaonews.net.br\/2022\/2026\/09\/advogado-barretense-representa-a-anaji-em-evento-no-tse-sobre-paz-e-tolerancia-nas-eleicoes\/#respond"]}]},{"@type":"WebPage","@id":"https:\/\/regiaonews.net.br\/2022\/2026\/09\/advogado-barretense-representa-a-anaji-em-evento-no-tse-sobre-paz-e-tolerancia-nas-eleicoes\/","url":"https:\/\/regiaonews.net.br\/2022\/2026\/09\/advogado-barretense-representa-a-anaji-em-evento-no-tse-sobre-paz-e-tolerancia-nas-eleicoes\/","name":"Advogado barretense representa a ANAJI em evento no TSE sobre paz e toler\u00e2ncia nas elei\u00e7\u00f5es - Regi\u00e3o News","isPartOf":{"@id":"https:\/\/regiaonews.net.br\/2022\/#website"},"primaryImageOfPage":{"@id":"https:\/\/regiaonews.net.br\/2022\/2026\/09\/advogado-barretense-representa-a-anaji-em-evento-no-tse-sobre-paz-e-tolerancia-nas-eleicoes\/#primaryimage"},"image":{"@id":"https:\/\/regiaonews.net.br\/2022\/2026\/09\/advogado-barretense-representa-a-anaji-em-evento-no-tse-sobre-paz-e-tolerancia-nas-eleicoes\/#primaryimage"},"thumbnailUrl":"https:\/\/regiaonews.net.br\/2022\/wp-content\/uploads\/2026\/09\/IMG-20260903-WA0774.jpg","datePublished":"2026-09-04T01:05:57+00:00","dateModified":"2026-09-04T01:08:20+00:00","breadcrumb":{"@id":"https:\/\/regiaonews.net.br\/2022\/2026\/09\/advogado-barretense-representa-a-anaji-em-evento-no-tse-sobre-paz-e-tolerancia-nas-eleicoes\/#breadcrumb"},"inLanguage":"pt-BR","potentialAction":[{"@type":"ReadAction","target":["https:\/\/regiaonews.net.br\/2022\/2026\/09\/advogado-barretense-representa-a-anaji-em-evento-no-tse-sobre-paz-e-tolerancia-nas-eleicoes\/"]}]},{"@type":"ImageObject","inLanguage":"pt-BR","@id":"https:\/\/regiaonews.net.br\/2022\/2026\/09\/advogado-barretense-representa-a-anaji-em-evento-no-tse-sobre-paz-e-tolerancia-nas-eleicoes\/#primaryimage","url":"https:\/\/regiaonews.net.br\/2022\/wp-content\/uploads\/2026\/09\/IMG-20260903-WA0774.jpg","contentUrl":"https:\/\/regiaonews.net.br\/2022\/wp-content\/uploads\/2026\/09\/IMG-20260903-WA0774.jpg","width":1600,"height":1068},{"@type":"BreadcrumbList","@id":"https:\/\/regiaonews.net.br\/2022\/2026\/09\/advogado-barretense-representa-a-anaji-em-evento-no-tse-sobre-paz-e-tolerancia-nas-eleicoes\/#breadcrumb","itemListElement":[{"@type":"ListItem","position":1,"name":"In\u00edcio","item":"https:\/\/regiaonews.net.br\/2022\/"},{"@type":"ListItem","position":2,"name":"Advogado barretense representa a ANAJI em evento no TSE sobre paz e toler\u00e2ncia nas elei\u00e7\u00f5es"}]},{"@type":"WebSite","@id":"https:\/\/regiaonews.net.br\/2022\/#website","url":"https:\/\/regiaonews.net.br\/2022\/","name":"Regi\u00e3o News","description":"Site de Not\u00edcias de Barretos e regi\u00e3o","publisher":{"@id":"https:\/\/regiaonews.net.br\/2022\/#organization"},"potentialAction":[{"@type":"SearchAction","target":{"@type":"EntryPoint","urlTemplate":"https:\/\/regiaonews.net.br\/2022\/?s={search_term_string}"},"query-input":{"@type":"PropertyValueSpecification","valueRequired":true,"valueName":"search_term_string"}}],"inLanguage":"pt-BR"},{"@type":"Organization","@id":"https:\/\/regiaonews.net.br\/2022\/#organization","name":"Regi\u00e3o News","url":"https:\/\/regiaonews.net.br\/2022\/","logo":{"@type":"ImageObject","inLanguage":"pt-BR","@id":"https:\/\/regiaonews.net.br\/2022\/#\/schema\/logo\/image\/","url":"https:\/\/regiaonews.net.br\/2022\/wp-content\/uploads\/2026\/08\/LOGO-NEW-REG-TR.png","contentUrl":"https:\/\/regiaonews.net.br\/2022\/wp-content\/uploads\/2026\/08\/LOGO-NEW-REG-TR.png","width":360,"height":130,"caption":"Regi\u00e3o News"},"image":{"@id":"https:\/\/regiaonews.net.br\/2022\/#\/schema\/logo\/image\/"}},{"@type":"Person","@id":"https:\/\/regiaonews.net.br\/2022\/#\/schema\/person\/2d205a608a5aa97ac279d7a5e6d89ad8","name":"Roberto","image":{"@type":"ImageObject","inLanguage":"pt-BR","@id":"https:\/\/secure.gravatar.com\/avatar\/42749d8b712ff9d59ca93dc150494e5b55a44134482993f5baeb97e61b7ecc89?s=96&d=mm&r=g","url":"https:\/\/secure.gravatar.com\/avatar\/42749d8b712ff9d59ca93dc150494e5b55a44134482993f5baeb97e61b7ecc89?s=96&d=mm&r=g","contentUrl":"https:\/\/secure.gravatar.com\/avatar\/42749d8b712ff9d59ca93dc150494e5b55a44134482993f5baeb97e61b7ecc89?s=96&d=mm&r=g","caption":"Roberto"},"url":"https:\/\/regiaonews.net.br\/2022\/author\/roberto\/"}]}},"publishpress_future_action":{"enabled":false,"date":"2026-09-11 02:48:53","action":"change-status","newStatus":"draft","terms":[],"taxonomy":"category","extraData":[]},"publishpress_future_workflow_manual_trigger":{"enabledWorkflows":[]},"_links":{"self":[{"href":"https:\/\/regiaonews.net.br\/2022\/wp-json\/wp\/v2\/posts\/132482","targetHints":{"allow":["GET"]}}],"collection":[{"href":"https:\/\/regiaonews.net.br\/2022\/wp-json\/wp\/v2\/posts"}],"about":[{"href":"https:\/\/regiaonews.net.br\/2022\/wp-json\/wp\/v2\/types\/post"}],"author":[{"embeddable":true,"href":"https:\/\/regiaonews.net.br\/2022\/wp-json\/wp\/v2\/users\/2"}],"replies":[{"embeddable":true,"href":"https:\/\/regiaonews.net.br\/2022\/wp-json\/wp\/v2\/comments?post=132482"}],"version-history":[{"count":2,"href":"https:\/\/regiaonews.net.br\/2022\/wp-json\/wp\/v2\/posts\/132482\/revisions"}],"predecessor-version":[{"id":132488,"href":"https:\/\/regiaonews.net.br\/2022\/wp-json\/wp\/v2\/posts\/132482\/revisions\/132488"}],"wp:featuredmedia":[{"embeddable":true,"href":"https:\/\/regiaonews.net.br\/2022\/wp-json\/wp\/v2\/media\/132485"}],"wp:attachment":[{"href":"https:\/\/regiaonews.net.br\/2022\/wp-json\/wp\/v2\/media?parent=132482"}],"wp:term":[{"taxonomy":"category","embeddable":true,"href":"https:\/\/regiaonews.net.br\/2022\/wp-json\/wp\/v2\/categories?post=132482"},{"taxonomy":"post_tag","embeddable":true,"href":"https:\/\/regiaonews.net.br\/2022\/wp-json\/wp\/v2\/tags?post=132482"}],"curies":[{"name":"wp","href":"https:\/\/api.w.org\/{rel}","templated":true}]}}