{"id":132471,"date":"2026-09-03T18:39:53","date_gmt":"2026-09-03T21:39:53","guid":{"rendered":"https:\/\/regiaonews.net.br\/2022\/?p=132471"},"modified":"2026-09-03T18:42:16","modified_gmt":"2026-09-03T21:42:16","slug":"hospital-regional-de-bebedouro-prepara-abertura-de-10-leitos-para-atendimento-neonatal","status":"publish","type":"post","link":"https:\/\/regiaonews.net.br\/2022\/2026\/09\/hospital-regional-de-bebedouro-prepara-abertura-de-10-leitos-para-atendimento-neonatal\/","title":{"rendered":"Hospital Regional de Bebedouro prepara abertura de 10 leitos para atendimento neonatal"},"content":{"rendered":"<p>Nova estrutura tem 5 leitos de UTI Neonatal e 5 de cuidados intermedi\u00e1rios e aguarda credenciamento pelo SUS para iniciar os atendimentos<\/p>\n<p>O Hospital Regional de Bebedouro \u201cJos\u00e9 Cutrale J\u00fanior\u201d apresentou, nesta ter\u00e7a-feira, 1\u00ba de setembro, aos profissionais da unidade a estrutura que abriga o novo servi\u00e7o de atendimento neonatal. S\u00e3o 10 leitos destinados aos 5 de Unidade de Cuidado Intermedi\u00e1rio Neonatal Convencional (UCINCo).<\/p>\n<p>A nova estrutura est\u00e1 montada e equipada e passa pela fase de prepara\u00e7\u00e3o operacional, enquanto o hospital aguarda o credenciamento do servi\u00e7o junto ao Sistema \u00danico de Sa\u00fade (SUS). O processo para a habilita\u00e7\u00e3o j\u00e1 foi aberto e o HRB tem demanda regional para utiliza\u00e7\u00e3o dos novos leitos.<\/p>\n<p>Os ambientes foram preparados para atender rec\u00e9m-nascidos que necessitem de diferentes n\u00edveis de assist\u00eancia hospitalar. Os 5 leitos de UTI Neonatal s\u00e3o destinados aos beb\u00eas que precisam de cuidados intensivos, enquanto os 5 leitos de UCINCo recebem aqueles que ainda necessitam de acompanhamento hospitalar e assist\u00eancia especializada, mas apresentam condi\u00e7\u00f5es cl\u00ednicas que n\u00e3o exigem perman\u00eancia em terapia intensiva.<\/p>\n<p>A diretora do Departamento Regional de Sa\u00fade de Barretos (DRS V), Ivana Clemente Castro, participou da apresenta\u00e7\u00e3o da nova estrutura, realizada para o time interno do hospital.<\/p>\n<p>Para o diretor do Hospital Regional, Eduardo Shimoyama, a implanta\u00e7\u00e3o dos novos leitos atende a uma necessidade j\u00e1 identificada na assist\u00eancia regional. \u201cEssa estrutura com 10 leitos voltados exclusivamente ao atendimento neonatal, com equipamentos novos e espa\u00e7os adequados para receber os rec\u00e9m-nascidos que necessitem de cuidados intensivos ou intermedi\u00e1rios, atende a demanda por esse servi\u00e7o e estamos cumprindo todas as etapas necess\u00e1rias para que esses leitos possam come\u00e7ar a atender os pacientes do SUS\u201d, afirma Shimoyama.<\/p>\n<p>Al\u00e9m da nova estrutura neonatal, o Hospital Regional de Bebedouro \u201cJos\u00e9 Cutrale J\u00fanior\u201d conta atualmente com 10 leitos de UTI adulto, al\u00e9m de interna\u00e7\u00f5es cl\u00ednicas, cir\u00fargicas e pedi\u00e1tricas, atendimento obst\u00e9trico, centro cir\u00fargico, consultas em diferentes especialidades e servi\u00e7os de diagn\u00f3stico.<\/p>\n<p>O HRB \u00e9 uma unidade do Governo do Estado de S\u00e3o Paulo, com atendimento 100% pelo SUS e gest\u00e3o da Funda\u00e7\u00e3o Pio XII \u2013 Hospital de Amor desde julho de 2022, atendendo pacientes de Bebedouro e de munic\u00edpios da regi\u00e3o encaminhados pela rede p\u00fablica de sa\u00fade.<\/p>\n","protected":false},"excerpt":{"rendered":"<p>Nova estrutura tem 5 leitos de UTI Neonatal e 5 de cuidados intermedi\u00e1rios e aguarda credenciamento pelo SUS para iniciar os atendimentos O Hospital Regional&#8230;<\/p>\n","protected":false},"author":2,"featured_media":69580,"comment_status":"open","ping_status":"open","sticky":false,"template":"","format":"standard","meta":{"_themeisle_gutenberg_block_has_review":false,"footnotes":""},"categories":[30],"tags":[],"class_list":["post-132471","post","type-post","status-publish","format-standard","has-post-thumbnail","hentry","category-regiao"],"yoast_head":"<!-- This site is optimized with the Yoast SEO plugin v28.4 - https:\/\/yoast.com\/product\/yoast-seo-wordpress\/ -->\n<title>Hospital Regional de Bebedouro prepara abertura de 10 leitos para atendimento neonatal - Regi\u00e3o News<\/title>\n<meta name=\"robots\" content=\"index, follow, max-snippet:-1, max-image-preview:large, max-video-preview:-1\" \/>\n<link rel=\"canonical\" href=\"https:\/\/regiaonews.net.br\/2022\/2026\/09\/hospital-regional-de-bebedouro-prepara-abertura-de-10-leitos-para-atendimento-neonatal\/\" \/>\n<meta property=\"og:locale\" content=\"pt_BR\" \/>\n<meta property=\"og:type\" content=\"article\" \/>\n<meta property=\"og:title\" content=\"Hospital Regional de Bebedouro prepara abertura de 10 leitos para atendimento neonatal - Regi\u00e3o News\" \/>\n<meta property=\"og:description\" content=\"Nova estrutura tem 5 leitos de UTI Neonatal e 5 de cuidados intermedi\u00e1rios e aguarda credenciamento pelo SUS para iniciar os atendimentos O Hospital Regional...\" \/>\n<meta property=\"og:url\" content=\"https:\/\/regiaonews.net.br\/2022\/2026\/09\/hospital-regional-de-bebedouro-prepara-abertura-de-10-leitos-para-atendimento-neonatal\/\" \/>\n<meta property=\"og:site_name\" content=\"Regi\u00e3o News\" \/>\n<meta property=\"article:published_time\" content=\"2026-09-03T21:39:53+00:00\" \/>\n<meta property=\"article:modified_time\" content=\"2026-09-03T21:42:16+00:00\" \/>\n<meta property=\"og:image\" content=\"https:\/\/regiaonews.net.br\/2022\/wp-content\/uploads\/2022\/04\/Hospital-Bebedouro.jpg\" \/>\n\t<meta property=\"og:image:width\" content=\"599\" \/>\n\t<meta property=\"og:image:height\" content=\"392\" \/>\n\t<meta property=\"og:image:type\" content=\"image\/jpeg\" \/>\n<meta name=\"author\" content=\"Roberto\" \/>\n<meta name=\"twitter:card\" content=\"summary_large_image\" \/>\n<meta name=\"twitter:label1\" content=\"Escrito por\" \/>\n\t<meta name=\"twitter:data1\" content=\"Roberto\" \/>\n\t<meta name=\"twitter:label2\" content=\"Est. tempo de leitura\" \/>\n\t<meta name=\"twitter:data2\" content=\"3 minutos\" \/>\n<script type=\"application\/ld+json\" class=\"yoast-schema-graph\">{\"@context\":\"https:\\\/\\\/schema.org\",\"@graph\":[{\"@type\":\"Article\",\"@id\":\"https:\\\/\\\/regiaonews.net.br\\\/2022\\\/2026\\\/09\\\/hospital-regional-de-bebedouro-prepara-abertura-de-10-leitos-para-atendimento-neonatal\\\/#article\",\"isPartOf\":{\"@id\":\"https:\\\/\\\/regiaonews.net.br\\\/2022\\\/2026\\\/09\\\/hospital-regional-de-bebedouro-prepara-abertura-de-10-leitos-para-atendimento-neonatal\\\/\"},\"author\":{\"name\":\"Roberto\",\"@id\":\"https:\\\/\\\/regiaonews.net.br\\\/2022\\\/#\\\/schema\\\/person\\\/2d205a608a5aa97ac279d7a5e6d89ad8\"},\"headline\":\"Hospital Regional de Bebedouro prepara abertura de 10 leitos para atendimento neonatal\",\"datePublished\":\"2026-09-03T21:39:53+00:00\",\"dateModified\":\"2026-09-03T21:42:16+00:00\",\"mainEntityOfPage\":{\"@id\":\"https:\\\/\\\/regiaonews.net.br\\\/2022\\\/2026\\\/09\\\/hospital-regional-de-bebedouro-prepara-abertura-de-10-leitos-para-atendimento-neonatal\\\/\"},\"wordCount\":406,\"commentCount\":0,\"publisher\":{\"@id\":\"https:\\\/\\\/regiaonews.net.br\\\/2022\\\/#organization\"},\"image\":{\"@id\":\"https:\\\/\\\/regiaonews.net.br\\\/2022\\\/2026\\\/09\\\/hospital-regional-de-bebedouro-prepara-abertura-de-10-leitos-para-atendimento-neonatal\\\/#primaryimage\"},\"thumbnailUrl\":\"https:\\\/\\\/regiaonews.net.br\\\/2022\\\/wp-content\\\/uploads\\\/2022\\\/04\\\/Hospital-Bebedouro.jpg\",\"articleSection\":[\"Regi\u00e3o\"],\"inLanguage\":\"pt-BR\",\"potentialAction\":[{\"@type\":\"CommentAction\",\"name\":\"Comment\",\"target\":[\"https:\\\/\\\/regiaonews.net.br\\\/2022\\\/2026\\\/09\\\/hospital-regional-de-bebedouro-prepara-abertura-de-10-leitos-para-atendimento-neonatal\\\/#respond\"]}]},{\"@type\":\"WebPage\",\"@id\":\"https:\\\/\\\/regiaonews.net.br\\\/2022\\\/2026\\\/09\\\/hospital-regional-de-bebedouro-prepara-abertura-de-10-leitos-para-atendimento-neonatal\\\/\",\"url\":\"https:\\\/\\\/regiaonews.net.br\\\/2022\\\/2026\\\/09\\\/hospital-regional-de-bebedouro-prepara-abertura-de-10-leitos-para-atendimento-neonatal\\\/\",\"name\":\"Hospital Regional de Bebedouro prepara abertura de 10 leitos para atendimento neonatal - Regi\u00e3o News\",\"isPartOf\":{\"@id\":\"https:\\\/\\\/regiaonews.net.br\\\/2022\\\/#website\"},\"primaryImageOfPage\":{\"@id\":\"https:\\\/\\\/regiaonews.net.br\\\/2022\\\/2026\\\/09\\\/hospital-regional-de-bebedouro-prepara-abertura-de-10-leitos-para-atendimento-neonatal\\\/#primaryimage\"},\"image\":{\"@id\":\"https:\\\/\\\/regiaonews.net.br\\\/2022\\\/2026\\\/09\\\/hospital-regional-de-bebedouro-prepara-abertura-de-10-leitos-para-atendimento-neonatal\\\/#primaryimage\"},\"thumbnailUrl\":\"https:\\\/\\\/regiaonews.net.br\\\/2022\\\/wp-content\\\/uploads\\\/2022\\\/04\\\/Hospital-Bebedouro.jpg\",\"datePublished\":\"2026-09-03T21:39:53+00:00\",\"dateModified\":\"2026-09-03T21:42:16+00:00\",\"breadcrumb\":{\"@id\":\"https:\\\/\\\/regiaonews.net.br\\\/2022\\\/2026\\\/09\\\/hospital-regional-de-bebedouro-prepara-abertura-de-10-leitos-para-atendimento-neonatal\\\/#breadcrumb\"},\"inLanguage\":\"pt-BR\",\"potentialAction\":[{\"@type\":\"ReadAction\",\"target\":[\"https:\\\/\\\/regiaonews.net.br\\\/2022\\\/2026\\\/09\\\/hospital-regional-de-bebedouro-prepara-abertura-de-10-leitos-para-atendimento-neonatal\\\/\"]}]},{\"@type\":\"ImageObject\",\"inLanguage\":\"pt-BR\",\"@id\":\"https:\\\/\\\/regiaonews.net.br\\\/2022\\\/2026\\\/09\\\/hospital-regional-de-bebedouro-prepara-abertura-de-10-leitos-para-atendimento-neonatal\\\/#primaryimage\",\"url\":\"https:\\\/\\\/regiaonews.net.br\\\/2022\\\/wp-content\\\/uploads\\\/2022\\\/04\\\/Hospital-Bebedouro.jpg\",\"contentUrl\":\"https:\\\/\\\/regiaonews.net.br\\\/2022\\\/wp-content\\\/uploads\\\/2022\\\/04\\\/Hospital-Bebedouro.jpg\",\"width\":599,\"height\":392},{\"@type\":\"BreadcrumbList\",\"@id\":\"https:\\\/\\\/regiaonews.net.br\\\/2022\\\/2026\\\/09\\\/hospital-regional-de-bebedouro-prepara-abertura-de-10-leitos-para-atendimento-neonatal\\\/#breadcrumb\",\"itemListElement\":[{\"@type\":\"ListItem\",\"position\":1,\"name\":\"In\u00edcio\",\"item\":\"https:\\\/\\\/regiaonews.net.br\\\/2022\\\/\"},{\"@type\":\"ListItem\",\"position\":2,\"name\":\"Hospital Regional de Bebedouro prepara abertura de 10 leitos para atendimento neonatal\"}]},{\"@type\":\"WebSite\",\"@id\":\"https:\\\/\\\/regiaonews.net.br\\\/2022\\\/#website\",\"url\":\"https:\\\/\\\/regiaonews.net.br\\\/2022\\\/\",\"name\":\"Regi\u00e3o News\",\"description\":\"Site de Not\u00edcias de Barretos e regi\u00e3o\",\"publisher\":{\"@id\":\"https:\\\/\\\/regiaonews.net.br\\\/2022\\\/#organization\"},\"potentialAction\":[{\"@type\":\"SearchAction\",\"target\":{\"@type\":\"EntryPoint\",\"urlTemplate\":\"https:\\\/\\\/regiaonews.net.br\\\/2022\\\/?s={search_term_string}\"},\"query-input\":{\"@type\":\"PropertyValueSpecification\",\"valueRequired\":true,\"valueName\":\"search_term_string\"}}],\"inLanguage\":\"pt-BR\"},{\"@type\":\"Organization\",\"@id\":\"https:\\\/\\\/regiaonews.net.br\\\/2022\\\/#organization\",\"name\":\"Regi\u00e3o News\",\"url\":\"https:\\\/\\\/regiaonews.net.br\\\/2022\\\/\",\"logo\":{\"@type\":\"ImageObject\",\"inLanguage\":\"pt-BR\",\"@id\":\"https:\\\/\\\/regiaonews.net.br\\\/2022\\\/#\\\/schema\\\/logo\\\/image\\\/\",\"url\":\"https:\\\/\\\/regiaonews.net.br\\\/2022\\\/wp-content\\\/uploads\\\/2026\\\/08\\\/LOGO-NEW-REG-TR.png\",\"contentUrl\":\"https:\\\/\\\/regiaonews.net.br\\\/2022\\\/wp-content\\\/uploads\\\/2026\\\/08\\\/LOGO-NEW-REG-TR.png\",\"width\":360,\"height\":130,\"caption\":\"Regi\u00e3o News\"},\"image\":{\"@id\":\"https:\\\/\\\/regiaonews.net.br\\\/2022\\\/#\\\/schema\\\/logo\\\/image\\\/\"}},{\"@type\":\"Person\",\"@id\":\"https:\\\/\\\/regiaonews.net.br\\\/2022\\\/#\\\/schema\\\/person\\\/2d205a608a5aa97ac279d7a5e6d89ad8\",\"name\":\"Roberto\",\"image\":{\"@type\":\"ImageObject\",\"inLanguage\":\"pt-BR\",\"@id\":\"https:\\\/\\\/secure.gravatar.com\\\/avatar\\\/42749d8b712ff9d59ca93dc150494e5b55a44134482993f5baeb97e61b7ecc89?s=96&d=mm&r=g\",\"url\":\"https:\\\/\\\/secure.gravatar.com\\\/avatar\\\/42749d8b712ff9d59ca93dc150494e5b55a44134482993f5baeb97e61b7ecc89?s=96&d=mm&r=g\",\"contentUrl\":\"https:\\\/\\\/secure.gravatar.com\\\/avatar\\\/42749d8b712ff9d59ca93dc150494e5b55a44134482993f5baeb97e61b7ecc89?s=96&d=mm&r=g\",\"caption\":\"Roberto\"},\"url\":\"https:\\\/\\\/regiaonews.net.br\\\/2022\\\/author\\\/roberto\\\/\"}]}<\/script>\n<!-- \/ Yoast SEO plugin. -->","yoast_head_json":{"title":"Hospital Regional de Bebedouro prepara abertura de 10 leitos para atendimento neonatal - Regi\u00e3o News","robots":{"index":"index","follow":"follow","max-snippet":"max-snippet:-1","max-image-preview":"max-image-preview:large","max-video-preview":"max-video-preview:-1"},"canonical":"https:\/\/regiaonews.net.br\/2022\/2026\/09\/hospital-regional-de-bebedouro-prepara-abertura-de-10-leitos-para-atendimento-neonatal\/","og_locale":"pt_BR","og_type":"article","og_title":"Hospital Regional de Bebedouro prepara abertura de 10 leitos para atendimento neonatal - Regi\u00e3o News","og_description":"Nova estrutura tem 5 leitos de UTI Neonatal e 5 de cuidados intermedi\u00e1rios e aguarda credenciamento pelo SUS para iniciar os atendimentos O Hospital Regional...","og_url":"https:\/\/regiaonews.net.br\/2022\/2026\/09\/hospital-regional-de-bebedouro-prepara-abertura-de-10-leitos-para-atendimento-neonatal\/","og_site_name":"Regi\u00e3o News","article_published_time":"2026-09-03T21:39:53+00:00","article_modified_time":"2026-09-03T21:42:16+00:00","og_image":[{"width":599,"height":392,"url":"https:\/\/regiaonews.net.br\/2022\/wp-content\/uploads\/2022\/04\/Hospital-Bebedouro.jpg","type":"image\/jpeg"}],"author":"Roberto","twitter_card":"summary_large_image","twitter_misc":{"Escrito por":"Roberto","Est. tempo de leitura":"3 minutos"},"schema":{"@context":"https:\/\/schema.org","@graph":[{"@type":"Article","@id":"https:\/\/regiaonews.net.br\/2022\/2026\/09\/hospital-regional-de-bebedouro-prepara-abertura-de-10-leitos-para-atendimento-neonatal\/#article","isPartOf":{"@id":"https:\/\/regiaonews.net.br\/2022\/2026\/09\/hospital-regional-de-bebedouro-prepara-abertura-de-10-leitos-para-atendimento-neonatal\/"},"author":{"name":"Roberto","@id":"https:\/\/regiaonews.net.br\/2022\/#\/schema\/person\/2d205a608a5aa97ac279d7a5e6d89ad8"},"headline":"Hospital Regional de Bebedouro prepara abertura de 10 leitos para atendimento neonatal","datePublished":"2026-09-03T21:39:53+00:00","dateModified":"2026-09-03T21:42:16+00:00","mainEntityOfPage":{"@id":"https:\/\/regiaonews.net.br\/2022\/2026\/09\/hospital-regional-de-bebedouro-prepara-abertura-de-10-leitos-para-atendimento-neonatal\/"},"wordCount":406,"commentCount":0,"publisher":{"@id":"https:\/\/regiaonews.net.br\/2022\/#organization"},"image":{"@id":"https:\/\/regiaonews.net.br\/2022\/2026\/09\/hospital-regional-de-bebedouro-prepara-abertura-de-10-leitos-para-atendimento-neonatal\/#primaryimage"},"thumbnailUrl":"https:\/\/regiaonews.net.br\/2022\/wp-content\/uploads\/2022\/04\/Hospital-Bebedouro.jpg","articleSection":["Regi\u00e3o"],"inLanguage":"pt-BR","potentialAction":[{"@type":"CommentAction","name":"Comment","target":["https:\/\/regiaonews.net.br\/2022\/2026\/09\/hospital-regional-de-bebedouro-prepara-abertura-de-10-leitos-para-atendimento-neonatal\/#respond"]}]},{"@type":"WebPage","@id":"https:\/\/regiaonews.net.br\/2022\/2026\/09\/hospital-regional-de-bebedouro-prepara-abertura-de-10-leitos-para-atendimento-neonatal\/","url":"https:\/\/regiaonews.net.br\/2022\/2026\/09\/hospital-regional-de-bebedouro-prepara-abertura-de-10-leitos-para-atendimento-neonatal\/","name":"Hospital Regional de Bebedouro prepara abertura de 10 leitos para atendimento neonatal - Regi\u00e3o News","isPartOf":{"@id":"https:\/\/regiaonews.net.br\/2022\/#website"},"primaryImageOfPage":{"@id":"https:\/\/regiaonews.net.br\/2022\/2026\/09\/hospital-regional-de-bebedouro-prepara-abertura-de-10-leitos-para-atendimento-neonatal\/#primaryimage"},"image":{"@id":"https:\/\/regiaonews.net.br\/2022\/2026\/09\/hospital-regional-de-bebedouro-prepara-abertura-de-10-leitos-para-atendimento-neonatal\/#primaryimage"},"thumbnailUrl":"https:\/\/regiaonews.net.br\/2022\/wp-content\/uploads\/2022\/04\/Hospital-Bebedouro.jpg","datePublished":"2026-09-03T21:39:53+00:00","dateModified":"2026-09-03T21:42:16+00:00","breadcrumb":{"@id":"https:\/\/regiaonews.net.br\/2022\/2026\/09\/hospital-regional-de-bebedouro-prepara-abertura-de-10-leitos-para-atendimento-neonatal\/#breadcrumb"},"inLanguage":"pt-BR","potentialAction":[{"@type":"ReadAction","target":["https:\/\/regiaonews.net.br\/2022\/2026\/09\/hospital-regional-de-bebedouro-prepara-abertura-de-10-leitos-para-atendimento-neonatal\/"]}]},{"@type":"ImageObject","inLanguage":"pt-BR","@id":"https:\/\/regiaonews.net.br\/2022\/2026\/09\/hospital-regional-de-bebedouro-prepara-abertura-de-10-leitos-para-atendimento-neonatal\/#primaryimage","url":"https:\/\/regiaonews.net.br\/2022\/wp-content\/uploads\/2022\/04\/Hospital-Bebedouro.jpg","contentUrl":"https:\/\/regiaonews.net.br\/2022\/wp-content\/uploads\/2022\/04\/Hospital-Bebedouro.jpg","width":599,"height":392},{"@type":"BreadcrumbList","@id":"https:\/\/regiaonews.net.br\/2022\/2026\/09\/hospital-regional-de-bebedouro-prepara-abertura-de-10-leitos-para-atendimento-neonatal\/#breadcrumb","itemListElement":[{"@type":"ListItem","position":1,"name":"In\u00edcio","item":"https:\/\/regiaonews.net.br\/2022\/"},{"@type":"ListItem","position":2,"name":"Hospital Regional de Bebedouro prepara abertura de 10 leitos para atendimento neonatal"}]},{"@type":"WebSite","@id":"https:\/\/regiaonews.net.br\/2022\/#website","url":"https:\/\/regiaonews.net.br\/2022\/","name":"Regi\u00e3o News","description":"Site de Not\u00edcias de Barretos e regi\u00e3o","publisher":{"@id":"https:\/\/regiaonews.net.br\/2022\/#organization"},"potentialAction":[{"@type":"SearchAction","target":{"@type":"EntryPoint","urlTemplate":"https:\/\/regiaonews.net.br\/2022\/?s={search_term_string}"},"query-input":{"@type":"PropertyValueSpecification","valueRequired":true,"valueName":"search_term_string"}}],"inLanguage":"pt-BR"},{"@type":"Organization","@id":"https:\/\/regiaonews.net.br\/2022\/#organization","name":"Regi\u00e3o News","url":"https:\/\/regiaonews.net.br\/2022\/","logo":{"@type":"ImageObject","inLanguage":"pt-BR","@id":"https:\/\/regiaonews.net.br\/2022\/#\/schema\/logo\/image\/","url":"https:\/\/regiaonews.net.br\/2022\/wp-content\/uploads\/2026\/08\/LOGO-NEW-REG-TR.png","contentUrl":"https:\/\/regiaonews.net.br\/2022\/wp-content\/uploads\/2026\/08\/LOGO-NEW-REG-TR.png","width":360,"height":130,"caption":"Regi\u00e3o News"},"image":{"@id":"https:\/\/regiaonews.net.br\/2022\/#\/schema\/logo\/image\/"}},{"@type":"Person","@id":"https:\/\/regiaonews.net.br\/2022\/#\/schema\/person\/2d205a608a5aa97ac279d7a5e6d89ad8","name":"Roberto","image":{"@type":"ImageObject","inLanguage":"pt-BR","@id":"https:\/\/secure.gravatar.com\/avatar\/42749d8b712ff9d59ca93dc150494e5b55a44134482993f5baeb97e61b7ecc89?s=96&d=mm&r=g","url":"https:\/\/secure.gravatar.com\/avatar\/42749d8b712ff9d59ca93dc150494e5b55a44134482993f5baeb97e61b7ecc89?s=96&d=mm&r=g","contentUrl":"https:\/\/secure.gravatar.com\/avatar\/42749d8b712ff9d59ca93dc150494e5b55a44134482993f5baeb97e61b7ecc89?s=96&d=mm&r=g","caption":"Roberto"},"url":"https:\/\/regiaonews.net.br\/2022\/author\/roberto\/"}]}},"publishpress_future_action":{"enabled":false,"date":"2026-09-11 02:48:16","action":"change-status","newStatus":"draft","terms":[],"taxonomy":"category","extraData":[]},"publishpress_future_workflow_manual_trigger":{"enabledWorkflows":[]},"_links":{"self":[{"href":"https:\/\/regiaonews.net.br\/2022\/wp-json\/wp\/v2\/posts\/132471","targetHints":{"allow":["GET"]}}],"collection":[{"href":"https:\/\/regiaonews.net.br\/2022\/wp-json\/wp\/v2\/posts"}],"about":[{"href":"https:\/\/regiaonews.net.br\/2022\/wp-json\/wp\/v2\/types\/post"}],"author":[{"embeddable":true,"href":"https:\/\/regiaonews.net.br\/2022\/wp-json\/wp\/v2\/users\/2"}],"replies":[{"embeddable":true,"href":"https:\/\/regiaonews.net.br\/2022\/wp-json\/wp\/v2\/comments?post=132471"}],"version-history":[{"count":1,"href":"https:\/\/regiaonews.net.br\/2022\/wp-json\/wp\/v2\/posts\/132471\/revisions"}],"predecessor-version":[{"id":132472,"href":"https:\/\/regiaonews.net.br\/2022\/wp-json\/wp\/v2\/posts\/132471\/revisions\/132472"}],"wp:featuredmedia":[{"embeddable":true,"href":"https:\/\/regiaonews.net.br\/2022\/wp-json\/wp\/v2\/media\/69580"}],"wp:attachment":[{"href":"https:\/\/regiaonews.net.br\/2022\/wp-json\/wp\/v2\/media?parent=132471"}],"wp:term":[{"taxonomy":"category","embeddable":true,"href":"https:\/\/regiaonews.net.br\/2022\/wp-json\/wp\/v2\/categories?post=132471"},{"taxonomy":"post_tag","embeddable":true,"href":"https:\/\/regiaonews.net.br\/2022\/wp-json\/wp\/v2\/tags?post=132471"}],"curies":[{"name":"wp","href":"https:\/\/api.w.org\/{rel}","templated":true}]}}