{"id":132454,"date":"2026-09-03T11:55:42","date_gmt":"2026-09-03T14:55:42","guid":{"rendered":"https:\/\/regiaonews.net.br\/2022\/?p=132454"},"modified":"2026-09-03T11:56:57","modified_gmt":"2026-09-03T14:56:57","slug":"projeto-integrador-do-unifeb-transforma-tecnologia-para-orientar-descarte-correto-de-residuos-de-saude","status":"publish","type":"post","link":"https:\/\/regiaonews.net.br\/2022\/2026\/09\/projeto-integrador-do-unifeb-transforma-tecnologia-para-orientar-descarte-correto-de-residuos-de-saude\/","title":{"rendered":"Projeto Integrador do UNIFEB transforma tecnologia para orientar descarte correto de res\u00edduos de sa\u00fade"},"content":{"rendered":"<p style=\"font-weight: 400;\"><b><strong><em>EcoLogistic Digital foi desenvolvido por estudantes de Engenharia de Produ\u00e7\u00e3o do Centro Universit\u00e1rio\u00a0<\/em><\/strong><\/b><\/p>\n<p style=\"font-weight: 400;\">O descarte de medicamentos vencidos, agulhas, seringas, lancetas e outros res\u00edduos de servi\u00e7os de sa\u00fade gerados nas resid\u00eancias exige aten\u00e7\u00e3o, j\u00e1 que esses materiais podem provocar acidentes, contamina\u00e7\u00f5es e impactos ambientais quando destinados de maneira incorreta. Pensando nessa problem\u00e1tica, estudantes do curso de Engenharia de Produ\u00e7\u00e3o do UNIFEB (Centro Universit\u00e1rio da Funda\u00e7\u00e3o Educacional de Barretos) desenvolveram, durante o primeiro semestre de 2026, o EcoLogistic Digital, um chatbot voltado \u00e0 orienta\u00e7\u00e3o da popula\u00e7\u00e3o de Barretos sobre o descarte adequado desses materiais.<\/p>\n<p style=\"font-weight: 400;\">O projeto foi desenvolvido dentro da disciplina de Projeto Integrador (PI), ministrada pelo professor Marcus Vin\u00edcius Dias Dantas, engenheiro ambiental, engenheiro de seguran\u00e7a do trabalho e especialista em Sustentabilidade Empresarial. A iniciativa envolveu estudantes do 7\u00ba termo do curso, entre eles Nicolas R\u00e1tico, Natieli Fatareli Gon\u00e7alves, Marcos Vinicius da Silva Matias e Geovanne Gualter Sales da Silva.<\/p>\n<p style=\"font-weight: 400;\">Segundo o professor Marcus, a proposta surgiu a partir de uma necessidade concreta observada em sua experi\u00eancia profissional. \u201cO desafio proposto era criar um prot\u00f3tipo capaz de gerar valor para a sociedade. A tecnologia j\u00e1 estava definida e seria um chatbot, mas o problema a ser resolvido ainda precisava ser identificado. Dentro da metodologia Design Thinking, compartilhei com a equipe uma problem\u00e1tica recorrente observada em minha atua\u00e7\u00e3o profissional como engenheiro ambiental: o descarte inadequado de res\u00edduos de servi\u00e7os de sa\u00fade gerados no ambiente domiciliar\u201d, explica.<\/p>\n<p style=\"font-weight: 400;\">A partir dessa realidade, os estudantes desenvolveram uma ferramenta de orienta\u00e7\u00e3o que re\u00fane informa\u00e7\u00f5es sobre os riscos ambientais e sanit\u00e1rios relacionados a esses res\u00edduos, al\u00e9m de orienta\u00e7\u00f5es sobre segrega\u00e7\u00e3o, acondicionamento e descarte correto. O chatbot tamb\u00e9m apresenta informa\u00e7\u00f5es sobre locais adequados para a entrega desses materiais no munic\u00edpio de Barretos. \u201cO projeto surgiu devido a ser uma \u2018dor\u2019 real dos munic\u00edpios, na qual falta acesso ao conhecimento que, por consequ\u00eancia, afeta o meio ambiente e a sa\u00fade p\u00fablica\u201d, destaca Marcus.<\/p>\n<p style=\"font-weight: 400;\">O EcoLogistic Digital tamb\u00e9m apresenta informa\u00e7\u00f5es de forma simples e acess\u00edvel, com a proposta de facilitar o acesso da popula\u00e7\u00e3o \u00e0s orienta\u00e7\u00f5es. A ferramenta pode ser acessada pelo link\u00a0<a href=\"https:\/\/lnkd.in\/e2ZiE5Ur\">https:\/\/lnkd.in\/e2ZiE5Ur<\/a>\u00a0.<\/p>\n<p style=\"font-weight: 400;\">Para o professor, a experi\u00eancia tamb\u00e9m demonstra a import\u00e2ncia da forma\u00e7\u00e3o acad\u00eamica conectada \u00e0s demandas da sociedade. \u201cComo engenheiro e educador, sou um entusiasta da performance humana em criar solu\u00e7\u00f5es em prol da coletividade. Iniciativas como essa refor\u00e7am a import\u00e2ncia da conscientiza\u00e7\u00e3o ambiental e da responsabilidade compartilhada na gest\u00e3o de res\u00edduos\u201d, afirma.<\/p>\n<p style=\"font-weight: 400;\">Marcus tamb\u00e9m destaca que a discuss\u00e3o ambiental est\u00e1 diretamente relacionada aos princ\u00edpios ESG. \u201cA pauta ambiental hoje transformou-se em ESG: cuidar do meio ambiente, cuidar de pessoas e cuidar da governan\u00e7a corporativa\u201d, ressalta.<\/p>\n<p style=\"font-weight: 400;\">Al\u00e9m da contribui\u00e7\u00e3o dos estudantes, o desenvolvimento do projeto contou com a participa\u00e7\u00e3o dos profissionais Felipe Spindola e Felipe Peres, que atuaram como avaliadores e contribu\u00edram com suas experi\u00eancias e conhecimentos. O professor tamb\u00e9m agradece ao coordenador do curso de Engenharia de Produ\u00e7\u00e3o do UNIFEB, Gabriel In\u00e1cio Pontin, que atuou na institui\u00e7\u00e3o at\u00e9 o primeiro semestre deste ano, pela confian\u00e7a e apoio ao longo do semestre.<\/p>\n<p style=\"font-weight: 400;\">A proposta possui potencial de continuidade e amplia\u00e7\u00e3o. De acordo com Marcus, existe \u201ctotal potencial de escalar\u201d o projeto, ampliando o alcance da ferramenta e sua contribui\u00e7\u00e3o para a conscientiza\u00e7\u00e3o da comunidade. \u201cPequenas mudan\u00e7as de comportamento dentro das resid\u00eancias podem gerar grandes impactos positivos para a sa\u00fade p\u00fablica, para o meio ambiente e para a dignidade dos profissionais que atuam na cadeia de res\u00edduos\u201d, conclui o professor.<\/p>\n<p style=\"font-weight: 400;\">\n","protected":false},"excerpt":{"rendered":"<p>EcoLogistic Digital foi desenvolvido por estudantes de Engenharia de Produ\u00e7\u00e3o do Centro Universit\u00e1rio\u00a0 O descarte de medicamentos vencidos, agulhas, seringas, lancetas e outros res\u00edduos de&#8230;<\/p>\n","protected":false},"author":2,"featured_media":132455,"comment_status":"open","ping_status":"open","sticky":false,"template":"","format":"standard","meta":{"_themeisle_gutenberg_block_has_review":false,"footnotes":""},"categories":[14],"tags":[],"class_list":["post-132454","post","type-post","status-publish","format-standard","has-post-thumbnail","hentry","category-barretos"],"yoast_head":"<!-- This site is optimized with the Yoast SEO plugin v28.4 - https:\/\/yoast.com\/product\/yoast-seo-wordpress\/ -->\n<title>Projeto Integrador do UNIFEB transforma tecnologia para orientar descarte correto de res\u00edduos de sa\u00fade - Regi\u00e3o News<\/title>\n<meta name=\"robots\" content=\"index, follow, max-snippet:-1, max-image-preview:large, max-video-preview:-1\" \/>\n<link rel=\"canonical\" href=\"https:\/\/regiaonews.net.br\/2022\/2026\/09\/projeto-integrador-do-unifeb-transforma-tecnologia-para-orientar-descarte-correto-de-residuos-de-saude\/\" \/>\n<meta property=\"og:locale\" content=\"pt_BR\" \/>\n<meta property=\"og:type\" content=\"article\" \/>\n<meta property=\"og:title\" content=\"Projeto Integrador do UNIFEB transforma tecnologia para orientar descarte correto de res\u00edduos de sa\u00fade - Regi\u00e3o News\" \/>\n<meta property=\"og:description\" content=\"EcoLogistic Digital foi desenvolvido por estudantes de Engenharia de Produ\u00e7\u00e3o do Centro Universit\u00e1rio\u00a0 O descarte de medicamentos vencidos, agulhas, seringas, lancetas e outros res\u00edduos de...\" \/>\n<meta property=\"og:url\" content=\"https:\/\/regiaonews.net.br\/2022\/2026\/09\/projeto-integrador-do-unifeb-transforma-tecnologia-para-orientar-descarte-correto-de-residuos-de-saude\/\" \/>\n<meta property=\"og:site_name\" content=\"Regi\u00e3o News\" \/>\n<meta property=\"article:published_time\" content=\"2026-09-03T14:55:42+00:00\" \/>\n<meta property=\"article:modified_time\" content=\"2026-09-03T14:56:57+00:00\" \/>\n<meta property=\"og:image\" content=\"https:\/\/regiaonews.net.br\/2022\/wp-content\/uploads\/2026\/09\/post_3506_1.jpg\" \/>\n\t<meta property=\"og:image:width\" content=\"800\" \/>\n\t<meta property=\"og:image:height\" content=\"533\" \/>\n\t<meta property=\"og:image:type\" content=\"image\/jpeg\" \/>\n<meta name=\"author\" content=\"Roberto\" \/>\n<meta name=\"twitter:card\" content=\"summary_large_image\" \/>\n<meta name=\"twitter:label1\" content=\"Escrito por\" \/>\n\t<meta name=\"twitter:data1\" content=\"Roberto\" \/>\n\t<meta name=\"twitter:label2\" content=\"Est. tempo de leitura\" \/>\n\t<meta name=\"twitter:data2\" content=\"4 minutos\" \/>\n<script type=\"application\/ld+json\" class=\"yoast-schema-graph\">{\"@context\":\"https:\\\/\\\/schema.org\",\"@graph\":[{\"@type\":\"Article\",\"@id\":\"https:\\\/\\\/regiaonews.net.br\\\/2022\\\/2026\\\/09\\\/projeto-integrador-do-unifeb-transforma-tecnologia-para-orientar-descarte-correto-de-residuos-de-saude\\\/#article\",\"isPartOf\":{\"@id\":\"https:\\\/\\\/regiaonews.net.br\\\/2022\\\/2026\\\/09\\\/projeto-integrador-do-unifeb-transforma-tecnologia-para-orientar-descarte-correto-de-residuos-de-saude\\\/\"},\"author\":{\"name\":\"Roberto\",\"@id\":\"https:\\\/\\\/regiaonews.net.br\\\/2022\\\/#\\\/schema\\\/person\\\/2d205a608a5aa97ac279d7a5e6d89ad8\"},\"headline\":\"Projeto Integrador do UNIFEB transforma tecnologia para orientar descarte correto de res\u00edduos de sa\u00fade\",\"datePublished\":\"2026-09-03T14:55:42+00:00\",\"dateModified\":\"2026-09-03T14:56:57+00:00\",\"mainEntityOfPage\":{\"@id\":\"https:\\\/\\\/regiaonews.net.br\\\/2022\\\/2026\\\/09\\\/projeto-integrador-do-unifeb-transforma-tecnologia-para-orientar-descarte-correto-de-residuos-de-saude\\\/\"},\"wordCount\":659,\"commentCount\":0,\"publisher\":{\"@id\":\"https:\\\/\\\/regiaonews.net.br\\\/2022\\\/#organization\"},\"image\":{\"@id\":\"https:\\\/\\\/regiaonews.net.br\\\/2022\\\/2026\\\/09\\\/projeto-integrador-do-unifeb-transforma-tecnologia-para-orientar-descarte-correto-de-residuos-de-saude\\\/#primaryimage\"},\"thumbnailUrl\":\"https:\\\/\\\/regiaonews.net.br\\\/2022\\\/wp-content\\\/uploads\\\/2026\\\/09\\\/post_3506_1.jpg\",\"articleSection\":[\"Barretos\"],\"inLanguage\":\"pt-BR\",\"potentialAction\":[{\"@type\":\"CommentAction\",\"name\":\"Comment\",\"target\":[\"https:\\\/\\\/regiaonews.net.br\\\/2022\\\/2026\\\/09\\\/projeto-integrador-do-unifeb-transforma-tecnologia-para-orientar-descarte-correto-de-residuos-de-saude\\\/#respond\"]}]},{\"@type\":\"WebPage\",\"@id\":\"https:\\\/\\\/regiaonews.net.br\\\/2022\\\/2026\\\/09\\\/projeto-integrador-do-unifeb-transforma-tecnologia-para-orientar-descarte-correto-de-residuos-de-saude\\\/\",\"url\":\"https:\\\/\\\/regiaonews.net.br\\\/2022\\\/2026\\\/09\\\/projeto-integrador-do-unifeb-transforma-tecnologia-para-orientar-descarte-correto-de-residuos-de-saude\\\/\",\"name\":\"Projeto Integrador do UNIFEB transforma tecnologia para orientar descarte correto de res\u00edduos de sa\u00fade - Regi\u00e3o News\",\"isPartOf\":{\"@id\":\"https:\\\/\\\/regiaonews.net.br\\\/2022\\\/#website\"},\"primaryImageOfPage\":{\"@id\":\"https:\\\/\\\/regiaonews.net.br\\\/2022\\\/2026\\\/09\\\/projeto-integrador-do-unifeb-transforma-tecnologia-para-orientar-descarte-correto-de-residuos-de-saude\\\/#primaryimage\"},\"image\":{\"@id\":\"https:\\\/\\\/regiaonews.net.br\\\/2022\\\/2026\\\/09\\\/projeto-integrador-do-unifeb-transforma-tecnologia-para-orientar-descarte-correto-de-residuos-de-saude\\\/#primaryimage\"},\"thumbnailUrl\":\"https:\\\/\\\/regiaonews.net.br\\\/2022\\\/wp-content\\\/uploads\\\/2026\\\/09\\\/post_3506_1.jpg\",\"datePublished\":\"2026-09-03T14:55:42+00:00\",\"dateModified\":\"2026-09-03T14:56:57+00:00\",\"breadcrumb\":{\"@id\":\"https:\\\/\\\/regiaonews.net.br\\\/2022\\\/2026\\\/09\\\/projeto-integrador-do-unifeb-transforma-tecnologia-para-orientar-descarte-correto-de-residuos-de-saude\\\/#breadcrumb\"},\"inLanguage\":\"pt-BR\",\"potentialAction\":[{\"@type\":\"ReadAction\",\"target\":[\"https:\\\/\\\/regiaonews.net.br\\\/2022\\\/2026\\\/09\\\/projeto-integrador-do-unifeb-transforma-tecnologia-para-orientar-descarte-correto-de-residuos-de-saude\\\/\"]}]},{\"@type\":\"ImageObject\",\"inLanguage\":\"pt-BR\",\"@id\":\"https:\\\/\\\/regiaonews.net.br\\\/2022\\\/2026\\\/09\\\/projeto-integrador-do-unifeb-transforma-tecnologia-para-orientar-descarte-correto-de-residuos-de-saude\\\/#primaryimage\",\"url\":\"https:\\\/\\\/regiaonews.net.br\\\/2022\\\/wp-content\\\/uploads\\\/2026\\\/09\\\/post_3506_1.jpg\",\"contentUrl\":\"https:\\\/\\\/regiaonews.net.br\\\/2022\\\/wp-content\\\/uploads\\\/2026\\\/09\\\/post_3506_1.jpg\",\"width\":800,\"height\":533},{\"@type\":\"BreadcrumbList\",\"@id\":\"https:\\\/\\\/regiaonews.net.br\\\/2022\\\/2026\\\/09\\\/projeto-integrador-do-unifeb-transforma-tecnologia-para-orientar-descarte-correto-de-residuos-de-saude\\\/#breadcrumb\",\"itemListElement\":[{\"@type\":\"ListItem\",\"position\":1,\"name\":\"In\u00edcio\",\"item\":\"https:\\\/\\\/regiaonews.net.br\\\/2022\\\/\"},{\"@type\":\"ListItem\",\"position\":2,\"name\":\"Projeto Integrador do UNIFEB transforma tecnologia para orientar descarte correto de res\u00edduos de sa\u00fade\"}]},{\"@type\":\"WebSite\",\"@id\":\"https:\\\/\\\/regiaonews.net.br\\\/2022\\\/#website\",\"url\":\"https:\\\/\\\/regiaonews.net.br\\\/2022\\\/\",\"name\":\"Regi\u00e3o News\",\"description\":\"Site de Not\u00edcias de Barretos e regi\u00e3o\",\"publisher\":{\"@id\":\"https:\\\/\\\/regiaonews.net.br\\\/2022\\\/#organization\"},\"potentialAction\":[{\"@type\":\"SearchAction\",\"target\":{\"@type\":\"EntryPoint\",\"urlTemplate\":\"https:\\\/\\\/regiaonews.net.br\\\/2022\\\/?s={search_term_string}\"},\"query-input\":{\"@type\":\"PropertyValueSpecification\",\"valueRequired\":true,\"valueName\":\"search_term_string\"}}],\"inLanguage\":\"pt-BR\"},{\"@type\":\"Organization\",\"@id\":\"https:\\\/\\\/regiaonews.net.br\\\/2022\\\/#organization\",\"name\":\"Regi\u00e3o News\",\"url\":\"https:\\\/\\\/regiaonews.net.br\\\/2022\\\/\",\"logo\":{\"@type\":\"ImageObject\",\"inLanguage\":\"pt-BR\",\"@id\":\"https:\\\/\\\/regiaonews.net.br\\\/2022\\\/#\\\/schema\\\/logo\\\/image\\\/\",\"url\":\"https:\\\/\\\/regiaonews.net.br\\\/2022\\\/wp-content\\\/uploads\\\/2026\\\/08\\\/LOGO-NEW-REG-TR.png\",\"contentUrl\":\"https:\\\/\\\/regiaonews.net.br\\\/2022\\\/wp-content\\\/uploads\\\/2026\\\/08\\\/LOGO-NEW-REG-TR.png\",\"width\":360,\"height\":130,\"caption\":\"Regi\u00e3o News\"},\"image\":{\"@id\":\"https:\\\/\\\/regiaonews.net.br\\\/2022\\\/#\\\/schema\\\/logo\\\/image\\\/\"}},{\"@type\":\"Person\",\"@id\":\"https:\\\/\\\/regiaonews.net.br\\\/2022\\\/#\\\/schema\\\/person\\\/2d205a608a5aa97ac279d7a5e6d89ad8\",\"name\":\"Roberto\",\"image\":{\"@type\":\"ImageObject\",\"inLanguage\":\"pt-BR\",\"@id\":\"https:\\\/\\\/secure.gravatar.com\\\/avatar\\\/42749d8b712ff9d59ca93dc150494e5b55a44134482993f5baeb97e61b7ecc89?s=96&d=mm&r=g\",\"url\":\"https:\\\/\\\/secure.gravatar.com\\\/avatar\\\/42749d8b712ff9d59ca93dc150494e5b55a44134482993f5baeb97e61b7ecc89?s=96&d=mm&r=g\",\"contentUrl\":\"https:\\\/\\\/secure.gravatar.com\\\/avatar\\\/42749d8b712ff9d59ca93dc150494e5b55a44134482993f5baeb97e61b7ecc89?s=96&d=mm&r=g\",\"caption\":\"Roberto\"},\"url\":\"https:\\\/\\\/regiaonews.net.br\\\/2022\\\/author\\\/roberto\\\/\"}]}<\/script>\n<!-- \/ Yoast SEO plugin. -->","yoast_head_json":{"title":"Projeto Integrador do UNIFEB transforma tecnologia para orientar descarte correto de res\u00edduos de sa\u00fade - Regi\u00e3o News","robots":{"index":"index","follow":"follow","max-snippet":"max-snippet:-1","max-image-preview":"max-image-preview:large","max-video-preview":"max-video-preview:-1"},"canonical":"https:\/\/regiaonews.net.br\/2022\/2026\/09\/projeto-integrador-do-unifeb-transforma-tecnologia-para-orientar-descarte-correto-de-residuos-de-saude\/","og_locale":"pt_BR","og_type":"article","og_title":"Projeto Integrador do UNIFEB transforma tecnologia para orientar descarte correto de res\u00edduos de sa\u00fade - Regi\u00e3o News","og_description":"EcoLogistic Digital foi desenvolvido por estudantes de Engenharia de Produ\u00e7\u00e3o do Centro Universit\u00e1rio\u00a0 O descarte de medicamentos vencidos, agulhas, seringas, lancetas e outros res\u00edduos de...","og_url":"https:\/\/regiaonews.net.br\/2022\/2026\/09\/projeto-integrador-do-unifeb-transforma-tecnologia-para-orientar-descarte-correto-de-residuos-de-saude\/","og_site_name":"Regi\u00e3o News","article_published_time":"2026-09-03T14:55:42+00:00","article_modified_time":"2026-09-03T14:56:57+00:00","og_image":[{"width":800,"height":533,"url":"https:\/\/regiaonews.net.br\/2022\/wp-content\/uploads\/2026\/09\/post_3506_1.jpg","type":"image\/jpeg"}],"author":"Roberto","twitter_card":"summary_large_image","twitter_misc":{"Escrito por":"Roberto","Est. tempo de leitura":"4 minutos"},"schema":{"@context":"https:\/\/schema.org","@graph":[{"@type":"Article","@id":"https:\/\/regiaonews.net.br\/2022\/2026\/09\/projeto-integrador-do-unifeb-transforma-tecnologia-para-orientar-descarte-correto-de-residuos-de-saude\/#article","isPartOf":{"@id":"https:\/\/regiaonews.net.br\/2022\/2026\/09\/projeto-integrador-do-unifeb-transforma-tecnologia-para-orientar-descarte-correto-de-residuos-de-saude\/"},"author":{"name":"Roberto","@id":"https:\/\/regiaonews.net.br\/2022\/#\/schema\/person\/2d205a608a5aa97ac279d7a5e6d89ad8"},"headline":"Projeto Integrador do UNIFEB transforma tecnologia para orientar descarte correto de res\u00edduos de sa\u00fade","datePublished":"2026-09-03T14:55:42+00:00","dateModified":"2026-09-03T14:56:57+00:00","mainEntityOfPage":{"@id":"https:\/\/regiaonews.net.br\/2022\/2026\/09\/projeto-integrador-do-unifeb-transforma-tecnologia-para-orientar-descarte-correto-de-residuos-de-saude\/"},"wordCount":659,"commentCount":0,"publisher":{"@id":"https:\/\/regiaonews.net.br\/2022\/#organization"},"image":{"@id":"https:\/\/regiaonews.net.br\/2022\/2026\/09\/projeto-integrador-do-unifeb-transforma-tecnologia-para-orientar-descarte-correto-de-residuos-de-saude\/#primaryimage"},"thumbnailUrl":"https:\/\/regiaonews.net.br\/2022\/wp-content\/uploads\/2026\/09\/post_3506_1.jpg","articleSection":["Barretos"],"inLanguage":"pt-BR","potentialAction":[{"@type":"CommentAction","name":"Comment","target":["https:\/\/regiaonews.net.br\/2022\/2026\/09\/projeto-integrador-do-unifeb-transforma-tecnologia-para-orientar-descarte-correto-de-residuos-de-saude\/#respond"]}]},{"@type":"WebPage","@id":"https:\/\/regiaonews.net.br\/2022\/2026\/09\/projeto-integrador-do-unifeb-transforma-tecnologia-para-orientar-descarte-correto-de-residuos-de-saude\/","url":"https:\/\/regiaonews.net.br\/2022\/2026\/09\/projeto-integrador-do-unifeb-transforma-tecnologia-para-orientar-descarte-correto-de-residuos-de-saude\/","name":"Projeto Integrador do UNIFEB transforma tecnologia para orientar descarte correto de res\u00edduos de sa\u00fade - Regi\u00e3o News","isPartOf":{"@id":"https:\/\/regiaonews.net.br\/2022\/#website"},"primaryImageOfPage":{"@id":"https:\/\/regiaonews.net.br\/2022\/2026\/09\/projeto-integrador-do-unifeb-transforma-tecnologia-para-orientar-descarte-correto-de-residuos-de-saude\/#primaryimage"},"image":{"@id":"https:\/\/regiaonews.net.br\/2022\/2026\/09\/projeto-integrador-do-unifeb-transforma-tecnologia-para-orientar-descarte-correto-de-residuos-de-saude\/#primaryimage"},"thumbnailUrl":"https:\/\/regiaonews.net.br\/2022\/wp-content\/uploads\/2026\/09\/post_3506_1.jpg","datePublished":"2026-09-03T14:55:42+00:00","dateModified":"2026-09-03T14:56:57+00:00","breadcrumb":{"@id":"https:\/\/regiaonews.net.br\/2022\/2026\/09\/projeto-integrador-do-unifeb-transforma-tecnologia-para-orientar-descarte-correto-de-residuos-de-saude\/#breadcrumb"},"inLanguage":"pt-BR","potentialAction":[{"@type":"ReadAction","target":["https:\/\/regiaonews.net.br\/2022\/2026\/09\/projeto-integrador-do-unifeb-transforma-tecnologia-para-orientar-descarte-correto-de-residuos-de-saude\/"]}]},{"@type":"ImageObject","inLanguage":"pt-BR","@id":"https:\/\/regiaonews.net.br\/2022\/2026\/09\/projeto-integrador-do-unifeb-transforma-tecnologia-para-orientar-descarte-correto-de-residuos-de-saude\/#primaryimage","url":"https:\/\/regiaonews.net.br\/2022\/wp-content\/uploads\/2026\/09\/post_3506_1.jpg","contentUrl":"https:\/\/regiaonews.net.br\/2022\/wp-content\/uploads\/2026\/09\/post_3506_1.jpg","width":800,"height":533},{"@type":"BreadcrumbList","@id":"https:\/\/regiaonews.net.br\/2022\/2026\/09\/projeto-integrador-do-unifeb-transforma-tecnologia-para-orientar-descarte-correto-de-residuos-de-saude\/#breadcrumb","itemListElement":[{"@type":"ListItem","position":1,"name":"In\u00edcio","item":"https:\/\/regiaonews.net.br\/2022\/"},{"@type":"ListItem","position":2,"name":"Projeto Integrador do UNIFEB transforma tecnologia para orientar descarte correto de res\u00edduos de sa\u00fade"}]},{"@type":"WebSite","@id":"https:\/\/regiaonews.net.br\/2022\/#website","url":"https:\/\/regiaonews.net.br\/2022\/","name":"Regi\u00e3o News","description":"Site de Not\u00edcias de Barretos e regi\u00e3o","publisher":{"@id":"https:\/\/regiaonews.net.br\/2022\/#organization"},"potentialAction":[{"@type":"SearchAction","target":{"@type":"EntryPoint","urlTemplate":"https:\/\/regiaonews.net.br\/2022\/?s={search_term_string}"},"query-input":{"@type":"PropertyValueSpecification","valueRequired":true,"valueName":"search_term_string"}}],"inLanguage":"pt-BR"},{"@type":"Organization","@id":"https:\/\/regiaonews.net.br\/2022\/#organization","name":"Regi\u00e3o News","url":"https:\/\/regiaonews.net.br\/2022\/","logo":{"@type":"ImageObject","inLanguage":"pt-BR","@id":"https:\/\/regiaonews.net.br\/2022\/#\/schema\/logo\/image\/","url":"https:\/\/regiaonews.net.br\/2022\/wp-content\/uploads\/2026\/08\/LOGO-NEW-REG-TR.png","contentUrl":"https:\/\/regiaonews.net.br\/2022\/wp-content\/uploads\/2026\/08\/LOGO-NEW-REG-TR.png","width":360,"height":130,"caption":"Regi\u00e3o News"},"image":{"@id":"https:\/\/regiaonews.net.br\/2022\/#\/schema\/logo\/image\/"}},{"@type":"Person","@id":"https:\/\/regiaonews.net.br\/2022\/#\/schema\/person\/2d205a608a5aa97ac279d7a5e6d89ad8","name":"Roberto","image":{"@type":"ImageObject","inLanguage":"pt-BR","@id":"https:\/\/secure.gravatar.com\/avatar\/42749d8b712ff9d59ca93dc150494e5b55a44134482993f5baeb97e61b7ecc89?s=96&d=mm&r=g","url":"https:\/\/secure.gravatar.com\/avatar\/42749d8b712ff9d59ca93dc150494e5b55a44134482993f5baeb97e61b7ecc89?s=96&d=mm&r=g","contentUrl":"https:\/\/secure.gravatar.com\/avatar\/42749d8b712ff9d59ca93dc150494e5b55a44134482993f5baeb97e61b7ecc89?s=96&d=mm&r=g","caption":"Roberto"},"url":"https:\/\/regiaonews.net.br\/2022\/author\/roberto\/"}]}},"publishpress_future_action":{"enabled":false,"date":"2026-09-11 02:49:21","action":"change-status","newStatus":"draft","terms":[],"taxonomy":"category","extraData":[]},"publishpress_future_workflow_manual_trigger":{"enabledWorkflows":[]},"_links":{"self":[{"href":"https:\/\/regiaonews.net.br\/2022\/wp-json\/wp\/v2\/posts\/132454","targetHints":{"allow":["GET"]}}],"collection":[{"href":"https:\/\/regiaonews.net.br\/2022\/wp-json\/wp\/v2\/posts"}],"about":[{"href":"https:\/\/regiaonews.net.br\/2022\/wp-json\/wp\/v2\/types\/post"}],"author":[{"embeddable":true,"href":"https:\/\/regiaonews.net.br\/2022\/wp-json\/wp\/v2\/users\/2"}],"replies":[{"embeddable":true,"href":"https:\/\/regiaonews.net.br\/2022\/wp-json\/wp\/v2\/comments?post=132454"}],"version-history":[{"count":1,"href":"https:\/\/regiaonews.net.br\/2022\/wp-json\/wp\/v2\/posts\/132454\/revisions"}],"predecessor-version":[{"id":132456,"href":"https:\/\/regiaonews.net.br\/2022\/wp-json\/wp\/v2\/posts\/132454\/revisions\/132456"}],"wp:featuredmedia":[{"embeddable":true,"href":"https:\/\/regiaonews.net.br\/2022\/wp-json\/wp\/v2\/media\/132455"}],"wp:attachment":[{"href":"https:\/\/regiaonews.net.br\/2022\/wp-json\/wp\/v2\/media?parent=132454"}],"wp:term":[{"taxonomy":"category","embeddable":true,"href":"https:\/\/regiaonews.net.br\/2022\/wp-json\/wp\/v2\/categories?post=132454"},{"taxonomy":"post_tag","embeddable":true,"href":"https:\/\/regiaonews.net.br\/2022\/wp-json\/wp\/v2\/tags?post=132454"}],"curies":[{"name":"wp","href":"https:\/\/api.w.org\/{rel}","templated":true}]}}