{"id":132449,"date":"2026-09-03T11:48:01","date_gmt":"2026-09-03T14:48:01","guid":{"rendered":"https:\/\/regiaonews.net.br\/2022\/?p=132449"},"modified":"2026-09-03T11:52:54","modified_gmt":"2026-09-03T14:52:54","slug":"novo-espaco-amplia-estrutura-para-atendimento-de-criancas-jovens-idosos-e-familias-em-situacao-de-vulnerabilidade-social","status":"publish","type":"post","link":"https:\/\/regiaonews.net.br\/2022\/2026\/09\/novo-espaco-amplia-estrutura-para-atendimento-de-criancas-jovens-idosos-e-familias-em-situacao-de-vulnerabilidade-social\/","title":{"rendered":"Instituto Valorize reinaugura unidade no San Diego II nesta sexta-feira"},"content":{"rendered":"<p>Foto &#8211; J\u00e2nio Munhoz<\/p>\n<p>O Instituto Valorize reinaugura nesta sexta-feira (4), \u00e0s 10h, sua nova unidade em Barretos. O espa\u00e7o est\u00e1 instalado na Rua Jan 18 Geni de Souza Ferreira, n\u00ba 39, no bairro San Diego II.<br \/>\nA cerim\u00f4nia contar\u00e1 com a participa\u00e7\u00e3o de autoridades, familiares dos assistidos e moradores dos bairros Jardim Anast\u00e1cio e San Diego. A institui\u00e7\u00e3o tamb\u00e9m convida a comunidade para conhecer as novas instala\u00e7\u00f5es e acompanhar o in\u00edcio das atividades no endere\u00e7o.<br \/>\nEntidade filantr\u00f3pica sem fins lucrativos, o Instituto Valorize atua no atendimento a fam\u00edlias, crian\u00e7as, jovens e idosos em situa\u00e7\u00e3o de vulnerabilidade social. Entre as a\u00e7\u00f5es desenvolvidas est\u00e3o oficinas, atividades socioeducativas e acompanhamento voltado aos diferentes p\u00fablicos atendidos.<br \/>\nDe acordo com o presidente do Instituto Valorize, Anderson de Souza Alves, a entidade busca ampliar o atendimento e fortalecer as a\u00e7\u00f5es sociais desenvolvidas nos bairros onde atua. Os projetos contam com recursos dos governos estadual e municipal.<\/p>\n<p>ATENDIMENTO<br \/>\nEntre as atividades destinadas a crian\u00e7as e jovens est\u00e3o a escolinha de futsal, oficinas de capoeira e din\u00e2micas pedag\u00f3gicas, al\u00e9m das a\u00e7\u00f5es de acolhimento e conviv\u00eancia.<br \/>\nPara os idosos, o Instituto oferece atividades f\u00edsicas, gin\u00e1stica adaptada, caminhadas, aulas de artesanato e din\u00e2micas de grupo. A institui\u00e7\u00e3o tamb\u00e9m disponibiliza apoio psicossocial e acompanhamento de assistentes sociais.<br \/>\nCom a mudan\u00e7a para a nova unidade, o Instituto Valorize passa a concentrar suas atividades em um espa\u00e7o com maior estrutura para o desenvolvimento dos projetos e atendimento \u00e0 comunidade.<\/p>\n","protected":false},"excerpt":{"rendered":"<p>Foto &#8211; J\u00e2nio Munhoz O Instituto Valorize reinaugura nesta sexta-feira (4), \u00e0s 10h, sua nova unidade em Barretos. O espa\u00e7o est\u00e1 instalado na Rua Jan&#8230;<\/p>\n","protected":false},"author":2,"featured_media":132450,"comment_status":"open","ping_status":"open","sticky":false,"template":"","format":"standard","meta":{"_themeisle_gutenberg_block_has_review":false,"footnotes":""},"categories":[14],"tags":[],"class_list":["post-132449","post","type-post","status-publish","format-standard","has-post-thumbnail","hentry","category-barretos"],"yoast_head":"<!-- This site is optimized with the Yoast SEO plugin v28.4 - https:\/\/yoast.com\/product\/yoast-seo-wordpress\/ -->\n<title>Instituto Valorize reinaugura unidade no San Diego II nesta sexta-feira - Regi\u00e3o News<\/title>\n<meta name=\"robots\" content=\"index, follow, max-snippet:-1, max-image-preview:large, max-video-preview:-1\" \/>\n<link rel=\"canonical\" href=\"https:\/\/regiaonews.net.br\/2022\/2026\/09\/novo-espaco-amplia-estrutura-para-atendimento-de-criancas-jovens-idosos-e-familias-em-situacao-de-vulnerabilidade-social\/\" \/>\n<meta property=\"og:locale\" content=\"pt_BR\" \/>\n<meta property=\"og:type\" content=\"article\" \/>\n<meta property=\"og:title\" content=\"Instituto Valorize reinaugura unidade no San Diego II nesta sexta-feira - Regi\u00e3o News\" \/>\n<meta property=\"og:description\" content=\"Foto &#8211; J\u00e2nio Munhoz O Instituto Valorize reinaugura nesta sexta-feira (4), \u00e0s 10h, sua nova unidade em Barretos. O espa\u00e7o est\u00e1 instalado na Rua Jan...\" \/>\n<meta property=\"og:url\" content=\"https:\/\/regiaonews.net.br\/2022\/2026\/09\/novo-espaco-amplia-estrutura-para-atendimento-de-criancas-jovens-idosos-e-familias-em-situacao-de-vulnerabilidade-social\/\" \/>\n<meta property=\"og:site_name\" content=\"Regi\u00e3o News\" \/>\n<meta property=\"article:published_time\" content=\"2026-09-03T14:48:01+00:00\" \/>\n<meta property=\"article:modified_time\" content=\"2026-09-03T14:52:54+00:00\" \/>\n<meta property=\"og:image\" content=\"https:\/\/regiaonews.net.br\/2022\/wp-content\/uploads\/2026\/09\/WhatsApp-Image-2026-09-02-at-08.42.55.jpeg\" \/>\n\t<meta property=\"og:image:width\" content=\"1600\" \/>\n\t<meta property=\"og:image:height\" content=\"897\" \/>\n\t<meta property=\"og:image:type\" content=\"image\/jpeg\" \/>\n<meta name=\"author\" content=\"Roberto\" \/>\n<meta name=\"twitter:card\" content=\"summary_large_image\" \/>\n<meta name=\"twitter:label1\" content=\"Escrito por\" \/>\n\t<meta name=\"twitter:data1\" content=\"Roberto\" \/>\n\t<meta name=\"twitter:label2\" content=\"Est. tempo de leitura\" \/>\n\t<meta name=\"twitter:data2\" content=\"2 minutos\" \/>\n<script type=\"application\/ld+json\" class=\"yoast-schema-graph\">{\"@context\":\"https:\\\/\\\/schema.org\",\"@graph\":[{\"@type\":\"Article\",\"@id\":\"https:\\\/\\\/regiaonews.net.br\\\/2022\\\/2026\\\/09\\\/novo-espaco-amplia-estrutura-para-atendimento-de-criancas-jovens-idosos-e-familias-em-situacao-de-vulnerabilidade-social\\\/#article\",\"isPartOf\":{\"@id\":\"https:\\\/\\\/regiaonews.net.br\\\/2022\\\/2026\\\/09\\\/novo-espaco-amplia-estrutura-para-atendimento-de-criancas-jovens-idosos-e-familias-em-situacao-de-vulnerabilidade-social\\\/\"},\"author\":{\"name\":\"Roberto\",\"@id\":\"https:\\\/\\\/regiaonews.net.br\\\/2022\\\/#\\\/schema\\\/person\\\/2d205a608a5aa97ac279d7a5e6d89ad8\"},\"headline\":\"Instituto Valorize reinaugura unidade no San Diego II nesta sexta-feira\",\"datePublished\":\"2026-09-03T14:48:01+00:00\",\"dateModified\":\"2026-09-03T14:52:54+00:00\",\"mainEntityOfPage\":{\"@id\":\"https:\\\/\\\/regiaonews.net.br\\\/2022\\\/2026\\\/09\\\/novo-espaco-amplia-estrutura-para-atendimento-de-criancas-jovens-idosos-e-familias-em-situacao-de-vulnerabilidade-social\\\/\"},\"wordCount\":275,\"commentCount\":0,\"publisher\":{\"@id\":\"https:\\\/\\\/regiaonews.net.br\\\/2022\\\/#organization\"},\"image\":{\"@id\":\"https:\\\/\\\/regiaonews.net.br\\\/2022\\\/2026\\\/09\\\/novo-espaco-amplia-estrutura-para-atendimento-de-criancas-jovens-idosos-e-familias-em-situacao-de-vulnerabilidade-social\\\/#primaryimage\"},\"thumbnailUrl\":\"https:\\\/\\\/regiaonews.net.br\\\/2022\\\/wp-content\\\/uploads\\\/2026\\\/09\\\/WhatsApp-Image-2026-09-02-at-08.42.55.jpeg\",\"articleSection\":[\"Barretos\"],\"inLanguage\":\"pt-BR\",\"potentialAction\":[{\"@type\":\"CommentAction\",\"name\":\"Comment\",\"target\":[\"https:\\\/\\\/regiaonews.net.br\\\/2022\\\/2026\\\/09\\\/novo-espaco-amplia-estrutura-para-atendimento-de-criancas-jovens-idosos-e-familias-em-situacao-de-vulnerabilidade-social\\\/#respond\"]}]},{\"@type\":\"WebPage\",\"@id\":\"https:\\\/\\\/regiaonews.net.br\\\/2022\\\/2026\\\/09\\\/novo-espaco-amplia-estrutura-para-atendimento-de-criancas-jovens-idosos-e-familias-em-situacao-de-vulnerabilidade-social\\\/\",\"url\":\"https:\\\/\\\/regiaonews.net.br\\\/2022\\\/2026\\\/09\\\/novo-espaco-amplia-estrutura-para-atendimento-de-criancas-jovens-idosos-e-familias-em-situacao-de-vulnerabilidade-social\\\/\",\"name\":\"Instituto Valorize reinaugura unidade no San Diego II nesta sexta-feira - Regi\u00e3o News\",\"isPartOf\":{\"@id\":\"https:\\\/\\\/regiaonews.net.br\\\/2022\\\/#website\"},\"primaryImageOfPage\":{\"@id\":\"https:\\\/\\\/regiaonews.net.br\\\/2022\\\/2026\\\/09\\\/novo-espaco-amplia-estrutura-para-atendimento-de-criancas-jovens-idosos-e-familias-em-situacao-de-vulnerabilidade-social\\\/#primaryimage\"},\"image\":{\"@id\":\"https:\\\/\\\/regiaonews.net.br\\\/2022\\\/2026\\\/09\\\/novo-espaco-amplia-estrutura-para-atendimento-de-criancas-jovens-idosos-e-familias-em-situacao-de-vulnerabilidade-social\\\/#primaryimage\"},\"thumbnailUrl\":\"https:\\\/\\\/regiaonews.net.br\\\/2022\\\/wp-content\\\/uploads\\\/2026\\\/09\\\/WhatsApp-Image-2026-09-02-at-08.42.55.jpeg\",\"datePublished\":\"2026-09-03T14:48:01+00:00\",\"dateModified\":\"2026-09-03T14:52:54+00:00\",\"breadcrumb\":{\"@id\":\"https:\\\/\\\/regiaonews.net.br\\\/2022\\\/2026\\\/09\\\/novo-espaco-amplia-estrutura-para-atendimento-de-criancas-jovens-idosos-e-familias-em-situacao-de-vulnerabilidade-social\\\/#breadcrumb\"},\"inLanguage\":\"pt-BR\",\"potentialAction\":[{\"@type\":\"ReadAction\",\"target\":[\"https:\\\/\\\/regiaonews.net.br\\\/2022\\\/2026\\\/09\\\/novo-espaco-amplia-estrutura-para-atendimento-de-criancas-jovens-idosos-e-familias-em-situacao-de-vulnerabilidade-social\\\/\"]}]},{\"@type\":\"ImageObject\",\"inLanguage\":\"pt-BR\",\"@id\":\"https:\\\/\\\/regiaonews.net.br\\\/2022\\\/2026\\\/09\\\/novo-espaco-amplia-estrutura-para-atendimento-de-criancas-jovens-idosos-e-familias-em-situacao-de-vulnerabilidade-social\\\/#primaryimage\",\"url\":\"https:\\\/\\\/regiaonews.net.br\\\/2022\\\/wp-content\\\/uploads\\\/2026\\\/09\\\/WhatsApp-Image-2026-09-02-at-08.42.55.jpeg\",\"contentUrl\":\"https:\\\/\\\/regiaonews.net.br\\\/2022\\\/wp-content\\\/uploads\\\/2026\\\/09\\\/WhatsApp-Image-2026-09-02-at-08.42.55.jpeg\",\"width\":1600,\"height\":897},{\"@type\":\"BreadcrumbList\",\"@id\":\"https:\\\/\\\/regiaonews.net.br\\\/2022\\\/2026\\\/09\\\/novo-espaco-amplia-estrutura-para-atendimento-de-criancas-jovens-idosos-e-familias-em-situacao-de-vulnerabilidade-social\\\/#breadcrumb\",\"itemListElement\":[{\"@type\":\"ListItem\",\"position\":1,\"name\":\"In\u00edcio\",\"item\":\"https:\\\/\\\/regiaonews.net.br\\\/2022\\\/\"},{\"@type\":\"ListItem\",\"position\":2,\"name\":\"Instituto Valorize reinaugura unidade no San Diego II nesta sexta-feira\"}]},{\"@type\":\"WebSite\",\"@id\":\"https:\\\/\\\/regiaonews.net.br\\\/2022\\\/#website\",\"url\":\"https:\\\/\\\/regiaonews.net.br\\\/2022\\\/\",\"name\":\"Regi\u00e3o News\",\"description\":\"Site de Not\u00edcias de Barretos e regi\u00e3o\",\"publisher\":{\"@id\":\"https:\\\/\\\/regiaonews.net.br\\\/2022\\\/#organization\"},\"potentialAction\":[{\"@type\":\"SearchAction\",\"target\":{\"@type\":\"EntryPoint\",\"urlTemplate\":\"https:\\\/\\\/regiaonews.net.br\\\/2022\\\/?s={search_term_string}\"},\"query-input\":{\"@type\":\"PropertyValueSpecification\",\"valueRequired\":true,\"valueName\":\"search_term_string\"}}],\"inLanguage\":\"pt-BR\"},{\"@type\":\"Organization\",\"@id\":\"https:\\\/\\\/regiaonews.net.br\\\/2022\\\/#organization\",\"name\":\"Regi\u00e3o News\",\"url\":\"https:\\\/\\\/regiaonews.net.br\\\/2022\\\/\",\"logo\":{\"@type\":\"ImageObject\",\"inLanguage\":\"pt-BR\",\"@id\":\"https:\\\/\\\/regiaonews.net.br\\\/2022\\\/#\\\/schema\\\/logo\\\/image\\\/\",\"url\":\"https:\\\/\\\/regiaonews.net.br\\\/2022\\\/wp-content\\\/uploads\\\/2026\\\/08\\\/LOGO-NEW-REG-TR.png\",\"contentUrl\":\"https:\\\/\\\/regiaonews.net.br\\\/2022\\\/wp-content\\\/uploads\\\/2026\\\/08\\\/LOGO-NEW-REG-TR.png\",\"width\":360,\"height\":130,\"caption\":\"Regi\u00e3o News\"},\"image\":{\"@id\":\"https:\\\/\\\/regiaonews.net.br\\\/2022\\\/#\\\/schema\\\/logo\\\/image\\\/\"}},{\"@type\":\"Person\",\"@id\":\"https:\\\/\\\/regiaonews.net.br\\\/2022\\\/#\\\/schema\\\/person\\\/2d205a608a5aa97ac279d7a5e6d89ad8\",\"name\":\"Roberto\",\"image\":{\"@type\":\"ImageObject\",\"inLanguage\":\"pt-BR\",\"@id\":\"https:\\\/\\\/secure.gravatar.com\\\/avatar\\\/42749d8b712ff9d59ca93dc150494e5b55a44134482993f5baeb97e61b7ecc89?s=96&d=mm&r=g\",\"url\":\"https:\\\/\\\/secure.gravatar.com\\\/avatar\\\/42749d8b712ff9d59ca93dc150494e5b55a44134482993f5baeb97e61b7ecc89?s=96&d=mm&r=g\",\"contentUrl\":\"https:\\\/\\\/secure.gravatar.com\\\/avatar\\\/42749d8b712ff9d59ca93dc150494e5b55a44134482993f5baeb97e61b7ecc89?s=96&d=mm&r=g\",\"caption\":\"Roberto\"},\"url\":\"https:\\\/\\\/regiaonews.net.br\\\/2022\\\/author\\\/roberto\\\/\"}]}<\/script>\n<!-- \/ Yoast SEO plugin. -->","yoast_head_json":{"title":"Instituto Valorize reinaugura unidade no San Diego II nesta sexta-feira - Regi\u00e3o News","robots":{"index":"index","follow":"follow","max-snippet":"max-snippet:-1","max-image-preview":"max-image-preview:large","max-video-preview":"max-video-preview:-1"},"canonical":"https:\/\/regiaonews.net.br\/2022\/2026\/09\/novo-espaco-amplia-estrutura-para-atendimento-de-criancas-jovens-idosos-e-familias-em-situacao-de-vulnerabilidade-social\/","og_locale":"pt_BR","og_type":"article","og_title":"Instituto Valorize reinaugura unidade no San Diego II nesta sexta-feira - Regi\u00e3o News","og_description":"Foto &#8211; J\u00e2nio Munhoz O Instituto Valorize reinaugura nesta sexta-feira (4), \u00e0s 10h, sua nova unidade em Barretos. O espa\u00e7o est\u00e1 instalado na Rua Jan...","og_url":"https:\/\/regiaonews.net.br\/2022\/2026\/09\/novo-espaco-amplia-estrutura-para-atendimento-de-criancas-jovens-idosos-e-familias-em-situacao-de-vulnerabilidade-social\/","og_site_name":"Regi\u00e3o News","article_published_time":"2026-09-03T14:48:01+00:00","article_modified_time":"2026-09-03T14:52:54+00:00","og_image":[{"width":1600,"height":897,"url":"https:\/\/regiaonews.net.br\/2022\/wp-content\/uploads\/2026\/09\/WhatsApp-Image-2026-09-02-at-08.42.55.jpeg","type":"image\/jpeg"}],"author":"Roberto","twitter_card":"summary_large_image","twitter_misc":{"Escrito por":"Roberto","Est. tempo de leitura":"2 minutos"},"schema":{"@context":"https:\/\/schema.org","@graph":[{"@type":"Article","@id":"https:\/\/regiaonews.net.br\/2022\/2026\/09\/novo-espaco-amplia-estrutura-para-atendimento-de-criancas-jovens-idosos-e-familias-em-situacao-de-vulnerabilidade-social\/#article","isPartOf":{"@id":"https:\/\/regiaonews.net.br\/2022\/2026\/09\/novo-espaco-amplia-estrutura-para-atendimento-de-criancas-jovens-idosos-e-familias-em-situacao-de-vulnerabilidade-social\/"},"author":{"name":"Roberto","@id":"https:\/\/regiaonews.net.br\/2022\/#\/schema\/person\/2d205a608a5aa97ac279d7a5e6d89ad8"},"headline":"Instituto Valorize reinaugura unidade no San Diego II nesta sexta-feira","datePublished":"2026-09-03T14:48:01+00:00","dateModified":"2026-09-03T14:52:54+00:00","mainEntityOfPage":{"@id":"https:\/\/regiaonews.net.br\/2022\/2026\/09\/novo-espaco-amplia-estrutura-para-atendimento-de-criancas-jovens-idosos-e-familias-em-situacao-de-vulnerabilidade-social\/"},"wordCount":275,"commentCount":0,"publisher":{"@id":"https:\/\/regiaonews.net.br\/2022\/#organization"},"image":{"@id":"https:\/\/regiaonews.net.br\/2022\/2026\/09\/novo-espaco-amplia-estrutura-para-atendimento-de-criancas-jovens-idosos-e-familias-em-situacao-de-vulnerabilidade-social\/#primaryimage"},"thumbnailUrl":"https:\/\/regiaonews.net.br\/2022\/wp-content\/uploads\/2026\/09\/WhatsApp-Image-2026-09-02-at-08.42.55.jpeg","articleSection":["Barretos"],"inLanguage":"pt-BR","potentialAction":[{"@type":"CommentAction","name":"Comment","target":["https:\/\/regiaonews.net.br\/2022\/2026\/09\/novo-espaco-amplia-estrutura-para-atendimento-de-criancas-jovens-idosos-e-familias-em-situacao-de-vulnerabilidade-social\/#respond"]}]},{"@type":"WebPage","@id":"https:\/\/regiaonews.net.br\/2022\/2026\/09\/novo-espaco-amplia-estrutura-para-atendimento-de-criancas-jovens-idosos-e-familias-em-situacao-de-vulnerabilidade-social\/","url":"https:\/\/regiaonews.net.br\/2022\/2026\/09\/novo-espaco-amplia-estrutura-para-atendimento-de-criancas-jovens-idosos-e-familias-em-situacao-de-vulnerabilidade-social\/","name":"Instituto Valorize reinaugura unidade no San Diego II nesta sexta-feira - Regi\u00e3o News","isPartOf":{"@id":"https:\/\/regiaonews.net.br\/2022\/#website"},"primaryImageOfPage":{"@id":"https:\/\/regiaonews.net.br\/2022\/2026\/09\/novo-espaco-amplia-estrutura-para-atendimento-de-criancas-jovens-idosos-e-familias-em-situacao-de-vulnerabilidade-social\/#primaryimage"},"image":{"@id":"https:\/\/regiaonews.net.br\/2022\/2026\/09\/novo-espaco-amplia-estrutura-para-atendimento-de-criancas-jovens-idosos-e-familias-em-situacao-de-vulnerabilidade-social\/#primaryimage"},"thumbnailUrl":"https:\/\/regiaonews.net.br\/2022\/wp-content\/uploads\/2026\/09\/WhatsApp-Image-2026-09-02-at-08.42.55.jpeg","datePublished":"2026-09-03T14:48:01+00:00","dateModified":"2026-09-03T14:52:54+00:00","breadcrumb":{"@id":"https:\/\/regiaonews.net.br\/2022\/2026\/09\/novo-espaco-amplia-estrutura-para-atendimento-de-criancas-jovens-idosos-e-familias-em-situacao-de-vulnerabilidade-social\/#breadcrumb"},"inLanguage":"pt-BR","potentialAction":[{"@type":"ReadAction","target":["https:\/\/regiaonews.net.br\/2022\/2026\/09\/novo-espaco-amplia-estrutura-para-atendimento-de-criancas-jovens-idosos-e-familias-em-situacao-de-vulnerabilidade-social\/"]}]},{"@type":"ImageObject","inLanguage":"pt-BR","@id":"https:\/\/regiaonews.net.br\/2022\/2026\/09\/novo-espaco-amplia-estrutura-para-atendimento-de-criancas-jovens-idosos-e-familias-em-situacao-de-vulnerabilidade-social\/#primaryimage","url":"https:\/\/regiaonews.net.br\/2022\/wp-content\/uploads\/2026\/09\/WhatsApp-Image-2026-09-02-at-08.42.55.jpeg","contentUrl":"https:\/\/regiaonews.net.br\/2022\/wp-content\/uploads\/2026\/09\/WhatsApp-Image-2026-09-02-at-08.42.55.jpeg","width":1600,"height":897},{"@type":"BreadcrumbList","@id":"https:\/\/regiaonews.net.br\/2022\/2026\/09\/novo-espaco-amplia-estrutura-para-atendimento-de-criancas-jovens-idosos-e-familias-em-situacao-de-vulnerabilidade-social\/#breadcrumb","itemListElement":[{"@type":"ListItem","position":1,"name":"In\u00edcio","item":"https:\/\/regiaonews.net.br\/2022\/"},{"@type":"ListItem","position":2,"name":"Instituto Valorize reinaugura unidade no San Diego II nesta sexta-feira"}]},{"@type":"WebSite","@id":"https:\/\/regiaonews.net.br\/2022\/#website","url":"https:\/\/regiaonews.net.br\/2022\/","name":"Regi\u00e3o News","description":"Site de Not\u00edcias de Barretos e regi\u00e3o","publisher":{"@id":"https:\/\/regiaonews.net.br\/2022\/#organization"},"potentialAction":[{"@type":"SearchAction","target":{"@type":"EntryPoint","urlTemplate":"https:\/\/regiaonews.net.br\/2022\/?s={search_term_string}"},"query-input":{"@type":"PropertyValueSpecification","valueRequired":true,"valueName":"search_term_string"}}],"inLanguage":"pt-BR"},{"@type":"Organization","@id":"https:\/\/regiaonews.net.br\/2022\/#organization","name":"Regi\u00e3o News","url":"https:\/\/regiaonews.net.br\/2022\/","logo":{"@type":"ImageObject","inLanguage":"pt-BR","@id":"https:\/\/regiaonews.net.br\/2022\/#\/schema\/logo\/image\/","url":"https:\/\/regiaonews.net.br\/2022\/wp-content\/uploads\/2026\/08\/LOGO-NEW-REG-TR.png","contentUrl":"https:\/\/regiaonews.net.br\/2022\/wp-content\/uploads\/2026\/08\/LOGO-NEW-REG-TR.png","width":360,"height":130,"caption":"Regi\u00e3o News"},"image":{"@id":"https:\/\/regiaonews.net.br\/2022\/#\/schema\/logo\/image\/"}},{"@type":"Person","@id":"https:\/\/regiaonews.net.br\/2022\/#\/schema\/person\/2d205a608a5aa97ac279d7a5e6d89ad8","name":"Roberto","image":{"@type":"ImageObject","inLanguage":"pt-BR","@id":"https:\/\/secure.gravatar.com\/avatar\/42749d8b712ff9d59ca93dc150494e5b55a44134482993f5baeb97e61b7ecc89?s=96&d=mm&r=g","url":"https:\/\/secure.gravatar.com\/avatar\/42749d8b712ff9d59ca93dc150494e5b55a44134482993f5baeb97e61b7ecc89?s=96&d=mm&r=g","contentUrl":"https:\/\/secure.gravatar.com\/avatar\/42749d8b712ff9d59ca93dc150494e5b55a44134482993f5baeb97e61b7ecc89?s=96&d=mm&r=g","caption":"Roberto"},"url":"https:\/\/regiaonews.net.br\/2022\/author\/roberto\/"}]}},"publishpress_future_action":{"enabled":false,"date":"2026-09-11 02:49:08","action":"change-status","newStatus":"draft","terms":[],"taxonomy":"category","extraData":[]},"publishpress_future_workflow_manual_trigger":{"enabledWorkflows":[]},"_links":{"self":[{"href":"https:\/\/regiaonews.net.br\/2022\/wp-json\/wp\/v2\/posts\/132449","targetHints":{"allow":["GET"]}}],"collection":[{"href":"https:\/\/regiaonews.net.br\/2022\/wp-json\/wp\/v2\/posts"}],"about":[{"href":"https:\/\/regiaonews.net.br\/2022\/wp-json\/wp\/v2\/types\/post"}],"author":[{"embeddable":true,"href":"https:\/\/regiaonews.net.br\/2022\/wp-json\/wp\/v2\/users\/2"}],"replies":[{"embeddable":true,"href":"https:\/\/regiaonews.net.br\/2022\/wp-json\/wp\/v2\/comments?post=132449"}],"version-history":[{"count":3,"href":"https:\/\/regiaonews.net.br\/2022\/wp-json\/wp\/v2\/posts\/132449\/revisions"}],"predecessor-version":[{"id":132453,"href":"https:\/\/regiaonews.net.br\/2022\/wp-json\/wp\/v2\/posts\/132449\/revisions\/132453"}],"wp:featuredmedia":[{"embeddable":true,"href":"https:\/\/regiaonews.net.br\/2022\/wp-json\/wp\/v2\/media\/132450"}],"wp:attachment":[{"href":"https:\/\/regiaonews.net.br\/2022\/wp-json\/wp\/v2\/media?parent=132449"}],"wp:term":[{"taxonomy":"category","embeddable":true,"href":"https:\/\/regiaonews.net.br\/2022\/wp-json\/wp\/v2\/categories?post=132449"},{"taxonomy":"post_tag","embeddable":true,"href":"https:\/\/regiaonews.net.br\/2022\/wp-json\/wp\/v2\/tags?post=132449"}],"curies":[{"name":"wp","href":"https:\/\/api.w.org\/{rel}","templated":true}]}}