{"id":132427,"date":"2026-09-02T19:26:46","date_gmt":"2026-09-02T22:26:46","guid":{"rendered":"https:\/\/regiaonews.net.br\/2022\/?p=132427"},"modified":"2026-09-02T20:58:56","modified_gmt":"2026-09-02T23:58:56","slug":"policia-civil-encerra-primeira-edicao-do-projeto-pedalando-pelo-respeito-em-barretos","status":"publish","type":"post","link":"https:\/\/regiaonews.net.br\/2022\/2026\/09\/policia-civil-encerra-primeira-edicao-do-projeto-pedalando-pelo-respeito-em-barretos\/","title":{"rendered":"Pol\u00edcia Civil encerra primeira edi\u00e7\u00e3o do projeto Pedalando Pelo Respeito em Barretos"},"content":{"rendered":"<p>A Pol\u00edcia Civil, por meio da Delegacia de Defesa da Mulher de Barretos, encerrou, no \u00faltimo dia 31 de agosto, a primeira edi\u00e7\u00e3o do Projeto Pedalando Pelo Respeito, iniciativa realizada em alus\u00e3o ao Agosto Lil\u00e1s. A cerim\u00f4nia de encerramento e entrega das premia\u00e7\u00f5es aconteceu \u00e0s 19h, no North Shopping Barretos.<\/p>\n<p>O projeto levou aos estudantes de quatro escolas da rede p\u00fablica informa\u00e7\u00f5es e reflex\u00f5es sobre a Lei Maria da Penha e a preven\u00e7\u00e3o da viol\u00eancia contra a mulher. Ap\u00f3s as capacita\u00e7\u00f5es, os alunos produziram reda\u00e7\u00f5es sobre o tema, que foram avaliadas e selecionadas para a etapa final. O North Shopping Barretos foi um parceiro fundamental, organizando e acolhendo a exposi\u00e7\u00e3o das reda\u00e7\u00f5es dos estudantes, que permanece dispon\u00edvel para visita\u00e7\u00e3o nos pr\u00f3ximos dias.<\/p>\n<p>Durante a cerim\u00f4nia, foram entregues cinco bicicletas doadas pela EMS Ind\u00fastria Farmac\u00eautica, patrocinadora do projeto. Quatro foram destinadas aos primeiros colocados de cada escola e a quinta foi sorteada entre os demais alunos finalistas. Os segundos colocados receberam ingressos doados pelo Barretos Country Park Resort para um dia de lazer no parque com seus familiares, enquanto os terceiros colocados receberam trios de ingressos para o cinema Centerplex, doados pelo North Shopping Barretos.<\/p>\n<p>A cerim\u00f4nia contou com a presen\u00e7a dos parceiros Mirka de Oliveira Stefani Costa, representando a Secretaria Municipal de Educa\u00e7\u00e3o; Marco Aur\u00e9lio Catto, representando a Unidade Regional de Ensino; Juliana Ferreira Ad\u00e3o, representando a Secretaria Municipal de Assist\u00eancia Social e Desenvolvimento Humano; e dos apoiadores Alice Savoine, representando o North Shopping Barretos; e Renato Neira Leite Pinheiro, representando o Barretos Country Park Resort.<\/p>\n<p>A Escriv\u00e3 de Pol\u00edcia Taciana Nunes, idealizadora e coordenadora do projeto, destacou que a cerim\u00f4nia foi marcada por alegria e emo\u00e7\u00e3o, representando a oportunidade de colher os frutos de um trabalho constru\u00eddo por meio de educa\u00e7\u00e3o, informa\u00e7\u00e3o e di\u00e1logo. Taciana tamb\u00e9m ressaltou a import\u00e2ncia dos professores que auxiliaram os estudantes na elabora\u00e7\u00e3o das reda\u00e7\u00f5es e de todos os profissionais da educa\u00e7\u00e3o que contribu\u00edram para o desenvolvimento da iniciativa. \u201c\u00c9 dif\u00edcil nomear todas as pessoas envolvidas, mas cada um sabe da sua import\u00e2ncia e do seu valor para o projeto e somos muito gratos a todos\u201d, destacou.<\/p>\n<p>A primeira edi\u00e7\u00e3o do Projeto Pedalando Pelo Respeito refor\u00e7a o compromisso da Pol\u00edcia Civil e da Delegacia de Defesa da Mulher de Barretos com a preven\u00e7\u00e3o e o enfrentamento da viol\u00eancia contra as mulheres, utilizando a educa\u00e7\u00e3o e a conscientiza\u00e7\u00e3o como ferramentas de transforma\u00e7\u00e3o social.<\/p>\n","protected":false},"excerpt":{"rendered":"<p>A Pol\u00edcia Civil, por meio da Delegacia de Defesa da Mulher de Barretos, encerrou, no \u00faltimo dia 31 de agosto, a primeira edi\u00e7\u00e3o do Projeto&#8230;<\/p>\n","protected":false},"author":2,"featured_media":132430,"comment_status":"open","ping_status":"open","sticky":false,"template":"","format":"standard","meta":{"_themeisle_gutenberg_block_has_review":false,"footnotes":""},"categories":[25],"tags":[],"class_list":["post-132427","post","type-post","status-publish","format-standard","has-post-thumbnail","hentry","category-cidades"],"yoast_head":"<!-- This site is optimized with the Yoast SEO plugin v28.4 - https:\/\/yoast.com\/product\/yoast-seo-wordpress\/ -->\n<title>Pol\u00edcia Civil encerra primeira edi\u00e7\u00e3o do projeto Pedalando Pelo Respeito em Barretos - Regi\u00e3o News<\/title>\n<meta name=\"robots\" content=\"index, follow, max-snippet:-1, max-image-preview:large, max-video-preview:-1\" \/>\n<link rel=\"canonical\" href=\"https:\/\/regiaonews.net.br\/2022\/2026\/09\/policia-civil-encerra-primeira-edicao-do-projeto-pedalando-pelo-respeito-em-barretos\/\" \/>\n<meta property=\"og:locale\" content=\"pt_BR\" \/>\n<meta property=\"og:type\" content=\"article\" \/>\n<meta property=\"og:title\" content=\"Pol\u00edcia Civil encerra primeira edi\u00e7\u00e3o do projeto Pedalando Pelo Respeito em Barretos - Regi\u00e3o News\" \/>\n<meta property=\"og:description\" content=\"A Pol\u00edcia Civil, por meio da Delegacia de Defesa da Mulher de Barretos, encerrou, no \u00faltimo dia 31 de agosto, a primeira edi\u00e7\u00e3o do Projeto...\" \/>\n<meta property=\"og:url\" content=\"https:\/\/regiaonews.net.br\/2022\/2026\/09\/policia-civil-encerra-primeira-edicao-do-projeto-pedalando-pelo-respeito-em-barretos\/\" \/>\n<meta property=\"og:site_name\" content=\"Regi\u00e3o News\" \/>\n<meta property=\"article:published_time\" content=\"2026-09-02T22:26:46+00:00\" \/>\n<meta property=\"article:modified_time\" content=\"2026-09-02T23:58:56+00:00\" \/>\n<meta property=\"og:image\" content=\"https:\/\/regiaonews.net.br\/2022\/wp-content\/uploads\/2026\/09\/WhatsApp-Image-2026-09-02-at-14.46.05.jpeg\" \/>\n\t<meta property=\"og:image:width\" content=\"1431\" \/>\n\t<meta property=\"og:image:height\" content=\"955\" \/>\n\t<meta property=\"og:image:type\" content=\"image\/jpeg\" \/>\n<meta name=\"author\" content=\"Roberto\" \/>\n<meta name=\"twitter:card\" content=\"summary_large_image\" \/>\n<meta name=\"twitter:label1\" content=\"Escrito por\" \/>\n\t<meta name=\"twitter:data1\" content=\"Roberto\" \/>\n\t<meta name=\"twitter:label2\" content=\"Est. tempo de leitura\" \/>\n\t<meta name=\"twitter:data2\" content=\"3 minutos\" \/>\n<script type=\"application\/ld+json\" class=\"yoast-schema-graph\">{\"@context\":\"https:\\\/\\\/schema.org\",\"@graph\":[{\"@type\":\"Article\",\"@id\":\"https:\\\/\\\/regiaonews.net.br\\\/2022\\\/2026\\\/09\\\/policia-civil-encerra-primeira-edicao-do-projeto-pedalando-pelo-respeito-em-barretos\\\/#article\",\"isPartOf\":{\"@id\":\"https:\\\/\\\/regiaonews.net.br\\\/2022\\\/2026\\\/09\\\/policia-civil-encerra-primeira-edicao-do-projeto-pedalando-pelo-respeito-em-barretos\\\/\"},\"author\":{\"name\":\"Roberto\",\"@id\":\"https:\\\/\\\/regiaonews.net.br\\\/2022\\\/#\\\/schema\\\/person\\\/2d205a608a5aa97ac279d7a5e6d89ad8\"},\"headline\":\"Pol\u00edcia Civil encerra primeira edi\u00e7\u00e3o do projeto Pedalando Pelo Respeito em Barretos\",\"datePublished\":\"2026-09-02T22:26:46+00:00\",\"dateModified\":\"2026-09-02T23:58:56+00:00\",\"mainEntityOfPage\":{\"@id\":\"https:\\\/\\\/regiaonews.net.br\\\/2022\\\/2026\\\/09\\\/policia-civil-encerra-primeira-edicao-do-projeto-pedalando-pelo-respeito-em-barretos\\\/\"},\"wordCount\":460,\"commentCount\":0,\"publisher\":{\"@id\":\"https:\\\/\\\/regiaonews.net.br\\\/2022\\\/#organization\"},\"image\":{\"@id\":\"https:\\\/\\\/regiaonews.net.br\\\/2022\\\/2026\\\/09\\\/policia-civil-encerra-primeira-edicao-do-projeto-pedalando-pelo-respeito-em-barretos\\\/#primaryimage\"},\"thumbnailUrl\":\"https:\\\/\\\/regiaonews.net.br\\\/2022\\\/wp-content\\\/uploads\\\/2026\\\/09\\\/WhatsApp-Image-2026-09-02-at-14.46.05.jpeg\",\"articleSection\":[\"Cidades\"],\"inLanguage\":\"pt-BR\",\"potentialAction\":[{\"@type\":\"CommentAction\",\"name\":\"Comment\",\"target\":[\"https:\\\/\\\/regiaonews.net.br\\\/2022\\\/2026\\\/09\\\/policia-civil-encerra-primeira-edicao-do-projeto-pedalando-pelo-respeito-em-barretos\\\/#respond\"]}]},{\"@type\":\"WebPage\",\"@id\":\"https:\\\/\\\/regiaonews.net.br\\\/2022\\\/2026\\\/09\\\/policia-civil-encerra-primeira-edicao-do-projeto-pedalando-pelo-respeito-em-barretos\\\/\",\"url\":\"https:\\\/\\\/regiaonews.net.br\\\/2022\\\/2026\\\/09\\\/policia-civil-encerra-primeira-edicao-do-projeto-pedalando-pelo-respeito-em-barretos\\\/\",\"name\":\"Pol\u00edcia Civil encerra primeira edi\u00e7\u00e3o do projeto Pedalando Pelo Respeito em Barretos - Regi\u00e3o News\",\"isPartOf\":{\"@id\":\"https:\\\/\\\/regiaonews.net.br\\\/2022\\\/#website\"},\"primaryImageOfPage\":{\"@id\":\"https:\\\/\\\/regiaonews.net.br\\\/2022\\\/2026\\\/09\\\/policia-civil-encerra-primeira-edicao-do-projeto-pedalando-pelo-respeito-em-barretos\\\/#primaryimage\"},\"image\":{\"@id\":\"https:\\\/\\\/regiaonews.net.br\\\/2022\\\/2026\\\/09\\\/policia-civil-encerra-primeira-edicao-do-projeto-pedalando-pelo-respeito-em-barretos\\\/#primaryimage\"},\"thumbnailUrl\":\"https:\\\/\\\/regiaonews.net.br\\\/2022\\\/wp-content\\\/uploads\\\/2026\\\/09\\\/WhatsApp-Image-2026-09-02-at-14.46.05.jpeg\",\"datePublished\":\"2026-09-02T22:26:46+00:00\",\"dateModified\":\"2026-09-02T23:58:56+00:00\",\"breadcrumb\":{\"@id\":\"https:\\\/\\\/regiaonews.net.br\\\/2022\\\/2026\\\/09\\\/policia-civil-encerra-primeira-edicao-do-projeto-pedalando-pelo-respeito-em-barretos\\\/#breadcrumb\"},\"inLanguage\":\"pt-BR\",\"potentialAction\":[{\"@type\":\"ReadAction\",\"target\":[\"https:\\\/\\\/regiaonews.net.br\\\/2022\\\/2026\\\/09\\\/policia-civil-encerra-primeira-edicao-do-projeto-pedalando-pelo-respeito-em-barretos\\\/\"]}]},{\"@type\":\"ImageObject\",\"inLanguage\":\"pt-BR\",\"@id\":\"https:\\\/\\\/regiaonews.net.br\\\/2022\\\/2026\\\/09\\\/policia-civil-encerra-primeira-edicao-do-projeto-pedalando-pelo-respeito-em-barretos\\\/#primaryimage\",\"url\":\"https:\\\/\\\/regiaonews.net.br\\\/2022\\\/wp-content\\\/uploads\\\/2026\\\/09\\\/WhatsApp-Image-2026-09-02-at-14.46.05.jpeg\",\"contentUrl\":\"https:\\\/\\\/regiaonews.net.br\\\/2022\\\/wp-content\\\/uploads\\\/2026\\\/09\\\/WhatsApp-Image-2026-09-02-at-14.46.05.jpeg\",\"width\":1431,\"height\":955},{\"@type\":\"BreadcrumbList\",\"@id\":\"https:\\\/\\\/regiaonews.net.br\\\/2022\\\/2026\\\/09\\\/policia-civil-encerra-primeira-edicao-do-projeto-pedalando-pelo-respeito-em-barretos\\\/#breadcrumb\",\"itemListElement\":[{\"@type\":\"ListItem\",\"position\":1,\"name\":\"In\u00edcio\",\"item\":\"https:\\\/\\\/regiaonews.net.br\\\/2022\\\/\"},{\"@type\":\"ListItem\",\"position\":2,\"name\":\"Pol\u00edcia Civil encerra primeira edi\u00e7\u00e3o do projeto Pedalando Pelo Respeito em Barretos\"}]},{\"@type\":\"WebSite\",\"@id\":\"https:\\\/\\\/regiaonews.net.br\\\/2022\\\/#website\",\"url\":\"https:\\\/\\\/regiaonews.net.br\\\/2022\\\/\",\"name\":\"Regi\u00e3o News\",\"description\":\"Site de Not\u00edcias de Barretos e regi\u00e3o\",\"publisher\":{\"@id\":\"https:\\\/\\\/regiaonews.net.br\\\/2022\\\/#organization\"},\"potentialAction\":[{\"@type\":\"SearchAction\",\"target\":{\"@type\":\"EntryPoint\",\"urlTemplate\":\"https:\\\/\\\/regiaonews.net.br\\\/2022\\\/?s={search_term_string}\"},\"query-input\":{\"@type\":\"PropertyValueSpecification\",\"valueRequired\":true,\"valueName\":\"search_term_string\"}}],\"inLanguage\":\"pt-BR\"},{\"@type\":\"Organization\",\"@id\":\"https:\\\/\\\/regiaonews.net.br\\\/2022\\\/#organization\",\"name\":\"Regi\u00e3o News\",\"url\":\"https:\\\/\\\/regiaonews.net.br\\\/2022\\\/\",\"logo\":{\"@type\":\"ImageObject\",\"inLanguage\":\"pt-BR\",\"@id\":\"https:\\\/\\\/regiaonews.net.br\\\/2022\\\/#\\\/schema\\\/logo\\\/image\\\/\",\"url\":\"https:\\\/\\\/regiaonews.net.br\\\/2022\\\/wp-content\\\/uploads\\\/2026\\\/08\\\/LOGO-NEW-REG-TR.png\",\"contentUrl\":\"https:\\\/\\\/regiaonews.net.br\\\/2022\\\/wp-content\\\/uploads\\\/2026\\\/08\\\/LOGO-NEW-REG-TR.png\",\"width\":360,\"height\":130,\"caption\":\"Regi\u00e3o News\"},\"image\":{\"@id\":\"https:\\\/\\\/regiaonews.net.br\\\/2022\\\/#\\\/schema\\\/logo\\\/image\\\/\"}},{\"@type\":\"Person\",\"@id\":\"https:\\\/\\\/regiaonews.net.br\\\/2022\\\/#\\\/schema\\\/person\\\/2d205a608a5aa97ac279d7a5e6d89ad8\",\"name\":\"Roberto\",\"image\":{\"@type\":\"ImageObject\",\"inLanguage\":\"pt-BR\",\"@id\":\"https:\\\/\\\/secure.gravatar.com\\\/avatar\\\/42749d8b712ff9d59ca93dc150494e5b55a44134482993f5baeb97e61b7ecc89?s=96&d=mm&r=g\",\"url\":\"https:\\\/\\\/secure.gravatar.com\\\/avatar\\\/42749d8b712ff9d59ca93dc150494e5b55a44134482993f5baeb97e61b7ecc89?s=96&d=mm&r=g\",\"contentUrl\":\"https:\\\/\\\/secure.gravatar.com\\\/avatar\\\/42749d8b712ff9d59ca93dc150494e5b55a44134482993f5baeb97e61b7ecc89?s=96&d=mm&r=g\",\"caption\":\"Roberto\"},\"url\":\"https:\\\/\\\/regiaonews.net.br\\\/2022\\\/author\\\/roberto\\\/\"}]}<\/script>\n<!-- \/ Yoast SEO plugin. -->","yoast_head_json":{"title":"Pol\u00edcia Civil encerra primeira edi\u00e7\u00e3o do projeto Pedalando Pelo Respeito em Barretos - Regi\u00e3o News","robots":{"index":"index","follow":"follow","max-snippet":"max-snippet:-1","max-image-preview":"max-image-preview:large","max-video-preview":"max-video-preview:-1"},"canonical":"https:\/\/regiaonews.net.br\/2022\/2026\/09\/policia-civil-encerra-primeira-edicao-do-projeto-pedalando-pelo-respeito-em-barretos\/","og_locale":"pt_BR","og_type":"article","og_title":"Pol\u00edcia Civil encerra primeira edi\u00e7\u00e3o do projeto Pedalando Pelo Respeito em Barretos - Regi\u00e3o News","og_description":"A Pol\u00edcia Civil, por meio da Delegacia de Defesa da Mulher de Barretos, encerrou, no \u00faltimo dia 31 de agosto, a primeira edi\u00e7\u00e3o do Projeto...","og_url":"https:\/\/regiaonews.net.br\/2022\/2026\/09\/policia-civil-encerra-primeira-edicao-do-projeto-pedalando-pelo-respeito-em-barretos\/","og_site_name":"Regi\u00e3o News","article_published_time":"2026-09-02T22:26:46+00:00","article_modified_time":"2026-09-02T23:58:56+00:00","og_image":[{"width":1431,"height":955,"url":"https:\/\/regiaonews.net.br\/2022\/wp-content\/uploads\/2026\/09\/WhatsApp-Image-2026-09-02-at-14.46.05.jpeg","type":"image\/jpeg"}],"author":"Roberto","twitter_card":"summary_large_image","twitter_misc":{"Escrito por":"Roberto","Est. tempo de leitura":"3 minutos"},"schema":{"@context":"https:\/\/schema.org","@graph":[{"@type":"Article","@id":"https:\/\/regiaonews.net.br\/2022\/2026\/09\/policia-civil-encerra-primeira-edicao-do-projeto-pedalando-pelo-respeito-em-barretos\/#article","isPartOf":{"@id":"https:\/\/regiaonews.net.br\/2022\/2026\/09\/policia-civil-encerra-primeira-edicao-do-projeto-pedalando-pelo-respeito-em-barretos\/"},"author":{"name":"Roberto","@id":"https:\/\/regiaonews.net.br\/2022\/#\/schema\/person\/2d205a608a5aa97ac279d7a5e6d89ad8"},"headline":"Pol\u00edcia Civil encerra primeira edi\u00e7\u00e3o do projeto Pedalando Pelo Respeito em Barretos","datePublished":"2026-09-02T22:26:46+00:00","dateModified":"2026-09-02T23:58:56+00:00","mainEntityOfPage":{"@id":"https:\/\/regiaonews.net.br\/2022\/2026\/09\/policia-civil-encerra-primeira-edicao-do-projeto-pedalando-pelo-respeito-em-barretos\/"},"wordCount":460,"commentCount":0,"publisher":{"@id":"https:\/\/regiaonews.net.br\/2022\/#organization"},"image":{"@id":"https:\/\/regiaonews.net.br\/2022\/2026\/09\/policia-civil-encerra-primeira-edicao-do-projeto-pedalando-pelo-respeito-em-barretos\/#primaryimage"},"thumbnailUrl":"https:\/\/regiaonews.net.br\/2022\/wp-content\/uploads\/2026\/09\/WhatsApp-Image-2026-09-02-at-14.46.05.jpeg","articleSection":["Cidades"],"inLanguage":"pt-BR","potentialAction":[{"@type":"CommentAction","name":"Comment","target":["https:\/\/regiaonews.net.br\/2022\/2026\/09\/policia-civil-encerra-primeira-edicao-do-projeto-pedalando-pelo-respeito-em-barretos\/#respond"]}]},{"@type":"WebPage","@id":"https:\/\/regiaonews.net.br\/2022\/2026\/09\/policia-civil-encerra-primeira-edicao-do-projeto-pedalando-pelo-respeito-em-barretos\/","url":"https:\/\/regiaonews.net.br\/2022\/2026\/09\/policia-civil-encerra-primeira-edicao-do-projeto-pedalando-pelo-respeito-em-barretos\/","name":"Pol\u00edcia Civil encerra primeira edi\u00e7\u00e3o do projeto Pedalando Pelo Respeito em Barretos - Regi\u00e3o News","isPartOf":{"@id":"https:\/\/regiaonews.net.br\/2022\/#website"},"primaryImageOfPage":{"@id":"https:\/\/regiaonews.net.br\/2022\/2026\/09\/policia-civil-encerra-primeira-edicao-do-projeto-pedalando-pelo-respeito-em-barretos\/#primaryimage"},"image":{"@id":"https:\/\/regiaonews.net.br\/2022\/2026\/09\/policia-civil-encerra-primeira-edicao-do-projeto-pedalando-pelo-respeito-em-barretos\/#primaryimage"},"thumbnailUrl":"https:\/\/regiaonews.net.br\/2022\/wp-content\/uploads\/2026\/09\/WhatsApp-Image-2026-09-02-at-14.46.05.jpeg","datePublished":"2026-09-02T22:26:46+00:00","dateModified":"2026-09-02T23:58:56+00:00","breadcrumb":{"@id":"https:\/\/regiaonews.net.br\/2022\/2026\/09\/policia-civil-encerra-primeira-edicao-do-projeto-pedalando-pelo-respeito-em-barretos\/#breadcrumb"},"inLanguage":"pt-BR","potentialAction":[{"@type":"ReadAction","target":["https:\/\/regiaonews.net.br\/2022\/2026\/09\/policia-civil-encerra-primeira-edicao-do-projeto-pedalando-pelo-respeito-em-barretos\/"]}]},{"@type":"ImageObject","inLanguage":"pt-BR","@id":"https:\/\/regiaonews.net.br\/2022\/2026\/09\/policia-civil-encerra-primeira-edicao-do-projeto-pedalando-pelo-respeito-em-barretos\/#primaryimage","url":"https:\/\/regiaonews.net.br\/2022\/wp-content\/uploads\/2026\/09\/WhatsApp-Image-2026-09-02-at-14.46.05.jpeg","contentUrl":"https:\/\/regiaonews.net.br\/2022\/wp-content\/uploads\/2026\/09\/WhatsApp-Image-2026-09-02-at-14.46.05.jpeg","width":1431,"height":955},{"@type":"BreadcrumbList","@id":"https:\/\/regiaonews.net.br\/2022\/2026\/09\/policia-civil-encerra-primeira-edicao-do-projeto-pedalando-pelo-respeito-em-barretos\/#breadcrumb","itemListElement":[{"@type":"ListItem","position":1,"name":"In\u00edcio","item":"https:\/\/regiaonews.net.br\/2022\/"},{"@type":"ListItem","position":2,"name":"Pol\u00edcia Civil encerra primeira edi\u00e7\u00e3o do projeto Pedalando Pelo Respeito em Barretos"}]},{"@type":"WebSite","@id":"https:\/\/regiaonews.net.br\/2022\/#website","url":"https:\/\/regiaonews.net.br\/2022\/","name":"Regi\u00e3o News","description":"Site de Not\u00edcias de Barretos e regi\u00e3o","publisher":{"@id":"https:\/\/regiaonews.net.br\/2022\/#organization"},"potentialAction":[{"@type":"SearchAction","target":{"@type":"EntryPoint","urlTemplate":"https:\/\/regiaonews.net.br\/2022\/?s={search_term_string}"},"query-input":{"@type":"PropertyValueSpecification","valueRequired":true,"valueName":"search_term_string"}}],"inLanguage":"pt-BR"},{"@type":"Organization","@id":"https:\/\/regiaonews.net.br\/2022\/#organization","name":"Regi\u00e3o News","url":"https:\/\/regiaonews.net.br\/2022\/","logo":{"@type":"ImageObject","inLanguage":"pt-BR","@id":"https:\/\/regiaonews.net.br\/2022\/#\/schema\/logo\/image\/","url":"https:\/\/regiaonews.net.br\/2022\/wp-content\/uploads\/2026\/08\/LOGO-NEW-REG-TR.png","contentUrl":"https:\/\/regiaonews.net.br\/2022\/wp-content\/uploads\/2026\/08\/LOGO-NEW-REG-TR.png","width":360,"height":130,"caption":"Regi\u00e3o News"},"image":{"@id":"https:\/\/regiaonews.net.br\/2022\/#\/schema\/logo\/image\/"}},{"@type":"Person","@id":"https:\/\/regiaonews.net.br\/2022\/#\/schema\/person\/2d205a608a5aa97ac279d7a5e6d89ad8","name":"Roberto","image":{"@type":"ImageObject","inLanguage":"pt-BR","@id":"https:\/\/secure.gravatar.com\/avatar\/42749d8b712ff9d59ca93dc150494e5b55a44134482993f5baeb97e61b7ecc89?s=96&d=mm&r=g","url":"https:\/\/secure.gravatar.com\/avatar\/42749d8b712ff9d59ca93dc150494e5b55a44134482993f5baeb97e61b7ecc89?s=96&d=mm&r=g","contentUrl":"https:\/\/secure.gravatar.com\/avatar\/42749d8b712ff9d59ca93dc150494e5b55a44134482993f5baeb97e61b7ecc89?s=96&d=mm&r=g","caption":"Roberto"},"url":"https:\/\/regiaonews.net.br\/2022\/author\/roberto\/"}]}},"publishpress_future_action":{"enabled":false,"date":"2026-09-10 02:36:04","action":"change-status","newStatus":"draft","terms":[],"taxonomy":"category","extraData":[]},"publishpress_future_workflow_manual_trigger":{"enabledWorkflows":[]},"_links":{"self":[{"href":"https:\/\/regiaonews.net.br\/2022\/wp-json\/wp\/v2\/posts\/132427","targetHints":{"allow":["GET"]}}],"collection":[{"href":"https:\/\/regiaonews.net.br\/2022\/wp-json\/wp\/v2\/posts"}],"about":[{"href":"https:\/\/regiaonews.net.br\/2022\/wp-json\/wp\/v2\/types\/post"}],"author":[{"embeddable":true,"href":"https:\/\/regiaonews.net.br\/2022\/wp-json\/wp\/v2\/users\/2"}],"replies":[{"embeddable":true,"href":"https:\/\/regiaonews.net.br\/2022\/wp-json\/wp\/v2\/comments?post=132427"}],"version-history":[{"count":4,"href":"https:\/\/regiaonews.net.br\/2022\/wp-json\/wp\/v2\/posts\/132427\/revisions"}],"predecessor-version":[{"id":132434,"href":"https:\/\/regiaonews.net.br\/2022\/wp-json\/wp\/v2\/posts\/132427\/revisions\/132434"}],"wp:featuredmedia":[{"embeddable":true,"href":"https:\/\/regiaonews.net.br\/2022\/wp-json\/wp\/v2\/media\/132430"}],"wp:attachment":[{"href":"https:\/\/regiaonews.net.br\/2022\/wp-json\/wp\/v2\/media?parent=132427"}],"wp:term":[{"taxonomy":"category","embeddable":true,"href":"https:\/\/regiaonews.net.br\/2022\/wp-json\/wp\/v2\/categories?post=132427"},{"taxonomy":"post_tag","embeddable":true,"href":"https:\/\/regiaonews.net.br\/2022\/wp-json\/wp\/v2\/tags?post=132427"}],"curies":[{"name":"wp","href":"https:\/\/api.w.org\/{rel}","templated":true}]}}