{"id":132421,"date":"2026-09-02T19:24:17","date_gmt":"2026-09-02T22:24:17","guid":{"rendered":"https:\/\/regiaonews.net.br\/2022\/?p=132421"},"modified":"2026-09-02T19:24:17","modified_gmt":"2026-09-02T22:24:17","slug":"prefeitura-na-rua-leva-servicos-e-atendimento-aos-moradores-do-alto-sumare-nesta-sexta-feira","status":"publish","type":"post","link":"https:\/\/regiaonews.net.br\/2022\/2026\/09\/prefeitura-na-rua-leva-servicos-e-atendimento-aos-moradores-do-alto-sumare-nesta-sexta-feira\/","title":{"rendered":"Prefeitura na Rua leva servi\u00e7os e atendimento aos moradores do Alto Sumar\u00e9 nesta sexta-feira"},"content":{"rendered":"<p>A\u00e7\u00e3o ser\u00e1 realizada das 7h \u00e0s 16h, no Cemei Jos\u00e9 Pereira Neves, com servi\u00e7os de diversas secretarias e parceiros<\/p>\n<p>Os moradores do bairro Alto Sumar\u00e9 ter\u00e3o uma oportunidade especial para acessar servi\u00e7os p\u00fablicos, registrar demandas e participar de uma programa\u00e7\u00e3o preparada pela Prefeitura nesta sexta-feira, 4 de setembro. Das 7h \u00e0s 16h, a Prefeitura na Rua estar\u00e1 na Avenida 49, n\u00ba 60, no Cemei Jos\u00e9 Pereira Neves, aproximando a administra\u00e7\u00e3o municipal da popula\u00e7\u00e3o.<\/p>\n<p>Durante a a\u00e7\u00e3o, os moradores poder\u00e3o registrar reclama\u00e7\u00f5es, den\u00fancias, solicita\u00e7\u00f5es e sugest\u00f5es, al\u00e9m de esclarecer d\u00favidas sobre os servi\u00e7os oferecidos pelo munic\u00edpio. Para facilitar o atendimento, o \u00f4nibus da Ouvidoria Geral do Munic\u00edpio estar\u00e1 estacionado em frente ao endere\u00e7o da a\u00e7\u00e3o, funcionando como ponto de atendimento aos moradores.<\/p>\n<p>O Ouvidor Geral do Munic\u00edpio, Giuliano Lopes Capucho, destaca a import\u00e2ncia da participa\u00e7\u00e3o da popula\u00e7\u00e3o. \u201c A Prefeitura na Rua representa um canal direto de di\u00e1logo entre os moradores e o poder p\u00fablico, permitindo que as necessidades de cada comunidade sejam conhecidas de perto e encaminhadas aos setores respons\u00e1veis. \u201d<\/p>\n<p>Al\u00e9m dos atendimentos da Ouvidoria, a programa\u00e7\u00e3o re\u00fane servi\u00e7os e atividades de diferentes \u00e1reas da administra\u00e7\u00e3o municipal e institui\u00e7\u00f5es parceiras.<\/p>\n<p>Confira a programa\u00e7\u00e3o<br \/>\nOuvidoria Geral do Munic\u00edpio: atendimento no \u00f4nibus da Ouvidoria, que estar\u00e1 em frente ao Cemei Jos\u00e9 Pereira Neves, para registro de reclama\u00e7\u00f5es, den\u00fancias, solicita\u00e7\u00f5es, sugest\u00f5es e esclarecimento de d\u00favidas.<\/p>\n<p>Sa\u00fade: equipes da Secretaria Municipal de Sa\u00fade estar\u00e3o no local realizando vacina\u00e7\u00e3o.<\/p>\n<p>Equipe de Enfermagem: aferi\u00e7\u00e3o de press\u00e3o arterial e orienta\u00e7\u00f5es de sa\u00fade. O atendimento ser\u00e1 realizado em dois per\u00edodos: das 7h30 \u00e0s 11h30, com a participa\u00e7\u00e3o de 2 docentes e 10 estudantes, e das 13h30 \u00e0s 17h30, tamb\u00e9m com 2 docentes e 10 estudantes.<\/p>\n<p>Assist\u00eancia Social: atendimento para cadastramento e atualiza\u00e7\u00e3o do Cad\u00danico.<\/p>\n<p>Cultura: apresenta\u00e7\u00f5es musicais para a comunidade.<\/p>\n<p>Fundo Social de Solidariedade: realiza\u00e7\u00e3o do Bazar Solid\u00e1rio, com distribui\u00e7\u00e3o de roupas para a popula\u00e7\u00e3o.<\/p>\n<p>Meio Ambiente e Prote\u00e7\u00e3o Animal: distribui\u00e7\u00e3o de mudas.<\/p>\n<p>SENAC Barretos: equipe estar\u00e1 no local, das 9h \u00e0s 16h, para divulga\u00e7\u00e3o de bolsas de estudos e vagas dispon\u00edveis.<\/p>\n<p>A Prefeitura convida todos os moradores do Alto Sumar\u00e9 e regi\u00e3o a participarem da a\u00e7\u00e3o. \u00c9 uma oportunidade de buscar atendimento, apresentar sugest\u00f5es, tirar d\u00favidas e contribuir diretamente para a melhoria dos servi\u00e7os p\u00fablicos.<\/p>\n","protected":false},"excerpt":{"rendered":"<p>A\u00e7\u00e3o ser\u00e1 realizada das 7h \u00e0s 16h, no Cemei Jos\u00e9 Pereira Neves, com servi\u00e7os de diversas secretarias e parceiros Os moradores do bairro Alto Sumar\u00e9&#8230;<\/p>\n","protected":false},"author":2,"featured_media":132422,"comment_status":"open","ping_status":"open","sticky":false,"template":"","format":"standard","meta":{"_themeisle_gutenberg_block_has_review":false,"footnotes":""},"categories":[14],"tags":[],"class_list":["post-132421","post","type-post","status-publish","format-standard","has-post-thumbnail","hentry","category-barretos"],"yoast_head":"<!-- This site is optimized with the Yoast SEO plugin v28.4 - https:\/\/yoast.com\/product\/yoast-seo-wordpress\/ -->\n<title>Prefeitura na Rua leva servi\u00e7os e atendimento aos moradores do Alto Sumar\u00e9 nesta sexta-feira - Regi\u00e3o News<\/title>\n<meta name=\"robots\" content=\"index, follow, max-snippet:-1, max-image-preview:large, max-video-preview:-1\" \/>\n<link rel=\"canonical\" href=\"https:\/\/regiaonews.net.br\/2022\/2026\/09\/prefeitura-na-rua-leva-servicos-e-atendimento-aos-moradores-do-alto-sumare-nesta-sexta-feira\/\" \/>\n<meta property=\"og:locale\" content=\"pt_BR\" \/>\n<meta property=\"og:type\" content=\"article\" \/>\n<meta property=\"og:title\" content=\"Prefeitura na Rua leva servi\u00e7os e atendimento aos moradores do Alto Sumar\u00e9 nesta sexta-feira - Regi\u00e3o News\" \/>\n<meta property=\"og:description\" content=\"A\u00e7\u00e3o ser\u00e1 realizada das 7h \u00e0s 16h, no Cemei Jos\u00e9 Pereira Neves, com servi\u00e7os de diversas secretarias e parceiros Os moradores do bairro Alto Sumar\u00e9...\" \/>\n<meta property=\"og:url\" content=\"https:\/\/regiaonews.net.br\/2022\/2026\/09\/prefeitura-na-rua-leva-servicos-e-atendimento-aos-moradores-do-alto-sumare-nesta-sexta-feira\/\" \/>\n<meta property=\"og:site_name\" content=\"Regi\u00e3o News\" \/>\n<meta property=\"article:published_time\" content=\"2026-09-02T22:24:17+00:00\" \/>\n<meta property=\"og:image\" content=\"https:\/\/regiaonews.net.br\/2022\/wp-content\/uploads\/2026\/09\/WhatsApp-Image-2026-09-02-at-15.30.47-1.jpeg\" \/>\n\t<meta property=\"og:image:width\" content=\"1080\" \/>\n\t<meta property=\"og:image:height\" content=\"1350\" \/>\n\t<meta property=\"og:image:type\" content=\"image\/jpeg\" \/>\n<meta name=\"author\" content=\"Roberto\" \/>\n<meta name=\"twitter:card\" content=\"summary_large_image\" \/>\n<meta name=\"twitter:label1\" content=\"Escrito por\" \/>\n\t<meta name=\"twitter:data1\" content=\"Roberto\" \/>\n\t<meta name=\"twitter:label2\" content=\"Est. tempo de leitura\" \/>\n\t<meta name=\"twitter:data2\" content=\"3 minutos\" \/>\n<script type=\"application\/ld+json\" class=\"yoast-schema-graph\">{\"@context\":\"https:\\\/\\\/schema.org\",\"@graph\":[{\"@type\":\"Article\",\"@id\":\"https:\\\/\\\/regiaonews.net.br\\\/2022\\\/2026\\\/09\\\/prefeitura-na-rua-leva-servicos-e-atendimento-aos-moradores-do-alto-sumare-nesta-sexta-feira\\\/#article\",\"isPartOf\":{\"@id\":\"https:\\\/\\\/regiaonews.net.br\\\/2022\\\/2026\\\/09\\\/prefeitura-na-rua-leva-servicos-e-atendimento-aos-moradores-do-alto-sumare-nesta-sexta-feira\\\/\"},\"author\":{\"name\":\"Roberto\",\"@id\":\"https:\\\/\\\/regiaonews.net.br\\\/2022\\\/#\\\/schema\\\/person\\\/2d205a608a5aa97ac279d7a5e6d89ad8\"},\"headline\":\"Prefeitura na Rua leva servi\u00e7os e atendimento aos moradores do Alto Sumar\u00e9 nesta sexta-feira\",\"datePublished\":\"2026-09-02T22:24:17+00:00\",\"mainEntityOfPage\":{\"@id\":\"https:\\\/\\\/regiaonews.net.br\\\/2022\\\/2026\\\/09\\\/prefeitura-na-rua-leva-servicos-e-atendimento-aos-moradores-do-alto-sumare-nesta-sexta-feira\\\/\"},\"wordCount\":444,\"commentCount\":0,\"publisher\":{\"@id\":\"https:\\\/\\\/regiaonews.net.br\\\/2022\\\/#organization\"},\"image\":{\"@id\":\"https:\\\/\\\/regiaonews.net.br\\\/2022\\\/2026\\\/09\\\/prefeitura-na-rua-leva-servicos-e-atendimento-aos-moradores-do-alto-sumare-nesta-sexta-feira\\\/#primaryimage\"},\"thumbnailUrl\":\"https:\\\/\\\/regiaonews.net.br\\\/2022\\\/wp-content\\\/uploads\\\/2026\\\/09\\\/WhatsApp-Image-2026-09-02-at-15.30.47-1.jpeg\",\"articleSection\":[\"Barretos\"],\"inLanguage\":\"pt-BR\",\"potentialAction\":[{\"@type\":\"CommentAction\",\"name\":\"Comment\",\"target\":[\"https:\\\/\\\/regiaonews.net.br\\\/2022\\\/2026\\\/09\\\/prefeitura-na-rua-leva-servicos-e-atendimento-aos-moradores-do-alto-sumare-nesta-sexta-feira\\\/#respond\"]}]},{\"@type\":\"WebPage\",\"@id\":\"https:\\\/\\\/regiaonews.net.br\\\/2022\\\/2026\\\/09\\\/prefeitura-na-rua-leva-servicos-e-atendimento-aos-moradores-do-alto-sumare-nesta-sexta-feira\\\/\",\"url\":\"https:\\\/\\\/regiaonews.net.br\\\/2022\\\/2026\\\/09\\\/prefeitura-na-rua-leva-servicos-e-atendimento-aos-moradores-do-alto-sumare-nesta-sexta-feira\\\/\",\"name\":\"Prefeitura na Rua leva servi\u00e7os e atendimento aos moradores do Alto Sumar\u00e9 nesta sexta-feira - Regi\u00e3o News\",\"isPartOf\":{\"@id\":\"https:\\\/\\\/regiaonews.net.br\\\/2022\\\/#website\"},\"primaryImageOfPage\":{\"@id\":\"https:\\\/\\\/regiaonews.net.br\\\/2022\\\/2026\\\/09\\\/prefeitura-na-rua-leva-servicos-e-atendimento-aos-moradores-do-alto-sumare-nesta-sexta-feira\\\/#primaryimage\"},\"image\":{\"@id\":\"https:\\\/\\\/regiaonews.net.br\\\/2022\\\/2026\\\/09\\\/prefeitura-na-rua-leva-servicos-e-atendimento-aos-moradores-do-alto-sumare-nesta-sexta-feira\\\/#primaryimage\"},\"thumbnailUrl\":\"https:\\\/\\\/regiaonews.net.br\\\/2022\\\/wp-content\\\/uploads\\\/2026\\\/09\\\/WhatsApp-Image-2026-09-02-at-15.30.47-1.jpeg\",\"datePublished\":\"2026-09-02T22:24:17+00:00\",\"breadcrumb\":{\"@id\":\"https:\\\/\\\/regiaonews.net.br\\\/2022\\\/2026\\\/09\\\/prefeitura-na-rua-leva-servicos-e-atendimento-aos-moradores-do-alto-sumare-nesta-sexta-feira\\\/#breadcrumb\"},\"inLanguage\":\"pt-BR\",\"potentialAction\":[{\"@type\":\"ReadAction\",\"target\":[\"https:\\\/\\\/regiaonews.net.br\\\/2022\\\/2026\\\/09\\\/prefeitura-na-rua-leva-servicos-e-atendimento-aos-moradores-do-alto-sumare-nesta-sexta-feira\\\/\"]}]},{\"@type\":\"ImageObject\",\"inLanguage\":\"pt-BR\",\"@id\":\"https:\\\/\\\/regiaonews.net.br\\\/2022\\\/2026\\\/09\\\/prefeitura-na-rua-leva-servicos-e-atendimento-aos-moradores-do-alto-sumare-nesta-sexta-feira\\\/#primaryimage\",\"url\":\"https:\\\/\\\/regiaonews.net.br\\\/2022\\\/wp-content\\\/uploads\\\/2026\\\/09\\\/WhatsApp-Image-2026-09-02-at-15.30.47-1.jpeg\",\"contentUrl\":\"https:\\\/\\\/regiaonews.net.br\\\/2022\\\/wp-content\\\/uploads\\\/2026\\\/09\\\/WhatsApp-Image-2026-09-02-at-15.30.47-1.jpeg\",\"width\":1080,\"height\":1350},{\"@type\":\"BreadcrumbList\",\"@id\":\"https:\\\/\\\/regiaonews.net.br\\\/2022\\\/2026\\\/09\\\/prefeitura-na-rua-leva-servicos-e-atendimento-aos-moradores-do-alto-sumare-nesta-sexta-feira\\\/#breadcrumb\",\"itemListElement\":[{\"@type\":\"ListItem\",\"position\":1,\"name\":\"In\u00edcio\",\"item\":\"https:\\\/\\\/regiaonews.net.br\\\/2022\\\/\"},{\"@type\":\"ListItem\",\"position\":2,\"name\":\"Prefeitura na Rua leva servi\u00e7os e atendimento aos moradores do Alto Sumar\u00e9 nesta sexta-feira\"}]},{\"@type\":\"WebSite\",\"@id\":\"https:\\\/\\\/regiaonews.net.br\\\/2022\\\/#website\",\"url\":\"https:\\\/\\\/regiaonews.net.br\\\/2022\\\/\",\"name\":\"Regi\u00e3o News\",\"description\":\"Site de Not\u00edcias de Barretos e regi\u00e3o\",\"publisher\":{\"@id\":\"https:\\\/\\\/regiaonews.net.br\\\/2022\\\/#organization\"},\"potentialAction\":[{\"@type\":\"SearchAction\",\"target\":{\"@type\":\"EntryPoint\",\"urlTemplate\":\"https:\\\/\\\/regiaonews.net.br\\\/2022\\\/?s={search_term_string}\"},\"query-input\":{\"@type\":\"PropertyValueSpecification\",\"valueRequired\":true,\"valueName\":\"search_term_string\"}}],\"inLanguage\":\"pt-BR\"},{\"@type\":\"Organization\",\"@id\":\"https:\\\/\\\/regiaonews.net.br\\\/2022\\\/#organization\",\"name\":\"Regi\u00e3o News\",\"url\":\"https:\\\/\\\/regiaonews.net.br\\\/2022\\\/\",\"logo\":{\"@type\":\"ImageObject\",\"inLanguage\":\"pt-BR\",\"@id\":\"https:\\\/\\\/regiaonews.net.br\\\/2022\\\/#\\\/schema\\\/logo\\\/image\\\/\",\"url\":\"https:\\\/\\\/regiaonews.net.br\\\/2022\\\/wp-content\\\/uploads\\\/2026\\\/08\\\/LOGO-NEW-REG-TR.png\",\"contentUrl\":\"https:\\\/\\\/regiaonews.net.br\\\/2022\\\/wp-content\\\/uploads\\\/2026\\\/08\\\/LOGO-NEW-REG-TR.png\",\"width\":360,\"height\":130,\"caption\":\"Regi\u00e3o News\"},\"image\":{\"@id\":\"https:\\\/\\\/regiaonews.net.br\\\/2022\\\/#\\\/schema\\\/logo\\\/image\\\/\"}},{\"@type\":\"Person\",\"@id\":\"https:\\\/\\\/regiaonews.net.br\\\/2022\\\/#\\\/schema\\\/person\\\/2d205a608a5aa97ac279d7a5e6d89ad8\",\"name\":\"Roberto\",\"image\":{\"@type\":\"ImageObject\",\"inLanguage\":\"pt-BR\",\"@id\":\"https:\\\/\\\/secure.gravatar.com\\\/avatar\\\/42749d8b712ff9d59ca93dc150494e5b55a44134482993f5baeb97e61b7ecc89?s=96&d=mm&r=g\",\"url\":\"https:\\\/\\\/secure.gravatar.com\\\/avatar\\\/42749d8b712ff9d59ca93dc150494e5b55a44134482993f5baeb97e61b7ecc89?s=96&d=mm&r=g\",\"contentUrl\":\"https:\\\/\\\/secure.gravatar.com\\\/avatar\\\/42749d8b712ff9d59ca93dc150494e5b55a44134482993f5baeb97e61b7ecc89?s=96&d=mm&r=g\",\"caption\":\"Roberto\"},\"url\":\"https:\\\/\\\/regiaonews.net.br\\\/2022\\\/author\\\/roberto\\\/\"}]}<\/script>\n<!-- \/ Yoast SEO plugin. -->","yoast_head_json":{"title":"Prefeitura na Rua leva servi\u00e7os e atendimento aos moradores do Alto Sumar\u00e9 nesta sexta-feira - Regi\u00e3o News","robots":{"index":"index","follow":"follow","max-snippet":"max-snippet:-1","max-image-preview":"max-image-preview:large","max-video-preview":"max-video-preview:-1"},"canonical":"https:\/\/regiaonews.net.br\/2022\/2026\/09\/prefeitura-na-rua-leva-servicos-e-atendimento-aos-moradores-do-alto-sumare-nesta-sexta-feira\/","og_locale":"pt_BR","og_type":"article","og_title":"Prefeitura na Rua leva servi\u00e7os e atendimento aos moradores do Alto Sumar\u00e9 nesta sexta-feira - Regi\u00e3o News","og_description":"A\u00e7\u00e3o ser\u00e1 realizada das 7h \u00e0s 16h, no Cemei Jos\u00e9 Pereira Neves, com servi\u00e7os de diversas secretarias e parceiros Os moradores do bairro Alto Sumar\u00e9...","og_url":"https:\/\/regiaonews.net.br\/2022\/2026\/09\/prefeitura-na-rua-leva-servicos-e-atendimento-aos-moradores-do-alto-sumare-nesta-sexta-feira\/","og_site_name":"Regi\u00e3o News","article_published_time":"2026-09-02T22:24:17+00:00","og_image":[{"width":1080,"height":1350,"url":"https:\/\/regiaonews.net.br\/2022\/wp-content\/uploads\/2026\/09\/WhatsApp-Image-2026-09-02-at-15.30.47-1.jpeg","type":"image\/jpeg"}],"author":"Roberto","twitter_card":"summary_large_image","twitter_misc":{"Escrito por":"Roberto","Est. tempo de leitura":"3 minutos"},"schema":{"@context":"https:\/\/schema.org","@graph":[{"@type":"Article","@id":"https:\/\/regiaonews.net.br\/2022\/2026\/09\/prefeitura-na-rua-leva-servicos-e-atendimento-aos-moradores-do-alto-sumare-nesta-sexta-feira\/#article","isPartOf":{"@id":"https:\/\/regiaonews.net.br\/2022\/2026\/09\/prefeitura-na-rua-leva-servicos-e-atendimento-aos-moradores-do-alto-sumare-nesta-sexta-feira\/"},"author":{"name":"Roberto","@id":"https:\/\/regiaonews.net.br\/2022\/#\/schema\/person\/2d205a608a5aa97ac279d7a5e6d89ad8"},"headline":"Prefeitura na Rua leva servi\u00e7os e atendimento aos moradores do Alto Sumar\u00e9 nesta sexta-feira","datePublished":"2026-09-02T22:24:17+00:00","mainEntityOfPage":{"@id":"https:\/\/regiaonews.net.br\/2022\/2026\/09\/prefeitura-na-rua-leva-servicos-e-atendimento-aos-moradores-do-alto-sumare-nesta-sexta-feira\/"},"wordCount":444,"commentCount":0,"publisher":{"@id":"https:\/\/regiaonews.net.br\/2022\/#organization"},"image":{"@id":"https:\/\/regiaonews.net.br\/2022\/2026\/09\/prefeitura-na-rua-leva-servicos-e-atendimento-aos-moradores-do-alto-sumare-nesta-sexta-feira\/#primaryimage"},"thumbnailUrl":"https:\/\/regiaonews.net.br\/2022\/wp-content\/uploads\/2026\/09\/WhatsApp-Image-2026-09-02-at-15.30.47-1.jpeg","articleSection":["Barretos"],"inLanguage":"pt-BR","potentialAction":[{"@type":"CommentAction","name":"Comment","target":["https:\/\/regiaonews.net.br\/2022\/2026\/09\/prefeitura-na-rua-leva-servicos-e-atendimento-aos-moradores-do-alto-sumare-nesta-sexta-feira\/#respond"]}]},{"@type":"WebPage","@id":"https:\/\/regiaonews.net.br\/2022\/2026\/09\/prefeitura-na-rua-leva-servicos-e-atendimento-aos-moradores-do-alto-sumare-nesta-sexta-feira\/","url":"https:\/\/regiaonews.net.br\/2022\/2026\/09\/prefeitura-na-rua-leva-servicos-e-atendimento-aos-moradores-do-alto-sumare-nesta-sexta-feira\/","name":"Prefeitura na Rua leva servi\u00e7os e atendimento aos moradores do Alto Sumar\u00e9 nesta sexta-feira - Regi\u00e3o News","isPartOf":{"@id":"https:\/\/regiaonews.net.br\/2022\/#website"},"primaryImageOfPage":{"@id":"https:\/\/regiaonews.net.br\/2022\/2026\/09\/prefeitura-na-rua-leva-servicos-e-atendimento-aos-moradores-do-alto-sumare-nesta-sexta-feira\/#primaryimage"},"image":{"@id":"https:\/\/regiaonews.net.br\/2022\/2026\/09\/prefeitura-na-rua-leva-servicos-e-atendimento-aos-moradores-do-alto-sumare-nesta-sexta-feira\/#primaryimage"},"thumbnailUrl":"https:\/\/regiaonews.net.br\/2022\/wp-content\/uploads\/2026\/09\/WhatsApp-Image-2026-09-02-at-15.30.47-1.jpeg","datePublished":"2026-09-02T22:24:17+00:00","breadcrumb":{"@id":"https:\/\/regiaonews.net.br\/2022\/2026\/09\/prefeitura-na-rua-leva-servicos-e-atendimento-aos-moradores-do-alto-sumare-nesta-sexta-feira\/#breadcrumb"},"inLanguage":"pt-BR","potentialAction":[{"@type":"ReadAction","target":["https:\/\/regiaonews.net.br\/2022\/2026\/09\/prefeitura-na-rua-leva-servicos-e-atendimento-aos-moradores-do-alto-sumare-nesta-sexta-feira\/"]}]},{"@type":"ImageObject","inLanguage":"pt-BR","@id":"https:\/\/regiaonews.net.br\/2022\/2026\/09\/prefeitura-na-rua-leva-servicos-e-atendimento-aos-moradores-do-alto-sumare-nesta-sexta-feira\/#primaryimage","url":"https:\/\/regiaonews.net.br\/2022\/wp-content\/uploads\/2026\/09\/WhatsApp-Image-2026-09-02-at-15.30.47-1.jpeg","contentUrl":"https:\/\/regiaonews.net.br\/2022\/wp-content\/uploads\/2026\/09\/WhatsApp-Image-2026-09-02-at-15.30.47-1.jpeg","width":1080,"height":1350},{"@type":"BreadcrumbList","@id":"https:\/\/regiaonews.net.br\/2022\/2026\/09\/prefeitura-na-rua-leva-servicos-e-atendimento-aos-moradores-do-alto-sumare-nesta-sexta-feira\/#breadcrumb","itemListElement":[{"@type":"ListItem","position":1,"name":"In\u00edcio","item":"https:\/\/regiaonews.net.br\/2022\/"},{"@type":"ListItem","position":2,"name":"Prefeitura na Rua leva servi\u00e7os e atendimento aos moradores do Alto Sumar\u00e9 nesta sexta-feira"}]},{"@type":"WebSite","@id":"https:\/\/regiaonews.net.br\/2022\/#website","url":"https:\/\/regiaonews.net.br\/2022\/","name":"Regi\u00e3o News","description":"Site de Not\u00edcias de Barretos e regi\u00e3o","publisher":{"@id":"https:\/\/regiaonews.net.br\/2022\/#organization"},"potentialAction":[{"@type":"SearchAction","target":{"@type":"EntryPoint","urlTemplate":"https:\/\/regiaonews.net.br\/2022\/?s={search_term_string}"},"query-input":{"@type":"PropertyValueSpecification","valueRequired":true,"valueName":"search_term_string"}}],"inLanguage":"pt-BR"},{"@type":"Organization","@id":"https:\/\/regiaonews.net.br\/2022\/#organization","name":"Regi\u00e3o News","url":"https:\/\/regiaonews.net.br\/2022\/","logo":{"@type":"ImageObject","inLanguage":"pt-BR","@id":"https:\/\/regiaonews.net.br\/2022\/#\/schema\/logo\/image\/","url":"https:\/\/regiaonews.net.br\/2022\/wp-content\/uploads\/2026\/08\/LOGO-NEW-REG-TR.png","contentUrl":"https:\/\/regiaonews.net.br\/2022\/wp-content\/uploads\/2026\/08\/LOGO-NEW-REG-TR.png","width":360,"height":130,"caption":"Regi\u00e3o News"},"image":{"@id":"https:\/\/regiaonews.net.br\/2022\/#\/schema\/logo\/image\/"}},{"@type":"Person","@id":"https:\/\/regiaonews.net.br\/2022\/#\/schema\/person\/2d205a608a5aa97ac279d7a5e6d89ad8","name":"Roberto","image":{"@type":"ImageObject","inLanguage":"pt-BR","@id":"https:\/\/secure.gravatar.com\/avatar\/42749d8b712ff9d59ca93dc150494e5b55a44134482993f5baeb97e61b7ecc89?s=96&d=mm&r=g","url":"https:\/\/secure.gravatar.com\/avatar\/42749d8b712ff9d59ca93dc150494e5b55a44134482993f5baeb97e61b7ecc89?s=96&d=mm&r=g","contentUrl":"https:\/\/secure.gravatar.com\/avatar\/42749d8b712ff9d59ca93dc150494e5b55a44134482993f5baeb97e61b7ecc89?s=96&d=mm&r=g","caption":"Roberto"},"url":"https:\/\/regiaonews.net.br\/2022\/author\/roberto\/"}]}},"publishpress_future_action":{"enabled":false,"date":"2026-09-10 02:36:32","action":"change-status","newStatus":"draft","terms":[],"taxonomy":"category","extraData":[]},"publishpress_future_workflow_manual_trigger":{"enabledWorkflows":[]},"_links":{"self":[{"href":"https:\/\/regiaonews.net.br\/2022\/wp-json\/wp\/v2\/posts\/132421","targetHints":{"allow":["GET"]}}],"collection":[{"href":"https:\/\/regiaonews.net.br\/2022\/wp-json\/wp\/v2\/posts"}],"about":[{"href":"https:\/\/regiaonews.net.br\/2022\/wp-json\/wp\/v2\/types\/post"}],"author":[{"embeddable":true,"href":"https:\/\/regiaonews.net.br\/2022\/wp-json\/wp\/v2\/users\/2"}],"replies":[{"embeddable":true,"href":"https:\/\/regiaonews.net.br\/2022\/wp-json\/wp\/v2\/comments?post=132421"}],"version-history":[{"count":1,"href":"https:\/\/regiaonews.net.br\/2022\/wp-json\/wp\/v2\/posts\/132421\/revisions"}],"predecessor-version":[{"id":132423,"href":"https:\/\/regiaonews.net.br\/2022\/wp-json\/wp\/v2\/posts\/132421\/revisions\/132423"}],"wp:featuredmedia":[{"embeddable":true,"href":"https:\/\/regiaonews.net.br\/2022\/wp-json\/wp\/v2\/media\/132422"}],"wp:attachment":[{"href":"https:\/\/regiaonews.net.br\/2022\/wp-json\/wp\/v2\/media?parent=132421"}],"wp:term":[{"taxonomy":"category","embeddable":true,"href":"https:\/\/regiaonews.net.br\/2022\/wp-json\/wp\/v2\/categories?post=132421"},{"taxonomy":"post_tag","embeddable":true,"href":"https:\/\/regiaonews.net.br\/2022\/wp-json\/wp\/v2\/tags?post=132421"}],"curies":[{"name":"wp","href":"https:\/\/api.w.org\/{rel}","templated":true}]}}