{"id":132414,"date":"2026-09-02T19:22:13","date_gmt":"2026-09-02T22:22:13","guid":{"rendered":"https:\/\/regiaonews.net.br\/2022\/?p=132414"},"modified":"2026-09-02T19:22:13","modified_gmt":"2026-09-02T22:22:13","slug":"campanha-de-multivacinacao-atualiza-cadernetas-de-mais-de-mil-criancas-e-adolescentes-em-barretos","status":"publish","type":"post","link":"https:\/\/regiaonews.net.br\/2022\/2026\/09\/campanha-de-multivacinacao-atualiza-cadernetas-de-mais-de-mil-criancas-e-adolescentes-em-barretos\/","title":{"rendered":"Campanha de Multivacina\u00e7\u00e3o atualiza cadernetas de mais de mil crian\u00e7as e adolescentes em Barretos"},"content":{"rendered":"<p>A Prefeitura da Est\u00e2ncia Tur\u00edstica de Barretos, por meio da Secretaria Municipal de Sa\u00fade, participou, entre os dias 3 e 31 de agosto, da Campanha Nacional de Multivacina\u00e7\u00e3o 2026, para atualiza\u00e7\u00e3o das cadernetas de vacina\u00e7\u00e3o de crian\u00e7as e adolescentes. Ao todo, 1.247 crian\u00e7as e adolescentes compareceram \u00e0s unidades de sa\u00fade para avalia\u00e7\u00e3o da situa\u00e7\u00e3o vacinal, sendo que 1.075 receberam alguma vacina.<br \/>\nEntre as crian\u00e7as com menos de 1 ano, 579 compareceram, das quais 539 foram vacinadas. Na faixa de 1 a 4 anos, foram 288 comparecimentos, com 231 crian\u00e7as vacinadas. J\u00e1 entre crian\u00e7as e adolescentes de 5 a 14 anos, 380 compareceram e 305 receberam vacina.<\/p>\n<p>Mais de 4,6 mil doses aplicadas<br \/>\nDurante o per\u00edodo da campanha, foram aplicadas 4.670 doses de vacinas em Barretos, considerando tamb\u00e9m os adultos. Desse total, 317 doses foram contra o sarampo. A rede de sa\u00fade local segue as orienta\u00e7\u00f5es do Minist\u00e9rio da Sa\u00fade e da Secretaria de Estado da Sa\u00fade diante das confirma\u00e7\u00f5es de casos no Estado de S\u00e3o Paulo neste ano.<br \/>\nA campanha teve como objetivo ampliar a cobertura vacinal e identificar doses que eventualmente estivessem pendentes, contribuindo para a prote\u00e7\u00e3o contra diversas doen\u00e7as, entre elas formas graves de tuberculose, hepatites A e B, difteria, t\u00e9tano, coqueluche, poliomielite, rotav\u00edrus, pneumonias e meningites causadas por pneumococos e meningococos, influenza, covid-19, febre amarela, sarampo, caxumba, rub\u00e9ola, varicela, infec\u00e7\u00f5es pelo HPV e dengue.<\/p>\n<p>Vacina\u00e7\u00e3o continua nas UBSs e Post\u00e3o<br \/>\nRodrigo Barros, coordenador da Vigil\u00e2ncia Epidemiol\u00f3gica de Barretos, destaca que quem n\u00e3o conseguiu participar da campanha ainda pode procurar uma unidade de sa\u00fade para conferir e, se necess\u00e1rio, atualizar a caderneta, inclusive os adultos. \u201cOs imunizantes previstos no Calend\u00e1rio Nacional de Vacina\u00e7\u00e3o permanecem dispon\u00edveis de segunda a sexta-feira, das 8h \u00e0s 16h, em todas as Unidades B\u00e1sicas de Sa\u00fade. No Post\u00e3o, o atendimento para vacina\u00e7\u00e3o ocorre das 8h \u00e0s 12h\u201d, explicou.<br \/>\nPara se vacinar \u00e9 necess\u00e1rio apresentar documento oficial com foto e, se poss\u00edvel, a caderneta de vacina\u00e7\u00e3o.<\/p>\n","protected":false},"excerpt":{"rendered":"<p>A Prefeitura da Est\u00e2ncia Tur\u00edstica de Barretos, por meio da Secretaria Municipal de Sa\u00fade, participou, entre os dias 3 e 31 de agosto, da Campanha&#8230;<\/p>\n","protected":false},"author":2,"featured_media":132415,"comment_status":"open","ping_status":"open","sticky":false,"template":"","format":"standard","meta":{"_themeisle_gutenberg_block_has_review":false,"footnotes":""},"categories":[14],"tags":[],"class_list":["post-132414","post","type-post","status-publish","format-standard","has-post-thumbnail","hentry","category-barretos"],"yoast_head":"<!-- This site is optimized with the Yoast SEO plugin v28.4 - https:\/\/yoast.com\/product\/yoast-seo-wordpress\/ -->\n<title>Campanha de Multivacina\u00e7\u00e3o atualiza cadernetas de mais de mil crian\u00e7as e adolescentes em Barretos - Regi\u00e3o News<\/title>\n<meta name=\"robots\" content=\"index, follow, max-snippet:-1, max-image-preview:large, max-video-preview:-1\" \/>\n<link rel=\"canonical\" href=\"https:\/\/regiaonews.net.br\/2022\/2026\/09\/campanha-de-multivacinacao-atualiza-cadernetas-de-mais-de-mil-criancas-e-adolescentes-em-barretos\/\" \/>\n<meta property=\"og:locale\" content=\"pt_BR\" \/>\n<meta property=\"og:type\" content=\"article\" \/>\n<meta property=\"og:title\" content=\"Campanha de Multivacina\u00e7\u00e3o atualiza cadernetas de mais de mil crian\u00e7as e adolescentes em Barretos - Regi\u00e3o News\" \/>\n<meta property=\"og:description\" content=\"A Prefeitura da Est\u00e2ncia Tur\u00edstica de Barretos, por meio da Secretaria Municipal de Sa\u00fade, participou, entre os dias 3 e 31 de agosto, da Campanha...\" \/>\n<meta property=\"og:url\" content=\"https:\/\/regiaonews.net.br\/2022\/2026\/09\/campanha-de-multivacinacao-atualiza-cadernetas-de-mais-de-mil-criancas-e-adolescentes-em-barretos\/\" \/>\n<meta property=\"og:site_name\" content=\"Regi\u00e3o News\" \/>\n<meta property=\"article:published_time\" content=\"2026-09-02T22:22:13+00:00\" \/>\n<meta property=\"og:image\" content=\"https:\/\/regiaonews.net.br\/2022\/wp-content\/uploads\/2026\/09\/WhatsApp-Image-2026-09-02-at-15.30.48.jpeg\" \/>\n\t<meta property=\"og:image:width\" content=\"1600\" \/>\n\t<meta property=\"og:image:height\" content=\"1001\" \/>\n\t<meta property=\"og:image:type\" content=\"image\/jpeg\" \/>\n<meta name=\"author\" content=\"Roberto\" \/>\n<meta name=\"twitter:card\" content=\"summary_large_image\" \/>\n<meta name=\"twitter:label1\" content=\"Escrito por\" \/>\n\t<meta name=\"twitter:data1\" content=\"Roberto\" \/>\n\t<meta name=\"twitter:label2\" content=\"Est. tempo de leitura\" \/>\n\t<meta name=\"twitter:data2\" content=\"2 minutos\" \/>\n<script type=\"application\/ld+json\" class=\"yoast-schema-graph\">{\"@context\":\"https:\\\/\\\/schema.org\",\"@graph\":[{\"@type\":\"Article\",\"@id\":\"https:\\\/\\\/regiaonews.net.br\\\/2022\\\/2026\\\/09\\\/campanha-de-multivacinacao-atualiza-cadernetas-de-mais-de-mil-criancas-e-adolescentes-em-barretos\\\/#article\",\"isPartOf\":{\"@id\":\"https:\\\/\\\/regiaonews.net.br\\\/2022\\\/2026\\\/09\\\/campanha-de-multivacinacao-atualiza-cadernetas-de-mais-de-mil-criancas-e-adolescentes-em-barretos\\\/\"},\"author\":{\"name\":\"Roberto\",\"@id\":\"https:\\\/\\\/regiaonews.net.br\\\/2022\\\/#\\\/schema\\\/person\\\/2d205a608a5aa97ac279d7a5e6d89ad8\"},\"headline\":\"Campanha de Multivacina\u00e7\u00e3o atualiza cadernetas de mais de mil crian\u00e7as e adolescentes em Barretos\",\"datePublished\":\"2026-09-02T22:22:13+00:00\",\"mainEntityOfPage\":{\"@id\":\"https:\\\/\\\/regiaonews.net.br\\\/2022\\\/2026\\\/09\\\/campanha-de-multivacinacao-atualiza-cadernetas-de-mais-de-mil-criancas-e-adolescentes-em-barretos\\\/\"},\"wordCount\":363,\"commentCount\":0,\"publisher\":{\"@id\":\"https:\\\/\\\/regiaonews.net.br\\\/2022\\\/#organization\"},\"image\":{\"@id\":\"https:\\\/\\\/regiaonews.net.br\\\/2022\\\/2026\\\/09\\\/campanha-de-multivacinacao-atualiza-cadernetas-de-mais-de-mil-criancas-e-adolescentes-em-barretos\\\/#primaryimage\"},\"thumbnailUrl\":\"https:\\\/\\\/regiaonews.net.br\\\/2022\\\/wp-content\\\/uploads\\\/2026\\\/09\\\/WhatsApp-Image-2026-09-02-at-15.30.48.jpeg\",\"articleSection\":[\"Barretos\"],\"inLanguage\":\"pt-BR\",\"potentialAction\":[{\"@type\":\"CommentAction\",\"name\":\"Comment\",\"target\":[\"https:\\\/\\\/regiaonews.net.br\\\/2022\\\/2026\\\/09\\\/campanha-de-multivacinacao-atualiza-cadernetas-de-mais-de-mil-criancas-e-adolescentes-em-barretos\\\/#respond\"]}]},{\"@type\":\"WebPage\",\"@id\":\"https:\\\/\\\/regiaonews.net.br\\\/2022\\\/2026\\\/09\\\/campanha-de-multivacinacao-atualiza-cadernetas-de-mais-de-mil-criancas-e-adolescentes-em-barretos\\\/\",\"url\":\"https:\\\/\\\/regiaonews.net.br\\\/2022\\\/2026\\\/09\\\/campanha-de-multivacinacao-atualiza-cadernetas-de-mais-de-mil-criancas-e-adolescentes-em-barretos\\\/\",\"name\":\"Campanha de Multivacina\u00e7\u00e3o atualiza cadernetas de mais de mil crian\u00e7as e adolescentes em Barretos - Regi\u00e3o News\",\"isPartOf\":{\"@id\":\"https:\\\/\\\/regiaonews.net.br\\\/2022\\\/#website\"},\"primaryImageOfPage\":{\"@id\":\"https:\\\/\\\/regiaonews.net.br\\\/2022\\\/2026\\\/09\\\/campanha-de-multivacinacao-atualiza-cadernetas-de-mais-de-mil-criancas-e-adolescentes-em-barretos\\\/#primaryimage\"},\"image\":{\"@id\":\"https:\\\/\\\/regiaonews.net.br\\\/2022\\\/2026\\\/09\\\/campanha-de-multivacinacao-atualiza-cadernetas-de-mais-de-mil-criancas-e-adolescentes-em-barretos\\\/#primaryimage\"},\"thumbnailUrl\":\"https:\\\/\\\/regiaonews.net.br\\\/2022\\\/wp-content\\\/uploads\\\/2026\\\/09\\\/WhatsApp-Image-2026-09-02-at-15.30.48.jpeg\",\"datePublished\":\"2026-09-02T22:22:13+00:00\",\"breadcrumb\":{\"@id\":\"https:\\\/\\\/regiaonews.net.br\\\/2022\\\/2026\\\/09\\\/campanha-de-multivacinacao-atualiza-cadernetas-de-mais-de-mil-criancas-e-adolescentes-em-barretos\\\/#breadcrumb\"},\"inLanguage\":\"pt-BR\",\"potentialAction\":[{\"@type\":\"ReadAction\",\"target\":[\"https:\\\/\\\/regiaonews.net.br\\\/2022\\\/2026\\\/09\\\/campanha-de-multivacinacao-atualiza-cadernetas-de-mais-de-mil-criancas-e-adolescentes-em-barretos\\\/\"]}]},{\"@type\":\"ImageObject\",\"inLanguage\":\"pt-BR\",\"@id\":\"https:\\\/\\\/regiaonews.net.br\\\/2022\\\/2026\\\/09\\\/campanha-de-multivacinacao-atualiza-cadernetas-de-mais-de-mil-criancas-e-adolescentes-em-barretos\\\/#primaryimage\",\"url\":\"https:\\\/\\\/regiaonews.net.br\\\/2022\\\/wp-content\\\/uploads\\\/2026\\\/09\\\/WhatsApp-Image-2026-09-02-at-15.30.48.jpeg\",\"contentUrl\":\"https:\\\/\\\/regiaonews.net.br\\\/2022\\\/wp-content\\\/uploads\\\/2026\\\/09\\\/WhatsApp-Image-2026-09-02-at-15.30.48.jpeg\",\"width\":1600,\"height\":1001},{\"@type\":\"BreadcrumbList\",\"@id\":\"https:\\\/\\\/regiaonews.net.br\\\/2022\\\/2026\\\/09\\\/campanha-de-multivacinacao-atualiza-cadernetas-de-mais-de-mil-criancas-e-adolescentes-em-barretos\\\/#breadcrumb\",\"itemListElement\":[{\"@type\":\"ListItem\",\"position\":1,\"name\":\"In\u00edcio\",\"item\":\"https:\\\/\\\/regiaonews.net.br\\\/2022\\\/\"},{\"@type\":\"ListItem\",\"position\":2,\"name\":\"Campanha de Multivacina\u00e7\u00e3o atualiza cadernetas de mais de mil crian\u00e7as e adolescentes em Barretos\"}]},{\"@type\":\"WebSite\",\"@id\":\"https:\\\/\\\/regiaonews.net.br\\\/2022\\\/#website\",\"url\":\"https:\\\/\\\/regiaonews.net.br\\\/2022\\\/\",\"name\":\"Regi\u00e3o News\",\"description\":\"Site de Not\u00edcias de Barretos e regi\u00e3o\",\"publisher\":{\"@id\":\"https:\\\/\\\/regiaonews.net.br\\\/2022\\\/#organization\"},\"potentialAction\":[{\"@type\":\"SearchAction\",\"target\":{\"@type\":\"EntryPoint\",\"urlTemplate\":\"https:\\\/\\\/regiaonews.net.br\\\/2022\\\/?s={search_term_string}\"},\"query-input\":{\"@type\":\"PropertyValueSpecification\",\"valueRequired\":true,\"valueName\":\"search_term_string\"}}],\"inLanguage\":\"pt-BR\"},{\"@type\":\"Organization\",\"@id\":\"https:\\\/\\\/regiaonews.net.br\\\/2022\\\/#organization\",\"name\":\"Regi\u00e3o News\",\"url\":\"https:\\\/\\\/regiaonews.net.br\\\/2022\\\/\",\"logo\":{\"@type\":\"ImageObject\",\"inLanguage\":\"pt-BR\",\"@id\":\"https:\\\/\\\/regiaonews.net.br\\\/2022\\\/#\\\/schema\\\/logo\\\/image\\\/\",\"url\":\"https:\\\/\\\/regiaonews.net.br\\\/2022\\\/wp-content\\\/uploads\\\/2026\\\/08\\\/LOGO-NEW-REG-TR.png\",\"contentUrl\":\"https:\\\/\\\/regiaonews.net.br\\\/2022\\\/wp-content\\\/uploads\\\/2026\\\/08\\\/LOGO-NEW-REG-TR.png\",\"width\":360,\"height\":130,\"caption\":\"Regi\u00e3o News\"},\"image\":{\"@id\":\"https:\\\/\\\/regiaonews.net.br\\\/2022\\\/#\\\/schema\\\/logo\\\/image\\\/\"}},{\"@type\":\"Person\",\"@id\":\"https:\\\/\\\/regiaonews.net.br\\\/2022\\\/#\\\/schema\\\/person\\\/2d205a608a5aa97ac279d7a5e6d89ad8\",\"name\":\"Roberto\",\"image\":{\"@type\":\"ImageObject\",\"inLanguage\":\"pt-BR\",\"@id\":\"https:\\\/\\\/secure.gravatar.com\\\/avatar\\\/42749d8b712ff9d59ca93dc150494e5b55a44134482993f5baeb97e61b7ecc89?s=96&d=mm&r=g\",\"url\":\"https:\\\/\\\/secure.gravatar.com\\\/avatar\\\/42749d8b712ff9d59ca93dc150494e5b55a44134482993f5baeb97e61b7ecc89?s=96&d=mm&r=g\",\"contentUrl\":\"https:\\\/\\\/secure.gravatar.com\\\/avatar\\\/42749d8b712ff9d59ca93dc150494e5b55a44134482993f5baeb97e61b7ecc89?s=96&d=mm&r=g\",\"caption\":\"Roberto\"},\"url\":\"https:\\\/\\\/regiaonews.net.br\\\/2022\\\/author\\\/roberto\\\/\"}]}<\/script>\n<!-- \/ Yoast SEO plugin. -->","yoast_head_json":{"title":"Campanha de Multivacina\u00e7\u00e3o atualiza cadernetas de mais de mil crian\u00e7as e adolescentes em Barretos - Regi\u00e3o News","robots":{"index":"index","follow":"follow","max-snippet":"max-snippet:-1","max-image-preview":"max-image-preview:large","max-video-preview":"max-video-preview:-1"},"canonical":"https:\/\/regiaonews.net.br\/2022\/2026\/09\/campanha-de-multivacinacao-atualiza-cadernetas-de-mais-de-mil-criancas-e-adolescentes-em-barretos\/","og_locale":"pt_BR","og_type":"article","og_title":"Campanha de Multivacina\u00e7\u00e3o atualiza cadernetas de mais de mil crian\u00e7as e adolescentes em Barretos - Regi\u00e3o News","og_description":"A Prefeitura da Est\u00e2ncia Tur\u00edstica de Barretos, por meio da Secretaria Municipal de Sa\u00fade, participou, entre os dias 3 e 31 de agosto, da Campanha...","og_url":"https:\/\/regiaonews.net.br\/2022\/2026\/09\/campanha-de-multivacinacao-atualiza-cadernetas-de-mais-de-mil-criancas-e-adolescentes-em-barretos\/","og_site_name":"Regi\u00e3o News","article_published_time":"2026-09-02T22:22:13+00:00","og_image":[{"width":1600,"height":1001,"url":"https:\/\/regiaonews.net.br\/2022\/wp-content\/uploads\/2026\/09\/WhatsApp-Image-2026-09-02-at-15.30.48.jpeg","type":"image\/jpeg"}],"author":"Roberto","twitter_card":"summary_large_image","twitter_misc":{"Escrito por":"Roberto","Est. tempo de leitura":"2 minutos"},"schema":{"@context":"https:\/\/schema.org","@graph":[{"@type":"Article","@id":"https:\/\/regiaonews.net.br\/2022\/2026\/09\/campanha-de-multivacinacao-atualiza-cadernetas-de-mais-de-mil-criancas-e-adolescentes-em-barretos\/#article","isPartOf":{"@id":"https:\/\/regiaonews.net.br\/2022\/2026\/09\/campanha-de-multivacinacao-atualiza-cadernetas-de-mais-de-mil-criancas-e-adolescentes-em-barretos\/"},"author":{"name":"Roberto","@id":"https:\/\/regiaonews.net.br\/2022\/#\/schema\/person\/2d205a608a5aa97ac279d7a5e6d89ad8"},"headline":"Campanha de Multivacina\u00e7\u00e3o atualiza cadernetas de mais de mil crian\u00e7as e adolescentes em Barretos","datePublished":"2026-09-02T22:22:13+00:00","mainEntityOfPage":{"@id":"https:\/\/regiaonews.net.br\/2022\/2026\/09\/campanha-de-multivacinacao-atualiza-cadernetas-de-mais-de-mil-criancas-e-adolescentes-em-barretos\/"},"wordCount":363,"commentCount":0,"publisher":{"@id":"https:\/\/regiaonews.net.br\/2022\/#organization"},"image":{"@id":"https:\/\/regiaonews.net.br\/2022\/2026\/09\/campanha-de-multivacinacao-atualiza-cadernetas-de-mais-de-mil-criancas-e-adolescentes-em-barretos\/#primaryimage"},"thumbnailUrl":"https:\/\/regiaonews.net.br\/2022\/wp-content\/uploads\/2026\/09\/WhatsApp-Image-2026-09-02-at-15.30.48.jpeg","articleSection":["Barretos"],"inLanguage":"pt-BR","potentialAction":[{"@type":"CommentAction","name":"Comment","target":["https:\/\/regiaonews.net.br\/2022\/2026\/09\/campanha-de-multivacinacao-atualiza-cadernetas-de-mais-de-mil-criancas-e-adolescentes-em-barretos\/#respond"]}]},{"@type":"WebPage","@id":"https:\/\/regiaonews.net.br\/2022\/2026\/09\/campanha-de-multivacinacao-atualiza-cadernetas-de-mais-de-mil-criancas-e-adolescentes-em-barretos\/","url":"https:\/\/regiaonews.net.br\/2022\/2026\/09\/campanha-de-multivacinacao-atualiza-cadernetas-de-mais-de-mil-criancas-e-adolescentes-em-barretos\/","name":"Campanha de Multivacina\u00e7\u00e3o atualiza cadernetas de mais de mil crian\u00e7as e adolescentes em Barretos - Regi\u00e3o News","isPartOf":{"@id":"https:\/\/regiaonews.net.br\/2022\/#website"},"primaryImageOfPage":{"@id":"https:\/\/regiaonews.net.br\/2022\/2026\/09\/campanha-de-multivacinacao-atualiza-cadernetas-de-mais-de-mil-criancas-e-adolescentes-em-barretos\/#primaryimage"},"image":{"@id":"https:\/\/regiaonews.net.br\/2022\/2026\/09\/campanha-de-multivacinacao-atualiza-cadernetas-de-mais-de-mil-criancas-e-adolescentes-em-barretos\/#primaryimage"},"thumbnailUrl":"https:\/\/regiaonews.net.br\/2022\/wp-content\/uploads\/2026\/09\/WhatsApp-Image-2026-09-02-at-15.30.48.jpeg","datePublished":"2026-09-02T22:22:13+00:00","breadcrumb":{"@id":"https:\/\/regiaonews.net.br\/2022\/2026\/09\/campanha-de-multivacinacao-atualiza-cadernetas-de-mais-de-mil-criancas-e-adolescentes-em-barretos\/#breadcrumb"},"inLanguage":"pt-BR","potentialAction":[{"@type":"ReadAction","target":["https:\/\/regiaonews.net.br\/2022\/2026\/09\/campanha-de-multivacinacao-atualiza-cadernetas-de-mais-de-mil-criancas-e-adolescentes-em-barretos\/"]}]},{"@type":"ImageObject","inLanguage":"pt-BR","@id":"https:\/\/regiaonews.net.br\/2022\/2026\/09\/campanha-de-multivacinacao-atualiza-cadernetas-de-mais-de-mil-criancas-e-adolescentes-em-barretos\/#primaryimage","url":"https:\/\/regiaonews.net.br\/2022\/wp-content\/uploads\/2026\/09\/WhatsApp-Image-2026-09-02-at-15.30.48.jpeg","contentUrl":"https:\/\/regiaonews.net.br\/2022\/wp-content\/uploads\/2026\/09\/WhatsApp-Image-2026-09-02-at-15.30.48.jpeg","width":1600,"height":1001},{"@type":"BreadcrumbList","@id":"https:\/\/regiaonews.net.br\/2022\/2026\/09\/campanha-de-multivacinacao-atualiza-cadernetas-de-mais-de-mil-criancas-e-adolescentes-em-barretos\/#breadcrumb","itemListElement":[{"@type":"ListItem","position":1,"name":"In\u00edcio","item":"https:\/\/regiaonews.net.br\/2022\/"},{"@type":"ListItem","position":2,"name":"Campanha de Multivacina\u00e7\u00e3o atualiza cadernetas de mais de mil crian\u00e7as e adolescentes em Barretos"}]},{"@type":"WebSite","@id":"https:\/\/regiaonews.net.br\/2022\/#website","url":"https:\/\/regiaonews.net.br\/2022\/","name":"Regi\u00e3o News","description":"Site de Not\u00edcias de Barretos e regi\u00e3o","publisher":{"@id":"https:\/\/regiaonews.net.br\/2022\/#organization"},"potentialAction":[{"@type":"SearchAction","target":{"@type":"EntryPoint","urlTemplate":"https:\/\/regiaonews.net.br\/2022\/?s={search_term_string}"},"query-input":{"@type":"PropertyValueSpecification","valueRequired":true,"valueName":"search_term_string"}}],"inLanguage":"pt-BR"},{"@type":"Organization","@id":"https:\/\/regiaonews.net.br\/2022\/#organization","name":"Regi\u00e3o News","url":"https:\/\/regiaonews.net.br\/2022\/","logo":{"@type":"ImageObject","inLanguage":"pt-BR","@id":"https:\/\/regiaonews.net.br\/2022\/#\/schema\/logo\/image\/","url":"https:\/\/regiaonews.net.br\/2022\/wp-content\/uploads\/2026\/08\/LOGO-NEW-REG-TR.png","contentUrl":"https:\/\/regiaonews.net.br\/2022\/wp-content\/uploads\/2026\/08\/LOGO-NEW-REG-TR.png","width":360,"height":130,"caption":"Regi\u00e3o News"},"image":{"@id":"https:\/\/regiaonews.net.br\/2022\/#\/schema\/logo\/image\/"}},{"@type":"Person","@id":"https:\/\/regiaonews.net.br\/2022\/#\/schema\/person\/2d205a608a5aa97ac279d7a5e6d89ad8","name":"Roberto","image":{"@type":"ImageObject","inLanguage":"pt-BR","@id":"https:\/\/secure.gravatar.com\/avatar\/42749d8b712ff9d59ca93dc150494e5b55a44134482993f5baeb97e61b7ecc89?s=96&d=mm&r=g","url":"https:\/\/secure.gravatar.com\/avatar\/42749d8b712ff9d59ca93dc150494e5b55a44134482993f5baeb97e61b7ecc89?s=96&d=mm&r=g","contentUrl":"https:\/\/secure.gravatar.com\/avatar\/42749d8b712ff9d59ca93dc150494e5b55a44134482993f5baeb97e61b7ecc89?s=96&d=mm&r=g","caption":"Roberto"},"url":"https:\/\/regiaonews.net.br\/2022\/author\/roberto\/"}]}},"publishpress_future_action":{"enabled":false,"date":"2026-09-10 02:36:04","action":"change-status","newStatus":"draft","terms":[],"taxonomy":"category","extraData":[]},"publishpress_future_workflow_manual_trigger":{"enabledWorkflows":[]},"_links":{"self":[{"href":"https:\/\/regiaonews.net.br\/2022\/wp-json\/wp\/v2\/posts\/132414","targetHints":{"allow":["GET"]}}],"collection":[{"href":"https:\/\/regiaonews.net.br\/2022\/wp-json\/wp\/v2\/posts"}],"about":[{"href":"https:\/\/regiaonews.net.br\/2022\/wp-json\/wp\/v2\/types\/post"}],"author":[{"embeddable":true,"href":"https:\/\/regiaonews.net.br\/2022\/wp-json\/wp\/v2\/users\/2"}],"replies":[{"embeddable":true,"href":"https:\/\/regiaonews.net.br\/2022\/wp-json\/wp\/v2\/comments?post=132414"}],"version-history":[{"count":1,"href":"https:\/\/regiaonews.net.br\/2022\/wp-json\/wp\/v2\/posts\/132414\/revisions"}],"predecessor-version":[{"id":132416,"href":"https:\/\/regiaonews.net.br\/2022\/wp-json\/wp\/v2\/posts\/132414\/revisions\/132416"}],"wp:featuredmedia":[{"embeddable":true,"href":"https:\/\/regiaonews.net.br\/2022\/wp-json\/wp\/v2\/media\/132415"}],"wp:attachment":[{"href":"https:\/\/regiaonews.net.br\/2022\/wp-json\/wp\/v2\/media?parent=132414"}],"wp:term":[{"taxonomy":"category","embeddable":true,"href":"https:\/\/regiaonews.net.br\/2022\/wp-json\/wp\/v2\/categories?post=132414"},{"taxonomy":"post_tag","embeddable":true,"href":"https:\/\/regiaonews.net.br\/2022\/wp-json\/wp\/v2\/tags?post=132414"}],"curies":[{"name":"wp","href":"https:\/\/api.w.org\/{rel}","templated":true}]}}