{"id":132398,"date":"2026-09-01T20:01:29","date_gmt":"2026-09-01T23:01:29","guid":{"rendered":"https:\/\/regiaonews.net.br\/2022\/?p=132398"},"modified":"2026-09-01T20:01:37","modified_gmt":"2026-09-01T23:01:37","slug":"prefeitura-recebe-empresario-e-influenciador-para-discutir-possivel-instalacao-de-industria-de-suplementos-em-barretos","status":"publish","type":"post","link":"https:\/\/regiaonews.net.br\/2022\/2026\/09\/prefeitura-recebe-empresario-e-influenciador-para-discutir-possivel-instalacao-de-industria-de-suplementos-em-barretos\/","title":{"rendered":"Prefeitura recebe empres\u00e1rio e influenciador para discutir poss\u00edvel instala\u00e7\u00e3o de ind\u00fastria de suplementos em Barretos"},"content":{"rendered":"<p>Primeiro encontro teve como objetivo conhecer as oportunidades oferecidas pelo munic\u00edpio e avaliar a implanta\u00e7\u00e3o de uma filial da empresa, que j\u00e1 possui unidade em Ol\u00edmpia<\/p>\n<p>O prefeito de Barretos, Odair Silva, recebeu, no gabinete, representantes da Ourocaps Ind\u00fastria de Suplementos para uma primeira conversa sobre a possibilidade de instala\u00e7\u00e3o de uma filial da empresa no munic\u00edpio. O encontro teve como objetivo apresentar as oportunidades oferecidas por Barretos e conhecer os planos de expans\u00e3o da ind\u00fastria.<\/p>\n<p>Com sede em Ol\u00edmpia (SP), a Ourocaps atua no segmento de suplementos e conta atualmente com cerca de 80 colaboradores. Durante a reuni\u00e3o, o empres\u00e1rio Jean Carlos Cabral, s\u00f3cio-propriet\u00e1rio da empresa, apresentou os planos de expans\u00e3o e destacou o interesse em avaliar Barretos como uma poss\u00edvel nova unidade industrial.<\/p>\n<p>\u201cViemos hoje em busca de solu\u00e7\u00f5es e para conversar sobre a possibilidade de trazer a ind\u00fastria para Barretos. Estamos crescendo e queremos entender o que a cidade tem a oferecer para que possamos realizar essa expans\u00e3o\u201d, explicou Jean Carlos Cabral.<\/p>\n<p>Segundo o empres\u00e1rio, entre os fatores que despertaram o interesse pelo munic\u00edpio est\u00e3o a localiza\u00e7\u00e3o estrat\u00e9gica, a estrutura log\u00edstica e o potencial de crescimento de Barretos. Ele tamb\u00e9m destacou a inten\u00e7\u00e3o de priorizar a contrata\u00e7\u00e3o de m\u00e3o de obra local caso o projeto avance.<\/p>\n<p>A expectativa apresentada durante a reuni\u00e3o \u00e9 que, em um horizonte de tr\u00eas a cinco anos, a expans\u00e3o possa representar a gera\u00e7\u00e3o de 100 a 300 postos de trabalho, conforme o crescimento planejado pela empresa.<\/p>\n<p>\u201cBarretos \u00e9 uma cidade que tem uma localiza\u00e7\u00e3o muito importante, com acesso a grandes rodovias, o que favorece a nossa log\u00edstica. Tamb\u00e9m buscamos uma administra\u00e7\u00e3o parceira e, principalmente, queremos contribuir com a cidade por meio da gera\u00e7\u00e3o de empregos e oportunidades para a popula\u00e7\u00e3o\u201d, afirmou o empres\u00e1rio.<\/p>\n<p>O secret\u00e1rio municipal de Desenvolvimento Econ\u00f4mico &amp; Inova\u00e7\u00e3o, Thyago Santos Abra\u00e3o Reis, destacou a import\u00e2ncia da aproxima\u00e7\u00e3o entre o munic\u00edpio e empresas interessadas em investir na cidade.<\/p>\n<p>\u201cBarretos tem um potencial enorme para receber novos investimentos. Nosso papel \u00e9 apresentar as oportunidades do munic\u00edpio, aproximar o poder p\u00fablico dos empres\u00e1rios e criar condi\u00e7\u00f5es para que novos neg\u00f3cios possam se instalar e gerar emprego e renda. Estamos trabalhando para que Barretos seja cada vez mais uma cidade atrativa para quem quer investir e crescer\u201d, afirmou.<\/p>\n<p>O apresentador e influenciador digital Everton Neguinho tamb\u00e9m participou da reuni\u00e3o como um dos articuladores do primeiro contato entre o empres\u00e1rio e o munic\u00edpio. Segundo ele, a aproxima\u00e7\u00e3o surgiu a partir de conversas com empres\u00e1rios de diferentes regi\u00f5es e da busca por oportunidades de novos investimentos para Barretos.<\/p>\n<p>\u201c\u00c9 uma empresa que est\u00e1 em crescimento e que, se conseguir se instalar aqui, poder\u00e1 trazer renda e empregos para a cidade. A ideia \u00e9 justamente aproximar empres\u00e1rios e apresentar Barretos como um munic\u00edpio preparado para receber novos investimentos\u201d, destacou.<\/p>\n<p>Tamb\u00e9m participaram do encontro o chefe de Gabinete da Prefeitura de Barretos, Jhonatha Silva; o empres\u00e1rio Renato Reis; o empres\u00e1rio Luan Moreira; e o corretor de im\u00f3veis Iuenderson Carlos de Andrade.<\/p>\n<p>O prefeito Odair ressaltou a import\u00e2ncia de estabelecer di\u00e1logo com empreendedores interessados em investir no munic\u00edpio e destacou que a Prefeitura est\u00e1 aberta a conhecer novos projetos que possam contribuir para o desenvolvimento econ\u00f4mico e a gera\u00e7\u00e3o de empregos.<\/p>\n<p>Este foi o primeiro encontro entre a empresa e a Administra\u00e7\u00e3o Municipal. A partir da reuni\u00e3o, ser\u00e3o avaliadas as condi\u00e7\u00f5es, necessidades e possibilidades para uma eventual instala\u00e7\u00e3o da filial em Barretos. Ainda n\u00e3o h\u00e1 defini\u00e7\u00e3o sobre a implanta\u00e7\u00e3o da unidade, e novas conversas dever\u00e3o ocorrer para o avan\u00e7o das tratativas.<\/p>\n<p>A Prefeitura de Barretos segue buscando fortalecer o ambiente de neg\u00f3cios, atrair novos investimentos e ampliar as oportunidades de emprego e renda para a popula\u00e7\u00e3o.<\/p>\n","protected":false},"excerpt":{"rendered":"<p>Primeiro encontro teve como objetivo conhecer as oportunidades oferecidas pelo munic\u00edpio e avaliar a implanta\u00e7\u00e3o de uma filial da empresa, que j\u00e1 possui unidade em&#8230;<\/p>\n","protected":false},"author":2,"featured_media":132399,"comment_status":"open","ping_status":"open","sticky":false,"template":"","format":"standard","meta":{"_themeisle_gutenberg_block_has_review":false,"footnotes":""},"categories":[14],"tags":[],"class_list":["post-132398","post","type-post","status-publish","format-standard","has-post-thumbnail","hentry","category-barretos"],"yoast_head":"<!-- This site is optimized with the Yoast SEO plugin v28.4 - https:\/\/yoast.com\/product\/yoast-seo-wordpress\/ -->\n<title>Prefeitura recebe empres\u00e1rio e influenciador para discutir poss\u00edvel instala\u00e7\u00e3o de ind\u00fastria de suplementos em Barretos - Regi\u00e3o News<\/title>\n<meta name=\"robots\" content=\"index, follow, max-snippet:-1, max-image-preview:large, max-video-preview:-1\" \/>\n<link rel=\"canonical\" href=\"https:\/\/regiaonews.net.br\/2022\/2026\/09\/prefeitura-recebe-empresario-e-influenciador-para-discutir-possivel-instalacao-de-industria-de-suplementos-em-barretos\/\" \/>\n<meta property=\"og:locale\" content=\"pt_BR\" \/>\n<meta property=\"og:type\" content=\"article\" \/>\n<meta property=\"og:title\" content=\"Prefeitura recebe empres\u00e1rio e influenciador para discutir poss\u00edvel instala\u00e7\u00e3o de ind\u00fastria de suplementos em Barretos - Regi\u00e3o News\" \/>\n<meta property=\"og:description\" content=\"Primeiro encontro teve como objetivo conhecer as oportunidades oferecidas pelo munic\u00edpio e avaliar a implanta\u00e7\u00e3o de uma filial da empresa, que j\u00e1 possui unidade em...\" \/>\n<meta property=\"og:url\" content=\"https:\/\/regiaonews.net.br\/2022\/2026\/09\/prefeitura-recebe-empresario-e-influenciador-para-discutir-possivel-instalacao-de-industria-de-suplementos-em-barretos\/\" \/>\n<meta property=\"og:site_name\" content=\"Regi\u00e3o News\" \/>\n<meta property=\"article:published_time\" content=\"2026-09-01T23:01:29+00:00\" \/>\n<meta property=\"article:modified_time\" content=\"2026-09-01T23:01:37+00:00\" \/>\n<meta property=\"og:image\" content=\"https:\/\/regiaonews.net.br\/2022\/wp-content\/uploads\/2026\/09\/WhatsApp-Image-2026-09-01-at-15.52.03.jpeg\" \/>\n\t<meta property=\"og:image:width\" content=\"1280\" \/>\n\t<meta property=\"og:image:height\" content=\"720\" \/>\n\t<meta property=\"og:image:type\" content=\"image\/jpeg\" \/>\n<meta name=\"author\" content=\"Roberto\" \/>\n<meta name=\"twitter:card\" content=\"summary_large_image\" \/>\n<meta name=\"twitter:label1\" content=\"Escrito por\" \/>\n\t<meta name=\"twitter:data1\" content=\"Roberto\" \/>\n\t<meta name=\"twitter:label2\" content=\"Est. tempo de leitura\" \/>\n\t<meta name=\"twitter:data2\" content=\"4 minutos\" \/>\n<script type=\"application\/ld+json\" class=\"yoast-schema-graph\">{\"@context\":\"https:\\\/\\\/schema.org\",\"@graph\":[{\"@type\":\"Article\",\"@id\":\"https:\\\/\\\/regiaonews.net.br\\\/2022\\\/2026\\\/09\\\/prefeitura-recebe-empresario-e-influenciador-para-discutir-possivel-instalacao-de-industria-de-suplementos-em-barretos\\\/#article\",\"isPartOf\":{\"@id\":\"https:\\\/\\\/regiaonews.net.br\\\/2022\\\/2026\\\/09\\\/prefeitura-recebe-empresario-e-influenciador-para-discutir-possivel-instalacao-de-industria-de-suplementos-em-barretos\\\/\"},\"author\":{\"name\":\"Roberto\",\"@id\":\"https:\\\/\\\/regiaonews.net.br\\\/2022\\\/#\\\/schema\\\/person\\\/2d205a608a5aa97ac279d7a5e6d89ad8\"},\"headline\":\"Prefeitura recebe empres\u00e1rio e influenciador para discutir poss\u00edvel instala\u00e7\u00e3o de ind\u00fastria de suplementos em Barretos\",\"datePublished\":\"2026-09-01T23:01:29+00:00\",\"dateModified\":\"2026-09-01T23:01:37+00:00\",\"mainEntityOfPage\":{\"@id\":\"https:\\\/\\\/regiaonews.net.br\\\/2022\\\/2026\\\/09\\\/prefeitura-recebe-empresario-e-influenciador-para-discutir-possivel-instalacao-de-industria-de-suplementos-em-barretos\\\/\"},\"wordCount\":700,\"commentCount\":0,\"publisher\":{\"@id\":\"https:\\\/\\\/regiaonews.net.br\\\/2022\\\/#organization\"},\"image\":{\"@id\":\"https:\\\/\\\/regiaonews.net.br\\\/2022\\\/2026\\\/09\\\/prefeitura-recebe-empresario-e-influenciador-para-discutir-possivel-instalacao-de-industria-de-suplementos-em-barretos\\\/#primaryimage\"},\"thumbnailUrl\":\"https:\\\/\\\/regiaonews.net.br\\\/2022\\\/wp-content\\\/uploads\\\/2026\\\/09\\\/WhatsApp-Image-2026-09-01-at-15.52.03.jpeg\",\"articleSection\":[\"Barretos\"],\"inLanguage\":\"pt-BR\",\"potentialAction\":[{\"@type\":\"CommentAction\",\"name\":\"Comment\",\"target\":[\"https:\\\/\\\/regiaonews.net.br\\\/2022\\\/2026\\\/09\\\/prefeitura-recebe-empresario-e-influenciador-para-discutir-possivel-instalacao-de-industria-de-suplementos-em-barretos\\\/#respond\"]}]},{\"@type\":\"WebPage\",\"@id\":\"https:\\\/\\\/regiaonews.net.br\\\/2022\\\/2026\\\/09\\\/prefeitura-recebe-empresario-e-influenciador-para-discutir-possivel-instalacao-de-industria-de-suplementos-em-barretos\\\/\",\"url\":\"https:\\\/\\\/regiaonews.net.br\\\/2022\\\/2026\\\/09\\\/prefeitura-recebe-empresario-e-influenciador-para-discutir-possivel-instalacao-de-industria-de-suplementos-em-barretos\\\/\",\"name\":\"Prefeitura recebe empres\u00e1rio e influenciador para discutir poss\u00edvel instala\u00e7\u00e3o de ind\u00fastria de suplementos em Barretos - Regi\u00e3o News\",\"isPartOf\":{\"@id\":\"https:\\\/\\\/regiaonews.net.br\\\/2022\\\/#website\"},\"primaryImageOfPage\":{\"@id\":\"https:\\\/\\\/regiaonews.net.br\\\/2022\\\/2026\\\/09\\\/prefeitura-recebe-empresario-e-influenciador-para-discutir-possivel-instalacao-de-industria-de-suplementos-em-barretos\\\/#primaryimage\"},\"image\":{\"@id\":\"https:\\\/\\\/regiaonews.net.br\\\/2022\\\/2026\\\/09\\\/prefeitura-recebe-empresario-e-influenciador-para-discutir-possivel-instalacao-de-industria-de-suplementos-em-barretos\\\/#primaryimage\"},\"thumbnailUrl\":\"https:\\\/\\\/regiaonews.net.br\\\/2022\\\/wp-content\\\/uploads\\\/2026\\\/09\\\/WhatsApp-Image-2026-09-01-at-15.52.03.jpeg\",\"datePublished\":\"2026-09-01T23:01:29+00:00\",\"dateModified\":\"2026-09-01T23:01:37+00:00\",\"breadcrumb\":{\"@id\":\"https:\\\/\\\/regiaonews.net.br\\\/2022\\\/2026\\\/09\\\/prefeitura-recebe-empresario-e-influenciador-para-discutir-possivel-instalacao-de-industria-de-suplementos-em-barretos\\\/#breadcrumb\"},\"inLanguage\":\"pt-BR\",\"potentialAction\":[{\"@type\":\"ReadAction\",\"target\":[\"https:\\\/\\\/regiaonews.net.br\\\/2022\\\/2026\\\/09\\\/prefeitura-recebe-empresario-e-influenciador-para-discutir-possivel-instalacao-de-industria-de-suplementos-em-barretos\\\/\"]}]},{\"@type\":\"ImageObject\",\"inLanguage\":\"pt-BR\",\"@id\":\"https:\\\/\\\/regiaonews.net.br\\\/2022\\\/2026\\\/09\\\/prefeitura-recebe-empresario-e-influenciador-para-discutir-possivel-instalacao-de-industria-de-suplementos-em-barretos\\\/#primaryimage\",\"url\":\"https:\\\/\\\/regiaonews.net.br\\\/2022\\\/wp-content\\\/uploads\\\/2026\\\/09\\\/WhatsApp-Image-2026-09-01-at-15.52.03.jpeg\",\"contentUrl\":\"https:\\\/\\\/regiaonews.net.br\\\/2022\\\/wp-content\\\/uploads\\\/2026\\\/09\\\/WhatsApp-Image-2026-09-01-at-15.52.03.jpeg\",\"width\":1280,\"height\":720},{\"@type\":\"BreadcrumbList\",\"@id\":\"https:\\\/\\\/regiaonews.net.br\\\/2022\\\/2026\\\/09\\\/prefeitura-recebe-empresario-e-influenciador-para-discutir-possivel-instalacao-de-industria-de-suplementos-em-barretos\\\/#breadcrumb\",\"itemListElement\":[{\"@type\":\"ListItem\",\"position\":1,\"name\":\"In\u00edcio\",\"item\":\"https:\\\/\\\/regiaonews.net.br\\\/2022\\\/\"},{\"@type\":\"ListItem\",\"position\":2,\"name\":\"Prefeitura recebe empres\u00e1rio e influenciador para discutir poss\u00edvel instala\u00e7\u00e3o de ind\u00fastria de suplementos em Barretos\"}]},{\"@type\":\"WebSite\",\"@id\":\"https:\\\/\\\/regiaonews.net.br\\\/2022\\\/#website\",\"url\":\"https:\\\/\\\/regiaonews.net.br\\\/2022\\\/\",\"name\":\"Regi\u00e3o News\",\"description\":\"Site de Not\u00edcias de Barretos e regi\u00e3o\",\"publisher\":{\"@id\":\"https:\\\/\\\/regiaonews.net.br\\\/2022\\\/#organization\"},\"potentialAction\":[{\"@type\":\"SearchAction\",\"target\":{\"@type\":\"EntryPoint\",\"urlTemplate\":\"https:\\\/\\\/regiaonews.net.br\\\/2022\\\/?s={search_term_string}\"},\"query-input\":{\"@type\":\"PropertyValueSpecification\",\"valueRequired\":true,\"valueName\":\"search_term_string\"}}],\"inLanguage\":\"pt-BR\"},{\"@type\":\"Organization\",\"@id\":\"https:\\\/\\\/regiaonews.net.br\\\/2022\\\/#organization\",\"name\":\"Regi\u00e3o News\",\"url\":\"https:\\\/\\\/regiaonews.net.br\\\/2022\\\/\",\"logo\":{\"@type\":\"ImageObject\",\"inLanguage\":\"pt-BR\",\"@id\":\"https:\\\/\\\/regiaonews.net.br\\\/2022\\\/#\\\/schema\\\/logo\\\/image\\\/\",\"url\":\"https:\\\/\\\/regiaonews.net.br\\\/2022\\\/wp-content\\\/uploads\\\/2026\\\/08\\\/LOGO-NEW-REG-TR.png\",\"contentUrl\":\"https:\\\/\\\/regiaonews.net.br\\\/2022\\\/wp-content\\\/uploads\\\/2026\\\/08\\\/LOGO-NEW-REG-TR.png\",\"width\":360,\"height\":130,\"caption\":\"Regi\u00e3o News\"},\"image\":{\"@id\":\"https:\\\/\\\/regiaonews.net.br\\\/2022\\\/#\\\/schema\\\/logo\\\/image\\\/\"}},{\"@type\":\"Person\",\"@id\":\"https:\\\/\\\/regiaonews.net.br\\\/2022\\\/#\\\/schema\\\/person\\\/2d205a608a5aa97ac279d7a5e6d89ad8\",\"name\":\"Roberto\",\"image\":{\"@type\":\"ImageObject\",\"inLanguage\":\"pt-BR\",\"@id\":\"https:\\\/\\\/secure.gravatar.com\\\/avatar\\\/42749d8b712ff9d59ca93dc150494e5b55a44134482993f5baeb97e61b7ecc89?s=96&d=mm&r=g\",\"url\":\"https:\\\/\\\/secure.gravatar.com\\\/avatar\\\/42749d8b712ff9d59ca93dc150494e5b55a44134482993f5baeb97e61b7ecc89?s=96&d=mm&r=g\",\"contentUrl\":\"https:\\\/\\\/secure.gravatar.com\\\/avatar\\\/42749d8b712ff9d59ca93dc150494e5b55a44134482993f5baeb97e61b7ecc89?s=96&d=mm&r=g\",\"caption\":\"Roberto\"},\"url\":\"https:\\\/\\\/regiaonews.net.br\\\/2022\\\/author\\\/roberto\\\/\"}]}<\/script>\n<!-- \/ Yoast SEO plugin. -->","yoast_head_json":{"title":"Prefeitura recebe empres\u00e1rio e influenciador para discutir poss\u00edvel instala\u00e7\u00e3o de ind\u00fastria de suplementos em Barretos - Regi\u00e3o News","robots":{"index":"index","follow":"follow","max-snippet":"max-snippet:-1","max-image-preview":"max-image-preview:large","max-video-preview":"max-video-preview:-1"},"canonical":"https:\/\/regiaonews.net.br\/2022\/2026\/09\/prefeitura-recebe-empresario-e-influenciador-para-discutir-possivel-instalacao-de-industria-de-suplementos-em-barretos\/","og_locale":"pt_BR","og_type":"article","og_title":"Prefeitura recebe empres\u00e1rio e influenciador para discutir poss\u00edvel instala\u00e7\u00e3o de ind\u00fastria de suplementos em Barretos - Regi\u00e3o News","og_description":"Primeiro encontro teve como objetivo conhecer as oportunidades oferecidas pelo munic\u00edpio e avaliar a implanta\u00e7\u00e3o de uma filial da empresa, que j\u00e1 possui unidade em...","og_url":"https:\/\/regiaonews.net.br\/2022\/2026\/09\/prefeitura-recebe-empresario-e-influenciador-para-discutir-possivel-instalacao-de-industria-de-suplementos-em-barretos\/","og_site_name":"Regi\u00e3o News","article_published_time":"2026-09-01T23:01:29+00:00","article_modified_time":"2026-09-01T23:01:37+00:00","og_image":[{"width":1280,"height":720,"url":"https:\/\/regiaonews.net.br\/2022\/wp-content\/uploads\/2026\/09\/WhatsApp-Image-2026-09-01-at-15.52.03.jpeg","type":"image\/jpeg"}],"author":"Roberto","twitter_card":"summary_large_image","twitter_misc":{"Escrito por":"Roberto","Est. tempo de leitura":"4 minutos"},"schema":{"@context":"https:\/\/schema.org","@graph":[{"@type":"Article","@id":"https:\/\/regiaonews.net.br\/2022\/2026\/09\/prefeitura-recebe-empresario-e-influenciador-para-discutir-possivel-instalacao-de-industria-de-suplementos-em-barretos\/#article","isPartOf":{"@id":"https:\/\/regiaonews.net.br\/2022\/2026\/09\/prefeitura-recebe-empresario-e-influenciador-para-discutir-possivel-instalacao-de-industria-de-suplementos-em-barretos\/"},"author":{"name":"Roberto","@id":"https:\/\/regiaonews.net.br\/2022\/#\/schema\/person\/2d205a608a5aa97ac279d7a5e6d89ad8"},"headline":"Prefeitura recebe empres\u00e1rio e influenciador para discutir poss\u00edvel instala\u00e7\u00e3o de ind\u00fastria de suplementos em Barretos","datePublished":"2026-09-01T23:01:29+00:00","dateModified":"2026-09-01T23:01:37+00:00","mainEntityOfPage":{"@id":"https:\/\/regiaonews.net.br\/2022\/2026\/09\/prefeitura-recebe-empresario-e-influenciador-para-discutir-possivel-instalacao-de-industria-de-suplementos-em-barretos\/"},"wordCount":700,"commentCount":0,"publisher":{"@id":"https:\/\/regiaonews.net.br\/2022\/#organization"},"image":{"@id":"https:\/\/regiaonews.net.br\/2022\/2026\/09\/prefeitura-recebe-empresario-e-influenciador-para-discutir-possivel-instalacao-de-industria-de-suplementos-em-barretos\/#primaryimage"},"thumbnailUrl":"https:\/\/regiaonews.net.br\/2022\/wp-content\/uploads\/2026\/09\/WhatsApp-Image-2026-09-01-at-15.52.03.jpeg","articleSection":["Barretos"],"inLanguage":"pt-BR","potentialAction":[{"@type":"CommentAction","name":"Comment","target":["https:\/\/regiaonews.net.br\/2022\/2026\/09\/prefeitura-recebe-empresario-e-influenciador-para-discutir-possivel-instalacao-de-industria-de-suplementos-em-barretos\/#respond"]}]},{"@type":"WebPage","@id":"https:\/\/regiaonews.net.br\/2022\/2026\/09\/prefeitura-recebe-empresario-e-influenciador-para-discutir-possivel-instalacao-de-industria-de-suplementos-em-barretos\/","url":"https:\/\/regiaonews.net.br\/2022\/2026\/09\/prefeitura-recebe-empresario-e-influenciador-para-discutir-possivel-instalacao-de-industria-de-suplementos-em-barretos\/","name":"Prefeitura recebe empres\u00e1rio e influenciador para discutir poss\u00edvel instala\u00e7\u00e3o de ind\u00fastria de suplementos em Barretos - Regi\u00e3o News","isPartOf":{"@id":"https:\/\/regiaonews.net.br\/2022\/#website"},"primaryImageOfPage":{"@id":"https:\/\/regiaonews.net.br\/2022\/2026\/09\/prefeitura-recebe-empresario-e-influenciador-para-discutir-possivel-instalacao-de-industria-de-suplementos-em-barretos\/#primaryimage"},"image":{"@id":"https:\/\/regiaonews.net.br\/2022\/2026\/09\/prefeitura-recebe-empresario-e-influenciador-para-discutir-possivel-instalacao-de-industria-de-suplementos-em-barretos\/#primaryimage"},"thumbnailUrl":"https:\/\/regiaonews.net.br\/2022\/wp-content\/uploads\/2026\/09\/WhatsApp-Image-2026-09-01-at-15.52.03.jpeg","datePublished":"2026-09-01T23:01:29+00:00","dateModified":"2026-09-01T23:01:37+00:00","breadcrumb":{"@id":"https:\/\/regiaonews.net.br\/2022\/2026\/09\/prefeitura-recebe-empresario-e-influenciador-para-discutir-possivel-instalacao-de-industria-de-suplementos-em-barretos\/#breadcrumb"},"inLanguage":"pt-BR","potentialAction":[{"@type":"ReadAction","target":["https:\/\/regiaonews.net.br\/2022\/2026\/09\/prefeitura-recebe-empresario-e-influenciador-para-discutir-possivel-instalacao-de-industria-de-suplementos-em-barretos\/"]}]},{"@type":"ImageObject","inLanguage":"pt-BR","@id":"https:\/\/regiaonews.net.br\/2022\/2026\/09\/prefeitura-recebe-empresario-e-influenciador-para-discutir-possivel-instalacao-de-industria-de-suplementos-em-barretos\/#primaryimage","url":"https:\/\/regiaonews.net.br\/2022\/wp-content\/uploads\/2026\/09\/WhatsApp-Image-2026-09-01-at-15.52.03.jpeg","contentUrl":"https:\/\/regiaonews.net.br\/2022\/wp-content\/uploads\/2026\/09\/WhatsApp-Image-2026-09-01-at-15.52.03.jpeg","width":1280,"height":720},{"@type":"BreadcrumbList","@id":"https:\/\/regiaonews.net.br\/2022\/2026\/09\/prefeitura-recebe-empresario-e-influenciador-para-discutir-possivel-instalacao-de-industria-de-suplementos-em-barretos\/#breadcrumb","itemListElement":[{"@type":"ListItem","position":1,"name":"In\u00edcio","item":"https:\/\/regiaonews.net.br\/2022\/"},{"@type":"ListItem","position":2,"name":"Prefeitura recebe empres\u00e1rio e influenciador para discutir poss\u00edvel instala\u00e7\u00e3o de ind\u00fastria de suplementos em Barretos"}]},{"@type":"WebSite","@id":"https:\/\/regiaonews.net.br\/2022\/#website","url":"https:\/\/regiaonews.net.br\/2022\/","name":"Regi\u00e3o News","description":"Site de Not\u00edcias de Barretos e regi\u00e3o","publisher":{"@id":"https:\/\/regiaonews.net.br\/2022\/#organization"},"potentialAction":[{"@type":"SearchAction","target":{"@type":"EntryPoint","urlTemplate":"https:\/\/regiaonews.net.br\/2022\/?s={search_term_string}"},"query-input":{"@type":"PropertyValueSpecification","valueRequired":true,"valueName":"search_term_string"}}],"inLanguage":"pt-BR"},{"@type":"Organization","@id":"https:\/\/regiaonews.net.br\/2022\/#organization","name":"Regi\u00e3o News","url":"https:\/\/regiaonews.net.br\/2022\/","logo":{"@type":"ImageObject","inLanguage":"pt-BR","@id":"https:\/\/regiaonews.net.br\/2022\/#\/schema\/logo\/image\/","url":"https:\/\/regiaonews.net.br\/2022\/wp-content\/uploads\/2026\/08\/LOGO-NEW-REG-TR.png","contentUrl":"https:\/\/regiaonews.net.br\/2022\/wp-content\/uploads\/2026\/08\/LOGO-NEW-REG-TR.png","width":360,"height":130,"caption":"Regi\u00e3o News"},"image":{"@id":"https:\/\/regiaonews.net.br\/2022\/#\/schema\/logo\/image\/"}},{"@type":"Person","@id":"https:\/\/regiaonews.net.br\/2022\/#\/schema\/person\/2d205a608a5aa97ac279d7a5e6d89ad8","name":"Roberto","image":{"@type":"ImageObject","inLanguage":"pt-BR","@id":"https:\/\/secure.gravatar.com\/avatar\/42749d8b712ff9d59ca93dc150494e5b55a44134482993f5baeb97e61b7ecc89?s=96&d=mm&r=g","url":"https:\/\/secure.gravatar.com\/avatar\/42749d8b712ff9d59ca93dc150494e5b55a44134482993f5baeb97e61b7ecc89?s=96&d=mm&r=g","contentUrl":"https:\/\/secure.gravatar.com\/avatar\/42749d8b712ff9d59ca93dc150494e5b55a44134482993f5baeb97e61b7ecc89?s=96&d=mm&r=g","caption":"Roberto"},"url":"https:\/\/regiaonews.net.br\/2022\/author\/roberto\/"}]}},"publishpress_future_action":{"enabled":false,"date":"2026-09-09 03:37:25","action":"change-status","newStatus":"draft","terms":[],"taxonomy":"category","extraData":[]},"publishpress_future_workflow_manual_trigger":{"enabledWorkflows":[]},"_links":{"self":[{"href":"https:\/\/regiaonews.net.br\/2022\/wp-json\/wp\/v2\/posts\/132398","targetHints":{"allow":["GET"]}}],"collection":[{"href":"https:\/\/regiaonews.net.br\/2022\/wp-json\/wp\/v2\/posts"}],"about":[{"href":"https:\/\/regiaonews.net.br\/2022\/wp-json\/wp\/v2\/types\/post"}],"author":[{"embeddable":true,"href":"https:\/\/regiaonews.net.br\/2022\/wp-json\/wp\/v2\/users\/2"}],"replies":[{"embeddable":true,"href":"https:\/\/regiaonews.net.br\/2022\/wp-json\/wp\/v2\/comments?post=132398"}],"version-history":[{"count":1,"href":"https:\/\/regiaonews.net.br\/2022\/wp-json\/wp\/v2\/posts\/132398\/revisions"}],"predecessor-version":[{"id":132400,"href":"https:\/\/regiaonews.net.br\/2022\/wp-json\/wp\/v2\/posts\/132398\/revisions\/132400"}],"wp:featuredmedia":[{"embeddable":true,"href":"https:\/\/regiaonews.net.br\/2022\/wp-json\/wp\/v2\/media\/132399"}],"wp:attachment":[{"href":"https:\/\/regiaonews.net.br\/2022\/wp-json\/wp\/v2\/media?parent=132398"}],"wp:term":[{"taxonomy":"category","embeddable":true,"href":"https:\/\/regiaonews.net.br\/2022\/wp-json\/wp\/v2\/categories?post=132398"},{"taxonomy":"post_tag","embeddable":true,"href":"https:\/\/regiaonews.net.br\/2022\/wp-json\/wp\/v2\/tags?post=132398"}],"curies":[{"name":"wp","href":"https:\/\/api.w.org\/{rel}","templated":true}]}}