{"id":132395,"date":"2026-09-01T19:59:42","date_gmt":"2026-09-01T22:59:42","guid":{"rendered":"https:\/\/regiaonews.net.br\/2022\/?p=132395"},"modified":"2026-09-01T19:59:50","modified_gmt":"2026-09-01T22:59:50","slug":"prefeitura-de-barretos-inicia-obras-de-reforma-e-recuperacao-no-corrego-do-aleixo","status":"publish","type":"post","link":"https:\/\/regiaonews.net.br\/2022\/2026\/09\/prefeitura-de-barretos-inicia-obras-de-reforma-e-recuperacao-no-corrego-do-aleixo\/","title":{"rendered":"Prefeitura de Barretos inicia obras de reforma e recupera\u00e7\u00e3o no C\u00f3rrego do Aleixo"},"content":{"rendered":"<p>A Prefeitura da Est\u00e2ncia Tur\u00edstica de Barretos, por meio da Secretaria Municipal de Obras e Servi\u00e7os Urbanos, iniciou nesta ter\u00e7a-feira, 1\u00b0 de setembro, as obras de reforma e recupera\u00e7\u00e3o da eros\u00e3o nas margens do C\u00f3rrego do Aleixo, no trecho da Avenida 7 com a Rua 12, regi\u00e3o central da cidade.<br \/>\nO Secret\u00e1rio Municipal de Obras, Thiago Vasconcelos, acompanhou o in\u00edcio dos trabalhos e ressaltou o empenho para solucionar definitivamente o problema estrutural do canal.<br \/>\n\u201cEssa \u00e9 uma obra emergencial extremamente necess\u00e1ria. N\u00f3s tivemos o colapso do muro de conten\u00e7\u00e3o ap\u00f3s os epis\u00f3dios de chuvas intensas e, agora, com a libera\u00e7\u00e3o e os recursos viabilizados junto \u00e0 Defesa Civil Estadual, estamos iniciando os trabalhos. O servi\u00e7o vai abranger a recomposi\u00e7\u00e3o das paredes do canal e tamb\u00e9m a interven\u00e7\u00e3o necess\u00e1ria no fundo do c\u00f3rrego para sanar a causa do problema, garantindo a estabilidade da estrutura e a seguran\u00e7a da popula\u00e7\u00e3o que trafega por essa regi\u00e3o&#8221;, disse.<br \/>\nO investimento no local \u00e9 de R$ 1.547.430,25 e foi viabilizado por meio da Defesa Civil Estadual. O contrato prev\u00ea um prazo de execu\u00e7\u00e3o de at\u00e9 18 meses, podendo ser conclu\u00eddo antecipadamente a depender das condi\u00e7\u00f5es clim\u00e1ticas ao longo do per\u00edodo das obras.<br \/>\nNa \u00faltima semana, o prefeito Odair Silva e o chefe da Casa Militar e coordenador estadual de Prote\u00e7\u00e3o e Defesa Civil, coronel Rinaldo de Ara\u00fajo Monteiro, tamb\u00e9m estiveram no local para vistoria.<br \/>\nSegundo o prefeito, a interven\u00e7\u00e3o \u00e9 necess\u00e1ria devido \u00e0 import\u00e2ncia da via para a circula\u00e7\u00e3o de ve\u00edculos e para o acesso \u00e0 cidade. \u201cEssa \u00e9 uma obra que a gente precisa fazer agora, com consist\u00eancia. \u00c9 uma via extremamente importante, que \u00e9 um elo de liga\u00e7\u00e3o e uma sa\u00edda da cidade, principalmente para os caminh\u00f5es do frigor\u00edfico\u201d, destacou.<br \/>\nPara o coronel Ara\u00fajo Monteiro, a obra tamb\u00e9m tem relev\u00e2ncia para a Defesa Civil do Estado de S\u00e3o Paulo. \u201cA gente sabe da import\u00e2ncia do tr\u00e2nsito para as pessoas poderem circular com tranquilidade, com seguran\u00e7a, para elas poderem cumprir os seus compromissos e terem dignidade no seu direito de ir e vir\u201d, afirmou.<\/p>\n<p>Hist\u00f3rico da obra<br \/>\nA conten\u00e7\u00e3o do local com muros de gabi\u00e3o havia sido executada em 2022 em car\u00e1ter emergencial para conter danos causados por fortes tempestades. Logo ap\u00f3s a entrega, em agosto de 2022, a empresa executora da obra emitiu um primeiro alerta por meio de of\u00edcio sobre a necessidade urgente de construir uma laje de concretagem no fundo do canal para estabilidade do sistema.<br \/>\nEm janeiro de 2023, a Secretaria de Obras notificou a empresa a respeito do surgimento de trincas e fissuras no pavimento asf\u00e1ltico da via. Em resposta, a empresa reeditou o alerta t\u00e9cnico, esclarecendo que a trinca no asfalto decorria justamente da aus\u00eancia do revestimento no fundo do c\u00f3rrego.<br \/>\nSem a realiza\u00e7\u00e3o da concretagem do fundo \u00e0 \u00e9poca, chuvas intensas no dia 13 de dezembro de 2025 provocaram o desbarrancamento do muro gabi\u00e3o. Ap\u00f3s o colapso da estrutura, a prefeitura notificou a empresa para acionar a garantia da obra. No entanto, a construtora reiterou ter alertado formalmente a gest\u00e3o municipal passada em duas ocasi\u00f5es anteriores sobre o risco de colapso caso o fundo n\u00e3o fosse concretado.<br \/>\n\u201cEmbora o colapso da estrutura tenha ocorrido em dezembro, o in\u00edcio das obras dependia da libera\u00e7\u00e3o oficial da Defesa Civil. A demora se deu pelo fato de o trecho j\u00e1 ter recebido investimentos p\u00fablicos anteriores para o mesmo servi\u00e7o. Por conta disso, os \u00f3rg\u00e3os t\u00e9cnicos precisaram realizar uma vistoria detalhada no local para apurar a responsabilidade do sinistro, analisar o hist\u00f3rico das interven\u00e7\u00f5es e formalizar o laudo que permitiu o aporte de novos recursos\u201d, destacou o secret\u00e1rio.<\/p>\n","protected":false},"excerpt":{"rendered":"<p>A Prefeitura da Est\u00e2ncia Tur\u00edstica de Barretos, por meio da Secretaria Municipal de Obras e Servi\u00e7os Urbanos, iniciou nesta ter\u00e7a-feira, 1\u00b0 de setembro, as obras&#8230;<\/p>\n","protected":false},"author":2,"featured_media":132396,"comment_status":"open","ping_status":"open","sticky":false,"template":"","format":"standard","meta":{"_themeisle_gutenberg_block_has_review":false,"footnotes":""},"categories":[14],"tags":[],"class_list":["post-132395","post","type-post","status-publish","format-standard","has-post-thumbnail","hentry","category-barretos"],"yoast_head":"<!-- This site is optimized with the Yoast SEO plugin v28.4 - https:\/\/yoast.com\/product\/yoast-seo-wordpress\/ -->\n<title>Prefeitura de Barretos inicia obras de reforma e recupera\u00e7\u00e3o no C\u00f3rrego do Aleixo - Regi\u00e3o News<\/title>\n<meta name=\"robots\" content=\"index, follow, max-snippet:-1, max-image-preview:large, max-video-preview:-1\" \/>\n<link rel=\"canonical\" href=\"https:\/\/regiaonews.net.br\/2022\/2026\/09\/prefeitura-de-barretos-inicia-obras-de-reforma-e-recuperacao-no-corrego-do-aleixo\/\" \/>\n<meta property=\"og:locale\" content=\"pt_BR\" \/>\n<meta property=\"og:type\" content=\"article\" \/>\n<meta property=\"og:title\" content=\"Prefeitura de Barretos inicia obras de reforma e recupera\u00e7\u00e3o no C\u00f3rrego do Aleixo - Regi\u00e3o News\" \/>\n<meta property=\"og:description\" content=\"A Prefeitura da Est\u00e2ncia Tur\u00edstica de Barretos, por meio da Secretaria Municipal de Obras e Servi\u00e7os Urbanos, iniciou nesta ter\u00e7a-feira, 1\u00b0 de setembro, as obras...\" \/>\n<meta property=\"og:url\" content=\"https:\/\/regiaonews.net.br\/2022\/2026\/09\/prefeitura-de-barretos-inicia-obras-de-reforma-e-recuperacao-no-corrego-do-aleixo\/\" \/>\n<meta property=\"og:site_name\" content=\"Regi\u00e3o News\" \/>\n<meta property=\"article:published_time\" content=\"2026-09-01T22:59:42+00:00\" \/>\n<meta property=\"article:modified_time\" content=\"2026-09-01T22:59:50+00:00\" \/>\n<meta property=\"og:image\" content=\"https:\/\/regiaonews.net.br\/2022\/wp-content\/uploads\/2026\/09\/WhatsApp-Image-2026-09-01-at-15.52.15.jpeg\" \/>\n\t<meta property=\"og:image:width\" content=\"1280\" \/>\n\t<meta property=\"og:image:height\" content=\"960\" \/>\n\t<meta property=\"og:image:type\" content=\"image\/jpeg\" \/>\n<meta name=\"author\" content=\"Roberto\" \/>\n<meta name=\"twitter:card\" content=\"summary_large_image\" \/>\n<meta name=\"twitter:label1\" content=\"Escrito por\" \/>\n\t<meta name=\"twitter:data1\" content=\"Roberto\" \/>\n\t<meta name=\"twitter:label2\" content=\"Est. tempo de leitura\" \/>\n\t<meta name=\"twitter:data2\" content=\"4 minutos\" \/>\n<script type=\"application\/ld+json\" class=\"yoast-schema-graph\">{\"@context\":\"https:\\\/\\\/schema.org\",\"@graph\":[{\"@type\":\"Article\",\"@id\":\"https:\\\/\\\/regiaonews.net.br\\\/2022\\\/2026\\\/09\\\/prefeitura-de-barretos-inicia-obras-de-reforma-e-recuperacao-no-corrego-do-aleixo\\\/#article\",\"isPartOf\":{\"@id\":\"https:\\\/\\\/regiaonews.net.br\\\/2022\\\/2026\\\/09\\\/prefeitura-de-barretos-inicia-obras-de-reforma-e-recuperacao-no-corrego-do-aleixo\\\/\"},\"author\":{\"name\":\"Roberto\",\"@id\":\"https:\\\/\\\/regiaonews.net.br\\\/2022\\\/#\\\/schema\\\/person\\\/2d205a608a5aa97ac279d7a5e6d89ad8\"},\"headline\":\"Prefeitura de Barretos inicia obras de reforma e recupera\u00e7\u00e3o no C\u00f3rrego do Aleixo\",\"datePublished\":\"2026-09-01T22:59:42+00:00\",\"dateModified\":\"2026-09-01T22:59:50+00:00\",\"mainEntityOfPage\":{\"@id\":\"https:\\\/\\\/regiaonews.net.br\\\/2022\\\/2026\\\/09\\\/prefeitura-de-barretos-inicia-obras-de-reforma-e-recuperacao-no-corrego-do-aleixo\\\/\"},\"wordCount\":667,\"commentCount\":0,\"publisher\":{\"@id\":\"https:\\\/\\\/regiaonews.net.br\\\/2022\\\/#organization\"},\"image\":{\"@id\":\"https:\\\/\\\/regiaonews.net.br\\\/2022\\\/2026\\\/09\\\/prefeitura-de-barretos-inicia-obras-de-reforma-e-recuperacao-no-corrego-do-aleixo\\\/#primaryimage\"},\"thumbnailUrl\":\"https:\\\/\\\/regiaonews.net.br\\\/2022\\\/wp-content\\\/uploads\\\/2026\\\/09\\\/WhatsApp-Image-2026-09-01-at-15.52.15.jpeg\",\"articleSection\":[\"Barretos\"],\"inLanguage\":\"pt-BR\",\"potentialAction\":[{\"@type\":\"CommentAction\",\"name\":\"Comment\",\"target\":[\"https:\\\/\\\/regiaonews.net.br\\\/2022\\\/2026\\\/09\\\/prefeitura-de-barretos-inicia-obras-de-reforma-e-recuperacao-no-corrego-do-aleixo\\\/#respond\"]}]},{\"@type\":\"WebPage\",\"@id\":\"https:\\\/\\\/regiaonews.net.br\\\/2022\\\/2026\\\/09\\\/prefeitura-de-barretos-inicia-obras-de-reforma-e-recuperacao-no-corrego-do-aleixo\\\/\",\"url\":\"https:\\\/\\\/regiaonews.net.br\\\/2022\\\/2026\\\/09\\\/prefeitura-de-barretos-inicia-obras-de-reforma-e-recuperacao-no-corrego-do-aleixo\\\/\",\"name\":\"Prefeitura de Barretos inicia obras de reforma e recupera\u00e7\u00e3o no C\u00f3rrego do Aleixo - Regi\u00e3o News\",\"isPartOf\":{\"@id\":\"https:\\\/\\\/regiaonews.net.br\\\/2022\\\/#website\"},\"primaryImageOfPage\":{\"@id\":\"https:\\\/\\\/regiaonews.net.br\\\/2022\\\/2026\\\/09\\\/prefeitura-de-barretos-inicia-obras-de-reforma-e-recuperacao-no-corrego-do-aleixo\\\/#primaryimage\"},\"image\":{\"@id\":\"https:\\\/\\\/regiaonews.net.br\\\/2022\\\/2026\\\/09\\\/prefeitura-de-barretos-inicia-obras-de-reforma-e-recuperacao-no-corrego-do-aleixo\\\/#primaryimage\"},\"thumbnailUrl\":\"https:\\\/\\\/regiaonews.net.br\\\/2022\\\/wp-content\\\/uploads\\\/2026\\\/09\\\/WhatsApp-Image-2026-09-01-at-15.52.15.jpeg\",\"datePublished\":\"2026-09-01T22:59:42+00:00\",\"dateModified\":\"2026-09-01T22:59:50+00:00\",\"breadcrumb\":{\"@id\":\"https:\\\/\\\/regiaonews.net.br\\\/2022\\\/2026\\\/09\\\/prefeitura-de-barretos-inicia-obras-de-reforma-e-recuperacao-no-corrego-do-aleixo\\\/#breadcrumb\"},\"inLanguage\":\"pt-BR\",\"potentialAction\":[{\"@type\":\"ReadAction\",\"target\":[\"https:\\\/\\\/regiaonews.net.br\\\/2022\\\/2026\\\/09\\\/prefeitura-de-barretos-inicia-obras-de-reforma-e-recuperacao-no-corrego-do-aleixo\\\/\"]}]},{\"@type\":\"ImageObject\",\"inLanguage\":\"pt-BR\",\"@id\":\"https:\\\/\\\/regiaonews.net.br\\\/2022\\\/2026\\\/09\\\/prefeitura-de-barretos-inicia-obras-de-reforma-e-recuperacao-no-corrego-do-aleixo\\\/#primaryimage\",\"url\":\"https:\\\/\\\/regiaonews.net.br\\\/2022\\\/wp-content\\\/uploads\\\/2026\\\/09\\\/WhatsApp-Image-2026-09-01-at-15.52.15.jpeg\",\"contentUrl\":\"https:\\\/\\\/regiaonews.net.br\\\/2022\\\/wp-content\\\/uploads\\\/2026\\\/09\\\/WhatsApp-Image-2026-09-01-at-15.52.15.jpeg\",\"width\":1280,\"height\":960},{\"@type\":\"BreadcrumbList\",\"@id\":\"https:\\\/\\\/regiaonews.net.br\\\/2022\\\/2026\\\/09\\\/prefeitura-de-barretos-inicia-obras-de-reforma-e-recuperacao-no-corrego-do-aleixo\\\/#breadcrumb\",\"itemListElement\":[{\"@type\":\"ListItem\",\"position\":1,\"name\":\"In\u00edcio\",\"item\":\"https:\\\/\\\/regiaonews.net.br\\\/2022\\\/\"},{\"@type\":\"ListItem\",\"position\":2,\"name\":\"Prefeitura de Barretos inicia obras de reforma e recupera\u00e7\u00e3o no C\u00f3rrego do Aleixo\"}]},{\"@type\":\"WebSite\",\"@id\":\"https:\\\/\\\/regiaonews.net.br\\\/2022\\\/#website\",\"url\":\"https:\\\/\\\/regiaonews.net.br\\\/2022\\\/\",\"name\":\"Regi\u00e3o News\",\"description\":\"Site de Not\u00edcias de Barretos e regi\u00e3o\",\"publisher\":{\"@id\":\"https:\\\/\\\/regiaonews.net.br\\\/2022\\\/#organization\"},\"potentialAction\":[{\"@type\":\"SearchAction\",\"target\":{\"@type\":\"EntryPoint\",\"urlTemplate\":\"https:\\\/\\\/regiaonews.net.br\\\/2022\\\/?s={search_term_string}\"},\"query-input\":{\"@type\":\"PropertyValueSpecification\",\"valueRequired\":true,\"valueName\":\"search_term_string\"}}],\"inLanguage\":\"pt-BR\"},{\"@type\":\"Organization\",\"@id\":\"https:\\\/\\\/regiaonews.net.br\\\/2022\\\/#organization\",\"name\":\"Regi\u00e3o News\",\"url\":\"https:\\\/\\\/regiaonews.net.br\\\/2022\\\/\",\"logo\":{\"@type\":\"ImageObject\",\"inLanguage\":\"pt-BR\",\"@id\":\"https:\\\/\\\/regiaonews.net.br\\\/2022\\\/#\\\/schema\\\/logo\\\/image\\\/\",\"url\":\"https:\\\/\\\/regiaonews.net.br\\\/2022\\\/wp-content\\\/uploads\\\/2026\\\/08\\\/LOGO-NEW-REG-TR.png\",\"contentUrl\":\"https:\\\/\\\/regiaonews.net.br\\\/2022\\\/wp-content\\\/uploads\\\/2026\\\/08\\\/LOGO-NEW-REG-TR.png\",\"width\":360,\"height\":130,\"caption\":\"Regi\u00e3o News\"},\"image\":{\"@id\":\"https:\\\/\\\/regiaonews.net.br\\\/2022\\\/#\\\/schema\\\/logo\\\/image\\\/\"}},{\"@type\":\"Person\",\"@id\":\"https:\\\/\\\/regiaonews.net.br\\\/2022\\\/#\\\/schema\\\/person\\\/2d205a608a5aa97ac279d7a5e6d89ad8\",\"name\":\"Roberto\",\"image\":{\"@type\":\"ImageObject\",\"inLanguage\":\"pt-BR\",\"@id\":\"https:\\\/\\\/secure.gravatar.com\\\/avatar\\\/42749d8b712ff9d59ca93dc150494e5b55a44134482993f5baeb97e61b7ecc89?s=96&d=mm&r=g\",\"url\":\"https:\\\/\\\/secure.gravatar.com\\\/avatar\\\/42749d8b712ff9d59ca93dc150494e5b55a44134482993f5baeb97e61b7ecc89?s=96&d=mm&r=g\",\"contentUrl\":\"https:\\\/\\\/secure.gravatar.com\\\/avatar\\\/42749d8b712ff9d59ca93dc150494e5b55a44134482993f5baeb97e61b7ecc89?s=96&d=mm&r=g\",\"caption\":\"Roberto\"},\"url\":\"https:\\\/\\\/regiaonews.net.br\\\/2022\\\/author\\\/roberto\\\/\"}]}<\/script>\n<!-- \/ Yoast SEO plugin. -->","yoast_head_json":{"title":"Prefeitura de Barretos inicia obras de reforma e recupera\u00e7\u00e3o no C\u00f3rrego do Aleixo - Regi\u00e3o News","robots":{"index":"index","follow":"follow","max-snippet":"max-snippet:-1","max-image-preview":"max-image-preview:large","max-video-preview":"max-video-preview:-1"},"canonical":"https:\/\/regiaonews.net.br\/2022\/2026\/09\/prefeitura-de-barretos-inicia-obras-de-reforma-e-recuperacao-no-corrego-do-aleixo\/","og_locale":"pt_BR","og_type":"article","og_title":"Prefeitura de Barretos inicia obras de reforma e recupera\u00e7\u00e3o no C\u00f3rrego do Aleixo - Regi\u00e3o News","og_description":"A Prefeitura da Est\u00e2ncia Tur\u00edstica de Barretos, por meio da Secretaria Municipal de Obras e Servi\u00e7os Urbanos, iniciou nesta ter\u00e7a-feira, 1\u00b0 de setembro, as obras...","og_url":"https:\/\/regiaonews.net.br\/2022\/2026\/09\/prefeitura-de-barretos-inicia-obras-de-reforma-e-recuperacao-no-corrego-do-aleixo\/","og_site_name":"Regi\u00e3o News","article_published_time":"2026-09-01T22:59:42+00:00","article_modified_time":"2026-09-01T22:59:50+00:00","og_image":[{"width":1280,"height":960,"url":"https:\/\/regiaonews.net.br\/2022\/wp-content\/uploads\/2026\/09\/WhatsApp-Image-2026-09-01-at-15.52.15.jpeg","type":"image\/jpeg"}],"author":"Roberto","twitter_card":"summary_large_image","twitter_misc":{"Escrito por":"Roberto","Est. tempo de leitura":"4 minutos"},"schema":{"@context":"https:\/\/schema.org","@graph":[{"@type":"Article","@id":"https:\/\/regiaonews.net.br\/2022\/2026\/09\/prefeitura-de-barretos-inicia-obras-de-reforma-e-recuperacao-no-corrego-do-aleixo\/#article","isPartOf":{"@id":"https:\/\/regiaonews.net.br\/2022\/2026\/09\/prefeitura-de-barretos-inicia-obras-de-reforma-e-recuperacao-no-corrego-do-aleixo\/"},"author":{"name":"Roberto","@id":"https:\/\/regiaonews.net.br\/2022\/#\/schema\/person\/2d205a608a5aa97ac279d7a5e6d89ad8"},"headline":"Prefeitura de Barretos inicia obras de reforma e recupera\u00e7\u00e3o no C\u00f3rrego do Aleixo","datePublished":"2026-09-01T22:59:42+00:00","dateModified":"2026-09-01T22:59:50+00:00","mainEntityOfPage":{"@id":"https:\/\/regiaonews.net.br\/2022\/2026\/09\/prefeitura-de-barretos-inicia-obras-de-reforma-e-recuperacao-no-corrego-do-aleixo\/"},"wordCount":667,"commentCount":0,"publisher":{"@id":"https:\/\/regiaonews.net.br\/2022\/#organization"},"image":{"@id":"https:\/\/regiaonews.net.br\/2022\/2026\/09\/prefeitura-de-barretos-inicia-obras-de-reforma-e-recuperacao-no-corrego-do-aleixo\/#primaryimage"},"thumbnailUrl":"https:\/\/regiaonews.net.br\/2022\/wp-content\/uploads\/2026\/09\/WhatsApp-Image-2026-09-01-at-15.52.15.jpeg","articleSection":["Barretos"],"inLanguage":"pt-BR","potentialAction":[{"@type":"CommentAction","name":"Comment","target":["https:\/\/regiaonews.net.br\/2022\/2026\/09\/prefeitura-de-barretos-inicia-obras-de-reforma-e-recuperacao-no-corrego-do-aleixo\/#respond"]}]},{"@type":"WebPage","@id":"https:\/\/regiaonews.net.br\/2022\/2026\/09\/prefeitura-de-barretos-inicia-obras-de-reforma-e-recuperacao-no-corrego-do-aleixo\/","url":"https:\/\/regiaonews.net.br\/2022\/2026\/09\/prefeitura-de-barretos-inicia-obras-de-reforma-e-recuperacao-no-corrego-do-aleixo\/","name":"Prefeitura de Barretos inicia obras de reforma e recupera\u00e7\u00e3o no C\u00f3rrego do Aleixo - Regi\u00e3o News","isPartOf":{"@id":"https:\/\/regiaonews.net.br\/2022\/#website"},"primaryImageOfPage":{"@id":"https:\/\/regiaonews.net.br\/2022\/2026\/09\/prefeitura-de-barretos-inicia-obras-de-reforma-e-recuperacao-no-corrego-do-aleixo\/#primaryimage"},"image":{"@id":"https:\/\/regiaonews.net.br\/2022\/2026\/09\/prefeitura-de-barretos-inicia-obras-de-reforma-e-recuperacao-no-corrego-do-aleixo\/#primaryimage"},"thumbnailUrl":"https:\/\/regiaonews.net.br\/2022\/wp-content\/uploads\/2026\/09\/WhatsApp-Image-2026-09-01-at-15.52.15.jpeg","datePublished":"2026-09-01T22:59:42+00:00","dateModified":"2026-09-01T22:59:50+00:00","breadcrumb":{"@id":"https:\/\/regiaonews.net.br\/2022\/2026\/09\/prefeitura-de-barretos-inicia-obras-de-reforma-e-recuperacao-no-corrego-do-aleixo\/#breadcrumb"},"inLanguage":"pt-BR","potentialAction":[{"@type":"ReadAction","target":["https:\/\/regiaonews.net.br\/2022\/2026\/09\/prefeitura-de-barretos-inicia-obras-de-reforma-e-recuperacao-no-corrego-do-aleixo\/"]}]},{"@type":"ImageObject","inLanguage":"pt-BR","@id":"https:\/\/regiaonews.net.br\/2022\/2026\/09\/prefeitura-de-barretos-inicia-obras-de-reforma-e-recuperacao-no-corrego-do-aleixo\/#primaryimage","url":"https:\/\/regiaonews.net.br\/2022\/wp-content\/uploads\/2026\/09\/WhatsApp-Image-2026-09-01-at-15.52.15.jpeg","contentUrl":"https:\/\/regiaonews.net.br\/2022\/wp-content\/uploads\/2026\/09\/WhatsApp-Image-2026-09-01-at-15.52.15.jpeg","width":1280,"height":960},{"@type":"BreadcrumbList","@id":"https:\/\/regiaonews.net.br\/2022\/2026\/09\/prefeitura-de-barretos-inicia-obras-de-reforma-e-recuperacao-no-corrego-do-aleixo\/#breadcrumb","itemListElement":[{"@type":"ListItem","position":1,"name":"In\u00edcio","item":"https:\/\/regiaonews.net.br\/2022\/"},{"@type":"ListItem","position":2,"name":"Prefeitura de Barretos inicia obras de reforma e recupera\u00e7\u00e3o no C\u00f3rrego do Aleixo"}]},{"@type":"WebSite","@id":"https:\/\/regiaonews.net.br\/2022\/#website","url":"https:\/\/regiaonews.net.br\/2022\/","name":"Regi\u00e3o News","description":"Site de Not\u00edcias de Barretos e regi\u00e3o","publisher":{"@id":"https:\/\/regiaonews.net.br\/2022\/#organization"},"potentialAction":[{"@type":"SearchAction","target":{"@type":"EntryPoint","urlTemplate":"https:\/\/regiaonews.net.br\/2022\/?s={search_term_string}"},"query-input":{"@type":"PropertyValueSpecification","valueRequired":true,"valueName":"search_term_string"}}],"inLanguage":"pt-BR"},{"@type":"Organization","@id":"https:\/\/regiaonews.net.br\/2022\/#organization","name":"Regi\u00e3o News","url":"https:\/\/regiaonews.net.br\/2022\/","logo":{"@type":"ImageObject","inLanguage":"pt-BR","@id":"https:\/\/regiaonews.net.br\/2022\/#\/schema\/logo\/image\/","url":"https:\/\/regiaonews.net.br\/2022\/wp-content\/uploads\/2026\/08\/LOGO-NEW-REG-TR.png","contentUrl":"https:\/\/regiaonews.net.br\/2022\/wp-content\/uploads\/2026\/08\/LOGO-NEW-REG-TR.png","width":360,"height":130,"caption":"Regi\u00e3o News"},"image":{"@id":"https:\/\/regiaonews.net.br\/2022\/#\/schema\/logo\/image\/"}},{"@type":"Person","@id":"https:\/\/regiaonews.net.br\/2022\/#\/schema\/person\/2d205a608a5aa97ac279d7a5e6d89ad8","name":"Roberto","image":{"@type":"ImageObject","inLanguage":"pt-BR","@id":"https:\/\/secure.gravatar.com\/avatar\/42749d8b712ff9d59ca93dc150494e5b55a44134482993f5baeb97e61b7ecc89?s=96&d=mm&r=g","url":"https:\/\/secure.gravatar.com\/avatar\/42749d8b712ff9d59ca93dc150494e5b55a44134482993f5baeb97e61b7ecc89?s=96&d=mm&r=g","contentUrl":"https:\/\/secure.gravatar.com\/avatar\/42749d8b712ff9d59ca93dc150494e5b55a44134482993f5baeb97e61b7ecc89?s=96&d=mm&r=g","caption":"Roberto"},"url":"https:\/\/regiaonews.net.br\/2022\/author\/roberto\/"}]}},"publishpress_future_action":{"enabled":false,"date":"2026-09-09 03:37:50","action":"change-status","newStatus":"draft","terms":[],"taxonomy":"category","extraData":[]},"publishpress_future_workflow_manual_trigger":{"enabledWorkflows":[]},"_links":{"self":[{"href":"https:\/\/regiaonews.net.br\/2022\/wp-json\/wp\/v2\/posts\/132395","targetHints":{"allow":["GET"]}}],"collection":[{"href":"https:\/\/regiaonews.net.br\/2022\/wp-json\/wp\/v2\/posts"}],"about":[{"href":"https:\/\/regiaonews.net.br\/2022\/wp-json\/wp\/v2\/types\/post"}],"author":[{"embeddable":true,"href":"https:\/\/regiaonews.net.br\/2022\/wp-json\/wp\/v2\/users\/2"}],"replies":[{"embeddable":true,"href":"https:\/\/regiaonews.net.br\/2022\/wp-json\/wp\/v2\/comments?post=132395"}],"version-history":[{"count":1,"href":"https:\/\/regiaonews.net.br\/2022\/wp-json\/wp\/v2\/posts\/132395\/revisions"}],"predecessor-version":[{"id":132397,"href":"https:\/\/regiaonews.net.br\/2022\/wp-json\/wp\/v2\/posts\/132395\/revisions\/132397"}],"wp:featuredmedia":[{"embeddable":true,"href":"https:\/\/regiaonews.net.br\/2022\/wp-json\/wp\/v2\/media\/132396"}],"wp:attachment":[{"href":"https:\/\/regiaonews.net.br\/2022\/wp-json\/wp\/v2\/media?parent=132395"}],"wp:term":[{"taxonomy":"category","embeddable":true,"href":"https:\/\/regiaonews.net.br\/2022\/wp-json\/wp\/v2\/categories?post=132395"},{"taxonomy":"post_tag","embeddable":true,"href":"https:\/\/regiaonews.net.br\/2022\/wp-json\/wp\/v2\/tags?post=132395"}],"curies":[{"name":"wp","href":"https:\/\/api.w.org\/{rel}","templated":true}]}}