{"id":132392,"date":"2026-09-01T19:58:02","date_gmt":"2026-09-01T22:58:02","guid":{"rendered":"https:\/\/regiaonews.net.br\/2022\/?p=132392"},"modified":"2026-09-01T19:58:40","modified_gmt":"2026-09-01T22:58:40","slug":"prefeitura-de-barretos-lanca-projeto-empreendedora-em-rede-para-fortalecer-negocios-liderados-por-mulheres","status":"publish","type":"post","link":"https:\/\/regiaonews.net.br\/2022\/2026\/09\/prefeitura-de-barretos-lanca-projeto-empreendedora-em-rede-para-fortalecer-negocios-liderados-por-mulheres\/","title":{"rendered":"Prefeitura de Barretos lan\u00e7a projeto \u201cEmpreendedora em Rede\u201d para fortalecer neg\u00f3cios liderados por mulheres"},"content":{"rendered":"<p>Projeto \u00e9 aberto a todas as mulheres que empreendem ou desejam empreender, com ou sem CNPJ<\/p>\n<p>A Prefeitura da Est\u00e2ncia Tur\u00edstica de Barretos, por meio da Secretaria Municipal de Desenvolvimento Econ\u00f4mico e Inova\u00e7\u00e3o, em parceria com a Casa da Mulher Paulista \u201cJanaina Zanqueta Dias Rondini\u201d e com o Sebrae, lan\u00e7a no dia 23 de setembro, \u00e0s 19h, o projeto \u201cEmpreendedora em Rede\u201d, voltado ao fortalecimento do empreendedorismo feminino no munic\u00edpio.<br \/>\nA iniciativa \u00e9 destinada a mulheres que j\u00e1 possuem empresas, s\u00e3o MEIs, trabalham como aut\u00f4nomas, desenvolvem atividades em casa, comercializam produtos ou servi\u00e7os ou ainda est\u00e3o dando os primeiros passos no empreendedorismo. A proposta \u00e9 criar um ambiente de troca de experi\u00eancias, networking, capacita\u00e7\u00e3o e valoriza\u00e7\u00e3o dos neg\u00f3cios liderados por mulheres.<br \/>\nO projeto ter\u00e1 dois encontros por m\u00eas. O primeiro formato, \u201cEu e Minha Empresa\u201d, ser\u00e1 dedicado \u00e0 apresenta\u00e7\u00e3o das participantes, suas hist\u00f3rias, produtos e servi\u00e7os, favorecendo a cria\u00e7\u00e3o de novas conex\u00f5es. J\u00e1 o segundo, \u201cUma Rede que Gera Neg\u00f3cios\u201d, contar\u00e1 com especialistas, parceiros e institui\u00e7\u00f5es, abordando temas pr\u00e1ticos para o desenvolvimento dos empreendimentos.<br \/>\nEntre os assuntos que ser\u00e3o trabalhados tamb\u00e9m est\u00e3o marketing e redes sociais, vendas, gest\u00e3o financeira, precifica\u00e7\u00e3o, organiza\u00e7\u00e3o, intelig\u00eancia artificial, tecnologia e conex\u00f5es com empresas e institui\u00e7\u00f5es.<br \/>\n\u201cA proposta \u00e9 fortalecer uma rede de mulheres que possam compartilhar conhecimentos, divulgar seus neg\u00f3cios, estabelecer parcerias e identificar novas oportunidades. O projeto parte do princ\u00edpio de que empreender n\u00e3o precisa ser um caminho solit\u00e1rio e que a colabora\u00e7\u00e3o pode contribuir para o crescimento dos neg\u00f3cios e das pr\u00f3prias empreendedoras\u201d, destacou o secret\u00e1rio municipal de Desenvolvimento Econ\u00f4mico e Inova\u00e7\u00e3o, Thyago Abra\u00e3o.<br \/>\nO lan\u00e7amento ser\u00e1 realizado na sede da Casa da Mulher Paulista, localizada na Avenida 63, n\u00ba 320, no Parque Novo J\u00f3quei. As mulheres interessadas em participar j\u00e1 podem realizar a inscri\u00e7\u00e3o por meio do formul\u00e1rio online dispon\u00edvel em: https:\/\/docs.google.com\/forms\/d\/e\/1FAIpQLSe20jG7vF2eovCdjolnNaCTYHubXDuaKjuazTsEOMqRWml0ag\/viewform<\/p>\n","protected":false},"excerpt":{"rendered":"<p>Projeto \u00e9 aberto a todas as mulheres que empreendem ou desejam empreender, com ou sem CNPJ A Prefeitura da Est\u00e2ncia Tur\u00edstica de Barretos, por meio&#8230;<\/p>\n","protected":false},"author":2,"featured_media":132394,"comment_status":"open","ping_status":"open","sticky":false,"template":"","format":"standard","meta":{"_themeisle_gutenberg_block_has_review":false,"footnotes":""},"categories":[14],"tags":[],"class_list":["post-132392","post","type-post","status-publish","format-standard","has-post-thumbnail","hentry","category-barretos"],"yoast_head":"<!-- This site is optimized with the Yoast SEO plugin v28.4 - https:\/\/yoast.com\/product\/yoast-seo-wordpress\/ -->\n<title>Prefeitura de Barretos lan\u00e7a projeto \u201cEmpreendedora em Rede\u201d para fortalecer neg\u00f3cios liderados por mulheres - Regi\u00e3o News<\/title>\n<meta name=\"robots\" content=\"index, follow, max-snippet:-1, max-image-preview:large, max-video-preview:-1\" \/>\n<link rel=\"canonical\" href=\"https:\/\/regiaonews.net.br\/2022\/2026\/09\/prefeitura-de-barretos-lanca-projeto-empreendedora-em-rede-para-fortalecer-negocios-liderados-por-mulheres\/\" \/>\n<meta property=\"og:locale\" content=\"pt_BR\" \/>\n<meta property=\"og:type\" content=\"article\" \/>\n<meta property=\"og:title\" content=\"Prefeitura de Barretos lan\u00e7a projeto \u201cEmpreendedora em Rede\u201d para fortalecer neg\u00f3cios liderados por mulheres - Regi\u00e3o News\" \/>\n<meta property=\"og:description\" content=\"Projeto \u00e9 aberto a todas as mulheres que empreendem ou desejam empreender, com ou sem CNPJ A Prefeitura da Est\u00e2ncia Tur\u00edstica de Barretos, por meio...\" \/>\n<meta property=\"og:url\" content=\"https:\/\/regiaonews.net.br\/2022\/2026\/09\/prefeitura-de-barretos-lanca-projeto-empreendedora-em-rede-para-fortalecer-negocios-liderados-por-mulheres\/\" \/>\n<meta property=\"og:site_name\" content=\"Regi\u00e3o News\" \/>\n<meta property=\"article:published_time\" content=\"2026-09-01T22:58:02+00:00\" \/>\n<meta property=\"article:modified_time\" content=\"2026-09-01T22:58:40+00:00\" \/>\n<meta property=\"og:image\" content=\"https:\/\/regiaonews.net.br\/2022\/wp-content\/uploads\/2026\/09\/WhatsApp-Image-2026-09-01-at-15.52.21.jpeg\" \/>\n\t<meta property=\"og:image:width\" content=\"1080\" \/>\n\t<meta property=\"og:image:height\" content=\"1350\" \/>\n\t<meta property=\"og:image:type\" content=\"image\/jpeg\" \/>\n<meta name=\"author\" content=\"Roberto\" \/>\n<meta name=\"twitter:card\" content=\"summary_large_image\" \/>\n<meta name=\"twitter:label1\" content=\"Escrito por\" \/>\n\t<meta name=\"twitter:data1\" content=\"Roberto\" \/>\n\t<meta name=\"twitter:label2\" content=\"Est. tempo de leitura\" \/>\n\t<meta name=\"twitter:data2\" content=\"2 minutos\" \/>\n<script type=\"application\/ld+json\" class=\"yoast-schema-graph\">{\"@context\":\"https:\\\/\\\/schema.org\",\"@graph\":[{\"@type\":\"Article\",\"@id\":\"https:\\\/\\\/regiaonews.net.br\\\/2022\\\/2026\\\/09\\\/prefeitura-de-barretos-lanca-projeto-empreendedora-em-rede-para-fortalecer-negocios-liderados-por-mulheres\\\/#article\",\"isPartOf\":{\"@id\":\"https:\\\/\\\/regiaonews.net.br\\\/2022\\\/2026\\\/09\\\/prefeitura-de-barretos-lanca-projeto-empreendedora-em-rede-para-fortalecer-negocios-liderados-por-mulheres\\\/\"},\"author\":{\"name\":\"Roberto\",\"@id\":\"https:\\\/\\\/regiaonews.net.br\\\/2022\\\/#\\\/schema\\\/person\\\/2d205a608a5aa97ac279d7a5e6d89ad8\"},\"headline\":\"Prefeitura de Barretos lan\u00e7a projeto \u201cEmpreendedora em Rede\u201d para fortalecer neg\u00f3cios liderados por mulheres\",\"datePublished\":\"2026-09-01T22:58:02+00:00\",\"dateModified\":\"2026-09-01T22:58:40+00:00\",\"mainEntityOfPage\":{\"@id\":\"https:\\\/\\\/regiaonews.net.br\\\/2022\\\/2026\\\/09\\\/prefeitura-de-barretos-lanca-projeto-empreendedora-em-rede-para-fortalecer-negocios-liderados-por-mulheres\\\/\"},\"wordCount\":368,\"commentCount\":0,\"publisher\":{\"@id\":\"https:\\\/\\\/regiaonews.net.br\\\/2022\\\/#organization\"},\"image\":{\"@id\":\"https:\\\/\\\/regiaonews.net.br\\\/2022\\\/2026\\\/09\\\/prefeitura-de-barretos-lanca-projeto-empreendedora-em-rede-para-fortalecer-negocios-liderados-por-mulheres\\\/#primaryimage\"},\"thumbnailUrl\":\"https:\\\/\\\/regiaonews.net.br\\\/2022\\\/wp-content\\\/uploads\\\/2026\\\/09\\\/WhatsApp-Image-2026-09-01-at-15.52.21.jpeg\",\"articleSection\":[\"Barretos\"],\"inLanguage\":\"pt-BR\",\"potentialAction\":[{\"@type\":\"CommentAction\",\"name\":\"Comment\",\"target\":[\"https:\\\/\\\/regiaonews.net.br\\\/2022\\\/2026\\\/09\\\/prefeitura-de-barretos-lanca-projeto-empreendedora-em-rede-para-fortalecer-negocios-liderados-por-mulheres\\\/#respond\"]}]},{\"@type\":\"WebPage\",\"@id\":\"https:\\\/\\\/regiaonews.net.br\\\/2022\\\/2026\\\/09\\\/prefeitura-de-barretos-lanca-projeto-empreendedora-em-rede-para-fortalecer-negocios-liderados-por-mulheres\\\/\",\"url\":\"https:\\\/\\\/regiaonews.net.br\\\/2022\\\/2026\\\/09\\\/prefeitura-de-barretos-lanca-projeto-empreendedora-em-rede-para-fortalecer-negocios-liderados-por-mulheres\\\/\",\"name\":\"Prefeitura de Barretos lan\u00e7a projeto \u201cEmpreendedora em Rede\u201d para fortalecer neg\u00f3cios liderados por mulheres - Regi\u00e3o News\",\"isPartOf\":{\"@id\":\"https:\\\/\\\/regiaonews.net.br\\\/2022\\\/#website\"},\"primaryImageOfPage\":{\"@id\":\"https:\\\/\\\/regiaonews.net.br\\\/2022\\\/2026\\\/09\\\/prefeitura-de-barretos-lanca-projeto-empreendedora-em-rede-para-fortalecer-negocios-liderados-por-mulheres\\\/#primaryimage\"},\"image\":{\"@id\":\"https:\\\/\\\/regiaonews.net.br\\\/2022\\\/2026\\\/09\\\/prefeitura-de-barretos-lanca-projeto-empreendedora-em-rede-para-fortalecer-negocios-liderados-por-mulheres\\\/#primaryimage\"},\"thumbnailUrl\":\"https:\\\/\\\/regiaonews.net.br\\\/2022\\\/wp-content\\\/uploads\\\/2026\\\/09\\\/WhatsApp-Image-2026-09-01-at-15.52.21.jpeg\",\"datePublished\":\"2026-09-01T22:58:02+00:00\",\"dateModified\":\"2026-09-01T22:58:40+00:00\",\"breadcrumb\":{\"@id\":\"https:\\\/\\\/regiaonews.net.br\\\/2022\\\/2026\\\/09\\\/prefeitura-de-barretos-lanca-projeto-empreendedora-em-rede-para-fortalecer-negocios-liderados-por-mulheres\\\/#breadcrumb\"},\"inLanguage\":\"pt-BR\",\"potentialAction\":[{\"@type\":\"ReadAction\",\"target\":[\"https:\\\/\\\/regiaonews.net.br\\\/2022\\\/2026\\\/09\\\/prefeitura-de-barretos-lanca-projeto-empreendedora-em-rede-para-fortalecer-negocios-liderados-por-mulheres\\\/\"]}]},{\"@type\":\"ImageObject\",\"inLanguage\":\"pt-BR\",\"@id\":\"https:\\\/\\\/regiaonews.net.br\\\/2022\\\/2026\\\/09\\\/prefeitura-de-barretos-lanca-projeto-empreendedora-em-rede-para-fortalecer-negocios-liderados-por-mulheres\\\/#primaryimage\",\"url\":\"https:\\\/\\\/regiaonews.net.br\\\/2022\\\/wp-content\\\/uploads\\\/2026\\\/09\\\/WhatsApp-Image-2026-09-01-at-15.52.21.jpeg\",\"contentUrl\":\"https:\\\/\\\/regiaonews.net.br\\\/2022\\\/wp-content\\\/uploads\\\/2026\\\/09\\\/WhatsApp-Image-2026-09-01-at-15.52.21.jpeg\",\"width\":1080,\"height\":1350},{\"@type\":\"BreadcrumbList\",\"@id\":\"https:\\\/\\\/regiaonews.net.br\\\/2022\\\/2026\\\/09\\\/prefeitura-de-barretos-lanca-projeto-empreendedora-em-rede-para-fortalecer-negocios-liderados-por-mulheres\\\/#breadcrumb\",\"itemListElement\":[{\"@type\":\"ListItem\",\"position\":1,\"name\":\"In\u00edcio\",\"item\":\"https:\\\/\\\/regiaonews.net.br\\\/2022\\\/\"},{\"@type\":\"ListItem\",\"position\":2,\"name\":\"Prefeitura de Barretos lan\u00e7a projeto \u201cEmpreendedora em Rede\u201d para fortalecer neg\u00f3cios liderados por mulheres\"}]},{\"@type\":\"WebSite\",\"@id\":\"https:\\\/\\\/regiaonews.net.br\\\/2022\\\/#website\",\"url\":\"https:\\\/\\\/regiaonews.net.br\\\/2022\\\/\",\"name\":\"Regi\u00e3o News\",\"description\":\"Site de Not\u00edcias de Barretos e regi\u00e3o\",\"publisher\":{\"@id\":\"https:\\\/\\\/regiaonews.net.br\\\/2022\\\/#organization\"},\"potentialAction\":[{\"@type\":\"SearchAction\",\"target\":{\"@type\":\"EntryPoint\",\"urlTemplate\":\"https:\\\/\\\/regiaonews.net.br\\\/2022\\\/?s={search_term_string}\"},\"query-input\":{\"@type\":\"PropertyValueSpecification\",\"valueRequired\":true,\"valueName\":\"search_term_string\"}}],\"inLanguage\":\"pt-BR\"},{\"@type\":\"Organization\",\"@id\":\"https:\\\/\\\/regiaonews.net.br\\\/2022\\\/#organization\",\"name\":\"Regi\u00e3o News\",\"url\":\"https:\\\/\\\/regiaonews.net.br\\\/2022\\\/\",\"logo\":{\"@type\":\"ImageObject\",\"inLanguage\":\"pt-BR\",\"@id\":\"https:\\\/\\\/regiaonews.net.br\\\/2022\\\/#\\\/schema\\\/logo\\\/image\\\/\",\"url\":\"https:\\\/\\\/regiaonews.net.br\\\/2022\\\/wp-content\\\/uploads\\\/2026\\\/08\\\/LOGO-NEW-REG-TR.png\",\"contentUrl\":\"https:\\\/\\\/regiaonews.net.br\\\/2022\\\/wp-content\\\/uploads\\\/2026\\\/08\\\/LOGO-NEW-REG-TR.png\",\"width\":360,\"height\":130,\"caption\":\"Regi\u00e3o News\"},\"image\":{\"@id\":\"https:\\\/\\\/regiaonews.net.br\\\/2022\\\/#\\\/schema\\\/logo\\\/image\\\/\"}},{\"@type\":\"Person\",\"@id\":\"https:\\\/\\\/regiaonews.net.br\\\/2022\\\/#\\\/schema\\\/person\\\/2d205a608a5aa97ac279d7a5e6d89ad8\",\"name\":\"Roberto\",\"image\":{\"@type\":\"ImageObject\",\"inLanguage\":\"pt-BR\",\"@id\":\"https:\\\/\\\/secure.gravatar.com\\\/avatar\\\/42749d8b712ff9d59ca93dc150494e5b55a44134482993f5baeb97e61b7ecc89?s=96&d=mm&r=g\",\"url\":\"https:\\\/\\\/secure.gravatar.com\\\/avatar\\\/42749d8b712ff9d59ca93dc150494e5b55a44134482993f5baeb97e61b7ecc89?s=96&d=mm&r=g\",\"contentUrl\":\"https:\\\/\\\/secure.gravatar.com\\\/avatar\\\/42749d8b712ff9d59ca93dc150494e5b55a44134482993f5baeb97e61b7ecc89?s=96&d=mm&r=g\",\"caption\":\"Roberto\"},\"url\":\"https:\\\/\\\/regiaonews.net.br\\\/2022\\\/author\\\/roberto\\\/\"}]}<\/script>\n<!-- \/ Yoast SEO plugin. -->","yoast_head_json":{"title":"Prefeitura de Barretos lan\u00e7a projeto \u201cEmpreendedora em Rede\u201d para fortalecer neg\u00f3cios liderados por mulheres - Regi\u00e3o News","robots":{"index":"index","follow":"follow","max-snippet":"max-snippet:-1","max-image-preview":"max-image-preview:large","max-video-preview":"max-video-preview:-1"},"canonical":"https:\/\/regiaonews.net.br\/2022\/2026\/09\/prefeitura-de-barretos-lanca-projeto-empreendedora-em-rede-para-fortalecer-negocios-liderados-por-mulheres\/","og_locale":"pt_BR","og_type":"article","og_title":"Prefeitura de Barretos lan\u00e7a projeto \u201cEmpreendedora em Rede\u201d para fortalecer neg\u00f3cios liderados por mulheres - Regi\u00e3o News","og_description":"Projeto \u00e9 aberto a todas as mulheres que empreendem ou desejam empreender, com ou sem CNPJ A Prefeitura da Est\u00e2ncia Tur\u00edstica de Barretos, por meio...","og_url":"https:\/\/regiaonews.net.br\/2022\/2026\/09\/prefeitura-de-barretos-lanca-projeto-empreendedora-em-rede-para-fortalecer-negocios-liderados-por-mulheres\/","og_site_name":"Regi\u00e3o News","article_published_time":"2026-09-01T22:58:02+00:00","article_modified_time":"2026-09-01T22:58:40+00:00","og_image":[{"width":1080,"height":1350,"url":"https:\/\/regiaonews.net.br\/2022\/wp-content\/uploads\/2026\/09\/WhatsApp-Image-2026-09-01-at-15.52.21.jpeg","type":"image\/jpeg"}],"author":"Roberto","twitter_card":"summary_large_image","twitter_misc":{"Escrito por":"Roberto","Est. tempo de leitura":"2 minutos"},"schema":{"@context":"https:\/\/schema.org","@graph":[{"@type":"Article","@id":"https:\/\/regiaonews.net.br\/2022\/2026\/09\/prefeitura-de-barretos-lanca-projeto-empreendedora-em-rede-para-fortalecer-negocios-liderados-por-mulheres\/#article","isPartOf":{"@id":"https:\/\/regiaonews.net.br\/2022\/2026\/09\/prefeitura-de-barretos-lanca-projeto-empreendedora-em-rede-para-fortalecer-negocios-liderados-por-mulheres\/"},"author":{"name":"Roberto","@id":"https:\/\/regiaonews.net.br\/2022\/#\/schema\/person\/2d205a608a5aa97ac279d7a5e6d89ad8"},"headline":"Prefeitura de Barretos lan\u00e7a projeto \u201cEmpreendedora em Rede\u201d para fortalecer neg\u00f3cios liderados por mulheres","datePublished":"2026-09-01T22:58:02+00:00","dateModified":"2026-09-01T22:58:40+00:00","mainEntityOfPage":{"@id":"https:\/\/regiaonews.net.br\/2022\/2026\/09\/prefeitura-de-barretos-lanca-projeto-empreendedora-em-rede-para-fortalecer-negocios-liderados-por-mulheres\/"},"wordCount":368,"commentCount":0,"publisher":{"@id":"https:\/\/regiaonews.net.br\/2022\/#organization"},"image":{"@id":"https:\/\/regiaonews.net.br\/2022\/2026\/09\/prefeitura-de-barretos-lanca-projeto-empreendedora-em-rede-para-fortalecer-negocios-liderados-por-mulheres\/#primaryimage"},"thumbnailUrl":"https:\/\/regiaonews.net.br\/2022\/wp-content\/uploads\/2026\/09\/WhatsApp-Image-2026-09-01-at-15.52.21.jpeg","articleSection":["Barretos"],"inLanguage":"pt-BR","potentialAction":[{"@type":"CommentAction","name":"Comment","target":["https:\/\/regiaonews.net.br\/2022\/2026\/09\/prefeitura-de-barretos-lanca-projeto-empreendedora-em-rede-para-fortalecer-negocios-liderados-por-mulheres\/#respond"]}]},{"@type":"WebPage","@id":"https:\/\/regiaonews.net.br\/2022\/2026\/09\/prefeitura-de-barretos-lanca-projeto-empreendedora-em-rede-para-fortalecer-negocios-liderados-por-mulheres\/","url":"https:\/\/regiaonews.net.br\/2022\/2026\/09\/prefeitura-de-barretos-lanca-projeto-empreendedora-em-rede-para-fortalecer-negocios-liderados-por-mulheres\/","name":"Prefeitura de Barretos lan\u00e7a projeto \u201cEmpreendedora em Rede\u201d para fortalecer neg\u00f3cios liderados por mulheres - Regi\u00e3o News","isPartOf":{"@id":"https:\/\/regiaonews.net.br\/2022\/#website"},"primaryImageOfPage":{"@id":"https:\/\/regiaonews.net.br\/2022\/2026\/09\/prefeitura-de-barretos-lanca-projeto-empreendedora-em-rede-para-fortalecer-negocios-liderados-por-mulheres\/#primaryimage"},"image":{"@id":"https:\/\/regiaonews.net.br\/2022\/2026\/09\/prefeitura-de-barretos-lanca-projeto-empreendedora-em-rede-para-fortalecer-negocios-liderados-por-mulheres\/#primaryimage"},"thumbnailUrl":"https:\/\/regiaonews.net.br\/2022\/wp-content\/uploads\/2026\/09\/WhatsApp-Image-2026-09-01-at-15.52.21.jpeg","datePublished":"2026-09-01T22:58:02+00:00","dateModified":"2026-09-01T22:58:40+00:00","breadcrumb":{"@id":"https:\/\/regiaonews.net.br\/2022\/2026\/09\/prefeitura-de-barretos-lanca-projeto-empreendedora-em-rede-para-fortalecer-negocios-liderados-por-mulheres\/#breadcrumb"},"inLanguage":"pt-BR","potentialAction":[{"@type":"ReadAction","target":["https:\/\/regiaonews.net.br\/2022\/2026\/09\/prefeitura-de-barretos-lanca-projeto-empreendedora-em-rede-para-fortalecer-negocios-liderados-por-mulheres\/"]}]},{"@type":"ImageObject","inLanguage":"pt-BR","@id":"https:\/\/regiaonews.net.br\/2022\/2026\/09\/prefeitura-de-barretos-lanca-projeto-empreendedora-em-rede-para-fortalecer-negocios-liderados-por-mulheres\/#primaryimage","url":"https:\/\/regiaonews.net.br\/2022\/wp-content\/uploads\/2026\/09\/WhatsApp-Image-2026-09-01-at-15.52.21.jpeg","contentUrl":"https:\/\/regiaonews.net.br\/2022\/wp-content\/uploads\/2026\/09\/WhatsApp-Image-2026-09-01-at-15.52.21.jpeg","width":1080,"height":1350},{"@type":"BreadcrumbList","@id":"https:\/\/regiaonews.net.br\/2022\/2026\/09\/prefeitura-de-barretos-lanca-projeto-empreendedora-em-rede-para-fortalecer-negocios-liderados-por-mulheres\/#breadcrumb","itemListElement":[{"@type":"ListItem","position":1,"name":"In\u00edcio","item":"https:\/\/regiaonews.net.br\/2022\/"},{"@type":"ListItem","position":2,"name":"Prefeitura de Barretos lan\u00e7a projeto \u201cEmpreendedora em Rede\u201d para fortalecer neg\u00f3cios liderados por mulheres"}]},{"@type":"WebSite","@id":"https:\/\/regiaonews.net.br\/2022\/#website","url":"https:\/\/regiaonews.net.br\/2022\/","name":"Regi\u00e3o News","description":"Site de Not\u00edcias de Barretos e regi\u00e3o","publisher":{"@id":"https:\/\/regiaonews.net.br\/2022\/#organization"},"potentialAction":[{"@type":"SearchAction","target":{"@type":"EntryPoint","urlTemplate":"https:\/\/regiaonews.net.br\/2022\/?s={search_term_string}"},"query-input":{"@type":"PropertyValueSpecification","valueRequired":true,"valueName":"search_term_string"}}],"inLanguage":"pt-BR"},{"@type":"Organization","@id":"https:\/\/regiaonews.net.br\/2022\/#organization","name":"Regi\u00e3o News","url":"https:\/\/regiaonews.net.br\/2022\/","logo":{"@type":"ImageObject","inLanguage":"pt-BR","@id":"https:\/\/regiaonews.net.br\/2022\/#\/schema\/logo\/image\/","url":"https:\/\/regiaonews.net.br\/2022\/wp-content\/uploads\/2026\/08\/LOGO-NEW-REG-TR.png","contentUrl":"https:\/\/regiaonews.net.br\/2022\/wp-content\/uploads\/2026\/08\/LOGO-NEW-REG-TR.png","width":360,"height":130,"caption":"Regi\u00e3o News"},"image":{"@id":"https:\/\/regiaonews.net.br\/2022\/#\/schema\/logo\/image\/"}},{"@type":"Person","@id":"https:\/\/regiaonews.net.br\/2022\/#\/schema\/person\/2d205a608a5aa97ac279d7a5e6d89ad8","name":"Roberto","image":{"@type":"ImageObject","inLanguage":"pt-BR","@id":"https:\/\/secure.gravatar.com\/avatar\/42749d8b712ff9d59ca93dc150494e5b55a44134482993f5baeb97e61b7ecc89?s=96&d=mm&r=g","url":"https:\/\/secure.gravatar.com\/avatar\/42749d8b712ff9d59ca93dc150494e5b55a44134482993f5baeb97e61b7ecc89?s=96&d=mm&r=g","contentUrl":"https:\/\/secure.gravatar.com\/avatar\/42749d8b712ff9d59ca93dc150494e5b55a44134482993f5baeb97e61b7ecc89?s=96&d=mm&r=g","caption":"Roberto"},"url":"https:\/\/regiaonews.net.br\/2022\/author\/roberto\/"}]}},"publishpress_future_action":{"enabled":false,"date":"2026-09-09 03:37:50","action":"change-status","newStatus":"draft","terms":[],"taxonomy":"category","extraData":[]},"publishpress_future_workflow_manual_trigger":{"enabledWorkflows":[]},"_links":{"self":[{"href":"https:\/\/regiaonews.net.br\/2022\/wp-json\/wp\/v2\/posts\/132392","targetHints":{"allow":["GET"]}}],"collection":[{"href":"https:\/\/regiaonews.net.br\/2022\/wp-json\/wp\/v2\/posts"}],"about":[{"href":"https:\/\/regiaonews.net.br\/2022\/wp-json\/wp\/v2\/types\/post"}],"author":[{"embeddable":true,"href":"https:\/\/regiaonews.net.br\/2022\/wp-json\/wp\/v2\/users\/2"}],"replies":[{"embeddable":true,"href":"https:\/\/regiaonews.net.br\/2022\/wp-json\/wp\/v2\/comments?post=132392"}],"version-history":[{"count":1,"href":"https:\/\/regiaonews.net.br\/2022\/wp-json\/wp\/v2\/posts\/132392\/revisions"}],"predecessor-version":[{"id":132393,"href":"https:\/\/regiaonews.net.br\/2022\/wp-json\/wp\/v2\/posts\/132392\/revisions\/132393"}],"wp:featuredmedia":[{"embeddable":true,"href":"https:\/\/regiaonews.net.br\/2022\/wp-json\/wp\/v2\/media\/132394"}],"wp:attachment":[{"href":"https:\/\/regiaonews.net.br\/2022\/wp-json\/wp\/v2\/media?parent=132392"}],"wp:term":[{"taxonomy":"category","embeddable":true,"href":"https:\/\/regiaonews.net.br\/2022\/wp-json\/wp\/v2\/categories?post=132392"},{"taxonomy":"post_tag","embeddable":true,"href":"https:\/\/regiaonews.net.br\/2022\/wp-json\/wp\/v2\/tags?post=132392"}],"curies":[{"name":"wp","href":"https:\/\/api.w.org\/{rel}","templated":true}]}}