{"id":132379,"date":"2026-09-01T10:29:28","date_gmt":"2026-09-01T13:29:28","guid":{"rendered":"https:\/\/regiaonews.net.br\/2022\/?p=132379"},"modified":"2026-09-01T10:29:28","modified_gmt":"2026-09-01T13:29:28","slug":"policia-civil-realiza-prisao-de-artista-plastico-acusado-de-crimes-de-estelionato","status":"publish","type":"post","link":"https:\/\/regiaonews.net.br\/2022\/2026\/09\/policia-civil-realiza-prisao-de-artista-plastico-acusado-de-crimes-de-estelionato\/","title":{"rendered":"Pol\u00edcia Civil realiza pris\u00e3o de artista pl\u00e1stico acusado de crimes de estelionato"},"content":{"rendered":"<p>A Pol\u00edcia Civil do Estado de S\u00e3o Paulo, por interm\u00e9dio da Central de Pol\u00edcia Judici\u00e1ria de Barretos, deflagrou opera\u00e7\u00e3o policial coordenada pelo Delegado de Pol\u00edcia Dr. Gustavo Coelho, para cumprimento de um mandado de pris\u00e3o preventiva e dois mandados de busca e apreens\u00e3o expedidos pela Justi\u00e7a no curso de investiga\u00e7\u00e3o que apura a pr\u00e1tica de diversos crimes de estelionato atribu\u00eddos a um investigado de 54 anos de idade, ent\u00e3o morador da cidade de Barretos.<\/p>\n<p>As investiga\u00e7\u00f5es tiveram in\u00edcio ap\u00f3s o registro de ocorr\u00eancia por v\u00edtima que relatou ter sido procurada pelo investigado, o qual se apresentava como artista pl\u00e1stico e afirmava ter confeccionado obras personalizadas utilizando fotografias obtidas em redes sociais.<\/p>\n<p>Segundo apurado, o investigado frequentemente abordava pessoas sobre as quais j\u00e1 possu\u00eda conhecimento pr\u00e9vio, utilizando informa\u00e7\u00f5es pessoais e familiares extra\u00eddas de redes sociais para conferir credibilidade \u00e0 fraude e criar uma rela\u00e7\u00e3o de confian\u00e7a com as v\u00edtimas.<\/p>\n<p>Valendo-se desse artif\u00edcio, prometia entregar quadros ou retratos personalizados e solicitava apenas o pagamento de valores referentes ao frete ou \u00e0s despesas de envio.<\/p>\n<p>Em suas conversas, alegava residir ou estar na cidade de Uberl\u00e2ndia\/MG, local de onde supostamente os quadros seriam remetidos \u00e0s v\u00edtimas.<\/p>\n<p>Ap\u00f3s o recebimento dos valores, entretanto, deixava de manter contato e n\u00e3o realizava a entrega dos produtos prometidos.<\/p>\n<p>Durante a investiga\u00e7\u00e3o, foram identificados diversos registros policiais envolvendo v\u00edtimas em diferentes munic\u00edpios, todas descrevendo din\u00e2mica criminosa semelhante.<\/p>\n<p>Os elementos reunidos demonstram que o investigado utilizava redes sociais e aplicativos de mensagens para abordar as v\u00edtimas, estabelecer v\u00ednculo de confian\u00e7a e obter vantagem patrimonial il\u00edcita mediante fraude.<\/p>\n<p>A apura\u00e7\u00e3o apontou ainda ind\u00edcios consistentes de reitera\u00e7\u00e3o criminosa ao longo dos \u00faltimos anos, circunst\u00e2ncia que fundamentou a representa\u00e7\u00e3o da Pol\u00edcia Civil pela decreta\u00e7\u00e3o da pris\u00e3o preventiva, visando \u00e0 garantia da ordem p\u00fablica, \u00e0 preserva\u00e7\u00e3o da instru\u00e7\u00e3o criminal e \u00e0 interrup\u00e7\u00e3o da continuidade das condutas investigadas.<\/p>\n<p>A ordem de pris\u00e3o preventiva foi cumprida na cidade de Ribeir\u00e3o Preto\/SP, onde o investigado foi localizado.<\/p>\n<p>Na mesma opera\u00e7\u00e3o tamb\u00e9m foram cumpridos dois mandados de busca e apreens\u00e3o em endere\u00e7os vinculados ao investigado, com a finalidade de arrecadar aparelhos telef\u00f4nicos, equipamentos de inform\u00e1tica, documentos, registros de comunica\u00e7\u00e3o e outros elementos de interesse para o aprofundamento das investiga\u00e7\u00f5es.<\/p>\n<p>O investigado foi conduzido \u00e0 unidade policial respons\u00e1vel para as provid\u00eancias de pol\u00edcia judici\u00e1ria cab\u00edveis.<\/p>\n<p>As investiga\u00e7\u00f5es prosseguem visando \u00e0 identifica\u00e7\u00e3o de eventuais novas v\u00edtimas, \u00e0 an\u00e1lise do material apreendido e ao completo esclarecimento dos fatos.<\/p>\n","protected":false},"excerpt":{"rendered":"<p>A Pol\u00edcia Civil do Estado de S\u00e3o Paulo, por interm\u00e9dio da Central de Pol\u00edcia Judici\u00e1ria de Barretos, deflagrou opera\u00e7\u00e3o policial coordenada pelo Delegado de Pol\u00edcia&#8230;<\/p>\n","protected":false},"author":2,"featured_media":132380,"comment_status":"open","ping_status":"open","sticky":false,"template":"","format":"standard","meta":{"_themeisle_gutenberg_block_has_review":false,"footnotes":""},"categories":[23],"tags":[],"class_list":["post-132379","post","type-post","status-publish","format-standard","has-post-thumbnail","hentry","category-policia"],"yoast_head":"<!-- This site is optimized with the Yoast SEO plugin v28.4 - https:\/\/yoast.com\/product\/yoast-seo-wordpress\/ -->\n<title>Pol\u00edcia Civil realiza pris\u00e3o de artista pl\u00e1stico acusado de crimes de estelionato - Regi\u00e3o News<\/title>\n<meta name=\"robots\" content=\"index, follow, max-snippet:-1, max-image-preview:large, max-video-preview:-1\" \/>\n<link rel=\"canonical\" href=\"https:\/\/regiaonews.net.br\/2022\/2026\/09\/policia-civil-realiza-prisao-de-artista-plastico-acusado-de-crimes-de-estelionato\/\" \/>\n<meta property=\"og:locale\" content=\"pt_BR\" \/>\n<meta property=\"og:type\" content=\"article\" \/>\n<meta property=\"og:title\" content=\"Pol\u00edcia Civil realiza pris\u00e3o de artista pl\u00e1stico acusado de crimes de estelionato - Regi\u00e3o News\" \/>\n<meta property=\"og:description\" content=\"A Pol\u00edcia Civil do Estado de S\u00e3o Paulo, por interm\u00e9dio da Central de Pol\u00edcia Judici\u00e1ria de Barretos, deflagrou opera\u00e7\u00e3o policial coordenada pelo Delegado de Pol\u00edcia...\" \/>\n<meta property=\"og:url\" content=\"https:\/\/regiaonews.net.br\/2022\/2026\/09\/policia-civil-realiza-prisao-de-artista-plastico-acusado-de-crimes-de-estelionato\/\" \/>\n<meta property=\"og:site_name\" content=\"Regi\u00e3o News\" \/>\n<meta property=\"article:published_time\" content=\"2026-09-01T13:29:28+00:00\" \/>\n<meta property=\"og:image\" content=\"https:\/\/regiaonews.net.br\/2022\/wp-content\/uploads\/2026\/09\/prisao.jpg\" \/>\n\t<meta property=\"og:image:width\" content=\"661\" \/>\n\t<meta property=\"og:image:height\" content=\"366\" \/>\n\t<meta property=\"og:image:type\" content=\"image\/jpeg\" \/>\n<meta name=\"author\" content=\"Roberto\" \/>\n<meta name=\"twitter:card\" content=\"summary_large_image\" \/>\n<meta name=\"twitter:label1\" content=\"Escrito por\" \/>\n\t<meta name=\"twitter:data1\" content=\"Roberto\" \/>\n\t<meta name=\"twitter:label2\" content=\"Est. tempo de leitura\" \/>\n\t<meta name=\"twitter:data2\" content=\"3 minutos\" \/>\n<script type=\"application\/ld+json\" class=\"yoast-schema-graph\">{\"@context\":\"https:\\\/\\\/schema.org\",\"@graph\":[{\"@type\":\"Article\",\"@id\":\"https:\\\/\\\/regiaonews.net.br\\\/2022\\\/2026\\\/09\\\/policia-civil-realiza-prisao-de-artista-plastico-acusado-de-crimes-de-estelionato\\\/#article\",\"isPartOf\":{\"@id\":\"https:\\\/\\\/regiaonews.net.br\\\/2022\\\/2026\\\/09\\\/policia-civil-realiza-prisao-de-artista-plastico-acusado-de-crimes-de-estelionato\\\/\"},\"author\":{\"name\":\"Roberto\",\"@id\":\"https:\\\/\\\/regiaonews.net.br\\\/2022\\\/#\\\/schema\\\/person\\\/2d205a608a5aa97ac279d7a5e6d89ad8\"},\"headline\":\"Pol\u00edcia Civil realiza pris\u00e3o de artista pl\u00e1stico acusado de crimes de estelionato\",\"datePublished\":\"2026-09-01T13:29:28+00:00\",\"mainEntityOfPage\":{\"@id\":\"https:\\\/\\\/regiaonews.net.br\\\/2022\\\/2026\\\/09\\\/policia-civil-realiza-prisao-de-artista-plastico-acusado-de-crimes-de-estelionato\\\/\"},\"wordCount\":478,\"commentCount\":0,\"publisher\":{\"@id\":\"https:\\\/\\\/regiaonews.net.br\\\/2022\\\/#organization\"},\"image\":{\"@id\":\"https:\\\/\\\/regiaonews.net.br\\\/2022\\\/2026\\\/09\\\/policia-civil-realiza-prisao-de-artista-plastico-acusado-de-crimes-de-estelionato\\\/#primaryimage\"},\"thumbnailUrl\":\"https:\\\/\\\/regiaonews.net.br\\\/2022\\\/wp-content\\\/uploads\\\/2026\\\/09\\\/prisao.jpg\",\"articleSection\":[\"Policia\"],\"inLanguage\":\"pt-BR\",\"potentialAction\":[{\"@type\":\"CommentAction\",\"name\":\"Comment\",\"target\":[\"https:\\\/\\\/regiaonews.net.br\\\/2022\\\/2026\\\/09\\\/policia-civil-realiza-prisao-de-artista-plastico-acusado-de-crimes-de-estelionato\\\/#respond\"]}]},{\"@type\":\"WebPage\",\"@id\":\"https:\\\/\\\/regiaonews.net.br\\\/2022\\\/2026\\\/09\\\/policia-civil-realiza-prisao-de-artista-plastico-acusado-de-crimes-de-estelionato\\\/\",\"url\":\"https:\\\/\\\/regiaonews.net.br\\\/2022\\\/2026\\\/09\\\/policia-civil-realiza-prisao-de-artista-plastico-acusado-de-crimes-de-estelionato\\\/\",\"name\":\"Pol\u00edcia Civil realiza pris\u00e3o de artista pl\u00e1stico acusado de crimes de estelionato - Regi\u00e3o News\",\"isPartOf\":{\"@id\":\"https:\\\/\\\/regiaonews.net.br\\\/2022\\\/#website\"},\"primaryImageOfPage\":{\"@id\":\"https:\\\/\\\/regiaonews.net.br\\\/2022\\\/2026\\\/09\\\/policia-civil-realiza-prisao-de-artista-plastico-acusado-de-crimes-de-estelionato\\\/#primaryimage\"},\"image\":{\"@id\":\"https:\\\/\\\/regiaonews.net.br\\\/2022\\\/2026\\\/09\\\/policia-civil-realiza-prisao-de-artista-plastico-acusado-de-crimes-de-estelionato\\\/#primaryimage\"},\"thumbnailUrl\":\"https:\\\/\\\/regiaonews.net.br\\\/2022\\\/wp-content\\\/uploads\\\/2026\\\/09\\\/prisao.jpg\",\"datePublished\":\"2026-09-01T13:29:28+00:00\",\"breadcrumb\":{\"@id\":\"https:\\\/\\\/regiaonews.net.br\\\/2022\\\/2026\\\/09\\\/policia-civil-realiza-prisao-de-artista-plastico-acusado-de-crimes-de-estelionato\\\/#breadcrumb\"},\"inLanguage\":\"pt-BR\",\"potentialAction\":[{\"@type\":\"ReadAction\",\"target\":[\"https:\\\/\\\/regiaonews.net.br\\\/2022\\\/2026\\\/09\\\/policia-civil-realiza-prisao-de-artista-plastico-acusado-de-crimes-de-estelionato\\\/\"]}]},{\"@type\":\"ImageObject\",\"inLanguage\":\"pt-BR\",\"@id\":\"https:\\\/\\\/regiaonews.net.br\\\/2022\\\/2026\\\/09\\\/policia-civil-realiza-prisao-de-artista-plastico-acusado-de-crimes-de-estelionato\\\/#primaryimage\",\"url\":\"https:\\\/\\\/regiaonews.net.br\\\/2022\\\/wp-content\\\/uploads\\\/2026\\\/09\\\/prisao.jpg\",\"contentUrl\":\"https:\\\/\\\/regiaonews.net.br\\\/2022\\\/wp-content\\\/uploads\\\/2026\\\/09\\\/prisao.jpg\",\"width\":661,\"height\":366},{\"@type\":\"BreadcrumbList\",\"@id\":\"https:\\\/\\\/regiaonews.net.br\\\/2022\\\/2026\\\/09\\\/policia-civil-realiza-prisao-de-artista-plastico-acusado-de-crimes-de-estelionato\\\/#breadcrumb\",\"itemListElement\":[{\"@type\":\"ListItem\",\"position\":1,\"name\":\"In\u00edcio\",\"item\":\"https:\\\/\\\/regiaonews.net.br\\\/2022\\\/\"},{\"@type\":\"ListItem\",\"position\":2,\"name\":\"Pol\u00edcia Civil realiza pris\u00e3o de artista pl\u00e1stico acusado de crimes de estelionato\"}]},{\"@type\":\"WebSite\",\"@id\":\"https:\\\/\\\/regiaonews.net.br\\\/2022\\\/#website\",\"url\":\"https:\\\/\\\/regiaonews.net.br\\\/2022\\\/\",\"name\":\"Regi\u00e3o News\",\"description\":\"Site de Not\u00edcias de Barretos e regi\u00e3o\",\"publisher\":{\"@id\":\"https:\\\/\\\/regiaonews.net.br\\\/2022\\\/#organization\"},\"potentialAction\":[{\"@type\":\"SearchAction\",\"target\":{\"@type\":\"EntryPoint\",\"urlTemplate\":\"https:\\\/\\\/regiaonews.net.br\\\/2022\\\/?s={search_term_string}\"},\"query-input\":{\"@type\":\"PropertyValueSpecification\",\"valueRequired\":true,\"valueName\":\"search_term_string\"}}],\"inLanguage\":\"pt-BR\"},{\"@type\":\"Organization\",\"@id\":\"https:\\\/\\\/regiaonews.net.br\\\/2022\\\/#organization\",\"name\":\"Regi\u00e3o News\",\"url\":\"https:\\\/\\\/regiaonews.net.br\\\/2022\\\/\",\"logo\":{\"@type\":\"ImageObject\",\"inLanguage\":\"pt-BR\",\"@id\":\"https:\\\/\\\/regiaonews.net.br\\\/2022\\\/#\\\/schema\\\/logo\\\/image\\\/\",\"url\":\"https:\\\/\\\/regiaonews.net.br\\\/2022\\\/wp-content\\\/uploads\\\/2026\\\/08\\\/LOGO-NEW-REG-TR.png\",\"contentUrl\":\"https:\\\/\\\/regiaonews.net.br\\\/2022\\\/wp-content\\\/uploads\\\/2026\\\/08\\\/LOGO-NEW-REG-TR.png\",\"width\":360,\"height\":130,\"caption\":\"Regi\u00e3o News\"},\"image\":{\"@id\":\"https:\\\/\\\/regiaonews.net.br\\\/2022\\\/#\\\/schema\\\/logo\\\/image\\\/\"}},{\"@type\":\"Person\",\"@id\":\"https:\\\/\\\/regiaonews.net.br\\\/2022\\\/#\\\/schema\\\/person\\\/2d205a608a5aa97ac279d7a5e6d89ad8\",\"name\":\"Roberto\",\"image\":{\"@type\":\"ImageObject\",\"inLanguage\":\"pt-BR\",\"@id\":\"https:\\\/\\\/secure.gravatar.com\\\/avatar\\\/42749d8b712ff9d59ca93dc150494e5b55a44134482993f5baeb97e61b7ecc89?s=96&d=mm&r=g\",\"url\":\"https:\\\/\\\/secure.gravatar.com\\\/avatar\\\/42749d8b712ff9d59ca93dc150494e5b55a44134482993f5baeb97e61b7ecc89?s=96&d=mm&r=g\",\"contentUrl\":\"https:\\\/\\\/secure.gravatar.com\\\/avatar\\\/42749d8b712ff9d59ca93dc150494e5b55a44134482993f5baeb97e61b7ecc89?s=96&d=mm&r=g\",\"caption\":\"Roberto\"},\"url\":\"https:\\\/\\\/regiaonews.net.br\\\/2022\\\/author\\\/roberto\\\/\"}]}<\/script>\n<!-- \/ Yoast SEO plugin. -->","yoast_head_json":{"title":"Pol\u00edcia Civil realiza pris\u00e3o de artista pl\u00e1stico acusado de crimes de estelionato - Regi\u00e3o News","robots":{"index":"index","follow":"follow","max-snippet":"max-snippet:-1","max-image-preview":"max-image-preview:large","max-video-preview":"max-video-preview:-1"},"canonical":"https:\/\/regiaonews.net.br\/2022\/2026\/09\/policia-civil-realiza-prisao-de-artista-plastico-acusado-de-crimes-de-estelionato\/","og_locale":"pt_BR","og_type":"article","og_title":"Pol\u00edcia Civil realiza pris\u00e3o de artista pl\u00e1stico acusado de crimes de estelionato - Regi\u00e3o News","og_description":"A Pol\u00edcia Civil do Estado de S\u00e3o Paulo, por interm\u00e9dio da Central de Pol\u00edcia Judici\u00e1ria de Barretos, deflagrou opera\u00e7\u00e3o policial coordenada pelo Delegado de Pol\u00edcia...","og_url":"https:\/\/regiaonews.net.br\/2022\/2026\/09\/policia-civil-realiza-prisao-de-artista-plastico-acusado-de-crimes-de-estelionato\/","og_site_name":"Regi\u00e3o News","article_published_time":"2026-09-01T13:29:28+00:00","og_image":[{"width":661,"height":366,"url":"https:\/\/regiaonews.net.br\/2022\/wp-content\/uploads\/2026\/09\/prisao.jpg","type":"image\/jpeg"}],"author":"Roberto","twitter_card":"summary_large_image","twitter_misc":{"Escrito por":"Roberto","Est. tempo de leitura":"3 minutos"},"schema":{"@context":"https:\/\/schema.org","@graph":[{"@type":"Article","@id":"https:\/\/regiaonews.net.br\/2022\/2026\/09\/policia-civil-realiza-prisao-de-artista-plastico-acusado-de-crimes-de-estelionato\/#article","isPartOf":{"@id":"https:\/\/regiaonews.net.br\/2022\/2026\/09\/policia-civil-realiza-prisao-de-artista-plastico-acusado-de-crimes-de-estelionato\/"},"author":{"name":"Roberto","@id":"https:\/\/regiaonews.net.br\/2022\/#\/schema\/person\/2d205a608a5aa97ac279d7a5e6d89ad8"},"headline":"Pol\u00edcia Civil realiza pris\u00e3o de artista pl\u00e1stico acusado de crimes de estelionato","datePublished":"2026-09-01T13:29:28+00:00","mainEntityOfPage":{"@id":"https:\/\/regiaonews.net.br\/2022\/2026\/09\/policia-civil-realiza-prisao-de-artista-plastico-acusado-de-crimes-de-estelionato\/"},"wordCount":478,"commentCount":0,"publisher":{"@id":"https:\/\/regiaonews.net.br\/2022\/#organization"},"image":{"@id":"https:\/\/regiaonews.net.br\/2022\/2026\/09\/policia-civil-realiza-prisao-de-artista-plastico-acusado-de-crimes-de-estelionato\/#primaryimage"},"thumbnailUrl":"https:\/\/regiaonews.net.br\/2022\/wp-content\/uploads\/2026\/09\/prisao.jpg","articleSection":["Policia"],"inLanguage":"pt-BR","potentialAction":[{"@type":"CommentAction","name":"Comment","target":["https:\/\/regiaonews.net.br\/2022\/2026\/09\/policia-civil-realiza-prisao-de-artista-plastico-acusado-de-crimes-de-estelionato\/#respond"]}]},{"@type":"WebPage","@id":"https:\/\/regiaonews.net.br\/2022\/2026\/09\/policia-civil-realiza-prisao-de-artista-plastico-acusado-de-crimes-de-estelionato\/","url":"https:\/\/regiaonews.net.br\/2022\/2026\/09\/policia-civil-realiza-prisao-de-artista-plastico-acusado-de-crimes-de-estelionato\/","name":"Pol\u00edcia Civil realiza pris\u00e3o de artista pl\u00e1stico acusado de crimes de estelionato - Regi\u00e3o News","isPartOf":{"@id":"https:\/\/regiaonews.net.br\/2022\/#website"},"primaryImageOfPage":{"@id":"https:\/\/regiaonews.net.br\/2022\/2026\/09\/policia-civil-realiza-prisao-de-artista-plastico-acusado-de-crimes-de-estelionato\/#primaryimage"},"image":{"@id":"https:\/\/regiaonews.net.br\/2022\/2026\/09\/policia-civil-realiza-prisao-de-artista-plastico-acusado-de-crimes-de-estelionato\/#primaryimage"},"thumbnailUrl":"https:\/\/regiaonews.net.br\/2022\/wp-content\/uploads\/2026\/09\/prisao.jpg","datePublished":"2026-09-01T13:29:28+00:00","breadcrumb":{"@id":"https:\/\/regiaonews.net.br\/2022\/2026\/09\/policia-civil-realiza-prisao-de-artista-plastico-acusado-de-crimes-de-estelionato\/#breadcrumb"},"inLanguage":"pt-BR","potentialAction":[{"@type":"ReadAction","target":["https:\/\/regiaonews.net.br\/2022\/2026\/09\/policia-civil-realiza-prisao-de-artista-plastico-acusado-de-crimes-de-estelionato\/"]}]},{"@type":"ImageObject","inLanguage":"pt-BR","@id":"https:\/\/regiaonews.net.br\/2022\/2026\/09\/policia-civil-realiza-prisao-de-artista-plastico-acusado-de-crimes-de-estelionato\/#primaryimage","url":"https:\/\/regiaonews.net.br\/2022\/wp-content\/uploads\/2026\/09\/prisao.jpg","contentUrl":"https:\/\/regiaonews.net.br\/2022\/wp-content\/uploads\/2026\/09\/prisao.jpg","width":661,"height":366},{"@type":"BreadcrumbList","@id":"https:\/\/regiaonews.net.br\/2022\/2026\/09\/policia-civil-realiza-prisao-de-artista-plastico-acusado-de-crimes-de-estelionato\/#breadcrumb","itemListElement":[{"@type":"ListItem","position":1,"name":"In\u00edcio","item":"https:\/\/regiaonews.net.br\/2022\/"},{"@type":"ListItem","position":2,"name":"Pol\u00edcia Civil realiza pris\u00e3o de artista pl\u00e1stico acusado de crimes de estelionato"}]},{"@type":"WebSite","@id":"https:\/\/regiaonews.net.br\/2022\/#website","url":"https:\/\/regiaonews.net.br\/2022\/","name":"Regi\u00e3o News","description":"Site de Not\u00edcias de Barretos e regi\u00e3o","publisher":{"@id":"https:\/\/regiaonews.net.br\/2022\/#organization"},"potentialAction":[{"@type":"SearchAction","target":{"@type":"EntryPoint","urlTemplate":"https:\/\/regiaonews.net.br\/2022\/?s={search_term_string}"},"query-input":{"@type":"PropertyValueSpecification","valueRequired":true,"valueName":"search_term_string"}}],"inLanguage":"pt-BR"},{"@type":"Organization","@id":"https:\/\/regiaonews.net.br\/2022\/#organization","name":"Regi\u00e3o News","url":"https:\/\/regiaonews.net.br\/2022\/","logo":{"@type":"ImageObject","inLanguage":"pt-BR","@id":"https:\/\/regiaonews.net.br\/2022\/#\/schema\/logo\/image\/","url":"https:\/\/regiaonews.net.br\/2022\/wp-content\/uploads\/2026\/08\/LOGO-NEW-REG-TR.png","contentUrl":"https:\/\/regiaonews.net.br\/2022\/wp-content\/uploads\/2026\/08\/LOGO-NEW-REG-TR.png","width":360,"height":130,"caption":"Regi\u00e3o News"},"image":{"@id":"https:\/\/regiaonews.net.br\/2022\/#\/schema\/logo\/image\/"}},{"@type":"Person","@id":"https:\/\/regiaonews.net.br\/2022\/#\/schema\/person\/2d205a608a5aa97ac279d7a5e6d89ad8","name":"Roberto","image":{"@type":"ImageObject","inLanguage":"pt-BR","@id":"https:\/\/secure.gravatar.com\/avatar\/42749d8b712ff9d59ca93dc150494e5b55a44134482993f5baeb97e61b7ecc89?s=96&d=mm&r=g","url":"https:\/\/secure.gravatar.com\/avatar\/42749d8b712ff9d59ca93dc150494e5b55a44134482993f5baeb97e61b7ecc89?s=96&d=mm&r=g","contentUrl":"https:\/\/secure.gravatar.com\/avatar\/42749d8b712ff9d59ca93dc150494e5b55a44134482993f5baeb97e61b7ecc89?s=96&d=mm&r=g","caption":"Roberto"},"url":"https:\/\/regiaonews.net.br\/2022\/author\/roberto\/"}]}},"publishpress_future_action":{"enabled":false,"date":"2026-09-09 03:37:25","action":"change-status","newStatus":"draft","terms":[],"taxonomy":"category","extraData":[]},"publishpress_future_workflow_manual_trigger":{"enabledWorkflows":[]},"_links":{"self":[{"href":"https:\/\/regiaonews.net.br\/2022\/wp-json\/wp\/v2\/posts\/132379","targetHints":{"allow":["GET"]}}],"collection":[{"href":"https:\/\/regiaonews.net.br\/2022\/wp-json\/wp\/v2\/posts"}],"about":[{"href":"https:\/\/regiaonews.net.br\/2022\/wp-json\/wp\/v2\/types\/post"}],"author":[{"embeddable":true,"href":"https:\/\/regiaonews.net.br\/2022\/wp-json\/wp\/v2\/users\/2"}],"replies":[{"embeddable":true,"href":"https:\/\/regiaonews.net.br\/2022\/wp-json\/wp\/v2\/comments?post=132379"}],"version-history":[{"count":1,"href":"https:\/\/regiaonews.net.br\/2022\/wp-json\/wp\/v2\/posts\/132379\/revisions"}],"predecessor-version":[{"id":132381,"href":"https:\/\/regiaonews.net.br\/2022\/wp-json\/wp\/v2\/posts\/132379\/revisions\/132381"}],"wp:featuredmedia":[{"embeddable":true,"href":"https:\/\/regiaonews.net.br\/2022\/wp-json\/wp\/v2\/media\/132380"}],"wp:attachment":[{"href":"https:\/\/regiaonews.net.br\/2022\/wp-json\/wp\/v2\/media?parent=132379"}],"wp:term":[{"taxonomy":"category","embeddable":true,"href":"https:\/\/regiaonews.net.br\/2022\/wp-json\/wp\/v2\/categories?post=132379"},{"taxonomy":"post_tag","embeddable":true,"href":"https:\/\/regiaonews.net.br\/2022\/wp-json\/wp\/v2\/tags?post=132379"}],"curies":[{"name":"wp","href":"https:\/\/api.w.org\/{rel}","templated":true}]}}