{"id":132375,"date":"2026-09-01T10:13:58","date_gmt":"2026-09-01T13:13:58","guid":{"rendered":"https:\/\/regiaonews.net.br\/2022\/?p=132375"},"modified":"2026-09-01T10:13:58","modified_gmt":"2026-09-01T13:13:58","slug":"carreta-carregada-com-estruturas-de-ferro-tomba-na-rodovia-assis-chateaubriand","status":"publish","type":"post","link":"https:\/\/regiaonews.net.br\/2022\/2026\/09\/carreta-carregada-com-estruturas-de-ferro-tomba-na-rodovia-assis-chateaubriand\/","title":{"rendered":"Carreta carregada com estruturas de ferro tomba na Rodovia Assis Chateaubriand"},"content":{"rendered":"<p>&nbsp;<\/p>\n<p>Uma carreta carregada com arma\u00e7\u00f5es de ferro estruturais tombou na manh\u00e3 desta ter\u00e7a-feira (1\u00ba), na Rodovia Assis Chateaubriand, na altura do km 101, nas proximidades de um radar de velocidade.<\/p>\n<p>A equipe foi acionada por volta das 8h para atender \u00e0 ocorr\u00eancia. Segundo o sargento Duarte, as primeiras informa\u00e7\u00f5es indicavam que uma carreta havia tombado, sem confirma\u00e7\u00e3o sobre a exist\u00eancia de v\u00edtimas.<\/p>\n<p>Ao chegarem ao local, as equipes de atendimento encontraram o motorista e o passageiro j\u00e1 fora do ve\u00edculo, ambos conscientes e orientados. O condutor apresentava apenas uma pequena escoria\u00e7\u00e3o na perna e n\u00e3o necessitou de atendimento m\u00e9dico.<\/p>\n<p>Segundo o relato do motorista, a barra de dire\u00e7\u00e3o da carreta quebrou enquanto o ve\u00edculo trafegava pela rodovia, fazendo com que ele perdesse o controle e n\u00e3o conseguisse evitar o tombamento.<\/p>\n<p>O Departamento de Estradas de Rodagem (DER) esteve no local e realizou a sinaliza\u00e7\u00e3o da \u00e1rea para garantir a seguran\u00e7a durante o atendimento da ocorr\u00eancia.<\/p>\n<p>Equipes que atenderam a ocorr\u00eancia: ABS 09203: Sargento Duarte, Cabo Gambirasi e Soldado Kazuto e UR 09201: Cabo Rosa, Soldados Zanateli e Pistore.<\/p>\n<p><a href=\"https:\/\/regiaonews.net.br\/2022\/wp-content\/uploads\/2026\/09\/WhatsApp-Image-2026-09-01-at-09.34.22.jpeg\"><img loading=\"lazy\" decoding=\"async\" class=\"alignnone size-medium wp-image-132377\" src=\"https:\/\/regiaonews.net.br\/2022\/wp-content\/uploads\/2026\/09\/WhatsApp-Image-2026-09-01-at-09.34.22-300x169.jpeg\" alt=\"\" width=\"300\" height=\"169\" srcset=\"https:\/\/regiaonews.net.br\/2022\/wp-content\/uploads\/2026\/09\/WhatsApp-Image-2026-09-01-at-09.34.22-300x169.jpeg 300w, https:\/\/regiaonews.net.br\/2022\/wp-content\/uploads\/2026\/09\/WhatsApp-Image-2026-09-01-at-09.34.22-1024x576.jpeg 1024w, https:\/\/regiaonews.net.br\/2022\/wp-content\/uploads\/2026\/09\/WhatsApp-Image-2026-09-01-at-09.34.22-768x432.jpeg 768w, https:\/\/regiaonews.net.br\/2022\/wp-content\/uploads\/2026\/09\/WhatsApp-Image-2026-09-01-at-09.34.22-1536x864.jpeg 1536w, https:\/\/regiaonews.net.br\/2022\/wp-content\/uploads\/2026\/09\/WhatsApp-Image-2026-09-01-at-09.34.22-1280x720.jpeg 1280w, https:\/\/regiaonews.net.br\/2022\/wp-content\/uploads\/2026\/09\/WhatsApp-Image-2026-09-01-at-09.34.22-1200x675.jpeg 1200w, https:\/\/regiaonews.net.br\/2022\/wp-content\/uploads\/2026\/09\/WhatsApp-Image-2026-09-01-at-09.34.22.jpeg 1600w\" sizes=\"auto, (max-width: 300px) 100vw, 300px\" \/><\/a><\/p>\n","protected":false},"excerpt":{"rendered":"<p>&nbsp; Uma carreta carregada com arma\u00e7\u00f5es de ferro estruturais tombou na manh\u00e3 desta ter\u00e7a-feira (1\u00ba), na Rodovia Assis Chateaubriand, na altura do km 101, nas&#8230;<\/p>\n","protected":false},"author":2,"featured_media":132376,"comment_status":"open","ping_status":"open","sticky":false,"template":"","format":"standard","meta":{"_themeisle_gutenberg_block_has_review":false,"footnotes":""},"categories":[23],"tags":[],"class_list":["post-132375","post","type-post","status-publish","format-standard","has-post-thumbnail","hentry","category-policia"],"yoast_head":"<!-- This site is optimized with the Yoast SEO plugin v28.4 - https:\/\/yoast.com\/product\/yoast-seo-wordpress\/ -->\n<title>Carreta carregada com estruturas de ferro tomba na Rodovia Assis Chateaubriand - Regi\u00e3o News<\/title>\n<meta name=\"robots\" content=\"index, follow, max-snippet:-1, max-image-preview:large, max-video-preview:-1\" \/>\n<link rel=\"canonical\" href=\"https:\/\/regiaonews.net.br\/2022\/2026\/09\/carreta-carregada-com-estruturas-de-ferro-tomba-na-rodovia-assis-chateaubriand\/\" \/>\n<meta property=\"og:locale\" content=\"pt_BR\" \/>\n<meta property=\"og:type\" content=\"article\" \/>\n<meta property=\"og:title\" content=\"Carreta carregada com estruturas de ferro tomba na Rodovia Assis Chateaubriand - Regi\u00e3o News\" \/>\n<meta property=\"og:description\" content=\"&nbsp; Uma carreta carregada com arma\u00e7\u00f5es de ferro estruturais tombou na manh\u00e3 desta ter\u00e7a-feira (1\u00ba), na Rodovia Assis Chateaubriand, na altura do km 101, nas...\" \/>\n<meta property=\"og:url\" content=\"https:\/\/regiaonews.net.br\/2022\/2026\/09\/carreta-carregada-com-estruturas-de-ferro-tomba-na-rodovia-assis-chateaubriand\/\" \/>\n<meta property=\"og:site_name\" content=\"Regi\u00e3o News\" \/>\n<meta property=\"article:published_time\" content=\"2026-09-01T13:13:58+00:00\" \/>\n<meta property=\"og:image\" content=\"https:\/\/regiaonews.net.br\/2022\/wp-content\/uploads\/2026\/09\/WhatsApp-Image-2026-09-01-at-09.34.22-1.jpeg\" \/>\n\t<meta property=\"og:image:width\" content=\"1600\" \/>\n\t<meta property=\"og:image:height\" content=\"900\" \/>\n\t<meta property=\"og:image:type\" content=\"image\/jpeg\" \/>\n<meta name=\"author\" content=\"Roberto\" \/>\n<meta name=\"twitter:card\" content=\"summary_large_image\" \/>\n<meta name=\"twitter:label1\" content=\"Escrito por\" \/>\n\t<meta name=\"twitter:data1\" content=\"Roberto\" \/>\n\t<meta name=\"twitter:label2\" content=\"Est. tempo de leitura\" \/>\n\t<meta name=\"twitter:data2\" content=\"2 minutos\" \/>\n<script type=\"application\/ld+json\" class=\"yoast-schema-graph\">{\"@context\":\"https:\\\/\\\/schema.org\",\"@graph\":[{\"@type\":\"Article\",\"@id\":\"https:\\\/\\\/regiaonews.net.br\\\/2022\\\/2026\\\/09\\\/carreta-carregada-com-estruturas-de-ferro-tomba-na-rodovia-assis-chateaubriand\\\/#article\",\"isPartOf\":{\"@id\":\"https:\\\/\\\/regiaonews.net.br\\\/2022\\\/2026\\\/09\\\/carreta-carregada-com-estruturas-de-ferro-tomba-na-rodovia-assis-chateaubriand\\\/\"},\"author\":{\"name\":\"Roberto\",\"@id\":\"https:\\\/\\\/regiaonews.net.br\\\/2022\\\/#\\\/schema\\\/person\\\/2d205a608a5aa97ac279d7a5e6d89ad8\"},\"headline\":\"Carreta carregada com estruturas de ferro tomba na Rodovia Assis Chateaubriand\",\"datePublished\":\"2026-09-01T13:13:58+00:00\",\"mainEntityOfPage\":{\"@id\":\"https:\\\/\\\/regiaonews.net.br\\\/2022\\\/2026\\\/09\\\/carreta-carregada-com-estruturas-de-ferro-tomba-na-rodovia-assis-chateaubriand\\\/\"},\"wordCount\":203,\"commentCount\":0,\"publisher\":{\"@id\":\"https:\\\/\\\/regiaonews.net.br\\\/2022\\\/#organization\"},\"image\":{\"@id\":\"https:\\\/\\\/regiaonews.net.br\\\/2022\\\/2026\\\/09\\\/carreta-carregada-com-estruturas-de-ferro-tomba-na-rodovia-assis-chateaubriand\\\/#primaryimage\"},\"thumbnailUrl\":\"https:\\\/\\\/regiaonews.net.br\\\/2022\\\/wp-content\\\/uploads\\\/2026\\\/09\\\/WhatsApp-Image-2026-09-01-at-09.34.22-1.jpeg\",\"articleSection\":[\"Policia\"],\"inLanguage\":\"pt-BR\",\"potentialAction\":[{\"@type\":\"CommentAction\",\"name\":\"Comment\",\"target\":[\"https:\\\/\\\/regiaonews.net.br\\\/2022\\\/2026\\\/09\\\/carreta-carregada-com-estruturas-de-ferro-tomba-na-rodovia-assis-chateaubriand\\\/#respond\"]}]},{\"@type\":\"WebPage\",\"@id\":\"https:\\\/\\\/regiaonews.net.br\\\/2022\\\/2026\\\/09\\\/carreta-carregada-com-estruturas-de-ferro-tomba-na-rodovia-assis-chateaubriand\\\/\",\"url\":\"https:\\\/\\\/regiaonews.net.br\\\/2022\\\/2026\\\/09\\\/carreta-carregada-com-estruturas-de-ferro-tomba-na-rodovia-assis-chateaubriand\\\/\",\"name\":\"Carreta carregada com estruturas de ferro tomba na Rodovia Assis Chateaubriand - Regi\u00e3o News\",\"isPartOf\":{\"@id\":\"https:\\\/\\\/regiaonews.net.br\\\/2022\\\/#website\"},\"primaryImageOfPage\":{\"@id\":\"https:\\\/\\\/regiaonews.net.br\\\/2022\\\/2026\\\/09\\\/carreta-carregada-com-estruturas-de-ferro-tomba-na-rodovia-assis-chateaubriand\\\/#primaryimage\"},\"image\":{\"@id\":\"https:\\\/\\\/regiaonews.net.br\\\/2022\\\/2026\\\/09\\\/carreta-carregada-com-estruturas-de-ferro-tomba-na-rodovia-assis-chateaubriand\\\/#primaryimage\"},\"thumbnailUrl\":\"https:\\\/\\\/regiaonews.net.br\\\/2022\\\/wp-content\\\/uploads\\\/2026\\\/09\\\/WhatsApp-Image-2026-09-01-at-09.34.22-1.jpeg\",\"datePublished\":\"2026-09-01T13:13:58+00:00\",\"breadcrumb\":{\"@id\":\"https:\\\/\\\/regiaonews.net.br\\\/2022\\\/2026\\\/09\\\/carreta-carregada-com-estruturas-de-ferro-tomba-na-rodovia-assis-chateaubriand\\\/#breadcrumb\"},\"inLanguage\":\"pt-BR\",\"potentialAction\":[{\"@type\":\"ReadAction\",\"target\":[\"https:\\\/\\\/regiaonews.net.br\\\/2022\\\/2026\\\/09\\\/carreta-carregada-com-estruturas-de-ferro-tomba-na-rodovia-assis-chateaubriand\\\/\"]}]},{\"@type\":\"ImageObject\",\"inLanguage\":\"pt-BR\",\"@id\":\"https:\\\/\\\/regiaonews.net.br\\\/2022\\\/2026\\\/09\\\/carreta-carregada-com-estruturas-de-ferro-tomba-na-rodovia-assis-chateaubriand\\\/#primaryimage\",\"url\":\"https:\\\/\\\/regiaonews.net.br\\\/2022\\\/wp-content\\\/uploads\\\/2026\\\/09\\\/WhatsApp-Image-2026-09-01-at-09.34.22-1.jpeg\",\"contentUrl\":\"https:\\\/\\\/regiaonews.net.br\\\/2022\\\/wp-content\\\/uploads\\\/2026\\\/09\\\/WhatsApp-Image-2026-09-01-at-09.34.22-1.jpeg\",\"width\":1600,\"height\":900},{\"@type\":\"BreadcrumbList\",\"@id\":\"https:\\\/\\\/regiaonews.net.br\\\/2022\\\/2026\\\/09\\\/carreta-carregada-com-estruturas-de-ferro-tomba-na-rodovia-assis-chateaubriand\\\/#breadcrumb\",\"itemListElement\":[{\"@type\":\"ListItem\",\"position\":1,\"name\":\"In\u00edcio\",\"item\":\"https:\\\/\\\/regiaonews.net.br\\\/2022\\\/\"},{\"@type\":\"ListItem\",\"position\":2,\"name\":\"Carreta carregada com estruturas de ferro tomba na Rodovia Assis Chateaubriand\"}]},{\"@type\":\"WebSite\",\"@id\":\"https:\\\/\\\/regiaonews.net.br\\\/2022\\\/#website\",\"url\":\"https:\\\/\\\/regiaonews.net.br\\\/2022\\\/\",\"name\":\"Regi\u00e3o News\",\"description\":\"Site de Not\u00edcias de Barretos e regi\u00e3o\",\"publisher\":{\"@id\":\"https:\\\/\\\/regiaonews.net.br\\\/2022\\\/#organization\"},\"potentialAction\":[{\"@type\":\"SearchAction\",\"target\":{\"@type\":\"EntryPoint\",\"urlTemplate\":\"https:\\\/\\\/regiaonews.net.br\\\/2022\\\/?s={search_term_string}\"},\"query-input\":{\"@type\":\"PropertyValueSpecification\",\"valueRequired\":true,\"valueName\":\"search_term_string\"}}],\"inLanguage\":\"pt-BR\"},{\"@type\":\"Organization\",\"@id\":\"https:\\\/\\\/regiaonews.net.br\\\/2022\\\/#organization\",\"name\":\"Regi\u00e3o News\",\"url\":\"https:\\\/\\\/regiaonews.net.br\\\/2022\\\/\",\"logo\":{\"@type\":\"ImageObject\",\"inLanguage\":\"pt-BR\",\"@id\":\"https:\\\/\\\/regiaonews.net.br\\\/2022\\\/#\\\/schema\\\/logo\\\/image\\\/\",\"url\":\"https:\\\/\\\/regiaonews.net.br\\\/2022\\\/wp-content\\\/uploads\\\/2026\\\/08\\\/LOGO-NEW-REG-TR.png\",\"contentUrl\":\"https:\\\/\\\/regiaonews.net.br\\\/2022\\\/wp-content\\\/uploads\\\/2026\\\/08\\\/LOGO-NEW-REG-TR.png\",\"width\":360,\"height\":130,\"caption\":\"Regi\u00e3o News\"},\"image\":{\"@id\":\"https:\\\/\\\/regiaonews.net.br\\\/2022\\\/#\\\/schema\\\/logo\\\/image\\\/\"}},{\"@type\":\"Person\",\"@id\":\"https:\\\/\\\/regiaonews.net.br\\\/2022\\\/#\\\/schema\\\/person\\\/2d205a608a5aa97ac279d7a5e6d89ad8\",\"name\":\"Roberto\",\"image\":{\"@type\":\"ImageObject\",\"inLanguage\":\"pt-BR\",\"@id\":\"https:\\\/\\\/secure.gravatar.com\\\/avatar\\\/42749d8b712ff9d59ca93dc150494e5b55a44134482993f5baeb97e61b7ecc89?s=96&d=mm&r=g\",\"url\":\"https:\\\/\\\/secure.gravatar.com\\\/avatar\\\/42749d8b712ff9d59ca93dc150494e5b55a44134482993f5baeb97e61b7ecc89?s=96&d=mm&r=g\",\"contentUrl\":\"https:\\\/\\\/secure.gravatar.com\\\/avatar\\\/42749d8b712ff9d59ca93dc150494e5b55a44134482993f5baeb97e61b7ecc89?s=96&d=mm&r=g\",\"caption\":\"Roberto\"},\"url\":\"https:\\\/\\\/regiaonews.net.br\\\/2022\\\/author\\\/roberto\\\/\"}]}<\/script>\n<!-- \/ Yoast SEO plugin. -->","yoast_head_json":{"title":"Carreta carregada com estruturas de ferro tomba na Rodovia Assis Chateaubriand - Regi\u00e3o News","robots":{"index":"index","follow":"follow","max-snippet":"max-snippet:-1","max-image-preview":"max-image-preview:large","max-video-preview":"max-video-preview:-1"},"canonical":"https:\/\/regiaonews.net.br\/2022\/2026\/09\/carreta-carregada-com-estruturas-de-ferro-tomba-na-rodovia-assis-chateaubriand\/","og_locale":"pt_BR","og_type":"article","og_title":"Carreta carregada com estruturas de ferro tomba na Rodovia Assis Chateaubriand - Regi\u00e3o News","og_description":"&nbsp; Uma carreta carregada com arma\u00e7\u00f5es de ferro estruturais tombou na manh\u00e3 desta ter\u00e7a-feira (1\u00ba), na Rodovia Assis Chateaubriand, na altura do km 101, nas...","og_url":"https:\/\/regiaonews.net.br\/2022\/2026\/09\/carreta-carregada-com-estruturas-de-ferro-tomba-na-rodovia-assis-chateaubriand\/","og_site_name":"Regi\u00e3o News","article_published_time":"2026-09-01T13:13:58+00:00","og_image":[{"width":1600,"height":900,"url":"https:\/\/regiaonews.net.br\/2022\/wp-content\/uploads\/2026\/09\/WhatsApp-Image-2026-09-01-at-09.34.22-1.jpeg","type":"image\/jpeg"}],"author":"Roberto","twitter_card":"summary_large_image","twitter_misc":{"Escrito por":"Roberto","Est. tempo de leitura":"2 minutos"},"schema":{"@context":"https:\/\/schema.org","@graph":[{"@type":"Article","@id":"https:\/\/regiaonews.net.br\/2022\/2026\/09\/carreta-carregada-com-estruturas-de-ferro-tomba-na-rodovia-assis-chateaubriand\/#article","isPartOf":{"@id":"https:\/\/regiaonews.net.br\/2022\/2026\/09\/carreta-carregada-com-estruturas-de-ferro-tomba-na-rodovia-assis-chateaubriand\/"},"author":{"name":"Roberto","@id":"https:\/\/regiaonews.net.br\/2022\/#\/schema\/person\/2d205a608a5aa97ac279d7a5e6d89ad8"},"headline":"Carreta carregada com estruturas de ferro tomba na Rodovia Assis Chateaubriand","datePublished":"2026-09-01T13:13:58+00:00","mainEntityOfPage":{"@id":"https:\/\/regiaonews.net.br\/2022\/2026\/09\/carreta-carregada-com-estruturas-de-ferro-tomba-na-rodovia-assis-chateaubriand\/"},"wordCount":203,"commentCount":0,"publisher":{"@id":"https:\/\/regiaonews.net.br\/2022\/#organization"},"image":{"@id":"https:\/\/regiaonews.net.br\/2022\/2026\/09\/carreta-carregada-com-estruturas-de-ferro-tomba-na-rodovia-assis-chateaubriand\/#primaryimage"},"thumbnailUrl":"https:\/\/regiaonews.net.br\/2022\/wp-content\/uploads\/2026\/09\/WhatsApp-Image-2026-09-01-at-09.34.22-1.jpeg","articleSection":["Policia"],"inLanguage":"pt-BR","potentialAction":[{"@type":"CommentAction","name":"Comment","target":["https:\/\/regiaonews.net.br\/2022\/2026\/09\/carreta-carregada-com-estruturas-de-ferro-tomba-na-rodovia-assis-chateaubriand\/#respond"]}]},{"@type":"WebPage","@id":"https:\/\/regiaonews.net.br\/2022\/2026\/09\/carreta-carregada-com-estruturas-de-ferro-tomba-na-rodovia-assis-chateaubriand\/","url":"https:\/\/regiaonews.net.br\/2022\/2026\/09\/carreta-carregada-com-estruturas-de-ferro-tomba-na-rodovia-assis-chateaubriand\/","name":"Carreta carregada com estruturas de ferro tomba na Rodovia Assis Chateaubriand - Regi\u00e3o News","isPartOf":{"@id":"https:\/\/regiaonews.net.br\/2022\/#website"},"primaryImageOfPage":{"@id":"https:\/\/regiaonews.net.br\/2022\/2026\/09\/carreta-carregada-com-estruturas-de-ferro-tomba-na-rodovia-assis-chateaubriand\/#primaryimage"},"image":{"@id":"https:\/\/regiaonews.net.br\/2022\/2026\/09\/carreta-carregada-com-estruturas-de-ferro-tomba-na-rodovia-assis-chateaubriand\/#primaryimage"},"thumbnailUrl":"https:\/\/regiaonews.net.br\/2022\/wp-content\/uploads\/2026\/09\/WhatsApp-Image-2026-09-01-at-09.34.22-1.jpeg","datePublished":"2026-09-01T13:13:58+00:00","breadcrumb":{"@id":"https:\/\/regiaonews.net.br\/2022\/2026\/09\/carreta-carregada-com-estruturas-de-ferro-tomba-na-rodovia-assis-chateaubriand\/#breadcrumb"},"inLanguage":"pt-BR","potentialAction":[{"@type":"ReadAction","target":["https:\/\/regiaonews.net.br\/2022\/2026\/09\/carreta-carregada-com-estruturas-de-ferro-tomba-na-rodovia-assis-chateaubriand\/"]}]},{"@type":"ImageObject","inLanguage":"pt-BR","@id":"https:\/\/regiaonews.net.br\/2022\/2026\/09\/carreta-carregada-com-estruturas-de-ferro-tomba-na-rodovia-assis-chateaubriand\/#primaryimage","url":"https:\/\/regiaonews.net.br\/2022\/wp-content\/uploads\/2026\/09\/WhatsApp-Image-2026-09-01-at-09.34.22-1.jpeg","contentUrl":"https:\/\/regiaonews.net.br\/2022\/wp-content\/uploads\/2026\/09\/WhatsApp-Image-2026-09-01-at-09.34.22-1.jpeg","width":1600,"height":900},{"@type":"BreadcrumbList","@id":"https:\/\/regiaonews.net.br\/2022\/2026\/09\/carreta-carregada-com-estruturas-de-ferro-tomba-na-rodovia-assis-chateaubriand\/#breadcrumb","itemListElement":[{"@type":"ListItem","position":1,"name":"In\u00edcio","item":"https:\/\/regiaonews.net.br\/2022\/"},{"@type":"ListItem","position":2,"name":"Carreta carregada com estruturas de ferro tomba na Rodovia Assis Chateaubriand"}]},{"@type":"WebSite","@id":"https:\/\/regiaonews.net.br\/2022\/#website","url":"https:\/\/regiaonews.net.br\/2022\/","name":"Regi\u00e3o News","description":"Site de Not\u00edcias de Barretos e regi\u00e3o","publisher":{"@id":"https:\/\/regiaonews.net.br\/2022\/#organization"},"potentialAction":[{"@type":"SearchAction","target":{"@type":"EntryPoint","urlTemplate":"https:\/\/regiaonews.net.br\/2022\/?s={search_term_string}"},"query-input":{"@type":"PropertyValueSpecification","valueRequired":true,"valueName":"search_term_string"}}],"inLanguage":"pt-BR"},{"@type":"Organization","@id":"https:\/\/regiaonews.net.br\/2022\/#organization","name":"Regi\u00e3o News","url":"https:\/\/regiaonews.net.br\/2022\/","logo":{"@type":"ImageObject","inLanguage":"pt-BR","@id":"https:\/\/regiaonews.net.br\/2022\/#\/schema\/logo\/image\/","url":"https:\/\/regiaonews.net.br\/2022\/wp-content\/uploads\/2026\/08\/LOGO-NEW-REG-TR.png","contentUrl":"https:\/\/regiaonews.net.br\/2022\/wp-content\/uploads\/2026\/08\/LOGO-NEW-REG-TR.png","width":360,"height":130,"caption":"Regi\u00e3o News"},"image":{"@id":"https:\/\/regiaonews.net.br\/2022\/#\/schema\/logo\/image\/"}},{"@type":"Person","@id":"https:\/\/regiaonews.net.br\/2022\/#\/schema\/person\/2d205a608a5aa97ac279d7a5e6d89ad8","name":"Roberto","image":{"@type":"ImageObject","inLanguage":"pt-BR","@id":"https:\/\/secure.gravatar.com\/avatar\/42749d8b712ff9d59ca93dc150494e5b55a44134482993f5baeb97e61b7ecc89?s=96&d=mm&r=g","url":"https:\/\/secure.gravatar.com\/avatar\/42749d8b712ff9d59ca93dc150494e5b55a44134482993f5baeb97e61b7ecc89?s=96&d=mm&r=g","contentUrl":"https:\/\/secure.gravatar.com\/avatar\/42749d8b712ff9d59ca93dc150494e5b55a44134482993f5baeb97e61b7ecc89?s=96&d=mm&r=g","caption":"Roberto"},"url":"https:\/\/regiaonews.net.br\/2022\/author\/roberto\/"}]}},"publishpress_future_action":{"enabled":false,"date":"2026-09-09 03:37:29","action":"change-status","newStatus":"draft","terms":[],"taxonomy":"category","extraData":[]},"publishpress_future_workflow_manual_trigger":{"enabledWorkflows":[]},"_links":{"self":[{"href":"https:\/\/regiaonews.net.br\/2022\/wp-json\/wp\/v2\/posts\/132375","targetHints":{"allow":["GET"]}}],"collection":[{"href":"https:\/\/regiaonews.net.br\/2022\/wp-json\/wp\/v2\/posts"}],"about":[{"href":"https:\/\/regiaonews.net.br\/2022\/wp-json\/wp\/v2\/types\/post"}],"author":[{"embeddable":true,"href":"https:\/\/regiaonews.net.br\/2022\/wp-json\/wp\/v2\/users\/2"}],"replies":[{"embeddable":true,"href":"https:\/\/regiaonews.net.br\/2022\/wp-json\/wp\/v2\/comments?post=132375"}],"version-history":[{"count":1,"href":"https:\/\/regiaonews.net.br\/2022\/wp-json\/wp\/v2\/posts\/132375\/revisions"}],"predecessor-version":[{"id":132378,"href":"https:\/\/regiaonews.net.br\/2022\/wp-json\/wp\/v2\/posts\/132375\/revisions\/132378"}],"wp:featuredmedia":[{"embeddable":true,"href":"https:\/\/regiaonews.net.br\/2022\/wp-json\/wp\/v2\/media\/132376"}],"wp:attachment":[{"href":"https:\/\/regiaonews.net.br\/2022\/wp-json\/wp\/v2\/media?parent=132375"}],"wp:term":[{"taxonomy":"category","embeddable":true,"href":"https:\/\/regiaonews.net.br\/2022\/wp-json\/wp\/v2\/categories?post=132375"},{"taxonomy":"post_tag","embeddable":true,"href":"https:\/\/regiaonews.net.br\/2022\/wp-json\/wp\/v2\/tags?post=132375"}],"curies":[{"name":"wp","href":"https:\/\/api.w.org\/{rel}","templated":true}]}}