{"id":132368,"date":"2026-08-31T22:03:35","date_gmt":"2026-09-01T01:03:35","guid":{"rendered":"https:\/\/regiaonews.net.br\/2022\/?p=132368"},"modified":"2026-08-31T22:03:35","modified_gmt":"2026-09-01T01:03:35","slug":"unifeb-encerra-participacao-na-71a-festa-do-peao-com-lancamento-do-vestibular-2027-de-rodeios","status":"publish","type":"post","link":"https:\/\/regiaonews.net.br\/2022\/2026\/08\/unifeb-encerra-participacao-na-71a-festa-do-peao-com-lancamento-do-vestibular-2027-de-rodeios\/","title":{"rendered":"UNIFEB encerra participa\u00e7\u00e3o na 71\u00aa Festa do Pe\u00e3o com lan\u00e7amento do Vestibular 2027  de Rodeios"},"content":{"rendered":"<p>A\u00e7\u00e3o especial com a Rainha e Princesa Os Independentes 2026<\/p>\n<p>O \u00faltimo final de semana da 71\u00aa Festa do Pe\u00e3o de Barretos foi marcado por uma a\u00e7\u00e3o especial realizada pelo UNIFEB (Centro Universit\u00e1rio da Funda\u00e7\u00e3o Educacional de Barretos) no palco principal da Arena de Rodeios, no s\u00e1bado, dia 29 de agosto. Em uma das noites de maior movimento do evento, a institui\u00e7\u00e3o aproveitou a presen\u00e7a de milhares de pessoas para apresentar o Vestibular 2027, que est\u00e1 com inscri\u00e7\u00f5es abertas para 19 cursos de gradua\u00e7\u00e3o.<\/p>\n<p>&nbsp;<\/p>\n<p>A ativa\u00e7\u00e3o aconteceu antes da programa\u00e7\u00e3o de shows da noite, que contou com apresenta\u00e7\u00f5es de Leonardo, Jo\u00e3o Bosco &amp; Vin\u00edcius e Gusttavo Lima. No palco, o locutor Wanderson de Souza conduziu a a\u00e7\u00e3o em alus\u00e3o ao lan\u00e7amento do Vestibular 2027, destacando a oportunidade para quem deseja transformar seus planos para o futuro em uma escolha profissional.<\/p>\n<p>&nbsp;<\/p>\n<p>A iniciativa contou ainda com as presen\u00e7as da Rainha Os Independentes 2026, Alessa Esper, estudante de Engenharia de Produ\u00e7\u00e3o do UNIFEB, e da Princesa, Samyra Gon\u00e7alves, acad\u00eamica do curso de Direito tamb\u00e9m do Centro Universit\u00e1rio. Representando a institui\u00e7\u00e3o e a pr\u00f3pria festa, as estudantes participaram diretamente do palco de uma ativa\u00e7\u00e3o realizada pelo locutor, refor\u00e7ando a conex\u00e3o entre o UNIFEB e um dos maiores eventos do pa\u00eds.<\/p>\n<p>&nbsp;<\/p>\n<p>Com o conceito \u201cDecida ser UNIFEB, seu novo caminho come\u00e7a agora!\u201d, o Vestibular 2027 apresenta 19 op\u00e7\u00f5es de gradua\u00e7\u00e3o para diferentes \u00e1reas de forma\u00e7\u00e3o. As inscri\u00e7\u00f5es est\u00e3o abertas e representam o primeiro passo para quem deseja iniciar uma trajet\u00f3ria acad\u00eamica no Centro Universit\u00e1rio.<\/p>\n<p>&nbsp;<\/p>\n<p>A a\u00e7\u00e3o na Arena de Rodeios tamb\u00e9m marcou o encerramento da participa\u00e7\u00e3o do UNIFEB na 71\u00aa Festa do Pe\u00e3o de Barretos. Ao longo do evento, a institui\u00e7\u00e3o esteve presente em diferentes frentes, com atendimentos odontol\u00f3gicos gratuitos de urg\u00eancia e emerg\u00eancia realizados por acad\u00eamicos e professores do curso de Odontologia, al\u00e9m da participa\u00e7\u00e3o de estudantes de Medicina Veterin\u00e1ria em atividades pr\u00e1ticas relacionadas ao acompanhamento e bem-estar dos animais.<\/p>\n<p>&nbsp;<\/p>\n<p>A presen\u00e7a institucional tamb\u00e9m ganhou destaque em diferentes espa\u00e7os do Parque do Pe\u00e3o, com a marca do UNIFEB em outdoors, placas na arena e inser\u00e7\u00f5es no tel\u00e3o, ampliando o contato da institui\u00e7\u00e3o com o p\u00fablico da festa.<\/p>\n<p>&nbsp;<\/p>\n<p>Para a Reitora Interina do UNIFEB, Profa. Ma. Eliane Ara\u00fajo Cardoso da Silva Santana, a a\u00e7\u00e3o representa uma oportunidade estrat\u00e9gica de apresentar o Vestibular 2027 para um p\u00fablico amplo. \u201cEncerrar nossa participa\u00e7\u00e3o na Festa do Pe\u00e3o no palco principal da Arena de Rodeios foi muito especial. \u00c9 uma oportunidade de levar a mensagem do UNIFEB para milhares de pessoas e mostrar que existe uma institui\u00e7\u00e3o de ensino superior em Barretos preparada para receber quem deseja construir um novo caminho profissional\u201d, destaca.<\/p>\n<p>As inscri\u00e7\u00f5es para o Vestibular 2027 do UNIFEB est\u00e3o abertas pelo site https:\/\/vestibular.unifeb.edu.br\/. A prova presencial acontece no dia 27 de setembro, \u00e0s 14h, e as vagas s\u00e3o para os cursos de Administra\u00e7\u00e3o, Agronomia, Arquitetura e Urbanismo, Biomedicina, Ci\u00eancias Cont\u00e1beis, Direito, Educa\u00e7\u00e3o F\u00edsica, Engenharia Civil, Engenharia El\u00e9trica, Engenharia Mec\u00e2nica, Engenharia de Produ\u00e7\u00e3o, Engenharia Qu\u00edmica, Farm\u00e1cia, Fisioterapia, Medicina Veterin\u00e1ria, Odontologia, Pedagogia, Psicologia e Sistemas de Informa\u00e7\u00e3o.<\/p>\n","protected":false},"excerpt":{"rendered":"<p>A\u00e7\u00e3o especial com a Rainha e Princesa Os Independentes 2026 O \u00faltimo final de semana da 71\u00aa Festa do Pe\u00e3o de Barretos foi marcado por&#8230;<\/p>\n","protected":false},"author":2,"featured_media":132369,"comment_status":"open","ping_status":"open","sticky":false,"template":"","format":"standard","meta":{"_themeisle_gutenberg_block_has_review":false,"footnotes":""},"categories":[14],"tags":[],"class_list":["post-132368","post","type-post","status-publish","format-standard","has-post-thumbnail","hentry","category-barretos"],"yoast_head":"<!-- This site is optimized with the Yoast SEO plugin v28.3 - https:\/\/yoast.com\/product\/yoast-seo-wordpress\/ -->\n<title>UNIFEB encerra participa\u00e7\u00e3o na 71\u00aa Festa do Pe\u00e3o com lan\u00e7amento do Vestibular 2027 de Rodeios - Regi\u00e3o News<\/title>\n<meta name=\"robots\" content=\"index, follow, max-snippet:-1, max-image-preview:large, max-video-preview:-1\" \/>\n<link rel=\"canonical\" href=\"https:\/\/regiaonews.net.br\/2022\/2026\/08\/unifeb-encerra-participacao-na-71a-festa-do-peao-com-lancamento-do-vestibular-2027-de-rodeios\/\" \/>\n<meta property=\"og:locale\" content=\"pt_BR\" \/>\n<meta property=\"og:type\" content=\"article\" \/>\n<meta property=\"og:title\" content=\"UNIFEB encerra participa\u00e7\u00e3o na 71\u00aa Festa do Pe\u00e3o com lan\u00e7amento do Vestibular 2027 de Rodeios - Regi\u00e3o News\" \/>\n<meta property=\"og:description\" content=\"A\u00e7\u00e3o especial com a Rainha e Princesa Os Independentes 2026 O \u00faltimo final de semana da 71\u00aa Festa do Pe\u00e3o de Barretos foi marcado por...\" \/>\n<meta property=\"og:url\" content=\"https:\/\/regiaonews.net.br\/2022\/2026\/08\/unifeb-encerra-participacao-na-71a-festa-do-peao-com-lancamento-do-vestibular-2027-de-rodeios\/\" \/>\n<meta property=\"og:site_name\" content=\"Regi\u00e3o News\" \/>\n<meta property=\"article:published_time\" content=\"2026-09-01T01:03:35+00:00\" \/>\n<meta property=\"og:image\" content=\"https:\/\/regiaonews.net.br\/2022\/wp-content\/uploads\/2026\/08\/post_3504_1.jpg\" \/>\n\t<meta property=\"og:image:width\" content=\"800\" \/>\n\t<meta property=\"og:image:height\" content=\"533\" \/>\n\t<meta property=\"og:image:type\" content=\"image\/jpeg\" \/>\n<meta name=\"author\" content=\"Roberto\" \/>\n<meta name=\"twitter:card\" content=\"summary_large_image\" \/>\n<meta name=\"twitter:label1\" content=\"Escrito por\" \/>\n\t<meta name=\"twitter:data1\" content=\"Roberto\" \/>\n\t<meta name=\"twitter:label2\" content=\"Est. tempo de leitura\" \/>\n\t<meta name=\"twitter:data2\" content=\"3 minutos\" \/>\n<script type=\"application\/ld+json\" class=\"yoast-schema-graph\">{\"@context\":\"https:\\\/\\\/schema.org\",\"@graph\":[{\"@type\":\"Article\",\"@id\":\"https:\\\/\\\/regiaonews.net.br\\\/2022\\\/2026\\\/08\\\/unifeb-encerra-participacao-na-71a-festa-do-peao-com-lancamento-do-vestibular-2027-de-rodeios\\\/#article\",\"isPartOf\":{\"@id\":\"https:\\\/\\\/regiaonews.net.br\\\/2022\\\/2026\\\/08\\\/unifeb-encerra-participacao-na-71a-festa-do-peao-com-lancamento-do-vestibular-2027-de-rodeios\\\/\"},\"author\":{\"name\":\"Roberto\",\"@id\":\"https:\\\/\\\/regiaonews.net.br\\\/2022\\\/#\\\/schema\\\/person\\\/2d205a608a5aa97ac279d7a5e6d89ad8\"},\"headline\":\"UNIFEB encerra participa\u00e7\u00e3o na 71\u00aa Festa do Pe\u00e3o com lan\u00e7amento do Vestibular 2027 de Rodeios\",\"datePublished\":\"2026-09-01T01:03:35+00:00\",\"mainEntityOfPage\":{\"@id\":\"https:\\\/\\\/regiaonews.net.br\\\/2022\\\/2026\\\/08\\\/unifeb-encerra-participacao-na-71a-festa-do-peao-com-lancamento-do-vestibular-2027-de-rodeios\\\/\"},\"wordCount\":594,\"commentCount\":0,\"publisher\":{\"@id\":\"https:\\\/\\\/regiaonews.net.br\\\/2022\\\/#organization\"},\"image\":{\"@id\":\"https:\\\/\\\/regiaonews.net.br\\\/2022\\\/2026\\\/08\\\/unifeb-encerra-participacao-na-71a-festa-do-peao-com-lancamento-do-vestibular-2027-de-rodeios\\\/#primaryimage\"},\"thumbnailUrl\":\"https:\\\/\\\/regiaonews.net.br\\\/2022\\\/wp-content\\\/uploads\\\/2026\\\/08\\\/post_3504_1.jpg\",\"articleSection\":[\"Barretos\"],\"inLanguage\":\"pt-BR\",\"potentialAction\":[{\"@type\":\"CommentAction\",\"name\":\"Comment\",\"target\":[\"https:\\\/\\\/regiaonews.net.br\\\/2022\\\/2026\\\/08\\\/unifeb-encerra-participacao-na-71a-festa-do-peao-com-lancamento-do-vestibular-2027-de-rodeios\\\/#respond\"]}]},{\"@type\":\"WebPage\",\"@id\":\"https:\\\/\\\/regiaonews.net.br\\\/2022\\\/2026\\\/08\\\/unifeb-encerra-participacao-na-71a-festa-do-peao-com-lancamento-do-vestibular-2027-de-rodeios\\\/\",\"url\":\"https:\\\/\\\/regiaonews.net.br\\\/2022\\\/2026\\\/08\\\/unifeb-encerra-participacao-na-71a-festa-do-peao-com-lancamento-do-vestibular-2027-de-rodeios\\\/\",\"name\":\"UNIFEB encerra participa\u00e7\u00e3o na 71\u00aa Festa do Pe\u00e3o com lan\u00e7amento do Vestibular 2027 de Rodeios - Regi\u00e3o News\",\"isPartOf\":{\"@id\":\"https:\\\/\\\/regiaonews.net.br\\\/2022\\\/#website\"},\"primaryImageOfPage\":{\"@id\":\"https:\\\/\\\/regiaonews.net.br\\\/2022\\\/2026\\\/08\\\/unifeb-encerra-participacao-na-71a-festa-do-peao-com-lancamento-do-vestibular-2027-de-rodeios\\\/#primaryimage\"},\"image\":{\"@id\":\"https:\\\/\\\/regiaonews.net.br\\\/2022\\\/2026\\\/08\\\/unifeb-encerra-participacao-na-71a-festa-do-peao-com-lancamento-do-vestibular-2027-de-rodeios\\\/#primaryimage\"},\"thumbnailUrl\":\"https:\\\/\\\/regiaonews.net.br\\\/2022\\\/wp-content\\\/uploads\\\/2026\\\/08\\\/post_3504_1.jpg\",\"datePublished\":\"2026-09-01T01:03:35+00:00\",\"breadcrumb\":{\"@id\":\"https:\\\/\\\/regiaonews.net.br\\\/2022\\\/2026\\\/08\\\/unifeb-encerra-participacao-na-71a-festa-do-peao-com-lancamento-do-vestibular-2027-de-rodeios\\\/#breadcrumb\"},\"inLanguage\":\"pt-BR\",\"potentialAction\":[{\"@type\":\"ReadAction\",\"target\":[\"https:\\\/\\\/regiaonews.net.br\\\/2022\\\/2026\\\/08\\\/unifeb-encerra-participacao-na-71a-festa-do-peao-com-lancamento-do-vestibular-2027-de-rodeios\\\/\"]}]},{\"@type\":\"ImageObject\",\"inLanguage\":\"pt-BR\",\"@id\":\"https:\\\/\\\/regiaonews.net.br\\\/2022\\\/2026\\\/08\\\/unifeb-encerra-participacao-na-71a-festa-do-peao-com-lancamento-do-vestibular-2027-de-rodeios\\\/#primaryimage\",\"url\":\"https:\\\/\\\/regiaonews.net.br\\\/2022\\\/wp-content\\\/uploads\\\/2026\\\/08\\\/post_3504_1.jpg\",\"contentUrl\":\"https:\\\/\\\/regiaonews.net.br\\\/2022\\\/wp-content\\\/uploads\\\/2026\\\/08\\\/post_3504_1.jpg\",\"width\":800,\"height\":533},{\"@type\":\"BreadcrumbList\",\"@id\":\"https:\\\/\\\/regiaonews.net.br\\\/2022\\\/2026\\\/08\\\/unifeb-encerra-participacao-na-71a-festa-do-peao-com-lancamento-do-vestibular-2027-de-rodeios\\\/#breadcrumb\",\"itemListElement\":[{\"@type\":\"ListItem\",\"position\":1,\"name\":\"In\u00edcio\",\"item\":\"https:\\\/\\\/regiaonews.net.br\\\/2022\\\/\"},{\"@type\":\"ListItem\",\"position\":2,\"name\":\"UNIFEB encerra participa\u00e7\u00e3o na 71\u00aa Festa do Pe\u00e3o com lan\u00e7amento do Vestibular 2027 de Rodeios\"}]},{\"@type\":\"WebSite\",\"@id\":\"https:\\\/\\\/regiaonews.net.br\\\/2022\\\/#website\",\"url\":\"https:\\\/\\\/regiaonews.net.br\\\/2022\\\/\",\"name\":\"Regi\u00e3o News\",\"description\":\"Site de Not\u00edcias de Barretos e regi\u00e3o\",\"publisher\":{\"@id\":\"https:\\\/\\\/regiaonews.net.br\\\/2022\\\/#organization\"},\"potentialAction\":[{\"@type\":\"SearchAction\",\"target\":{\"@type\":\"EntryPoint\",\"urlTemplate\":\"https:\\\/\\\/regiaonews.net.br\\\/2022\\\/?s={search_term_string}\"},\"query-input\":{\"@type\":\"PropertyValueSpecification\",\"valueRequired\":true,\"valueName\":\"search_term_string\"}}],\"inLanguage\":\"pt-BR\"},{\"@type\":\"Organization\",\"@id\":\"https:\\\/\\\/regiaonews.net.br\\\/2022\\\/#organization\",\"name\":\"Regi\u00e3o News\",\"url\":\"https:\\\/\\\/regiaonews.net.br\\\/2022\\\/\",\"logo\":{\"@type\":\"ImageObject\",\"inLanguage\":\"pt-BR\",\"@id\":\"https:\\\/\\\/regiaonews.net.br\\\/2022\\\/#\\\/schema\\\/logo\\\/image\\\/\",\"url\":\"https:\\\/\\\/regiaonews.net.br\\\/2022\\\/wp-content\\\/uploads\\\/2026\\\/08\\\/LOGO-NEW-REG-TR.png\",\"contentUrl\":\"https:\\\/\\\/regiaonews.net.br\\\/2022\\\/wp-content\\\/uploads\\\/2026\\\/08\\\/LOGO-NEW-REG-TR.png\",\"width\":360,\"height\":130,\"caption\":\"Regi\u00e3o News\"},\"image\":{\"@id\":\"https:\\\/\\\/regiaonews.net.br\\\/2022\\\/#\\\/schema\\\/logo\\\/image\\\/\"}},{\"@type\":\"Person\",\"@id\":\"https:\\\/\\\/regiaonews.net.br\\\/2022\\\/#\\\/schema\\\/person\\\/2d205a608a5aa97ac279d7a5e6d89ad8\",\"name\":\"Roberto\",\"image\":{\"@type\":\"ImageObject\",\"inLanguage\":\"pt-BR\",\"@id\":\"https:\\\/\\\/secure.gravatar.com\\\/avatar\\\/42749d8b712ff9d59ca93dc150494e5b55a44134482993f5baeb97e61b7ecc89?s=96&d=mm&r=g\",\"url\":\"https:\\\/\\\/secure.gravatar.com\\\/avatar\\\/42749d8b712ff9d59ca93dc150494e5b55a44134482993f5baeb97e61b7ecc89?s=96&d=mm&r=g\",\"contentUrl\":\"https:\\\/\\\/secure.gravatar.com\\\/avatar\\\/42749d8b712ff9d59ca93dc150494e5b55a44134482993f5baeb97e61b7ecc89?s=96&d=mm&r=g\",\"caption\":\"Roberto\"},\"url\":\"https:\\\/\\\/regiaonews.net.br\\\/2022\\\/author\\\/roberto\\\/\"}]}<\/script>\n<!-- \/ Yoast SEO plugin. -->","yoast_head_json":{"title":"UNIFEB encerra participa\u00e7\u00e3o na 71\u00aa Festa do Pe\u00e3o com lan\u00e7amento do Vestibular 2027 de Rodeios - Regi\u00e3o News","robots":{"index":"index","follow":"follow","max-snippet":"max-snippet:-1","max-image-preview":"max-image-preview:large","max-video-preview":"max-video-preview:-1"},"canonical":"https:\/\/regiaonews.net.br\/2022\/2026\/08\/unifeb-encerra-participacao-na-71a-festa-do-peao-com-lancamento-do-vestibular-2027-de-rodeios\/","og_locale":"pt_BR","og_type":"article","og_title":"UNIFEB encerra participa\u00e7\u00e3o na 71\u00aa Festa do Pe\u00e3o com lan\u00e7amento do Vestibular 2027 de Rodeios - Regi\u00e3o News","og_description":"A\u00e7\u00e3o especial com a Rainha e Princesa Os Independentes 2026 O \u00faltimo final de semana da 71\u00aa Festa do Pe\u00e3o de Barretos foi marcado por...","og_url":"https:\/\/regiaonews.net.br\/2022\/2026\/08\/unifeb-encerra-participacao-na-71a-festa-do-peao-com-lancamento-do-vestibular-2027-de-rodeios\/","og_site_name":"Regi\u00e3o News","article_published_time":"2026-09-01T01:03:35+00:00","og_image":[{"width":800,"height":533,"url":"https:\/\/regiaonews.net.br\/2022\/wp-content\/uploads\/2026\/08\/post_3504_1.jpg","type":"image\/jpeg"}],"author":"Roberto","twitter_card":"summary_large_image","twitter_misc":{"Escrito por":"Roberto","Est. tempo de leitura":"3 minutos"},"schema":{"@context":"https:\/\/schema.org","@graph":[{"@type":"Article","@id":"https:\/\/regiaonews.net.br\/2022\/2026\/08\/unifeb-encerra-participacao-na-71a-festa-do-peao-com-lancamento-do-vestibular-2027-de-rodeios\/#article","isPartOf":{"@id":"https:\/\/regiaonews.net.br\/2022\/2026\/08\/unifeb-encerra-participacao-na-71a-festa-do-peao-com-lancamento-do-vestibular-2027-de-rodeios\/"},"author":{"name":"Roberto","@id":"https:\/\/regiaonews.net.br\/2022\/#\/schema\/person\/2d205a608a5aa97ac279d7a5e6d89ad8"},"headline":"UNIFEB encerra participa\u00e7\u00e3o na 71\u00aa Festa do Pe\u00e3o com lan\u00e7amento do Vestibular 2027 de Rodeios","datePublished":"2026-09-01T01:03:35+00:00","mainEntityOfPage":{"@id":"https:\/\/regiaonews.net.br\/2022\/2026\/08\/unifeb-encerra-participacao-na-71a-festa-do-peao-com-lancamento-do-vestibular-2027-de-rodeios\/"},"wordCount":594,"commentCount":0,"publisher":{"@id":"https:\/\/regiaonews.net.br\/2022\/#organization"},"image":{"@id":"https:\/\/regiaonews.net.br\/2022\/2026\/08\/unifeb-encerra-participacao-na-71a-festa-do-peao-com-lancamento-do-vestibular-2027-de-rodeios\/#primaryimage"},"thumbnailUrl":"https:\/\/regiaonews.net.br\/2022\/wp-content\/uploads\/2026\/08\/post_3504_1.jpg","articleSection":["Barretos"],"inLanguage":"pt-BR","potentialAction":[{"@type":"CommentAction","name":"Comment","target":["https:\/\/regiaonews.net.br\/2022\/2026\/08\/unifeb-encerra-participacao-na-71a-festa-do-peao-com-lancamento-do-vestibular-2027-de-rodeios\/#respond"]}]},{"@type":"WebPage","@id":"https:\/\/regiaonews.net.br\/2022\/2026\/08\/unifeb-encerra-participacao-na-71a-festa-do-peao-com-lancamento-do-vestibular-2027-de-rodeios\/","url":"https:\/\/regiaonews.net.br\/2022\/2026\/08\/unifeb-encerra-participacao-na-71a-festa-do-peao-com-lancamento-do-vestibular-2027-de-rodeios\/","name":"UNIFEB encerra participa\u00e7\u00e3o na 71\u00aa Festa do Pe\u00e3o com lan\u00e7amento do Vestibular 2027 de Rodeios - Regi\u00e3o News","isPartOf":{"@id":"https:\/\/regiaonews.net.br\/2022\/#website"},"primaryImageOfPage":{"@id":"https:\/\/regiaonews.net.br\/2022\/2026\/08\/unifeb-encerra-participacao-na-71a-festa-do-peao-com-lancamento-do-vestibular-2027-de-rodeios\/#primaryimage"},"image":{"@id":"https:\/\/regiaonews.net.br\/2022\/2026\/08\/unifeb-encerra-participacao-na-71a-festa-do-peao-com-lancamento-do-vestibular-2027-de-rodeios\/#primaryimage"},"thumbnailUrl":"https:\/\/regiaonews.net.br\/2022\/wp-content\/uploads\/2026\/08\/post_3504_1.jpg","datePublished":"2026-09-01T01:03:35+00:00","breadcrumb":{"@id":"https:\/\/regiaonews.net.br\/2022\/2026\/08\/unifeb-encerra-participacao-na-71a-festa-do-peao-com-lancamento-do-vestibular-2027-de-rodeios\/#breadcrumb"},"inLanguage":"pt-BR","potentialAction":[{"@type":"ReadAction","target":["https:\/\/regiaonews.net.br\/2022\/2026\/08\/unifeb-encerra-participacao-na-71a-festa-do-peao-com-lancamento-do-vestibular-2027-de-rodeios\/"]}]},{"@type":"ImageObject","inLanguage":"pt-BR","@id":"https:\/\/regiaonews.net.br\/2022\/2026\/08\/unifeb-encerra-participacao-na-71a-festa-do-peao-com-lancamento-do-vestibular-2027-de-rodeios\/#primaryimage","url":"https:\/\/regiaonews.net.br\/2022\/wp-content\/uploads\/2026\/08\/post_3504_1.jpg","contentUrl":"https:\/\/regiaonews.net.br\/2022\/wp-content\/uploads\/2026\/08\/post_3504_1.jpg","width":800,"height":533},{"@type":"BreadcrumbList","@id":"https:\/\/regiaonews.net.br\/2022\/2026\/08\/unifeb-encerra-participacao-na-71a-festa-do-peao-com-lancamento-do-vestibular-2027-de-rodeios\/#breadcrumb","itemListElement":[{"@type":"ListItem","position":1,"name":"In\u00edcio","item":"https:\/\/regiaonews.net.br\/2022\/"},{"@type":"ListItem","position":2,"name":"UNIFEB encerra participa\u00e7\u00e3o na 71\u00aa Festa do Pe\u00e3o com lan\u00e7amento do Vestibular 2027 de Rodeios"}]},{"@type":"WebSite","@id":"https:\/\/regiaonews.net.br\/2022\/#website","url":"https:\/\/regiaonews.net.br\/2022\/","name":"Regi\u00e3o News","description":"Site de Not\u00edcias de Barretos e regi\u00e3o","publisher":{"@id":"https:\/\/regiaonews.net.br\/2022\/#organization"},"potentialAction":[{"@type":"SearchAction","target":{"@type":"EntryPoint","urlTemplate":"https:\/\/regiaonews.net.br\/2022\/?s={search_term_string}"},"query-input":{"@type":"PropertyValueSpecification","valueRequired":true,"valueName":"search_term_string"}}],"inLanguage":"pt-BR"},{"@type":"Organization","@id":"https:\/\/regiaonews.net.br\/2022\/#organization","name":"Regi\u00e3o News","url":"https:\/\/regiaonews.net.br\/2022\/","logo":{"@type":"ImageObject","inLanguage":"pt-BR","@id":"https:\/\/regiaonews.net.br\/2022\/#\/schema\/logo\/image\/","url":"https:\/\/regiaonews.net.br\/2022\/wp-content\/uploads\/2026\/08\/LOGO-NEW-REG-TR.png","contentUrl":"https:\/\/regiaonews.net.br\/2022\/wp-content\/uploads\/2026\/08\/LOGO-NEW-REG-TR.png","width":360,"height":130,"caption":"Regi\u00e3o News"},"image":{"@id":"https:\/\/regiaonews.net.br\/2022\/#\/schema\/logo\/image\/"}},{"@type":"Person","@id":"https:\/\/regiaonews.net.br\/2022\/#\/schema\/person\/2d205a608a5aa97ac279d7a5e6d89ad8","name":"Roberto","image":{"@type":"ImageObject","inLanguage":"pt-BR","@id":"https:\/\/secure.gravatar.com\/avatar\/42749d8b712ff9d59ca93dc150494e5b55a44134482993f5baeb97e61b7ecc89?s=96&d=mm&r=g","url":"https:\/\/secure.gravatar.com\/avatar\/42749d8b712ff9d59ca93dc150494e5b55a44134482993f5baeb97e61b7ecc89?s=96&d=mm&r=g","contentUrl":"https:\/\/secure.gravatar.com\/avatar\/42749d8b712ff9d59ca93dc150494e5b55a44134482993f5baeb97e61b7ecc89?s=96&d=mm&r=g","caption":"Roberto"},"url":"https:\/\/regiaonews.net.br\/2022\/author\/roberto\/"}]}},"publishpress_future_action":{"enabled":false,"date":"2026-09-08 03:58:24","action":"change-status","newStatus":"draft","terms":[],"taxonomy":"category","extraData":[]},"publishpress_future_workflow_manual_trigger":{"enabledWorkflows":[]},"_links":{"self":[{"href":"https:\/\/regiaonews.net.br\/2022\/wp-json\/wp\/v2\/posts\/132368","targetHints":{"allow":["GET"]}}],"collection":[{"href":"https:\/\/regiaonews.net.br\/2022\/wp-json\/wp\/v2\/posts"}],"about":[{"href":"https:\/\/regiaonews.net.br\/2022\/wp-json\/wp\/v2\/types\/post"}],"author":[{"embeddable":true,"href":"https:\/\/regiaonews.net.br\/2022\/wp-json\/wp\/v2\/users\/2"}],"replies":[{"embeddable":true,"href":"https:\/\/regiaonews.net.br\/2022\/wp-json\/wp\/v2\/comments?post=132368"}],"version-history":[{"count":1,"href":"https:\/\/regiaonews.net.br\/2022\/wp-json\/wp\/v2\/posts\/132368\/revisions"}],"predecessor-version":[{"id":132370,"href":"https:\/\/regiaonews.net.br\/2022\/wp-json\/wp\/v2\/posts\/132368\/revisions\/132370"}],"wp:featuredmedia":[{"embeddable":true,"href":"https:\/\/regiaonews.net.br\/2022\/wp-json\/wp\/v2\/media\/132369"}],"wp:attachment":[{"href":"https:\/\/regiaonews.net.br\/2022\/wp-json\/wp\/v2\/media?parent=132368"}],"wp:term":[{"taxonomy":"category","embeddable":true,"href":"https:\/\/regiaonews.net.br\/2022\/wp-json\/wp\/v2\/categories?post=132368"},{"taxonomy":"post_tag","embeddable":true,"href":"https:\/\/regiaonews.net.br\/2022\/wp-json\/wp\/v2\/tags?post=132368"}],"curies":[{"name":"wp","href":"https:\/\/api.w.org\/{rel}","templated":true}]}}