{"id":132363,"date":"2026-08-31T19:01:13","date_gmt":"2026-08-31T22:01:13","guid":{"rendered":"https:\/\/regiaonews.net.br\/2022\/?p=132363"},"modified":"2026-08-31T19:04:34","modified_gmt":"2026-08-31T22:04:34","slug":"barretos-reforca-rede-de-protecao-e-leva-orientacao-as-mulheres-na-praca-francisco-barreto-na-ultima-semana-do-agosto-lilas","status":"publish","type":"post","link":"https:\/\/regiaonews.net.br\/2022\/2026\/08\/barretos-reforca-rede-de-protecao-e-leva-orientacao-as-mulheres-na-praca-francisco-barreto-na-ultima-semana-do-agosto-lilas\/","title":{"rendered":"Barretos refor\u00e7a rede de prote\u00e7\u00e3o e leva orienta\u00e7\u00e3o \u00e0s mulheres na Pra\u00e7a Francisco Barreto na \u00faltima semana do Agosto Lil\u00e1s"},"content":{"rendered":"<p>&nbsp;<\/p>\n<p>\u00d4nibus do Movimento SP Por Todas estacionou na Pra\u00e7a Francisco Barreto e 85 atendimentos diversos voltados \u00e0s mulheres foram realizados. Nesta sexta-feira, 28, profissionais da sa\u00fade da fam\u00edlia receberam capacita\u00e7\u00e3o<\/p>\n<p>A rede de prote\u00e7\u00e3o \u00e0 mulher na Est\u00e2ncia Tur\u00edstica de Barretos est\u00e1 de prontid\u00e3o o ano todo. Neste Agosto Lil\u00e1s, m\u00eas de conscientiza\u00e7\u00e3o pelo fim da viol\u00eancia contra a mulher, as a\u00e7\u00f5es para informar cada vez mais mulheres sobre a exist\u00eancia e o trabalho constante dessa rede foram refor\u00e7adas. Nesta \u00faltima semana de mobiliza\u00e7\u00e3o, foram realizadas a\u00e7\u00f5es na Pra\u00e7a Francisco Barreto em conjunto com o Estado de S\u00e3o Paulo, na Casa da Mulher e, nesta sexta-feira, 28, uma capacita\u00e7\u00e3o para agentes comunit\u00e1rios de sa\u00fades (ACSs) no Post\u00e3o.<\/p>\n<p>O \u00f4nibus do Movimento SP Por Todas estacionou na Pra\u00e7a Francisco Barreto na quarta-feira, dia 28. Ao longo de todo dia, uma equipe com diferentes profissionais, incluindo assistente social e plant\u00e3o psicol\u00f3gico, esteve \u00e0 disposi\u00e7\u00e3o para acolher mulheres, informar sobre tipos de viol\u00eancia, orientar sobre a rede de prote\u00e7\u00e3o e, se necess\u00e1rio, com apoio da Delegacia de Defesa da Mulher (DDM) e do judici\u00e1rio, proporcionar medidas protetivas para mulheres que estejam passando por situa\u00e7\u00e3o de viol\u00eancia, tenha ela sofrido agress\u00e3o f\u00edsica ou sido amea\u00e7ada.<\/p>\n<p>A a\u00e7\u00e3o, que comp\u00f5e o Circuito Sertanejo Sem Viol\u00eancia, percorre diferentes cidades paulistas. \u00c9 uma iniciativa da Secretaria de Sa\u00fade do Estado de S\u00e3o Paulo desenvolvida de forma intersetorial com as pastas estaduais de Pol\u00edticas para a Mulher, Turismo, Seguran\u00e7a P\u00fablica e Educa\u00e7\u00e3o e Minist\u00e9rio P\u00fablico e Defensoria P\u00fablica, sendo realizada em parceria com as Prefeituras. Em Barretos, contou com a Secretaria Municipal de Sa\u00fade, por meio da Aten\u00e7\u00e3o B\u00e1sica, Vigil\u00e2ncia Epidemiol\u00f3gica do Munic\u00edpio e Programa Municipal de IST\/HIV\/AIDS, com a Secretaria Municipal de Desenvolvimento Econ\u00f4mico &amp; Inova\u00e7\u00e3o e com apoio do Hospital de Amor.<\/p>\n<p>\u201cO projeto re\u00fane v\u00e1rios servi\u00e7os e profissionais para que a gente consiga apoiar todas as nossas mulheres, meninas e crian\u00e7as no enfrentamento da viol\u00eancia. Levamos o \u00f4nibus at\u00e9 a Pra\u00e7a Francisco Barreto para poder fazer esse enfrentamento da viol\u00eancia com toda a equipe de Barretos e para toda a popula\u00e7\u00e3o\u201d, afirma a Dra. Sylmara Del Zotto, coordenadora do Grupo T\u00e9cnico de Enfrentamento \u00e0s Viol\u00eancias da Secretaria de Estado da Sa\u00fade de S\u00e3o Paulo (SES\/SP). Durante tr\u00eas noites, de 21 a 23, o \u00f4nibus ficou na Festa do Pe\u00e3o de Boiadeiro de Barretos, onde equipes do Projeto e da DDM de Barretos prestaram orienta\u00e7\u00f5es \u00e0s mulheres sobre viol\u00eancia dom\u00e9stica e viol\u00eancia sexual e formas de den\u00fancia.<\/p>\n<p>Fernanda Nogueira, coordenadora do Centro de Refer\u00eancia em Atendimento \u00e0 Mulher (CRAM), destaca que o CRAM levou at\u00e9 \u00e0 pra\u00e7a o trabalho que desenvolve no dia a dia em Barretos. \u201cA equipe do CRAM est\u00e1 \u00e0 disposi\u00e7\u00e3o com um trabalho de complementa\u00e7\u00e3o ao Estado dentro do munic\u00edpio para imediatamente acolher a mulher sempre que \u00e9 identificada a necessidade\u201d, ressalta.<\/p>\n<p>A coordenadora do CRAM refor\u00e7a que em Barretos, a partir do momento em que \u00e9 identificada a situa\u00e7\u00e3o de viol\u00eancia, \u00e9 informado a essa mulher a possibilidade dela ser referenciada no servi\u00e7o prestado pelo CRAM. \u201cEla vai ser acolhida da melhor forma, com as informa\u00e7\u00f5es corretas que ela precisa para sair do ciclo da viol\u00eancia, entendendo que tem formas de sa\u00edda\u201d, refor\u00e7a Fernanda, destacando que o trabalho no munic\u00edpio \u00e9 realizado em conjunto com a DDM, que tamb\u00e9m comp\u00f5e a rede de prote\u00e7\u00e3o prestando informa\u00e7\u00f5es e proporcionando os encaminhamentos que forem necess\u00e1rios.<\/p>\n<p>Ao longo desse dia na Pra\u00e7a Francisco Barreto, al\u00e9m de tr\u00eas orienta\u00e7\u00f5es relacionadas \u00e0 viol\u00eancia dom\u00e9stica que foram realizadas dentro do \u00f4nibus, foram agendados 13 exames Papanicolau, para preven\u00e7\u00e3o ao c\u00e2ncer do colo de \u00fatero, e 13 mamografias, visando \u00e0 preven\u00e7\u00e3o ao c\u00e2ncer de mama. Foram ainda aplicadas 25 doses de vacinas e realizados 24 testes r\u00e1pidos para infec\u00e7\u00f5es sexualmente transmiss\u00edveis (ISTs), al\u00e9m de 10 candidaturas no Feir\u00e3o de Emprego realizado no local pelo Desenvolvimento Econ\u00f4mico em conjunto com duas empresas, totalizando 85 atendimentos.<\/p>\n<p>Treinamento para Agentes Comunit\u00e1rios de Sa\u00fade<br \/>\n81 profissionais que integram a Estrat\u00e9gia de Sa\u00fade da Fam\u00edlia no munic\u00edpio participaram nesta sexta-feira, 28, de um treinamento realizado em conjunto pela Secretaria Municipal de Sa\u00fade, CRAM e DDM.<br \/>\nA forma\u00e7\u00e3o visa tornar os Agentes Comunit\u00e1rios de Sa\u00fade de Barretos mais preparados para o atendimento \u00e0s mulheres em situa\u00e7\u00e3o de viol\u00eancia. Foram refor\u00e7adas informa\u00e7\u00f5es sobre como identificar sinais de viol\u00eancia, como abordar o assunto, sobre encaminhamentos e como esses profissionais podem orientar sobre o fluxo de atendimento da rede de prote\u00e7\u00e3o.<\/p>\n<p>Outras a\u00e7\u00f5es<br \/>\nNa noite de quinta-feira (27), a Casa da Mulher Paulista promoveu roda de conversa sobre viol\u00eancia e sa\u00fade mental. Ao longo do m\u00eas, a conscientiza\u00e7\u00e3o tamb\u00e9m foi refor\u00e7ada em a\u00e7\u00f5es nas Unidades B\u00e1sicas de Sa\u00fade (UBSs), nos Centros de Refer\u00eancia em Assist\u00eancia Social (CRAS) e em palestras em escolas.<\/p>\n<p>Onde buscar ajuda e realizar den\u00fancias<\/p>\n<p>Situa\u00e7\u00f5es de Emerg\u00eancia 24h:<br \/>\nLigue 190 (Pol\u00edcia Militar).<\/p>\n<p>Den\u00fancias e Orienta\u00e7\u00f5es:<br \/>\nDisque 180 (Central de Atendimento \u00e0 Mulher &#8211; 24h).<\/p>\n<p>DDM (Delegacia de Defesa da Mulher): WhatsApp\/Telefone (17) 3612-2845 \u2013 localizada na Rua 18, n. 137 (entre Avenidas 29 e 31) &#8211; segunda a sexta-feira das 8h \u00e0s 18h<\/p>\n<p>Orienta\u00e7\u00f5es e acolhimento \u00e0 mulher:<br \/>\nCRAM (Centro de Refer\u00eancia de Atendimento \u00e0 Mulher): WhatsApp\/Telefone (17) 98199-4002 \u2013 localizado na Rua 30, n\u00ba 564, Sala 40 (no pr\u00e9dio da antiga Prefeitura) \u2013 segunda a sexta-feira das 8h \u00e0s 16h<\/p>\n","protected":false},"excerpt":{"rendered":"<p>&nbsp; \u00d4nibus do Movimento SP Por Todas estacionou na Pra\u00e7a Francisco Barreto e 85 atendimentos diversos voltados \u00e0s mulheres foram realizados. Nesta sexta-feira, 28, profissionais&#8230;<\/p>\n","protected":false},"author":2,"featured_media":132365,"comment_status":"open","ping_status":"open","sticky":false,"template":"","format":"standard","meta":{"_themeisle_gutenberg_block_has_review":false,"footnotes":""},"categories":[14],"tags":[],"class_list":["post-132363","post","type-post","status-publish","format-standard","has-post-thumbnail","hentry","category-barretos"],"yoast_head":"<!-- This site is optimized with the Yoast SEO plugin v28.3 - https:\/\/yoast.com\/product\/yoast-seo-wordpress\/ -->\n<title>Barretos refor\u00e7a rede de prote\u00e7\u00e3o e leva orienta\u00e7\u00e3o \u00e0s mulheres na Pra\u00e7a Francisco Barreto na \u00faltima semana do Agosto Lil\u00e1s - Regi\u00e3o News<\/title>\n<meta name=\"robots\" content=\"index, follow, max-snippet:-1, max-image-preview:large, max-video-preview:-1\" \/>\n<link rel=\"canonical\" href=\"https:\/\/regiaonews.net.br\/2022\/2026\/08\/barretos-reforca-rede-de-protecao-e-leva-orientacao-as-mulheres-na-praca-francisco-barreto-na-ultima-semana-do-agosto-lilas\/\" \/>\n<meta property=\"og:locale\" content=\"pt_BR\" \/>\n<meta property=\"og:type\" content=\"article\" \/>\n<meta property=\"og:title\" content=\"Barretos refor\u00e7a rede de prote\u00e7\u00e3o e leva orienta\u00e7\u00e3o \u00e0s mulheres na Pra\u00e7a Francisco Barreto na \u00faltima semana do Agosto Lil\u00e1s - Regi\u00e3o News\" \/>\n<meta property=\"og:description\" content=\"&nbsp; \u00d4nibus do Movimento SP Por Todas estacionou na Pra\u00e7a Francisco Barreto e 85 atendimentos diversos voltados \u00e0s mulheres foram realizados. Nesta sexta-feira, 28, profissionais...\" \/>\n<meta property=\"og:url\" content=\"https:\/\/regiaonews.net.br\/2022\/2026\/08\/barretos-reforca-rede-de-protecao-e-leva-orientacao-as-mulheres-na-praca-francisco-barreto-na-ultima-semana-do-agosto-lilas\/\" \/>\n<meta property=\"og:site_name\" content=\"Regi\u00e3o News\" \/>\n<meta property=\"article:published_time\" content=\"2026-08-31T22:01:13+00:00\" \/>\n<meta property=\"article:modified_time\" content=\"2026-08-31T22:04:34+00:00\" \/>\n<meta property=\"og:image\" content=\"https:\/\/regiaonews.net.br\/2022\/wp-content\/uploads\/2026\/08\/WhatsApp-Image-2026-08-31-at-19.04.13.jpeg\" \/>\n\t<meta property=\"og:image:width\" content=\"973\" \/>\n\t<meta property=\"og:image:height\" content=\"1118\" \/>\n\t<meta property=\"og:image:type\" content=\"image\/jpeg\" \/>\n<meta name=\"author\" content=\"Roberto\" \/>\n<meta name=\"twitter:card\" content=\"summary_large_image\" \/>\n<meta name=\"twitter:label1\" content=\"Escrito por\" \/>\n\t<meta name=\"twitter:data1\" content=\"Roberto\" \/>\n\t<meta name=\"twitter:label2\" content=\"Est. tempo de leitura\" \/>\n\t<meta name=\"twitter:data2\" content=\"5 minutos\" \/>\n<script type=\"application\/ld+json\" class=\"yoast-schema-graph\">{\"@context\":\"https:\\\/\\\/schema.org\",\"@graph\":[{\"@type\":\"Article\",\"@id\":\"https:\\\/\\\/regiaonews.net.br\\\/2022\\\/2026\\\/08\\\/barretos-reforca-rede-de-protecao-e-leva-orientacao-as-mulheres-na-praca-francisco-barreto-na-ultima-semana-do-agosto-lilas\\\/#article\",\"isPartOf\":{\"@id\":\"https:\\\/\\\/regiaonews.net.br\\\/2022\\\/2026\\\/08\\\/barretos-reforca-rede-de-protecao-e-leva-orientacao-as-mulheres-na-praca-francisco-barreto-na-ultima-semana-do-agosto-lilas\\\/\"},\"author\":{\"name\":\"Roberto\",\"@id\":\"https:\\\/\\\/regiaonews.net.br\\\/2022\\\/#\\\/schema\\\/person\\\/2d205a608a5aa97ac279d7a5e6d89ad8\"},\"headline\":\"Barretos refor\u00e7a rede de prote\u00e7\u00e3o e leva orienta\u00e7\u00e3o \u00e0s mulheres na Pra\u00e7a Francisco Barreto na \u00faltima semana do Agosto Lil\u00e1s\",\"datePublished\":\"2026-08-31T22:01:13+00:00\",\"dateModified\":\"2026-08-31T22:04:34+00:00\",\"mainEntityOfPage\":{\"@id\":\"https:\\\/\\\/regiaonews.net.br\\\/2022\\\/2026\\\/08\\\/barretos-reforca-rede-de-protecao-e-leva-orientacao-as-mulheres-na-praca-francisco-barreto-na-ultima-semana-do-agosto-lilas\\\/\"},\"wordCount\":1012,\"commentCount\":0,\"publisher\":{\"@id\":\"https:\\\/\\\/regiaonews.net.br\\\/2022\\\/#organization\"},\"image\":{\"@id\":\"https:\\\/\\\/regiaonews.net.br\\\/2022\\\/2026\\\/08\\\/barretos-reforca-rede-de-protecao-e-leva-orientacao-as-mulheres-na-praca-francisco-barreto-na-ultima-semana-do-agosto-lilas\\\/#primaryimage\"},\"thumbnailUrl\":\"https:\\\/\\\/regiaonews.net.br\\\/2022\\\/wp-content\\\/uploads\\\/2026\\\/08\\\/WhatsApp-Image-2026-08-31-at-19.04.13.jpeg\",\"articleSection\":[\"Barretos\"],\"inLanguage\":\"pt-BR\",\"potentialAction\":[{\"@type\":\"CommentAction\",\"name\":\"Comment\",\"target\":[\"https:\\\/\\\/regiaonews.net.br\\\/2022\\\/2026\\\/08\\\/barretos-reforca-rede-de-protecao-e-leva-orientacao-as-mulheres-na-praca-francisco-barreto-na-ultima-semana-do-agosto-lilas\\\/#respond\"]}]},{\"@type\":\"WebPage\",\"@id\":\"https:\\\/\\\/regiaonews.net.br\\\/2022\\\/2026\\\/08\\\/barretos-reforca-rede-de-protecao-e-leva-orientacao-as-mulheres-na-praca-francisco-barreto-na-ultima-semana-do-agosto-lilas\\\/\",\"url\":\"https:\\\/\\\/regiaonews.net.br\\\/2022\\\/2026\\\/08\\\/barretos-reforca-rede-de-protecao-e-leva-orientacao-as-mulheres-na-praca-francisco-barreto-na-ultima-semana-do-agosto-lilas\\\/\",\"name\":\"Barretos refor\u00e7a rede de prote\u00e7\u00e3o e leva orienta\u00e7\u00e3o \u00e0s mulheres na Pra\u00e7a Francisco Barreto na \u00faltima semana do Agosto Lil\u00e1s - Regi\u00e3o News\",\"isPartOf\":{\"@id\":\"https:\\\/\\\/regiaonews.net.br\\\/2022\\\/#website\"},\"primaryImageOfPage\":{\"@id\":\"https:\\\/\\\/regiaonews.net.br\\\/2022\\\/2026\\\/08\\\/barretos-reforca-rede-de-protecao-e-leva-orientacao-as-mulheres-na-praca-francisco-barreto-na-ultima-semana-do-agosto-lilas\\\/#primaryimage\"},\"image\":{\"@id\":\"https:\\\/\\\/regiaonews.net.br\\\/2022\\\/2026\\\/08\\\/barretos-reforca-rede-de-protecao-e-leva-orientacao-as-mulheres-na-praca-francisco-barreto-na-ultima-semana-do-agosto-lilas\\\/#primaryimage\"},\"thumbnailUrl\":\"https:\\\/\\\/regiaonews.net.br\\\/2022\\\/wp-content\\\/uploads\\\/2026\\\/08\\\/WhatsApp-Image-2026-08-31-at-19.04.13.jpeg\",\"datePublished\":\"2026-08-31T22:01:13+00:00\",\"dateModified\":\"2026-08-31T22:04:34+00:00\",\"breadcrumb\":{\"@id\":\"https:\\\/\\\/regiaonews.net.br\\\/2022\\\/2026\\\/08\\\/barretos-reforca-rede-de-protecao-e-leva-orientacao-as-mulheres-na-praca-francisco-barreto-na-ultima-semana-do-agosto-lilas\\\/#breadcrumb\"},\"inLanguage\":\"pt-BR\",\"potentialAction\":[{\"@type\":\"ReadAction\",\"target\":[\"https:\\\/\\\/regiaonews.net.br\\\/2022\\\/2026\\\/08\\\/barretos-reforca-rede-de-protecao-e-leva-orientacao-as-mulheres-na-praca-francisco-barreto-na-ultima-semana-do-agosto-lilas\\\/\"]}]},{\"@type\":\"ImageObject\",\"inLanguage\":\"pt-BR\",\"@id\":\"https:\\\/\\\/regiaonews.net.br\\\/2022\\\/2026\\\/08\\\/barretos-reforca-rede-de-protecao-e-leva-orientacao-as-mulheres-na-praca-francisco-barreto-na-ultima-semana-do-agosto-lilas\\\/#primaryimage\",\"url\":\"https:\\\/\\\/regiaonews.net.br\\\/2022\\\/wp-content\\\/uploads\\\/2026\\\/08\\\/WhatsApp-Image-2026-08-31-at-19.04.13.jpeg\",\"contentUrl\":\"https:\\\/\\\/regiaonews.net.br\\\/2022\\\/wp-content\\\/uploads\\\/2026\\\/08\\\/WhatsApp-Image-2026-08-31-at-19.04.13.jpeg\",\"width\":973,\"height\":1118},{\"@type\":\"BreadcrumbList\",\"@id\":\"https:\\\/\\\/regiaonews.net.br\\\/2022\\\/2026\\\/08\\\/barretos-reforca-rede-de-protecao-e-leva-orientacao-as-mulheres-na-praca-francisco-barreto-na-ultima-semana-do-agosto-lilas\\\/#breadcrumb\",\"itemListElement\":[{\"@type\":\"ListItem\",\"position\":1,\"name\":\"In\u00edcio\",\"item\":\"https:\\\/\\\/regiaonews.net.br\\\/2022\\\/\"},{\"@type\":\"ListItem\",\"position\":2,\"name\":\"Barretos refor\u00e7a rede de prote\u00e7\u00e3o e leva orienta\u00e7\u00e3o \u00e0s mulheres na Pra\u00e7a Francisco Barreto na \u00faltima semana do Agosto Lil\u00e1s\"}]},{\"@type\":\"WebSite\",\"@id\":\"https:\\\/\\\/regiaonews.net.br\\\/2022\\\/#website\",\"url\":\"https:\\\/\\\/regiaonews.net.br\\\/2022\\\/\",\"name\":\"Regi\u00e3o News\",\"description\":\"Site de Not\u00edcias de Barretos e regi\u00e3o\",\"publisher\":{\"@id\":\"https:\\\/\\\/regiaonews.net.br\\\/2022\\\/#organization\"},\"potentialAction\":[{\"@type\":\"SearchAction\",\"target\":{\"@type\":\"EntryPoint\",\"urlTemplate\":\"https:\\\/\\\/regiaonews.net.br\\\/2022\\\/?s={search_term_string}\"},\"query-input\":{\"@type\":\"PropertyValueSpecification\",\"valueRequired\":true,\"valueName\":\"search_term_string\"}}],\"inLanguage\":\"pt-BR\"},{\"@type\":\"Organization\",\"@id\":\"https:\\\/\\\/regiaonews.net.br\\\/2022\\\/#organization\",\"name\":\"Regi\u00e3o News\",\"url\":\"https:\\\/\\\/regiaonews.net.br\\\/2022\\\/\",\"logo\":{\"@type\":\"ImageObject\",\"inLanguage\":\"pt-BR\",\"@id\":\"https:\\\/\\\/regiaonews.net.br\\\/2022\\\/#\\\/schema\\\/logo\\\/image\\\/\",\"url\":\"https:\\\/\\\/regiaonews.net.br\\\/2022\\\/wp-content\\\/uploads\\\/2026\\\/08\\\/LOGO-NEW-REG-TR.png\",\"contentUrl\":\"https:\\\/\\\/regiaonews.net.br\\\/2022\\\/wp-content\\\/uploads\\\/2026\\\/08\\\/LOGO-NEW-REG-TR.png\",\"width\":360,\"height\":130,\"caption\":\"Regi\u00e3o News\"},\"image\":{\"@id\":\"https:\\\/\\\/regiaonews.net.br\\\/2022\\\/#\\\/schema\\\/logo\\\/image\\\/\"}},{\"@type\":\"Person\",\"@id\":\"https:\\\/\\\/regiaonews.net.br\\\/2022\\\/#\\\/schema\\\/person\\\/2d205a608a5aa97ac279d7a5e6d89ad8\",\"name\":\"Roberto\",\"image\":{\"@type\":\"ImageObject\",\"inLanguage\":\"pt-BR\",\"@id\":\"https:\\\/\\\/secure.gravatar.com\\\/avatar\\\/42749d8b712ff9d59ca93dc150494e5b55a44134482993f5baeb97e61b7ecc89?s=96&d=mm&r=g\",\"url\":\"https:\\\/\\\/secure.gravatar.com\\\/avatar\\\/42749d8b712ff9d59ca93dc150494e5b55a44134482993f5baeb97e61b7ecc89?s=96&d=mm&r=g\",\"contentUrl\":\"https:\\\/\\\/secure.gravatar.com\\\/avatar\\\/42749d8b712ff9d59ca93dc150494e5b55a44134482993f5baeb97e61b7ecc89?s=96&d=mm&r=g\",\"caption\":\"Roberto\"},\"url\":\"https:\\\/\\\/regiaonews.net.br\\\/2022\\\/author\\\/roberto\\\/\"}]}<\/script>\n<!-- \/ Yoast SEO plugin. -->","yoast_head_json":{"title":"Barretos refor\u00e7a rede de prote\u00e7\u00e3o e leva orienta\u00e7\u00e3o \u00e0s mulheres na Pra\u00e7a Francisco Barreto na \u00faltima semana do Agosto Lil\u00e1s - Regi\u00e3o News","robots":{"index":"index","follow":"follow","max-snippet":"max-snippet:-1","max-image-preview":"max-image-preview:large","max-video-preview":"max-video-preview:-1"},"canonical":"https:\/\/regiaonews.net.br\/2022\/2026\/08\/barretos-reforca-rede-de-protecao-e-leva-orientacao-as-mulheres-na-praca-francisco-barreto-na-ultima-semana-do-agosto-lilas\/","og_locale":"pt_BR","og_type":"article","og_title":"Barretos refor\u00e7a rede de prote\u00e7\u00e3o e leva orienta\u00e7\u00e3o \u00e0s mulheres na Pra\u00e7a Francisco Barreto na \u00faltima semana do Agosto Lil\u00e1s - Regi\u00e3o News","og_description":"&nbsp; \u00d4nibus do Movimento SP Por Todas estacionou na Pra\u00e7a Francisco Barreto e 85 atendimentos diversos voltados \u00e0s mulheres foram realizados. Nesta sexta-feira, 28, profissionais...","og_url":"https:\/\/regiaonews.net.br\/2022\/2026\/08\/barretos-reforca-rede-de-protecao-e-leva-orientacao-as-mulheres-na-praca-francisco-barreto-na-ultima-semana-do-agosto-lilas\/","og_site_name":"Regi\u00e3o News","article_published_time":"2026-08-31T22:01:13+00:00","article_modified_time":"2026-08-31T22:04:34+00:00","og_image":[{"width":973,"height":1118,"url":"https:\/\/regiaonews.net.br\/2022\/wp-content\/uploads\/2026\/08\/WhatsApp-Image-2026-08-31-at-19.04.13.jpeg","type":"image\/jpeg"}],"author":"Roberto","twitter_card":"summary_large_image","twitter_misc":{"Escrito por":"Roberto","Est. tempo de leitura":"5 minutos"},"schema":{"@context":"https:\/\/schema.org","@graph":[{"@type":"Article","@id":"https:\/\/regiaonews.net.br\/2022\/2026\/08\/barretos-reforca-rede-de-protecao-e-leva-orientacao-as-mulheres-na-praca-francisco-barreto-na-ultima-semana-do-agosto-lilas\/#article","isPartOf":{"@id":"https:\/\/regiaonews.net.br\/2022\/2026\/08\/barretos-reforca-rede-de-protecao-e-leva-orientacao-as-mulheres-na-praca-francisco-barreto-na-ultima-semana-do-agosto-lilas\/"},"author":{"name":"Roberto","@id":"https:\/\/regiaonews.net.br\/2022\/#\/schema\/person\/2d205a608a5aa97ac279d7a5e6d89ad8"},"headline":"Barretos refor\u00e7a rede de prote\u00e7\u00e3o e leva orienta\u00e7\u00e3o \u00e0s mulheres na Pra\u00e7a Francisco Barreto na \u00faltima semana do Agosto Lil\u00e1s","datePublished":"2026-08-31T22:01:13+00:00","dateModified":"2026-08-31T22:04:34+00:00","mainEntityOfPage":{"@id":"https:\/\/regiaonews.net.br\/2022\/2026\/08\/barretos-reforca-rede-de-protecao-e-leva-orientacao-as-mulheres-na-praca-francisco-barreto-na-ultima-semana-do-agosto-lilas\/"},"wordCount":1012,"commentCount":0,"publisher":{"@id":"https:\/\/regiaonews.net.br\/2022\/#organization"},"image":{"@id":"https:\/\/regiaonews.net.br\/2022\/2026\/08\/barretos-reforca-rede-de-protecao-e-leva-orientacao-as-mulheres-na-praca-francisco-barreto-na-ultima-semana-do-agosto-lilas\/#primaryimage"},"thumbnailUrl":"https:\/\/regiaonews.net.br\/2022\/wp-content\/uploads\/2026\/08\/WhatsApp-Image-2026-08-31-at-19.04.13.jpeg","articleSection":["Barretos"],"inLanguage":"pt-BR","potentialAction":[{"@type":"CommentAction","name":"Comment","target":["https:\/\/regiaonews.net.br\/2022\/2026\/08\/barretos-reforca-rede-de-protecao-e-leva-orientacao-as-mulheres-na-praca-francisco-barreto-na-ultima-semana-do-agosto-lilas\/#respond"]}]},{"@type":"WebPage","@id":"https:\/\/regiaonews.net.br\/2022\/2026\/08\/barretos-reforca-rede-de-protecao-e-leva-orientacao-as-mulheres-na-praca-francisco-barreto-na-ultima-semana-do-agosto-lilas\/","url":"https:\/\/regiaonews.net.br\/2022\/2026\/08\/barretos-reforca-rede-de-protecao-e-leva-orientacao-as-mulheres-na-praca-francisco-barreto-na-ultima-semana-do-agosto-lilas\/","name":"Barretos refor\u00e7a rede de prote\u00e7\u00e3o e leva orienta\u00e7\u00e3o \u00e0s mulheres na Pra\u00e7a Francisco Barreto na \u00faltima semana do Agosto Lil\u00e1s - Regi\u00e3o News","isPartOf":{"@id":"https:\/\/regiaonews.net.br\/2022\/#website"},"primaryImageOfPage":{"@id":"https:\/\/regiaonews.net.br\/2022\/2026\/08\/barretos-reforca-rede-de-protecao-e-leva-orientacao-as-mulheres-na-praca-francisco-barreto-na-ultima-semana-do-agosto-lilas\/#primaryimage"},"image":{"@id":"https:\/\/regiaonews.net.br\/2022\/2026\/08\/barretos-reforca-rede-de-protecao-e-leva-orientacao-as-mulheres-na-praca-francisco-barreto-na-ultima-semana-do-agosto-lilas\/#primaryimage"},"thumbnailUrl":"https:\/\/regiaonews.net.br\/2022\/wp-content\/uploads\/2026\/08\/WhatsApp-Image-2026-08-31-at-19.04.13.jpeg","datePublished":"2026-08-31T22:01:13+00:00","dateModified":"2026-08-31T22:04:34+00:00","breadcrumb":{"@id":"https:\/\/regiaonews.net.br\/2022\/2026\/08\/barretos-reforca-rede-de-protecao-e-leva-orientacao-as-mulheres-na-praca-francisco-barreto-na-ultima-semana-do-agosto-lilas\/#breadcrumb"},"inLanguage":"pt-BR","potentialAction":[{"@type":"ReadAction","target":["https:\/\/regiaonews.net.br\/2022\/2026\/08\/barretos-reforca-rede-de-protecao-e-leva-orientacao-as-mulheres-na-praca-francisco-barreto-na-ultima-semana-do-agosto-lilas\/"]}]},{"@type":"ImageObject","inLanguage":"pt-BR","@id":"https:\/\/regiaonews.net.br\/2022\/2026\/08\/barretos-reforca-rede-de-protecao-e-leva-orientacao-as-mulheres-na-praca-francisco-barreto-na-ultima-semana-do-agosto-lilas\/#primaryimage","url":"https:\/\/regiaonews.net.br\/2022\/wp-content\/uploads\/2026\/08\/WhatsApp-Image-2026-08-31-at-19.04.13.jpeg","contentUrl":"https:\/\/regiaonews.net.br\/2022\/wp-content\/uploads\/2026\/08\/WhatsApp-Image-2026-08-31-at-19.04.13.jpeg","width":973,"height":1118},{"@type":"BreadcrumbList","@id":"https:\/\/regiaonews.net.br\/2022\/2026\/08\/barretos-reforca-rede-de-protecao-e-leva-orientacao-as-mulheres-na-praca-francisco-barreto-na-ultima-semana-do-agosto-lilas\/#breadcrumb","itemListElement":[{"@type":"ListItem","position":1,"name":"In\u00edcio","item":"https:\/\/regiaonews.net.br\/2022\/"},{"@type":"ListItem","position":2,"name":"Barretos refor\u00e7a rede de prote\u00e7\u00e3o e leva orienta\u00e7\u00e3o \u00e0s mulheres na Pra\u00e7a Francisco Barreto na \u00faltima semana do Agosto Lil\u00e1s"}]},{"@type":"WebSite","@id":"https:\/\/regiaonews.net.br\/2022\/#website","url":"https:\/\/regiaonews.net.br\/2022\/","name":"Regi\u00e3o News","description":"Site de Not\u00edcias de Barretos e regi\u00e3o","publisher":{"@id":"https:\/\/regiaonews.net.br\/2022\/#organization"},"potentialAction":[{"@type":"SearchAction","target":{"@type":"EntryPoint","urlTemplate":"https:\/\/regiaonews.net.br\/2022\/?s={search_term_string}"},"query-input":{"@type":"PropertyValueSpecification","valueRequired":true,"valueName":"search_term_string"}}],"inLanguage":"pt-BR"},{"@type":"Organization","@id":"https:\/\/regiaonews.net.br\/2022\/#organization","name":"Regi\u00e3o News","url":"https:\/\/regiaonews.net.br\/2022\/","logo":{"@type":"ImageObject","inLanguage":"pt-BR","@id":"https:\/\/regiaonews.net.br\/2022\/#\/schema\/logo\/image\/","url":"https:\/\/regiaonews.net.br\/2022\/wp-content\/uploads\/2026\/08\/LOGO-NEW-REG-TR.png","contentUrl":"https:\/\/regiaonews.net.br\/2022\/wp-content\/uploads\/2026\/08\/LOGO-NEW-REG-TR.png","width":360,"height":130,"caption":"Regi\u00e3o News"},"image":{"@id":"https:\/\/regiaonews.net.br\/2022\/#\/schema\/logo\/image\/"}},{"@type":"Person","@id":"https:\/\/regiaonews.net.br\/2022\/#\/schema\/person\/2d205a608a5aa97ac279d7a5e6d89ad8","name":"Roberto","image":{"@type":"ImageObject","inLanguage":"pt-BR","@id":"https:\/\/secure.gravatar.com\/avatar\/42749d8b712ff9d59ca93dc150494e5b55a44134482993f5baeb97e61b7ecc89?s=96&d=mm&r=g","url":"https:\/\/secure.gravatar.com\/avatar\/42749d8b712ff9d59ca93dc150494e5b55a44134482993f5baeb97e61b7ecc89?s=96&d=mm&r=g","contentUrl":"https:\/\/secure.gravatar.com\/avatar\/42749d8b712ff9d59ca93dc150494e5b55a44134482993f5baeb97e61b7ecc89?s=96&d=mm&r=g","caption":"Roberto"},"url":"https:\/\/regiaonews.net.br\/2022\/author\/roberto\/"}]}},"publishpress_future_action":{"enabled":false,"date":"2026-09-08 03:57:59","action":"change-status","newStatus":"draft","terms":[],"taxonomy":"category","extraData":[]},"publishpress_future_workflow_manual_trigger":{"enabledWorkflows":[]},"_links":{"self":[{"href":"https:\/\/regiaonews.net.br\/2022\/wp-json\/wp\/v2\/posts\/132363","targetHints":{"allow":["GET"]}}],"collection":[{"href":"https:\/\/regiaonews.net.br\/2022\/wp-json\/wp\/v2\/posts"}],"about":[{"href":"https:\/\/regiaonews.net.br\/2022\/wp-json\/wp\/v2\/types\/post"}],"author":[{"embeddable":true,"href":"https:\/\/regiaonews.net.br\/2022\/wp-json\/wp\/v2\/users\/2"}],"replies":[{"embeddable":true,"href":"https:\/\/regiaonews.net.br\/2022\/wp-json\/wp\/v2\/comments?post=132363"}],"version-history":[{"count":1,"href":"https:\/\/regiaonews.net.br\/2022\/wp-json\/wp\/v2\/posts\/132363\/revisions"}],"predecessor-version":[{"id":132364,"href":"https:\/\/regiaonews.net.br\/2022\/wp-json\/wp\/v2\/posts\/132363\/revisions\/132364"}],"wp:featuredmedia":[{"embeddable":true,"href":"https:\/\/regiaonews.net.br\/2022\/wp-json\/wp\/v2\/media\/132365"}],"wp:attachment":[{"href":"https:\/\/regiaonews.net.br\/2022\/wp-json\/wp\/v2\/media?parent=132363"}],"wp:term":[{"taxonomy":"category","embeddable":true,"href":"https:\/\/regiaonews.net.br\/2022\/wp-json\/wp\/v2\/categories?post=132363"},{"taxonomy":"post_tag","embeddable":true,"href":"https:\/\/regiaonews.net.br\/2022\/wp-json\/wp\/v2\/tags?post=132363"}],"curies":[{"name":"wp","href":"https:\/\/api.w.org\/{rel}","templated":true}]}}