{"id":132356,"date":"2026-08-31T18:58:04","date_gmt":"2026-08-31T21:58:04","guid":{"rendered":"https:\/\/regiaonews.net.br\/2022\/?p=132356"},"modified":"2026-08-31T18:58:04","modified_gmt":"2026-08-31T21:58:04","slug":"atencao-basica-conclui-acoes-do-mes-de-conscientizacao-e-incentivo-ao-aleitamento-materno","status":"publish","type":"post","link":"https:\/\/regiaonews.net.br\/2022\/2026\/08\/atencao-basica-conclui-acoes-do-mes-de-conscientizacao-e-incentivo-ao-aleitamento-materno\/","title":{"rendered":"Aten\u00e7\u00e3o B\u00e1sica conclui a\u00e7\u00f5es do m\u00eas de conscientiza\u00e7\u00e3o e incentivo ao aleitamento materno"},"content":{"rendered":"<p>&nbsp;<\/p>\n<p>Neste Agosto Dourado, a roda de amamenta\u00e7\u00e3o foi realizada na UBS do Barretos II. Em setembro, no dia 23, ser\u00e1 na UBS do Residencial Minerva<\/p>\n<p>O munic\u00edpio da Est\u00e2ncia Tur\u00edstica de Barretos est\u00e1 concluindo o m\u00eas de mobiliza\u00e7\u00e3o pela conscientiza\u00e7\u00e3o e incentivo ao aleitamento materno, o Agosto Dourado. Pelo seu alto padr\u00e3o de qualidade, o leite materno \u00e9 considerado \u201calimento de ouro\u201d.<\/p>\n<p>A Secretaria Municipal de Sa\u00fade refor\u00e7a a import\u00e2ncia do aleitamento materno, destacando que o per\u00edodo de amamenta\u00e7\u00e3o \u00e9 um momento importante e \u00fanico para a m\u00e3e e para o rec\u00e9m-nascido, que vai influenciar em toda a sua vida. Neste m\u00eas e ao longo de todo o ano a amamenta\u00e7\u00e3o \u00e9 incentivada pelos profissionais da Aten\u00e7\u00e3o B\u00e1sica.<\/p>\n<p>Rodas de amamenta\u00e7\u00e3o<br \/>\nAo longo do ano, rodas de amamenta\u00e7\u00e3o s\u00e3o realizadas nas UBSs, em parceria entre a Santa Casa e a Prefeitura, sendo convidadas gestantes e mulheres que est\u00e3o amamentando.<\/p>\n<p>No dia 18 de agosto, a a\u00e7\u00e3o foi realizada no Barretos II. A pr\u00f3xima ser\u00e1 em 23 de setembro, \u00e0s 14h30, na UBS Dr. Luiz Gonzaga Ferreira, no Residencial Minerva. A unidade fica localizada na Rua Mohamud Mustaf\u00e1 Issa, n. 101. Mulheres que est\u00e3o amamentando e gestantes de todas as localidades de Barretos podem participar, sem necessidade de agendamento.<\/p>\n","protected":false},"excerpt":{"rendered":"<p>&nbsp; Neste Agosto Dourado, a roda de amamenta\u00e7\u00e3o foi realizada na UBS do Barretos II. Em setembro, no dia 23, ser\u00e1 na UBS do Residencial&#8230;<\/p>\n","protected":false},"author":2,"featured_media":132357,"comment_status":"open","ping_status":"open","sticky":false,"template":"","format":"standard","meta":{"_themeisle_gutenberg_block_has_review":false,"footnotes":""},"categories":[14],"tags":[],"class_list":["post-132356","post","type-post","status-publish","format-standard","has-post-thumbnail","hentry","category-barretos"],"yoast_head":"<!-- This site is optimized with the Yoast SEO plugin v28.3 - https:\/\/yoast.com\/product\/yoast-seo-wordpress\/ -->\n<title>Aten\u00e7\u00e3o B\u00e1sica conclui a\u00e7\u00f5es do m\u00eas de conscientiza\u00e7\u00e3o e incentivo ao aleitamento materno - Regi\u00e3o News<\/title>\n<meta name=\"robots\" content=\"index, follow, max-snippet:-1, max-image-preview:large, max-video-preview:-1\" \/>\n<link rel=\"canonical\" href=\"https:\/\/regiaonews.net.br\/2022\/2026\/08\/atencao-basica-conclui-acoes-do-mes-de-conscientizacao-e-incentivo-ao-aleitamento-materno\/\" \/>\n<meta property=\"og:locale\" content=\"pt_BR\" \/>\n<meta property=\"og:type\" content=\"article\" \/>\n<meta property=\"og:title\" content=\"Aten\u00e7\u00e3o B\u00e1sica conclui a\u00e7\u00f5es do m\u00eas de conscientiza\u00e7\u00e3o e incentivo ao aleitamento materno - Regi\u00e3o News\" \/>\n<meta property=\"og:description\" content=\"&nbsp; Neste Agosto Dourado, a roda de amamenta\u00e7\u00e3o foi realizada na UBS do Barretos II. Em setembro, no dia 23, ser\u00e1 na UBS do Residencial...\" \/>\n<meta property=\"og:url\" content=\"https:\/\/regiaonews.net.br\/2022\/2026\/08\/atencao-basica-conclui-acoes-do-mes-de-conscientizacao-e-incentivo-ao-aleitamento-materno\/\" \/>\n<meta property=\"og:site_name\" content=\"Regi\u00e3o News\" \/>\n<meta property=\"article:published_time\" content=\"2026-08-31T21:58:04+00:00\" \/>\n<meta property=\"og:image\" content=\"https:\/\/regiaonews.net.br\/2022\/wp-content\/uploads\/2026\/08\/WhatsApp-Image-2026-08-31-at-14.56.19-1.jpeg\" \/>\n\t<meta property=\"og:image:width\" content=\"1600\" \/>\n\t<meta property=\"og:image:height\" content=\"1200\" \/>\n\t<meta property=\"og:image:type\" content=\"image\/jpeg\" \/>\n<meta name=\"author\" content=\"Roberto\" \/>\n<meta name=\"twitter:card\" content=\"summary_large_image\" \/>\n<meta name=\"twitter:label1\" content=\"Escrito por\" \/>\n\t<meta name=\"twitter:data1\" content=\"Roberto\" \/>\n\t<meta name=\"twitter:label2\" content=\"Est. tempo de leitura\" \/>\n\t<meta name=\"twitter:data2\" content=\"2 minutos\" \/>\n<script type=\"application\/ld+json\" class=\"yoast-schema-graph\">{\"@context\":\"https:\\\/\\\/schema.org\",\"@graph\":[{\"@type\":\"Article\",\"@id\":\"https:\\\/\\\/regiaonews.net.br\\\/2022\\\/2026\\\/08\\\/atencao-basica-conclui-acoes-do-mes-de-conscientizacao-e-incentivo-ao-aleitamento-materno\\\/#article\",\"isPartOf\":{\"@id\":\"https:\\\/\\\/regiaonews.net.br\\\/2022\\\/2026\\\/08\\\/atencao-basica-conclui-acoes-do-mes-de-conscientizacao-e-incentivo-ao-aleitamento-materno\\\/\"},\"author\":{\"name\":\"Roberto\",\"@id\":\"https:\\\/\\\/regiaonews.net.br\\\/2022\\\/#\\\/schema\\\/person\\\/2d205a608a5aa97ac279d7a5e6d89ad8\"},\"headline\":\"Aten\u00e7\u00e3o B\u00e1sica conclui a\u00e7\u00f5es do m\u00eas de conscientiza\u00e7\u00e3o e incentivo ao aleitamento materno\",\"datePublished\":\"2026-08-31T21:58:04+00:00\",\"mainEntityOfPage\":{\"@id\":\"https:\\\/\\\/regiaonews.net.br\\\/2022\\\/2026\\\/08\\\/atencao-basica-conclui-acoes-do-mes-de-conscientizacao-e-incentivo-ao-aleitamento-materno\\\/\"},\"wordCount\":246,\"commentCount\":0,\"publisher\":{\"@id\":\"https:\\\/\\\/regiaonews.net.br\\\/2022\\\/#organization\"},\"image\":{\"@id\":\"https:\\\/\\\/regiaonews.net.br\\\/2022\\\/2026\\\/08\\\/atencao-basica-conclui-acoes-do-mes-de-conscientizacao-e-incentivo-ao-aleitamento-materno\\\/#primaryimage\"},\"thumbnailUrl\":\"https:\\\/\\\/regiaonews.net.br\\\/2022\\\/wp-content\\\/uploads\\\/2026\\\/08\\\/WhatsApp-Image-2026-08-31-at-14.56.19-1.jpeg\",\"articleSection\":[\"Barretos\"],\"inLanguage\":\"pt-BR\",\"potentialAction\":[{\"@type\":\"CommentAction\",\"name\":\"Comment\",\"target\":[\"https:\\\/\\\/regiaonews.net.br\\\/2022\\\/2026\\\/08\\\/atencao-basica-conclui-acoes-do-mes-de-conscientizacao-e-incentivo-ao-aleitamento-materno\\\/#respond\"]}]},{\"@type\":\"WebPage\",\"@id\":\"https:\\\/\\\/regiaonews.net.br\\\/2022\\\/2026\\\/08\\\/atencao-basica-conclui-acoes-do-mes-de-conscientizacao-e-incentivo-ao-aleitamento-materno\\\/\",\"url\":\"https:\\\/\\\/regiaonews.net.br\\\/2022\\\/2026\\\/08\\\/atencao-basica-conclui-acoes-do-mes-de-conscientizacao-e-incentivo-ao-aleitamento-materno\\\/\",\"name\":\"Aten\u00e7\u00e3o B\u00e1sica conclui a\u00e7\u00f5es do m\u00eas de conscientiza\u00e7\u00e3o e incentivo ao aleitamento materno - Regi\u00e3o News\",\"isPartOf\":{\"@id\":\"https:\\\/\\\/regiaonews.net.br\\\/2022\\\/#website\"},\"primaryImageOfPage\":{\"@id\":\"https:\\\/\\\/regiaonews.net.br\\\/2022\\\/2026\\\/08\\\/atencao-basica-conclui-acoes-do-mes-de-conscientizacao-e-incentivo-ao-aleitamento-materno\\\/#primaryimage\"},\"image\":{\"@id\":\"https:\\\/\\\/regiaonews.net.br\\\/2022\\\/2026\\\/08\\\/atencao-basica-conclui-acoes-do-mes-de-conscientizacao-e-incentivo-ao-aleitamento-materno\\\/#primaryimage\"},\"thumbnailUrl\":\"https:\\\/\\\/regiaonews.net.br\\\/2022\\\/wp-content\\\/uploads\\\/2026\\\/08\\\/WhatsApp-Image-2026-08-31-at-14.56.19-1.jpeg\",\"datePublished\":\"2026-08-31T21:58:04+00:00\",\"breadcrumb\":{\"@id\":\"https:\\\/\\\/regiaonews.net.br\\\/2022\\\/2026\\\/08\\\/atencao-basica-conclui-acoes-do-mes-de-conscientizacao-e-incentivo-ao-aleitamento-materno\\\/#breadcrumb\"},\"inLanguage\":\"pt-BR\",\"potentialAction\":[{\"@type\":\"ReadAction\",\"target\":[\"https:\\\/\\\/regiaonews.net.br\\\/2022\\\/2026\\\/08\\\/atencao-basica-conclui-acoes-do-mes-de-conscientizacao-e-incentivo-ao-aleitamento-materno\\\/\"]}]},{\"@type\":\"ImageObject\",\"inLanguage\":\"pt-BR\",\"@id\":\"https:\\\/\\\/regiaonews.net.br\\\/2022\\\/2026\\\/08\\\/atencao-basica-conclui-acoes-do-mes-de-conscientizacao-e-incentivo-ao-aleitamento-materno\\\/#primaryimage\",\"url\":\"https:\\\/\\\/regiaonews.net.br\\\/2022\\\/wp-content\\\/uploads\\\/2026\\\/08\\\/WhatsApp-Image-2026-08-31-at-14.56.19-1.jpeg\",\"contentUrl\":\"https:\\\/\\\/regiaonews.net.br\\\/2022\\\/wp-content\\\/uploads\\\/2026\\\/08\\\/WhatsApp-Image-2026-08-31-at-14.56.19-1.jpeg\",\"width\":1600,\"height\":1200},{\"@type\":\"BreadcrumbList\",\"@id\":\"https:\\\/\\\/regiaonews.net.br\\\/2022\\\/2026\\\/08\\\/atencao-basica-conclui-acoes-do-mes-de-conscientizacao-e-incentivo-ao-aleitamento-materno\\\/#breadcrumb\",\"itemListElement\":[{\"@type\":\"ListItem\",\"position\":1,\"name\":\"In\u00edcio\",\"item\":\"https:\\\/\\\/regiaonews.net.br\\\/2022\\\/\"},{\"@type\":\"ListItem\",\"position\":2,\"name\":\"Aten\u00e7\u00e3o B\u00e1sica conclui a\u00e7\u00f5es do m\u00eas de conscientiza\u00e7\u00e3o e incentivo ao aleitamento materno\"}]},{\"@type\":\"WebSite\",\"@id\":\"https:\\\/\\\/regiaonews.net.br\\\/2022\\\/#website\",\"url\":\"https:\\\/\\\/regiaonews.net.br\\\/2022\\\/\",\"name\":\"Regi\u00e3o News\",\"description\":\"Site de Not\u00edcias de Barretos e regi\u00e3o\",\"publisher\":{\"@id\":\"https:\\\/\\\/regiaonews.net.br\\\/2022\\\/#organization\"},\"potentialAction\":[{\"@type\":\"SearchAction\",\"target\":{\"@type\":\"EntryPoint\",\"urlTemplate\":\"https:\\\/\\\/regiaonews.net.br\\\/2022\\\/?s={search_term_string}\"},\"query-input\":{\"@type\":\"PropertyValueSpecification\",\"valueRequired\":true,\"valueName\":\"search_term_string\"}}],\"inLanguage\":\"pt-BR\"},{\"@type\":\"Organization\",\"@id\":\"https:\\\/\\\/regiaonews.net.br\\\/2022\\\/#organization\",\"name\":\"Regi\u00e3o News\",\"url\":\"https:\\\/\\\/regiaonews.net.br\\\/2022\\\/\",\"logo\":{\"@type\":\"ImageObject\",\"inLanguage\":\"pt-BR\",\"@id\":\"https:\\\/\\\/regiaonews.net.br\\\/2022\\\/#\\\/schema\\\/logo\\\/image\\\/\",\"url\":\"https:\\\/\\\/regiaonews.net.br\\\/2022\\\/wp-content\\\/uploads\\\/2026\\\/08\\\/LOGO-NEW-REG-TR.png\",\"contentUrl\":\"https:\\\/\\\/regiaonews.net.br\\\/2022\\\/wp-content\\\/uploads\\\/2026\\\/08\\\/LOGO-NEW-REG-TR.png\",\"width\":360,\"height\":130,\"caption\":\"Regi\u00e3o News\"},\"image\":{\"@id\":\"https:\\\/\\\/regiaonews.net.br\\\/2022\\\/#\\\/schema\\\/logo\\\/image\\\/\"}},{\"@type\":\"Person\",\"@id\":\"https:\\\/\\\/regiaonews.net.br\\\/2022\\\/#\\\/schema\\\/person\\\/2d205a608a5aa97ac279d7a5e6d89ad8\",\"name\":\"Roberto\",\"image\":{\"@type\":\"ImageObject\",\"inLanguage\":\"pt-BR\",\"@id\":\"https:\\\/\\\/secure.gravatar.com\\\/avatar\\\/42749d8b712ff9d59ca93dc150494e5b55a44134482993f5baeb97e61b7ecc89?s=96&d=mm&r=g\",\"url\":\"https:\\\/\\\/secure.gravatar.com\\\/avatar\\\/42749d8b712ff9d59ca93dc150494e5b55a44134482993f5baeb97e61b7ecc89?s=96&d=mm&r=g\",\"contentUrl\":\"https:\\\/\\\/secure.gravatar.com\\\/avatar\\\/42749d8b712ff9d59ca93dc150494e5b55a44134482993f5baeb97e61b7ecc89?s=96&d=mm&r=g\",\"caption\":\"Roberto\"},\"url\":\"https:\\\/\\\/regiaonews.net.br\\\/2022\\\/author\\\/roberto\\\/\"}]}<\/script>\n<!-- \/ Yoast SEO plugin. -->","yoast_head_json":{"title":"Aten\u00e7\u00e3o B\u00e1sica conclui a\u00e7\u00f5es do m\u00eas de conscientiza\u00e7\u00e3o e incentivo ao aleitamento materno - Regi\u00e3o News","robots":{"index":"index","follow":"follow","max-snippet":"max-snippet:-1","max-image-preview":"max-image-preview:large","max-video-preview":"max-video-preview:-1"},"canonical":"https:\/\/regiaonews.net.br\/2022\/2026\/08\/atencao-basica-conclui-acoes-do-mes-de-conscientizacao-e-incentivo-ao-aleitamento-materno\/","og_locale":"pt_BR","og_type":"article","og_title":"Aten\u00e7\u00e3o B\u00e1sica conclui a\u00e7\u00f5es do m\u00eas de conscientiza\u00e7\u00e3o e incentivo ao aleitamento materno - Regi\u00e3o News","og_description":"&nbsp; Neste Agosto Dourado, a roda de amamenta\u00e7\u00e3o foi realizada na UBS do Barretos II. Em setembro, no dia 23, ser\u00e1 na UBS do Residencial...","og_url":"https:\/\/regiaonews.net.br\/2022\/2026\/08\/atencao-basica-conclui-acoes-do-mes-de-conscientizacao-e-incentivo-ao-aleitamento-materno\/","og_site_name":"Regi\u00e3o News","article_published_time":"2026-08-31T21:58:04+00:00","og_image":[{"width":1600,"height":1200,"url":"https:\/\/regiaonews.net.br\/2022\/wp-content\/uploads\/2026\/08\/WhatsApp-Image-2026-08-31-at-14.56.19-1.jpeg","type":"image\/jpeg"}],"author":"Roberto","twitter_card":"summary_large_image","twitter_misc":{"Escrito por":"Roberto","Est. tempo de leitura":"2 minutos"},"schema":{"@context":"https:\/\/schema.org","@graph":[{"@type":"Article","@id":"https:\/\/regiaonews.net.br\/2022\/2026\/08\/atencao-basica-conclui-acoes-do-mes-de-conscientizacao-e-incentivo-ao-aleitamento-materno\/#article","isPartOf":{"@id":"https:\/\/regiaonews.net.br\/2022\/2026\/08\/atencao-basica-conclui-acoes-do-mes-de-conscientizacao-e-incentivo-ao-aleitamento-materno\/"},"author":{"name":"Roberto","@id":"https:\/\/regiaonews.net.br\/2022\/#\/schema\/person\/2d205a608a5aa97ac279d7a5e6d89ad8"},"headline":"Aten\u00e7\u00e3o B\u00e1sica conclui a\u00e7\u00f5es do m\u00eas de conscientiza\u00e7\u00e3o e incentivo ao aleitamento materno","datePublished":"2026-08-31T21:58:04+00:00","mainEntityOfPage":{"@id":"https:\/\/regiaonews.net.br\/2022\/2026\/08\/atencao-basica-conclui-acoes-do-mes-de-conscientizacao-e-incentivo-ao-aleitamento-materno\/"},"wordCount":246,"commentCount":0,"publisher":{"@id":"https:\/\/regiaonews.net.br\/2022\/#organization"},"image":{"@id":"https:\/\/regiaonews.net.br\/2022\/2026\/08\/atencao-basica-conclui-acoes-do-mes-de-conscientizacao-e-incentivo-ao-aleitamento-materno\/#primaryimage"},"thumbnailUrl":"https:\/\/regiaonews.net.br\/2022\/wp-content\/uploads\/2026\/08\/WhatsApp-Image-2026-08-31-at-14.56.19-1.jpeg","articleSection":["Barretos"],"inLanguage":"pt-BR","potentialAction":[{"@type":"CommentAction","name":"Comment","target":["https:\/\/regiaonews.net.br\/2022\/2026\/08\/atencao-basica-conclui-acoes-do-mes-de-conscientizacao-e-incentivo-ao-aleitamento-materno\/#respond"]}]},{"@type":"WebPage","@id":"https:\/\/regiaonews.net.br\/2022\/2026\/08\/atencao-basica-conclui-acoes-do-mes-de-conscientizacao-e-incentivo-ao-aleitamento-materno\/","url":"https:\/\/regiaonews.net.br\/2022\/2026\/08\/atencao-basica-conclui-acoes-do-mes-de-conscientizacao-e-incentivo-ao-aleitamento-materno\/","name":"Aten\u00e7\u00e3o B\u00e1sica conclui a\u00e7\u00f5es do m\u00eas de conscientiza\u00e7\u00e3o e incentivo ao aleitamento materno - Regi\u00e3o News","isPartOf":{"@id":"https:\/\/regiaonews.net.br\/2022\/#website"},"primaryImageOfPage":{"@id":"https:\/\/regiaonews.net.br\/2022\/2026\/08\/atencao-basica-conclui-acoes-do-mes-de-conscientizacao-e-incentivo-ao-aleitamento-materno\/#primaryimage"},"image":{"@id":"https:\/\/regiaonews.net.br\/2022\/2026\/08\/atencao-basica-conclui-acoes-do-mes-de-conscientizacao-e-incentivo-ao-aleitamento-materno\/#primaryimage"},"thumbnailUrl":"https:\/\/regiaonews.net.br\/2022\/wp-content\/uploads\/2026\/08\/WhatsApp-Image-2026-08-31-at-14.56.19-1.jpeg","datePublished":"2026-08-31T21:58:04+00:00","breadcrumb":{"@id":"https:\/\/regiaonews.net.br\/2022\/2026\/08\/atencao-basica-conclui-acoes-do-mes-de-conscientizacao-e-incentivo-ao-aleitamento-materno\/#breadcrumb"},"inLanguage":"pt-BR","potentialAction":[{"@type":"ReadAction","target":["https:\/\/regiaonews.net.br\/2022\/2026\/08\/atencao-basica-conclui-acoes-do-mes-de-conscientizacao-e-incentivo-ao-aleitamento-materno\/"]}]},{"@type":"ImageObject","inLanguage":"pt-BR","@id":"https:\/\/regiaonews.net.br\/2022\/2026\/08\/atencao-basica-conclui-acoes-do-mes-de-conscientizacao-e-incentivo-ao-aleitamento-materno\/#primaryimage","url":"https:\/\/regiaonews.net.br\/2022\/wp-content\/uploads\/2026\/08\/WhatsApp-Image-2026-08-31-at-14.56.19-1.jpeg","contentUrl":"https:\/\/regiaonews.net.br\/2022\/wp-content\/uploads\/2026\/08\/WhatsApp-Image-2026-08-31-at-14.56.19-1.jpeg","width":1600,"height":1200},{"@type":"BreadcrumbList","@id":"https:\/\/regiaonews.net.br\/2022\/2026\/08\/atencao-basica-conclui-acoes-do-mes-de-conscientizacao-e-incentivo-ao-aleitamento-materno\/#breadcrumb","itemListElement":[{"@type":"ListItem","position":1,"name":"In\u00edcio","item":"https:\/\/regiaonews.net.br\/2022\/"},{"@type":"ListItem","position":2,"name":"Aten\u00e7\u00e3o B\u00e1sica conclui a\u00e7\u00f5es do m\u00eas de conscientiza\u00e7\u00e3o e incentivo ao aleitamento materno"}]},{"@type":"WebSite","@id":"https:\/\/regiaonews.net.br\/2022\/#website","url":"https:\/\/regiaonews.net.br\/2022\/","name":"Regi\u00e3o News","description":"Site de Not\u00edcias de Barretos e regi\u00e3o","publisher":{"@id":"https:\/\/regiaonews.net.br\/2022\/#organization"},"potentialAction":[{"@type":"SearchAction","target":{"@type":"EntryPoint","urlTemplate":"https:\/\/regiaonews.net.br\/2022\/?s={search_term_string}"},"query-input":{"@type":"PropertyValueSpecification","valueRequired":true,"valueName":"search_term_string"}}],"inLanguage":"pt-BR"},{"@type":"Organization","@id":"https:\/\/regiaonews.net.br\/2022\/#organization","name":"Regi\u00e3o News","url":"https:\/\/regiaonews.net.br\/2022\/","logo":{"@type":"ImageObject","inLanguage":"pt-BR","@id":"https:\/\/regiaonews.net.br\/2022\/#\/schema\/logo\/image\/","url":"https:\/\/regiaonews.net.br\/2022\/wp-content\/uploads\/2026\/08\/LOGO-NEW-REG-TR.png","contentUrl":"https:\/\/regiaonews.net.br\/2022\/wp-content\/uploads\/2026\/08\/LOGO-NEW-REG-TR.png","width":360,"height":130,"caption":"Regi\u00e3o News"},"image":{"@id":"https:\/\/regiaonews.net.br\/2022\/#\/schema\/logo\/image\/"}},{"@type":"Person","@id":"https:\/\/regiaonews.net.br\/2022\/#\/schema\/person\/2d205a608a5aa97ac279d7a5e6d89ad8","name":"Roberto","image":{"@type":"ImageObject","inLanguage":"pt-BR","@id":"https:\/\/secure.gravatar.com\/avatar\/42749d8b712ff9d59ca93dc150494e5b55a44134482993f5baeb97e61b7ecc89?s=96&d=mm&r=g","url":"https:\/\/secure.gravatar.com\/avatar\/42749d8b712ff9d59ca93dc150494e5b55a44134482993f5baeb97e61b7ecc89?s=96&d=mm&r=g","contentUrl":"https:\/\/secure.gravatar.com\/avatar\/42749d8b712ff9d59ca93dc150494e5b55a44134482993f5baeb97e61b7ecc89?s=96&d=mm&r=g","caption":"Roberto"},"url":"https:\/\/regiaonews.net.br\/2022\/author\/roberto\/"}]}},"publishpress_future_action":{"enabled":false,"date":"2026-09-08 03:59:11","action":"change-status","newStatus":"draft","terms":[],"taxonomy":"category","extraData":[]},"publishpress_future_workflow_manual_trigger":{"enabledWorkflows":[]},"_links":{"self":[{"href":"https:\/\/regiaonews.net.br\/2022\/wp-json\/wp\/v2\/posts\/132356","targetHints":{"allow":["GET"]}}],"collection":[{"href":"https:\/\/regiaonews.net.br\/2022\/wp-json\/wp\/v2\/posts"}],"about":[{"href":"https:\/\/regiaonews.net.br\/2022\/wp-json\/wp\/v2\/types\/post"}],"author":[{"embeddable":true,"href":"https:\/\/regiaonews.net.br\/2022\/wp-json\/wp\/v2\/users\/2"}],"replies":[{"embeddable":true,"href":"https:\/\/regiaonews.net.br\/2022\/wp-json\/wp\/v2\/comments?post=132356"}],"version-history":[{"count":1,"href":"https:\/\/regiaonews.net.br\/2022\/wp-json\/wp\/v2\/posts\/132356\/revisions"}],"predecessor-version":[{"id":132358,"href":"https:\/\/regiaonews.net.br\/2022\/wp-json\/wp\/v2\/posts\/132356\/revisions\/132358"}],"wp:featuredmedia":[{"embeddable":true,"href":"https:\/\/regiaonews.net.br\/2022\/wp-json\/wp\/v2\/media\/132357"}],"wp:attachment":[{"href":"https:\/\/regiaonews.net.br\/2022\/wp-json\/wp\/v2\/media?parent=132356"}],"wp:term":[{"taxonomy":"category","embeddable":true,"href":"https:\/\/regiaonews.net.br\/2022\/wp-json\/wp\/v2\/categories?post=132356"},{"taxonomy":"post_tag","embeddable":true,"href":"https:\/\/regiaonews.net.br\/2022\/wp-json\/wp\/v2\/tags?post=132356"}],"curies":[{"name":"wp","href":"https:\/\/api.w.org\/{rel}","templated":true}]}}