{"id":132340,"date":"2026-08-30T22:50:43","date_gmt":"2026-08-31T01:50:43","guid":{"rendered":"https:\/\/regiaonews.net.br\/2022\/?p=132340"},"modified":"2026-08-30T22:50:54","modified_gmt":"2026-08-31T01:50:54","slug":"campeao-do-cutiano-conquista-titulo-inedito-em-barretos","status":"publish","type":"post","link":"https:\/\/regiaonews.net.br\/2022\/2026\/08\/campeao-do-cutiano-conquista-titulo-inedito-em-barretos\/","title":{"rendered":"Campe\u00e3o do Cutiano conquista t\u00edtulo in\u00e9dito em Barretos"},"content":{"rendered":"<p>O paulista J\u00falio C\u00e9sar de Oliveira, de 24 anos, de Santa F\u00e9 do Sul (SP), \u00e9 o novo campe\u00e3o do 33\u00ba Barretos International Rodeo, no estilo Cutiano. Ap\u00f3s bons resultados nas semifinais, J\u00falio Oliveira chegou \u00e0 final na primeira coloca\u00e7\u00e3o, com 181 pontos.<\/p>\n<p>O t\u00edtulo veio na \u00faltima das dez montarias, quando parou na \u00e9gua Justiceira, da Companhia WR, e obteve nota 92, totalizando 273 pontos, com tr\u00eas paradas. \u201cA hora que saiu o sorteio, fiquei muito contente. Eu estava apreensivo porque \u00e9 o maior rodeio do Brasil e, gra\u00e7as a Deus, deu tudo certo\u201d, afirmou.<\/p>\n<p>O campe\u00e3o tamb\u00e9m destacou a iniciativa de doa\u00e7\u00f5es em prol do Hospital de Amor, por meio do Desafio do Bem. \u201cGostaria de parabenizar todas as pessoas que fizeram suas doa\u00e7\u00f5es em prol do Hospital. \u00c9 melhor ajudar do que ser ajudado\u201d, ressaltou o campe\u00e3o.<\/p>\n<p>O segundo lugar ficou com Kaio Henrique Barros, de Tiet\u00ea (SP), com 271,50 pontos. Na sequ\u00eancia, ficaram Mateus Lima de Matos, de Pirapora do Bom Jesus (SP), com 271 pontos; Thiago Mega, de Barretos (SP), com 270,50 pontos; e Rodrigo Pedro Rosa, de Hercul\u00e2ndia (PR), com 269,50 pontos.<\/p>\n<p>O melhor animal do Cutiano foi o cavalo Mexe Mexe, da WR \u2013 Roberto Biasi, com 46,50 pontos. A melhor tropa ficou com a Companhia WR, com m\u00e9dia de 44,86 pontos.<\/p>\n","protected":false},"excerpt":{"rendered":"<p>O paulista J\u00falio C\u00e9sar de Oliveira, de 24 anos, de Santa F\u00e9 do Sul (SP), \u00e9 o novo campe\u00e3o do 33\u00ba Barretos International Rodeo, no&#8230;<\/p>\n","protected":false},"author":2,"featured_media":132341,"comment_status":"open","ping_status":"open","sticky":false,"template":"","format":"standard","meta":{"_themeisle_gutenberg_block_has_review":false,"footnotes":""},"categories":[45],"tags":[],"class_list":["post-132340","post","type-post","status-publish","format-standard","has-post-thumbnail","hentry","category-festa-do-peao"],"yoast_head":"<!-- This site is optimized with the Yoast SEO plugin v28.3 - https:\/\/yoast.com\/product\/yoast-seo-wordpress\/ -->\n<title>Campe\u00e3o do Cutiano conquista t\u00edtulo in\u00e9dito em Barretos - Regi\u00e3o News<\/title>\n<meta name=\"robots\" content=\"index, follow, max-snippet:-1, max-image-preview:large, max-video-preview:-1\" \/>\n<link rel=\"canonical\" href=\"https:\/\/regiaonews.net.br\/2022\/2026\/08\/campeao-do-cutiano-conquista-titulo-inedito-em-barretos\/\" \/>\n<meta property=\"og:locale\" content=\"pt_BR\" \/>\n<meta property=\"og:type\" content=\"article\" \/>\n<meta property=\"og:title\" content=\"Campe\u00e3o do Cutiano conquista t\u00edtulo in\u00e9dito em Barretos - Regi\u00e3o News\" \/>\n<meta property=\"og:description\" content=\"O paulista J\u00falio C\u00e9sar de Oliveira, de 24 anos, de Santa F\u00e9 do Sul (SP), \u00e9 o novo campe\u00e3o do 33\u00ba Barretos International Rodeo, no...\" \/>\n<meta property=\"og:url\" content=\"https:\/\/regiaonews.net.br\/2022\/2026\/08\/campeao-do-cutiano-conquista-titulo-inedito-em-barretos\/\" \/>\n<meta property=\"og:site_name\" content=\"Regi\u00e3o News\" \/>\n<meta property=\"article:published_time\" content=\"2026-08-31T01:50:43+00:00\" \/>\n<meta property=\"article:modified_time\" content=\"2026-08-31T01:50:54+00:00\" \/>\n<meta property=\"og:image\" content=\"https:\/\/regiaonews.net.br\/2022\/wp-content\/uploads\/2026\/08\/WhatsApp-Image-2026-08-30-at-22.14.04.jpeg\" \/>\n\t<meta property=\"og:image:width\" content=\"1280\" \/>\n\t<meta property=\"og:image:height\" content=\"889\" \/>\n\t<meta property=\"og:image:type\" content=\"image\/jpeg\" \/>\n<meta name=\"author\" content=\"Roberto\" \/>\n<meta name=\"twitter:card\" content=\"summary_large_image\" \/>\n<meta name=\"twitter:label1\" content=\"Escrito por\" \/>\n\t<meta name=\"twitter:data1\" content=\"Roberto\" \/>\n\t<meta name=\"twitter:label2\" content=\"Est. tempo de leitura\" \/>\n\t<meta name=\"twitter:data2\" content=\"2 minutos\" \/>\n<script type=\"application\/ld+json\" class=\"yoast-schema-graph\">{\"@context\":\"https:\\\/\\\/schema.org\",\"@graph\":[{\"@type\":\"Article\",\"@id\":\"https:\\\/\\\/regiaonews.net.br\\\/2022\\\/2026\\\/08\\\/campeao-do-cutiano-conquista-titulo-inedito-em-barretos\\\/#article\",\"isPartOf\":{\"@id\":\"https:\\\/\\\/regiaonews.net.br\\\/2022\\\/2026\\\/08\\\/campeao-do-cutiano-conquista-titulo-inedito-em-barretos\\\/\"},\"author\":{\"name\":\"Roberto\",\"@id\":\"https:\\\/\\\/regiaonews.net.br\\\/2022\\\/#\\\/schema\\\/person\\\/2d205a608a5aa97ac279d7a5e6d89ad8\"},\"headline\":\"Campe\u00e3o do Cutiano conquista t\u00edtulo in\u00e9dito em Barretos\",\"datePublished\":\"2026-08-31T01:50:43+00:00\",\"dateModified\":\"2026-08-31T01:50:54+00:00\",\"mainEntityOfPage\":{\"@id\":\"https:\\\/\\\/regiaonews.net.br\\\/2022\\\/2026\\\/08\\\/campeao-do-cutiano-conquista-titulo-inedito-em-barretos\\\/\"},\"wordCount\":231,\"commentCount\":0,\"publisher\":{\"@id\":\"https:\\\/\\\/regiaonews.net.br\\\/2022\\\/#organization\"},\"image\":{\"@id\":\"https:\\\/\\\/regiaonews.net.br\\\/2022\\\/2026\\\/08\\\/campeao-do-cutiano-conquista-titulo-inedito-em-barretos\\\/#primaryimage\"},\"thumbnailUrl\":\"https:\\\/\\\/regiaonews.net.br\\\/2022\\\/wp-content\\\/uploads\\\/2026\\\/08\\\/WhatsApp-Image-2026-08-30-at-22.14.04.jpeg\",\"articleSection\":[\"Festa do Pe\u00e3o\"],\"inLanguage\":\"pt-BR\",\"potentialAction\":[{\"@type\":\"CommentAction\",\"name\":\"Comment\",\"target\":[\"https:\\\/\\\/regiaonews.net.br\\\/2022\\\/2026\\\/08\\\/campeao-do-cutiano-conquista-titulo-inedito-em-barretos\\\/#respond\"]}]},{\"@type\":\"WebPage\",\"@id\":\"https:\\\/\\\/regiaonews.net.br\\\/2022\\\/2026\\\/08\\\/campeao-do-cutiano-conquista-titulo-inedito-em-barretos\\\/\",\"url\":\"https:\\\/\\\/regiaonews.net.br\\\/2022\\\/2026\\\/08\\\/campeao-do-cutiano-conquista-titulo-inedito-em-barretos\\\/\",\"name\":\"Campe\u00e3o do Cutiano conquista t\u00edtulo in\u00e9dito em Barretos - Regi\u00e3o News\",\"isPartOf\":{\"@id\":\"https:\\\/\\\/regiaonews.net.br\\\/2022\\\/#website\"},\"primaryImageOfPage\":{\"@id\":\"https:\\\/\\\/regiaonews.net.br\\\/2022\\\/2026\\\/08\\\/campeao-do-cutiano-conquista-titulo-inedito-em-barretos\\\/#primaryimage\"},\"image\":{\"@id\":\"https:\\\/\\\/regiaonews.net.br\\\/2022\\\/2026\\\/08\\\/campeao-do-cutiano-conquista-titulo-inedito-em-barretos\\\/#primaryimage\"},\"thumbnailUrl\":\"https:\\\/\\\/regiaonews.net.br\\\/2022\\\/wp-content\\\/uploads\\\/2026\\\/08\\\/WhatsApp-Image-2026-08-30-at-22.14.04.jpeg\",\"datePublished\":\"2026-08-31T01:50:43+00:00\",\"dateModified\":\"2026-08-31T01:50:54+00:00\",\"breadcrumb\":{\"@id\":\"https:\\\/\\\/regiaonews.net.br\\\/2022\\\/2026\\\/08\\\/campeao-do-cutiano-conquista-titulo-inedito-em-barretos\\\/#breadcrumb\"},\"inLanguage\":\"pt-BR\",\"potentialAction\":[{\"@type\":\"ReadAction\",\"target\":[\"https:\\\/\\\/regiaonews.net.br\\\/2022\\\/2026\\\/08\\\/campeao-do-cutiano-conquista-titulo-inedito-em-barretos\\\/\"]}]},{\"@type\":\"ImageObject\",\"inLanguage\":\"pt-BR\",\"@id\":\"https:\\\/\\\/regiaonews.net.br\\\/2022\\\/2026\\\/08\\\/campeao-do-cutiano-conquista-titulo-inedito-em-barretos\\\/#primaryimage\",\"url\":\"https:\\\/\\\/regiaonews.net.br\\\/2022\\\/wp-content\\\/uploads\\\/2026\\\/08\\\/WhatsApp-Image-2026-08-30-at-22.14.04.jpeg\",\"contentUrl\":\"https:\\\/\\\/regiaonews.net.br\\\/2022\\\/wp-content\\\/uploads\\\/2026\\\/08\\\/WhatsApp-Image-2026-08-30-at-22.14.04.jpeg\",\"width\":1280,\"height\":889},{\"@type\":\"BreadcrumbList\",\"@id\":\"https:\\\/\\\/regiaonews.net.br\\\/2022\\\/2026\\\/08\\\/campeao-do-cutiano-conquista-titulo-inedito-em-barretos\\\/#breadcrumb\",\"itemListElement\":[{\"@type\":\"ListItem\",\"position\":1,\"name\":\"In\u00edcio\",\"item\":\"https:\\\/\\\/regiaonews.net.br\\\/2022\\\/\"},{\"@type\":\"ListItem\",\"position\":2,\"name\":\"Campe\u00e3o do Cutiano conquista t\u00edtulo in\u00e9dito em Barretos\"}]},{\"@type\":\"WebSite\",\"@id\":\"https:\\\/\\\/regiaonews.net.br\\\/2022\\\/#website\",\"url\":\"https:\\\/\\\/regiaonews.net.br\\\/2022\\\/\",\"name\":\"Regi\u00e3o News\",\"description\":\"Site de Not\u00edcias de Barretos e regi\u00e3o\",\"publisher\":{\"@id\":\"https:\\\/\\\/regiaonews.net.br\\\/2022\\\/#organization\"},\"potentialAction\":[{\"@type\":\"SearchAction\",\"target\":{\"@type\":\"EntryPoint\",\"urlTemplate\":\"https:\\\/\\\/regiaonews.net.br\\\/2022\\\/?s={search_term_string}\"},\"query-input\":{\"@type\":\"PropertyValueSpecification\",\"valueRequired\":true,\"valueName\":\"search_term_string\"}}],\"inLanguage\":\"pt-BR\"},{\"@type\":\"Organization\",\"@id\":\"https:\\\/\\\/regiaonews.net.br\\\/2022\\\/#organization\",\"name\":\"Regi\u00e3o News\",\"url\":\"https:\\\/\\\/regiaonews.net.br\\\/2022\\\/\",\"logo\":{\"@type\":\"ImageObject\",\"inLanguage\":\"pt-BR\",\"@id\":\"https:\\\/\\\/regiaonews.net.br\\\/2022\\\/#\\\/schema\\\/logo\\\/image\\\/\",\"url\":\"https:\\\/\\\/regiaonews.net.br\\\/2022\\\/wp-content\\\/uploads\\\/2026\\\/08\\\/LOGO-NEW-REG-TR.png\",\"contentUrl\":\"https:\\\/\\\/regiaonews.net.br\\\/2022\\\/wp-content\\\/uploads\\\/2026\\\/08\\\/LOGO-NEW-REG-TR.png\",\"width\":360,\"height\":130,\"caption\":\"Regi\u00e3o News\"},\"image\":{\"@id\":\"https:\\\/\\\/regiaonews.net.br\\\/2022\\\/#\\\/schema\\\/logo\\\/image\\\/\"}},{\"@type\":\"Person\",\"@id\":\"https:\\\/\\\/regiaonews.net.br\\\/2022\\\/#\\\/schema\\\/person\\\/2d205a608a5aa97ac279d7a5e6d89ad8\",\"name\":\"Roberto\",\"image\":{\"@type\":\"ImageObject\",\"inLanguage\":\"pt-BR\",\"@id\":\"https:\\\/\\\/secure.gravatar.com\\\/avatar\\\/42749d8b712ff9d59ca93dc150494e5b55a44134482993f5baeb97e61b7ecc89?s=96&d=mm&r=g\",\"url\":\"https:\\\/\\\/secure.gravatar.com\\\/avatar\\\/42749d8b712ff9d59ca93dc150494e5b55a44134482993f5baeb97e61b7ecc89?s=96&d=mm&r=g\",\"contentUrl\":\"https:\\\/\\\/secure.gravatar.com\\\/avatar\\\/42749d8b712ff9d59ca93dc150494e5b55a44134482993f5baeb97e61b7ecc89?s=96&d=mm&r=g\",\"caption\":\"Roberto\"},\"url\":\"https:\\\/\\\/regiaonews.net.br\\\/2022\\\/author\\\/roberto\\\/\"}]}<\/script>\n<!-- \/ Yoast SEO plugin. -->","yoast_head_json":{"title":"Campe\u00e3o do Cutiano conquista t\u00edtulo in\u00e9dito em Barretos - Regi\u00e3o News","robots":{"index":"index","follow":"follow","max-snippet":"max-snippet:-1","max-image-preview":"max-image-preview:large","max-video-preview":"max-video-preview:-1"},"canonical":"https:\/\/regiaonews.net.br\/2022\/2026\/08\/campeao-do-cutiano-conquista-titulo-inedito-em-barretos\/","og_locale":"pt_BR","og_type":"article","og_title":"Campe\u00e3o do Cutiano conquista t\u00edtulo in\u00e9dito em Barretos - Regi\u00e3o News","og_description":"O paulista J\u00falio C\u00e9sar de Oliveira, de 24 anos, de Santa F\u00e9 do Sul (SP), \u00e9 o novo campe\u00e3o do 33\u00ba Barretos International Rodeo, no...","og_url":"https:\/\/regiaonews.net.br\/2022\/2026\/08\/campeao-do-cutiano-conquista-titulo-inedito-em-barretos\/","og_site_name":"Regi\u00e3o News","article_published_time":"2026-08-31T01:50:43+00:00","article_modified_time":"2026-08-31T01:50:54+00:00","og_image":[{"width":1280,"height":889,"url":"https:\/\/regiaonews.net.br\/2022\/wp-content\/uploads\/2026\/08\/WhatsApp-Image-2026-08-30-at-22.14.04.jpeg","type":"image\/jpeg"}],"author":"Roberto","twitter_card":"summary_large_image","twitter_misc":{"Escrito por":"Roberto","Est. tempo de leitura":"2 minutos"},"schema":{"@context":"https:\/\/schema.org","@graph":[{"@type":"Article","@id":"https:\/\/regiaonews.net.br\/2022\/2026\/08\/campeao-do-cutiano-conquista-titulo-inedito-em-barretos\/#article","isPartOf":{"@id":"https:\/\/regiaonews.net.br\/2022\/2026\/08\/campeao-do-cutiano-conquista-titulo-inedito-em-barretos\/"},"author":{"name":"Roberto","@id":"https:\/\/regiaonews.net.br\/2022\/#\/schema\/person\/2d205a608a5aa97ac279d7a5e6d89ad8"},"headline":"Campe\u00e3o do Cutiano conquista t\u00edtulo in\u00e9dito em Barretos","datePublished":"2026-08-31T01:50:43+00:00","dateModified":"2026-08-31T01:50:54+00:00","mainEntityOfPage":{"@id":"https:\/\/regiaonews.net.br\/2022\/2026\/08\/campeao-do-cutiano-conquista-titulo-inedito-em-barretos\/"},"wordCount":231,"commentCount":0,"publisher":{"@id":"https:\/\/regiaonews.net.br\/2022\/#organization"},"image":{"@id":"https:\/\/regiaonews.net.br\/2022\/2026\/08\/campeao-do-cutiano-conquista-titulo-inedito-em-barretos\/#primaryimage"},"thumbnailUrl":"https:\/\/regiaonews.net.br\/2022\/wp-content\/uploads\/2026\/08\/WhatsApp-Image-2026-08-30-at-22.14.04.jpeg","articleSection":["Festa do Pe\u00e3o"],"inLanguage":"pt-BR","potentialAction":[{"@type":"CommentAction","name":"Comment","target":["https:\/\/regiaonews.net.br\/2022\/2026\/08\/campeao-do-cutiano-conquista-titulo-inedito-em-barretos\/#respond"]}]},{"@type":"WebPage","@id":"https:\/\/regiaonews.net.br\/2022\/2026\/08\/campeao-do-cutiano-conquista-titulo-inedito-em-barretos\/","url":"https:\/\/regiaonews.net.br\/2022\/2026\/08\/campeao-do-cutiano-conquista-titulo-inedito-em-barretos\/","name":"Campe\u00e3o do Cutiano conquista t\u00edtulo in\u00e9dito em Barretos - Regi\u00e3o News","isPartOf":{"@id":"https:\/\/regiaonews.net.br\/2022\/#website"},"primaryImageOfPage":{"@id":"https:\/\/regiaonews.net.br\/2022\/2026\/08\/campeao-do-cutiano-conquista-titulo-inedito-em-barretos\/#primaryimage"},"image":{"@id":"https:\/\/regiaonews.net.br\/2022\/2026\/08\/campeao-do-cutiano-conquista-titulo-inedito-em-barretos\/#primaryimage"},"thumbnailUrl":"https:\/\/regiaonews.net.br\/2022\/wp-content\/uploads\/2026\/08\/WhatsApp-Image-2026-08-30-at-22.14.04.jpeg","datePublished":"2026-08-31T01:50:43+00:00","dateModified":"2026-08-31T01:50:54+00:00","breadcrumb":{"@id":"https:\/\/regiaonews.net.br\/2022\/2026\/08\/campeao-do-cutiano-conquista-titulo-inedito-em-barretos\/#breadcrumb"},"inLanguage":"pt-BR","potentialAction":[{"@type":"ReadAction","target":["https:\/\/regiaonews.net.br\/2022\/2026\/08\/campeao-do-cutiano-conquista-titulo-inedito-em-barretos\/"]}]},{"@type":"ImageObject","inLanguage":"pt-BR","@id":"https:\/\/regiaonews.net.br\/2022\/2026\/08\/campeao-do-cutiano-conquista-titulo-inedito-em-barretos\/#primaryimage","url":"https:\/\/regiaonews.net.br\/2022\/wp-content\/uploads\/2026\/08\/WhatsApp-Image-2026-08-30-at-22.14.04.jpeg","contentUrl":"https:\/\/regiaonews.net.br\/2022\/wp-content\/uploads\/2026\/08\/WhatsApp-Image-2026-08-30-at-22.14.04.jpeg","width":1280,"height":889},{"@type":"BreadcrumbList","@id":"https:\/\/regiaonews.net.br\/2022\/2026\/08\/campeao-do-cutiano-conquista-titulo-inedito-em-barretos\/#breadcrumb","itemListElement":[{"@type":"ListItem","position":1,"name":"In\u00edcio","item":"https:\/\/regiaonews.net.br\/2022\/"},{"@type":"ListItem","position":2,"name":"Campe\u00e3o do Cutiano conquista t\u00edtulo in\u00e9dito em Barretos"}]},{"@type":"WebSite","@id":"https:\/\/regiaonews.net.br\/2022\/#website","url":"https:\/\/regiaonews.net.br\/2022\/","name":"Regi\u00e3o News","description":"Site de Not\u00edcias de Barretos e regi\u00e3o","publisher":{"@id":"https:\/\/regiaonews.net.br\/2022\/#organization"},"potentialAction":[{"@type":"SearchAction","target":{"@type":"EntryPoint","urlTemplate":"https:\/\/regiaonews.net.br\/2022\/?s={search_term_string}"},"query-input":{"@type":"PropertyValueSpecification","valueRequired":true,"valueName":"search_term_string"}}],"inLanguage":"pt-BR"},{"@type":"Organization","@id":"https:\/\/regiaonews.net.br\/2022\/#organization","name":"Regi\u00e3o News","url":"https:\/\/regiaonews.net.br\/2022\/","logo":{"@type":"ImageObject","inLanguage":"pt-BR","@id":"https:\/\/regiaonews.net.br\/2022\/#\/schema\/logo\/image\/","url":"https:\/\/regiaonews.net.br\/2022\/wp-content\/uploads\/2026\/08\/LOGO-NEW-REG-TR.png","contentUrl":"https:\/\/regiaonews.net.br\/2022\/wp-content\/uploads\/2026\/08\/LOGO-NEW-REG-TR.png","width":360,"height":130,"caption":"Regi\u00e3o News"},"image":{"@id":"https:\/\/regiaonews.net.br\/2022\/#\/schema\/logo\/image\/"}},{"@type":"Person","@id":"https:\/\/regiaonews.net.br\/2022\/#\/schema\/person\/2d205a608a5aa97ac279d7a5e6d89ad8","name":"Roberto","image":{"@type":"ImageObject","inLanguage":"pt-BR","@id":"https:\/\/secure.gravatar.com\/avatar\/42749d8b712ff9d59ca93dc150494e5b55a44134482993f5baeb97e61b7ecc89?s=96&d=mm&r=g","url":"https:\/\/secure.gravatar.com\/avatar\/42749d8b712ff9d59ca93dc150494e5b55a44134482993f5baeb97e61b7ecc89?s=96&d=mm&r=g","contentUrl":"https:\/\/secure.gravatar.com\/avatar\/42749d8b712ff9d59ca93dc150494e5b55a44134482993f5baeb97e61b7ecc89?s=96&d=mm&r=g","caption":"Roberto"},"url":"https:\/\/regiaonews.net.br\/2022\/author\/roberto\/"}]}},"publishpress_future_action":{"enabled":false,"date":"2026-09-07 02:53:09","action":"change-status","newStatus":"draft","terms":[],"taxonomy":"category","extraData":[]},"publishpress_future_workflow_manual_trigger":{"enabledWorkflows":[]},"_links":{"self":[{"href":"https:\/\/regiaonews.net.br\/2022\/wp-json\/wp\/v2\/posts\/132340","targetHints":{"allow":["GET"]}}],"collection":[{"href":"https:\/\/regiaonews.net.br\/2022\/wp-json\/wp\/v2\/posts"}],"about":[{"href":"https:\/\/regiaonews.net.br\/2022\/wp-json\/wp\/v2\/types\/post"}],"author":[{"embeddable":true,"href":"https:\/\/regiaonews.net.br\/2022\/wp-json\/wp\/v2\/users\/2"}],"replies":[{"embeddable":true,"href":"https:\/\/regiaonews.net.br\/2022\/wp-json\/wp\/v2\/comments?post=132340"}],"version-history":[{"count":1,"href":"https:\/\/regiaonews.net.br\/2022\/wp-json\/wp\/v2\/posts\/132340\/revisions"}],"predecessor-version":[{"id":132342,"href":"https:\/\/regiaonews.net.br\/2022\/wp-json\/wp\/v2\/posts\/132340\/revisions\/132342"}],"wp:featuredmedia":[{"embeddable":true,"href":"https:\/\/regiaonews.net.br\/2022\/wp-json\/wp\/v2\/media\/132341"}],"wp:attachment":[{"href":"https:\/\/regiaonews.net.br\/2022\/wp-json\/wp\/v2\/media?parent=132340"}],"wp:term":[{"taxonomy":"category","embeddable":true,"href":"https:\/\/regiaonews.net.br\/2022\/wp-json\/wp\/v2\/categories?post=132340"},{"taxonomy":"post_tag","embeddable":true,"href":"https:\/\/regiaonews.net.br\/2022\/wp-json\/wp\/v2\/tags?post=132340"}],"curies":[{"name":"wp","href":"https:\/\/api.w.org\/{rel}","templated":true}]}}