{"id":132338,"date":"2026-08-30T22:41:53","date_gmt":"2026-08-31T01:41:53","guid":{"rendered":"https:\/\/regiaonews.net.br\/2022\/?p=132338"},"modified":"2026-08-30T22:41:53","modified_gmt":"2026-08-31T01:41:53","slug":"programa-de-renegociacao-de-dividas-termina-nesta-segunda-feira","status":"publish","type":"post","link":"https:\/\/regiaonews.net.br\/2022\/2026\/08\/programa-de-renegociacao-de-dividas-termina-nesta-segunda-feira\/","title":{"rendered":"Programa de renegocia\u00e7\u00e3o de d\u00edvidas termina nesta segunda-feira"},"content":{"rendered":"<p><strong><a href=\"https:\/\/agenciabrasil.ebc.com.br\/economia\/noticia\/2026-08\/programa-de-renegociacao-de-dividas-e-prorrogado-ate-31-de-agosto\">Prorrogado no in\u00edcio de agosto<\/a>, o Novo Desenrola Brasil, programa do governo federal voltado \u00e0 renegocia\u00e7\u00e3o de d\u00edvidas banc\u00e1rias, termina na pr\u00f3xima segunda-feira (31).\u00a0<\/strong><img decoding=\"async\" src=\"https:\/\/agenciabrasil.ebc.com.br\/ebc.png?id=1700838&amp;o=node\" \/><img decoding=\"async\" src=\"https:\/\/agenciabrasil.ebc.com.br\/ebc.gif?id=1700838&amp;o=node\" \/><\/p>\n<p><strong>A iniciativa permite que pessoas f\u00edsicas com d\u00e9bitos em atraso tenham acesso a descontos e condi\u00e7\u00f5es de pagamento diferenciadas para regularizar a situa\u00e7\u00e3o financeira.<\/strong><\/p>\n<p>O programa atende consumidores com renda mensal de at\u00e9 cinco sal\u00e1rios m\u00ednimos, atualmente equivalente a R$ 8.105, e tenham d\u00edvidas contratadas at\u00e9 31 de janeiro de 2026, com atraso entre 91 dias e dois anos.<\/p>\n<p><strong>O prazo, que terminaria em 2 de agosto, foi prorrogado at\u00e9 o fim deste m\u00eas. N\u00e3o h\u00e1 previs\u00e3o de uma nova extens\u00e3o.<\/strong><\/p>\n<p>A modalidade voltada \u00e0s fam\u00edlias renegociou, at\u00e9 o in\u00edcio da \u00faltima semana de agosto, cerca de 5,03 milh\u00f5es de d\u00edvidas. Os d\u00e9bitos somavam originalmente R$ 26,33 bilh\u00f5es e, ap\u00f3s os acordos, foram reduzidos para aproximadamente R$ 5,27 bilh\u00f5es.<\/p>\n<h2>Quem pode participar<\/h2>\n<p><strong>A modalidade Desenrola Fam\u00edlias \u00e9 destinada a pessoas f\u00edsicas com renda mensal de at\u00e9 cinco sal\u00e1rios m\u00ednimos.\u00a0<\/strong>Al\u00e9m do crit\u00e9rio de renda, a d\u00edvida precisa atender \u00e0s regras do programa.<\/p>\n<p>Podem ser inclu\u00eddos d\u00e9bitos:<\/p>\n<ul>\n<li>Contratados at\u00e9 31 de janeiro de 2026;<\/li>\n<li>Com atraso entre 91 dias e dois anos;<\/li>\n<li>Registrados em institui\u00e7\u00e3o financeira participante.<\/li>\n<\/ul>\n<p>A pr\u00f3pria institui\u00e7\u00e3o financeira verifica se o consumidor e a d\u00edvida atendem aos crit\u00e9rios, utilizando informa\u00e7\u00f5es dispon\u00edveis em seus sistemas e no Sistema de Informa\u00e7\u00f5es de Cr\u00e9dito (SCR) do Banco Central.<\/p>\n<h2>Quais d\u00edvidas entram<\/h2>\n<p>O programa contempla modalidades de cr\u00e9dito que costumam apresentar taxas de juros elevadas. Entre as opera\u00e7\u00f5es que podem ser renegociadas est\u00e3o:<\/p>\n<ul>\n<li>Cart\u00e3o de cr\u00e9dito rotativo ou parcelado;<\/li>\n<li>Cheque especial;<\/li>\n<li>Cr\u00e9dito pessoal sem consigna\u00e7\u00e3o em folha;<\/li>\n<li>Empr\u00e9stimos pessoais utilizados para consolidar outras d\u00edvidas.<\/li>\n<\/ul>\n<p>A inclus\u00e3o do d\u00e9bito, por\u00e9m, depende da an\u00e1lise e da participa\u00e7\u00e3o da institui\u00e7\u00e3o financeira respons\u00e1vel pela opera\u00e7\u00e3o.<\/p>\n<h2>Desconto<\/h2>\n<p><strong>O percentual de desconto varia conforme o tipo de cr\u00e9dito e o per\u00edodo de atraso.<\/strong>\u00a0Para d\u00edvidas do rotativo do cart\u00e3o de cr\u00e9dito e do cheque especial, os abatimentos podem chegar a 90%.<\/p>\n<table border=\"1\" cellspacing=\"1\" cellpadding=\"1\">\n<tbody>\n<tr>\n<td>Tempo de atraso<\/td>\n<td>Cart\u00e3o rotativo e cheque especial (desconto)<\/td>\n<td>Cr\u00e9dito direto ao consumidor e parcelamento do cart\u00e3o (desconto)<\/td>\n<\/tr>\n<tr>\n<td>91 a 120 dias<\/td>\n<td>40%<\/td>\n<td>30%<\/td>\n<\/tr>\n<tr>\n<td>121 a 150 dias<\/td>\n<td>45%<\/td>\n<td>35%<\/td>\n<\/tr>\n<tr>\n<td>151 a 180 dias<\/td>\n<td>50%<\/td>\n<td>40%<\/td>\n<\/tr>\n<tr>\n<td>181 a 240 dias<\/td>\n<td>55%<\/td>\n<td>45%<\/td>\n<\/tr>\n<tr>\n<td>241 a 300 dias<\/td>\n<td>70%<\/td>\n<td>60%<\/td>\n<\/tr>\n<tr>\n<td>301 a 360 dias<\/td>\n<td>85%<\/td>\n<td>75%<\/td>\n<\/tr>\n<tr>\n<td>1 a 2 anos<\/td>\n<td>90%<\/td>\n<td>80%<\/td>\n<\/tr>\n<\/tbody>\n<\/table>\n<h5><em>Fonte: Minist\u00e9rio do Empreendedorismo, da Microempresa e da Empresa de Pequeno Porte<\/em><\/h5>\n","protected":false},"excerpt":{"rendered":"<p>Prorrogado no in\u00edcio de agosto, o Novo Desenrola Brasil, programa do governo federal voltado \u00e0 renegocia\u00e7\u00e3o de d\u00edvidas banc\u00e1rias, termina na pr\u00f3xima segunda-feira (31).\u00a0 A&#8230;<\/p>\n","protected":false},"author":2,"featured_media":87274,"comment_status":"open","ping_status":"open","sticky":false,"template":"","format":"standard","meta":{"_themeisle_gutenberg_block_has_review":false,"footnotes":""},"categories":[24],"tags":[],"class_list":["post-132338","post","type-post","status-publish","format-standard","has-post-thumbnail","hentry","category-brasil"],"yoast_head":"<!-- This site is optimized with the Yoast SEO plugin v28.3 - https:\/\/yoast.com\/product\/yoast-seo-wordpress\/ -->\n<title>Programa de renegocia\u00e7\u00e3o de d\u00edvidas termina nesta segunda-feira - Regi\u00e3o News<\/title>\n<meta name=\"robots\" content=\"index, follow, max-snippet:-1, max-image-preview:large, max-video-preview:-1\" \/>\n<link rel=\"canonical\" href=\"https:\/\/regiaonews.net.br\/2022\/2026\/08\/programa-de-renegociacao-de-dividas-termina-nesta-segunda-feira\/\" \/>\n<meta property=\"og:locale\" content=\"pt_BR\" \/>\n<meta property=\"og:type\" content=\"article\" \/>\n<meta property=\"og:title\" content=\"Programa de renegocia\u00e7\u00e3o de d\u00edvidas termina nesta segunda-feira - Regi\u00e3o News\" \/>\n<meta property=\"og:description\" content=\"Prorrogado no in\u00edcio de agosto, o Novo Desenrola Brasil, programa do governo federal voltado \u00e0 renegocia\u00e7\u00e3o de d\u00edvidas banc\u00e1rias, termina na pr\u00f3xima segunda-feira (31).\u00a0 A...\" \/>\n<meta property=\"og:url\" content=\"https:\/\/regiaonews.net.br\/2022\/2026\/08\/programa-de-renegociacao-de-dividas-termina-nesta-segunda-feira\/\" \/>\n<meta property=\"og:site_name\" content=\"Regi\u00e3o News\" \/>\n<meta property=\"article:published_time\" content=\"2026-08-31T01:41:53+00:00\" \/>\n<meta property=\"og:image\" content=\"https:\/\/regiaonews.net.br\/2022\/wp-content\/uploads\/2023\/04\/real_moeda_dinheiro_mcajr_2904223667.jpg\" \/>\n\t<meta property=\"og:image:width\" content=\"1170\" \/>\n\t<meta property=\"og:image:height\" content=\"700\" \/>\n\t<meta property=\"og:image:type\" content=\"image\/jpeg\" \/>\n<meta name=\"author\" content=\"Roberto\" \/>\n<meta name=\"twitter:card\" content=\"summary_large_image\" \/>\n<meta name=\"twitter:label1\" content=\"Escrito por\" \/>\n\t<meta name=\"twitter:data1\" content=\"Roberto\" \/>\n\t<meta name=\"twitter:label2\" content=\"Est. tempo de leitura\" \/>\n\t<meta name=\"twitter:data2\" content=\"3 minutos\" \/>\n<script type=\"application\/ld+json\" class=\"yoast-schema-graph\">{\"@context\":\"https:\\\/\\\/schema.org\",\"@graph\":[{\"@type\":\"Article\",\"@id\":\"https:\\\/\\\/regiaonews.net.br\\\/2022\\\/2026\\\/08\\\/programa-de-renegociacao-de-dividas-termina-nesta-segunda-feira\\\/#article\",\"isPartOf\":{\"@id\":\"https:\\\/\\\/regiaonews.net.br\\\/2022\\\/2026\\\/08\\\/programa-de-renegociacao-de-dividas-termina-nesta-segunda-feira\\\/\"},\"author\":{\"name\":\"Roberto\",\"@id\":\"https:\\\/\\\/regiaonews.net.br\\\/2022\\\/#\\\/schema\\\/person\\\/2d205a608a5aa97ac279d7a5e6d89ad8\"},\"headline\":\"Programa de renegocia\u00e7\u00e3o de d\u00edvidas termina nesta segunda-feira\",\"datePublished\":\"2026-08-31T01:41:53+00:00\",\"mainEntityOfPage\":{\"@id\":\"https:\\\/\\\/regiaonews.net.br\\\/2022\\\/2026\\\/08\\\/programa-de-renegociacao-de-dividas-termina-nesta-segunda-feira\\\/\"},\"wordCount\":435,\"commentCount\":0,\"publisher\":{\"@id\":\"https:\\\/\\\/regiaonews.net.br\\\/2022\\\/#organization\"},\"image\":{\"@id\":\"https:\\\/\\\/regiaonews.net.br\\\/2022\\\/2026\\\/08\\\/programa-de-renegociacao-de-dividas-termina-nesta-segunda-feira\\\/#primaryimage\"},\"thumbnailUrl\":\"https:\\\/\\\/regiaonews.net.br\\\/2022\\\/wp-content\\\/uploads\\\/2023\\\/04\\\/real_moeda_dinheiro_mcajr_2904223667.jpg\",\"articleSection\":[\"Brasil\"],\"inLanguage\":\"pt-BR\",\"potentialAction\":[{\"@type\":\"CommentAction\",\"name\":\"Comment\",\"target\":[\"https:\\\/\\\/regiaonews.net.br\\\/2022\\\/2026\\\/08\\\/programa-de-renegociacao-de-dividas-termina-nesta-segunda-feira\\\/#respond\"]}]},{\"@type\":\"WebPage\",\"@id\":\"https:\\\/\\\/regiaonews.net.br\\\/2022\\\/2026\\\/08\\\/programa-de-renegociacao-de-dividas-termina-nesta-segunda-feira\\\/\",\"url\":\"https:\\\/\\\/regiaonews.net.br\\\/2022\\\/2026\\\/08\\\/programa-de-renegociacao-de-dividas-termina-nesta-segunda-feira\\\/\",\"name\":\"Programa de renegocia\u00e7\u00e3o de d\u00edvidas termina nesta segunda-feira - Regi\u00e3o News\",\"isPartOf\":{\"@id\":\"https:\\\/\\\/regiaonews.net.br\\\/2022\\\/#website\"},\"primaryImageOfPage\":{\"@id\":\"https:\\\/\\\/regiaonews.net.br\\\/2022\\\/2026\\\/08\\\/programa-de-renegociacao-de-dividas-termina-nesta-segunda-feira\\\/#primaryimage\"},\"image\":{\"@id\":\"https:\\\/\\\/regiaonews.net.br\\\/2022\\\/2026\\\/08\\\/programa-de-renegociacao-de-dividas-termina-nesta-segunda-feira\\\/#primaryimage\"},\"thumbnailUrl\":\"https:\\\/\\\/regiaonews.net.br\\\/2022\\\/wp-content\\\/uploads\\\/2023\\\/04\\\/real_moeda_dinheiro_mcajr_2904223667.jpg\",\"datePublished\":\"2026-08-31T01:41:53+00:00\",\"breadcrumb\":{\"@id\":\"https:\\\/\\\/regiaonews.net.br\\\/2022\\\/2026\\\/08\\\/programa-de-renegociacao-de-dividas-termina-nesta-segunda-feira\\\/#breadcrumb\"},\"inLanguage\":\"pt-BR\",\"potentialAction\":[{\"@type\":\"ReadAction\",\"target\":[\"https:\\\/\\\/regiaonews.net.br\\\/2022\\\/2026\\\/08\\\/programa-de-renegociacao-de-dividas-termina-nesta-segunda-feira\\\/\"]}]},{\"@type\":\"ImageObject\",\"inLanguage\":\"pt-BR\",\"@id\":\"https:\\\/\\\/regiaonews.net.br\\\/2022\\\/2026\\\/08\\\/programa-de-renegociacao-de-dividas-termina-nesta-segunda-feira\\\/#primaryimage\",\"url\":\"https:\\\/\\\/regiaonews.net.br\\\/2022\\\/wp-content\\\/uploads\\\/2023\\\/04\\\/real_moeda_dinheiro_mcajr_2904223667.jpg\",\"contentUrl\":\"https:\\\/\\\/regiaonews.net.br\\\/2022\\\/wp-content\\\/uploads\\\/2023\\\/04\\\/real_moeda_dinheiro_mcajr_2904223667.jpg\",\"width\":1170,\"height\":700,\"caption\":\"Real Moeda brasileira\"},{\"@type\":\"BreadcrumbList\",\"@id\":\"https:\\\/\\\/regiaonews.net.br\\\/2022\\\/2026\\\/08\\\/programa-de-renegociacao-de-dividas-termina-nesta-segunda-feira\\\/#breadcrumb\",\"itemListElement\":[{\"@type\":\"ListItem\",\"position\":1,\"name\":\"In\u00edcio\",\"item\":\"https:\\\/\\\/regiaonews.net.br\\\/2022\\\/\"},{\"@type\":\"ListItem\",\"position\":2,\"name\":\"Programa de renegocia\u00e7\u00e3o de d\u00edvidas termina nesta segunda-feira\"}]},{\"@type\":\"WebSite\",\"@id\":\"https:\\\/\\\/regiaonews.net.br\\\/2022\\\/#website\",\"url\":\"https:\\\/\\\/regiaonews.net.br\\\/2022\\\/\",\"name\":\"Regi\u00e3o News\",\"description\":\"Site de Not\u00edcias de Barretos e regi\u00e3o\",\"publisher\":{\"@id\":\"https:\\\/\\\/regiaonews.net.br\\\/2022\\\/#organization\"},\"potentialAction\":[{\"@type\":\"SearchAction\",\"target\":{\"@type\":\"EntryPoint\",\"urlTemplate\":\"https:\\\/\\\/regiaonews.net.br\\\/2022\\\/?s={search_term_string}\"},\"query-input\":{\"@type\":\"PropertyValueSpecification\",\"valueRequired\":true,\"valueName\":\"search_term_string\"}}],\"inLanguage\":\"pt-BR\"},{\"@type\":\"Organization\",\"@id\":\"https:\\\/\\\/regiaonews.net.br\\\/2022\\\/#organization\",\"name\":\"Regi\u00e3o News\",\"url\":\"https:\\\/\\\/regiaonews.net.br\\\/2022\\\/\",\"logo\":{\"@type\":\"ImageObject\",\"inLanguage\":\"pt-BR\",\"@id\":\"https:\\\/\\\/regiaonews.net.br\\\/2022\\\/#\\\/schema\\\/logo\\\/image\\\/\",\"url\":\"https:\\\/\\\/regiaonews.net.br\\\/2022\\\/wp-content\\\/uploads\\\/2026\\\/08\\\/LOGO-NEW-REG-TR.png\",\"contentUrl\":\"https:\\\/\\\/regiaonews.net.br\\\/2022\\\/wp-content\\\/uploads\\\/2026\\\/08\\\/LOGO-NEW-REG-TR.png\",\"width\":360,\"height\":130,\"caption\":\"Regi\u00e3o News\"},\"image\":{\"@id\":\"https:\\\/\\\/regiaonews.net.br\\\/2022\\\/#\\\/schema\\\/logo\\\/image\\\/\"}},{\"@type\":\"Person\",\"@id\":\"https:\\\/\\\/regiaonews.net.br\\\/2022\\\/#\\\/schema\\\/person\\\/2d205a608a5aa97ac279d7a5e6d89ad8\",\"name\":\"Roberto\",\"image\":{\"@type\":\"ImageObject\",\"inLanguage\":\"pt-BR\",\"@id\":\"https:\\\/\\\/secure.gravatar.com\\\/avatar\\\/42749d8b712ff9d59ca93dc150494e5b55a44134482993f5baeb97e61b7ecc89?s=96&d=mm&r=g\",\"url\":\"https:\\\/\\\/secure.gravatar.com\\\/avatar\\\/42749d8b712ff9d59ca93dc150494e5b55a44134482993f5baeb97e61b7ecc89?s=96&d=mm&r=g\",\"contentUrl\":\"https:\\\/\\\/secure.gravatar.com\\\/avatar\\\/42749d8b712ff9d59ca93dc150494e5b55a44134482993f5baeb97e61b7ecc89?s=96&d=mm&r=g\",\"caption\":\"Roberto\"},\"url\":\"https:\\\/\\\/regiaonews.net.br\\\/2022\\\/author\\\/roberto\\\/\"}]}<\/script>\n<!-- \/ Yoast SEO plugin. -->","yoast_head_json":{"title":"Programa de renegocia\u00e7\u00e3o de d\u00edvidas termina nesta segunda-feira - Regi\u00e3o News","robots":{"index":"index","follow":"follow","max-snippet":"max-snippet:-1","max-image-preview":"max-image-preview:large","max-video-preview":"max-video-preview:-1"},"canonical":"https:\/\/regiaonews.net.br\/2022\/2026\/08\/programa-de-renegociacao-de-dividas-termina-nesta-segunda-feira\/","og_locale":"pt_BR","og_type":"article","og_title":"Programa de renegocia\u00e7\u00e3o de d\u00edvidas termina nesta segunda-feira - Regi\u00e3o News","og_description":"Prorrogado no in\u00edcio de agosto, o Novo Desenrola Brasil, programa do governo federal voltado \u00e0 renegocia\u00e7\u00e3o de d\u00edvidas banc\u00e1rias, termina na pr\u00f3xima segunda-feira (31).\u00a0 A...","og_url":"https:\/\/regiaonews.net.br\/2022\/2026\/08\/programa-de-renegociacao-de-dividas-termina-nesta-segunda-feira\/","og_site_name":"Regi\u00e3o News","article_published_time":"2026-08-31T01:41:53+00:00","og_image":[{"width":1170,"height":700,"url":"https:\/\/regiaonews.net.br\/2022\/wp-content\/uploads\/2023\/04\/real_moeda_dinheiro_mcajr_2904223667.jpg","type":"image\/jpeg"}],"author":"Roberto","twitter_card":"summary_large_image","twitter_misc":{"Escrito por":"Roberto","Est. tempo de leitura":"3 minutos"},"schema":{"@context":"https:\/\/schema.org","@graph":[{"@type":"Article","@id":"https:\/\/regiaonews.net.br\/2022\/2026\/08\/programa-de-renegociacao-de-dividas-termina-nesta-segunda-feira\/#article","isPartOf":{"@id":"https:\/\/regiaonews.net.br\/2022\/2026\/08\/programa-de-renegociacao-de-dividas-termina-nesta-segunda-feira\/"},"author":{"name":"Roberto","@id":"https:\/\/regiaonews.net.br\/2022\/#\/schema\/person\/2d205a608a5aa97ac279d7a5e6d89ad8"},"headline":"Programa de renegocia\u00e7\u00e3o de d\u00edvidas termina nesta segunda-feira","datePublished":"2026-08-31T01:41:53+00:00","mainEntityOfPage":{"@id":"https:\/\/regiaonews.net.br\/2022\/2026\/08\/programa-de-renegociacao-de-dividas-termina-nesta-segunda-feira\/"},"wordCount":435,"commentCount":0,"publisher":{"@id":"https:\/\/regiaonews.net.br\/2022\/#organization"},"image":{"@id":"https:\/\/regiaonews.net.br\/2022\/2026\/08\/programa-de-renegociacao-de-dividas-termina-nesta-segunda-feira\/#primaryimage"},"thumbnailUrl":"https:\/\/regiaonews.net.br\/2022\/wp-content\/uploads\/2023\/04\/real_moeda_dinheiro_mcajr_2904223667.jpg","articleSection":["Brasil"],"inLanguage":"pt-BR","potentialAction":[{"@type":"CommentAction","name":"Comment","target":["https:\/\/regiaonews.net.br\/2022\/2026\/08\/programa-de-renegociacao-de-dividas-termina-nesta-segunda-feira\/#respond"]}]},{"@type":"WebPage","@id":"https:\/\/regiaonews.net.br\/2022\/2026\/08\/programa-de-renegociacao-de-dividas-termina-nesta-segunda-feira\/","url":"https:\/\/regiaonews.net.br\/2022\/2026\/08\/programa-de-renegociacao-de-dividas-termina-nesta-segunda-feira\/","name":"Programa de renegocia\u00e7\u00e3o de d\u00edvidas termina nesta segunda-feira - Regi\u00e3o News","isPartOf":{"@id":"https:\/\/regiaonews.net.br\/2022\/#website"},"primaryImageOfPage":{"@id":"https:\/\/regiaonews.net.br\/2022\/2026\/08\/programa-de-renegociacao-de-dividas-termina-nesta-segunda-feira\/#primaryimage"},"image":{"@id":"https:\/\/regiaonews.net.br\/2022\/2026\/08\/programa-de-renegociacao-de-dividas-termina-nesta-segunda-feira\/#primaryimage"},"thumbnailUrl":"https:\/\/regiaonews.net.br\/2022\/wp-content\/uploads\/2023\/04\/real_moeda_dinheiro_mcajr_2904223667.jpg","datePublished":"2026-08-31T01:41:53+00:00","breadcrumb":{"@id":"https:\/\/regiaonews.net.br\/2022\/2026\/08\/programa-de-renegociacao-de-dividas-termina-nesta-segunda-feira\/#breadcrumb"},"inLanguage":"pt-BR","potentialAction":[{"@type":"ReadAction","target":["https:\/\/regiaonews.net.br\/2022\/2026\/08\/programa-de-renegociacao-de-dividas-termina-nesta-segunda-feira\/"]}]},{"@type":"ImageObject","inLanguage":"pt-BR","@id":"https:\/\/regiaonews.net.br\/2022\/2026\/08\/programa-de-renegociacao-de-dividas-termina-nesta-segunda-feira\/#primaryimage","url":"https:\/\/regiaonews.net.br\/2022\/wp-content\/uploads\/2023\/04\/real_moeda_dinheiro_mcajr_2904223667.jpg","contentUrl":"https:\/\/regiaonews.net.br\/2022\/wp-content\/uploads\/2023\/04\/real_moeda_dinheiro_mcajr_2904223667.jpg","width":1170,"height":700,"caption":"Real Moeda brasileira"},{"@type":"BreadcrumbList","@id":"https:\/\/regiaonews.net.br\/2022\/2026\/08\/programa-de-renegociacao-de-dividas-termina-nesta-segunda-feira\/#breadcrumb","itemListElement":[{"@type":"ListItem","position":1,"name":"In\u00edcio","item":"https:\/\/regiaonews.net.br\/2022\/"},{"@type":"ListItem","position":2,"name":"Programa de renegocia\u00e7\u00e3o de d\u00edvidas termina nesta segunda-feira"}]},{"@type":"WebSite","@id":"https:\/\/regiaonews.net.br\/2022\/#website","url":"https:\/\/regiaonews.net.br\/2022\/","name":"Regi\u00e3o News","description":"Site de Not\u00edcias de Barretos e regi\u00e3o","publisher":{"@id":"https:\/\/regiaonews.net.br\/2022\/#organization"},"potentialAction":[{"@type":"SearchAction","target":{"@type":"EntryPoint","urlTemplate":"https:\/\/regiaonews.net.br\/2022\/?s={search_term_string}"},"query-input":{"@type":"PropertyValueSpecification","valueRequired":true,"valueName":"search_term_string"}}],"inLanguage":"pt-BR"},{"@type":"Organization","@id":"https:\/\/regiaonews.net.br\/2022\/#organization","name":"Regi\u00e3o News","url":"https:\/\/regiaonews.net.br\/2022\/","logo":{"@type":"ImageObject","inLanguage":"pt-BR","@id":"https:\/\/regiaonews.net.br\/2022\/#\/schema\/logo\/image\/","url":"https:\/\/regiaonews.net.br\/2022\/wp-content\/uploads\/2026\/08\/LOGO-NEW-REG-TR.png","contentUrl":"https:\/\/regiaonews.net.br\/2022\/wp-content\/uploads\/2026\/08\/LOGO-NEW-REG-TR.png","width":360,"height":130,"caption":"Regi\u00e3o News"},"image":{"@id":"https:\/\/regiaonews.net.br\/2022\/#\/schema\/logo\/image\/"}},{"@type":"Person","@id":"https:\/\/regiaonews.net.br\/2022\/#\/schema\/person\/2d205a608a5aa97ac279d7a5e6d89ad8","name":"Roberto","image":{"@type":"ImageObject","inLanguage":"pt-BR","@id":"https:\/\/secure.gravatar.com\/avatar\/42749d8b712ff9d59ca93dc150494e5b55a44134482993f5baeb97e61b7ecc89?s=96&d=mm&r=g","url":"https:\/\/secure.gravatar.com\/avatar\/42749d8b712ff9d59ca93dc150494e5b55a44134482993f5baeb97e61b7ecc89?s=96&d=mm&r=g","contentUrl":"https:\/\/secure.gravatar.com\/avatar\/42749d8b712ff9d59ca93dc150494e5b55a44134482993f5baeb97e61b7ecc89?s=96&d=mm&r=g","caption":"Roberto"},"url":"https:\/\/regiaonews.net.br\/2022\/author\/roberto\/"}]}},"publishpress_future_action":{"enabled":false,"date":"2026-09-07 02:53:31","action":"change-status","newStatus":"draft","terms":[],"taxonomy":"category","extraData":[]},"publishpress_future_workflow_manual_trigger":{"enabledWorkflows":[]},"_links":{"self":[{"href":"https:\/\/regiaonews.net.br\/2022\/wp-json\/wp\/v2\/posts\/132338","targetHints":{"allow":["GET"]}}],"collection":[{"href":"https:\/\/regiaonews.net.br\/2022\/wp-json\/wp\/v2\/posts"}],"about":[{"href":"https:\/\/regiaonews.net.br\/2022\/wp-json\/wp\/v2\/types\/post"}],"author":[{"embeddable":true,"href":"https:\/\/regiaonews.net.br\/2022\/wp-json\/wp\/v2\/users\/2"}],"replies":[{"embeddable":true,"href":"https:\/\/regiaonews.net.br\/2022\/wp-json\/wp\/v2\/comments?post=132338"}],"version-history":[{"count":1,"href":"https:\/\/regiaonews.net.br\/2022\/wp-json\/wp\/v2\/posts\/132338\/revisions"}],"predecessor-version":[{"id":132339,"href":"https:\/\/regiaonews.net.br\/2022\/wp-json\/wp\/v2\/posts\/132338\/revisions\/132339"}],"wp:featuredmedia":[{"embeddable":true,"href":"https:\/\/regiaonews.net.br\/2022\/wp-json\/wp\/v2\/media\/87274"}],"wp:attachment":[{"href":"https:\/\/regiaonews.net.br\/2022\/wp-json\/wp\/v2\/media?parent=132338"}],"wp:term":[{"taxonomy":"category","embeddable":true,"href":"https:\/\/regiaonews.net.br\/2022\/wp-json\/wp\/v2\/categories?post=132338"},{"taxonomy":"post_tag","embeddable":true,"href":"https:\/\/regiaonews.net.br\/2022\/wp-json\/wp\/v2\/tags?post=132338"}],"curies":[{"name":"wp","href":"https:\/\/api.w.org\/{rel}","templated":true}]}}