{"id":132334,"date":"2026-08-30T19:24:44","date_gmt":"2026-08-30T22:24:44","guid":{"rendered":"https:\/\/regiaonews.net.br\/2022\/?p=132334"},"modified":"2026-08-30T19:24:44","modified_gmt":"2026-08-30T22:24:44","slug":"9o-festival-barretos-kids-consagra-campeoes-das-categorias-infantil-e-juvenil","status":"publish","type":"post","link":"https:\/\/regiaonews.net.br\/2022\/2026\/08\/9o-festival-barretos-kids-consagra-campeoes-das-categorias-infantil-e-juvenil\/","title":{"rendered":"9\u00ba Festival Barretos Kids consagra campe\u00f5es das categorias Infantil e Juvenil"},"content":{"rendered":"<p>Nath\u00e1lia Alves, de 14 anos, de Colombo (PR), conquistou o t\u00edtulo da categoria Juvenil do 9\u00ba Festival Barretos Kids (Foto: Eduardo Trindade)<\/p>\n<p>O 9\u00ba Festival Barretos Kids definiu, neste s\u00e1bado (29), os campe\u00f5es das categorias Infantil e Juvenil no Rancho do Pe\u00e3ozinho, durante a 71\u00aa Festa do Pe\u00e3o de Barretos. A competi\u00e7\u00e3o contou com 20 apresenta\u00e7\u00f5es.<\/p>\n<p>Na categoria Infantil, o t\u00edtulo ficou com a dupla \u201cOs G\u00eameos do Sertanejo\u201d, formada por Kelvin da Silva e Yuri da Silva, de 10 anos, de Goi\u00e2nia (GO). No Juvenil, a vencedora foi Nath\u00e1lia Alves, de 14 anos, de Colombo (PR).<\/p>\n<p>Al\u00e9m das montarias em carneiros e do Rodeio J\u00fanior, o Rancho do Pe\u00e3ozinho recebeu a competi\u00e7\u00e3o musical, que abriu espa\u00e7o para crian\u00e7as e adolescentes apresentarem seus trabalhos ao p\u00fablico.<\/p>\n<p>Primeiro t\u00edtulo para os g\u00eameos<br \/>\nKelvin e Yuri conquistaram o primeiro pr\u00eamio da carreira em sua estreia em Barretos. A dupla comemorou o resultado ap\u00f3s a apresenta\u00e7\u00e3o.<\/p>\n<p>\u201c\u00c9 uma alegria imensa. \u00c9 a primeira vez que a gente est\u00e1 aqui em Barretos e tamb\u00e9m a primeira vez que ganhamos um concurso. Estamos muito felizes com esse pr\u00eamio\u201d, disseram os irm\u00e3os.<\/p>\n<p>A m\u00e3e dos g\u00eameos, Janaina da Silva, conta que o interesse dos filhos pela m\u00fasica come\u00e7ou aos tr\u00eas anos. Ela tamb\u00e9m relembrou as dificuldades enfrentadas durante a gesta\u00e7\u00e3o e a expectativa da fam\u00edlia de que os irm\u00e3os formassem uma dupla sertaneja.<\/p>\n<p>\u201cEu fiquei gr\u00e1vida e a gesta\u00e7\u00e3o foi complicada. Precisei fazer tratamento porque o Yuri tinha um problema de desenvolvimento. O m\u00e9dico chegou a falar sobre a possibilidade de interromper a gesta\u00e7\u00e3o dele para que o Kelvin pudesse se desenvolver. O pai disse que n\u00e3o, que Deus faria por completo. Fizemos o tratamento e acreditamos que eles viriam com sa\u00fade e seriam g\u00eameos sertanejos\u201d, contou.<\/p>\n<p>T\u00edtulo na categoria Juvenil<br \/>\nNa categoria Juvenil, Nath\u00e1lia Alves conquistou o primeiro lugar. A jovem de 14 anos destacou o trabalho realizado antes de chegar ao Festival.<\/p>\n<p>\u201cEstou muito feliz porque tudo isso \u00e9 uma colheita de muito ensaio, dedica\u00e7\u00e3o e aulas. \u00c9 muito gratificante receber esse certificado\u201d, afirmou.<\/p>\n<p>A m\u00e3e da cantora, Andreia Alves, falou sobre o esfor\u00e7o da fam\u00edlia para apoiar a participa\u00e7\u00e3o da filha.<\/p>\n<p>\u201cEla \u00e9 um orgulho para todos n\u00f3s. Quando a gente fala que fica sem palavras, fica mesmo, porque d\u00e1 um n\u00f3 na garganta. S\u00f3 Deus sabe o que passamos para estar aqui. \u00c9 rifa, doa\u00e7\u00e3o e ajuda de todo mundo\u201d, disse.<\/p>\n<p>Os campe\u00f5es das categorias Infantil e Juvenil receberam certificado e uma moto el\u00e9trica \u201cbrabinha\u201d como premia\u00e7\u00e3o pelo primeiro lugar.<\/p>\n<p>Em sua 9\u00aa edi\u00e7\u00e3o, o Festival Barretos Kids integrou a programa\u00e7\u00e3o do Rancho do Pe\u00e3ozinho e reuniu crian\u00e7as e jovens para apresenta\u00e7\u00f5es musicais durante a Festa do Pe\u00e3o de Barretos.<\/p>\n","protected":false},"excerpt":{"rendered":"<p>Nath\u00e1lia Alves, de 14 anos, de Colombo (PR), conquistou o t\u00edtulo da categoria Juvenil do 9\u00ba Festival Barretos Kids (Foto: Eduardo Trindade) O 9\u00ba Festival&#8230;<\/p>\n","protected":false},"author":2,"featured_media":132336,"comment_status":"open","ping_status":"open","sticky":false,"template":"","format":"standard","meta":{"_themeisle_gutenberg_block_has_review":false,"footnotes":""},"categories":[45],"tags":[],"class_list":["post-132334","post","type-post","status-publish","format-standard","has-post-thumbnail","hentry","category-festa-do-peao"],"yoast_head":"<!-- This site is optimized with the Yoast SEO plugin v28.3 - https:\/\/yoast.com\/product\/yoast-seo-wordpress\/ -->\n<title>9\u00ba Festival Barretos Kids consagra campe\u00f5es das categorias Infantil e Juvenil - Regi\u00e3o News<\/title>\n<meta name=\"robots\" content=\"index, follow, max-snippet:-1, max-image-preview:large, max-video-preview:-1\" \/>\n<link rel=\"canonical\" href=\"https:\/\/regiaonews.net.br\/2022\/2026\/08\/9o-festival-barretos-kids-consagra-campeoes-das-categorias-infantil-e-juvenil\/\" \/>\n<meta property=\"og:locale\" content=\"pt_BR\" \/>\n<meta property=\"og:type\" content=\"article\" \/>\n<meta property=\"og:title\" content=\"9\u00ba Festival Barretos Kids consagra campe\u00f5es das categorias Infantil e Juvenil - Regi\u00e3o News\" \/>\n<meta property=\"og:description\" content=\"Nath\u00e1lia Alves, de 14 anos, de Colombo (PR), conquistou o t\u00edtulo da categoria Juvenil do 9\u00ba Festival Barretos Kids (Foto: Eduardo Trindade) O 9\u00ba Festival...\" \/>\n<meta property=\"og:url\" content=\"https:\/\/regiaonews.net.br\/2022\/2026\/08\/9o-festival-barretos-kids-consagra-campeoes-das-categorias-infantil-e-juvenil\/\" \/>\n<meta property=\"og:site_name\" content=\"Regi\u00e3o News\" \/>\n<meta property=\"article:published_time\" content=\"2026-08-30T22:24:44+00:00\" \/>\n<meta property=\"og:image\" content=\"https:\/\/regiaonews.net.br\/2022\/wp-content\/uploads\/2026\/08\/WhatsApp-Image-2026-08-30-at-10.42.02.jpeg\" \/>\n\t<meta property=\"og:image:width\" content=\"800\" \/>\n\t<meta property=\"og:image:height\" content=\"533\" \/>\n\t<meta property=\"og:image:type\" content=\"image\/jpeg\" \/>\n<meta name=\"author\" content=\"Roberto\" \/>\n<meta name=\"twitter:card\" content=\"summary_large_image\" \/>\n<meta name=\"twitter:label1\" content=\"Escrito por\" \/>\n\t<meta name=\"twitter:data1\" content=\"Roberto\" \/>\n\t<meta name=\"twitter:label2\" content=\"Est. tempo de leitura\" \/>\n\t<meta name=\"twitter:data2\" content=\"3 minutos\" \/>\n<script type=\"application\/ld+json\" class=\"yoast-schema-graph\">{\"@context\":\"https:\\\/\\\/schema.org\",\"@graph\":[{\"@type\":\"Article\",\"@id\":\"https:\\\/\\\/regiaonews.net.br\\\/2022\\\/2026\\\/08\\\/9o-festival-barretos-kids-consagra-campeoes-das-categorias-infantil-e-juvenil\\\/#article\",\"isPartOf\":{\"@id\":\"https:\\\/\\\/regiaonews.net.br\\\/2022\\\/2026\\\/08\\\/9o-festival-barretos-kids-consagra-campeoes-das-categorias-infantil-e-juvenil\\\/\"},\"author\":{\"name\":\"Roberto\",\"@id\":\"https:\\\/\\\/regiaonews.net.br\\\/2022\\\/#\\\/schema\\\/person\\\/2d205a608a5aa97ac279d7a5e6d89ad8\"},\"headline\":\"9\u00ba Festival Barretos Kids consagra campe\u00f5es das categorias Infantil e Juvenil\",\"datePublished\":\"2026-08-30T22:24:44+00:00\",\"mainEntityOfPage\":{\"@id\":\"https:\\\/\\\/regiaonews.net.br\\\/2022\\\/2026\\\/08\\\/9o-festival-barretos-kids-consagra-campeoes-das-categorias-infantil-e-juvenil\\\/\"},\"wordCount\":504,\"commentCount\":0,\"publisher\":{\"@id\":\"https:\\\/\\\/regiaonews.net.br\\\/2022\\\/#organization\"},\"image\":{\"@id\":\"https:\\\/\\\/regiaonews.net.br\\\/2022\\\/2026\\\/08\\\/9o-festival-barretos-kids-consagra-campeoes-das-categorias-infantil-e-juvenil\\\/#primaryimage\"},\"thumbnailUrl\":\"https:\\\/\\\/regiaonews.net.br\\\/2022\\\/wp-content\\\/uploads\\\/2026\\\/08\\\/WhatsApp-Image-2026-08-30-at-10.42.02.jpeg\",\"articleSection\":[\"Festa do Pe\u00e3o\"],\"inLanguage\":\"pt-BR\",\"potentialAction\":[{\"@type\":\"CommentAction\",\"name\":\"Comment\",\"target\":[\"https:\\\/\\\/regiaonews.net.br\\\/2022\\\/2026\\\/08\\\/9o-festival-barretos-kids-consagra-campeoes-das-categorias-infantil-e-juvenil\\\/#respond\"]}]},{\"@type\":\"WebPage\",\"@id\":\"https:\\\/\\\/regiaonews.net.br\\\/2022\\\/2026\\\/08\\\/9o-festival-barretos-kids-consagra-campeoes-das-categorias-infantil-e-juvenil\\\/\",\"url\":\"https:\\\/\\\/regiaonews.net.br\\\/2022\\\/2026\\\/08\\\/9o-festival-barretos-kids-consagra-campeoes-das-categorias-infantil-e-juvenil\\\/\",\"name\":\"9\u00ba Festival Barretos Kids consagra campe\u00f5es das categorias Infantil e Juvenil - Regi\u00e3o News\",\"isPartOf\":{\"@id\":\"https:\\\/\\\/regiaonews.net.br\\\/2022\\\/#website\"},\"primaryImageOfPage\":{\"@id\":\"https:\\\/\\\/regiaonews.net.br\\\/2022\\\/2026\\\/08\\\/9o-festival-barretos-kids-consagra-campeoes-das-categorias-infantil-e-juvenil\\\/#primaryimage\"},\"image\":{\"@id\":\"https:\\\/\\\/regiaonews.net.br\\\/2022\\\/2026\\\/08\\\/9o-festival-barretos-kids-consagra-campeoes-das-categorias-infantil-e-juvenil\\\/#primaryimage\"},\"thumbnailUrl\":\"https:\\\/\\\/regiaonews.net.br\\\/2022\\\/wp-content\\\/uploads\\\/2026\\\/08\\\/WhatsApp-Image-2026-08-30-at-10.42.02.jpeg\",\"datePublished\":\"2026-08-30T22:24:44+00:00\",\"breadcrumb\":{\"@id\":\"https:\\\/\\\/regiaonews.net.br\\\/2022\\\/2026\\\/08\\\/9o-festival-barretos-kids-consagra-campeoes-das-categorias-infantil-e-juvenil\\\/#breadcrumb\"},\"inLanguage\":\"pt-BR\",\"potentialAction\":[{\"@type\":\"ReadAction\",\"target\":[\"https:\\\/\\\/regiaonews.net.br\\\/2022\\\/2026\\\/08\\\/9o-festival-barretos-kids-consagra-campeoes-das-categorias-infantil-e-juvenil\\\/\"]}]},{\"@type\":\"ImageObject\",\"inLanguage\":\"pt-BR\",\"@id\":\"https:\\\/\\\/regiaonews.net.br\\\/2022\\\/2026\\\/08\\\/9o-festival-barretos-kids-consagra-campeoes-das-categorias-infantil-e-juvenil\\\/#primaryimage\",\"url\":\"https:\\\/\\\/regiaonews.net.br\\\/2022\\\/wp-content\\\/uploads\\\/2026\\\/08\\\/WhatsApp-Image-2026-08-30-at-10.42.02.jpeg\",\"contentUrl\":\"https:\\\/\\\/regiaonews.net.br\\\/2022\\\/wp-content\\\/uploads\\\/2026\\\/08\\\/WhatsApp-Image-2026-08-30-at-10.42.02.jpeg\",\"width\":800,\"height\":533},{\"@type\":\"BreadcrumbList\",\"@id\":\"https:\\\/\\\/regiaonews.net.br\\\/2022\\\/2026\\\/08\\\/9o-festival-barretos-kids-consagra-campeoes-das-categorias-infantil-e-juvenil\\\/#breadcrumb\",\"itemListElement\":[{\"@type\":\"ListItem\",\"position\":1,\"name\":\"In\u00edcio\",\"item\":\"https:\\\/\\\/regiaonews.net.br\\\/2022\\\/\"},{\"@type\":\"ListItem\",\"position\":2,\"name\":\"9\u00ba Festival Barretos Kids consagra campe\u00f5es das categorias Infantil e Juvenil\"}]},{\"@type\":\"WebSite\",\"@id\":\"https:\\\/\\\/regiaonews.net.br\\\/2022\\\/#website\",\"url\":\"https:\\\/\\\/regiaonews.net.br\\\/2022\\\/\",\"name\":\"Regi\u00e3o News\",\"description\":\"Site de Not\u00edcias de Barretos e regi\u00e3o\",\"publisher\":{\"@id\":\"https:\\\/\\\/regiaonews.net.br\\\/2022\\\/#organization\"},\"potentialAction\":[{\"@type\":\"SearchAction\",\"target\":{\"@type\":\"EntryPoint\",\"urlTemplate\":\"https:\\\/\\\/regiaonews.net.br\\\/2022\\\/?s={search_term_string}\"},\"query-input\":{\"@type\":\"PropertyValueSpecification\",\"valueRequired\":true,\"valueName\":\"search_term_string\"}}],\"inLanguage\":\"pt-BR\"},{\"@type\":\"Organization\",\"@id\":\"https:\\\/\\\/regiaonews.net.br\\\/2022\\\/#organization\",\"name\":\"Regi\u00e3o News\",\"url\":\"https:\\\/\\\/regiaonews.net.br\\\/2022\\\/\",\"logo\":{\"@type\":\"ImageObject\",\"inLanguage\":\"pt-BR\",\"@id\":\"https:\\\/\\\/regiaonews.net.br\\\/2022\\\/#\\\/schema\\\/logo\\\/image\\\/\",\"url\":\"https:\\\/\\\/regiaonews.net.br\\\/2022\\\/wp-content\\\/uploads\\\/2026\\\/08\\\/LOGO-NEW-REG-TR.png\",\"contentUrl\":\"https:\\\/\\\/regiaonews.net.br\\\/2022\\\/wp-content\\\/uploads\\\/2026\\\/08\\\/LOGO-NEW-REG-TR.png\",\"width\":360,\"height\":130,\"caption\":\"Regi\u00e3o News\"},\"image\":{\"@id\":\"https:\\\/\\\/regiaonews.net.br\\\/2022\\\/#\\\/schema\\\/logo\\\/image\\\/\"}},{\"@type\":\"Person\",\"@id\":\"https:\\\/\\\/regiaonews.net.br\\\/2022\\\/#\\\/schema\\\/person\\\/2d205a608a5aa97ac279d7a5e6d89ad8\",\"name\":\"Roberto\",\"image\":{\"@type\":\"ImageObject\",\"inLanguage\":\"pt-BR\",\"@id\":\"https:\\\/\\\/secure.gravatar.com\\\/avatar\\\/42749d8b712ff9d59ca93dc150494e5b55a44134482993f5baeb97e61b7ecc89?s=96&d=mm&r=g\",\"url\":\"https:\\\/\\\/secure.gravatar.com\\\/avatar\\\/42749d8b712ff9d59ca93dc150494e5b55a44134482993f5baeb97e61b7ecc89?s=96&d=mm&r=g\",\"contentUrl\":\"https:\\\/\\\/secure.gravatar.com\\\/avatar\\\/42749d8b712ff9d59ca93dc150494e5b55a44134482993f5baeb97e61b7ecc89?s=96&d=mm&r=g\",\"caption\":\"Roberto\"},\"url\":\"https:\\\/\\\/regiaonews.net.br\\\/2022\\\/author\\\/roberto\\\/\"}]}<\/script>\n<!-- \/ Yoast SEO plugin. -->","yoast_head_json":{"title":"9\u00ba Festival Barretos Kids consagra campe\u00f5es das categorias Infantil e Juvenil - Regi\u00e3o News","robots":{"index":"index","follow":"follow","max-snippet":"max-snippet:-1","max-image-preview":"max-image-preview:large","max-video-preview":"max-video-preview:-1"},"canonical":"https:\/\/regiaonews.net.br\/2022\/2026\/08\/9o-festival-barretos-kids-consagra-campeoes-das-categorias-infantil-e-juvenil\/","og_locale":"pt_BR","og_type":"article","og_title":"9\u00ba Festival Barretos Kids consagra campe\u00f5es das categorias Infantil e Juvenil - Regi\u00e3o News","og_description":"Nath\u00e1lia Alves, de 14 anos, de Colombo (PR), conquistou o t\u00edtulo da categoria Juvenil do 9\u00ba Festival Barretos Kids (Foto: Eduardo Trindade) O 9\u00ba Festival...","og_url":"https:\/\/regiaonews.net.br\/2022\/2026\/08\/9o-festival-barretos-kids-consagra-campeoes-das-categorias-infantil-e-juvenil\/","og_site_name":"Regi\u00e3o News","article_published_time":"2026-08-30T22:24:44+00:00","og_image":[{"width":800,"height":533,"url":"https:\/\/regiaonews.net.br\/2022\/wp-content\/uploads\/2026\/08\/WhatsApp-Image-2026-08-30-at-10.42.02.jpeg","type":"image\/jpeg"}],"author":"Roberto","twitter_card":"summary_large_image","twitter_misc":{"Escrito por":"Roberto","Est. tempo de leitura":"3 minutos"},"schema":{"@context":"https:\/\/schema.org","@graph":[{"@type":"Article","@id":"https:\/\/regiaonews.net.br\/2022\/2026\/08\/9o-festival-barretos-kids-consagra-campeoes-das-categorias-infantil-e-juvenil\/#article","isPartOf":{"@id":"https:\/\/regiaonews.net.br\/2022\/2026\/08\/9o-festival-barretos-kids-consagra-campeoes-das-categorias-infantil-e-juvenil\/"},"author":{"name":"Roberto","@id":"https:\/\/regiaonews.net.br\/2022\/#\/schema\/person\/2d205a608a5aa97ac279d7a5e6d89ad8"},"headline":"9\u00ba Festival Barretos Kids consagra campe\u00f5es das categorias Infantil e Juvenil","datePublished":"2026-08-30T22:24:44+00:00","mainEntityOfPage":{"@id":"https:\/\/regiaonews.net.br\/2022\/2026\/08\/9o-festival-barretos-kids-consagra-campeoes-das-categorias-infantil-e-juvenil\/"},"wordCount":504,"commentCount":0,"publisher":{"@id":"https:\/\/regiaonews.net.br\/2022\/#organization"},"image":{"@id":"https:\/\/regiaonews.net.br\/2022\/2026\/08\/9o-festival-barretos-kids-consagra-campeoes-das-categorias-infantil-e-juvenil\/#primaryimage"},"thumbnailUrl":"https:\/\/regiaonews.net.br\/2022\/wp-content\/uploads\/2026\/08\/WhatsApp-Image-2026-08-30-at-10.42.02.jpeg","articleSection":["Festa do Pe\u00e3o"],"inLanguage":"pt-BR","potentialAction":[{"@type":"CommentAction","name":"Comment","target":["https:\/\/regiaonews.net.br\/2022\/2026\/08\/9o-festival-barretos-kids-consagra-campeoes-das-categorias-infantil-e-juvenil\/#respond"]}]},{"@type":"WebPage","@id":"https:\/\/regiaonews.net.br\/2022\/2026\/08\/9o-festival-barretos-kids-consagra-campeoes-das-categorias-infantil-e-juvenil\/","url":"https:\/\/regiaonews.net.br\/2022\/2026\/08\/9o-festival-barretos-kids-consagra-campeoes-das-categorias-infantil-e-juvenil\/","name":"9\u00ba Festival Barretos Kids consagra campe\u00f5es das categorias Infantil e Juvenil - Regi\u00e3o News","isPartOf":{"@id":"https:\/\/regiaonews.net.br\/2022\/#website"},"primaryImageOfPage":{"@id":"https:\/\/regiaonews.net.br\/2022\/2026\/08\/9o-festival-barretos-kids-consagra-campeoes-das-categorias-infantil-e-juvenil\/#primaryimage"},"image":{"@id":"https:\/\/regiaonews.net.br\/2022\/2026\/08\/9o-festival-barretos-kids-consagra-campeoes-das-categorias-infantil-e-juvenil\/#primaryimage"},"thumbnailUrl":"https:\/\/regiaonews.net.br\/2022\/wp-content\/uploads\/2026\/08\/WhatsApp-Image-2026-08-30-at-10.42.02.jpeg","datePublished":"2026-08-30T22:24:44+00:00","breadcrumb":{"@id":"https:\/\/regiaonews.net.br\/2022\/2026\/08\/9o-festival-barretos-kids-consagra-campeoes-das-categorias-infantil-e-juvenil\/#breadcrumb"},"inLanguage":"pt-BR","potentialAction":[{"@type":"ReadAction","target":["https:\/\/regiaonews.net.br\/2022\/2026\/08\/9o-festival-barretos-kids-consagra-campeoes-das-categorias-infantil-e-juvenil\/"]}]},{"@type":"ImageObject","inLanguage":"pt-BR","@id":"https:\/\/regiaonews.net.br\/2022\/2026\/08\/9o-festival-barretos-kids-consagra-campeoes-das-categorias-infantil-e-juvenil\/#primaryimage","url":"https:\/\/regiaonews.net.br\/2022\/wp-content\/uploads\/2026\/08\/WhatsApp-Image-2026-08-30-at-10.42.02.jpeg","contentUrl":"https:\/\/regiaonews.net.br\/2022\/wp-content\/uploads\/2026\/08\/WhatsApp-Image-2026-08-30-at-10.42.02.jpeg","width":800,"height":533},{"@type":"BreadcrumbList","@id":"https:\/\/regiaonews.net.br\/2022\/2026\/08\/9o-festival-barretos-kids-consagra-campeoes-das-categorias-infantil-e-juvenil\/#breadcrumb","itemListElement":[{"@type":"ListItem","position":1,"name":"In\u00edcio","item":"https:\/\/regiaonews.net.br\/2022\/"},{"@type":"ListItem","position":2,"name":"9\u00ba Festival Barretos Kids consagra campe\u00f5es das categorias Infantil e Juvenil"}]},{"@type":"WebSite","@id":"https:\/\/regiaonews.net.br\/2022\/#website","url":"https:\/\/regiaonews.net.br\/2022\/","name":"Regi\u00e3o News","description":"Site de Not\u00edcias de Barretos e regi\u00e3o","publisher":{"@id":"https:\/\/regiaonews.net.br\/2022\/#organization"},"potentialAction":[{"@type":"SearchAction","target":{"@type":"EntryPoint","urlTemplate":"https:\/\/regiaonews.net.br\/2022\/?s={search_term_string}"},"query-input":{"@type":"PropertyValueSpecification","valueRequired":true,"valueName":"search_term_string"}}],"inLanguage":"pt-BR"},{"@type":"Organization","@id":"https:\/\/regiaonews.net.br\/2022\/#organization","name":"Regi\u00e3o News","url":"https:\/\/regiaonews.net.br\/2022\/","logo":{"@type":"ImageObject","inLanguage":"pt-BR","@id":"https:\/\/regiaonews.net.br\/2022\/#\/schema\/logo\/image\/","url":"https:\/\/regiaonews.net.br\/2022\/wp-content\/uploads\/2026\/08\/LOGO-NEW-REG-TR.png","contentUrl":"https:\/\/regiaonews.net.br\/2022\/wp-content\/uploads\/2026\/08\/LOGO-NEW-REG-TR.png","width":360,"height":130,"caption":"Regi\u00e3o News"},"image":{"@id":"https:\/\/regiaonews.net.br\/2022\/#\/schema\/logo\/image\/"}},{"@type":"Person","@id":"https:\/\/regiaonews.net.br\/2022\/#\/schema\/person\/2d205a608a5aa97ac279d7a5e6d89ad8","name":"Roberto","image":{"@type":"ImageObject","inLanguage":"pt-BR","@id":"https:\/\/secure.gravatar.com\/avatar\/42749d8b712ff9d59ca93dc150494e5b55a44134482993f5baeb97e61b7ecc89?s=96&d=mm&r=g","url":"https:\/\/secure.gravatar.com\/avatar\/42749d8b712ff9d59ca93dc150494e5b55a44134482993f5baeb97e61b7ecc89?s=96&d=mm&r=g","contentUrl":"https:\/\/secure.gravatar.com\/avatar\/42749d8b712ff9d59ca93dc150494e5b55a44134482993f5baeb97e61b7ecc89?s=96&d=mm&r=g","caption":"Roberto"},"url":"https:\/\/regiaonews.net.br\/2022\/author\/roberto\/"}]}},"publishpress_future_action":{"enabled":false,"date":"2026-09-07 02:53:09","action":"change-status","newStatus":"draft","terms":[],"taxonomy":"category","extraData":[]},"publishpress_future_workflow_manual_trigger":{"enabledWorkflows":[]},"_links":{"self":[{"href":"https:\/\/regiaonews.net.br\/2022\/wp-json\/wp\/v2\/posts\/132334","targetHints":{"allow":["GET"]}}],"collection":[{"href":"https:\/\/regiaonews.net.br\/2022\/wp-json\/wp\/v2\/posts"}],"about":[{"href":"https:\/\/regiaonews.net.br\/2022\/wp-json\/wp\/v2\/types\/post"}],"author":[{"embeddable":true,"href":"https:\/\/regiaonews.net.br\/2022\/wp-json\/wp\/v2\/users\/2"}],"replies":[{"embeddable":true,"href":"https:\/\/regiaonews.net.br\/2022\/wp-json\/wp\/v2\/comments?post=132334"}],"version-history":[{"count":1,"href":"https:\/\/regiaonews.net.br\/2022\/wp-json\/wp\/v2\/posts\/132334\/revisions"}],"predecessor-version":[{"id":132337,"href":"https:\/\/regiaonews.net.br\/2022\/wp-json\/wp\/v2\/posts\/132334\/revisions\/132337"}],"wp:featuredmedia":[{"embeddable":true,"href":"https:\/\/regiaonews.net.br\/2022\/wp-json\/wp\/v2\/media\/132336"}],"wp:attachment":[{"href":"https:\/\/regiaonews.net.br\/2022\/wp-json\/wp\/v2\/media?parent=132334"}],"wp:term":[{"taxonomy":"category","embeddable":true,"href":"https:\/\/regiaonews.net.br\/2022\/wp-json\/wp\/v2\/categories?post=132334"},{"taxonomy":"post_tag","embeddable":true,"href":"https:\/\/regiaonews.net.br\/2022\/wp-json\/wp\/v2\/tags?post=132334"}],"curies":[{"name":"wp","href":"https:\/\/api.w.org\/{rel}","templated":true}]}}