{"id":132331,"date":"2026-08-30T18:41:28","date_gmt":"2026-08-30T21:41:28","guid":{"rendered":"https:\/\/regiaonews.net.br\/2022\/?p=132331"},"modified":"2026-08-30T18:41:28","modified_gmt":"2026-08-30T21:41:28","slug":"pre-balanco-destaca-24-horas-de-atividades-e-inovacao-da-71a-festa-do-peao-de-barretos","status":"publish","type":"post","link":"https:\/\/regiaonews.net.br\/2022\/2026\/08\/pre-balanco-destaca-24-horas-de-atividades-e-inovacao-da-71a-festa-do-peao-de-barretos\/","title":{"rendered":"Pr\u00e9-balan\u00e7o destaca 24 horas de atividades e inova\u00e7\u00e3o da 71\u00aa Festa do Pe\u00e3o de Barretos"},"content":{"rendered":"<p>Presidente de Os Independentes, Jeronimo Muzetti, e diretor cultural, Pedro Muzeti, avaliaram positivamente a edi\u00e7\u00e3o e destacaram avan\u00e7os na estrutura, programa\u00e7\u00e3o e experi\u00eancia do p\u00fablico<\/p>\n<p>A 71\u00aa Festa do Pe\u00e3o de Boiadeiro de Barretos chega ao fim neste domingo, 30 de agosto, com uma avalia\u00e7\u00e3o positiva da organiza\u00e7\u00e3o. Na tarde deste domingo, o presidente de Os Independentes, Jer\u00f4nimo Muzetti, e o diretor cultural, Pedro Muzetti, apresentaram um pr\u00e9-balan\u00e7o da edi\u00e7\u00e3o e destacaram os principais resultados e novidades do evento.<\/p>\n<p>Entre os pontos avaliados, Jer\u00f4nimo destacou o cumprimento da proposta de manter o Parque do Pe\u00e3o em funcionamento durante 24 horas ao longo dos 11 dias de Festa. Segundo ele, os investimentos realizados para a edi\u00e7\u00e3o de 2026 contribu\u00edram para transformar o complexo em um espa\u00e7o com atividades cont\u00ednuas e diferentes experi\u00eancias para o p\u00fablico.<\/p>\n<p>\u201cAlcan\u00e7amos a meta de 24 horas de atividades durante os 11 dias. Todos os investimentos foram v\u00e1lidos e tornaram o Parque um espa\u00e7o diferenciado. A Festa hoje \u00e9 um produto que deu muito certo\u201d, afirmou.<br \/>\nPara o presidente, a edi\u00e7\u00e3o de 2026 foi marcada pela inova\u00e7\u00e3o em diferentes frentes, desde as interven\u00e7\u00f5es estruturais at\u00e9 a programa\u00e7\u00e3o, a feira comercial, os estandes, os shows e os palcos. A avalia\u00e7\u00e3o tamb\u00e9m considera a perman\u00eancia do p\u00fablico no Parque ao longo de todo o dia, movimento que, segundo ele, demonstra uma mudan\u00e7a na forma como os visitantes vivenciam a Festa.<\/p>\n<p>\u201cA gente percebe que, antigamente, o p\u00fablico passava alguns momentos no Parque. Hoje \u00e9 poss\u00edvel acompanhar o fluxo de pessoas durante todo o dia, em todas as atividades, 24 horas. Isso mostra que nosso trabalho vale a pena\u201d, destacou Jeronimo.<\/p>\n<p>A presen\u00e7a antecipada de turistas no Camping Oficial tamb\u00e9m foi citada como um dos sinais dessa transforma\u00e7\u00e3o. De acordo com o presidente, neste ano o Parque j\u00e1 registrava grande movimenta\u00e7\u00e3o de visitantes hospedados no camping antes mesmo do in\u00edcio oficial da Festa, com a estrutura preparada para receber o p\u00fablico e a programa\u00e7\u00e3o ao longo dos 11 dias.<\/p>\n<p>A proposta de unir inova\u00e7\u00e3o e tradi\u00e7\u00e3o tamb\u00e9m esteve presente na edi\u00e7\u00e3o. Elementos ligados \u00e0 cultura sertaneja e \u00e0 hist\u00f3ria da Festa foram incorporados \u00e0 experi\u00eancia do visitante, com atra\u00e7\u00f5es como a fanfarra pelas ruas do Parque e o carro de boi, al\u00e9m de outras iniciativas que buscavam apresentar ao p\u00fablico as ra\u00edzes e tradi\u00e7\u00f5es que fazem parte da identidade de Barretos.<\/p>\n<p>Programa\u00e7\u00e3o ampliada e experi\u00eancias especiais<br \/>\nDiretor cultural de Os Independentes, Pedro Muzeti destacou a evolu\u00e7\u00e3o da programa\u00e7\u00e3o art\u00edstica e da estrutura dos palcos. Ao longo da edi\u00e7\u00e3o, foram mais de 150 shows distribu\u00eddos pelos diferentes espa\u00e7os do Parque, al\u00e9m de produ\u00e7\u00f5es especiais desenvolvidas para o evento.<\/p>\n<p>Segundo Pedro, a programa\u00e7\u00e3o tamb\u00e9m contou com maior envolvimento dos artistas, que passaram a enxergar a Festa como uma oportunidade para criar experi\u00eancias espec\u00edficas para o p\u00fablico de Barretos. O camping ganhou aten\u00e7\u00e3o especial, com apresenta\u00e7\u00f5es e produ\u00e7\u00f5es pensadas exclusivamente para o espa\u00e7o, que se consolidou como um dos pontos de maior interesse do p\u00fablico e tamb\u00e9m dos pr\u00f3prios artistas.<\/p>\n<p>Entre os momentos de destaque, Pedro citou a apresenta\u00e7\u00e3o de Gusttavo Lima, Embaixador da Festa, que realizou um show especial para Barretos com mais de cinco horas de dura\u00e7\u00e3o. A apresenta\u00e7\u00e3o prolongou a perman\u00eancia do p\u00fablico na arena e avan\u00e7ou pela madrugada.<\/p>\n<p>\u201cBuscamos a evolu\u00e7\u00e3o de toda a grade de programa\u00e7\u00e3o, da estrutura dos palcos e dos shows. Tivemos o envolvimento e a intera\u00e7\u00e3o dos artistas, que enxergam a Festa como uma grande oportunidade de surpreender o p\u00fablico\u201d, afirmou Pedro.<\/p>\n<p>A edi\u00e7\u00e3o tamb\u00e9m refor\u00e7ou a presen\u00e7a da Festa nas transmiss\u00f5es e plataformas digitais, ampliando o alcance do evento para al\u00e9m do p\u00fablico presente no Parque. Para Jeronimo, esse contato faz com que pessoas que n\u00e3o estiveram em Barretos j\u00e1 planejem uma visita para a pr\u00f3xima edi\u00e7\u00e3o.<\/p>\n","protected":false},"excerpt":{"rendered":"<p>Presidente de Os Independentes, Jeronimo Muzetti, e diretor cultural, Pedro Muzeti, avaliaram positivamente a edi\u00e7\u00e3o e destacaram avan\u00e7os na estrutura, programa\u00e7\u00e3o e experi\u00eancia do p\u00fablico&#8230;<\/p>\n","protected":false},"author":2,"featured_media":132332,"comment_status":"open","ping_status":"open","sticky":false,"template":"","format":"standard","meta":{"_themeisle_gutenberg_block_has_review":false,"footnotes":""},"categories":[45],"tags":[],"class_list":["post-132331","post","type-post","status-publish","format-standard","has-post-thumbnail","hentry","category-festa-do-peao"],"yoast_head":"<!-- This site is optimized with the Yoast SEO plugin v28.3 - https:\/\/yoast.com\/product\/yoast-seo-wordpress\/ -->\n<title>Pr\u00e9-balan\u00e7o destaca 24 horas de atividades e inova\u00e7\u00e3o da 71\u00aa Festa do Pe\u00e3o de Barretos - Regi\u00e3o News<\/title>\n<meta name=\"robots\" content=\"index, follow, max-snippet:-1, max-image-preview:large, max-video-preview:-1\" \/>\n<link rel=\"canonical\" href=\"https:\/\/regiaonews.net.br\/2022\/2026\/08\/pre-balanco-destaca-24-horas-de-atividades-e-inovacao-da-71a-festa-do-peao-de-barretos\/\" \/>\n<meta property=\"og:locale\" content=\"pt_BR\" \/>\n<meta property=\"og:type\" content=\"article\" \/>\n<meta property=\"og:title\" content=\"Pr\u00e9-balan\u00e7o destaca 24 horas de atividades e inova\u00e7\u00e3o da 71\u00aa Festa do Pe\u00e3o de Barretos - Regi\u00e3o News\" \/>\n<meta property=\"og:description\" content=\"Presidente de Os Independentes, Jeronimo Muzetti, e diretor cultural, Pedro Muzeti, avaliaram positivamente a edi\u00e7\u00e3o e destacaram avan\u00e7os na estrutura, programa\u00e7\u00e3o e experi\u00eancia do p\u00fablico...\" \/>\n<meta property=\"og:url\" content=\"https:\/\/regiaonews.net.br\/2022\/2026\/08\/pre-balanco-destaca-24-horas-de-atividades-e-inovacao-da-71a-festa-do-peao-de-barretos\/\" \/>\n<meta property=\"og:site_name\" content=\"Regi\u00e3o News\" \/>\n<meta property=\"article:published_time\" content=\"2026-08-30T21:41:28+00:00\" \/>\n<meta property=\"og:image\" content=\"https:\/\/regiaonews.net.br\/2022\/wp-content\/uploads\/2026\/08\/WhatsApp-Image-2026-08-30-at-17.54.07.jpeg\" \/>\n\t<meta property=\"og:image:width\" content=\"1600\" \/>\n\t<meta property=\"og:image:height\" content=\"1066\" \/>\n\t<meta property=\"og:image:type\" content=\"image\/jpeg\" \/>\n<meta name=\"author\" content=\"Roberto\" \/>\n<meta name=\"twitter:card\" content=\"summary_large_image\" \/>\n<meta name=\"twitter:label1\" content=\"Escrito por\" \/>\n\t<meta name=\"twitter:data1\" content=\"Roberto\" \/>\n\t<meta name=\"twitter:label2\" content=\"Est. tempo de leitura\" \/>\n\t<meta name=\"twitter:data2\" content=\"4 minutos\" \/>\n<script type=\"application\/ld+json\" class=\"yoast-schema-graph\">{\"@context\":\"https:\\\/\\\/schema.org\",\"@graph\":[{\"@type\":\"Article\",\"@id\":\"https:\\\/\\\/regiaonews.net.br\\\/2022\\\/2026\\\/08\\\/pre-balanco-destaca-24-horas-de-atividades-e-inovacao-da-71a-festa-do-peao-de-barretos\\\/#article\",\"isPartOf\":{\"@id\":\"https:\\\/\\\/regiaonews.net.br\\\/2022\\\/2026\\\/08\\\/pre-balanco-destaca-24-horas-de-atividades-e-inovacao-da-71a-festa-do-peao-de-barretos\\\/\"},\"author\":{\"name\":\"Roberto\",\"@id\":\"https:\\\/\\\/regiaonews.net.br\\\/2022\\\/#\\\/schema\\\/person\\\/2d205a608a5aa97ac279d7a5e6d89ad8\"},\"headline\":\"Pr\u00e9-balan\u00e7o destaca 24 horas de atividades e inova\u00e7\u00e3o da 71\u00aa Festa do Pe\u00e3o de Barretos\",\"datePublished\":\"2026-08-30T21:41:28+00:00\",\"mainEntityOfPage\":{\"@id\":\"https:\\\/\\\/regiaonews.net.br\\\/2022\\\/2026\\\/08\\\/pre-balanco-destaca-24-horas-de-atividades-e-inovacao-da-71a-festa-do-peao-de-barretos\\\/\"},\"wordCount\":718,\"commentCount\":0,\"publisher\":{\"@id\":\"https:\\\/\\\/regiaonews.net.br\\\/2022\\\/#organization\"},\"image\":{\"@id\":\"https:\\\/\\\/regiaonews.net.br\\\/2022\\\/2026\\\/08\\\/pre-balanco-destaca-24-horas-de-atividades-e-inovacao-da-71a-festa-do-peao-de-barretos\\\/#primaryimage\"},\"thumbnailUrl\":\"https:\\\/\\\/regiaonews.net.br\\\/2022\\\/wp-content\\\/uploads\\\/2026\\\/08\\\/WhatsApp-Image-2026-08-30-at-17.54.07.jpeg\",\"articleSection\":[\"Festa do Pe\u00e3o\"],\"inLanguage\":\"pt-BR\",\"potentialAction\":[{\"@type\":\"CommentAction\",\"name\":\"Comment\",\"target\":[\"https:\\\/\\\/regiaonews.net.br\\\/2022\\\/2026\\\/08\\\/pre-balanco-destaca-24-horas-de-atividades-e-inovacao-da-71a-festa-do-peao-de-barretos\\\/#respond\"]}]},{\"@type\":\"WebPage\",\"@id\":\"https:\\\/\\\/regiaonews.net.br\\\/2022\\\/2026\\\/08\\\/pre-balanco-destaca-24-horas-de-atividades-e-inovacao-da-71a-festa-do-peao-de-barretos\\\/\",\"url\":\"https:\\\/\\\/regiaonews.net.br\\\/2022\\\/2026\\\/08\\\/pre-balanco-destaca-24-horas-de-atividades-e-inovacao-da-71a-festa-do-peao-de-barretos\\\/\",\"name\":\"Pr\u00e9-balan\u00e7o destaca 24 horas de atividades e inova\u00e7\u00e3o da 71\u00aa Festa do Pe\u00e3o de Barretos - Regi\u00e3o News\",\"isPartOf\":{\"@id\":\"https:\\\/\\\/regiaonews.net.br\\\/2022\\\/#website\"},\"primaryImageOfPage\":{\"@id\":\"https:\\\/\\\/regiaonews.net.br\\\/2022\\\/2026\\\/08\\\/pre-balanco-destaca-24-horas-de-atividades-e-inovacao-da-71a-festa-do-peao-de-barretos\\\/#primaryimage\"},\"image\":{\"@id\":\"https:\\\/\\\/regiaonews.net.br\\\/2022\\\/2026\\\/08\\\/pre-balanco-destaca-24-horas-de-atividades-e-inovacao-da-71a-festa-do-peao-de-barretos\\\/#primaryimage\"},\"thumbnailUrl\":\"https:\\\/\\\/regiaonews.net.br\\\/2022\\\/wp-content\\\/uploads\\\/2026\\\/08\\\/WhatsApp-Image-2026-08-30-at-17.54.07.jpeg\",\"datePublished\":\"2026-08-30T21:41:28+00:00\",\"breadcrumb\":{\"@id\":\"https:\\\/\\\/regiaonews.net.br\\\/2022\\\/2026\\\/08\\\/pre-balanco-destaca-24-horas-de-atividades-e-inovacao-da-71a-festa-do-peao-de-barretos\\\/#breadcrumb\"},\"inLanguage\":\"pt-BR\",\"potentialAction\":[{\"@type\":\"ReadAction\",\"target\":[\"https:\\\/\\\/regiaonews.net.br\\\/2022\\\/2026\\\/08\\\/pre-balanco-destaca-24-horas-de-atividades-e-inovacao-da-71a-festa-do-peao-de-barretos\\\/\"]}]},{\"@type\":\"ImageObject\",\"inLanguage\":\"pt-BR\",\"@id\":\"https:\\\/\\\/regiaonews.net.br\\\/2022\\\/2026\\\/08\\\/pre-balanco-destaca-24-horas-de-atividades-e-inovacao-da-71a-festa-do-peao-de-barretos\\\/#primaryimage\",\"url\":\"https:\\\/\\\/regiaonews.net.br\\\/2022\\\/wp-content\\\/uploads\\\/2026\\\/08\\\/WhatsApp-Image-2026-08-30-at-17.54.07.jpeg\",\"contentUrl\":\"https:\\\/\\\/regiaonews.net.br\\\/2022\\\/wp-content\\\/uploads\\\/2026\\\/08\\\/WhatsApp-Image-2026-08-30-at-17.54.07.jpeg\",\"width\":1600,\"height\":1066},{\"@type\":\"BreadcrumbList\",\"@id\":\"https:\\\/\\\/regiaonews.net.br\\\/2022\\\/2026\\\/08\\\/pre-balanco-destaca-24-horas-de-atividades-e-inovacao-da-71a-festa-do-peao-de-barretos\\\/#breadcrumb\",\"itemListElement\":[{\"@type\":\"ListItem\",\"position\":1,\"name\":\"In\u00edcio\",\"item\":\"https:\\\/\\\/regiaonews.net.br\\\/2022\\\/\"},{\"@type\":\"ListItem\",\"position\":2,\"name\":\"Pr\u00e9-balan\u00e7o destaca 24 horas de atividades e inova\u00e7\u00e3o da 71\u00aa Festa do Pe\u00e3o de Barretos\"}]},{\"@type\":\"WebSite\",\"@id\":\"https:\\\/\\\/regiaonews.net.br\\\/2022\\\/#website\",\"url\":\"https:\\\/\\\/regiaonews.net.br\\\/2022\\\/\",\"name\":\"Regi\u00e3o News\",\"description\":\"Site de Not\u00edcias de Barretos e regi\u00e3o\",\"publisher\":{\"@id\":\"https:\\\/\\\/regiaonews.net.br\\\/2022\\\/#organization\"},\"potentialAction\":[{\"@type\":\"SearchAction\",\"target\":{\"@type\":\"EntryPoint\",\"urlTemplate\":\"https:\\\/\\\/regiaonews.net.br\\\/2022\\\/?s={search_term_string}\"},\"query-input\":{\"@type\":\"PropertyValueSpecification\",\"valueRequired\":true,\"valueName\":\"search_term_string\"}}],\"inLanguage\":\"pt-BR\"},{\"@type\":\"Organization\",\"@id\":\"https:\\\/\\\/regiaonews.net.br\\\/2022\\\/#organization\",\"name\":\"Regi\u00e3o News\",\"url\":\"https:\\\/\\\/regiaonews.net.br\\\/2022\\\/\",\"logo\":{\"@type\":\"ImageObject\",\"inLanguage\":\"pt-BR\",\"@id\":\"https:\\\/\\\/regiaonews.net.br\\\/2022\\\/#\\\/schema\\\/logo\\\/image\\\/\",\"url\":\"https:\\\/\\\/regiaonews.net.br\\\/2022\\\/wp-content\\\/uploads\\\/2026\\\/08\\\/LOGO-NEW-REG-TR.png\",\"contentUrl\":\"https:\\\/\\\/regiaonews.net.br\\\/2022\\\/wp-content\\\/uploads\\\/2026\\\/08\\\/LOGO-NEW-REG-TR.png\",\"width\":360,\"height\":130,\"caption\":\"Regi\u00e3o News\"},\"image\":{\"@id\":\"https:\\\/\\\/regiaonews.net.br\\\/2022\\\/#\\\/schema\\\/logo\\\/image\\\/\"}},{\"@type\":\"Person\",\"@id\":\"https:\\\/\\\/regiaonews.net.br\\\/2022\\\/#\\\/schema\\\/person\\\/2d205a608a5aa97ac279d7a5e6d89ad8\",\"name\":\"Roberto\",\"image\":{\"@type\":\"ImageObject\",\"inLanguage\":\"pt-BR\",\"@id\":\"https:\\\/\\\/secure.gravatar.com\\\/avatar\\\/42749d8b712ff9d59ca93dc150494e5b55a44134482993f5baeb97e61b7ecc89?s=96&d=mm&r=g\",\"url\":\"https:\\\/\\\/secure.gravatar.com\\\/avatar\\\/42749d8b712ff9d59ca93dc150494e5b55a44134482993f5baeb97e61b7ecc89?s=96&d=mm&r=g\",\"contentUrl\":\"https:\\\/\\\/secure.gravatar.com\\\/avatar\\\/42749d8b712ff9d59ca93dc150494e5b55a44134482993f5baeb97e61b7ecc89?s=96&d=mm&r=g\",\"caption\":\"Roberto\"},\"url\":\"https:\\\/\\\/regiaonews.net.br\\\/2022\\\/author\\\/roberto\\\/\"}]}<\/script>\n<!-- \/ Yoast SEO plugin. -->","yoast_head_json":{"title":"Pr\u00e9-balan\u00e7o destaca 24 horas de atividades e inova\u00e7\u00e3o da 71\u00aa Festa do Pe\u00e3o de Barretos - Regi\u00e3o News","robots":{"index":"index","follow":"follow","max-snippet":"max-snippet:-1","max-image-preview":"max-image-preview:large","max-video-preview":"max-video-preview:-1"},"canonical":"https:\/\/regiaonews.net.br\/2022\/2026\/08\/pre-balanco-destaca-24-horas-de-atividades-e-inovacao-da-71a-festa-do-peao-de-barretos\/","og_locale":"pt_BR","og_type":"article","og_title":"Pr\u00e9-balan\u00e7o destaca 24 horas de atividades e inova\u00e7\u00e3o da 71\u00aa Festa do Pe\u00e3o de Barretos - Regi\u00e3o News","og_description":"Presidente de Os Independentes, Jeronimo Muzetti, e diretor cultural, Pedro Muzeti, avaliaram positivamente a edi\u00e7\u00e3o e destacaram avan\u00e7os na estrutura, programa\u00e7\u00e3o e experi\u00eancia do p\u00fablico...","og_url":"https:\/\/regiaonews.net.br\/2022\/2026\/08\/pre-balanco-destaca-24-horas-de-atividades-e-inovacao-da-71a-festa-do-peao-de-barretos\/","og_site_name":"Regi\u00e3o News","article_published_time":"2026-08-30T21:41:28+00:00","og_image":[{"width":1600,"height":1066,"url":"https:\/\/regiaonews.net.br\/2022\/wp-content\/uploads\/2026\/08\/WhatsApp-Image-2026-08-30-at-17.54.07.jpeg","type":"image\/jpeg"}],"author":"Roberto","twitter_card":"summary_large_image","twitter_misc":{"Escrito por":"Roberto","Est. tempo de leitura":"4 minutos"},"schema":{"@context":"https:\/\/schema.org","@graph":[{"@type":"Article","@id":"https:\/\/regiaonews.net.br\/2022\/2026\/08\/pre-balanco-destaca-24-horas-de-atividades-e-inovacao-da-71a-festa-do-peao-de-barretos\/#article","isPartOf":{"@id":"https:\/\/regiaonews.net.br\/2022\/2026\/08\/pre-balanco-destaca-24-horas-de-atividades-e-inovacao-da-71a-festa-do-peao-de-barretos\/"},"author":{"name":"Roberto","@id":"https:\/\/regiaonews.net.br\/2022\/#\/schema\/person\/2d205a608a5aa97ac279d7a5e6d89ad8"},"headline":"Pr\u00e9-balan\u00e7o destaca 24 horas de atividades e inova\u00e7\u00e3o da 71\u00aa Festa do Pe\u00e3o de Barretos","datePublished":"2026-08-30T21:41:28+00:00","mainEntityOfPage":{"@id":"https:\/\/regiaonews.net.br\/2022\/2026\/08\/pre-balanco-destaca-24-horas-de-atividades-e-inovacao-da-71a-festa-do-peao-de-barretos\/"},"wordCount":718,"commentCount":0,"publisher":{"@id":"https:\/\/regiaonews.net.br\/2022\/#organization"},"image":{"@id":"https:\/\/regiaonews.net.br\/2022\/2026\/08\/pre-balanco-destaca-24-horas-de-atividades-e-inovacao-da-71a-festa-do-peao-de-barretos\/#primaryimage"},"thumbnailUrl":"https:\/\/regiaonews.net.br\/2022\/wp-content\/uploads\/2026\/08\/WhatsApp-Image-2026-08-30-at-17.54.07.jpeg","articleSection":["Festa do Pe\u00e3o"],"inLanguage":"pt-BR","potentialAction":[{"@type":"CommentAction","name":"Comment","target":["https:\/\/regiaonews.net.br\/2022\/2026\/08\/pre-balanco-destaca-24-horas-de-atividades-e-inovacao-da-71a-festa-do-peao-de-barretos\/#respond"]}]},{"@type":"WebPage","@id":"https:\/\/regiaonews.net.br\/2022\/2026\/08\/pre-balanco-destaca-24-horas-de-atividades-e-inovacao-da-71a-festa-do-peao-de-barretos\/","url":"https:\/\/regiaonews.net.br\/2022\/2026\/08\/pre-balanco-destaca-24-horas-de-atividades-e-inovacao-da-71a-festa-do-peao-de-barretos\/","name":"Pr\u00e9-balan\u00e7o destaca 24 horas de atividades e inova\u00e7\u00e3o da 71\u00aa Festa do Pe\u00e3o de Barretos - Regi\u00e3o News","isPartOf":{"@id":"https:\/\/regiaonews.net.br\/2022\/#website"},"primaryImageOfPage":{"@id":"https:\/\/regiaonews.net.br\/2022\/2026\/08\/pre-balanco-destaca-24-horas-de-atividades-e-inovacao-da-71a-festa-do-peao-de-barretos\/#primaryimage"},"image":{"@id":"https:\/\/regiaonews.net.br\/2022\/2026\/08\/pre-balanco-destaca-24-horas-de-atividades-e-inovacao-da-71a-festa-do-peao-de-barretos\/#primaryimage"},"thumbnailUrl":"https:\/\/regiaonews.net.br\/2022\/wp-content\/uploads\/2026\/08\/WhatsApp-Image-2026-08-30-at-17.54.07.jpeg","datePublished":"2026-08-30T21:41:28+00:00","breadcrumb":{"@id":"https:\/\/regiaonews.net.br\/2022\/2026\/08\/pre-balanco-destaca-24-horas-de-atividades-e-inovacao-da-71a-festa-do-peao-de-barretos\/#breadcrumb"},"inLanguage":"pt-BR","potentialAction":[{"@type":"ReadAction","target":["https:\/\/regiaonews.net.br\/2022\/2026\/08\/pre-balanco-destaca-24-horas-de-atividades-e-inovacao-da-71a-festa-do-peao-de-barretos\/"]}]},{"@type":"ImageObject","inLanguage":"pt-BR","@id":"https:\/\/regiaonews.net.br\/2022\/2026\/08\/pre-balanco-destaca-24-horas-de-atividades-e-inovacao-da-71a-festa-do-peao-de-barretos\/#primaryimage","url":"https:\/\/regiaonews.net.br\/2022\/wp-content\/uploads\/2026\/08\/WhatsApp-Image-2026-08-30-at-17.54.07.jpeg","contentUrl":"https:\/\/regiaonews.net.br\/2022\/wp-content\/uploads\/2026\/08\/WhatsApp-Image-2026-08-30-at-17.54.07.jpeg","width":1600,"height":1066},{"@type":"BreadcrumbList","@id":"https:\/\/regiaonews.net.br\/2022\/2026\/08\/pre-balanco-destaca-24-horas-de-atividades-e-inovacao-da-71a-festa-do-peao-de-barretos\/#breadcrumb","itemListElement":[{"@type":"ListItem","position":1,"name":"In\u00edcio","item":"https:\/\/regiaonews.net.br\/2022\/"},{"@type":"ListItem","position":2,"name":"Pr\u00e9-balan\u00e7o destaca 24 horas de atividades e inova\u00e7\u00e3o da 71\u00aa Festa do Pe\u00e3o de Barretos"}]},{"@type":"WebSite","@id":"https:\/\/regiaonews.net.br\/2022\/#website","url":"https:\/\/regiaonews.net.br\/2022\/","name":"Regi\u00e3o News","description":"Site de Not\u00edcias de Barretos e regi\u00e3o","publisher":{"@id":"https:\/\/regiaonews.net.br\/2022\/#organization"},"potentialAction":[{"@type":"SearchAction","target":{"@type":"EntryPoint","urlTemplate":"https:\/\/regiaonews.net.br\/2022\/?s={search_term_string}"},"query-input":{"@type":"PropertyValueSpecification","valueRequired":true,"valueName":"search_term_string"}}],"inLanguage":"pt-BR"},{"@type":"Organization","@id":"https:\/\/regiaonews.net.br\/2022\/#organization","name":"Regi\u00e3o News","url":"https:\/\/regiaonews.net.br\/2022\/","logo":{"@type":"ImageObject","inLanguage":"pt-BR","@id":"https:\/\/regiaonews.net.br\/2022\/#\/schema\/logo\/image\/","url":"https:\/\/regiaonews.net.br\/2022\/wp-content\/uploads\/2026\/08\/LOGO-NEW-REG-TR.png","contentUrl":"https:\/\/regiaonews.net.br\/2022\/wp-content\/uploads\/2026\/08\/LOGO-NEW-REG-TR.png","width":360,"height":130,"caption":"Regi\u00e3o News"},"image":{"@id":"https:\/\/regiaonews.net.br\/2022\/#\/schema\/logo\/image\/"}},{"@type":"Person","@id":"https:\/\/regiaonews.net.br\/2022\/#\/schema\/person\/2d205a608a5aa97ac279d7a5e6d89ad8","name":"Roberto","image":{"@type":"ImageObject","inLanguage":"pt-BR","@id":"https:\/\/secure.gravatar.com\/avatar\/42749d8b712ff9d59ca93dc150494e5b55a44134482993f5baeb97e61b7ecc89?s=96&d=mm&r=g","url":"https:\/\/secure.gravatar.com\/avatar\/42749d8b712ff9d59ca93dc150494e5b55a44134482993f5baeb97e61b7ecc89?s=96&d=mm&r=g","contentUrl":"https:\/\/secure.gravatar.com\/avatar\/42749d8b712ff9d59ca93dc150494e5b55a44134482993f5baeb97e61b7ecc89?s=96&d=mm&r=g","caption":"Roberto"},"url":"https:\/\/regiaonews.net.br\/2022\/author\/roberto\/"}]}},"publishpress_future_action":{"enabled":false,"date":"2026-09-07 02:57:23","action":"change-status","newStatus":"draft","terms":[],"taxonomy":"category","extraData":[]},"publishpress_future_workflow_manual_trigger":{"enabledWorkflows":[]},"_links":{"self":[{"href":"https:\/\/regiaonews.net.br\/2022\/wp-json\/wp\/v2\/posts\/132331","targetHints":{"allow":["GET"]}}],"collection":[{"href":"https:\/\/regiaonews.net.br\/2022\/wp-json\/wp\/v2\/posts"}],"about":[{"href":"https:\/\/regiaonews.net.br\/2022\/wp-json\/wp\/v2\/types\/post"}],"author":[{"embeddable":true,"href":"https:\/\/regiaonews.net.br\/2022\/wp-json\/wp\/v2\/users\/2"}],"replies":[{"embeddable":true,"href":"https:\/\/regiaonews.net.br\/2022\/wp-json\/wp\/v2\/comments?post=132331"}],"version-history":[{"count":1,"href":"https:\/\/regiaonews.net.br\/2022\/wp-json\/wp\/v2\/posts\/132331\/revisions"}],"predecessor-version":[{"id":132333,"href":"https:\/\/regiaonews.net.br\/2022\/wp-json\/wp\/v2\/posts\/132331\/revisions\/132333"}],"wp:featuredmedia":[{"embeddable":true,"href":"https:\/\/regiaonews.net.br\/2022\/wp-json\/wp\/v2\/media\/132332"}],"wp:attachment":[{"href":"https:\/\/regiaonews.net.br\/2022\/wp-json\/wp\/v2\/media?parent=132331"}],"wp:term":[{"taxonomy":"category","embeddable":true,"href":"https:\/\/regiaonews.net.br\/2022\/wp-json\/wp\/v2\/categories?post=132331"},{"taxonomy":"post_tag","embeddable":true,"href":"https:\/\/regiaonews.net.br\/2022\/wp-json\/wp\/v2\/tags?post=132331"}],"curies":[{"name":"wp","href":"https:\/\/api.w.org\/{rel}","templated":true}]}}