{"id":132325,"date":"2026-08-30T16:53:19","date_gmt":"2026-08-30T19:53:19","guid":{"rendered":"https:\/\/regiaonews.net.br\/2022\/?p=132325"},"modified":"2026-08-30T16:53:19","modified_gmt":"2026-08-30T19:53:19","slug":"com-ingressos-esgotados-ultimo-sabado-do-barretao-teve-grandes-shows-e-gustavo-lima-amanhecendo-na-arena","status":"publish","type":"post","link":"https:\/\/regiaonews.net.br\/2022\/2026\/08\/com-ingressos-esgotados-ultimo-sabado-do-barretao-teve-grandes-shows-e-gustavo-lima-amanhecendo-na-arena\/","title":{"rendered":"Com ingressos esgotados, \u00faltimo s\u00e1bado do Barret\u00e3o teve grandes shows e Gustavo Lima amanhecendo na arena"},"content":{"rendered":"<p>Est\u00e1dio de Rodeios permaneceu lotado at\u00e9 o amanhecer durante a apresenta\u00e7\u00e3o de Gusttavo Lima (Foto: RT_Imagens)<\/p>\n<p>No Palco Amanhecer o p\u00fablico acompanhou do sertanejo ao forr\u00f3, com grandes nomes da m\u00fasica brasileira.<\/p>\n<p>O \u00faltimo s\u00e1bado da Festa do Pe\u00e3o de Barretos foi daqueles que ficam guardados na mem\u00f3ria. Com ingressos do Palco Est\u00e1dio esgotados, a noite foi marcada por encontros, grandes sucessos e muita emo\u00e7\u00e3o, reunindo diferentes gera\u00e7\u00f5es em uma celebra\u00e7\u00e3o \u00e0 altura de uma das maiores festas de rodeio do pa\u00eds.<\/p>\n<p>Leonardo subiu ao Palco Est\u00e1dio fazendo a alegria do p\u00fablico. Com uma trajet\u00f3ria marcada por can\u00e7\u00f5es que atravessaram gera\u00e7\u00f5es, fez a arena cantar em uma s\u00f3 voz. Dono de uma presen\u00e7a \u00fanica e de um repert\u00f3rio que faz parte da hist\u00f3ria da m\u00fasica brasileira, o cantor apresentou ao p\u00fablico sucessos como \u201cCora\u00e7\u00e3o Bandido\u201d, \u201cEu Juro\u201d e \u201cHorizonte Azul\u201d.<\/p>\n<p>Durante a coletiva de imprensa, Leonardo destacou a emo\u00e7\u00e3o de retornar \u00e0 Festa do Pe\u00e3o de Barretos e a import\u00e2ncia do evento em sua trajet\u00f3ria de mais de quatro d\u00e9cadas de carreira. Para o cantor, estar novamente diante da arena representa um encontro com a pr\u00f3pria hist\u00f3ria e com um p\u00fablico que se renova a cada edi\u00e7\u00e3o. Ele contou que, pouco antes de subir ao palco, chegou a comentar que estava com as m\u00e3os transpirando e foi questionado sobre o motivo, j\u00e1 que se apresenta em Barretos h\u00e1 tantos anos.<\/p>\n<p>\u201cEu respondi: ningu\u00e9m est\u00e1 acostumado a cantar em Barretos. \u00c9 a maior festa de rodeio do Brasil, da Am\u00e9rica Latina e, por que n\u00e3o dizer, uma das maiores do mundo. Para n\u00f3s, que temos mais de 40 anos de carreira, \u00e9 uma alegria e uma gratid\u00e3o muito grande poder voltar praticamente todos os anos a Barretos\u201d, afirmou.<\/p>\n<p>A rela\u00e7\u00e3o de Leonardo com o evento tamb\u00e9m \u00e9 marcada por lembran\u00e7as que atravessam sua hist\u00f3ria pessoal e profissional, especialmente dos momentos em que dividiu o palco com o irm\u00e3o, Leandro. Ao recordar as primeiras edi\u00e7\u00f5es que viveu no Parque do Pe\u00e3o, o artista ressaltou a transforma\u00e7\u00e3o do espa\u00e7o ao longo das d\u00e9cadas. \u201cQuando olho para tr\u00e1s e lembro de 40 anos atr\u00e1s, quando este parque ainda era muito pequeno, jamais imaginaria que chegaria a esse tamanho. Tenho muito orgulho e muitas lembran\u00e7as, inclusive de quando pude cantar com meu irm\u00e3o, Leandro. S\u00e3o mem\u00f3rias que ficam para a vida toda\u201d, relembrou o artista.<\/p>\n<p>Na sequ\u00eancia, Jo\u00e3o Bosco &amp; Vin\u00edcius levaram a arena a energia caracter\u00edstica da dupla. Com sucessos que ajudaram a construir a hist\u00f3ria do sertanejo universit\u00e1rio, os artistas fizeram a multid\u00e3o cantar do in\u00edcio ao fim e refor\u00e7aram a conex\u00e3o entre o palco e o p\u00fablico de Barretos.<\/p>\n<p>A dupla falou com a imprensa antes de subir ao palco. Durante a coletiva, Jo\u00e3o Bosco &amp; Vin\u00edcius relembraram a trajet\u00f3ria constru\u00edda ao longo de 19 anos na Festa do Pe\u00e3o de Barretos e destacaram a import\u00e2ncia de retornar \u00e0 arena para um momento especial: a grava\u00e7\u00e3o do projeto audiovisual \u201cJo\u00e3o Bosco &amp; Vin\u00edcius \u2014 Ao Vivo em Barretos: A Voz de uma Gera\u00e7\u00e3o\u201d.<\/p>\n<p>\u201cHoje \u00e9 uma data muito especial para n\u00f3s. Este \u00e9 o nosso 19\u00ba ano na Festa do Pe\u00e3o de Barretos, sendo 15 deles dentro da arena. Depois de tantas experi\u00eancias e momentos que vivemos aqui, estar novamente no palco, ao lado de Gusttavo Lima e Leonardo, \u00e9 uma verdadeira coroa\u00e7\u00e3o da nossa trajet\u00f3ria. Por isso, decidimos registrar esse momento e transformar o show de hoje nesse projeto. \u00c9 algo que vai ficar para o resto das nossas vidas\u201d, destacou a dupla.<\/p>\n<p>O Embaixador voltou!<\/p>\n<p>Fechando a programa\u00e7\u00e3o com chave de ouro, o Embaixador da 71\u00aa edi\u00e7\u00e3o da Festa do Pe\u00e3o de Barretos, Gusttavo Lima, realizou o seu segundo show no Barret\u00e3o, encerrando as programa\u00e7\u00f5es art\u00edsticas da maior arena de rodeios da Am\u00e9rica Latina.<\/p>\n<p>Com um repert\u00f3rio repleto de hits, o cantor levantou a arena e conduziu o p\u00fablico por uma verdadeira maratona musical.<\/p>\n<p>Antes da apresenta\u00e7\u00e3o, em entrevista \u00e0 imprensa, Gusttavo Lima falou sobre a import\u00e2ncia de Barretos em sua trajet\u00f3ria e destacou a emo\u00e7\u00e3o de retornar ao palco que considera uma das grandes refer\u00eancias da m\u00fasica sertaneja.<\/p>\n<p>\u201cEu acho que o sonho de qualquer artista \u00e9 pisar nesse palco, estar dentro dessa festa, porque essa festa \u00e9 refer\u00eancia mundial. A gente sabe o tamanho que Barretos tem no nosso segmento, no sertanejo, no agro. \u00c9 como se fosse o nosso grande Rock in Rio do sertanejo. E eu sou mais um desses artistas que Barretos fez ser m\u00e1gico\u201d, afirmou.<\/p>\n<p>O cantor tamb\u00e9m relembrou as dificuldades enfrentadas no in\u00edcio da carreira e a transforma\u00e7\u00e3o vivida ao longo de quase duas d\u00e9cadas de estrada. \u201cEu nunca imaginei na minha vida que eu viria a Barretos, quem dir\u00e1 cantando. A gente n\u00e3o tinha condi\u00e7\u00e3o nem de sair da ro\u00e7a. Ent\u00e3o s\u00e3o essas situa\u00e7\u00f5es que realmente enchem o cora\u00e7\u00e3o da gente de gratid\u00e3o. Quando a gente olha para o retrovisor da gratid\u00e3o, v\u00ea uma caminhada que foi t\u00e3o grande e, ao mesmo tempo, t\u00e3o maravilhosa\u201d, contou.<\/p>\n<p>O Embaixador ainda destacou a gratid\u00e3o por viver da m\u00fasica e por ter conquistado um espa\u00e7o que, segundo ele, \u00e9 reservado a poucos artistas.<br \/>\n\u201cPoder viver da m\u00fasica, cantar em grandes festas, em grandes rodeios como esse, que realmente \u00e9 para poucos, me faz sentir que eu tenho muito mais do que mere\u00e7o\u201d, comentou Gusttavo Lima.<\/p>\n<p>Palco Amanhecer<br \/>\nSe no Est\u00e1dio a emo\u00e7\u00e3o tomou conta da arena, no Palco Amanhecer a festa atravessou a madrugada.<\/p>\n<p>A programa\u00e7\u00e3o reuniu nomes de diferentes estilos e gera\u00e7\u00f5es, mostrando a diversidade da m\u00fasica que faz parte da identidade do evento. Michel Tel\u00f3 abriu espa\u00e7o para a alegria e colocou o p\u00fablico para dan\u00e7ar com seus grandes sucessos, mantendo a anima\u00e7\u00e3o em alta.<\/p>\n<p>Ap\u00f3s o show, Michel Tel\u00f3 conversou com a imprensa e falou sobre o significado de retornar a Barretos justamente 17 anos depois de realizar no evento seu primeiro show em carreira solo. O cantor relembrou o in\u00edcio dessa nova fase da carreira e destacou a import\u00e2ncia da festa em sua trajet\u00f3ria profissional.<\/p>\n<p>\u201cHoje \u00e9 um dia muito especial para mim. Exatamente nesta data, h\u00e1 17 anos, eu vinha para a Festa de Barretos fazer o meu primeiro show em carreira solo. Ent\u00e3o, hoje foi um show especial, poder relembrar esse primeiro momento, esse recome\u00e7o. Eu j\u00e1 tinha tocado aqui com o Tradi\u00e7\u00e3o algumas vezes, colocado um trio el\u00e9trico na arena, mas quando decidi lan\u00e7ar meu projeto solo, escolhi fazer meu primeiro show aqui e fui acolhido por Barretos. Acredito que isso me deu sorte, porque, pouco tempo depois, j\u00e1 tinha a m\u00fasica mais tocada no Brasil e, mais um ano depois, j\u00e1 estava cantando mundo afora. Ent\u00e3o, poder voltar 17 anos depois e relembrar aquela primeira vez em que subi ao palco, recome\u00e7ando algo novo, \u00e9 muito especial para mim\u201d, destacou o artista.<\/p>\n<p>O Palco Amanhecer tamb\u00e9m contou com as apresenta\u00e7\u00f5es de Danilo &amp; Davi, Luan Pereira, L\u00e9o &amp; Raphael e Fiduma &amp; Jeca tamb\u00e9m marcaram presen\u00e7a e mantiveram a energia da festa nas alturas.<\/p>\n<p>A madrugada ganhou ainda mais intensidade com a chegada de Calcinha Preta, que levou para Barretos toda a for\u00e7a e a emo\u00e7\u00e3o do forr\u00f3, fazendo o p\u00fablico cantar grandes sucessos.<\/p>\n<p>Barretos em ritmo de Carnaval<br \/>\nO Chiclete com Banana levou a m\u00fasica para al\u00e9m dos palcos e transformou as ruas do Parque do Pe\u00e3o em uma grande celebra\u00e7\u00e3o a c\u00e9u aberto no Barret\u00e3o El\u00e9trico. Ao som de sucessos que atravessam gera\u00e7\u00f5es, o p\u00fablico acompanhou o trio em um clima de carnaval.<\/p>\n<p>Programa\u00e7\u00e3o de domingo, 30 de agosto<br \/>\nO \u00faltimo dia da 71\u00aa Festa do Pe\u00e3o de Barretos contar\u00e1 com Queima do Alho e as finais das competi\u00e7\u00f5es esportivas.<\/p>\n<p>A programa\u00e7\u00e3o tem in\u00edcio \u00e0s 12h com a Queima do Alho. A competi\u00e7\u00f5es esportivas se iniciam \u00e0s 14h, com a final do Rodeio Junior e segue durante todo o dia. Uma das finais mais esperadas \u00e9 a do rodeio em touros pelo Barretos International Rodeo, prevista para iniciar \u00e0s 21h15.<\/p>\n","protected":false},"excerpt":{"rendered":"<p>Est\u00e1dio de Rodeios permaneceu lotado at\u00e9 o amanhecer durante a apresenta\u00e7\u00e3o de Gusttavo Lima (Foto: RT_Imagens) No Palco Amanhecer o p\u00fablico acompanhou do sertanejo ao&#8230;<\/p>\n","protected":false},"author":2,"featured_media":132326,"comment_status":"open","ping_status":"open","sticky":false,"template":"","format":"standard","meta":{"_themeisle_gutenberg_block_has_review":false,"footnotes":""},"categories":[45],"tags":[],"class_list":["post-132325","post","type-post","status-publish","format-standard","has-post-thumbnail","hentry","category-festa-do-peao"],"yoast_head":"<!-- This site is optimized with the Yoast SEO plugin v28.3 - https:\/\/yoast.com\/product\/yoast-seo-wordpress\/ -->\n<title>Com ingressos esgotados, \u00faltimo s\u00e1bado do Barret\u00e3o teve grandes shows e Gustavo Lima amanhecendo na arena - Regi\u00e3o News<\/title>\n<meta name=\"robots\" content=\"index, follow, max-snippet:-1, max-image-preview:large, max-video-preview:-1\" \/>\n<link rel=\"canonical\" href=\"https:\/\/regiaonews.net.br\/2022\/2026\/08\/com-ingressos-esgotados-ultimo-sabado-do-barretao-teve-grandes-shows-e-gustavo-lima-amanhecendo-na-arena\/\" \/>\n<meta property=\"og:locale\" content=\"pt_BR\" \/>\n<meta property=\"og:type\" content=\"article\" \/>\n<meta property=\"og:title\" content=\"Com ingressos esgotados, \u00faltimo s\u00e1bado do Barret\u00e3o teve grandes shows e Gustavo Lima amanhecendo na arena - Regi\u00e3o News\" \/>\n<meta property=\"og:description\" content=\"Est\u00e1dio de Rodeios permaneceu lotado at\u00e9 o amanhecer durante a apresenta\u00e7\u00e3o de Gusttavo Lima (Foto: RT_Imagens) No Palco Amanhecer o p\u00fablico acompanhou do sertanejo ao...\" \/>\n<meta property=\"og:url\" content=\"https:\/\/regiaonews.net.br\/2022\/2026\/08\/com-ingressos-esgotados-ultimo-sabado-do-barretao-teve-grandes-shows-e-gustavo-lima-amanhecendo-na-arena\/\" \/>\n<meta property=\"og:site_name\" content=\"Regi\u00e3o News\" \/>\n<meta property=\"article:published_time\" content=\"2026-08-30T19:53:19+00:00\" \/>\n<meta property=\"og:image\" content=\"https:\/\/regiaonews.net.br\/2022\/wp-content\/uploads\/2026\/08\/WhatsApp-Image-2026-08-30-at-09.47.59.jpeg\" \/>\n\t<meta property=\"og:image:width\" content=\"1280\" \/>\n\t<meta property=\"og:image:height\" content=\"1600\" \/>\n\t<meta property=\"og:image:type\" content=\"image\/jpeg\" \/>\n<meta name=\"author\" content=\"Roberto\" \/>\n<meta name=\"twitter:card\" content=\"summary_large_image\" \/>\n<meta name=\"twitter:label1\" content=\"Escrito por\" \/>\n\t<meta name=\"twitter:data1\" content=\"Roberto\" \/>\n\t<meta name=\"twitter:label2\" content=\"Est. tempo de leitura\" \/>\n\t<meta name=\"twitter:data2\" content=\"8 minutos\" \/>\n<script type=\"application\/ld+json\" class=\"yoast-schema-graph\">{\"@context\":\"https:\\\/\\\/schema.org\",\"@graph\":[{\"@type\":\"Article\",\"@id\":\"https:\\\/\\\/regiaonews.net.br\\\/2022\\\/2026\\\/08\\\/com-ingressos-esgotados-ultimo-sabado-do-barretao-teve-grandes-shows-e-gustavo-lima-amanhecendo-na-arena\\\/#article\",\"isPartOf\":{\"@id\":\"https:\\\/\\\/regiaonews.net.br\\\/2022\\\/2026\\\/08\\\/com-ingressos-esgotados-ultimo-sabado-do-barretao-teve-grandes-shows-e-gustavo-lima-amanhecendo-na-arena\\\/\"},\"author\":{\"name\":\"Roberto\",\"@id\":\"https:\\\/\\\/regiaonews.net.br\\\/2022\\\/#\\\/schema\\\/person\\\/2d205a608a5aa97ac279d7a5e6d89ad8\"},\"headline\":\"Com ingressos esgotados, \u00faltimo s\u00e1bado do Barret\u00e3o teve grandes shows e Gustavo Lima amanhecendo na arena\",\"datePublished\":\"2026-08-30T19:53:19+00:00\",\"mainEntityOfPage\":{\"@id\":\"https:\\\/\\\/regiaonews.net.br\\\/2022\\\/2026\\\/08\\\/com-ingressos-esgotados-ultimo-sabado-do-barretao-teve-grandes-shows-e-gustavo-lima-amanhecendo-na-arena\\\/\"},\"wordCount\":1464,\"commentCount\":0,\"publisher\":{\"@id\":\"https:\\\/\\\/regiaonews.net.br\\\/2022\\\/#organization\"},\"image\":{\"@id\":\"https:\\\/\\\/regiaonews.net.br\\\/2022\\\/2026\\\/08\\\/com-ingressos-esgotados-ultimo-sabado-do-barretao-teve-grandes-shows-e-gustavo-lima-amanhecendo-na-arena\\\/#primaryimage\"},\"thumbnailUrl\":\"https:\\\/\\\/regiaonews.net.br\\\/2022\\\/wp-content\\\/uploads\\\/2026\\\/08\\\/WhatsApp-Image-2026-08-30-at-09.47.59.jpeg\",\"articleSection\":[\"Festa do Pe\u00e3o\"],\"inLanguage\":\"pt-BR\",\"potentialAction\":[{\"@type\":\"CommentAction\",\"name\":\"Comment\",\"target\":[\"https:\\\/\\\/regiaonews.net.br\\\/2022\\\/2026\\\/08\\\/com-ingressos-esgotados-ultimo-sabado-do-barretao-teve-grandes-shows-e-gustavo-lima-amanhecendo-na-arena\\\/#respond\"]}]},{\"@type\":\"WebPage\",\"@id\":\"https:\\\/\\\/regiaonews.net.br\\\/2022\\\/2026\\\/08\\\/com-ingressos-esgotados-ultimo-sabado-do-barretao-teve-grandes-shows-e-gustavo-lima-amanhecendo-na-arena\\\/\",\"url\":\"https:\\\/\\\/regiaonews.net.br\\\/2022\\\/2026\\\/08\\\/com-ingressos-esgotados-ultimo-sabado-do-barretao-teve-grandes-shows-e-gustavo-lima-amanhecendo-na-arena\\\/\",\"name\":\"Com ingressos esgotados, \u00faltimo s\u00e1bado do Barret\u00e3o teve grandes shows e Gustavo Lima amanhecendo na arena - Regi\u00e3o News\",\"isPartOf\":{\"@id\":\"https:\\\/\\\/regiaonews.net.br\\\/2022\\\/#website\"},\"primaryImageOfPage\":{\"@id\":\"https:\\\/\\\/regiaonews.net.br\\\/2022\\\/2026\\\/08\\\/com-ingressos-esgotados-ultimo-sabado-do-barretao-teve-grandes-shows-e-gustavo-lima-amanhecendo-na-arena\\\/#primaryimage\"},\"image\":{\"@id\":\"https:\\\/\\\/regiaonews.net.br\\\/2022\\\/2026\\\/08\\\/com-ingressos-esgotados-ultimo-sabado-do-barretao-teve-grandes-shows-e-gustavo-lima-amanhecendo-na-arena\\\/#primaryimage\"},\"thumbnailUrl\":\"https:\\\/\\\/regiaonews.net.br\\\/2022\\\/wp-content\\\/uploads\\\/2026\\\/08\\\/WhatsApp-Image-2026-08-30-at-09.47.59.jpeg\",\"datePublished\":\"2026-08-30T19:53:19+00:00\",\"breadcrumb\":{\"@id\":\"https:\\\/\\\/regiaonews.net.br\\\/2022\\\/2026\\\/08\\\/com-ingressos-esgotados-ultimo-sabado-do-barretao-teve-grandes-shows-e-gustavo-lima-amanhecendo-na-arena\\\/#breadcrumb\"},\"inLanguage\":\"pt-BR\",\"potentialAction\":[{\"@type\":\"ReadAction\",\"target\":[\"https:\\\/\\\/regiaonews.net.br\\\/2022\\\/2026\\\/08\\\/com-ingressos-esgotados-ultimo-sabado-do-barretao-teve-grandes-shows-e-gustavo-lima-amanhecendo-na-arena\\\/\"]}]},{\"@type\":\"ImageObject\",\"inLanguage\":\"pt-BR\",\"@id\":\"https:\\\/\\\/regiaonews.net.br\\\/2022\\\/2026\\\/08\\\/com-ingressos-esgotados-ultimo-sabado-do-barretao-teve-grandes-shows-e-gustavo-lima-amanhecendo-na-arena\\\/#primaryimage\",\"url\":\"https:\\\/\\\/regiaonews.net.br\\\/2022\\\/wp-content\\\/uploads\\\/2026\\\/08\\\/WhatsApp-Image-2026-08-30-at-09.47.59.jpeg\",\"contentUrl\":\"https:\\\/\\\/regiaonews.net.br\\\/2022\\\/wp-content\\\/uploads\\\/2026\\\/08\\\/WhatsApp-Image-2026-08-30-at-09.47.59.jpeg\",\"width\":1280,\"height\":1600},{\"@type\":\"BreadcrumbList\",\"@id\":\"https:\\\/\\\/regiaonews.net.br\\\/2022\\\/2026\\\/08\\\/com-ingressos-esgotados-ultimo-sabado-do-barretao-teve-grandes-shows-e-gustavo-lima-amanhecendo-na-arena\\\/#breadcrumb\",\"itemListElement\":[{\"@type\":\"ListItem\",\"position\":1,\"name\":\"In\u00edcio\",\"item\":\"https:\\\/\\\/regiaonews.net.br\\\/2022\\\/\"},{\"@type\":\"ListItem\",\"position\":2,\"name\":\"Com ingressos esgotados, \u00faltimo s\u00e1bado do Barret\u00e3o teve grandes shows e Gustavo Lima amanhecendo na arena\"}]},{\"@type\":\"WebSite\",\"@id\":\"https:\\\/\\\/regiaonews.net.br\\\/2022\\\/#website\",\"url\":\"https:\\\/\\\/regiaonews.net.br\\\/2022\\\/\",\"name\":\"Regi\u00e3o News\",\"description\":\"Site de Not\u00edcias de Barretos e regi\u00e3o\",\"publisher\":{\"@id\":\"https:\\\/\\\/regiaonews.net.br\\\/2022\\\/#organization\"},\"potentialAction\":[{\"@type\":\"SearchAction\",\"target\":{\"@type\":\"EntryPoint\",\"urlTemplate\":\"https:\\\/\\\/regiaonews.net.br\\\/2022\\\/?s={search_term_string}\"},\"query-input\":{\"@type\":\"PropertyValueSpecification\",\"valueRequired\":true,\"valueName\":\"search_term_string\"}}],\"inLanguage\":\"pt-BR\"},{\"@type\":\"Organization\",\"@id\":\"https:\\\/\\\/regiaonews.net.br\\\/2022\\\/#organization\",\"name\":\"Regi\u00e3o News\",\"url\":\"https:\\\/\\\/regiaonews.net.br\\\/2022\\\/\",\"logo\":{\"@type\":\"ImageObject\",\"inLanguage\":\"pt-BR\",\"@id\":\"https:\\\/\\\/regiaonews.net.br\\\/2022\\\/#\\\/schema\\\/logo\\\/image\\\/\",\"url\":\"https:\\\/\\\/regiaonews.net.br\\\/2022\\\/wp-content\\\/uploads\\\/2026\\\/08\\\/LOGO-NEW-REG-TR.png\",\"contentUrl\":\"https:\\\/\\\/regiaonews.net.br\\\/2022\\\/wp-content\\\/uploads\\\/2026\\\/08\\\/LOGO-NEW-REG-TR.png\",\"width\":360,\"height\":130,\"caption\":\"Regi\u00e3o News\"},\"image\":{\"@id\":\"https:\\\/\\\/regiaonews.net.br\\\/2022\\\/#\\\/schema\\\/logo\\\/image\\\/\"}},{\"@type\":\"Person\",\"@id\":\"https:\\\/\\\/regiaonews.net.br\\\/2022\\\/#\\\/schema\\\/person\\\/2d205a608a5aa97ac279d7a5e6d89ad8\",\"name\":\"Roberto\",\"image\":{\"@type\":\"ImageObject\",\"inLanguage\":\"pt-BR\",\"@id\":\"https:\\\/\\\/secure.gravatar.com\\\/avatar\\\/42749d8b712ff9d59ca93dc150494e5b55a44134482993f5baeb97e61b7ecc89?s=96&d=mm&r=g\",\"url\":\"https:\\\/\\\/secure.gravatar.com\\\/avatar\\\/42749d8b712ff9d59ca93dc150494e5b55a44134482993f5baeb97e61b7ecc89?s=96&d=mm&r=g\",\"contentUrl\":\"https:\\\/\\\/secure.gravatar.com\\\/avatar\\\/42749d8b712ff9d59ca93dc150494e5b55a44134482993f5baeb97e61b7ecc89?s=96&d=mm&r=g\",\"caption\":\"Roberto\"},\"url\":\"https:\\\/\\\/regiaonews.net.br\\\/2022\\\/author\\\/roberto\\\/\"}]}<\/script>\n<!-- \/ Yoast SEO plugin. -->","yoast_head_json":{"title":"Com ingressos esgotados, \u00faltimo s\u00e1bado do Barret\u00e3o teve grandes shows e Gustavo Lima amanhecendo na arena - Regi\u00e3o News","robots":{"index":"index","follow":"follow","max-snippet":"max-snippet:-1","max-image-preview":"max-image-preview:large","max-video-preview":"max-video-preview:-1"},"canonical":"https:\/\/regiaonews.net.br\/2022\/2026\/08\/com-ingressos-esgotados-ultimo-sabado-do-barretao-teve-grandes-shows-e-gustavo-lima-amanhecendo-na-arena\/","og_locale":"pt_BR","og_type":"article","og_title":"Com ingressos esgotados, \u00faltimo s\u00e1bado do Barret\u00e3o teve grandes shows e Gustavo Lima amanhecendo na arena - Regi\u00e3o News","og_description":"Est\u00e1dio de Rodeios permaneceu lotado at\u00e9 o amanhecer durante a apresenta\u00e7\u00e3o de Gusttavo Lima (Foto: RT_Imagens) No Palco Amanhecer o p\u00fablico acompanhou do sertanejo ao...","og_url":"https:\/\/regiaonews.net.br\/2022\/2026\/08\/com-ingressos-esgotados-ultimo-sabado-do-barretao-teve-grandes-shows-e-gustavo-lima-amanhecendo-na-arena\/","og_site_name":"Regi\u00e3o News","article_published_time":"2026-08-30T19:53:19+00:00","og_image":[{"width":1280,"height":1600,"url":"https:\/\/regiaonews.net.br\/2022\/wp-content\/uploads\/2026\/08\/WhatsApp-Image-2026-08-30-at-09.47.59.jpeg","type":"image\/jpeg"}],"author":"Roberto","twitter_card":"summary_large_image","twitter_misc":{"Escrito por":"Roberto","Est. tempo de leitura":"8 minutos"},"schema":{"@context":"https:\/\/schema.org","@graph":[{"@type":"Article","@id":"https:\/\/regiaonews.net.br\/2022\/2026\/08\/com-ingressos-esgotados-ultimo-sabado-do-barretao-teve-grandes-shows-e-gustavo-lima-amanhecendo-na-arena\/#article","isPartOf":{"@id":"https:\/\/regiaonews.net.br\/2022\/2026\/08\/com-ingressos-esgotados-ultimo-sabado-do-barretao-teve-grandes-shows-e-gustavo-lima-amanhecendo-na-arena\/"},"author":{"name":"Roberto","@id":"https:\/\/regiaonews.net.br\/2022\/#\/schema\/person\/2d205a608a5aa97ac279d7a5e6d89ad8"},"headline":"Com ingressos esgotados, \u00faltimo s\u00e1bado do Barret\u00e3o teve grandes shows e Gustavo Lima amanhecendo na arena","datePublished":"2026-08-30T19:53:19+00:00","mainEntityOfPage":{"@id":"https:\/\/regiaonews.net.br\/2022\/2026\/08\/com-ingressos-esgotados-ultimo-sabado-do-barretao-teve-grandes-shows-e-gustavo-lima-amanhecendo-na-arena\/"},"wordCount":1464,"commentCount":0,"publisher":{"@id":"https:\/\/regiaonews.net.br\/2022\/#organization"},"image":{"@id":"https:\/\/regiaonews.net.br\/2022\/2026\/08\/com-ingressos-esgotados-ultimo-sabado-do-barretao-teve-grandes-shows-e-gustavo-lima-amanhecendo-na-arena\/#primaryimage"},"thumbnailUrl":"https:\/\/regiaonews.net.br\/2022\/wp-content\/uploads\/2026\/08\/WhatsApp-Image-2026-08-30-at-09.47.59.jpeg","articleSection":["Festa do Pe\u00e3o"],"inLanguage":"pt-BR","potentialAction":[{"@type":"CommentAction","name":"Comment","target":["https:\/\/regiaonews.net.br\/2022\/2026\/08\/com-ingressos-esgotados-ultimo-sabado-do-barretao-teve-grandes-shows-e-gustavo-lima-amanhecendo-na-arena\/#respond"]}]},{"@type":"WebPage","@id":"https:\/\/regiaonews.net.br\/2022\/2026\/08\/com-ingressos-esgotados-ultimo-sabado-do-barretao-teve-grandes-shows-e-gustavo-lima-amanhecendo-na-arena\/","url":"https:\/\/regiaonews.net.br\/2022\/2026\/08\/com-ingressos-esgotados-ultimo-sabado-do-barretao-teve-grandes-shows-e-gustavo-lima-amanhecendo-na-arena\/","name":"Com ingressos esgotados, \u00faltimo s\u00e1bado do Barret\u00e3o teve grandes shows e Gustavo Lima amanhecendo na arena - Regi\u00e3o News","isPartOf":{"@id":"https:\/\/regiaonews.net.br\/2022\/#website"},"primaryImageOfPage":{"@id":"https:\/\/regiaonews.net.br\/2022\/2026\/08\/com-ingressos-esgotados-ultimo-sabado-do-barretao-teve-grandes-shows-e-gustavo-lima-amanhecendo-na-arena\/#primaryimage"},"image":{"@id":"https:\/\/regiaonews.net.br\/2022\/2026\/08\/com-ingressos-esgotados-ultimo-sabado-do-barretao-teve-grandes-shows-e-gustavo-lima-amanhecendo-na-arena\/#primaryimage"},"thumbnailUrl":"https:\/\/regiaonews.net.br\/2022\/wp-content\/uploads\/2026\/08\/WhatsApp-Image-2026-08-30-at-09.47.59.jpeg","datePublished":"2026-08-30T19:53:19+00:00","breadcrumb":{"@id":"https:\/\/regiaonews.net.br\/2022\/2026\/08\/com-ingressos-esgotados-ultimo-sabado-do-barretao-teve-grandes-shows-e-gustavo-lima-amanhecendo-na-arena\/#breadcrumb"},"inLanguage":"pt-BR","potentialAction":[{"@type":"ReadAction","target":["https:\/\/regiaonews.net.br\/2022\/2026\/08\/com-ingressos-esgotados-ultimo-sabado-do-barretao-teve-grandes-shows-e-gustavo-lima-amanhecendo-na-arena\/"]}]},{"@type":"ImageObject","inLanguage":"pt-BR","@id":"https:\/\/regiaonews.net.br\/2022\/2026\/08\/com-ingressos-esgotados-ultimo-sabado-do-barretao-teve-grandes-shows-e-gustavo-lima-amanhecendo-na-arena\/#primaryimage","url":"https:\/\/regiaonews.net.br\/2022\/wp-content\/uploads\/2026\/08\/WhatsApp-Image-2026-08-30-at-09.47.59.jpeg","contentUrl":"https:\/\/regiaonews.net.br\/2022\/wp-content\/uploads\/2026\/08\/WhatsApp-Image-2026-08-30-at-09.47.59.jpeg","width":1280,"height":1600},{"@type":"BreadcrumbList","@id":"https:\/\/regiaonews.net.br\/2022\/2026\/08\/com-ingressos-esgotados-ultimo-sabado-do-barretao-teve-grandes-shows-e-gustavo-lima-amanhecendo-na-arena\/#breadcrumb","itemListElement":[{"@type":"ListItem","position":1,"name":"In\u00edcio","item":"https:\/\/regiaonews.net.br\/2022\/"},{"@type":"ListItem","position":2,"name":"Com ingressos esgotados, \u00faltimo s\u00e1bado do Barret\u00e3o teve grandes shows e Gustavo Lima amanhecendo na arena"}]},{"@type":"WebSite","@id":"https:\/\/regiaonews.net.br\/2022\/#website","url":"https:\/\/regiaonews.net.br\/2022\/","name":"Regi\u00e3o News","description":"Site de Not\u00edcias de Barretos e regi\u00e3o","publisher":{"@id":"https:\/\/regiaonews.net.br\/2022\/#organization"},"potentialAction":[{"@type":"SearchAction","target":{"@type":"EntryPoint","urlTemplate":"https:\/\/regiaonews.net.br\/2022\/?s={search_term_string}"},"query-input":{"@type":"PropertyValueSpecification","valueRequired":true,"valueName":"search_term_string"}}],"inLanguage":"pt-BR"},{"@type":"Organization","@id":"https:\/\/regiaonews.net.br\/2022\/#organization","name":"Regi\u00e3o News","url":"https:\/\/regiaonews.net.br\/2022\/","logo":{"@type":"ImageObject","inLanguage":"pt-BR","@id":"https:\/\/regiaonews.net.br\/2022\/#\/schema\/logo\/image\/","url":"https:\/\/regiaonews.net.br\/2022\/wp-content\/uploads\/2026\/08\/LOGO-NEW-REG-TR.png","contentUrl":"https:\/\/regiaonews.net.br\/2022\/wp-content\/uploads\/2026\/08\/LOGO-NEW-REG-TR.png","width":360,"height":130,"caption":"Regi\u00e3o News"},"image":{"@id":"https:\/\/regiaonews.net.br\/2022\/#\/schema\/logo\/image\/"}},{"@type":"Person","@id":"https:\/\/regiaonews.net.br\/2022\/#\/schema\/person\/2d205a608a5aa97ac279d7a5e6d89ad8","name":"Roberto","image":{"@type":"ImageObject","inLanguage":"pt-BR","@id":"https:\/\/secure.gravatar.com\/avatar\/42749d8b712ff9d59ca93dc150494e5b55a44134482993f5baeb97e61b7ecc89?s=96&d=mm&r=g","url":"https:\/\/secure.gravatar.com\/avatar\/42749d8b712ff9d59ca93dc150494e5b55a44134482993f5baeb97e61b7ecc89?s=96&d=mm&r=g","contentUrl":"https:\/\/secure.gravatar.com\/avatar\/42749d8b712ff9d59ca93dc150494e5b55a44134482993f5baeb97e61b7ecc89?s=96&d=mm&r=g","caption":"Roberto"},"url":"https:\/\/regiaonews.net.br\/2022\/author\/roberto\/"}]}},"publishpress_future_action":{"enabled":false,"date":"2026-09-07 02:57:23","action":"change-status","newStatus":"draft","terms":[],"taxonomy":"category","extraData":[]},"publishpress_future_workflow_manual_trigger":{"enabledWorkflows":[]},"_links":{"self":[{"href":"https:\/\/regiaonews.net.br\/2022\/wp-json\/wp\/v2\/posts\/132325","targetHints":{"allow":["GET"]}}],"collection":[{"href":"https:\/\/regiaonews.net.br\/2022\/wp-json\/wp\/v2\/posts"}],"about":[{"href":"https:\/\/regiaonews.net.br\/2022\/wp-json\/wp\/v2\/types\/post"}],"author":[{"embeddable":true,"href":"https:\/\/regiaonews.net.br\/2022\/wp-json\/wp\/v2\/users\/2"}],"replies":[{"embeddable":true,"href":"https:\/\/regiaonews.net.br\/2022\/wp-json\/wp\/v2\/comments?post=132325"}],"version-history":[{"count":1,"href":"https:\/\/regiaonews.net.br\/2022\/wp-json\/wp\/v2\/posts\/132325\/revisions"}],"predecessor-version":[{"id":132327,"href":"https:\/\/regiaonews.net.br\/2022\/wp-json\/wp\/v2\/posts\/132325\/revisions\/132327"}],"wp:featuredmedia":[{"embeddable":true,"href":"https:\/\/regiaonews.net.br\/2022\/wp-json\/wp\/v2\/media\/132326"}],"wp:attachment":[{"href":"https:\/\/regiaonews.net.br\/2022\/wp-json\/wp\/v2\/media?parent=132325"}],"wp:term":[{"taxonomy":"category","embeddable":true,"href":"https:\/\/regiaonews.net.br\/2022\/wp-json\/wp\/v2\/categories?post=132325"},{"taxonomy":"post_tag","embeddable":true,"href":"https:\/\/regiaonews.net.br\/2022\/wp-json\/wp\/v2\/tags?post=132325"}],"curies":[{"name":"wp","href":"https:\/\/api.w.org\/{rel}","templated":true}]}}