{"id":128240,"date":"2026-05-03T09:17:47","date_gmt":"2026-05-03T12:17:47","guid":{"rendered":"https:\/\/regiaonews.net.br\/2022\/?p=128240"},"modified":"2026-05-03T09:28:47","modified_gmt":"2026-05-03T12:28:47","slug":"policia-militar-esclarece-furto-no-mercadao-municipal-e-identifica-autores","status":"publish","type":"post","link":"https:\/\/regiaonews.net.br\/2022\/2026\/05\/03\/policia-militar-esclarece-furto-no-mercadao-municipal-e-identifica-autores\/","title":{"rendered":"Pol\u00edcia Militar esclarece furto no Mercad\u00e3o Municipal e identifica autores"},"content":{"rendered":"<p>As equipes da For\u00e7a T\u00e1tica do 33\u00ba BPM\/I esclareceram um furto ocorrido no Mercad\u00e3o Municipal durante a madrugada do dia 1\u00ba de maio de 2026. A a\u00e7\u00e3o foi resultado de um trabalho conjunto entre diferentes equipes operacionais, que atuaram na identifica\u00e7\u00e3o e localiza\u00e7\u00e3o dos envolvidos.<br \/>\nDe acordo com a equipe chefiada pelo tenente Luiz Neto, a Pol\u00edcia Militar, ap\u00f3s tomarem conhecimento do crime, os policiais iniciaram dilig\u00eancias e, com base em informa\u00e7\u00f5es levantadas, conseguiram localizar dois suspeitos.<\/p>\n<p>Durante a abordagem, um dos indiv\u00edduos, identificado como M., confessou participa\u00e7\u00e3o no furto, entregando inclusive uma quantia em dinheiro proveniente do crime.<br \/>\nAinda segundo a ocorr\u00eancia, M. indicou a participa\u00e7\u00e3o de um segundo envolvido, identificado como S.. Ele foi localizado no bairro Fepasa e, em sua resid\u00eancia, os policiais apreenderam roupas que teriam sido utilizadas na a\u00e7\u00e3o criminosa, conforme imagens analisadas.<br \/>\nOs dois suspeitos foram conduzidos ao plant\u00e3o policial, onde prestaram depoimento. Ap\u00f3s os procedimentos, ambos foram liberados.<br \/>\nDurante a ocorr\u00eancia, foram apreendidos R$ 65,34 em dinheiro, um par de t\u00eanis, uma cal\u00e7a de moletom, uma blusa de moletom e um aparelho celular.<br \/>\nSegundo a pol\u00edcia, os indiv\u00edduos possuem antecedentes criminais, incluindo registros por tr\u00e1fico de drogas, furto, les\u00e3o corporal e amea\u00e7a.<br \/>\nA Pol\u00edcia Militar refor\u00e7a a import\u00e2ncia da colabora\u00e7\u00e3o da popula\u00e7\u00e3o com informa\u00e7\u00f5es que possam auxiliar na elucida\u00e7\u00e3o de crimes.<\/p>\n<p><a href=\"https:\/\/regiaonews.net.br\/2022\/wp-content\/uploads\/2026\/05\/Screenshot_20260503_084456_WhatsApp-1.jpg\"><img loading=\"lazy\" decoding=\"async\" class=\"alignnone size-medium wp-image-128245\" src=\"https:\/\/regiaonews.net.br\/2022\/wp-content\/uploads\/2026\/05\/Screenshot_20260503_084456_WhatsApp-1-268x300.jpg\" alt=\"\" width=\"268\" height=\"300\" srcset=\"https:\/\/regiaonews.net.br\/2022\/wp-content\/uploads\/2026\/05\/Screenshot_20260503_084456_WhatsApp-1-268x300.jpg 268w, https:\/\/regiaonews.net.br\/2022\/wp-content\/uploads\/2026\/05\/Screenshot_20260503_084456_WhatsApp-1-916x1024.jpg 916w, https:\/\/regiaonews.net.br\/2022\/wp-content\/uploads\/2026\/05\/Screenshot_20260503_084456_WhatsApp-1-768x858.jpg 768w, https:\/\/regiaonews.net.br\/2022\/wp-content\/uploads\/2026\/05\/Screenshot_20260503_084456_WhatsApp-1-250x279.jpg 250w, https:\/\/regiaonews.net.br\/2022\/wp-content\/uploads\/2026\/05\/Screenshot_20260503_084456_WhatsApp-1.jpg 1080w\" sizes=\"auto, (max-width: 268px) 100vw, 268px\" \/><\/a><\/p>\n","protected":false},"excerpt":{"rendered":"<p>As equipes da For\u00e7a T\u00e1tica do 33\u00ba BPM\/I esclareceram um<\/p>\n","protected":false},"author":2,"featured_media":128244,"comment_status":"open","ping_status":"open","sticky":false,"template":"","format":"standard","meta":{"footnotes":""},"categories":[14],"tags":[],"class_list":["post-128240","post","type-post","status-publish","format-standard","has-post-thumbnail","hentry","category-barretos"],"yoast_head":"<!-- This site is optimized with the Yoast SEO plugin v27.5 - https:\/\/yoast.com\/product\/yoast-seo-wordpress\/ -->\n<title>Pol\u00edcia Militar esclarece furto no Mercad\u00e3o Municipal e identifica autores - Regi\u00e3o News<\/title>\n<meta name=\"robots\" content=\"index, follow, max-snippet:-1, max-image-preview:large, max-video-preview:-1\" \/>\n<link rel=\"canonical\" href=\"https:\/\/regiaonews.net.br\/2022\/2026\/05\/03\/policia-militar-esclarece-furto-no-mercadao-municipal-e-identifica-autores\/\" \/>\n<meta property=\"og:locale\" content=\"pt_BR\" \/>\n<meta property=\"og:type\" content=\"article\" \/>\n<meta property=\"og:title\" content=\"Pol\u00edcia Militar esclarece furto no Mercad\u00e3o Municipal e identifica autores - Regi\u00e3o News\" \/>\n<meta property=\"og:description\" content=\"As equipes da For\u00e7a T\u00e1tica do 33\u00ba BPM\/I esclareceram um\" \/>\n<meta property=\"og:url\" content=\"https:\/\/regiaonews.net.br\/2022\/2026\/05\/03\/policia-militar-esclarece-furto-no-mercadao-municipal-e-identifica-autores\/\" \/>\n<meta property=\"og:site_name\" content=\"Regi\u00e3o News\" \/>\n<meta property=\"article:published_time\" content=\"2026-05-03T12:17:47+00:00\" \/>\n<meta property=\"article:modified_time\" content=\"2026-05-03T12:28:47+00:00\" \/>\n<meta property=\"og:image\" content=\"https:\/\/regiaonews.net.br\/2022\/wp-content\/uploads\/2026\/05\/IMG-20260503-WA0002.jpg\" \/>\n\t<meta property=\"og:image:width\" content=\"1600\" \/>\n\t<meta property=\"og:image:height\" content=\"854\" \/>\n\t<meta property=\"og:image:type\" content=\"image\/jpeg\" \/>\n<meta name=\"author\" content=\"Roberto\" \/>\n<meta name=\"twitter:card\" content=\"summary_large_image\" \/>\n<meta name=\"twitter:label1\" content=\"Escrito por\" \/>\n\t<meta name=\"twitter:data1\" content=\"Roberto\" \/>\n\t<meta name=\"twitter:label2\" content=\"Est. tempo de leitura\" \/>\n\t<meta name=\"twitter:data2\" content=\"2 minutos\" \/>\n<script type=\"application\/ld+json\" class=\"yoast-schema-graph\">{\"@context\":\"https:\\\/\\\/schema.org\",\"@graph\":[{\"@type\":\"Article\",\"@id\":\"https:\\\/\\\/regiaonews.net.br\\\/2022\\\/2026\\\/05\\\/03\\\/policia-militar-esclarece-furto-no-mercadao-municipal-e-identifica-autores\\\/#article\",\"isPartOf\":{\"@id\":\"https:\\\/\\\/regiaonews.net.br\\\/2022\\\/2026\\\/05\\\/03\\\/policia-militar-esclarece-furto-no-mercadao-municipal-e-identifica-autores\\\/\"},\"author\":{\"name\":\"Roberto\",\"@id\":\"https:\\\/\\\/regiaonews.net.br\\\/2022\\\/#\\\/schema\\\/person\\\/2d205a608a5aa97ac279d7a5e6d89ad8\"},\"headline\":\"Pol\u00edcia Militar esclarece furto no Mercad\u00e3o Municipal e identifica autores\",\"datePublished\":\"2026-05-03T12:17:47+00:00\",\"dateModified\":\"2026-05-03T12:28:47+00:00\",\"mainEntityOfPage\":{\"@id\":\"https:\\\/\\\/regiaonews.net.br\\\/2022\\\/2026\\\/05\\\/03\\\/policia-militar-esclarece-furto-no-mercadao-municipal-e-identifica-autores\\\/\"},\"wordCount\":260,\"commentCount\":0,\"publisher\":{\"@id\":\"https:\\\/\\\/regiaonews.net.br\\\/2022\\\/#organization\"},\"image\":{\"@id\":\"https:\\\/\\\/regiaonews.net.br\\\/2022\\\/2026\\\/05\\\/03\\\/policia-militar-esclarece-furto-no-mercadao-municipal-e-identifica-autores\\\/#primaryimage\"},\"thumbnailUrl\":\"https:\\\/\\\/regiaonews.net.br\\\/2022\\\/wp-content\\\/uploads\\\/2026\\\/05\\\/IMG-20260503-WA0002.jpg\",\"articleSection\":[\"Barretos\"],\"inLanguage\":\"pt-BR\",\"potentialAction\":[{\"@type\":\"CommentAction\",\"name\":\"Comment\",\"target\":[\"https:\\\/\\\/regiaonews.net.br\\\/2022\\\/2026\\\/05\\\/03\\\/policia-militar-esclarece-furto-no-mercadao-municipal-e-identifica-autores\\\/#respond\"]}]},{\"@type\":\"WebPage\",\"@id\":\"https:\\\/\\\/regiaonews.net.br\\\/2022\\\/2026\\\/05\\\/03\\\/policia-militar-esclarece-furto-no-mercadao-municipal-e-identifica-autores\\\/\",\"url\":\"https:\\\/\\\/regiaonews.net.br\\\/2022\\\/2026\\\/05\\\/03\\\/policia-militar-esclarece-furto-no-mercadao-municipal-e-identifica-autores\\\/\",\"name\":\"Pol\u00edcia Militar esclarece furto no Mercad\u00e3o Municipal e identifica autores - Regi\u00e3o News\",\"isPartOf\":{\"@id\":\"https:\\\/\\\/regiaonews.net.br\\\/2022\\\/#website\"},\"primaryImageOfPage\":{\"@id\":\"https:\\\/\\\/regiaonews.net.br\\\/2022\\\/2026\\\/05\\\/03\\\/policia-militar-esclarece-furto-no-mercadao-municipal-e-identifica-autores\\\/#primaryimage\"},\"image\":{\"@id\":\"https:\\\/\\\/regiaonews.net.br\\\/2022\\\/2026\\\/05\\\/03\\\/policia-militar-esclarece-furto-no-mercadao-municipal-e-identifica-autores\\\/#primaryimage\"},\"thumbnailUrl\":\"https:\\\/\\\/regiaonews.net.br\\\/2022\\\/wp-content\\\/uploads\\\/2026\\\/05\\\/IMG-20260503-WA0002.jpg\",\"datePublished\":\"2026-05-03T12:17:47+00:00\",\"dateModified\":\"2026-05-03T12:28:47+00:00\",\"breadcrumb\":{\"@id\":\"https:\\\/\\\/regiaonews.net.br\\\/2022\\\/2026\\\/05\\\/03\\\/policia-militar-esclarece-furto-no-mercadao-municipal-e-identifica-autores\\\/#breadcrumb\"},\"inLanguage\":\"pt-BR\",\"potentialAction\":[{\"@type\":\"ReadAction\",\"target\":[\"https:\\\/\\\/regiaonews.net.br\\\/2022\\\/2026\\\/05\\\/03\\\/policia-militar-esclarece-furto-no-mercadao-municipal-e-identifica-autores\\\/\"]}]},{\"@type\":\"ImageObject\",\"inLanguage\":\"pt-BR\",\"@id\":\"https:\\\/\\\/regiaonews.net.br\\\/2022\\\/2026\\\/05\\\/03\\\/policia-militar-esclarece-furto-no-mercadao-municipal-e-identifica-autores\\\/#primaryimage\",\"url\":\"https:\\\/\\\/regiaonews.net.br\\\/2022\\\/wp-content\\\/uploads\\\/2026\\\/05\\\/IMG-20260503-WA0002.jpg\",\"contentUrl\":\"https:\\\/\\\/regiaonews.net.br\\\/2022\\\/wp-content\\\/uploads\\\/2026\\\/05\\\/IMG-20260503-WA0002.jpg\",\"width\":1600,\"height\":854},{\"@type\":\"BreadcrumbList\",\"@id\":\"https:\\\/\\\/regiaonews.net.br\\\/2022\\\/2026\\\/05\\\/03\\\/policia-militar-esclarece-furto-no-mercadao-municipal-e-identifica-autores\\\/#breadcrumb\",\"itemListElement\":[{\"@type\":\"ListItem\",\"position\":1,\"name\":\"In\u00edcio\",\"item\":\"https:\\\/\\\/regiaonews.net.br\\\/2022\\\/\"},{\"@type\":\"ListItem\",\"position\":2,\"name\":\"Pol\u00edcia Militar esclarece furto no Mercad\u00e3o Municipal e identifica autores\"}]},{\"@type\":\"WebSite\",\"@id\":\"https:\\\/\\\/regiaonews.net.br\\\/2022\\\/#website\",\"url\":\"https:\\\/\\\/regiaonews.net.br\\\/2022\\\/\",\"name\":\"Regi\u00e3o News\",\"description\":\"Site de Not\u00edcias de Barretos e regi\u00e3o\",\"publisher\":{\"@id\":\"https:\\\/\\\/regiaonews.net.br\\\/2022\\\/#organization\"},\"potentialAction\":[{\"@type\":\"SearchAction\",\"target\":{\"@type\":\"EntryPoint\",\"urlTemplate\":\"https:\\\/\\\/regiaonews.net.br\\\/2022\\\/?s={search_term_string}\"},\"query-input\":{\"@type\":\"PropertyValueSpecification\",\"valueRequired\":true,\"valueName\":\"search_term_string\"}}],\"inLanguage\":\"pt-BR\"},{\"@type\":\"Organization\",\"@id\":\"https:\\\/\\\/regiaonews.net.br\\\/2022\\\/#organization\",\"name\":\"Regi\u00e3o News\",\"url\":\"https:\\\/\\\/regiaonews.net.br\\\/2022\\\/\",\"logo\":{\"@type\":\"ImageObject\",\"inLanguage\":\"pt-BR\",\"@id\":\"https:\\\/\\\/regiaonews.net.br\\\/2022\\\/#\\\/schema\\\/logo\\\/image\\\/\",\"url\":\"https:\\\/\\\/regiaonews.net.br\\\/2022\\\/wp-content\\\/uploads\\\/2026\\\/03\\\/regiao-13-anos-scaled.jpg\",\"contentUrl\":\"https:\\\/\\\/regiaonews.net.br\\\/2022\\\/wp-content\\\/uploads\\\/2026\\\/03\\\/regiao-13-anos-scaled.jpg\",\"width\":2560,\"height\":635,\"caption\":\"Regi\u00e3o News\"},\"image\":{\"@id\":\"https:\\\/\\\/regiaonews.net.br\\\/2022\\\/#\\\/schema\\\/logo\\\/image\\\/\"}},{\"@type\":\"Person\",\"@id\":\"https:\\\/\\\/regiaonews.net.br\\\/2022\\\/#\\\/schema\\\/person\\\/2d205a608a5aa97ac279d7a5e6d89ad8\",\"name\":\"Roberto\",\"image\":{\"@type\":\"ImageObject\",\"inLanguage\":\"pt-BR\",\"@id\":\"https:\\\/\\\/secure.gravatar.com\\\/avatar\\\/42749d8b712ff9d59ca93dc150494e5b55a44134482993f5baeb97e61b7ecc89?s=96&d=mm&r=g\",\"url\":\"https:\\\/\\\/secure.gravatar.com\\\/avatar\\\/42749d8b712ff9d59ca93dc150494e5b55a44134482993f5baeb97e61b7ecc89?s=96&d=mm&r=g\",\"contentUrl\":\"https:\\\/\\\/secure.gravatar.com\\\/avatar\\\/42749d8b712ff9d59ca93dc150494e5b55a44134482993f5baeb97e61b7ecc89?s=96&d=mm&r=g\",\"caption\":\"Roberto\"},\"url\":\"https:\\\/\\\/regiaonews.net.br\\\/2022\\\/author\\\/roberto\\\/\"}]}<\/script>\n<!-- \/ Yoast SEO plugin. -->","yoast_head_json":{"title":"Pol\u00edcia Militar esclarece furto no Mercad\u00e3o Municipal e identifica autores - Regi\u00e3o News","robots":{"index":"index","follow":"follow","max-snippet":"max-snippet:-1","max-image-preview":"max-image-preview:large","max-video-preview":"max-video-preview:-1"},"canonical":"https:\/\/regiaonews.net.br\/2022\/2026\/05\/03\/policia-militar-esclarece-furto-no-mercadao-municipal-e-identifica-autores\/","og_locale":"pt_BR","og_type":"article","og_title":"Pol\u00edcia Militar esclarece furto no Mercad\u00e3o Municipal e identifica autores - Regi\u00e3o News","og_description":"As equipes da For\u00e7a T\u00e1tica do 33\u00ba BPM\/I esclareceram um","og_url":"https:\/\/regiaonews.net.br\/2022\/2026\/05\/03\/policia-militar-esclarece-furto-no-mercadao-municipal-e-identifica-autores\/","og_site_name":"Regi\u00e3o News","article_published_time":"2026-05-03T12:17:47+00:00","article_modified_time":"2026-05-03T12:28:47+00:00","og_image":[{"width":1600,"height":854,"url":"https:\/\/regiaonews.net.br\/2022\/wp-content\/uploads\/2026\/05\/IMG-20260503-WA0002.jpg","type":"image\/jpeg"}],"author":"Roberto","twitter_card":"summary_large_image","twitter_misc":{"Escrito por":"Roberto","Est. tempo de leitura":"2 minutos"},"schema":{"@context":"https:\/\/schema.org","@graph":[{"@type":"Article","@id":"https:\/\/regiaonews.net.br\/2022\/2026\/05\/03\/policia-militar-esclarece-furto-no-mercadao-municipal-e-identifica-autores\/#article","isPartOf":{"@id":"https:\/\/regiaonews.net.br\/2022\/2026\/05\/03\/policia-militar-esclarece-furto-no-mercadao-municipal-e-identifica-autores\/"},"author":{"name":"Roberto","@id":"https:\/\/regiaonews.net.br\/2022\/#\/schema\/person\/2d205a608a5aa97ac279d7a5e6d89ad8"},"headline":"Pol\u00edcia Militar esclarece furto no Mercad\u00e3o Municipal e identifica autores","datePublished":"2026-05-03T12:17:47+00:00","dateModified":"2026-05-03T12:28:47+00:00","mainEntityOfPage":{"@id":"https:\/\/regiaonews.net.br\/2022\/2026\/05\/03\/policia-militar-esclarece-furto-no-mercadao-municipal-e-identifica-autores\/"},"wordCount":260,"commentCount":0,"publisher":{"@id":"https:\/\/regiaonews.net.br\/2022\/#organization"},"image":{"@id":"https:\/\/regiaonews.net.br\/2022\/2026\/05\/03\/policia-militar-esclarece-furto-no-mercadao-municipal-e-identifica-autores\/#primaryimage"},"thumbnailUrl":"https:\/\/regiaonews.net.br\/2022\/wp-content\/uploads\/2026\/05\/IMG-20260503-WA0002.jpg","articleSection":["Barretos"],"inLanguage":"pt-BR","potentialAction":[{"@type":"CommentAction","name":"Comment","target":["https:\/\/regiaonews.net.br\/2022\/2026\/05\/03\/policia-militar-esclarece-furto-no-mercadao-municipal-e-identifica-autores\/#respond"]}]},{"@type":"WebPage","@id":"https:\/\/regiaonews.net.br\/2022\/2026\/05\/03\/policia-militar-esclarece-furto-no-mercadao-municipal-e-identifica-autores\/","url":"https:\/\/regiaonews.net.br\/2022\/2026\/05\/03\/policia-militar-esclarece-furto-no-mercadao-municipal-e-identifica-autores\/","name":"Pol\u00edcia Militar esclarece furto no Mercad\u00e3o Municipal e identifica autores - Regi\u00e3o News","isPartOf":{"@id":"https:\/\/regiaonews.net.br\/2022\/#website"},"primaryImageOfPage":{"@id":"https:\/\/regiaonews.net.br\/2022\/2026\/05\/03\/policia-militar-esclarece-furto-no-mercadao-municipal-e-identifica-autores\/#primaryimage"},"image":{"@id":"https:\/\/regiaonews.net.br\/2022\/2026\/05\/03\/policia-militar-esclarece-furto-no-mercadao-municipal-e-identifica-autores\/#primaryimage"},"thumbnailUrl":"https:\/\/regiaonews.net.br\/2022\/wp-content\/uploads\/2026\/05\/IMG-20260503-WA0002.jpg","datePublished":"2026-05-03T12:17:47+00:00","dateModified":"2026-05-03T12:28:47+00:00","breadcrumb":{"@id":"https:\/\/regiaonews.net.br\/2022\/2026\/05\/03\/policia-militar-esclarece-furto-no-mercadao-municipal-e-identifica-autores\/#breadcrumb"},"inLanguage":"pt-BR","potentialAction":[{"@type":"ReadAction","target":["https:\/\/regiaonews.net.br\/2022\/2026\/05\/03\/policia-militar-esclarece-furto-no-mercadao-municipal-e-identifica-autores\/"]}]},{"@type":"ImageObject","inLanguage":"pt-BR","@id":"https:\/\/regiaonews.net.br\/2022\/2026\/05\/03\/policia-militar-esclarece-furto-no-mercadao-municipal-e-identifica-autores\/#primaryimage","url":"https:\/\/regiaonews.net.br\/2022\/wp-content\/uploads\/2026\/05\/IMG-20260503-WA0002.jpg","contentUrl":"https:\/\/regiaonews.net.br\/2022\/wp-content\/uploads\/2026\/05\/IMG-20260503-WA0002.jpg","width":1600,"height":854},{"@type":"BreadcrumbList","@id":"https:\/\/regiaonews.net.br\/2022\/2026\/05\/03\/policia-militar-esclarece-furto-no-mercadao-municipal-e-identifica-autores\/#breadcrumb","itemListElement":[{"@type":"ListItem","position":1,"name":"In\u00edcio","item":"https:\/\/regiaonews.net.br\/2022\/"},{"@type":"ListItem","position":2,"name":"Pol\u00edcia Militar esclarece furto no Mercad\u00e3o Municipal e identifica autores"}]},{"@type":"WebSite","@id":"https:\/\/regiaonews.net.br\/2022\/#website","url":"https:\/\/regiaonews.net.br\/2022\/","name":"Regi\u00e3o News","description":"Site de Not\u00edcias de Barretos e regi\u00e3o","publisher":{"@id":"https:\/\/regiaonews.net.br\/2022\/#organization"},"potentialAction":[{"@type":"SearchAction","target":{"@type":"EntryPoint","urlTemplate":"https:\/\/regiaonews.net.br\/2022\/?s={search_term_string}"},"query-input":{"@type":"PropertyValueSpecification","valueRequired":true,"valueName":"search_term_string"}}],"inLanguage":"pt-BR"},{"@type":"Organization","@id":"https:\/\/regiaonews.net.br\/2022\/#organization","name":"Regi\u00e3o News","url":"https:\/\/regiaonews.net.br\/2022\/","logo":{"@type":"ImageObject","inLanguage":"pt-BR","@id":"https:\/\/regiaonews.net.br\/2022\/#\/schema\/logo\/image\/","url":"https:\/\/regiaonews.net.br\/2022\/wp-content\/uploads\/2026\/03\/regiao-13-anos-scaled.jpg","contentUrl":"https:\/\/regiaonews.net.br\/2022\/wp-content\/uploads\/2026\/03\/regiao-13-anos-scaled.jpg","width":2560,"height":635,"caption":"Regi\u00e3o News"},"image":{"@id":"https:\/\/regiaonews.net.br\/2022\/#\/schema\/logo\/image\/"}},{"@type":"Person","@id":"https:\/\/regiaonews.net.br\/2022\/#\/schema\/person\/2d205a608a5aa97ac279d7a5e6d89ad8","name":"Roberto","image":{"@type":"ImageObject","inLanguage":"pt-BR","@id":"https:\/\/secure.gravatar.com\/avatar\/42749d8b712ff9d59ca93dc150494e5b55a44134482993f5baeb97e61b7ecc89?s=96&d=mm&r=g","url":"https:\/\/secure.gravatar.com\/avatar\/42749d8b712ff9d59ca93dc150494e5b55a44134482993f5baeb97e61b7ecc89?s=96&d=mm&r=g","contentUrl":"https:\/\/secure.gravatar.com\/avatar\/42749d8b712ff9d59ca93dc150494e5b55a44134482993f5baeb97e61b7ecc89?s=96&d=mm&r=g","caption":"Roberto"},"url":"https:\/\/regiaonews.net.br\/2022\/author\/roberto\/"}]}},"publishpress_future_action":{"enabled":false,"date":"2026-05-10 12:03:22","action":"change-status","newStatus":"draft","terms":[],"taxonomy":"category","extraData":[]},"publishpress_future_workflow_manual_trigger":{"enabledWorkflows":[]},"_links":{"self":[{"href":"https:\/\/regiaonews.net.br\/2022\/wp-json\/wp\/v2\/posts\/128240","targetHints":{"allow":["GET"]}}],"collection":[{"href":"https:\/\/regiaonews.net.br\/2022\/wp-json\/wp\/v2\/posts"}],"about":[{"href":"https:\/\/regiaonews.net.br\/2022\/wp-json\/wp\/v2\/types\/post"}],"author":[{"embeddable":true,"href":"https:\/\/regiaonews.net.br\/2022\/wp-json\/wp\/v2\/users\/2"}],"replies":[{"embeddable":true,"href":"https:\/\/regiaonews.net.br\/2022\/wp-json\/wp\/v2\/comments?post=128240"}],"version-history":[{"count":3,"href":"https:\/\/regiaonews.net.br\/2022\/wp-json\/wp\/v2\/posts\/128240\/revisions"}],"predecessor-version":[{"id":128249,"href":"https:\/\/regiaonews.net.br\/2022\/wp-json\/wp\/v2\/posts\/128240\/revisions\/128249"}],"wp:featuredmedia":[{"embeddable":true,"href":"https:\/\/regiaonews.net.br\/2022\/wp-json\/wp\/v2\/media\/128244"}],"wp:attachment":[{"href":"https:\/\/regiaonews.net.br\/2022\/wp-json\/wp\/v2\/media?parent=128240"}],"wp:term":[{"taxonomy":"category","embeddable":true,"href":"https:\/\/regiaonews.net.br\/2022\/wp-json\/wp\/v2\/categories?post=128240"},{"taxonomy":"post_tag","embeddable":true,"href":"https:\/\/regiaonews.net.br\/2022\/wp-json\/wp\/v2\/tags?post=128240"}],"curies":[{"name":"wp","href":"https:\/\/api.w.org\/{rel}","templated":true}]}}